{"id":319838,"date":"2020-10-08T17:33:12","date_gmt":"2020-10-08T16:33:12","guid":{"rendered":"http:\/\/kapitalis.com\/tunisie\/?p=319838"},"modified":"2020-10-08T22:54:16","modified_gmt":"2020-10-08T21:54:16","slug":"polemique-en-france-sur-les-propos-de-meriem-debbagh-pierrot-le-fou-prend-sa-defense","status":"publish","type":"post","link":"https:\/\/kapitalis.com\/tunisie\/2020\/10\/08\/polemique-en-france-sur-les-propos-de-meriem-debbagh-pierrot-le-fou-prend-sa-defense\/","title":{"rendered":"Pol\u00e9mique en France sur les propos de Meriem Debbagh, Pierrot le Fou prend sa d\u00e9fense"},"content":{"rendered":"\n<figure class=\"wp-block-image size-large\"><img decoding=\"async\" src=\"http:\/\/kapitalis.com\/tunisie\/wp-content\/uploads\/2020\/10\/Meriem-Debbagh.jpg\" alt=\"\" class=\"wp-image-319839\"\/><\/figure>\n\n\n\n<p><strong><em>Meriem Debbagh a d\u00e9clench\u00e9 une pol\u00e9mique en France sur le plateau de l\u2019\u00e9mission \u2018\u2018Touche pas \u00e0 mon poste\u2019\u2019 anim\u00e9 par Cyril Hannouna sur la cha\u00eene C8 en d\u00e9clarant qu\u2019elle \u00abveut \u00e0 la limite tuer Rihanna\u00bb, la c\u00e9l\u00e8bre chanteuse barbadienne qui s\u2019est permise d\u2019utiliser des extraits du hadith du proph\u00e8te dans son d\u00e9fil\u00e9 de lingerie.<\/em><\/strong><\/p>\n\n\n\n<!--more-->\n\n\n\n<p>Mohamed Sadok Lejri, tr\u00e8s actif sur la toile tunisienne o\u00f9 il est connu par son pseudonyme Pierrot le Fou &#8211; par r\u00e9f\u00e9rence au film de Jean-Luc Godard o\u00f9 le r\u00f4le de Pierrot est incarn\u00e9 par Jean-Paul Belmondo -, grand fan de Meriem Debbagh qui prend sa belle plume \u00e0 chaque fois qu\u2019elle est attaqu\u00e9e pour la d\u00e9fendre, n\u2019a pas d\u00e9rog\u00e9 \u00e0 la r\u00e8gle cette fois-ci aussi.<\/p>\n\n\n\n<p>Pierrot explique \u00e0 juste titre que Debbagh a r\u00e9fl\u00e9chi en dialecte tunisien et s\u2019est exprim\u00e9e en fran\u00e7ais. Ce qui, soit dit en passant, ressemble beaucoup au personnage.<br><\/p>\n\n\n\n<p>Debbagh ne risque pas de trouver meilleur avocat que notre sympathique Pierrot!<\/p>\n\n\n\n<p>Nous reproduisons ci-dessous le post \u00e0 ce sujet de Pierrot le fou&#8230;<\/p>\n\n\n\n<p><em>\u00abJe viens de regarder la vid\u00e9o dans laquelle Meriem Debbagh d\u00e9clare \u2018\u2018vouloir tuer Rihanna\u2019\u2019 pour avoir diffus\u00e9 des paroles du proph\u00e8te Mohamed lors de son dernier d\u00e9fil\u00e9. La chroniqueuse \u00e0 la r\u00e9putation sulfureuse a certes p\u00e9ch\u00e9 par in\u00e9l\u00e9gance, mais il faut \u00eatre de mauvaise foi pour prendre cette d\u00e9claration au premier degr\u00e9 apr\u00e8s avoir regard\u00e9 cette s\u00e9quence. M\u00eame le Tunisien \u00e0 qui il reste deux neurones en activit\u00e9 aura compris qu\u2019elle n\u2019a fait que traduire litt\u00e9ralement une expression tr\u00e8s usit\u00e9e en Tunisie : \u2018\u2018ken nalqa noqtolha !\u2019\u2019<br><\/em><\/p>\n\n\n\n<p><em>\u00abL\u2019indignation des Fran\u00e7ais est totalement compr\u00e9hensible, compte tenu du fait qu\u2019ils ne connaissent pas sp\u00e9cialement le tunisien et qu\u2019ils n\u2019ont jamais \u00e9t\u00e9 initi\u00e9s aux subtilit\u00e9s de ce dialecte. Il faut comprendre aussi que certains Fran\u00e7ais ont en ras-le-cul des musulmans et font feu de tout bois pour aigrir davantage les esprits et p\u00e9renniser un sentiment d\u2019inqui\u00e9tude partag\u00e9 par un grand bon nombre de Fran\u00e7ais et qui est propre \u00e0 entretenir ce climat de peur et de suspicion.<\/em><\/p>\n\n\n\n<p><em>\u00abEn fait, les raisons qui poussent les Fran\u00e7ais et les Tunisiens \u00e0 chanter pouilles en ch\u0153ur \u00e0 Meriem Debbagh ne sont pas de m\u00eame nature. Les Fran\u00e7ais sont mus par la peur. Certains d\u2019entre eux sont devenus tout feux tout flammes et cela ne peut \u00eatre regard\u00e9 que comme une disposition hostile contre l\u2019extr\u00e9misme musulman. Les Tunisiens, quant \u00e0 eux, sont mus par la jalousie, qui touche en premier lieu les femmes, et par la haine des femmes d\u00e9sirables, fortes et au caract\u00e8re bien tremp\u00e9.\u00bb<\/em><\/p>\n\n\n\n<p class=\"has-text-align-right\"><strong>I. B.<\/strong><\/p>\n\n\n\n<figure class=\"wp-block-embed-wordpress wp-block-embed is-type-wp-embed is-provider-kapitalis\"><div class=\"wp-block-embed__wrapper\">\n<blockquote class=\"wp-embedded-content\" data-secret=\"NFp9FdLWcp\"><a href=\"https:\/\/kapitalis.com\/tunisie\/2018\/10\/08\/mariem-dabbegh-et-ces-hommes-qui-jouent-aux-males\/\">Mariem Dabbegh et ces hommes qui jouent aux m\u00e2les<\/a><\/blockquote><iframe loading=\"lazy\" class=\"wp-embedded-content\" sandbox=\"allow-scripts\" security=\"restricted\" style=\"position: absolute; clip: rect(1px, 1px, 1px, 1px);\" title=\"\u00ab\u00a0Mariem Dabbegh et ces hommes qui jouent aux m\u00e2les\u00a0\u00bb &#8212; Kapitalis\" src=\"https:\/\/kapitalis.com\/tunisie\/2018\/10\/08\/mariem-dabbegh-et-ces-hommes-qui-jouent-aux-males\/embed\/#?secret=rs2IS9uRH5#?secret=NFp9FdLWcp\" data-secret=\"NFp9FdLWcp\" width=\"600\" height=\"338\" frameborder=\"0\" marginwidth=\"0\" marginheight=\"0\" scrolling=\"no\"><\/iframe>\n<\/div><\/figure>\n","protected":false},"excerpt":{"rendered":"<p>Meriem Debbagh a d\u00e9clench\u00e9 une pol\u00e9mique en France sur le plateau de l\u2019\u00e9mission \u2018\u2018Touche pas \u00e0 mon poste\u2019\u2019 anim\u00e9 par Cyril Hannouna sur la cha\u00eene C8 en d\u00e9clarant qu\u2019elle \u00abveut \u00e0 la limite tuer Rihanna\u00bb, la c\u00e9l\u00e8bre chanteuse barbadienne qui s\u2019est permise d\u2019utiliser des extraits du hadith du proph\u00e8te dans son d\u00e9fil\u00e9 de lingerie.<\/p>\n","protected":false},"author":8,"featured_media":319839,"comment_status":"open","ping_status":"open","sticky":false,"template":"","format":"standard","meta":{"footnotes":""},"categories":[996,2433],"tags":[83589,83587,83586,83591,83592,83588,83590],"class_list":["post-319838","post","type-post","status-publish","format-standard","has-post-thumbnail","hentry","category-media","category-tunisie","tag-c8","tag-cyril-hannouna","tag-meriem-debbagh","tag-mohamed-sadok-lejri","tag-pierrot-le-fou","tag-rihanna","tag-touche-pas-a-mon-poste"],"yoast_head":"<!-- This site is optimized with the Yoast SEO plugin v26.6 - https:\/\/yoast.com\/wordpress\/plugins\/seo\/ -->\n<title>Pol\u00e9mique en France sur les propos de Meriem Debbagh, Pierrot le Fou prend sa d\u00e9fense - Kapitalis<\/title>\n<meta name=\"robots\" content=\"index, follow, max-snippet:-1, max-image-preview:large, max-video-preview:-1\" \/>\n<link rel=\"canonical\" href=\"https:\/\/kapitalis.com\/tunisie\/2020\/10\/08\/polemique-en-france-sur-les-propos-de-meriem-debbagh-pierrot-le-fou-prend-sa-defense\/\" \/>\n<meta property=\"og:locale\" content=\"fr_FR\" \/>\n<meta property=\"og:type\" content=\"article\" \/>\n<meta property=\"og:title\" content=\"Pol\u00e9mique en France sur les propos de Meriem Debbagh, Pierrot le Fou prend sa d\u00e9fense - Kapitalis\" \/>\n<meta property=\"og:description\" content=\"Meriem Debbagh a d\u00e9clench\u00e9 une pol\u00e9mique en France sur le plateau de l\u2019\u00e9mission \u2018\u2018Touche pas \u00e0 mon poste\u2019\u2019 anim\u00e9 par Cyril Hannouna sur la cha\u00eene C8 en d\u00e9clarant qu\u2019elle \u00abveut \u00e0 la limite tuer Rihanna\u00bb, la c\u00e9l\u00e8bre chanteuse barbadienne qui s\u2019est permise d\u2019utiliser des extraits du hadith du proph\u00e8te dans son d\u00e9fil\u00e9 de lingerie.\" \/>\n<meta property=\"og:url\" content=\"https:\/\/kapitalis.com\/tunisie\/2020\/10\/08\/polemique-en-france-sur-les-propos-de-meriem-debbagh-pierrot-le-fou-prend-sa-defense\/\" \/>\n<meta property=\"og:site_name\" content=\"Kapitalis\" \/>\n<meta property=\"article:publisher\" content=\"https:\/\/www.facebook.com\/KapitalisInfo\/\" \/>\n<meta property=\"article:published_time\" content=\"2020-10-08T16:33:12+00:00\" \/>\n<meta property=\"article:modified_time\" content=\"2020-10-08T21:54:16+00:00\" \/>\n<meta property=\"og:image\" content=\"https:\/\/kapitalis.com\/tunisie\/wp-content\/uploads\/2022\/05\/kapitalis-logo-fb.png\" \/>\n\t<meta property=\"og:image:width\" content=\"1200\" \/>\n\t<meta property=\"og:image:height\" content=\"630\" \/>\n\t<meta property=\"og:image:type\" content=\"image\/png\" \/>\n<meta name=\"author\" content=\"webmaster kapitalis\" \/>\n<meta name=\"twitter:card\" content=\"summary_large_image\" \/>\n<meta name=\"twitter:creator\" content=\"@KapitalisInfo\" \/>\n<meta name=\"twitter:site\" content=\"@KapitalisInfo\" \/>\n<meta name=\"twitter:label1\" content=\"\u00c9crit par\" \/>\n\t<meta name=\"twitter:data1\" content=\"webmaster kapitalis\" \/>\n\t<meta name=\"twitter:label2\" content=\"Dur\u00e9e de lecture estim\u00e9e\" \/>\n\t<meta name=\"twitter:data2\" content=\"2 minutes\" \/>\n<script type=\"application\/ld+json\" class=\"yoast-schema-graph\">{\"@context\":\"https:\/\/schema.org\",\"@graph\":[{\"@type\":\"Article\",\"@id\":\"https:\/\/kapitalis.com\/tunisie\/2020\/10\/08\/polemique-en-france-sur-les-propos-de-meriem-debbagh-pierrot-le-fou-prend-sa-defense\/#article\",\"isPartOf\":{\"@id\":\"https:\/\/kapitalis.com\/tunisie\/2020\/10\/08\/polemique-en-france-sur-les-propos-de-meriem-debbagh-pierrot-le-fou-prend-sa-defense\/\"},\"author\":{\"name\":\"webmaster kapitalis\",\"@id\":\"https:\/\/kapitalis.com\/tunisie\/#\/schema\/person\/d71f33a9ca44f7bad4698210b480c8e9\"},\"headline\":\"Pol\u00e9mique en France sur les propos de Meriem Debbagh, Pierrot le Fou prend sa d\u00e9fense\",\"datePublished\":\"2020-10-08T16:33:12+00:00\",\"dateModified\":\"2020-10-08T21:54:16+00:00\",\"mainEntityOfPage\":{\"@id\":\"https:\/\/kapitalis.com\/tunisie\/2020\/10\/08\/polemique-en-france-sur-les-propos-de-meriem-debbagh-pierrot-le-fou-prend-sa-defense\/\"},\"wordCount\":497,\"commentCount\":7,\"publisher\":{\"@id\":\"https:\/\/kapitalis.com\/tunisie\/#organization\"},\"image\":{\"@id\":\"https:\/\/kapitalis.com\/tunisie\/2020\/10\/08\/polemique-en-france-sur-les-propos-de-meriem-debbagh-pierrot-le-fou-prend-sa-defense\/#primaryimage\"},\"thumbnailUrl\":\"\",\"keywords\":[\"C8\",\"Cyril Hannouna\",\"Meriem Debbagh\",\"Mohamed Sadok Lejri\",\"Pierrot le Fou\",\"Rihanna\",\"Touche pas \u00e0 mon poste\"],\"articleSection\":[\"MEDIA\",\"Tunisie\"],\"inLanguage\":\"fr-FR\",\"potentialAction\":[{\"@type\":\"CommentAction\",\"name\":\"Comment\",\"target\":[\"https:\/\/kapitalis.com\/tunisie\/2020\/10\/08\/polemique-en-france-sur-les-propos-de-meriem-debbagh-pierrot-le-fou-prend-sa-defense\/#respond\"]}]},{\"@type\":\"WebPage\",\"@id\":\"https:\/\/kapitalis.com\/tunisie\/2020\/10\/08\/polemique-en-france-sur-les-propos-de-meriem-debbagh-pierrot-le-fou-prend-sa-defense\/\",\"url\":\"https:\/\/kapitalis.com\/tunisie\/2020\/10\/08\/polemique-en-france-sur-les-propos-de-meriem-debbagh-pierrot-le-fou-prend-sa-defense\/\",\"name\":\"Pol\u00e9mique en France sur les propos de Meriem Debbagh, Pierrot le Fou prend sa d\u00e9fense - Kapitalis\",\"isPartOf\":{\"@id\":\"https:\/\/kapitalis.com\/tunisie\/#website\"},\"primaryImageOfPage\":{\"@id\":\"https:\/\/kapitalis.com\/tunisie\/2020\/10\/08\/polemique-en-france-sur-les-propos-de-meriem-debbagh-pierrot-le-fou-prend-sa-defense\/#primaryimage\"},\"image\":{\"@id\":\"https:\/\/kapitalis.com\/tunisie\/2020\/10\/08\/polemique-en-france-sur-les-propos-de-meriem-debbagh-pierrot-le-fou-prend-sa-defense\/#primaryimage\"},\"thumbnailUrl\":\"\",\"datePublished\":\"2020-10-08T16:33:12+00:00\",\"dateModified\":\"2020-10-08T21:54:16+00:00\",\"breadcrumb\":{\"@id\":\"https:\/\/kapitalis.com\/tunisie\/2020\/10\/08\/polemique-en-france-sur-les-propos-de-meriem-debbagh-pierrot-le-fou-prend-sa-defense\/#breadcrumb\"},\"inLanguage\":\"fr-FR\",\"potentialAction\":[{\"@type\":\"ReadAction\",\"target\":[\"https:\/\/kapitalis.com\/tunisie\/2020\/10\/08\/polemique-en-france-sur-les-propos-de-meriem-debbagh-pierrot-le-fou-prend-sa-defense\/\"]}]},{\"@type\":\"ImageObject\",\"inLanguage\":\"fr-FR\",\"@id\":\"https:\/\/kapitalis.com\/tunisie\/2020\/10\/08\/polemique-en-france-sur-les-propos-de-meriem-debbagh-pierrot-le-fou-prend-sa-defense\/#primaryimage\",\"url\":\"\",\"contentUrl\":\"\"},{\"@type\":\"BreadcrumbList\",\"@id\":\"https:\/\/kapitalis.com\/tunisie\/2020\/10\/08\/polemique-en-france-sur-les-propos-de-meriem-debbagh-pierrot-le-fou-prend-sa-defense\/#breadcrumb\",\"itemListElement\":[{\"@type\":\"ListItem\",\"position\":1,\"name\":\"Accueil\",\"item\":\"https:\/\/kapitalis.com\/tunisie\/\"},{\"@type\":\"ListItem\",\"position\":2,\"name\":\"Pol\u00e9mique en France sur les propos de Meriem Debbagh, Pierrot le Fou prend sa d\u00e9fense\"}]},{\"@type\":\"WebSite\",\"@id\":\"https:\/\/kapitalis.com\/tunisie\/#website\",\"url\":\"https:\/\/kapitalis.com\/tunisie\/\",\"name\":\"Kapitalis\",\"description\":\"L&#039;actualit\u00e9 en Tunisie et dans le monde\",\"publisher\":{\"@id\":\"https:\/\/kapitalis.com\/tunisie\/#organization\"},\"potentialAction\":[{\"@type\":\"SearchAction\",\"target\":{\"@type\":\"EntryPoint\",\"urlTemplate\":\"https:\/\/kapitalis.com\/tunisie\/?s={search_term_string}\"},\"query-input\":{\"@type\":\"PropertyValueSpecification\",\"valueRequired\":true,\"valueName\":\"search_term_string\"}}],\"inLanguage\":\"fr-FR\"},{\"@type\":\"Organization\",\"@id\":\"https:\/\/kapitalis.com\/tunisie\/#organization\",\"name\":\"Kapitalis\",\"url\":\"https:\/\/kapitalis.com\/tunisie\/\",\"logo\":{\"@type\":\"ImageObject\",\"inLanguage\":\"fr-FR\",\"@id\":\"https:\/\/kapitalis.com\/tunisie\/#\/schema\/logo\/image\/\",\"url\":\"https:\/\/kapitalis.com\/tunisie\/wp-content\/uploads\/2022\/05\/Kapitalis-big-size.png\",\"contentUrl\":\"https:\/\/kapitalis.com\/tunisie\/wp-content\/uploads\/2022\/05\/Kapitalis-big-size.png\",\"width\":5000,\"height\":1500,\"caption\":\"Kapitalis\"},\"image\":{\"@id\":\"https:\/\/kapitalis.com\/tunisie\/#\/schema\/logo\/image\/\"},\"sameAs\":[\"https:\/\/www.facebook.com\/KapitalisInfo\/\",\"https:\/\/x.com\/KapitalisInfo\",\"https:\/\/www.youtube.com\/channel\/UC-yDYrHyfFBWWZaOw3FPg9Q\"]},{\"@type\":\"Person\",\"@id\":\"https:\/\/kapitalis.com\/tunisie\/#\/schema\/person\/d71f33a9ca44f7bad4698210b480c8e9\",\"name\":\"webmaster kapitalis\",\"url\":\"https:\/\/kapitalis.com\/tunisie\/author\/webmaster-kapitalis\/\"}]}<\/script>\n<!-- \/ Yoast SEO plugin. -->","yoast_head_json":{"title":"Pol\u00e9mique en France sur les propos de Meriem Debbagh, Pierrot le Fou prend sa d\u00e9fense - Kapitalis","robots":{"index":"index","follow":"follow","max-snippet":"max-snippet:-1","max-image-preview":"max-image-preview:large","max-video-preview":"max-video-preview:-1"},"canonical":"https:\/\/kapitalis.com\/tunisie\/2020\/10\/08\/polemique-en-france-sur-les-propos-de-meriem-debbagh-pierrot-le-fou-prend-sa-defense\/","og_locale":"fr_FR","og_type":"article","og_title":"Pol\u00e9mique en France sur les propos de Meriem Debbagh, Pierrot le Fou prend sa d\u00e9fense - Kapitalis","og_description":"Meriem Debbagh a d\u00e9clench\u00e9 une pol\u00e9mique en France sur le plateau de l\u2019\u00e9mission \u2018\u2018Touche pas \u00e0 mon poste\u2019\u2019 anim\u00e9 par Cyril Hannouna sur la cha\u00eene C8 en d\u00e9clarant qu\u2019elle \u00abveut \u00e0 la limite tuer Rihanna\u00bb, la c\u00e9l\u00e8bre chanteuse barbadienne qui s\u2019est permise d\u2019utiliser des extraits du hadith du proph\u00e8te dans son d\u00e9fil\u00e9 de lingerie.","og_url":"https:\/\/kapitalis.com\/tunisie\/2020\/10\/08\/polemique-en-france-sur-les-propos-de-meriem-debbagh-pierrot-le-fou-prend-sa-defense\/","og_site_name":"Kapitalis","article_publisher":"https:\/\/www.facebook.com\/KapitalisInfo\/","article_published_time":"2020-10-08T16:33:12+00:00","article_modified_time":"2020-10-08T21:54:16+00:00","og_image":[{"width":1200,"height":630,"url":"https:\/\/kapitalis.com\/tunisie\/wp-content\/uploads\/2022\/05\/kapitalis-logo-fb.png","type":"image\/png"}],"author":"webmaster kapitalis","twitter_card":"summary_large_image","twitter_creator":"@KapitalisInfo","twitter_site":"@KapitalisInfo","twitter_misc":{"\u00c9crit par":"webmaster kapitalis","Dur\u00e9e de lecture estim\u00e9e":"2 minutes"},"schema":{"@context":"https:\/\/schema.org","@graph":[{"@type":"Article","@id":"https:\/\/kapitalis.com\/tunisie\/2020\/10\/08\/polemique-en-france-sur-les-propos-de-meriem-debbagh-pierrot-le-fou-prend-sa-defense\/#article","isPartOf":{"@id":"https:\/\/kapitalis.com\/tunisie\/2020\/10\/08\/polemique-en-france-sur-les-propos-de-meriem-debbagh-pierrot-le-fou-prend-sa-defense\/"},"author":{"name":"webmaster kapitalis","@id":"https:\/\/kapitalis.com\/tunisie\/#\/schema\/person\/d71f33a9ca44f7bad4698210b480c8e9"},"headline":"Pol\u00e9mique en France sur les propos de Meriem Debbagh, Pierrot le Fou prend sa d\u00e9fense","datePublished":"2020-10-08T16:33:12+00:00","dateModified":"2020-10-08T21:54:16+00:00","mainEntityOfPage":{"@id":"https:\/\/kapitalis.com\/tunisie\/2020\/10\/08\/polemique-en-france-sur-les-propos-de-meriem-debbagh-pierrot-le-fou-prend-sa-defense\/"},"wordCount":497,"commentCount":7,"publisher":{"@id":"https:\/\/kapitalis.com\/tunisie\/#organization"},"image":{"@id":"https:\/\/kapitalis.com\/tunisie\/2020\/10\/08\/polemique-en-france-sur-les-propos-de-meriem-debbagh-pierrot-le-fou-prend-sa-defense\/#primaryimage"},"thumbnailUrl":"","keywords":["C8","Cyril Hannouna","Meriem Debbagh","Mohamed Sadok Lejri","Pierrot le Fou","Rihanna","Touche pas \u00e0 mon poste"],"articleSection":["MEDIA","Tunisie"],"inLanguage":"fr-FR","potentialAction":[{"@type":"CommentAction","name":"Comment","target":["https:\/\/kapitalis.com\/tunisie\/2020\/10\/08\/polemique-en-france-sur-les-propos-de-meriem-debbagh-pierrot-le-fou-prend-sa-defense\/#respond"]}]},{"@type":"WebPage","@id":"https:\/\/kapitalis.com\/tunisie\/2020\/10\/08\/polemique-en-france-sur-les-propos-de-meriem-debbagh-pierrot-le-fou-prend-sa-defense\/","url":"https:\/\/kapitalis.com\/tunisie\/2020\/10\/08\/polemique-en-france-sur-les-propos-de-meriem-debbagh-pierrot-le-fou-prend-sa-defense\/","name":"Pol\u00e9mique en France sur les propos de Meriem Debbagh, Pierrot le Fou prend sa d\u00e9fense - Kapitalis","isPartOf":{"@id":"https:\/\/kapitalis.com\/tunisie\/#website"},"primaryImageOfPage":{"@id":"https:\/\/kapitalis.com\/tunisie\/2020\/10\/08\/polemique-en-france-sur-les-propos-de-meriem-debbagh-pierrot-le-fou-prend-sa-defense\/#primaryimage"},"image":{"@id":"https:\/\/kapitalis.com\/tunisie\/2020\/10\/08\/polemique-en-france-sur-les-propos-de-meriem-debbagh-pierrot-le-fou-prend-sa-defense\/#primaryimage"},"thumbnailUrl":"","datePublished":"2020-10-08T16:33:12+00:00","dateModified":"2020-10-08T21:54:16+00:00","breadcrumb":{"@id":"https:\/\/kapitalis.com\/tunisie\/2020\/10\/08\/polemique-en-france-sur-les-propos-de-meriem-debbagh-pierrot-le-fou-prend-sa-defense\/#breadcrumb"},"inLanguage":"fr-FR","potentialAction":[{"@type":"ReadAction","target":["https:\/\/kapitalis.com\/tunisie\/2020\/10\/08\/polemique-en-france-sur-les-propos-de-meriem-debbagh-pierrot-le-fou-prend-sa-defense\/"]}]},{"@type":"ImageObject","inLanguage":"fr-FR","@id":"https:\/\/kapitalis.com\/tunisie\/2020\/10\/08\/polemique-en-france-sur-les-propos-de-meriem-debbagh-pierrot-le-fou-prend-sa-defense\/#primaryimage","url":"","contentUrl":""},{"@type":"BreadcrumbList","@id":"https:\/\/kapitalis.com\/tunisie\/2020\/10\/08\/polemique-en-france-sur-les-propos-de-meriem-debbagh-pierrot-le-fou-prend-sa-defense\/#breadcrumb","itemListElement":[{"@type":"ListItem","position":1,"name":"Accueil","item":"https:\/\/kapitalis.com\/tunisie\/"},{"@type":"ListItem","position":2,"name":"Pol\u00e9mique en France sur les propos de Meriem Debbagh, Pierrot le Fou prend sa d\u00e9fense"}]},{"@type":"WebSite","@id":"https:\/\/kapitalis.com\/tunisie\/#website","url":"https:\/\/kapitalis.com\/tunisie\/","name":"Kapitalis","description":"L&#039;actualit\u00e9 en Tunisie et dans le monde","publisher":{"@id":"https:\/\/kapitalis.com\/tunisie\/#organization"},"potentialAction":[{"@type":"SearchAction","target":{"@type":"EntryPoint","urlTemplate":"https:\/\/kapitalis.com\/tunisie\/?s={search_term_string}"},"query-input":{"@type":"PropertyValueSpecification","valueRequired":true,"valueName":"search_term_string"}}],"inLanguage":"fr-FR"},{"@type":"Organization","@id":"https:\/\/kapitalis.com\/tunisie\/#organization","name":"Kapitalis","url":"https:\/\/kapitalis.com\/tunisie\/","logo":{"@type":"ImageObject","inLanguage":"fr-FR","@id":"https:\/\/kapitalis.com\/tunisie\/#\/schema\/logo\/image\/","url":"https:\/\/kapitalis.com\/tunisie\/wp-content\/uploads\/2022\/05\/Kapitalis-big-size.png","contentUrl":"https:\/\/kapitalis.com\/tunisie\/wp-content\/uploads\/2022\/05\/Kapitalis-big-size.png","width":5000,"height":1500,"caption":"Kapitalis"},"image":{"@id":"https:\/\/kapitalis.com\/tunisie\/#\/schema\/logo\/image\/"},"sameAs":["https:\/\/www.facebook.com\/KapitalisInfo\/","https:\/\/x.com\/KapitalisInfo","https:\/\/www.youtube.com\/channel\/UC-yDYrHyfFBWWZaOw3FPg9Q"]},{"@type":"Person","@id":"https:\/\/kapitalis.com\/tunisie\/#\/schema\/person\/d71f33a9ca44f7bad4698210b480c8e9","name":"webmaster kapitalis","url":"https:\/\/kapitalis.com\/tunisie\/author\/webmaster-kapitalis\/"}]}},"_links":{"self":[{"href":"https:\/\/kapitalis.com\/tunisie\/wp-json\/wp\/v2\/posts\/319838","targetHints":{"allow":["GET"]}}],"collection":[{"href":"https:\/\/kapitalis.com\/tunisie\/wp-json\/wp\/v2\/posts"}],"about":[{"href":"https:\/\/kapitalis.com\/tunisie\/wp-json\/wp\/v2\/types\/post"}],"author":[{"embeddable":true,"href":"https:\/\/kapitalis.com\/tunisie\/wp-json\/wp\/v2\/users\/8"}],"replies":[{"embeddable":true,"href":"https:\/\/kapitalis.com\/tunisie\/wp-json\/wp\/v2\/comments?post=319838"}],"version-history":[{"count":0,"href":"https:\/\/kapitalis.com\/tunisie\/wp-json\/wp\/v2\/posts\/319838\/revisions"}],"wp:featuredmedia":[{"embeddable":true,"href":"https:\/\/kapitalis.com\/tunisie\/wp-json\/wp\/v2\/media\/319839"}],"wp:attachment":[{"href":"https:\/\/kapitalis.com\/tunisie\/wp-json\/wp\/v2\/media?parent=319838"}],"wp:term":[{"taxonomy":"category","embeddable":true,"href":"https:\/\/kapitalis.com\/tunisie\/wp-json\/wp\/v2\/categories?post=319838"},{"taxonomy":"post_tag","embeddable":true,"href":"https:\/\/kapitalis.com\/tunisie\/wp-json\/wp\/v2\/tags?post=319838"}],"curies":[{"name":"wp","href":"https:\/\/api.w.org\/{rel}","templated":true}]}}