{"id":3199131,"date":"2022-08-18T06:48:16","date_gmt":"2022-08-18T05:48:16","guid":{"rendered":"https:\/\/kapitalis.com\/tunisie\/?p=3199131"},"modified":"2022-08-18T06:48:17","modified_gmt":"2022-08-18T05:48:17","slug":"tunisie-samir-saied-optimiste-sur-la-conclusion-dun-accord-avec-le-fmi","status":"publish","type":"post","link":"https:\/\/kapitalis.com\/tunisie\/2022\/08\/18\/tunisie-samir-saied-optimiste-sur-la-conclusion-dun-accord-avec-le-fmi\/","title":{"rendered":"Tunisie\u00a0: Samir Sa\u00efed optimiste sur la conclusion d\u2019un accord avec le FMI"},"content":{"rendered":"\n<p><strong><em>Le ministre de l\u2019Economie et de la Planification, Samir Sa\u00efed, a fait part de son optimisme quant \u00e0 la conclusion d\u2019un accord avec le Fonds mon\u00e9taire international (FMI) sur un pr\u00eat d\u2019environ 4 milliards de dollars pour boucler le budget 2022.<\/em><\/strong><\/p>\n\n\n\n<!--more-->\n\n\n\n<p>M. Sa\u00efed, qui parlait \u00e0 Mosa\u00efque, mercredi 17 ao\u00fbt 2022, en marge d\u2019un colloque organis\u00e9 par son d\u00e9partement sur <em>\u00abl\u2019ouverture des entreprises tunisiennes au march\u00e9 africain\u00bb,<\/em> a indiqu\u00e9 que le programme national d\u00e9taill\u00e9 de r\u00e9forme a \u00e9t\u00e9 soumis au FMI, en attendant sa pr\u00e9sentation au conseil d\u2019administration de l&rsquo;institution financi\u00e8re, dont les travaux reprendront en septembre prochain.<\/p>\n\n\n\n<p>Le ministre a soulign\u00e9 que le probl\u00e8me n\u2019est pas avec le FMI, mais qu\u2019il est plut\u00f4t interne, faisant ainsi allusion \u00e0 l\u2019opposition de l\u2019Union g\u00e9n\u00e9rale tunisienne du travail (UGTT) au plan de r\u00e9formes structurelles pr\u00e9sent\u00e9 par l\u2019Etat tunisien. <\/p>\n\n\n\n<p>L\u2019\u00e9conomie tunisienne est dans une situation tr\u00e8s critique et nous devons rester solidaires, a soulign\u00e9 le ministre, en ajoutant que tous les probl\u00e8mes internes peuvent trouver des solutions, dans ce qui ressemble \u00e0 un reproche adress\u00e9 \u00e0 l\u2019UGTT, doubl\u00e9 d\u2019une main tendu pour ouvrir un dialogue entre la centrale syndicale et le gouvernement.<\/p>\n\n\n\n<figure class=\"wp-block-embed is-type-wp-embed is-provider-kapitalis wp-block-embed-kapitalis\"><div class=\"wp-block-embed__wrapper\">\n<blockquote class=\"wp-embedded-content\" data-secret=\"joC4yER2Y5\"><a href=\"https:\/\/kapitalis.com\/tunisie\/2022\/07\/30\/tunisie-fmi-fitch-ratings-reste-dubitatif\/\">Tunisie \u2013 FMI\u00a0: Fitch Ratings reste dubitatif<\/a><\/blockquote><iframe loading=\"lazy\" class=\"wp-embedded-content\" sandbox=\"allow-scripts\" security=\"restricted\" style=\"position: absolute; clip: rect(1px, 1px, 1px, 1px);\" title=\"\u00ab\u00a0Tunisie \u2013 FMI\u00a0: Fitch Ratings reste dubitatif\u00a0\u00bb &#8212; Kapitalis\" src=\"https:\/\/kapitalis.com\/tunisie\/2022\/07\/30\/tunisie-fmi-fitch-ratings-reste-dubitatif\/embed\/#?secret=oqUfMCCTWr#?secret=joC4yER2Y5\" data-secret=\"joC4yER2Y5\" width=\"600\" height=\"338\" frameborder=\"0\" marginwidth=\"0\" marginheight=\"0\" scrolling=\"no\"><\/iframe>\n<\/div><\/figure>\n\n\n\n<p>Le gouvernement ne s\u2019oppose pas \u00e0 l\u2019augmentation des salaires, mais la Tunisie n\u2019a pas les capacit\u00e9s pour le faire, et nous ne pouvons pas d\u00e9penser une richesse que nous n\u2019avons pas produite, a dit M. Sa\u00efed, toujours en s\u2019adressant aux dirigeants de l\u2019UGTT qu\u2019il d\u00e9signe indirectement comme le principal obstacle \u00e0 la conclusion d\u2019un accord de pr\u00eat avec le FMI.<\/p>\n\n\n\n<p>Le ministre a \u00e9galement soulign\u00e9 la n\u00e9cessit\u00e9 de donner la priorit\u00e9 aux familles \u00e0 faible revenu pour pr\u00e9server leur pouvoir d\u2019achat \u00e0 la lumi\u00e8re des taux d\u2019inflation \u00e9lev\u00e9s, ajoutant qu\u2019un soutien sera fourni \u00e0 ces groupes soumis \u00e0 la pr\u00e9carit\u00e9. <\/p>\n\n\n\n<p class=\"has-text-align-right\"><strong>I. B.<\/strong><\/p>\n\n\n\n<figure class=\"wp-block-embed is-type-wp-embed is-provider-kapitalis wp-block-embed-kapitalis\"><div class=\"wp-block-embed__wrapper\">\n<blockquote class=\"wp-embedded-content\" data-secret=\"n8286Y65Uz\"><a href=\"https:\/\/kapitalis.com\/tunisie\/2022\/07\/20\/tunisie-fmi-laccord-mijote-a-feu-doux\/\">Tunisie-FMI : l&rsquo;accord mijote \u00e0 feu doux<\/a><\/blockquote><iframe loading=\"lazy\" class=\"wp-embedded-content\" sandbox=\"allow-scripts\" security=\"restricted\" style=\"position: absolute; clip: rect(1px, 1px, 1px, 1px);\" title=\"\u00ab\u00a0Tunisie-FMI : l&rsquo;accord mijote \u00e0 feu doux\u00a0\u00bb &#8212; Kapitalis\" src=\"https:\/\/kapitalis.com\/tunisie\/2022\/07\/20\/tunisie-fmi-laccord-mijote-a-feu-doux\/embed\/#?secret=yqrwyrHJJK#?secret=n8286Y65Uz\" data-secret=\"n8286Y65Uz\" width=\"600\" height=\"338\" frameborder=\"0\" marginwidth=\"0\" marginheight=\"0\" scrolling=\"no\"><\/iframe>\n<\/div><\/figure>\n","protected":false},"excerpt":{"rendered":"<p>Le gouvernement ne s\u2019oppose pas \u00e0 l\u2019augmentation des salaires, mais la Tunisie n\u2019a pas les capacit\u00e9s pour le faire, et nous ne pouvons pas d\u00e9penser une richesse que nous n\u2019avons pas produite, a d\u00e9clar\u00e9 Samir Sa\u00eeed. <\/p>\n","protected":false},"author":8,"featured_media":3199295,"comment_status":"open","ping_status":"open","sticky":false,"template":"","format":"standard","meta":{"footnotes":""},"categories":[995,2433],"tags":[1595,388,90559,776,82730,62643,936],"class_list":["post-3199131","post","type-post","status-publish","format-standard","has-post-thumbnail","hentry","category-economie","category-tunisie","tag-entreprises-tunisiennes","tag-fmi","tag-marche-africain","tag-reformes-structurelles","tag-samir-saied-2","tag-tunisie","tag-ugtt"],"yoast_head":"<!-- This site is optimized with the Yoast SEO plugin v26.6 - https:\/\/yoast.com\/wordpress\/plugins\/seo\/ -->\n<title>Tunisie\u00a0: Samir Sa\u00efed optimiste sur la conclusion d\u2019un accord avec le FMI - Kapitalis<\/title>\n<meta name=\"robots\" content=\"index, follow, max-snippet:-1, max-image-preview:large, max-video-preview:-1\" \/>\n<link rel=\"canonical\" href=\"https:\/\/kapitalis.com\/tunisie\/2022\/08\/18\/tunisie-samir-saied-optimiste-sur-la-conclusion-dun-accord-avec-le-fmi\/\" \/>\n<meta property=\"og:locale\" content=\"fr_FR\" \/>\n<meta property=\"og:type\" content=\"article\" \/>\n<meta property=\"og:title\" content=\"Tunisie\u00a0: Samir Sa\u00efed optimiste sur la conclusion d\u2019un accord avec le FMI - Kapitalis\" \/>\n<meta property=\"og:description\" content=\"Le gouvernement ne s\u2019oppose pas \u00e0 l\u2019augmentation des salaires, mais la Tunisie n\u2019a pas les capacit\u00e9s pour le faire, et nous ne pouvons pas d\u00e9penser une richesse que nous n\u2019avons pas produite, a d\u00e9clar\u00e9 Samir Sa\u00eeed.\" \/>\n<meta property=\"og:url\" content=\"https:\/\/kapitalis.com\/tunisie\/2022\/08\/18\/tunisie-samir-saied-optimiste-sur-la-conclusion-dun-accord-avec-le-fmi\/\" \/>\n<meta property=\"og:site_name\" content=\"Kapitalis\" \/>\n<meta property=\"article:publisher\" content=\"https:\/\/www.facebook.com\/KapitalisInfo\/\" \/>\n<meta property=\"article:published_time\" content=\"2022-08-18T05:48:16+00:00\" \/>\n<meta property=\"article:modified_time\" content=\"2022-08-18T05:48:17+00:00\" \/>\n<meta property=\"og:image\" content=\"https:\/\/kapitalis.com\/tunisie\/wp-content\/uploads\/2022\/08\/Samir-Saied.jpg\" \/>\n\t<meta property=\"og:image:width\" content=\"1200\" \/>\n\t<meta property=\"og:image:height\" content=\"630\" \/>\n\t<meta property=\"og:image:type\" content=\"image\/jpeg\" \/>\n<meta name=\"author\" content=\"webmaster kapitalis\" \/>\n<meta name=\"twitter:card\" content=\"summary_large_image\" \/>\n<meta name=\"twitter:creator\" content=\"@KapitalisInfo\" \/>\n<meta name=\"twitter:site\" content=\"@KapitalisInfo\" \/>\n<meta name=\"twitter:label1\" content=\"\u00c9crit par\" \/>\n\t<meta name=\"twitter:data1\" content=\"webmaster kapitalis\" \/>\n\t<meta name=\"twitter:label2\" content=\"Dur\u00e9e de lecture estim\u00e9e\" \/>\n\t<meta name=\"twitter:data2\" content=\"2 minutes\" \/>\n<script type=\"application\/ld+json\" class=\"yoast-schema-graph\">{\"@context\":\"https:\/\/schema.org\",\"@graph\":[{\"@type\":\"Article\",\"@id\":\"https:\/\/kapitalis.com\/tunisie\/2022\/08\/18\/tunisie-samir-saied-optimiste-sur-la-conclusion-dun-accord-avec-le-fmi\/#article\",\"isPartOf\":{\"@id\":\"https:\/\/kapitalis.com\/tunisie\/2022\/08\/18\/tunisie-samir-saied-optimiste-sur-la-conclusion-dun-accord-avec-le-fmi\/\"},\"author\":{\"name\":\"webmaster kapitalis\",\"@id\":\"https:\/\/kapitalis.com\/tunisie\/#\/schema\/person\/d71f33a9ca44f7bad4698210b480c8e9\"},\"headline\":\"Tunisie\u00a0: Samir Sa\u00efed optimiste sur la conclusion d\u2019un accord avec le FMI\",\"datePublished\":\"2022-08-18T05:48:16+00:00\",\"dateModified\":\"2022-08-18T05:48:17+00:00\",\"mainEntityOfPage\":{\"@id\":\"https:\/\/kapitalis.com\/tunisie\/2022\/08\/18\/tunisie-samir-saied-optimiste-sur-la-conclusion-dun-accord-avec-le-fmi\/\"},\"wordCount\":354,\"commentCount\":1,\"publisher\":{\"@id\":\"https:\/\/kapitalis.com\/tunisie\/#organization\"},\"image\":{\"@id\":\"https:\/\/kapitalis.com\/tunisie\/2022\/08\/18\/tunisie-samir-saied-optimiste-sur-la-conclusion-dun-accord-avec-le-fmi\/#primaryimage\"},\"thumbnailUrl\":\"https:\/\/kapitalis.com\/tunisie\/wp-content\/uploads\/2022\/08\/Samir-Saied.jpg\",\"keywords\":[\"entreprises tunisiennes\",\"FMI\",\"march\u00e9 africain\",\"r\u00e9formes structurelles\",\"Samir Sa\u00efed\",\"Tunisie\",\"UGTT\"],\"articleSection\":[\"ECONOMIE\",\"Tunisie\"],\"inLanguage\":\"fr-FR\",\"potentialAction\":[{\"@type\":\"CommentAction\",\"name\":\"Comment\",\"target\":[\"https:\/\/kapitalis.com\/tunisie\/2022\/08\/18\/tunisie-samir-saied-optimiste-sur-la-conclusion-dun-accord-avec-le-fmi\/#respond\"]}]},{\"@type\":\"WebPage\",\"@id\":\"https:\/\/kapitalis.com\/tunisie\/2022\/08\/18\/tunisie-samir-saied-optimiste-sur-la-conclusion-dun-accord-avec-le-fmi\/\",\"url\":\"https:\/\/kapitalis.com\/tunisie\/2022\/08\/18\/tunisie-samir-saied-optimiste-sur-la-conclusion-dun-accord-avec-le-fmi\/\",\"name\":\"Tunisie\u00a0: Samir Sa\u00efed optimiste sur la conclusion d\u2019un accord avec le FMI - Kapitalis\",\"isPartOf\":{\"@id\":\"https:\/\/kapitalis.com\/tunisie\/#website\"},\"primaryImageOfPage\":{\"@id\":\"https:\/\/kapitalis.com\/tunisie\/2022\/08\/18\/tunisie-samir-saied-optimiste-sur-la-conclusion-dun-accord-avec-le-fmi\/#primaryimage\"},\"image\":{\"@id\":\"https:\/\/kapitalis.com\/tunisie\/2022\/08\/18\/tunisie-samir-saied-optimiste-sur-la-conclusion-dun-accord-avec-le-fmi\/#primaryimage\"},\"thumbnailUrl\":\"https:\/\/kapitalis.com\/tunisie\/wp-content\/uploads\/2022\/08\/Samir-Saied.jpg\",\"datePublished\":\"2022-08-18T05:48:16+00:00\",\"dateModified\":\"2022-08-18T05:48:17+00:00\",\"breadcrumb\":{\"@id\":\"https:\/\/kapitalis.com\/tunisie\/2022\/08\/18\/tunisie-samir-saied-optimiste-sur-la-conclusion-dun-accord-avec-le-fmi\/#breadcrumb\"},\"inLanguage\":\"fr-FR\",\"potentialAction\":[{\"@type\":\"ReadAction\",\"target\":[\"https:\/\/kapitalis.com\/tunisie\/2022\/08\/18\/tunisie-samir-saied-optimiste-sur-la-conclusion-dun-accord-avec-le-fmi\/\"]}]},{\"@type\":\"ImageObject\",\"inLanguage\":\"fr-FR\",\"@id\":\"https:\/\/kapitalis.com\/tunisie\/2022\/08\/18\/tunisie-samir-saied-optimiste-sur-la-conclusion-dun-accord-avec-le-fmi\/#primaryimage\",\"url\":\"https:\/\/kapitalis.com\/tunisie\/wp-content\/uploads\/2022\/08\/Samir-Saied.jpg\",\"contentUrl\":\"https:\/\/kapitalis.com\/tunisie\/wp-content\/uploads\/2022\/08\/Samir-Saied.jpg\",\"width\":1200,\"height\":630},{\"@type\":\"BreadcrumbList\",\"@id\":\"https:\/\/kapitalis.com\/tunisie\/2022\/08\/18\/tunisie-samir-saied-optimiste-sur-la-conclusion-dun-accord-avec-le-fmi\/#breadcrumb\",\"itemListElement\":[{\"@type\":\"ListItem\",\"position\":1,\"name\":\"Accueil\",\"item\":\"https:\/\/kapitalis.com\/tunisie\/\"},{\"@type\":\"ListItem\",\"position\":2,\"name\":\"Tunisie\u00a0: Samir Sa\u00efed optimiste sur la conclusion d\u2019un accord avec le FMI\"}]},{\"@type\":\"WebSite\",\"@id\":\"https:\/\/kapitalis.com\/tunisie\/#website\",\"url\":\"https:\/\/kapitalis.com\/tunisie\/\",\"name\":\"Kapitalis\",\"description\":\"L&#039;actualit\u00e9 en Tunisie et dans le monde\",\"publisher\":{\"@id\":\"https:\/\/kapitalis.com\/tunisie\/#organization\"},\"potentialAction\":[{\"@type\":\"SearchAction\",\"target\":{\"@type\":\"EntryPoint\",\"urlTemplate\":\"https:\/\/kapitalis.com\/tunisie\/?s={search_term_string}\"},\"query-input\":{\"@type\":\"PropertyValueSpecification\",\"valueRequired\":true,\"valueName\":\"search_term_string\"}}],\"inLanguage\":\"fr-FR\"},{\"@type\":\"Organization\",\"@id\":\"https:\/\/kapitalis.com\/tunisie\/#organization\",\"name\":\"Kapitalis\",\"url\":\"https:\/\/kapitalis.com\/tunisie\/\",\"logo\":{\"@type\":\"ImageObject\",\"inLanguage\":\"fr-FR\",\"@id\":\"https:\/\/kapitalis.com\/tunisie\/#\/schema\/logo\/image\/\",\"url\":\"https:\/\/kapitalis.com\/tunisie\/wp-content\/uploads\/2022\/05\/Kapitalis-big-size.png\",\"contentUrl\":\"https:\/\/kapitalis.com\/tunisie\/wp-content\/uploads\/2022\/05\/Kapitalis-big-size.png\",\"width\":5000,\"height\":1500,\"caption\":\"Kapitalis\"},\"image\":{\"@id\":\"https:\/\/kapitalis.com\/tunisie\/#\/schema\/logo\/image\/\"},\"sameAs\":[\"https:\/\/www.facebook.com\/KapitalisInfo\/\",\"https:\/\/x.com\/KapitalisInfo\",\"https:\/\/www.youtube.com\/channel\/UC-yDYrHyfFBWWZaOw3FPg9Q\"]},{\"@type\":\"Person\",\"@id\":\"https:\/\/kapitalis.com\/tunisie\/#\/schema\/person\/d71f33a9ca44f7bad4698210b480c8e9\",\"name\":\"webmaster kapitalis\",\"url\":\"https:\/\/kapitalis.com\/tunisie\/author\/webmaster-kapitalis\/\"}]}<\/script>\n<!-- \/ Yoast SEO plugin. -->","yoast_head_json":{"title":"Tunisie\u00a0: Samir Sa\u00efed optimiste sur la conclusion d\u2019un accord avec le FMI - Kapitalis","robots":{"index":"index","follow":"follow","max-snippet":"max-snippet:-1","max-image-preview":"max-image-preview:large","max-video-preview":"max-video-preview:-1"},"canonical":"https:\/\/kapitalis.com\/tunisie\/2022\/08\/18\/tunisie-samir-saied-optimiste-sur-la-conclusion-dun-accord-avec-le-fmi\/","og_locale":"fr_FR","og_type":"article","og_title":"Tunisie\u00a0: Samir Sa\u00efed optimiste sur la conclusion d\u2019un accord avec le FMI - Kapitalis","og_description":"Le gouvernement ne s\u2019oppose pas \u00e0 l\u2019augmentation des salaires, mais la Tunisie n\u2019a pas les capacit\u00e9s pour le faire, et nous ne pouvons pas d\u00e9penser une richesse que nous n\u2019avons pas produite, a d\u00e9clar\u00e9 Samir Sa\u00eeed.","og_url":"https:\/\/kapitalis.com\/tunisie\/2022\/08\/18\/tunisie-samir-saied-optimiste-sur-la-conclusion-dun-accord-avec-le-fmi\/","og_site_name":"Kapitalis","article_publisher":"https:\/\/www.facebook.com\/KapitalisInfo\/","article_published_time":"2022-08-18T05:48:16+00:00","article_modified_time":"2022-08-18T05:48:17+00:00","og_image":[{"width":1200,"height":630,"url":"https:\/\/kapitalis.com\/tunisie\/wp-content\/uploads\/2022\/08\/Samir-Saied.jpg","type":"image\/jpeg"}],"author":"webmaster kapitalis","twitter_card":"summary_large_image","twitter_creator":"@KapitalisInfo","twitter_site":"@KapitalisInfo","twitter_misc":{"\u00c9crit par":"webmaster kapitalis","Dur\u00e9e de lecture estim\u00e9e":"2 minutes"},"schema":{"@context":"https:\/\/schema.org","@graph":[{"@type":"Article","@id":"https:\/\/kapitalis.com\/tunisie\/2022\/08\/18\/tunisie-samir-saied-optimiste-sur-la-conclusion-dun-accord-avec-le-fmi\/#article","isPartOf":{"@id":"https:\/\/kapitalis.com\/tunisie\/2022\/08\/18\/tunisie-samir-saied-optimiste-sur-la-conclusion-dun-accord-avec-le-fmi\/"},"author":{"name":"webmaster kapitalis","@id":"https:\/\/kapitalis.com\/tunisie\/#\/schema\/person\/d71f33a9ca44f7bad4698210b480c8e9"},"headline":"Tunisie\u00a0: Samir Sa\u00efed optimiste sur la conclusion d\u2019un accord avec le FMI","datePublished":"2022-08-18T05:48:16+00:00","dateModified":"2022-08-18T05:48:17+00:00","mainEntityOfPage":{"@id":"https:\/\/kapitalis.com\/tunisie\/2022\/08\/18\/tunisie-samir-saied-optimiste-sur-la-conclusion-dun-accord-avec-le-fmi\/"},"wordCount":354,"commentCount":1,"publisher":{"@id":"https:\/\/kapitalis.com\/tunisie\/#organization"},"image":{"@id":"https:\/\/kapitalis.com\/tunisie\/2022\/08\/18\/tunisie-samir-saied-optimiste-sur-la-conclusion-dun-accord-avec-le-fmi\/#primaryimage"},"thumbnailUrl":"https:\/\/kapitalis.com\/tunisie\/wp-content\/uploads\/2022\/08\/Samir-Saied.jpg","keywords":["entreprises tunisiennes","FMI","march\u00e9 africain","r\u00e9formes structurelles","Samir Sa\u00efed","Tunisie","UGTT"],"articleSection":["ECONOMIE","Tunisie"],"inLanguage":"fr-FR","potentialAction":[{"@type":"CommentAction","name":"Comment","target":["https:\/\/kapitalis.com\/tunisie\/2022\/08\/18\/tunisie-samir-saied-optimiste-sur-la-conclusion-dun-accord-avec-le-fmi\/#respond"]}]},{"@type":"WebPage","@id":"https:\/\/kapitalis.com\/tunisie\/2022\/08\/18\/tunisie-samir-saied-optimiste-sur-la-conclusion-dun-accord-avec-le-fmi\/","url":"https:\/\/kapitalis.com\/tunisie\/2022\/08\/18\/tunisie-samir-saied-optimiste-sur-la-conclusion-dun-accord-avec-le-fmi\/","name":"Tunisie\u00a0: Samir Sa\u00efed optimiste sur la conclusion d\u2019un accord avec le FMI - Kapitalis","isPartOf":{"@id":"https:\/\/kapitalis.com\/tunisie\/#website"},"primaryImageOfPage":{"@id":"https:\/\/kapitalis.com\/tunisie\/2022\/08\/18\/tunisie-samir-saied-optimiste-sur-la-conclusion-dun-accord-avec-le-fmi\/#primaryimage"},"image":{"@id":"https:\/\/kapitalis.com\/tunisie\/2022\/08\/18\/tunisie-samir-saied-optimiste-sur-la-conclusion-dun-accord-avec-le-fmi\/#primaryimage"},"thumbnailUrl":"https:\/\/kapitalis.com\/tunisie\/wp-content\/uploads\/2022\/08\/Samir-Saied.jpg","datePublished":"2022-08-18T05:48:16+00:00","dateModified":"2022-08-18T05:48:17+00:00","breadcrumb":{"@id":"https:\/\/kapitalis.com\/tunisie\/2022\/08\/18\/tunisie-samir-saied-optimiste-sur-la-conclusion-dun-accord-avec-le-fmi\/#breadcrumb"},"inLanguage":"fr-FR","potentialAction":[{"@type":"ReadAction","target":["https:\/\/kapitalis.com\/tunisie\/2022\/08\/18\/tunisie-samir-saied-optimiste-sur-la-conclusion-dun-accord-avec-le-fmi\/"]}]},{"@type":"ImageObject","inLanguage":"fr-FR","@id":"https:\/\/kapitalis.com\/tunisie\/2022\/08\/18\/tunisie-samir-saied-optimiste-sur-la-conclusion-dun-accord-avec-le-fmi\/#primaryimage","url":"https:\/\/kapitalis.com\/tunisie\/wp-content\/uploads\/2022\/08\/Samir-Saied.jpg","contentUrl":"https:\/\/kapitalis.com\/tunisie\/wp-content\/uploads\/2022\/08\/Samir-Saied.jpg","width":1200,"height":630},{"@type":"BreadcrumbList","@id":"https:\/\/kapitalis.com\/tunisie\/2022\/08\/18\/tunisie-samir-saied-optimiste-sur-la-conclusion-dun-accord-avec-le-fmi\/#breadcrumb","itemListElement":[{"@type":"ListItem","position":1,"name":"Accueil","item":"https:\/\/kapitalis.com\/tunisie\/"},{"@type":"ListItem","position":2,"name":"Tunisie\u00a0: Samir Sa\u00efed optimiste sur la conclusion d\u2019un accord avec le FMI"}]},{"@type":"WebSite","@id":"https:\/\/kapitalis.com\/tunisie\/#website","url":"https:\/\/kapitalis.com\/tunisie\/","name":"Kapitalis","description":"L&#039;actualit\u00e9 en Tunisie et dans le monde","publisher":{"@id":"https:\/\/kapitalis.com\/tunisie\/#organization"},"potentialAction":[{"@type":"SearchAction","target":{"@type":"EntryPoint","urlTemplate":"https:\/\/kapitalis.com\/tunisie\/?s={search_term_string}"},"query-input":{"@type":"PropertyValueSpecification","valueRequired":true,"valueName":"search_term_string"}}],"inLanguage":"fr-FR"},{"@type":"Organization","@id":"https:\/\/kapitalis.com\/tunisie\/#organization","name":"Kapitalis","url":"https:\/\/kapitalis.com\/tunisie\/","logo":{"@type":"ImageObject","inLanguage":"fr-FR","@id":"https:\/\/kapitalis.com\/tunisie\/#\/schema\/logo\/image\/","url":"https:\/\/kapitalis.com\/tunisie\/wp-content\/uploads\/2022\/05\/Kapitalis-big-size.png","contentUrl":"https:\/\/kapitalis.com\/tunisie\/wp-content\/uploads\/2022\/05\/Kapitalis-big-size.png","width":5000,"height":1500,"caption":"Kapitalis"},"image":{"@id":"https:\/\/kapitalis.com\/tunisie\/#\/schema\/logo\/image\/"},"sameAs":["https:\/\/www.facebook.com\/KapitalisInfo\/","https:\/\/x.com\/KapitalisInfo","https:\/\/www.youtube.com\/channel\/UC-yDYrHyfFBWWZaOw3FPg9Q"]},{"@type":"Person","@id":"https:\/\/kapitalis.com\/tunisie\/#\/schema\/person\/d71f33a9ca44f7bad4698210b480c8e9","name":"webmaster kapitalis","url":"https:\/\/kapitalis.com\/tunisie\/author\/webmaster-kapitalis\/"}]}},"_links":{"self":[{"href":"https:\/\/kapitalis.com\/tunisie\/wp-json\/wp\/v2\/posts\/3199131","targetHints":{"allow":["GET"]}}],"collection":[{"href":"https:\/\/kapitalis.com\/tunisie\/wp-json\/wp\/v2\/posts"}],"about":[{"href":"https:\/\/kapitalis.com\/tunisie\/wp-json\/wp\/v2\/types\/post"}],"author":[{"embeddable":true,"href":"https:\/\/kapitalis.com\/tunisie\/wp-json\/wp\/v2\/users\/8"}],"replies":[{"embeddable":true,"href":"https:\/\/kapitalis.com\/tunisie\/wp-json\/wp\/v2\/comments?post=3199131"}],"version-history":[{"count":0,"href":"https:\/\/kapitalis.com\/tunisie\/wp-json\/wp\/v2\/posts\/3199131\/revisions"}],"wp:featuredmedia":[{"embeddable":true,"href":"https:\/\/kapitalis.com\/tunisie\/wp-json\/wp\/v2\/media\/3199295"}],"wp:attachment":[{"href":"https:\/\/kapitalis.com\/tunisie\/wp-json\/wp\/v2\/media?parent=3199131"}],"wp:term":[{"taxonomy":"category","embeddable":true,"href":"https:\/\/kapitalis.com\/tunisie\/wp-json\/wp\/v2\/categories?post=3199131"},{"taxonomy":"post_tag","embeddable":true,"href":"https:\/\/kapitalis.com\/tunisie\/wp-json\/wp\/v2\/tags?post=3199131"}],"curies":[{"name":"wp","href":"https:\/\/api.w.org\/{rel}","templated":true}]}}