{"id":320072,"date":"2020-10-10T19:15:23","date_gmt":"2020-10-10T18:15:23","guid":{"rendered":"http:\/\/kapitalis.com\/tunisie\/?p=320072"},"modified":"2020-10-11T07:59:12","modified_gmt":"2020-10-11T06:59:12","slug":"le-syndicat-des-journalistes-appelle-au-boycott-de-la-coalition-al-karama","status":"publish","type":"post","link":"https:\/\/kapitalis.com\/tunisie\/2020\/10\/10\/le-syndicat-des-journalistes-appelle-au-boycott-de-la-coalition-al-karama\/","title":{"rendered":"Le Syndicat des journalistes appelle au boycott de la coalition Al-Karama"},"content":{"rendered":"\n<figure class=\"wp-block-image size-large\"><img decoding=\"async\" src=\"http:\/\/kapitalis.com\/tunisie\/wp-content\/uploads\/2020\/07\/Makhlouf.jpg\" alt=\"\" class=\"wp-image-307481\"\/><\/figure>\n\n\n\n<p><strong><em>Le Syndicat national des journalistes tunisiens (SNJT) a appel\u00e9 les m\u00e9dias \u00e0 boycotter la coalition Al-Karama, pr\u00e9sid\u00e9e par Seifeddine Makhlouf, qui s&rsquo;est sp\u00e9cialis\u00e9e dans les discours haineux, les insultes et les appels \u00e0 la violence, ciblant les journalistes.<\/em><\/strong><\/p>\n\n\n\n<!--more-->\n\n\n\n<p>\u00ab<em>Alors que l\u2019Assembl\u00e9e s\u2019appr\u00eate \u00e0 examiner un projet d\u2019amendement du d\u00e9cret 116 r\u00e9glementant la libert\u00e9 de la communication audiovisuelle, propos\u00e9 par Al-Karama <\/em>(soutenu par ses alli\u00e9s Ennahdha et Qalb Tounes, Ndlr)<em>, des d\u00e9put\u00e9s de ce bloc ont souvent cibl\u00e9 les journalistes en les insultant, notamment l&rsquo;ancien pr\u00e9sident du SNJT, Neji Bghouri et, plus r\u00e9cemment, Hamza Belloumi, qui s&rsquo;opposent justement \u00e0 ce projet mettant en danger la libert\u00e9 d&rsquo;expression<\/em>\u00bb, d\u00e9plore le SNJT dans un communiqu\u00e9 publi\u00e9 ce samedi 10 octobre 2020,<\/p>\n\n\n\n<p>Le Syndicat a appel\u00e9 les journalistes \u00e0 s&rsquo;unir et \u00e0 s\u2019engager \u00e0 ne pas contribuer \u00e0 r\u00e9pandre les discours de haine et les appels \u00e0 la violence qui menacent la paix sociale et de ce fait, \u00e0 boycotter la coalition Al-Karama.<\/p>\n\n\n\n<p><em>\u00abLes journalistes vis\u00e9s par des campagnes d\u2019incitation, d\u2019insultes et de diffamation doivent recourir \u00e0 la justice\u00bb,<\/em> indique encore le SNJT qui s&rsquo;engage \u00e0 mettre \u00e0 leur disposition le personnel juridique pour engager des poursuites.<\/p>\n\n\n\n<p>Rappelons que Seifeddine Makhlouf, qui avait annonc\u00e9 la lib\u00e9ration du directeur du centre coranique de Regueb, s&rsquo;en \u00e9tait pris \u00e0 l\u2019\u00e9quipe de l\u2019\u00e9mission <em>\u00abLes Quatre V\u00e9rit\u00e9s\u00bb<\/em>, qui avait r\u00e9v\u00e9l\u00e9 cette affaire, et surtout au pr\u00e9sentateur de l&rsquo;\u00e9mission Hamza Belloumi, que le d\u00e9put\u00e9 a accus\u00e9 de mener une guerre contre l\u2019enseignement du coran (sic!). Ce qui dans les m\u0153urs de ces extr\u00e9mistes religieux \u00e9quivaut \u00e0 un appel au meurtre.  <\/p>\n\n\n\n<p>Le d\u00e9put\u00e9, avocat de son \u00e9tat a oubli\u00e9, au passage, que le<em> \u00abtakfir\u00bb<\/em> (accusation d&rsquo;apostasie et de m\u00e9cr\u00e9ance) est assimil\u00e9 \u00e0 un crime par l&rsquo;article 6 de la constitution tunisienne. <\/p>\n\n\n\n<p>Mais Seifeddine Makhlouf , qui avait \u00e9t\u00e9 condamn\u00e9 en premi\u00e8re instance, en d\u00e9cembre dernier, \u00e0 20 mois de prison ferme pour avoir insult\u00e9 et menac\u00e9 le procureur de Sidi Bouzid, charg\u00e9 de l&rsquo;affaire Regueb, s&rsquo;est sp\u00e9cialis\u00e9 dans les d\u00e9rapages, les insultes et la vulgarit\u00e9, au sein de l&rsquo;Assembl\u00e9e, contre les journalistes et contre tous ceux qui ne sont pas de son bord&#8230;<\/p>\n\n\n\n<p class=\"has-text-align-right\"><strong>Y. N.<\/strong><\/p>\n\n\n\n<figure class=\"wp-block-embed-wordpress wp-block-embed is-type-wp-embed is-provider-kapitalis\"><div class=\"wp-block-embed__wrapper\">\n<blockquote class=\"wp-embedded-content\" data-secret=\"JsDIJtMv13\"><a href=\"https:\/\/kapitalis.com\/tunisie\/2020\/05\/15\/le-depute-seifeddine-makhlouf-qualifie-le-chroniqueur-haythem-mekki-de-chien\/\">Le d\u00e9put\u00e9 Seifeddine Makhlouf traite le chroniqueur Haythem Mekki de&#8230; \u00abchien\u00bb!<\/a><\/blockquote><iframe loading=\"lazy\" class=\"wp-embedded-content\" sandbox=\"allow-scripts\" security=\"restricted\" style=\"position: absolute; clip: rect(1px, 1px, 1px, 1px);\" title=\"\u00ab\u00a0Le d\u00e9put\u00e9 Seifeddine Makhlouf traite le chroniqueur Haythem Mekki de&#8230; \u00abchien\u00bb!\u00a0\u00bb &#8212; Kapitalis\" src=\"https:\/\/kapitalis.com\/tunisie\/2020\/05\/15\/le-depute-seifeddine-makhlouf-qualifie-le-chroniqueur-haythem-mekki-de-chien\/embed\/#?secret=bKVr9BfdDW#?secret=JsDIJtMv13\" data-secret=\"JsDIJtMv13\" width=\"600\" height=\"338\" frameborder=\"0\" marginwidth=\"0\" marginheight=\"0\" scrolling=\"no\"><\/iframe>\n<\/div><\/figure>\n\n\n\n<figure class=\"wp-block-embed-wordpress wp-block-embed is-type-wp-embed is-provider-kapitalis\"><div class=\"wp-block-embed__wrapper\">\n<blockquote class=\"wp-embedded-content\" data-secret=\"eYT2h9qOie\"><a href=\"https:\/\/kapitalis.com\/tunisie\/2019\/12\/13\/affaire-regueb-seifeddine-makhlouf-condamne-a-20-mois-de-prison-ferme-video\/\">Affaire Regueb : Seifeddine Makhlouf condamn\u00e9 \u00e0 20 mois de prison ferme (Vid\u00e9o)<\/a><\/blockquote><iframe loading=\"lazy\" class=\"wp-embedded-content\" sandbox=\"allow-scripts\" security=\"restricted\" style=\"position: absolute; clip: rect(1px, 1px, 1px, 1px);\" title=\"\u00ab\u00a0Affaire Regueb : Seifeddine Makhlouf condamn\u00e9 \u00e0 20 mois de prison ferme (Vid\u00e9o)\u00a0\u00bb &#8212; Kapitalis\" src=\"https:\/\/kapitalis.com\/tunisie\/2019\/12\/13\/affaire-regueb-seifeddine-makhlouf-condamne-a-20-mois-de-prison-ferme-video\/embed\/#?secret=f7pJmfcr3N#?secret=eYT2h9qOie\" data-secret=\"eYT2h9qOie\" width=\"600\" height=\"338\" frameborder=\"0\" marginwidth=\"0\" marginheight=\"0\" scrolling=\"no\"><\/iframe>\n<\/div><\/figure>\n","protected":false},"excerpt":{"rendered":"<p>Le Syndicat national des journalistes tunisiens (SNJT) a appel\u00e9 les m\u00e9dias \u00e0 boycotter la coalition Al-Karama, pr\u00e9sid\u00e9e par Seifeddine Makhlouf, qui s&rsquo;est sp\u00e9cialis\u00e9e dans les discours haineux, les insultes et les appels \u00e0 la violence, ciblant les journalistes.<\/p>\n","protected":false},"author":6,"featured_media":0,"comment_status":"open","ping_status":"open","sticky":false,"template":"","format":"standard","meta":{"footnotes":""},"categories":[996,997,2433],"tags":[5590,67880,12669,593,2825,8752,838,11645,952],"class_list":["post-320072","post","type-post","status-publish","format-standard","hentry","category-media","category-politique","category-tunisie","tag-boycott","tag-coalition-al-karama","tag-haine","tag-medias","tag-menaces","tag-seifeddine-makhlouf","tag-snjt","tag-syndicat-des-journalistes","tag-violence"],"yoast_head":"<!-- This site is optimized with the Yoast SEO plugin v26.6 - https:\/\/yoast.com\/wordpress\/plugins\/seo\/ -->\n<title>Le Syndicat des journalistes appelle au boycott de la coalition Al-Karama - Kapitalis<\/title>\n<meta name=\"robots\" content=\"index, follow, max-snippet:-1, max-image-preview:large, max-video-preview:-1\" \/>\n<link rel=\"canonical\" href=\"https:\/\/kapitalis.com\/tunisie\/2020\/10\/10\/le-syndicat-des-journalistes-appelle-au-boycott-de-la-coalition-al-karama\/\" \/>\n<meta property=\"og:locale\" content=\"fr_FR\" \/>\n<meta property=\"og:type\" content=\"article\" \/>\n<meta property=\"og:title\" content=\"Le Syndicat des journalistes appelle au boycott de la coalition Al-Karama - Kapitalis\" \/>\n<meta property=\"og:description\" content=\"Le Syndicat national des journalistes tunisiens (SNJT) a appel\u00e9 les m\u00e9dias \u00e0 boycotter la coalition Al-Karama, pr\u00e9sid\u00e9e par Seifeddine Makhlouf, qui s&rsquo;est sp\u00e9cialis\u00e9e dans les discours haineux, les insultes et les appels \u00e0 la violence, ciblant les journalistes.\" \/>\n<meta property=\"og:url\" content=\"https:\/\/kapitalis.com\/tunisie\/2020\/10\/10\/le-syndicat-des-journalistes-appelle-au-boycott-de-la-coalition-al-karama\/\" \/>\n<meta property=\"og:site_name\" content=\"Kapitalis\" \/>\n<meta property=\"article:publisher\" content=\"https:\/\/www.facebook.com\/KapitalisInfo\/\" \/>\n<meta property=\"article:published_time\" content=\"2020-10-10T18:15:23+00:00\" \/>\n<meta property=\"article:modified_time\" content=\"2020-10-11T06:59:12+00:00\" \/>\n<meta property=\"og:image\" content=\"http:\/\/kapitalis.com\/tunisie\/wp-content\/uploads\/2020\/07\/Makhlouf.jpg\" \/>\n<meta name=\"author\" content=\"Yusra NY\" \/>\n<meta name=\"twitter:card\" content=\"summary_large_image\" \/>\n<meta name=\"twitter:creator\" content=\"@KapitalisInfo\" \/>\n<meta name=\"twitter:site\" content=\"@KapitalisInfo\" \/>\n<meta name=\"twitter:label1\" content=\"\u00c9crit par\" \/>\n\t<meta name=\"twitter:data1\" content=\"Yusra NY\" \/>\n\t<meta name=\"twitter:label2\" content=\"Dur\u00e9e de lecture estim\u00e9e\" \/>\n\t<meta name=\"twitter:data2\" content=\"2 minutes\" \/>\n<script type=\"application\/ld+json\" class=\"yoast-schema-graph\">{\"@context\":\"https:\/\/schema.org\",\"@graph\":[{\"@type\":\"Article\",\"@id\":\"https:\/\/kapitalis.com\/tunisie\/2020\/10\/10\/le-syndicat-des-journalistes-appelle-au-boycott-de-la-coalition-al-karama\/#article\",\"isPartOf\":{\"@id\":\"https:\/\/kapitalis.com\/tunisie\/2020\/10\/10\/le-syndicat-des-journalistes-appelle-au-boycott-de-la-coalition-al-karama\/\"},\"author\":{\"name\":\"Yusra NY\",\"@id\":\"https:\/\/kapitalis.com\/tunisie\/#\/schema\/person\/74bbde0154d49d790a92aaeac5bc01d5\"},\"headline\":\"Le Syndicat des journalistes appelle au boycott de la coalition Al-Karama\",\"datePublished\":\"2020-10-10T18:15:23+00:00\",\"dateModified\":\"2020-10-11T06:59:12+00:00\",\"mainEntityOfPage\":{\"@id\":\"https:\/\/kapitalis.com\/tunisie\/2020\/10\/10\/le-syndicat-des-journalistes-appelle-au-boycott-de-la-coalition-al-karama\/\"},\"wordCount\":398,\"commentCount\":10,\"publisher\":{\"@id\":\"https:\/\/kapitalis.com\/tunisie\/#organization\"},\"image\":{\"@id\":\"https:\/\/kapitalis.com\/tunisie\/2020\/10\/10\/le-syndicat-des-journalistes-appelle-au-boycott-de-la-coalition-al-karama\/#primaryimage\"},\"thumbnailUrl\":\"http:\/\/kapitalis.com\/tunisie\/wp-content\/uploads\/2020\/07\/Makhlouf.jpg\",\"keywords\":[\"boycott\",\"coalition Al-Karama\",\"haine\",\"m\u00e9dias\",\"menaces\",\"Seifeddine Makhlouf\",\"SNJT\",\"syndicat des journalistes\",\"violence\"],\"articleSection\":[\"MEDIA\",\"POLITIQUE\",\"Tunisie\"],\"inLanguage\":\"fr-FR\",\"potentialAction\":[{\"@type\":\"CommentAction\",\"name\":\"Comment\",\"target\":[\"https:\/\/kapitalis.com\/tunisie\/2020\/10\/10\/le-syndicat-des-journalistes-appelle-au-boycott-de-la-coalition-al-karama\/#respond\"]}]},{\"@type\":\"WebPage\",\"@id\":\"https:\/\/kapitalis.com\/tunisie\/2020\/10\/10\/le-syndicat-des-journalistes-appelle-au-boycott-de-la-coalition-al-karama\/\",\"url\":\"https:\/\/kapitalis.com\/tunisie\/2020\/10\/10\/le-syndicat-des-journalistes-appelle-au-boycott-de-la-coalition-al-karama\/\",\"name\":\"Le Syndicat des journalistes appelle au boycott de la coalition Al-Karama - Kapitalis\",\"isPartOf\":{\"@id\":\"https:\/\/kapitalis.com\/tunisie\/#website\"},\"primaryImageOfPage\":{\"@id\":\"https:\/\/kapitalis.com\/tunisie\/2020\/10\/10\/le-syndicat-des-journalistes-appelle-au-boycott-de-la-coalition-al-karama\/#primaryimage\"},\"image\":{\"@id\":\"https:\/\/kapitalis.com\/tunisie\/2020\/10\/10\/le-syndicat-des-journalistes-appelle-au-boycott-de-la-coalition-al-karama\/#primaryimage\"},\"thumbnailUrl\":\"http:\/\/kapitalis.com\/tunisie\/wp-content\/uploads\/2020\/07\/Makhlouf.jpg\",\"datePublished\":\"2020-10-10T18:15:23+00:00\",\"dateModified\":\"2020-10-11T06:59:12+00:00\",\"breadcrumb\":{\"@id\":\"https:\/\/kapitalis.com\/tunisie\/2020\/10\/10\/le-syndicat-des-journalistes-appelle-au-boycott-de-la-coalition-al-karama\/#breadcrumb\"},\"inLanguage\":\"fr-FR\",\"potentialAction\":[{\"@type\":\"ReadAction\",\"target\":[\"https:\/\/kapitalis.com\/tunisie\/2020\/10\/10\/le-syndicat-des-journalistes-appelle-au-boycott-de-la-coalition-al-karama\/\"]}]},{\"@type\":\"ImageObject\",\"inLanguage\":\"fr-FR\",\"@id\":\"https:\/\/kapitalis.com\/tunisie\/2020\/10\/10\/le-syndicat-des-journalistes-appelle-au-boycott-de-la-coalition-al-karama\/#primaryimage\",\"url\":\"\",\"contentUrl\":\"\"},{\"@type\":\"BreadcrumbList\",\"@id\":\"https:\/\/kapitalis.com\/tunisie\/2020\/10\/10\/le-syndicat-des-journalistes-appelle-au-boycott-de-la-coalition-al-karama\/#breadcrumb\",\"itemListElement\":[{\"@type\":\"ListItem\",\"position\":1,\"name\":\"Accueil\",\"item\":\"https:\/\/kapitalis.com\/tunisie\/\"},{\"@type\":\"ListItem\",\"position\":2,\"name\":\"Le Syndicat des journalistes appelle au boycott de la coalition Al-Karama\"}]},{\"@type\":\"WebSite\",\"@id\":\"https:\/\/kapitalis.com\/tunisie\/#website\",\"url\":\"https:\/\/kapitalis.com\/tunisie\/\",\"name\":\"Kapitalis\",\"description\":\"L&#039;actualit\u00e9 en Tunisie et dans le monde\",\"publisher\":{\"@id\":\"https:\/\/kapitalis.com\/tunisie\/#organization\"},\"potentialAction\":[{\"@type\":\"SearchAction\",\"target\":{\"@type\":\"EntryPoint\",\"urlTemplate\":\"https:\/\/kapitalis.com\/tunisie\/?s={search_term_string}\"},\"query-input\":{\"@type\":\"PropertyValueSpecification\",\"valueRequired\":true,\"valueName\":\"search_term_string\"}}],\"inLanguage\":\"fr-FR\"},{\"@type\":\"Organization\",\"@id\":\"https:\/\/kapitalis.com\/tunisie\/#organization\",\"name\":\"Kapitalis\",\"url\":\"https:\/\/kapitalis.com\/tunisie\/\",\"logo\":{\"@type\":\"ImageObject\",\"inLanguage\":\"fr-FR\",\"@id\":\"https:\/\/kapitalis.com\/tunisie\/#\/schema\/logo\/image\/\",\"url\":\"https:\/\/kapitalis.com\/tunisie\/wp-content\/uploads\/2022\/05\/Kapitalis-big-size.png\",\"contentUrl\":\"https:\/\/kapitalis.com\/tunisie\/wp-content\/uploads\/2022\/05\/Kapitalis-big-size.png\",\"width\":5000,\"height\":1500,\"caption\":\"Kapitalis\"},\"image\":{\"@id\":\"https:\/\/kapitalis.com\/tunisie\/#\/schema\/logo\/image\/\"},\"sameAs\":[\"https:\/\/www.facebook.com\/KapitalisInfo\/\",\"https:\/\/x.com\/KapitalisInfo\",\"https:\/\/www.youtube.com\/channel\/UC-yDYrHyfFBWWZaOw3FPg9Q\"]},{\"@type\":\"Person\",\"@id\":\"https:\/\/kapitalis.com\/tunisie\/#\/schema\/person\/74bbde0154d49d790a92aaeac5bc01d5\",\"name\":\"Yusra NY\",\"url\":\"https:\/\/kapitalis.com\/tunisie\/author\/yuza_adam\/\"}]}<\/script>\n<!-- \/ Yoast SEO plugin. -->","yoast_head_json":{"title":"Le Syndicat des journalistes appelle au boycott de la coalition Al-Karama - Kapitalis","robots":{"index":"index","follow":"follow","max-snippet":"max-snippet:-1","max-image-preview":"max-image-preview:large","max-video-preview":"max-video-preview:-1"},"canonical":"https:\/\/kapitalis.com\/tunisie\/2020\/10\/10\/le-syndicat-des-journalistes-appelle-au-boycott-de-la-coalition-al-karama\/","og_locale":"fr_FR","og_type":"article","og_title":"Le Syndicat des journalistes appelle au boycott de la coalition Al-Karama - Kapitalis","og_description":"Le Syndicat national des journalistes tunisiens (SNJT) a appel\u00e9 les m\u00e9dias \u00e0 boycotter la coalition Al-Karama, pr\u00e9sid\u00e9e par Seifeddine Makhlouf, qui s&rsquo;est sp\u00e9cialis\u00e9e dans les discours haineux, les insultes et les appels \u00e0 la violence, ciblant les journalistes.","og_url":"https:\/\/kapitalis.com\/tunisie\/2020\/10\/10\/le-syndicat-des-journalistes-appelle-au-boycott-de-la-coalition-al-karama\/","og_site_name":"Kapitalis","article_publisher":"https:\/\/www.facebook.com\/KapitalisInfo\/","article_published_time":"2020-10-10T18:15:23+00:00","article_modified_time":"2020-10-11T06:59:12+00:00","og_image":[{"url":"http:\/\/kapitalis.com\/tunisie\/wp-content\/uploads\/2020\/07\/Makhlouf.jpg","type":"","width":"","height":""}],"author":"Yusra NY","twitter_card":"summary_large_image","twitter_creator":"@KapitalisInfo","twitter_site":"@KapitalisInfo","twitter_misc":{"\u00c9crit par":"Yusra NY","Dur\u00e9e de lecture estim\u00e9e":"2 minutes"},"schema":{"@context":"https:\/\/schema.org","@graph":[{"@type":"Article","@id":"https:\/\/kapitalis.com\/tunisie\/2020\/10\/10\/le-syndicat-des-journalistes-appelle-au-boycott-de-la-coalition-al-karama\/#article","isPartOf":{"@id":"https:\/\/kapitalis.com\/tunisie\/2020\/10\/10\/le-syndicat-des-journalistes-appelle-au-boycott-de-la-coalition-al-karama\/"},"author":{"name":"Yusra NY","@id":"https:\/\/kapitalis.com\/tunisie\/#\/schema\/person\/74bbde0154d49d790a92aaeac5bc01d5"},"headline":"Le Syndicat des journalistes appelle au boycott de la coalition Al-Karama","datePublished":"2020-10-10T18:15:23+00:00","dateModified":"2020-10-11T06:59:12+00:00","mainEntityOfPage":{"@id":"https:\/\/kapitalis.com\/tunisie\/2020\/10\/10\/le-syndicat-des-journalistes-appelle-au-boycott-de-la-coalition-al-karama\/"},"wordCount":398,"commentCount":10,"publisher":{"@id":"https:\/\/kapitalis.com\/tunisie\/#organization"},"image":{"@id":"https:\/\/kapitalis.com\/tunisie\/2020\/10\/10\/le-syndicat-des-journalistes-appelle-au-boycott-de-la-coalition-al-karama\/#primaryimage"},"thumbnailUrl":"http:\/\/kapitalis.com\/tunisie\/wp-content\/uploads\/2020\/07\/Makhlouf.jpg","keywords":["boycott","coalition Al-Karama","haine","m\u00e9dias","menaces","Seifeddine Makhlouf","SNJT","syndicat des journalistes","violence"],"articleSection":["MEDIA","POLITIQUE","Tunisie"],"inLanguage":"fr-FR","potentialAction":[{"@type":"CommentAction","name":"Comment","target":["https:\/\/kapitalis.com\/tunisie\/2020\/10\/10\/le-syndicat-des-journalistes-appelle-au-boycott-de-la-coalition-al-karama\/#respond"]}]},{"@type":"WebPage","@id":"https:\/\/kapitalis.com\/tunisie\/2020\/10\/10\/le-syndicat-des-journalistes-appelle-au-boycott-de-la-coalition-al-karama\/","url":"https:\/\/kapitalis.com\/tunisie\/2020\/10\/10\/le-syndicat-des-journalistes-appelle-au-boycott-de-la-coalition-al-karama\/","name":"Le Syndicat des journalistes appelle au boycott de la coalition Al-Karama - Kapitalis","isPartOf":{"@id":"https:\/\/kapitalis.com\/tunisie\/#website"},"primaryImageOfPage":{"@id":"https:\/\/kapitalis.com\/tunisie\/2020\/10\/10\/le-syndicat-des-journalistes-appelle-au-boycott-de-la-coalition-al-karama\/#primaryimage"},"image":{"@id":"https:\/\/kapitalis.com\/tunisie\/2020\/10\/10\/le-syndicat-des-journalistes-appelle-au-boycott-de-la-coalition-al-karama\/#primaryimage"},"thumbnailUrl":"http:\/\/kapitalis.com\/tunisie\/wp-content\/uploads\/2020\/07\/Makhlouf.jpg","datePublished":"2020-10-10T18:15:23+00:00","dateModified":"2020-10-11T06:59:12+00:00","breadcrumb":{"@id":"https:\/\/kapitalis.com\/tunisie\/2020\/10\/10\/le-syndicat-des-journalistes-appelle-au-boycott-de-la-coalition-al-karama\/#breadcrumb"},"inLanguage":"fr-FR","potentialAction":[{"@type":"ReadAction","target":["https:\/\/kapitalis.com\/tunisie\/2020\/10\/10\/le-syndicat-des-journalistes-appelle-au-boycott-de-la-coalition-al-karama\/"]}]},{"@type":"ImageObject","inLanguage":"fr-FR","@id":"https:\/\/kapitalis.com\/tunisie\/2020\/10\/10\/le-syndicat-des-journalistes-appelle-au-boycott-de-la-coalition-al-karama\/#primaryimage","url":"","contentUrl":""},{"@type":"BreadcrumbList","@id":"https:\/\/kapitalis.com\/tunisie\/2020\/10\/10\/le-syndicat-des-journalistes-appelle-au-boycott-de-la-coalition-al-karama\/#breadcrumb","itemListElement":[{"@type":"ListItem","position":1,"name":"Accueil","item":"https:\/\/kapitalis.com\/tunisie\/"},{"@type":"ListItem","position":2,"name":"Le Syndicat des journalistes appelle au boycott de la coalition Al-Karama"}]},{"@type":"WebSite","@id":"https:\/\/kapitalis.com\/tunisie\/#website","url":"https:\/\/kapitalis.com\/tunisie\/","name":"Kapitalis","description":"L&#039;actualit\u00e9 en Tunisie et dans le monde","publisher":{"@id":"https:\/\/kapitalis.com\/tunisie\/#organization"},"potentialAction":[{"@type":"SearchAction","target":{"@type":"EntryPoint","urlTemplate":"https:\/\/kapitalis.com\/tunisie\/?s={search_term_string}"},"query-input":{"@type":"PropertyValueSpecification","valueRequired":true,"valueName":"search_term_string"}}],"inLanguage":"fr-FR"},{"@type":"Organization","@id":"https:\/\/kapitalis.com\/tunisie\/#organization","name":"Kapitalis","url":"https:\/\/kapitalis.com\/tunisie\/","logo":{"@type":"ImageObject","inLanguage":"fr-FR","@id":"https:\/\/kapitalis.com\/tunisie\/#\/schema\/logo\/image\/","url":"https:\/\/kapitalis.com\/tunisie\/wp-content\/uploads\/2022\/05\/Kapitalis-big-size.png","contentUrl":"https:\/\/kapitalis.com\/tunisie\/wp-content\/uploads\/2022\/05\/Kapitalis-big-size.png","width":5000,"height":1500,"caption":"Kapitalis"},"image":{"@id":"https:\/\/kapitalis.com\/tunisie\/#\/schema\/logo\/image\/"},"sameAs":["https:\/\/www.facebook.com\/KapitalisInfo\/","https:\/\/x.com\/KapitalisInfo","https:\/\/www.youtube.com\/channel\/UC-yDYrHyfFBWWZaOw3FPg9Q"]},{"@type":"Person","@id":"https:\/\/kapitalis.com\/tunisie\/#\/schema\/person\/74bbde0154d49d790a92aaeac5bc01d5","name":"Yusra NY","url":"https:\/\/kapitalis.com\/tunisie\/author\/yuza_adam\/"}]}},"_links":{"self":[{"href":"https:\/\/kapitalis.com\/tunisie\/wp-json\/wp\/v2\/posts\/320072","targetHints":{"allow":["GET"]}}],"collection":[{"href":"https:\/\/kapitalis.com\/tunisie\/wp-json\/wp\/v2\/posts"}],"about":[{"href":"https:\/\/kapitalis.com\/tunisie\/wp-json\/wp\/v2\/types\/post"}],"author":[{"embeddable":true,"href":"https:\/\/kapitalis.com\/tunisie\/wp-json\/wp\/v2\/users\/6"}],"replies":[{"embeddable":true,"href":"https:\/\/kapitalis.com\/tunisie\/wp-json\/wp\/v2\/comments?post=320072"}],"version-history":[{"count":0,"href":"https:\/\/kapitalis.com\/tunisie\/wp-json\/wp\/v2\/posts\/320072\/revisions"}],"wp:attachment":[{"href":"https:\/\/kapitalis.com\/tunisie\/wp-json\/wp\/v2\/media?parent=320072"}],"wp:term":[{"taxonomy":"category","embeddable":true,"href":"https:\/\/kapitalis.com\/tunisie\/wp-json\/wp\/v2\/categories?post=320072"},{"taxonomy":"post_tag","embeddable":true,"href":"https:\/\/kapitalis.com\/tunisie\/wp-json\/wp\/v2\/tags?post=320072"}],"curies":[{"name":"wp","href":"https:\/\/api.w.org\/{rel}","templated":true}]}}