{"id":320233,"date":"2020-10-13T07:29:28","date_gmt":"2020-10-13T06:29:28","guid":{"rendered":"http:\/\/kapitalis.com\/tunisie\/?p=320233"},"modified":"2020-10-13T07:29:31","modified_gmt":"2020-10-13T06:29:31","slug":"le-film-tunisien-nour-selectionne-au-festival-americain-afi-fest","status":"publish","type":"post","link":"https:\/\/kapitalis.com\/tunisie\/2020\/10\/13\/le-film-tunisien-nour-selectionne-au-festival-americain-afi-fest\/","title":{"rendered":"Le film tunisien \u00abNour\u00bb s\u00e9lectionn\u00e9 au festival am\u00e9ricain AFI Fest"},"content":{"rendered":"\n<figure class=\"wp-block-image size-large\"><img decoding=\"async\" src=\"http:\/\/kapitalis.com\/tunisie\/wp-content\/uploads\/2020\/10\/Untitled-1-3.jpg\" alt=\"\" class=\"wp-image-320235\"\/><\/figure>\n\n\n\n<p><strong><em>Le court-m\u00e9trage tunisien \u00abNour\u00bb r\u00e9alis\u00e9 par Rim Nakhli sera en comp\u00e9tition officielle dans le cadre de l\u2019American Film Institute Fest (AFI Fest) qui se tiendra du 15 au 22 octobre 2020.<\/em><\/strong><\/p>\n\n\n\n<!--more-->\n\n\n\n<p>Dipl\u00f4m\u00e9e de l\u2019Institut sup\u00e9rieur des arts multim\u00e9dias de la Manouba (ISAMM) puis de l\u2019Universit\u00e9 de Bologne en Italie, Rim Nakhli est une jeune cin\u00e9aste tunisienne qui s\u2019est d\u2019abord fait conna\u00eetre avec son premier court-m\u00e9trage \u00ab<em>Ranim<\/em>\u00bb (2018), puis avec un deuxi\u00e8me \u00ab<em>Nour<\/em>\u00bb o\u00f9 elle aborde de nouveau le th\u00e8me de l\u2019adolescence.<\/p>\n\n\n\n<p>Apr\u00e8s avoir \u00e9t\u00e9 s\u00e9lectionn\u00e9 au Festival du Film de Locarno en Suisse, Rim Nakhli repr\u00e9sentera de nouveau le cin\u00e9ma tunisien avec ce nouveau court-m\u00e9trage de fiction intitul\u00e9 \u00ab<em>Nour<\/em>\u00bb dans le cadre du AFI Fest, un festival de cin\u00e9ma comp\u00e9titif qui se d\u00e9roule chaque ann\u00e9e \u00e0 Hollywood depuis 2001 et qui sera exceptionnellement virtuel cette ann\u00e9e \u00e0 cause de la crise sanitaire mondiale li\u00e9e au coronavirus (Covid-19).<\/p>\n\n\n\n<p>\u00ab<em>Nour<\/em>\u00bb qui fera partie de la comp\u00e9tition officielle de la section des courts-m\u00e9trages, raconte le parcours de l\u2019adolescente Nour et de son petit fr\u00e8re Adam qui partent un jour \u00e0 la recherche de leur p\u00e8re dont ils n\u2019ont pas eu de nouvelles depuis longtemps, mais le p\u00e8re demeure introuvable.<\/p>\n\n\n\n<p class=\"has-text-align-right\"><strong>Fawz Benali<\/strong><\/p>\n","protected":false},"excerpt":{"rendered":"<p>Le court-m\u00e9trage tunisien \u00abNour\u00bb r\u00e9alis\u00e9 par Rim Nakhli sera en comp\u00e9tition officielle dans le cadre de l\u2019American Film Institute Fest (AFI Fest) qui se tiendra du 15 au 22 octobre 2020.<\/p>\n","protected":false},"author":26,"featured_media":320235,"comment_status":"open","ping_status":"open","sticky":false,"template":"","format":"standard","meta":{"footnotes":""},"categories":[994,2433],"tags":[83689,9668,83687,83688],"class_list":["post-320233","post","type-post","status-publish","format-standard","has-post-thumbnail","hentry","category-culture","category-tunisie","tag-afi-fest","tag-cinema-tunisien","tag-nour","tag-rim-nakhli"],"yoast_head":"<!-- This site is optimized with the Yoast SEO plugin v26.6 - https:\/\/yoast.com\/wordpress\/plugins\/seo\/ -->\n<title>Le film tunisien \u00abNour\u00bb s\u00e9lectionn\u00e9 au festival am\u00e9ricain AFI Fest - Kapitalis<\/title>\n<meta name=\"robots\" content=\"index, follow, max-snippet:-1, max-image-preview:large, max-video-preview:-1\" \/>\n<link rel=\"canonical\" href=\"https:\/\/kapitalis.com\/tunisie\/2020\/10\/13\/le-film-tunisien-nour-selectionne-au-festival-americain-afi-fest\/\" \/>\n<meta property=\"og:locale\" content=\"fr_FR\" \/>\n<meta property=\"og:type\" content=\"article\" \/>\n<meta property=\"og:title\" content=\"Le film tunisien \u00abNour\u00bb s\u00e9lectionn\u00e9 au festival am\u00e9ricain AFI Fest - Kapitalis\" \/>\n<meta property=\"og:description\" content=\"Le court-m\u00e9trage tunisien \u00abNour\u00bb r\u00e9alis\u00e9 par Rim Nakhli sera en comp\u00e9tition officielle dans le cadre de l\u2019American Film Institute Fest (AFI Fest) qui se tiendra du 15 au 22 octobre 2020.\" \/>\n<meta property=\"og:url\" content=\"https:\/\/kapitalis.com\/tunisie\/2020\/10\/13\/le-film-tunisien-nour-selectionne-au-festival-americain-afi-fest\/\" \/>\n<meta property=\"og:site_name\" content=\"Kapitalis\" \/>\n<meta property=\"article:publisher\" content=\"https:\/\/www.facebook.com\/KapitalisInfo\/\" \/>\n<meta property=\"article:published_time\" content=\"2020-10-13T06:29:28+00:00\" \/>\n<meta property=\"article:modified_time\" content=\"2020-10-13T06:29:31+00:00\" \/>\n<meta property=\"og:image\" content=\"https:\/\/kapitalis.com\/tunisie\/wp-content\/uploads\/2022\/05\/kapitalis-logo-fb.png\" \/>\n\t<meta property=\"og:image:width\" content=\"1200\" \/>\n\t<meta property=\"og:image:height\" content=\"630\" \/>\n\t<meta property=\"og:image:type\" content=\"image\/png\" \/>\n<meta name=\"author\" content=\"Fawz BenAli\" \/>\n<meta name=\"twitter:card\" content=\"summary_large_image\" \/>\n<meta name=\"twitter:creator\" content=\"@KapitalisInfo\" \/>\n<meta name=\"twitter:site\" content=\"@KapitalisInfo\" \/>\n<meta name=\"twitter:label1\" content=\"\u00c9crit par\" \/>\n\t<meta name=\"twitter:data1\" content=\"Fawz BenAli\" \/>\n\t<meta name=\"twitter:label2\" content=\"Dur\u00e9e de lecture estim\u00e9e\" \/>\n\t<meta name=\"twitter:data2\" content=\"1 minute\" \/>\n<script type=\"application\/ld+json\" class=\"yoast-schema-graph\">{\"@context\":\"https:\/\/schema.org\",\"@graph\":[{\"@type\":\"Article\",\"@id\":\"https:\/\/kapitalis.com\/tunisie\/2020\/10\/13\/le-film-tunisien-nour-selectionne-au-festival-americain-afi-fest\/#article\",\"isPartOf\":{\"@id\":\"https:\/\/kapitalis.com\/tunisie\/2020\/10\/13\/le-film-tunisien-nour-selectionne-au-festival-americain-afi-fest\/\"},\"author\":{\"name\":\"Fawz BenAli\",\"@id\":\"https:\/\/kapitalis.com\/tunisie\/#\/schema\/person\/73a5ecc1f6ae540c6ed91342eadca948\"},\"headline\":\"Le film tunisien \u00abNour\u00bb s\u00e9lectionn\u00e9 au festival am\u00e9ricain AFI Fest\",\"datePublished\":\"2020-10-13T06:29:28+00:00\",\"dateModified\":\"2020-10-13T06:29:31+00:00\",\"mainEntityOfPage\":{\"@id\":\"https:\/\/kapitalis.com\/tunisie\/2020\/10\/13\/le-film-tunisien-nour-selectionne-au-festival-americain-afi-fest\/\"},\"wordCount\":238,\"commentCount\":0,\"publisher\":{\"@id\":\"https:\/\/kapitalis.com\/tunisie\/#organization\"},\"image\":{\"@id\":\"https:\/\/kapitalis.com\/tunisie\/2020\/10\/13\/le-film-tunisien-nour-selectionne-au-festival-americain-afi-fest\/#primaryimage\"},\"thumbnailUrl\":\"\",\"keywords\":[\"AFI Fest\",\"cin\u00e9ma tunisien\",\"Nour\",\"Rim Nakhli\"],\"articleSection\":[\"CULTURE\",\"Tunisie\"],\"inLanguage\":\"fr-FR\",\"potentialAction\":[{\"@type\":\"CommentAction\",\"name\":\"Comment\",\"target\":[\"https:\/\/kapitalis.com\/tunisie\/2020\/10\/13\/le-film-tunisien-nour-selectionne-au-festival-americain-afi-fest\/#respond\"]}]},{\"@type\":\"WebPage\",\"@id\":\"https:\/\/kapitalis.com\/tunisie\/2020\/10\/13\/le-film-tunisien-nour-selectionne-au-festival-americain-afi-fest\/\",\"url\":\"https:\/\/kapitalis.com\/tunisie\/2020\/10\/13\/le-film-tunisien-nour-selectionne-au-festival-americain-afi-fest\/\",\"name\":\"Le film tunisien \u00abNour\u00bb s\u00e9lectionn\u00e9 au festival am\u00e9ricain AFI Fest - Kapitalis\",\"isPartOf\":{\"@id\":\"https:\/\/kapitalis.com\/tunisie\/#website\"},\"primaryImageOfPage\":{\"@id\":\"https:\/\/kapitalis.com\/tunisie\/2020\/10\/13\/le-film-tunisien-nour-selectionne-au-festival-americain-afi-fest\/#primaryimage\"},\"image\":{\"@id\":\"https:\/\/kapitalis.com\/tunisie\/2020\/10\/13\/le-film-tunisien-nour-selectionne-au-festival-americain-afi-fest\/#primaryimage\"},\"thumbnailUrl\":\"\",\"datePublished\":\"2020-10-13T06:29:28+00:00\",\"dateModified\":\"2020-10-13T06:29:31+00:00\",\"breadcrumb\":{\"@id\":\"https:\/\/kapitalis.com\/tunisie\/2020\/10\/13\/le-film-tunisien-nour-selectionne-au-festival-americain-afi-fest\/#breadcrumb\"},\"inLanguage\":\"fr-FR\",\"potentialAction\":[{\"@type\":\"ReadAction\",\"target\":[\"https:\/\/kapitalis.com\/tunisie\/2020\/10\/13\/le-film-tunisien-nour-selectionne-au-festival-americain-afi-fest\/\"]}]},{\"@type\":\"ImageObject\",\"inLanguage\":\"fr-FR\",\"@id\":\"https:\/\/kapitalis.com\/tunisie\/2020\/10\/13\/le-film-tunisien-nour-selectionne-au-festival-americain-afi-fest\/#primaryimage\",\"url\":\"\",\"contentUrl\":\"\"},{\"@type\":\"BreadcrumbList\",\"@id\":\"https:\/\/kapitalis.com\/tunisie\/2020\/10\/13\/le-film-tunisien-nour-selectionne-au-festival-americain-afi-fest\/#breadcrumb\",\"itemListElement\":[{\"@type\":\"ListItem\",\"position\":1,\"name\":\"Accueil\",\"item\":\"https:\/\/kapitalis.com\/tunisie\/\"},{\"@type\":\"ListItem\",\"position\":2,\"name\":\"Le film tunisien \u00abNour\u00bb s\u00e9lectionn\u00e9 au festival am\u00e9ricain AFI Fest\"}]},{\"@type\":\"WebSite\",\"@id\":\"https:\/\/kapitalis.com\/tunisie\/#website\",\"url\":\"https:\/\/kapitalis.com\/tunisie\/\",\"name\":\"Kapitalis\",\"description\":\"L&#039;actualit\u00e9 en Tunisie et dans le monde\",\"publisher\":{\"@id\":\"https:\/\/kapitalis.com\/tunisie\/#organization\"},\"potentialAction\":[{\"@type\":\"SearchAction\",\"target\":{\"@type\":\"EntryPoint\",\"urlTemplate\":\"https:\/\/kapitalis.com\/tunisie\/?s={search_term_string}\"},\"query-input\":{\"@type\":\"PropertyValueSpecification\",\"valueRequired\":true,\"valueName\":\"search_term_string\"}}],\"inLanguage\":\"fr-FR\"},{\"@type\":\"Organization\",\"@id\":\"https:\/\/kapitalis.com\/tunisie\/#organization\",\"name\":\"Kapitalis\",\"url\":\"https:\/\/kapitalis.com\/tunisie\/\",\"logo\":{\"@type\":\"ImageObject\",\"inLanguage\":\"fr-FR\",\"@id\":\"https:\/\/kapitalis.com\/tunisie\/#\/schema\/logo\/image\/\",\"url\":\"https:\/\/kapitalis.com\/tunisie\/wp-content\/uploads\/2022\/05\/Kapitalis-big-size.png\",\"contentUrl\":\"https:\/\/kapitalis.com\/tunisie\/wp-content\/uploads\/2022\/05\/Kapitalis-big-size.png\",\"width\":5000,\"height\":1500,\"caption\":\"Kapitalis\"},\"image\":{\"@id\":\"https:\/\/kapitalis.com\/tunisie\/#\/schema\/logo\/image\/\"},\"sameAs\":[\"https:\/\/www.facebook.com\/KapitalisInfo\/\",\"https:\/\/x.com\/KapitalisInfo\",\"https:\/\/www.youtube.com\/channel\/UC-yDYrHyfFBWWZaOw3FPg9Q\"]},{\"@type\":\"Person\",\"@id\":\"https:\/\/kapitalis.com\/tunisie\/#\/schema\/person\/73a5ecc1f6ae540c6ed91342eadca948\",\"name\":\"Fawz BenAli\",\"url\":\"https:\/\/kapitalis.com\/tunisie\/author\/fawz\/\"}]}<\/script>\n<!-- \/ Yoast SEO plugin. -->","yoast_head_json":{"title":"Le film tunisien \u00abNour\u00bb s\u00e9lectionn\u00e9 au festival am\u00e9ricain AFI Fest - Kapitalis","robots":{"index":"index","follow":"follow","max-snippet":"max-snippet:-1","max-image-preview":"max-image-preview:large","max-video-preview":"max-video-preview:-1"},"canonical":"https:\/\/kapitalis.com\/tunisie\/2020\/10\/13\/le-film-tunisien-nour-selectionne-au-festival-americain-afi-fest\/","og_locale":"fr_FR","og_type":"article","og_title":"Le film tunisien \u00abNour\u00bb s\u00e9lectionn\u00e9 au festival am\u00e9ricain AFI Fest - Kapitalis","og_description":"Le court-m\u00e9trage tunisien \u00abNour\u00bb r\u00e9alis\u00e9 par Rim Nakhli sera en comp\u00e9tition officielle dans le cadre de l\u2019American Film Institute Fest (AFI Fest) qui se tiendra du 15 au 22 octobre 2020.","og_url":"https:\/\/kapitalis.com\/tunisie\/2020\/10\/13\/le-film-tunisien-nour-selectionne-au-festival-americain-afi-fest\/","og_site_name":"Kapitalis","article_publisher":"https:\/\/www.facebook.com\/KapitalisInfo\/","article_published_time":"2020-10-13T06:29:28+00:00","article_modified_time":"2020-10-13T06:29:31+00:00","og_image":[{"width":1200,"height":630,"url":"https:\/\/kapitalis.com\/tunisie\/wp-content\/uploads\/2022\/05\/kapitalis-logo-fb.png","type":"image\/png"}],"author":"Fawz BenAli","twitter_card":"summary_large_image","twitter_creator":"@KapitalisInfo","twitter_site":"@KapitalisInfo","twitter_misc":{"\u00c9crit par":"Fawz BenAli","Dur\u00e9e de lecture estim\u00e9e":"1 minute"},"schema":{"@context":"https:\/\/schema.org","@graph":[{"@type":"Article","@id":"https:\/\/kapitalis.com\/tunisie\/2020\/10\/13\/le-film-tunisien-nour-selectionne-au-festival-americain-afi-fest\/#article","isPartOf":{"@id":"https:\/\/kapitalis.com\/tunisie\/2020\/10\/13\/le-film-tunisien-nour-selectionne-au-festival-americain-afi-fest\/"},"author":{"name":"Fawz BenAli","@id":"https:\/\/kapitalis.com\/tunisie\/#\/schema\/person\/73a5ecc1f6ae540c6ed91342eadca948"},"headline":"Le film tunisien \u00abNour\u00bb s\u00e9lectionn\u00e9 au festival am\u00e9ricain AFI Fest","datePublished":"2020-10-13T06:29:28+00:00","dateModified":"2020-10-13T06:29:31+00:00","mainEntityOfPage":{"@id":"https:\/\/kapitalis.com\/tunisie\/2020\/10\/13\/le-film-tunisien-nour-selectionne-au-festival-americain-afi-fest\/"},"wordCount":238,"commentCount":0,"publisher":{"@id":"https:\/\/kapitalis.com\/tunisie\/#organization"},"image":{"@id":"https:\/\/kapitalis.com\/tunisie\/2020\/10\/13\/le-film-tunisien-nour-selectionne-au-festival-americain-afi-fest\/#primaryimage"},"thumbnailUrl":"","keywords":["AFI Fest","cin\u00e9ma tunisien","Nour","Rim Nakhli"],"articleSection":["CULTURE","Tunisie"],"inLanguage":"fr-FR","potentialAction":[{"@type":"CommentAction","name":"Comment","target":["https:\/\/kapitalis.com\/tunisie\/2020\/10\/13\/le-film-tunisien-nour-selectionne-au-festival-americain-afi-fest\/#respond"]}]},{"@type":"WebPage","@id":"https:\/\/kapitalis.com\/tunisie\/2020\/10\/13\/le-film-tunisien-nour-selectionne-au-festival-americain-afi-fest\/","url":"https:\/\/kapitalis.com\/tunisie\/2020\/10\/13\/le-film-tunisien-nour-selectionne-au-festival-americain-afi-fest\/","name":"Le film tunisien \u00abNour\u00bb s\u00e9lectionn\u00e9 au festival am\u00e9ricain AFI Fest - Kapitalis","isPartOf":{"@id":"https:\/\/kapitalis.com\/tunisie\/#website"},"primaryImageOfPage":{"@id":"https:\/\/kapitalis.com\/tunisie\/2020\/10\/13\/le-film-tunisien-nour-selectionne-au-festival-americain-afi-fest\/#primaryimage"},"image":{"@id":"https:\/\/kapitalis.com\/tunisie\/2020\/10\/13\/le-film-tunisien-nour-selectionne-au-festival-americain-afi-fest\/#primaryimage"},"thumbnailUrl":"","datePublished":"2020-10-13T06:29:28+00:00","dateModified":"2020-10-13T06:29:31+00:00","breadcrumb":{"@id":"https:\/\/kapitalis.com\/tunisie\/2020\/10\/13\/le-film-tunisien-nour-selectionne-au-festival-americain-afi-fest\/#breadcrumb"},"inLanguage":"fr-FR","potentialAction":[{"@type":"ReadAction","target":["https:\/\/kapitalis.com\/tunisie\/2020\/10\/13\/le-film-tunisien-nour-selectionne-au-festival-americain-afi-fest\/"]}]},{"@type":"ImageObject","inLanguage":"fr-FR","@id":"https:\/\/kapitalis.com\/tunisie\/2020\/10\/13\/le-film-tunisien-nour-selectionne-au-festival-americain-afi-fest\/#primaryimage","url":"","contentUrl":""},{"@type":"BreadcrumbList","@id":"https:\/\/kapitalis.com\/tunisie\/2020\/10\/13\/le-film-tunisien-nour-selectionne-au-festival-americain-afi-fest\/#breadcrumb","itemListElement":[{"@type":"ListItem","position":1,"name":"Accueil","item":"https:\/\/kapitalis.com\/tunisie\/"},{"@type":"ListItem","position":2,"name":"Le film tunisien \u00abNour\u00bb s\u00e9lectionn\u00e9 au festival am\u00e9ricain AFI Fest"}]},{"@type":"WebSite","@id":"https:\/\/kapitalis.com\/tunisie\/#website","url":"https:\/\/kapitalis.com\/tunisie\/","name":"Kapitalis","description":"L&#039;actualit\u00e9 en Tunisie et dans le monde","publisher":{"@id":"https:\/\/kapitalis.com\/tunisie\/#organization"},"potentialAction":[{"@type":"SearchAction","target":{"@type":"EntryPoint","urlTemplate":"https:\/\/kapitalis.com\/tunisie\/?s={search_term_string}"},"query-input":{"@type":"PropertyValueSpecification","valueRequired":true,"valueName":"search_term_string"}}],"inLanguage":"fr-FR"},{"@type":"Organization","@id":"https:\/\/kapitalis.com\/tunisie\/#organization","name":"Kapitalis","url":"https:\/\/kapitalis.com\/tunisie\/","logo":{"@type":"ImageObject","inLanguage":"fr-FR","@id":"https:\/\/kapitalis.com\/tunisie\/#\/schema\/logo\/image\/","url":"https:\/\/kapitalis.com\/tunisie\/wp-content\/uploads\/2022\/05\/Kapitalis-big-size.png","contentUrl":"https:\/\/kapitalis.com\/tunisie\/wp-content\/uploads\/2022\/05\/Kapitalis-big-size.png","width":5000,"height":1500,"caption":"Kapitalis"},"image":{"@id":"https:\/\/kapitalis.com\/tunisie\/#\/schema\/logo\/image\/"},"sameAs":["https:\/\/www.facebook.com\/KapitalisInfo\/","https:\/\/x.com\/KapitalisInfo","https:\/\/www.youtube.com\/channel\/UC-yDYrHyfFBWWZaOw3FPg9Q"]},{"@type":"Person","@id":"https:\/\/kapitalis.com\/tunisie\/#\/schema\/person\/73a5ecc1f6ae540c6ed91342eadca948","name":"Fawz BenAli","url":"https:\/\/kapitalis.com\/tunisie\/author\/fawz\/"}]}},"_links":{"self":[{"href":"https:\/\/kapitalis.com\/tunisie\/wp-json\/wp\/v2\/posts\/320233","targetHints":{"allow":["GET"]}}],"collection":[{"href":"https:\/\/kapitalis.com\/tunisie\/wp-json\/wp\/v2\/posts"}],"about":[{"href":"https:\/\/kapitalis.com\/tunisie\/wp-json\/wp\/v2\/types\/post"}],"author":[{"embeddable":true,"href":"https:\/\/kapitalis.com\/tunisie\/wp-json\/wp\/v2\/users\/26"}],"replies":[{"embeddable":true,"href":"https:\/\/kapitalis.com\/tunisie\/wp-json\/wp\/v2\/comments?post=320233"}],"version-history":[{"count":0,"href":"https:\/\/kapitalis.com\/tunisie\/wp-json\/wp\/v2\/posts\/320233\/revisions"}],"wp:featuredmedia":[{"embeddable":true,"href":"https:\/\/kapitalis.com\/tunisie\/wp-json\/wp\/v2\/media\/320235"}],"wp:attachment":[{"href":"https:\/\/kapitalis.com\/tunisie\/wp-json\/wp\/v2\/media?parent=320233"}],"wp:term":[{"taxonomy":"category","embeddable":true,"href":"https:\/\/kapitalis.com\/tunisie\/wp-json\/wp\/v2\/categories?post=320233"},{"taxonomy":"post_tag","embeddable":true,"href":"https:\/\/kapitalis.com\/tunisie\/wp-json\/wp\/v2\/tags?post=320233"}],"curies":[{"name":"wp","href":"https:\/\/api.w.org\/{rel}","templated":true}]}}