{"id":320461,"date":"2020-10-13T21:37:24","date_gmt":"2020-10-13T20:37:24","guid":{"rendered":"http:\/\/kapitalis.com\/tunisie\/?p=320461"},"modified":"2020-10-14T08:11:28","modified_gmt":"2020-10-14T07:11:28","slug":"coronavirus-tunisie-point-sur-les-contaminations-a-lassemblee","status":"publish","type":"post","link":"https:\/\/kapitalis.com\/tunisie\/2020\/10\/13\/coronavirus-tunisie-point-sur-les-contaminations-a-lassemblee\/","title":{"rendered":"Coronavirus-Tunisie : Point sur les contaminations \u00e0 l&rsquo;Assembl\u00e9e"},"content":{"rendered":"\n<figure class=\"wp-block-image size-large\"><img decoding=\"async\" src=\"http:\/\/kapitalis.com\/tunisie\/wp-content\/uploads\/2020\/10\/Assemblee-ARP.jpg\" alt=\"\" class=\"wp-image-320464\"\/><\/figure>\n\n\n\n<p class=\"has-text-align-left\"><strong><em>Dr Maher Ayadi, m\u00e9decin de l&rsquo;Assembl\u00e9e des repr\u00e9sentants du peuple (ARP), a affirm\u00e9 aujourd&rsquo;hui, mardi 13 octobre 2020, que 18 d\u00e9put\u00e9s et 25 employ\u00e9s du parlement ont \u00e9t\u00e9, \u00e0 ce jour, test\u00e9s positifs au coronavirus.<\/em><\/strong><\/p>\n\n\n\n<!--more-->\n\n\n\n<p>Dr Ayadi a pr\u00e9cis\u00e9 dans une d\u00e9claration aux m\u00e9dias que ces cas sont r\u00e9partis comme suit : 12 d\u00e9put\u00e9s du Parti destourien libre (PDL), Ennahdha (2), Bloc la R\u00e9forme (1), Qalb Tounes (1), Mouvement Echa\u00e2b (1) et Al-Karama (1).<\/p>\n\n\n\n<p>Le m\u00e9decin a \u00e9galement fait savoir que deux cas ont \u00e9t\u00e9 d\u00e9pist\u00e9s dans les rangs des adjoints parlementaires (bloc du PDL), tout en affirmant que sur les 25 agents ayant \u00e9t\u00e9 test\u00e9s positifs, 11 ont pu terminer leur p\u00e9riode de quarantaine.<\/p>\n\n\n\n<p class=\"has-text-align-right\"><strong>Y. N.<\/strong><\/p>\n","protected":false},"excerpt":{"rendered":"<p>Dr Maher Ayadi, m\u00e9decin de l&rsquo;Assembl\u00e9e des repr\u00e9sentants du peuple (ARP), a affirm\u00e9 aujourd&rsquo;hui, mardi 13 octobre 2020, que 18 d\u00e9put\u00e9s et 25 employ\u00e9s du parlement ont \u00e9t\u00e9, \u00e0 ce jour, test\u00e9s positifs au coronavirus.<\/p>\n","protected":false},"author":6,"featured_media":320464,"comment_status":"open","ping_status":"open","sticky":false,"template":"","format":"standard","meta":{"footnotes":""},"categories":[997,998,2433],"tags":[84,93,76446,73060,83753,83754],"class_list":["post-320461","post","type-post","status-publish","format-standard","has-post-thumbnail","hentry","category-politique","category-societe","category-tunisie","tag-arp","tag-assemblee","tag-contaminations","tag-coronavirus","tag-maher-ayadi","tag-medecin-parlement"],"yoast_head":"<!-- This site is optimized with the Yoast SEO plugin v26.6 - https:\/\/yoast.com\/wordpress\/plugins\/seo\/ -->\n<title>Coronavirus-Tunisie : Point sur les contaminations \u00e0 l&#039;Assembl\u00e9e - Kapitalis<\/title>\n<meta name=\"robots\" content=\"index, follow, max-snippet:-1, max-image-preview:large, max-video-preview:-1\" \/>\n<link rel=\"canonical\" href=\"https:\/\/kapitalis.com\/tunisie\/2020\/10\/13\/coronavirus-tunisie-point-sur-les-contaminations-a-lassemblee\/\" \/>\n<meta property=\"og:locale\" content=\"fr_FR\" \/>\n<meta property=\"og:type\" content=\"article\" \/>\n<meta property=\"og:title\" content=\"Coronavirus-Tunisie : Point sur les contaminations \u00e0 l&#039;Assembl\u00e9e - Kapitalis\" \/>\n<meta property=\"og:description\" content=\"Dr Maher Ayadi, m\u00e9decin de l&rsquo;Assembl\u00e9e des repr\u00e9sentants du peuple (ARP), a affirm\u00e9 aujourd&rsquo;hui, mardi 13 octobre 2020, que 18 d\u00e9put\u00e9s et 25 employ\u00e9s du parlement ont \u00e9t\u00e9, \u00e0 ce jour, test\u00e9s positifs au coronavirus.\" \/>\n<meta property=\"og:url\" content=\"https:\/\/kapitalis.com\/tunisie\/2020\/10\/13\/coronavirus-tunisie-point-sur-les-contaminations-a-lassemblee\/\" \/>\n<meta property=\"og:site_name\" content=\"Kapitalis\" \/>\n<meta property=\"article:publisher\" content=\"https:\/\/www.facebook.com\/KapitalisInfo\/\" \/>\n<meta property=\"article:published_time\" content=\"2020-10-13T20:37:24+00:00\" \/>\n<meta property=\"article:modified_time\" content=\"2020-10-14T07:11:28+00:00\" \/>\n<meta property=\"og:image\" content=\"https:\/\/kapitalis.com\/tunisie\/wp-content\/uploads\/2022\/05\/kapitalis-logo-fb.png\" \/>\n\t<meta property=\"og:image:width\" content=\"1200\" \/>\n\t<meta property=\"og:image:height\" content=\"630\" \/>\n\t<meta property=\"og:image:type\" content=\"image\/png\" \/>\n<meta name=\"author\" content=\"Yusra NY\" \/>\n<meta name=\"twitter:card\" content=\"summary_large_image\" \/>\n<meta name=\"twitter:creator\" content=\"@KapitalisInfo\" \/>\n<meta name=\"twitter:site\" content=\"@KapitalisInfo\" \/>\n<meta name=\"twitter:label1\" content=\"\u00c9crit par\" \/>\n\t<meta name=\"twitter:data1\" content=\"Yusra NY\" \/>\n\t<meta name=\"twitter:label2\" content=\"Dur\u00e9e de lecture estim\u00e9e\" \/>\n\t<meta name=\"twitter:data2\" content=\"1 minute\" \/>\n<script type=\"application\/ld+json\" class=\"yoast-schema-graph\">{\"@context\":\"https:\/\/schema.org\",\"@graph\":[{\"@type\":\"Article\",\"@id\":\"https:\/\/kapitalis.com\/tunisie\/2020\/10\/13\/coronavirus-tunisie-point-sur-les-contaminations-a-lassemblee\/#article\",\"isPartOf\":{\"@id\":\"https:\/\/kapitalis.com\/tunisie\/2020\/10\/13\/coronavirus-tunisie-point-sur-les-contaminations-a-lassemblee\/\"},\"author\":{\"name\":\"Yusra NY\",\"@id\":\"https:\/\/kapitalis.com\/tunisie\/#\/schema\/person\/74bbde0154d49d790a92aaeac5bc01d5\"},\"headline\":\"Coronavirus-Tunisie : Point sur les contaminations \u00e0 l&rsquo;Assembl\u00e9e\",\"datePublished\":\"2020-10-13T20:37:24+00:00\",\"dateModified\":\"2020-10-14T07:11:28+00:00\",\"mainEntityOfPage\":{\"@id\":\"https:\/\/kapitalis.com\/tunisie\/2020\/10\/13\/coronavirus-tunisie-point-sur-les-contaminations-a-lassemblee\/\"},\"wordCount\":130,\"commentCount\":0,\"publisher\":{\"@id\":\"https:\/\/kapitalis.com\/tunisie\/#organization\"},\"image\":{\"@id\":\"https:\/\/kapitalis.com\/tunisie\/2020\/10\/13\/coronavirus-tunisie-point-sur-les-contaminations-a-lassemblee\/#primaryimage\"},\"thumbnailUrl\":\"\",\"keywords\":[\"ARP\",\"Assembl\u00e9e\",\"contaminations\",\"Coronavirus\",\"Maher Ayadi\",\"m\u00e9decin parlement\"],\"articleSection\":[\"POLITIQUE\",\"SOCIETE\",\"Tunisie\"],\"inLanguage\":\"fr-FR\",\"potentialAction\":[{\"@type\":\"CommentAction\",\"name\":\"Comment\",\"target\":[\"https:\/\/kapitalis.com\/tunisie\/2020\/10\/13\/coronavirus-tunisie-point-sur-les-contaminations-a-lassemblee\/#respond\"]}]},{\"@type\":\"WebPage\",\"@id\":\"https:\/\/kapitalis.com\/tunisie\/2020\/10\/13\/coronavirus-tunisie-point-sur-les-contaminations-a-lassemblee\/\",\"url\":\"https:\/\/kapitalis.com\/tunisie\/2020\/10\/13\/coronavirus-tunisie-point-sur-les-contaminations-a-lassemblee\/\",\"name\":\"Coronavirus-Tunisie : Point sur les contaminations \u00e0 l'Assembl\u00e9e - Kapitalis\",\"isPartOf\":{\"@id\":\"https:\/\/kapitalis.com\/tunisie\/#website\"},\"primaryImageOfPage\":{\"@id\":\"https:\/\/kapitalis.com\/tunisie\/2020\/10\/13\/coronavirus-tunisie-point-sur-les-contaminations-a-lassemblee\/#primaryimage\"},\"image\":{\"@id\":\"https:\/\/kapitalis.com\/tunisie\/2020\/10\/13\/coronavirus-tunisie-point-sur-les-contaminations-a-lassemblee\/#primaryimage\"},\"thumbnailUrl\":\"\",\"datePublished\":\"2020-10-13T20:37:24+00:00\",\"dateModified\":\"2020-10-14T07:11:28+00:00\",\"breadcrumb\":{\"@id\":\"https:\/\/kapitalis.com\/tunisie\/2020\/10\/13\/coronavirus-tunisie-point-sur-les-contaminations-a-lassemblee\/#breadcrumb\"},\"inLanguage\":\"fr-FR\",\"potentialAction\":[{\"@type\":\"ReadAction\",\"target\":[\"https:\/\/kapitalis.com\/tunisie\/2020\/10\/13\/coronavirus-tunisie-point-sur-les-contaminations-a-lassemblee\/\"]}]},{\"@type\":\"ImageObject\",\"inLanguage\":\"fr-FR\",\"@id\":\"https:\/\/kapitalis.com\/tunisie\/2020\/10\/13\/coronavirus-tunisie-point-sur-les-contaminations-a-lassemblee\/#primaryimage\",\"url\":\"\",\"contentUrl\":\"\"},{\"@type\":\"BreadcrumbList\",\"@id\":\"https:\/\/kapitalis.com\/tunisie\/2020\/10\/13\/coronavirus-tunisie-point-sur-les-contaminations-a-lassemblee\/#breadcrumb\",\"itemListElement\":[{\"@type\":\"ListItem\",\"position\":1,\"name\":\"Accueil\",\"item\":\"https:\/\/kapitalis.com\/tunisie\/\"},{\"@type\":\"ListItem\",\"position\":2,\"name\":\"Coronavirus-Tunisie : Point sur les contaminations \u00e0 l&rsquo;Assembl\u00e9e\"}]},{\"@type\":\"WebSite\",\"@id\":\"https:\/\/kapitalis.com\/tunisie\/#website\",\"url\":\"https:\/\/kapitalis.com\/tunisie\/\",\"name\":\"Kapitalis\",\"description\":\"L&#039;actualit\u00e9 en Tunisie et dans le monde\",\"publisher\":{\"@id\":\"https:\/\/kapitalis.com\/tunisie\/#organization\"},\"potentialAction\":[{\"@type\":\"SearchAction\",\"target\":{\"@type\":\"EntryPoint\",\"urlTemplate\":\"https:\/\/kapitalis.com\/tunisie\/?s={search_term_string}\"},\"query-input\":{\"@type\":\"PropertyValueSpecification\",\"valueRequired\":true,\"valueName\":\"search_term_string\"}}],\"inLanguage\":\"fr-FR\"},{\"@type\":\"Organization\",\"@id\":\"https:\/\/kapitalis.com\/tunisie\/#organization\",\"name\":\"Kapitalis\",\"url\":\"https:\/\/kapitalis.com\/tunisie\/\",\"logo\":{\"@type\":\"ImageObject\",\"inLanguage\":\"fr-FR\",\"@id\":\"https:\/\/kapitalis.com\/tunisie\/#\/schema\/logo\/image\/\",\"url\":\"https:\/\/kapitalis.com\/tunisie\/wp-content\/uploads\/2022\/05\/Kapitalis-big-size.png\",\"contentUrl\":\"https:\/\/kapitalis.com\/tunisie\/wp-content\/uploads\/2022\/05\/Kapitalis-big-size.png\",\"width\":5000,\"height\":1500,\"caption\":\"Kapitalis\"},\"image\":{\"@id\":\"https:\/\/kapitalis.com\/tunisie\/#\/schema\/logo\/image\/\"},\"sameAs\":[\"https:\/\/www.facebook.com\/KapitalisInfo\/\",\"https:\/\/x.com\/KapitalisInfo\",\"https:\/\/www.youtube.com\/channel\/UC-yDYrHyfFBWWZaOw3FPg9Q\"]},{\"@type\":\"Person\",\"@id\":\"https:\/\/kapitalis.com\/tunisie\/#\/schema\/person\/74bbde0154d49d790a92aaeac5bc01d5\",\"name\":\"Yusra NY\",\"url\":\"https:\/\/kapitalis.com\/tunisie\/author\/yuza_adam\/\"}]}<\/script>\n<!-- \/ Yoast SEO plugin. -->","yoast_head_json":{"title":"Coronavirus-Tunisie : Point sur les contaminations \u00e0 l'Assembl\u00e9e - Kapitalis","robots":{"index":"index","follow":"follow","max-snippet":"max-snippet:-1","max-image-preview":"max-image-preview:large","max-video-preview":"max-video-preview:-1"},"canonical":"https:\/\/kapitalis.com\/tunisie\/2020\/10\/13\/coronavirus-tunisie-point-sur-les-contaminations-a-lassemblee\/","og_locale":"fr_FR","og_type":"article","og_title":"Coronavirus-Tunisie : Point sur les contaminations \u00e0 l'Assembl\u00e9e - Kapitalis","og_description":"Dr Maher Ayadi, m\u00e9decin de l&rsquo;Assembl\u00e9e des repr\u00e9sentants du peuple (ARP), a affirm\u00e9 aujourd&rsquo;hui, mardi 13 octobre 2020, que 18 d\u00e9put\u00e9s et 25 employ\u00e9s du parlement ont \u00e9t\u00e9, \u00e0 ce jour, test\u00e9s positifs au coronavirus.","og_url":"https:\/\/kapitalis.com\/tunisie\/2020\/10\/13\/coronavirus-tunisie-point-sur-les-contaminations-a-lassemblee\/","og_site_name":"Kapitalis","article_publisher":"https:\/\/www.facebook.com\/KapitalisInfo\/","article_published_time":"2020-10-13T20:37:24+00:00","article_modified_time":"2020-10-14T07:11:28+00:00","og_image":[{"width":1200,"height":630,"url":"https:\/\/kapitalis.com\/tunisie\/wp-content\/uploads\/2022\/05\/kapitalis-logo-fb.png","type":"image\/png"}],"author":"Yusra NY","twitter_card":"summary_large_image","twitter_creator":"@KapitalisInfo","twitter_site":"@KapitalisInfo","twitter_misc":{"\u00c9crit par":"Yusra NY","Dur\u00e9e de lecture estim\u00e9e":"1 minute"},"schema":{"@context":"https:\/\/schema.org","@graph":[{"@type":"Article","@id":"https:\/\/kapitalis.com\/tunisie\/2020\/10\/13\/coronavirus-tunisie-point-sur-les-contaminations-a-lassemblee\/#article","isPartOf":{"@id":"https:\/\/kapitalis.com\/tunisie\/2020\/10\/13\/coronavirus-tunisie-point-sur-les-contaminations-a-lassemblee\/"},"author":{"name":"Yusra NY","@id":"https:\/\/kapitalis.com\/tunisie\/#\/schema\/person\/74bbde0154d49d790a92aaeac5bc01d5"},"headline":"Coronavirus-Tunisie : Point sur les contaminations \u00e0 l&rsquo;Assembl\u00e9e","datePublished":"2020-10-13T20:37:24+00:00","dateModified":"2020-10-14T07:11:28+00:00","mainEntityOfPage":{"@id":"https:\/\/kapitalis.com\/tunisie\/2020\/10\/13\/coronavirus-tunisie-point-sur-les-contaminations-a-lassemblee\/"},"wordCount":130,"commentCount":0,"publisher":{"@id":"https:\/\/kapitalis.com\/tunisie\/#organization"},"image":{"@id":"https:\/\/kapitalis.com\/tunisie\/2020\/10\/13\/coronavirus-tunisie-point-sur-les-contaminations-a-lassemblee\/#primaryimage"},"thumbnailUrl":"","keywords":["ARP","Assembl\u00e9e","contaminations","Coronavirus","Maher Ayadi","m\u00e9decin parlement"],"articleSection":["POLITIQUE","SOCIETE","Tunisie"],"inLanguage":"fr-FR","potentialAction":[{"@type":"CommentAction","name":"Comment","target":["https:\/\/kapitalis.com\/tunisie\/2020\/10\/13\/coronavirus-tunisie-point-sur-les-contaminations-a-lassemblee\/#respond"]}]},{"@type":"WebPage","@id":"https:\/\/kapitalis.com\/tunisie\/2020\/10\/13\/coronavirus-tunisie-point-sur-les-contaminations-a-lassemblee\/","url":"https:\/\/kapitalis.com\/tunisie\/2020\/10\/13\/coronavirus-tunisie-point-sur-les-contaminations-a-lassemblee\/","name":"Coronavirus-Tunisie : Point sur les contaminations \u00e0 l'Assembl\u00e9e - Kapitalis","isPartOf":{"@id":"https:\/\/kapitalis.com\/tunisie\/#website"},"primaryImageOfPage":{"@id":"https:\/\/kapitalis.com\/tunisie\/2020\/10\/13\/coronavirus-tunisie-point-sur-les-contaminations-a-lassemblee\/#primaryimage"},"image":{"@id":"https:\/\/kapitalis.com\/tunisie\/2020\/10\/13\/coronavirus-tunisie-point-sur-les-contaminations-a-lassemblee\/#primaryimage"},"thumbnailUrl":"","datePublished":"2020-10-13T20:37:24+00:00","dateModified":"2020-10-14T07:11:28+00:00","breadcrumb":{"@id":"https:\/\/kapitalis.com\/tunisie\/2020\/10\/13\/coronavirus-tunisie-point-sur-les-contaminations-a-lassemblee\/#breadcrumb"},"inLanguage":"fr-FR","potentialAction":[{"@type":"ReadAction","target":["https:\/\/kapitalis.com\/tunisie\/2020\/10\/13\/coronavirus-tunisie-point-sur-les-contaminations-a-lassemblee\/"]}]},{"@type":"ImageObject","inLanguage":"fr-FR","@id":"https:\/\/kapitalis.com\/tunisie\/2020\/10\/13\/coronavirus-tunisie-point-sur-les-contaminations-a-lassemblee\/#primaryimage","url":"","contentUrl":""},{"@type":"BreadcrumbList","@id":"https:\/\/kapitalis.com\/tunisie\/2020\/10\/13\/coronavirus-tunisie-point-sur-les-contaminations-a-lassemblee\/#breadcrumb","itemListElement":[{"@type":"ListItem","position":1,"name":"Accueil","item":"https:\/\/kapitalis.com\/tunisie\/"},{"@type":"ListItem","position":2,"name":"Coronavirus-Tunisie : Point sur les contaminations \u00e0 l&rsquo;Assembl\u00e9e"}]},{"@type":"WebSite","@id":"https:\/\/kapitalis.com\/tunisie\/#website","url":"https:\/\/kapitalis.com\/tunisie\/","name":"Kapitalis","description":"L&#039;actualit\u00e9 en Tunisie et dans le monde","publisher":{"@id":"https:\/\/kapitalis.com\/tunisie\/#organization"},"potentialAction":[{"@type":"SearchAction","target":{"@type":"EntryPoint","urlTemplate":"https:\/\/kapitalis.com\/tunisie\/?s={search_term_string}"},"query-input":{"@type":"PropertyValueSpecification","valueRequired":true,"valueName":"search_term_string"}}],"inLanguage":"fr-FR"},{"@type":"Organization","@id":"https:\/\/kapitalis.com\/tunisie\/#organization","name":"Kapitalis","url":"https:\/\/kapitalis.com\/tunisie\/","logo":{"@type":"ImageObject","inLanguage":"fr-FR","@id":"https:\/\/kapitalis.com\/tunisie\/#\/schema\/logo\/image\/","url":"https:\/\/kapitalis.com\/tunisie\/wp-content\/uploads\/2022\/05\/Kapitalis-big-size.png","contentUrl":"https:\/\/kapitalis.com\/tunisie\/wp-content\/uploads\/2022\/05\/Kapitalis-big-size.png","width":5000,"height":1500,"caption":"Kapitalis"},"image":{"@id":"https:\/\/kapitalis.com\/tunisie\/#\/schema\/logo\/image\/"},"sameAs":["https:\/\/www.facebook.com\/KapitalisInfo\/","https:\/\/x.com\/KapitalisInfo","https:\/\/www.youtube.com\/channel\/UC-yDYrHyfFBWWZaOw3FPg9Q"]},{"@type":"Person","@id":"https:\/\/kapitalis.com\/tunisie\/#\/schema\/person\/74bbde0154d49d790a92aaeac5bc01d5","name":"Yusra NY","url":"https:\/\/kapitalis.com\/tunisie\/author\/yuza_adam\/"}]}},"_links":{"self":[{"href":"https:\/\/kapitalis.com\/tunisie\/wp-json\/wp\/v2\/posts\/320461","targetHints":{"allow":["GET"]}}],"collection":[{"href":"https:\/\/kapitalis.com\/tunisie\/wp-json\/wp\/v2\/posts"}],"about":[{"href":"https:\/\/kapitalis.com\/tunisie\/wp-json\/wp\/v2\/types\/post"}],"author":[{"embeddable":true,"href":"https:\/\/kapitalis.com\/tunisie\/wp-json\/wp\/v2\/users\/6"}],"replies":[{"embeddable":true,"href":"https:\/\/kapitalis.com\/tunisie\/wp-json\/wp\/v2\/comments?post=320461"}],"version-history":[{"count":0,"href":"https:\/\/kapitalis.com\/tunisie\/wp-json\/wp\/v2\/posts\/320461\/revisions"}],"wp:featuredmedia":[{"embeddable":true,"href":"https:\/\/kapitalis.com\/tunisie\/wp-json\/wp\/v2\/media\/320464"}],"wp:attachment":[{"href":"https:\/\/kapitalis.com\/tunisie\/wp-json\/wp\/v2\/media?parent=320461"}],"wp:term":[{"taxonomy":"category","embeddable":true,"href":"https:\/\/kapitalis.com\/tunisie\/wp-json\/wp\/v2\/categories?post=320461"},{"taxonomy":"post_tag","embeddable":true,"href":"https:\/\/kapitalis.com\/tunisie\/wp-json\/wp\/v2\/tags?post=320461"}],"curies":[{"name":"wp","href":"https:\/\/api.w.org\/{rel}","templated":true}]}}