{"id":320642,"date":"2020-10-15T10:31:05","date_gmt":"2020-10-15T09:31:05","guid":{"rendered":"http:\/\/kapitalis.com\/tunisie\/?p=320642"},"modified":"2020-10-15T10:47:21","modified_gmt":"2020-10-15T09:47:21","slug":"communique-de-presseun-an-deja-zaama-la-tunisie-a-su-choisir-son-president","status":"publish","type":"post","link":"https:\/\/kapitalis.com\/tunisie\/2020\/10\/15\/communique-de-presseun-an-deja-zaama-la-tunisie-a-su-choisir-son-president\/","title":{"rendered":"Un an d\u00e9j\u00e0 : \u201cZaama la Tunisie a su choisir son pr\u00e9sident?\u201d"},"content":{"rendered":"\n<figure class=\"wp-block-image size-large\"><img decoding=\"async\" src=\"http:\/\/kapitalis.com\/tunisie\/wp-content\/uploads\/2020\/10\/zaama.jpg\" alt=\"\" class=\"wp-image-320644\"\/><\/figure>\n\n\n\n<p><strong><em>Apr\u00e8s le grand succ\u00e8s du premier \u00e9pisode de la s\u00e9rie de d\u00e9bats t\u00e9l\u00e9vis\u00e9s \u201cZaama\u201d diffus\u00e9 le 27 septembre 2020 sous le titre \u201cZaama devons-nous changer notre r\u00e9gime politique?\u201d, Munathara Initiative lance le deuxi\u00e8me \u00e9pisode de cette s\u00e9rie dont le sujet est : \u201cZaama la Tunisie a su choisir son pr\u00e9sident?\u201d<\/em><\/strong><\/p>\n\n\n\n<!--more-->\n\n\n\n<p>Un an est d\u00e9j\u00e0 pass\u00e9 depuis la prestation de serment du pr\u00e9sident tunisien Kais Saied. Il s\u2019agit du deuxi\u00e8me rendez-vous m\u00e9diatique organis\u00e9 par Munathara, dans la cadre de l\u2019\u00e9valuation des diff\u00e9rents pouvoirs, apr\u00e8s le programme 99 days pendant lequel, le pr\u00e9sident ainsi qu\u2019un groupe de d\u00e9put\u00e9s ont \u00e9t\u00e9 invit\u00e9s \u00e0 d\u00e9battre des premiers 99 jours de leurs mandats \u00e0 la t\u00e9l\u00e9vision.<\/p>\n\n\n\n<p>Munathara a opt\u00e9 \u00e0 ce cycle de d\u00e9bat pour des formations en ligne afin de prot\u00e9ger les candidats et les formateurs dans ce contexte sanitaire d\u00e9licat.<\/p>\n\n\n\n<p>Ce deuxi\u00e8me \u00e9pisode de la s\u00e9rie de d\u00e9bat <em>\u201cZaama\u201d <\/em>sera diffus\u00e9 le 25 octobre courant en direct sur 3 cha\u00eenes t\u00e9l\u00e9 et 11 radios r\u00e9gionales. Les jeunes entre 16 et 35 ans sont invit\u00e9s \u00e0 participer en pr\u00e9sentant leurs positions pro ou contre la th\u00e8se <em>\u201cZaama la Tunisie a su choisir son pr\u00e9sident?\u201d<\/em> dans des vid\u00e9os de 99 secondes qu\u2019ils publient sur le site officiel de <strong><a aria-label=\"undefined (s\u2019ouvre dans un nouvel onglet)\" href=\"https:\/\/www.munathara.com\/en\/competition\/zaama-did-tunisia-make-right-choice-president\" target=\"_blank\" rel=\"noreferrer noopener\">Munathara<\/a><\/strong>.<\/p>\n","protected":false},"excerpt":{"rendered":"<p>Apr\u00e8s le grand succ\u00e8s du premier \u00e9pisode de la s\u00e9rie de d\u00e9bats t\u00e9l\u00e9vis\u00e9s \u201cZaama\u201d diffus\u00e9 le 27 septembre 2020 sous le titre \u201cZaama devons-nous changer notre r\u00e9gime politique?\u201d, Munathara Initiative lance le deuxi\u00e8me \u00e9pisode de cette s\u00e9rie dont le sujet est : \u201cZaama la Tunisie a su choisir son pr\u00e9sident?\u201d<\/p>\n","protected":false},"author":29,"featured_media":320644,"comment_status":"open","ping_status":"open","sticky":false,"template":"","format":"standard","meta":{"footnotes":""},"categories":[996,997,2433],"tags":[79627,74992,83803],"class_list":["post-320642","post","type-post","status-publish","format-standard","has-post-thumbnail","hentry","category-media","category-politique","category-tunisie","tag-kais-saied","tag-munathara","tag-zaama"],"yoast_head":"<!-- This site is optimized with the Yoast SEO plugin v26.6 - https:\/\/yoast.com\/wordpress\/plugins\/seo\/ -->\n<title>Un an d\u00e9j\u00e0 : \u201cZaama la Tunisie a su choisir son pr\u00e9sident?\u201d - Kapitalis<\/title>\n<meta name=\"robots\" content=\"index, follow, max-snippet:-1, max-image-preview:large, max-video-preview:-1\" \/>\n<link rel=\"canonical\" href=\"https:\/\/kapitalis.com\/tunisie\/2020\/10\/15\/communique-de-presseun-an-deja-zaama-la-tunisie-a-su-choisir-son-president\/\" \/>\n<meta property=\"og:locale\" content=\"fr_FR\" \/>\n<meta property=\"og:type\" content=\"article\" \/>\n<meta property=\"og:title\" content=\"Un an d\u00e9j\u00e0 : \u201cZaama la Tunisie a su choisir son pr\u00e9sident?\u201d - Kapitalis\" \/>\n<meta property=\"og:description\" content=\"Apr\u00e8s le grand succ\u00e8s du premier \u00e9pisode de la s\u00e9rie de d\u00e9bats t\u00e9l\u00e9vis\u00e9s \u201cZaama\u201d diffus\u00e9 le 27 septembre 2020 sous le titre \u201cZaama devons-nous changer notre r\u00e9gime politique?\u201d, Munathara Initiative lance le deuxi\u00e8me \u00e9pisode de cette s\u00e9rie dont le sujet est : \u201cZaama la Tunisie a su choisir son pr\u00e9sident?\u201d\" \/>\n<meta property=\"og:url\" content=\"https:\/\/kapitalis.com\/tunisie\/2020\/10\/15\/communique-de-presseun-an-deja-zaama-la-tunisie-a-su-choisir-son-president\/\" \/>\n<meta property=\"og:site_name\" content=\"Kapitalis\" \/>\n<meta property=\"article:publisher\" content=\"https:\/\/www.facebook.com\/KapitalisInfo\/\" \/>\n<meta property=\"article:published_time\" content=\"2020-10-15T09:31:05+00:00\" \/>\n<meta property=\"article:modified_time\" content=\"2020-10-15T09:47:21+00:00\" \/>\n<meta property=\"og:image\" content=\"https:\/\/kapitalis.com\/tunisie\/wp-content\/uploads\/2022\/05\/kapitalis-logo-fb.png\" \/>\n\t<meta property=\"og:image:width\" content=\"1200\" \/>\n\t<meta property=\"og:image:height\" content=\"630\" \/>\n\t<meta property=\"og:image:type\" content=\"image\/png\" \/>\n<meta name=\"author\" content=\"Aicha Gharbi\" \/>\n<meta name=\"twitter:card\" content=\"summary_large_image\" \/>\n<meta name=\"twitter:creator\" content=\"@KapitalisInfo\" \/>\n<meta name=\"twitter:site\" content=\"@KapitalisInfo\" \/>\n<meta name=\"twitter:label1\" content=\"\u00c9crit par\" \/>\n\t<meta name=\"twitter:data1\" content=\"Aicha Gharbi\" \/>\n\t<meta name=\"twitter:label2\" content=\"Dur\u00e9e de lecture estim\u00e9e\" \/>\n\t<meta name=\"twitter:data2\" content=\"1 minute\" \/>\n<script type=\"application\/ld+json\" class=\"yoast-schema-graph\">{\"@context\":\"https:\/\/schema.org\",\"@graph\":[{\"@type\":\"Article\",\"@id\":\"https:\/\/kapitalis.com\/tunisie\/2020\/10\/15\/communique-de-presseun-an-deja-zaama-la-tunisie-a-su-choisir-son-president\/#article\",\"isPartOf\":{\"@id\":\"https:\/\/kapitalis.com\/tunisie\/2020\/10\/15\/communique-de-presseun-an-deja-zaama-la-tunisie-a-su-choisir-son-president\/\"},\"author\":{\"name\":\"Aicha Gharbi\",\"@id\":\"https:\/\/kapitalis.com\/tunisie\/#\/schema\/person\/94ab1d1d5adae1aa5868e9aea09ff9a7\"},\"headline\":\"Un an d\u00e9j\u00e0 : \u201cZaama la Tunisie a su choisir son pr\u00e9sident?\u201d\",\"datePublished\":\"2020-10-15T09:31:05+00:00\",\"dateModified\":\"2020-10-15T09:47:21+00:00\",\"mainEntityOfPage\":{\"@id\":\"https:\/\/kapitalis.com\/tunisie\/2020\/10\/15\/communique-de-presseun-an-deja-zaama-la-tunisie-a-su-choisir-son-president\/\"},\"wordCount\":244,\"commentCount\":3,\"publisher\":{\"@id\":\"https:\/\/kapitalis.com\/tunisie\/#organization\"},\"image\":{\"@id\":\"https:\/\/kapitalis.com\/tunisie\/2020\/10\/15\/communique-de-presseun-an-deja-zaama-la-tunisie-a-su-choisir-son-president\/#primaryimage\"},\"thumbnailUrl\":\"\",\"keywords\":[\"\u064fKa\u00efs Sa\u00efed\",\"Munathara\",\"Zaama\"],\"articleSection\":[\"MEDIA\",\"POLITIQUE\",\"Tunisie\"],\"inLanguage\":\"fr-FR\",\"potentialAction\":[{\"@type\":\"CommentAction\",\"name\":\"Comment\",\"target\":[\"https:\/\/kapitalis.com\/tunisie\/2020\/10\/15\/communique-de-presseun-an-deja-zaama-la-tunisie-a-su-choisir-son-president\/#respond\"]}]},{\"@type\":\"WebPage\",\"@id\":\"https:\/\/kapitalis.com\/tunisie\/2020\/10\/15\/communique-de-presseun-an-deja-zaama-la-tunisie-a-su-choisir-son-president\/\",\"url\":\"https:\/\/kapitalis.com\/tunisie\/2020\/10\/15\/communique-de-presseun-an-deja-zaama-la-tunisie-a-su-choisir-son-president\/\",\"name\":\"Un an d\u00e9j\u00e0 : \u201cZaama la Tunisie a su choisir son pr\u00e9sident?\u201d - Kapitalis\",\"isPartOf\":{\"@id\":\"https:\/\/kapitalis.com\/tunisie\/#website\"},\"primaryImageOfPage\":{\"@id\":\"https:\/\/kapitalis.com\/tunisie\/2020\/10\/15\/communique-de-presseun-an-deja-zaama-la-tunisie-a-su-choisir-son-president\/#primaryimage\"},\"image\":{\"@id\":\"https:\/\/kapitalis.com\/tunisie\/2020\/10\/15\/communique-de-presseun-an-deja-zaama-la-tunisie-a-su-choisir-son-president\/#primaryimage\"},\"thumbnailUrl\":\"\",\"datePublished\":\"2020-10-15T09:31:05+00:00\",\"dateModified\":\"2020-10-15T09:47:21+00:00\",\"breadcrumb\":{\"@id\":\"https:\/\/kapitalis.com\/tunisie\/2020\/10\/15\/communique-de-presseun-an-deja-zaama-la-tunisie-a-su-choisir-son-president\/#breadcrumb\"},\"inLanguage\":\"fr-FR\",\"potentialAction\":[{\"@type\":\"ReadAction\",\"target\":[\"https:\/\/kapitalis.com\/tunisie\/2020\/10\/15\/communique-de-presseun-an-deja-zaama-la-tunisie-a-su-choisir-son-president\/\"]}]},{\"@type\":\"ImageObject\",\"inLanguage\":\"fr-FR\",\"@id\":\"https:\/\/kapitalis.com\/tunisie\/2020\/10\/15\/communique-de-presseun-an-deja-zaama-la-tunisie-a-su-choisir-son-president\/#primaryimage\",\"url\":\"\",\"contentUrl\":\"\"},{\"@type\":\"BreadcrumbList\",\"@id\":\"https:\/\/kapitalis.com\/tunisie\/2020\/10\/15\/communique-de-presseun-an-deja-zaama-la-tunisie-a-su-choisir-son-president\/#breadcrumb\",\"itemListElement\":[{\"@type\":\"ListItem\",\"position\":1,\"name\":\"Accueil\",\"item\":\"https:\/\/kapitalis.com\/tunisie\/\"},{\"@type\":\"ListItem\",\"position\":2,\"name\":\"Un an d\u00e9j\u00e0 : \u201cZaama la Tunisie a su choisir son pr\u00e9sident?\u201d\"}]},{\"@type\":\"WebSite\",\"@id\":\"https:\/\/kapitalis.com\/tunisie\/#website\",\"url\":\"https:\/\/kapitalis.com\/tunisie\/\",\"name\":\"Kapitalis\",\"description\":\"L&#039;actualit\u00e9 en Tunisie et dans le monde\",\"publisher\":{\"@id\":\"https:\/\/kapitalis.com\/tunisie\/#organization\"},\"potentialAction\":[{\"@type\":\"SearchAction\",\"target\":{\"@type\":\"EntryPoint\",\"urlTemplate\":\"https:\/\/kapitalis.com\/tunisie\/?s={search_term_string}\"},\"query-input\":{\"@type\":\"PropertyValueSpecification\",\"valueRequired\":true,\"valueName\":\"search_term_string\"}}],\"inLanguage\":\"fr-FR\"},{\"@type\":\"Organization\",\"@id\":\"https:\/\/kapitalis.com\/tunisie\/#organization\",\"name\":\"Kapitalis\",\"url\":\"https:\/\/kapitalis.com\/tunisie\/\",\"logo\":{\"@type\":\"ImageObject\",\"inLanguage\":\"fr-FR\",\"@id\":\"https:\/\/kapitalis.com\/tunisie\/#\/schema\/logo\/image\/\",\"url\":\"https:\/\/kapitalis.com\/tunisie\/wp-content\/uploads\/2022\/05\/Kapitalis-big-size.png\",\"contentUrl\":\"https:\/\/kapitalis.com\/tunisie\/wp-content\/uploads\/2022\/05\/Kapitalis-big-size.png\",\"width\":5000,\"height\":1500,\"caption\":\"Kapitalis\"},\"image\":{\"@id\":\"https:\/\/kapitalis.com\/tunisie\/#\/schema\/logo\/image\/\"},\"sameAs\":[\"https:\/\/www.facebook.com\/KapitalisInfo\/\",\"https:\/\/x.com\/KapitalisInfo\",\"https:\/\/www.youtube.com\/channel\/UC-yDYrHyfFBWWZaOw3FPg9Q\"]},{\"@type\":\"Person\",\"@id\":\"https:\/\/kapitalis.com\/tunisie\/#\/schema\/person\/94ab1d1d5adae1aa5868e9aea09ff9a7\",\"name\":\"Aicha Gharbi\",\"url\":\"https:\/\/kapitalis.com\/tunisie\/author\/aicha\/\"}]}<\/script>\n<!-- \/ Yoast SEO plugin. -->","yoast_head_json":{"title":"Un an d\u00e9j\u00e0 : \u201cZaama la Tunisie a su choisir son pr\u00e9sident?\u201d - Kapitalis","robots":{"index":"index","follow":"follow","max-snippet":"max-snippet:-1","max-image-preview":"max-image-preview:large","max-video-preview":"max-video-preview:-1"},"canonical":"https:\/\/kapitalis.com\/tunisie\/2020\/10\/15\/communique-de-presseun-an-deja-zaama-la-tunisie-a-su-choisir-son-president\/","og_locale":"fr_FR","og_type":"article","og_title":"Un an d\u00e9j\u00e0 : \u201cZaama la Tunisie a su choisir son pr\u00e9sident?\u201d - Kapitalis","og_description":"Apr\u00e8s le grand succ\u00e8s du premier \u00e9pisode de la s\u00e9rie de d\u00e9bats t\u00e9l\u00e9vis\u00e9s \u201cZaama\u201d diffus\u00e9 le 27 septembre 2020 sous le titre \u201cZaama devons-nous changer notre r\u00e9gime politique?\u201d, Munathara Initiative lance le deuxi\u00e8me \u00e9pisode de cette s\u00e9rie dont le sujet est : \u201cZaama la Tunisie a su choisir son pr\u00e9sident?\u201d","og_url":"https:\/\/kapitalis.com\/tunisie\/2020\/10\/15\/communique-de-presseun-an-deja-zaama-la-tunisie-a-su-choisir-son-president\/","og_site_name":"Kapitalis","article_publisher":"https:\/\/www.facebook.com\/KapitalisInfo\/","article_published_time":"2020-10-15T09:31:05+00:00","article_modified_time":"2020-10-15T09:47:21+00:00","og_image":[{"width":1200,"height":630,"url":"https:\/\/kapitalis.com\/tunisie\/wp-content\/uploads\/2022\/05\/kapitalis-logo-fb.png","type":"image\/png"}],"author":"Aicha Gharbi","twitter_card":"summary_large_image","twitter_creator":"@KapitalisInfo","twitter_site":"@KapitalisInfo","twitter_misc":{"\u00c9crit par":"Aicha Gharbi","Dur\u00e9e de lecture estim\u00e9e":"1 minute"},"schema":{"@context":"https:\/\/schema.org","@graph":[{"@type":"Article","@id":"https:\/\/kapitalis.com\/tunisie\/2020\/10\/15\/communique-de-presseun-an-deja-zaama-la-tunisie-a-su-choisir-son-president\/#article","isPartOf":{"@id":"https:\/\/kapitalis.com\/tunisie\/2020\/10\/15\/communique-de-presseun-an-deja-zaama-la-tunisie-a-su-choisir-son-president\/"},"author":{"name":"Aicha Gharbi","@id":"https:\/\/kapitalis.com\/tunisie\/#\/schema\/person\/94ab1d1d5adae1aa5868e9aea09ff9a7"},"headline":"Un an d\u00e9j\u00e0 : \u201cZaama la Tunisie a su choisir son pr\u00e9sident?\u201d","datePublished":"2020-10-15T09:31:05+00:00","dateModified":"2020-10-15T09:47:21+00:00","mainEntityOfPage":{"@id":"https:\/\/kapitalis.com\/tunisie\/2020\/10\/15\/communique-de-presseun-an-deja-zaama-la-tunisie-a-su-choisir-son-president\/"},"wordCount":244,"commentCount":3,"publisher":{"@id":"https:\/\/kapitalis.com\/tunisie\/#organization"},"image":{"@id":"https:\/\/kapitalis.com\/tunisie\/2020\/10\/15\/communique-de-presseun-an-deja-zaama-la-tunisie-a-su-choisir-son-president\/#primaryimage"},"thumbnailUrl":"","keywords":["\u064fKa\u00efs Sa\u00efed","Munathara","Zaama"],"articleSection":["MEDIA","POLITIQUE","Tunisie"],"inLanguage":"fr-FR","potentialAction":[{"@type":"CommentAction","name":"Comment","target":["https:\/\/kapitalis.com\/tunisie\/2020\/10\/15\/communique-de-presseun-an-deja-zaama-la-tunisie-a-su-choisir-son-president\/#respond"]}]},{"@type":"WebPage","@id":"https:\/\/kapitalis.com\/tunisie\/2020\/10\/15\/communique-de-presseun-an-deja-zaama-la-tunisie-a-su-choisir-son-president\/","url":"https:\/\/kapitalis.com\/tunisie\/2020\/10\/15\/communique-de-presseun-an-deja-zaama-la-tunisie-a-su-choisir-son-president\/","name":"Un an d\u00e9j\u00e0 : \u201cZaama la Tunisie a su choisir son pr\u00e9sident?\u201d - Kapitalis","isPartOf":{"@id":"https:\/\/kapitalis.com\/tunisie\/#website"},"primaryImageOfPage":{"@id":"https:\/\/kapitalis.com\/tunisie\/2020\/10\/15\/communique-de-presseun-an-deja-zaama-la-tunisie-a-su-choisir-son-president\/#primaryimage"},"image":{"@id":"https:\/\/kapitalis.com\/tunisie\/2020\/10\/15\/communique-de-presseun-an-deja-zaama-la-tunisie-a-su-choisir-son-president\/#primaryimage"},"thumbnailUrl":"","datePublished":"2020-10-15T09:31:05+00:00","dateModified":"2020-10-15T09:47:21+00:00","breadcrumb":{"@id":"https:\/\/kapitalis.com\/tunisie\/2020\/10\/15\/communique-de-presseun-an-deja-zaama-la-tunisie-a-su-choisir-son-president\/#breadcrumb"},"inLanguage":"fr-FR","potentialAction":[{"@type":"ReadAction","target":["https:\/\/kapitalis.com\/tunisie\/2020\/10\/15\/communique-de-presseun-an-deja-zaama-la-tunisie-a-su-choisir-son-president\/"]}]},{"@type":"ImageObject","inLanguage":"fr-FR","@id":"https:\/\/kapitalis.com\/tunisie\/2020\/10\/15\/communique-de-presseun-an-deja-zaama-la-tunisie-a-su-choisir-son-president\/#primaryimage","url":"","contentUrl":""},{"@type":"BreadcrumbList","@id":"https:\/\/kapitalis.com\/tunisie\/2020\/10\/15\/communique-de-presseun-an-deja-zaama-la-tunisie-a-su-choisir-son-president\/#breadcrumb","itemListElement":[{"@type":"ListItem","position":1,"name":"Accueil","item":"https:\/\/kapitalis.com\/tunisie\/"},{"@type":"ListItem","position":2,"name":"Un an d\u00e9j\u00e0 : \u201cZaama la Tunisie a su choisir son pr\u00e9sident?\u201d"}]},{"@type":"WebSite","@id":"https:\/\/kapitalis.com\/tunisie\/#website","url":"https:\/\/kapitalis.com\/tunisie\/","name":"Kapitalis","description":"L&#039;actualit\u00e9 en Tunisie et dans le monde","publisher":{"@id":"https:\/\/kapitalis.com\/tunisie\/#organization"},"potentialAction":[{"@type":"SearchAction","target":{"@type":"EntryPoint","urlTemplate":"https:\/\/kapitalis.com\/tunisie\/?s={search_term_string}"},"query-input":{"@type":"PropertyValueSpecification","valueRequired":true,"valueName":"search_term_string"}}],"inLanguage":"fr-FR"},{"@type":"Organization","@id":"https:\/\/kapitalis.com\/tunisie\/#organization","name":"Kapitalis","url":"https:\/\/kapitalis.com\/tunisie\/","logo":{"@type":"ImageObject","inLanguage":"fr-FR","@id":"https:\/\/kapitalis.com\/tunisie\/#\/schema\/logo\/image\/","url":"https:\/\/kapitalis.com\/tunisie\/wp-content\/uploads\/2022\/05\/Kapitalis-big-size.png","contentUrl":"https:\/\/kapitalis.com\/tunisie\/wp-content\/uploads\/2022\/05\/Kapitalis-big-size.png","width":5000,"height":1500,"caption":"Kapitalis"},"image":{"@id":"https:\/\/kapitalis.com\/tunisie\/#\/schema\/logo\/image\/"},"sameAs":["https:\/\/www.facebook.com\/KapitalisInfo\/","https:\/\/x.com\/KapitalisInfo","https:\/\/www.youtube.com\/channel\/UC-yDYrHyfFBWWZaOw3FPg9Q"]},{"@type":"Person","@id":"https:\/\/kapitalis.com\/tunisie\/#\/schema\/person\/94ab1d1d5adae1aa5868e9aea09ff9a7","name":"Aicha Gharbi","url":"https:\/\/kapitalis.com\/tunisie\/author\/aicha\/"}]}},"_links":{"self":[{"href":"https:\/\/kapitalis.com\/tunisie\/wp-json\/wp\/v2\/posts\/320642","targetHints":{"allow":["GET"]}}],"collection":[{"href":"https:\/\/kapitalis.com\/tunisie\/wp-json\/wp\/v2\/posts"}],"about":[{"href":"https:\/\/kapitalis.com\/tunisie\/wp-json\/wp\/v2\/types\/post"}],"author":[{"embeddable":true,"href":"https:\/\/kapitalis.com\/tunisie\/wp-json\/wp\/v2\/users\/29"}],"replies":[{"embeddable":true,"href":"https:\/\/kapitalis.com\/tunisie\/wp-json\/wp\/v2\/comments?post=320642"}],"version-history":[{"count":0,"href":"https:\/\/kapitalis.com\/tunisie\/wp-json\/wp\/v2\/posts\/320642\/revisions"}],"wp:featuredmedia":[{"embeddable":true,"href":"https:\/\/kapitalis.com\/tunisie\/wp-json\/wp\/v2\/media\/320644"}],"wp:attachment":[{"href":"https:\/\/kapitalis.com\/tunisie\/wp-json\/wp\/v2\/media?parent=320642"}],"wp:term":[{"taxonomy":"category","embeddable":true,"href":"https:\/\/kapitalis.com\/tunisie\/wp-json\/wp\/v2\/categories?post=320642"},{"taxonomy":"post_tag","embeddable":true,"href":"https:\/\/kapitalis.com\/tunisie\/wp-json\/wp\/v2\/tags?post=320642"}],"curies":[{"name":"wp","href":"https:\/\/api.w.org\/{rel}","templated":true}]}}