{"id":320702,"date":"2020-10-15T16:49:01","date_gmt":"2020-10-15T15:49:01","guid":{"rendered":"http:\/\/kapitalis.com\/tunisie\/?p=320702"},"modified":"2020-10-15T17:40:53","modified_gmt":"2020-10-15T16:40:53","slug":"tarek-bouchamaoui-jai-sollicite-la-ftf-pour-soutenir-ma-candidature-a-la-presidence-de-la-caf","status":"publish","type":"post","link":"https:\/\/kapitalis.com\/tunisie\/2020\/10\/15\/tarek-bouchamaoui-jai-sollicite-la-ftf-pour-soutenir-ma-candidature-a-la-presidence-de-la-caf\/","title":{"rendered":"Tarek Bouchamaoui : J&rsquo;ai sollicit\u00e9 la FTF pour soutenir ma candidature \u00e0 la pr\u00e9sidence de la CAF"},"content":{"rendered":"\n<figure class=\"wp-block-image size-large\"><img decoding=\"async\" src=\"http:\/\/kapitalis.com\/tunisie\/wp-content\/uploads\/2020\/10\/Tarek-Bouchamaoui.jpg\" alt=\"\" class=\"wp-image-320704\"\/><\/figure>\n\n\n\n<p><strong><em>Tarek Bouchamaoui, qui compte d\u00e9poser sa candidature pour la <strong><em>pr\u00e9sidence de la Conf\u00e9d\u00e9ration africaine de football (CAF)<\/em><\/strong><\/em><\/strong>, <strong><em>a assur\u00e9, <strong><em>ce jeudi 15 octobre 2020<\/em><\/strong>, lors d&rsquo;un entretien accord\u00e9 \u00e0 Mosa\u00efque FM, qu&rsquo;il avait, \u00e0 cet effet, sollicit\u00e9 le soutien de la F\u00e9d\u00e9ration tunisienne de football (FTF) et qu&rsquo;il attendait encore sa r\u00e9ponse. Il va attendre longtemps&#8230;<\/em><\/strong><\/p>\n\n\n\n<!--more-->\n\n\n\n<p>Car, si les rumeurs selon lesquelles Wadii Al-Jari, pr\u00e9sident de la FTF, compterait \u00e9galement pr\u00e9senter sa candidature pour le poste se confirmaient, ce n&rsquo;est pas s\u00fbr que la f\u00e9d\u00e9ration r\u00e9ponde favorablement \u00e0 l&rsquo;appel de Bouchamaoui.<\/p>\n\n\n\n<p>Actuellement membre du comit\u00e9 ex\u00e9cutif de la CAF et du conseil de la F\u00e9d\u00e9ration internationale de football (Fifa), Tarek Bouchamaoui estime, par ailleurs, qu&rsquo;il a un excellent dossier et l&rsquo;exp\u00e9rience qu&rsquo;il faut en vue de d\u00e9crocher ce poste.<\/p>\n\n\n\n<p>\u00abI<em>l faut conna\u00eetre la CAF de l\u2019int\u00e9rieur pour savoir ce qu\u2019il faut faire. <em>J\u2019ai \u00e9volu\u00e9 par \u00e9tapes et j\u2019ai suivi les conseils de feu Slim Aloulou<\/em> <\/em>(ancien repr\u00e9sentant de la Tunisie au sein de la conf\u00e9d\u00e9ration africaine, ndlr). <em><em>Apr\u00e8s 18 ans de carri\u00e8re \u00e0 la CAF, je sais comment les choses se passent. J\u2019ai commenc\u00e9 \u00e0 travailler depuis un bon moment sur mon programme<\/em><\/em>\u00bb<em>,<\/em> a-t-il d\u00e9clar\u00e9. <\/p>\n\n\n\n<p>Mais les raisons qui poussent le Tunisien \u00e0 se pr\u00e9senter pour la pr\u00e9sidence de la conf\u00e9d\u00e9ration continentale ne sont pas seulement d&rsquo;ordre personnel. Il a, en effet, assur\u00e9 qu&rsquo;il souhaiterait am\u00e9liorer la situation actuelle de la CAF, notamment sur le plan \u00e9conomique.<\/p>\n\n\n\n<p> <em>\u00abIl y a pas mal de probl\u00e8mes et de dysfonctionnements au sein de la CAF. Le constat indique que rien ne se passe comme pr\u00e9vu. Les changements de dates des comp\u00e9titions, par exemple, nuisent \u00e0 l\u2019image de la conf\u00e9d\u00e9ration et fait fuir les sponsors. Nous sommes en train de vendre un produit et une meilleure organisation permet d\u2019am\u00e9liorer l\u2019image du foot africain<\/em>\u00bb, a-t-il expliqu\u00e9 dans ce sens. Et d&rsquo;ajouter : \u00ab<em>Mon programme n\u00e9cessite beaucoup de travail. J\u2019ai \u00e9t\u00e9 d\u00e9j\u00e0 contact\u00e9 par pas mal de parties dans le monde et qui r\u00e9clament essentiellement une am\u00e9lioration de l\u2019image du foot au continent<\/em>\u00bb, terni par les affaires de corruption et la gabegie organisationnelle.<\/p>\n\n\n\n<p class=\"has-text-align-right\"><strong>C. B. Y.<\/strong><\/p>\n","protected":false},"excerpt":{"rendered":"<p>Tarek Bouchamaoui, qui compte d\u00e9poser sa candidature pour la pr\u00e9sidence de la Conf\u00e9d\u00e9ration africaine de football (CAF), a assur\u00e9, ce jeudi 15 octobre 2020, lors d&rsquo;un entretien accord\u00e9 \u00e0 Mosa\u00efque FM, qu&rsquo;il avait, \u00e0 cet effet, sollicit\u00e9 le soutien de la F\u00e9d\u00e9ration tunisienne de football (FTF) et qu&rsquo;il attendait encore sa r\u00e9ponse. Il va attendre&#8230;<\/p>\n","protected":false},"author":24,"featured_media":320704,"comment_status":"open","ping_status":"open","sticky":false,"template":"","format":"standard","meta":{"footnotes":""},"categories":[999,2433],"tags":[176,382,5208,83836,83837],"class_list":["post-320702","post","type-post","status-publish","format-standard","has-post-thumbnail","hentry","category-sport","category-tunisie","tag-caf","tag-fifa","tag-ftf","tag-tarek-bouachamaoui","tag-wadii-al-jari-2"],"yoast_head":"<!-- This site is optimized with the Yoast SEO plugin v26.6 - https:\/\/yoast.com\/wordpress\/plugins\/seo\/ -->\n<title>Tarek Bouchamaoui : J&#039;ai sollicit\u00e9 la FTF pour soutenir ma candidature \u00e0 la pr\u00e9sidence de la CAF - Kapitalis<\/title>\n<meta name=\"robots\" content=\"index, follow, max-snippet:-1, max-image-preview:large, max-video-preview:-1\" \/>\n<link rel=\"canonical\" href=\"https:\/\/kapitalis.com\/tunisie\/2020\/10\/15\/tarek-bouchamaoui-jai-sollicite-la-ftf-pour-soutenir-ma-candidature-a-la-presidence-de-la-caf\/\" \/>\n<meta property=\"og:locale\" content=\"fr_FR\" \/>\n<meta property=\"og:type\" content=\"article\" \/>\n<meta property=\"og:title\" content=\"Tarek Bouchamaoui : J&#039;ai sollicit\u00e9 la FTF pour soutenir ma candidature \u00e0 la pr\u00e9sidence de la CAF - Kapitalis\" \/>\n<meta property=\"og:description\" content=\"Tarek Bouchamaoui, qui compte d\u00e9poser sa candidature pour la pr\u00e9sidence de la Conf\u00e9d\u00e9ration africaine de football (CAF), a assur\u00e9, ce jeudi 15 octobre 2020, lors d&rsquo;un entretien accord\u00e9 \u00e0 Mosa\u00efque FM, qu&rsquo;il avait, \u00e0 cet effet, sollicit\u00e9 le soutien de la F\u00e9d\u00e9ration tunisienne de football (FTF) et qu&rsquo;il attendait encore sa r\u00e9ponse. Il va attendre...\" \/>\n<meta property=\"og:url\" content=\"https:\/\/kapitalis.com\/tunisie\/2020\/10\/15\/tarek-bouchamaoui-jai-sollicite-la-ftf-pour-soutenir-ma-candidature-a-la-presidence-de-la-caf\/\" \/>\n<meta property=\"og:site_name\" content=\"Kapitalis\" \/>\n<meta property=\"article:publisher\" content=\"https:\/\/www.facebook.com\/KapitalisInfo\/\" \/>\n<meta property=\"article:published_time\" content=\"2020-10-15T15:49:01+00:00\" \/>\n<meta property=\"article:modified_time\" content=\"2020-10-15T16:40:53+00:00\" \/>\n<meta property=\"og:image\" content=\"https:\/\/kapitalis.com\/tunisie\/wp-content\/uploads\/2022\/05\/kapitalis-logo-fb.png\" \/>\n\t<meta property=\"og:image:width\" content=\"1200\" \/>\n\t<meta property=\"og:image:height\" content=\"630\" \/>\n\t<meta property=\"og:image:type\" content=\"image\/png\" \/>\n<meta name=\"author\" content=\"Cherif Benyounes\" \/>\n<meta name=\"twitter:card\" content=\"summary_large_image\" \/>\n<meta name=\"twitter:creator\" content=\"@KapitalisInfo\" \/>\n<meta name=\"twitter:site\" content=\"@KapitalisInfo\" \/>\n<meta name=\"twitter:label1\" content=\"\u00c9crit par\" \/>\n\t<meta name=\"twitter:data1\" content=\"Cherif Benyounes\" \/>\n\t<meta name=\"twitter:label2\" content=\"Dur\u00e9e de lecture estim\u00e9e\" \/>\n\t<meta name=\"twitter:data2\" content=\"2 minutes\" \/>\n<script type=\"application\/ld+json\" class=\"yoast-schema-graph\">{\"@context\":\"https:\/\/schema.org\",\"@graph\":[{\"@type\":\"Article\",\"@id\":\"https:\/\/kapitalis.com\/tunisie\/2020\/10\/15\/tarek-bouchamaoui-jai-sollicite-la-ftf-pour-soutenir-ma-candidature-a-la-presidence-de-la-caf\/#article\",\"isPartOf\":{\"@id\":\"https:\/\/kapitalis.com\/tunisie\/2020\/10\/15\/tarek-bouchamaoui-jai-sollicite-la-ftf-pour-soutenir-ma-candidature-a-la-presidence-de-la-caf\/\"},\"author\":{\"name\":\"Cherif Benyounes\",\"@id\":\"https:\/\/kapitalis.com\/tunisie\/#\/schema\/person\/b35b8d631961131107263178aeb8019e\"},\"headline\":\"Tarek Bouchamaoui : J&rsquo;ai sollicit\u00e9 la FTF pour soutenir ma candidature \u00e0 la pr\u00e9sidence de la CAF\",\"datePublished\":\"2020-10-15T15:49:01+00:00\",\"dateModified\":\"2020-10-15T16:40:53+00:00\",\"mainEntityOfPage\":{\"@id\":\"https:\/\/kapitalis.com\/tunisie\/2020\/10\/15\/tarek-bouchamaoui-jai-sollicite-la-ftf-pour-soutenir-ma-candidature-a-la-presidence-de-la-caf\/\"},\"wordCount\":407,\"commentCount\":3,\"publisher\":{\"@id\":\"https:\/\/kapitalis.com\/tunisie\/#organization\"},\"image\":{\"@id\":\"https:\/\/kapitalis.com\/tunisie\/2020\/10\/15\/tarek-bouchamaoui-jai-sollicite-la-ftf-pour-soutenir-ma-candidature-a-la-presidence-de-la-caf\/#primaryimage\"},\"thumbnailUrl\":\"\",\"keywords\":[\"CAF\",\"Fifa\",\"FTF\",\"tarek bouachamaoui\",\"wadii al jari\"],\"articleSection\":[\"SPORT\",\"Tunisie\"],\"inLanguage\":\"fr-FR\",\"potentialAction\":[{\"@type\":\"CommentAction\",\"name\":\"Comment\",\"target\":[\"https:\/\/kapitalis.com\/tunisie\/2020\/10\/15\/tarek-bouchamaoui-jai-sollicite-la-ftf-pour-soutenir-ma-candidature-a-la-presidence-de-la-caf\/#respond\"]}]},{\"@type\":\"WebPage\",\"@id\":\"https:\/\/kapitalis.com\/tunisie\/2020\/10\/15\/tarek-bouchamaoui-jai-sollicite-la-ftf-pour-soutenir-ma-candidature-a-la-presidence-de-la-caf\/\",\"url\":\"https:\/\/kapitalis.com\/tunisie\/2020\/10\/15\/tarek-bouchamaoui-jai-sollicite-la-ftf-pour-soutenir-ma-candidature-a-la-presidence-de-la-caf\/\",\"name\":\"Tarek Bouchamaoui : J'ai sollicit\u00e9 la FTF pour soutenir ma candidature \u00e0 la pr\u00e9sidence de la CAF - Kapitalis\",\"isPartOf\":{\"@id\":\"https:\/\/kapitalis.com\/tunisie\/#website\"},\"primaryImageOfPage\":{\"@id\":\"https:\/\/kapitalis.com\/tunisie\/2020\/10\/15\/tarek-bouchamaoui-jai-sollicite-la-ftf-pour-soutenir-ma-candidature-a-la-presidence-de-la-caf\/#primaryimage\"},\"image\":{\"@id\":\"https:\/\/kapitalis.com\/tunisie\/2020\/10\/15\/tarek-bouchamaoui-jai-sollicite-la-ftf-pour-soutenir-ma-candidature-a-la-presidence-de-la-caf\/#primaryimage\"},\"thumbnailUrl\":\"\",\"datePublished\":\"2020-10-15T15:49:01+00:00\",\"dateModified\":\"2020-10-15T16:40:53+00:00\",\"breadcrumb\":{\"@id\":\"https:\/\/kapitalis.com\/tunisie\/2020\/10\/15\/tarek-bouchamaoui-jai-sollicite-la-ftf-pour-soutenir-ma-candidature-a-la-presidence-de-la-caf\/#breadcrumb\"},\"inLanguage\":\"fr-FR\",\"potentialAction\":[{\"@type\":\"ReadAction\",\"target\":[\"https:\/\/kapitalis.com\/tunisie\/2020\/10\/15\/tarek-bouchamaoui-jai-sollicite-la-ftf-pour-soutenir-ma-candidature-a-la-presidence-de-la-caf\/\"]}]},{\"@type\":\"ImageObject\",\"inLanguage\":\"fr-FR\",\"@id\":\"https:\/\/kapitalis.com\/tunisie\/2020\/10\/15\/tarek-bouchamaoui-jai-sollicite-la-ftf-pour-soutenir-ma-candidature-a-la-presidence-de-la-caf\/#primaryimage\",\"url\":\"\",\"contentUrl\":\"\"},{\"@type\":\"BreadcrumbList\",\"@id\":\"https:\/\/kapitalis.com\/tunisie\/2020\/10\/15\/tarek-bouchamaoui-jai-sollicite-la-ftf-pour-soutenir-ma-candidature-a-la-presidence-de-la-caf\/#breadcrumb\",\"itemListElement\":[{\"@type\":\"ListItem\",\"position\":1,\"name\":\"Accueil\",\"item\":\"https:\/\/kapitalis.com\/tunisie\/\"},{\"@type\":\"ListItem\",\"position\":2,\"name\":\"Tarek Bouchamaoui : J&rsquo;ai sollicit\u00e9 la FTF pour soutenir ma candidature \u00e0 la pr\u00e9sidence de la CAF\"}]},{\"@type\":\"WebSite\",\"@id\":\"https:\/\/kapitalis.com\/tunisie\/#website\",\"url\":\"https:\/\/kapitalis.com\/tunisie\/\",\"name\":\"Kapitalis\",\"description\":\"L&#039;actualit\u00e9 en Tunisie et dans le monde\",\"publisher\":{\"@id\":\"https:\/\/kapitalis.com\/tunisie\/#organization\"},\"potentialAction\":[{\"@type\":\"SearchAction\",\"target\":{\"@type\":\"EntryPoint\",\"urlTemplate\":\"https:\/\/kapitalis.com\/tunisie\/?s={search_term_string}\"},\"query-input\":{\"@type\":\"PropertyValueSpecification\",\"valueRequired\":true,\"valueName\":\"search_term_string\"}}],\"inLanguage\":\"fr-FR\"},{\"@type\":\"Organization\",\"@id\":\"https:\/\/kapitalis.com\/tunisie\/#organization\",\"name\":\"Kapitalis\",\"url\":\"https:\/\/kapitalis.com\/tunisie\/\",\"logo\":{\"@type\":\"ImageObject\",\"inLanguage\":\"fr-FR\",\"@id\":\"https:\/\/kapitalis.com\/tunisie\/#\/schema\/logo\/image\/\",\"url\":\"https:\/\/kapitalis.com\/tunisie\/wp-content\/uploads\/2022\/05\/Kapitalis-big-size.png\",\"contentUrl\":\"https:\/\/kapitalis.com\/tunisie\/wp-content\/uploads\/2022\/05\/Kapitalis-big-size.png\",\"width\":5000,\"height\":1500,\"caption\":\"Kapitalis\"},\"image\":{\"@id\":\"https:\/\/kapitalis.com\/tunisie\/#\/schema\/logo\/image\/\"},\"sameAs\":[\"https:\/\/www.facebook.com\/KapitalisInfo\/\",\"https:\/\/x.com\/KapitalisInfo\",\"https:\/\/www.youtube.com\/channel\/UC-yDYrHyfFBWWZaOw3FPg9Q\"]},{\"@type\":\"Person\",\"@id\":\"https:\/\/kapitalis.com\/tunisie\/#\/schema\/person\/b35b8d631961131107263178aeb8019e\",\"name\":\"Cherif Benyounes\",\"url\":\"https:\/\/kapitalis.com\/tunisie\/author\/cherif\/\"}]}<\/script>\n<!-- \/ Yoast SEO plugin. -->","yoast_head_json":{"title":"Tarek Bouchamaoui : J'ai sollicit\u00e9 la FTF pour soutenir ma candidature \u00e0 la pr\u00e9sidence de la CAF - Kapitalis","robots":{"index":"index","follow":"follow","max-snippet":"max-snippet:-1","max-image-preview":"max-image-preview:large","max-video-preview":"max-video-preview:-1"},"canonical":"https:\/\/kapitalis.com\/tunisie\/2020\/10\/15\/tarek-bouchamaoui-jai-sollicite-la-ftf-pour-soutenir-ma-candidature-a-la-presidence-de-la-caf\/","og_locale":"fr_FR","og_type":"article","og_title":"Tarek Bouchamaoui : J'ai sollicit\u00e9 la FTF pour soutenir ma candidature \u00e0 la pr\u00e9sidence de la CAF - Kapitalis","og_description":"Tarek Bouchamaoui, qui compte d\u00e9poser sa candidature pour la pr\u00e9sidence de la Conf\u00e9d\u00e9ration africaine de football (CAF), a assur\u00e9, ce jeudi 15 octobre 2020, lors d&rsquo;un entretien accord\u00e9 \u00e0 Mosa\u00efque FM, qu&rsquo;il avait, \u00e0 cet effet, sollicit\u00e9 le soutien de la F\u00e9d\u00e9ration tunisienne de football (FTF) et qu&rsquo;il attendait encore sa r\u00e9ponse. Il va attendre...","og_url":"https:\/\/kapitalis.com\/tunisie\/2020\/10\/15\/tarek-bouchamaoui-jai-sollicite-la-ftf-pour-soutenir-ma-candidature-a-la-presidence-de-la-caf\/","og_site_name":"Kapitalis","article_publisher":"https:\/\/www.facebook.com\/KapitalisInfo\/","article_published_time":"2020-10-15T15:49:01+00:00","article_modified_time":"2020-10-15T16:40:53+00:00","og_image":[{"width":1200,"height":630,"url":"https:\/\/kapitalis.com\/tunisie\/wp-content\/uploads\/2022\/05\/kapitalis-logo-fb.png","type":"image\/png"}],"author":"Cherif Benyounes","twitter_card":"summary_large_image","twitter_creator":"@KapitalisInfo","twitter_site":"@KapitalisInfo","twitter_misc":{"\u00c9crit par":"Cherif Benyounes","Dur\u00e9e de lecture estim\u00e9e":"2 minutes"},"schema":{"@context":"https:\/\/schema.org","@graph":[{"@type":"Article","@id":"https:\/\/kapitalis.com\/tunisie\/2020\/10\/15\/tarek-bouchamaoui-jai-sollicite-la-ftf-pour-soutenir-ma-candidature-a-la-presidence-de-la-caf\/#article","isPartOf":{"@id":"https:\/\/kapitalis.com\/tunisie\/2020\/10\/15\/tarek-bouchamaoui-jai-sollicite-la-ftf-pour-soutenir-ma-candidature-a-la-presidence-de-la-caf\/"},"author":{"name":"Cherif Benyounes","@id":"https:\/\/kapitalis.com\/tunisie\/#\/schema\/person\/b35b8d631961131107263178aeb8019e"},"headline":"Tarek Bouchamaoui : J&rsquo;ai sollicit\u00e9 la FTF pour soutenir ma candidature \u00e0 la pr\u00e9sidence de la CAF","datePublished":"2020-10-15T15:49:01+00:00","dateModified":"2020-10-15T16:40:53+00:00","mainEntityOfPage":{"@id":"https:\/\/kapitalis.com\/tunisie\/2020\/10\/15\/tarek-bouchamaoui-jai-sollicite-la-ftf-pour-soutenir-ma-candidature-a-la-presidence-de-la-caf\/"},"wordCount":407,"commentCount":3,"publisher":{"@id":"https:\/\/kapitalis.com\/tunisie\/#organization"},"image":{"@id":"https:\/\/kapitalis.com\/tunisie\/2020\/10\/15\/tarek-bouchamaoui-jai-sollicite-la-ftf-pour-soutenir-ma-candidature-a-la-presidence-de-la-caf\/#primaryimage"},"thumbnailUrl":"","keywords":["CAF","Fifa","FTF","tarek bouachamaoui","wadii al jari"],"articleSection":["SPORT","Tunisie"],"inLanguage":"fr-FR","potentialAction":[{"@type":"CommentAction","name":"Comment","target":["https:\/\/kapitalis.com\/tunisie\/2020\/10\/15\/tarek-bouchamaoui-jai-sollicite-la-ftf-pour-soutenir-ma-candidature-a-la-presidence-de-la-caf\/#respond"]}]},{"@type":"WebPage","@id":"https:\/\/kapitalis.com\/tunisie\/2020\/10\/15\/tarek-bouchamaoui-jai-sollicite-la-ftf-pour-soutenir-ma-candidature-a-la-presidence-de-la-caf\/","url":"https:\/\/kapitalis.com\/tunisie\/2020\/10\/15\/tarek-bouchamaoui-jai-sollicite-la-ftf-pour-soutenir-ma-candidature-a-la-presidence-de-la-caf\/","name":"Tarek Bouchamaoui : J'ai sollicit\u00e9 la FTF pour soutenir ma candidature \u00e0 la pr\u00e9sidence de la CAF - Kapitalis","isPartOf":{"@id":"https:\/\/kapitalis.com\/tunisie\/#website"},"primaryImageOfPage":{"@id":"https:\/\/kapitalis.com\/tunisie\/2020\/10\/15\/tarek-bouchamaoui-jai-sollicite-la-ftf-pour-soutenir-ma-candidature-a-la-presidence-de-la-caf\/#primaryimage"},"image":{"@id":"https:\/\/kapitalis.com\/tunisie\/2020\/10\/15\/tarek-bouchamaoui-jai-sollicite-la-ftf-pour-soutenir-ma-candidature-a-la-presidence-de-la-caf\/#primaryimage"},"thumbnailUrl":"","datePublished":"2020-10-15T15:49:01+00:00","dateModified":"2020-10-15T16:40:53+00:00","breadcrumb":{"@id":"https:\/\/kapitalis.com\/tunisie\/2020\/10\/15\/tarek-bouchamaoui-jai-sollicite-la-ftf-pour-soutenir-ma-candidature-a-la-presidence-de-la-caf\/#breadcrumb"},"inLanguage":"fr-FR","potentialAction":[{"@type":"ReadAction","target":["https:\/\/kapitalis.com\/tunisie\/2020\/10\/15\/tarek-bouchamaoui-jai-sollicite-la-ftf-pour-soutenir-ma-candidature-a-la-presidence-de-la-caf\/"]}]},{"@type":"ImageObject","inLanguage":"fr-FR","@id":"https:\/\/kapitalis.com\/tunisie\/2020\/10\/15\/tarek-bouchamaoui-jai-sollicite-la-ftf-pour-soutenir-ma-candidature-a-la-presidence-de-la-caf\/#primaryimage","url":"","contentUrl":""},{"@type":"BreadcrumbList","@id":"https:\/\/kapitalis.com\/tunisie\/2020\/10\/15\/tarek-bouchamaoui-jai-sollicite-la-ftf-pour-soutenir-ma-candidature-a-la-presidence-de-la-caf\/#breadcrumb","itemListElement":[{"@type":"ListItem","position":1,"name":"Accueil","item":"https:\/\/kapitalis.com\/tunisie\/"},{"@type":"ListItem","position":2,"name":"Tarek Bouchamaoui : J&rsquo;ai sollicit\u00e9 la FTF pour soutenir ma candidature \u00e0 la pr\u00e9sidence de la CAF"}]},{"@type":"WebSite","@id":"https:\/\/kapitalis.com\/tunisie\/#website","url":"https:\/\/kapitalis.com\/tunisie\/","name":"Kapitalis","description":"L&#039;actualit\u00e9 en Tunisie et dans le monde","publisher":{"@id":"https:\/\/kapitalis.com\/tunisie\/#organization"},"potentialAction":[{"@type":"SearchAction","target":{"@type":"EntryPoint","urlTemplate":"https:\/\/kapitalis.com\/tunisie\/?s={search_term_string}"},"query-input":{"@type":"PropertyValueSpecification","valueRequired":true,"valueName":"search_term_string"}}],"inLanguage":"fr-FR"},{"@type":"Organization","@id":"https:\/\/kapitalis.com\/tunisie\/#organization","name":"Kapitalis","url":"https:\/\/kapitalis.com\/tunisie\/","logo":{"@type":"ImageObject","inLanguage":"fr-FR","@id":"https:\/\/kapitalis.com\/tunisie\/#\/schema\/logo\/image\/","url":"https:\/\/kapitalis.com\/tunisie\/wp-content\/uploads\/2022\/05\/Kapitalis-big-size.png","contentUrl":"https:\/\/kapitalis.com\/tunisie\/wp-content\/uploads\/2022\/05\/Kapitalis-big-size.png","width":5000,"height":1500,"caption":"Kapitalis"},"image":{"@id":"https:\/\/kapitalis.com\/tunisie\/#\/schema\/logo\/image\/"},"sameAs":["https:\/\/www.facebook.com\/KapitalisInfo\/","https:\/\/x.com\/KapitalisInfo","https:\/\/www.youtube.com\/channel\/UC-yDYrHyfFBWWZaOw3FPg9Q"]},{"@type":"Person","@id":"https:\/\/kapitalis.com\/tunisie\/#\/schema\/person\/b35b8d631961131107263178aeb8019e","name":"Cherif Benyounes","url":"https:\/\/kapitalis.com\/tunisie\/author\/cherif\/"}]}},"_links":{"self":[{"href":"https:\/\/kapitalis.com\/tunisie\/wp-json\/wp\/v2\/posts\/320702","targetHints":{"allow":["GET"]}}],"collection":[{"href":"https:\/\/kapitalis.com\/tunisie\/wp-json\/wp\/v2\/posts"}],"about":[{"href":"https:\/\/kapitalis.com\/tunisie\/wp-json\/wp\/v2\/types\/post"}],"author":[{"embeddable":true,"href":"https:\/\/kapitalis.com\/tunisie\/wp-json\/wp\/v2\/users\/24"}],"replies":[{"embeddable":true,"href":"https:\/\/kapitalis.com\/tunisie\/wp-json\/wp\/v2\/comments?post=320702"}],"version-history":[{"count":0,"href":"https:\/\/kapitalis.com\/tunisie\/wp-json\/wp\/v2\/posts\/320702\/revisions"}],"wp:featuredmedia":[{"embeddable":true,"href":"https:\/\/kapitalis.com\/tunisie\/wp-json\/wp\/v2\/media\/320704"}],"wp:attachment":[{"href":"https:\/\/kapitalis.com\/tunisie\/wp-json\/wp\/v2\/media?parent=320702"}],"wp:term":[{"taxonomy":"category","embeddable":true,"href":"https:\/\/kapitalis.com\/tunisie\/wp-json\/wp\/v2\/categories?post=320702"},{"taxonomy":"post_tag","embeddable":true,"href":"https:\/\/kapitalis.com\/tunisie\/wp-json\/wp\/v2\/tags?post=320702"}],"curies":[{"name":"wp","href":"https:\/\/api.w.org\/{rel}","templated":true}]}}