{"id":320785,"date":"2020-10-16T12:59:17","date_gmt":"2020-10-16T11:59:17","guid":{"rendered":"http:\/\/kapitalis.com\/tunisie\/?p=320785"},"modified":"2020-10-16T13:01:16","modified_gmt":"2020-10-16T12:01:16","slug":"le-directeur-general-de-la-biat-elu-a-la-tete-de-laptbef","status":"publish","type":"post","link":"https:\/\/kapitalis.com\/tunisie\/2020\/10\/16\/le-directeur-general-de-la-biat-elu-a-la-tete-de-laptbef\/","title":{"rendered":"Le directeur g\u00e9n\u00e9ral de la Biat \u00e9lu \u00e0 la t\u00eate de l\u2019APTBEF"},"content":{"rendered":"\n<figure class=\"wp-block-image size-large\"><img decoding=\"async\" src=\"http:\/\/kapitalis.com\/tunisie\/wp-content\/uploads\/2020\/10\/Mohamed-Agrebi-1.jpg\" alt=\"\" class=\"wp-image-320786\"\/><\/figure>\n\n\n\n<p><strong><em>Le conseil d\u2019administration de l\u2019Association professionnelle tunisienne des banques et des \u00e9tablissements financiers (APTBEF), r\u00e9uni le 14 octobre 2020, a \u00e9lu le directeur g\u00e9n\u00e9ral de la Banque internationale arabe de Tunisie (Biat) Mohamed Agrebi, en tant que pr\u00e9sident du conseil d\u2019administration de l\u2019APTBEF. M. Agrebi succ\u00e8de \u00e0 Habib Ben Hadj Kouider, parti \u00e0 la retraite.<\/em><\/strong><\/p>\n\n\n\n<!--more-->\n\n\n\n<p><em>\u00abMon \u00e9lection en tant que pr\u00e9sident de l\u2019APTBEF m\u2019honore, et je remercie tous les membres du conseil d\u2019administration pour leur confiance. Nous travaillerons tous ensemble pour continuer \u00e0 assurer notre mission de d\u00e9veloppement et de promotion de la profession bancaire et financi\u00e8re\u00bb<\/em>, a d\u00e9clar\u00e9 M. Agrebi.<\/p>\n\n\n\n<p>\u00c0 la t\u00eate de la Biat depuis 6 ans en tant que directeur g\u00e9n\u00e9ral, M. Agrebi a men\u00e9 toute sa carri\u00e8re au sein de la Biat o\u00f9 il a occup\u00e9 diff\u00e9rentes responsabilit\u00e9s dans le r\u00e9seau, les services centraux et notamment au sein du d\u00e9partement \u2018Finance et Comptabilit\u00e9\u2019. V\u00e9ritable expert dans le secteur bancaire, rigoureux et proche de ses \u00e9quipes, il a plusieurs concr\u00e9tisations \u00e0 son actif qui font aujourd\u2019hui la r\u00e9ussite de la Biat.<\/p>\n\n\n\n<p>Rappelons que l\u2019APTBEF est un acteur majeur dans le d\u00e9veloppement et la promotion des m\u00e9tiers bancaires et financiers en Tunisie. Forte de l\u2019adh\u00e9sion des banques et des \u00e9tablissements financiers de tout le secteur, et en plus de son r\u00f4le de coordinateur actif entre la tutelle, l\u2019autorit\u00e9 mon\u00e9taire et les adh\u00e9rents pour toute question relative \u00e0 l\u2019exercice de la profession et \u00e0 l\u2019application de la l\u00e9gislation et de la r\u00e9glementation, l\u2019APTBEF f\u00e9d\u00e8re la r\u00e9flexion sur les sujets de d\u00e9veloppement et de croissance du secteur.<\/p>\n\n\n\n<p>Banque universelle, acteur de r\u00e9f\u00e9rence en Tunisie, la Biat constitue aujourd\u2019hui un groupe bancaire solide avec ses filiales dans les domaines de l\u2019assurance, de la gestion d\u2019actifs, du capital-investissement, de l\u2019interm\u00e9diation boursi\u00e8re et du conseil.<\/p>\n\n\n\n<p>Implant\u00e9e sur tout le territoire, la Biat compte aujourd\u2019hui 205 agences \u00e0 travers toute la Tunisie. Pr\u00e8s de 2000 collaborateurs travaillent au service de tous ses clients : particuliers, professionnels, PME, grandes entreprises et institutionnels.<\/p>\n\n\n\n<p>Tr\u00e8s attentive \u00e0 sa responsabilit\u00e9 soci\u00e9tale, la <a href=\"http:\/\/www.biat.com.tn\" target=\"_blank\" aria-label=\"undefined (s\u2019ouvre dans un nouvel onglet)\" rel=\"noreferrer noopener\">Biat<\/a> a traduit son positionnement citoyen par de nombreux engagements. La cr\u00e9ation de la Fondation Biat pour la jeunesse tunisienne, au printemps 2014, en est embl\u00e9matique et ancre cet engagement de fa\u00e7on p\u00e9renne.<\/p>\n\n\n\n<p><strong><em>Source<\/em><\/strong> : communiqu\u00e9.<\/p>\n","protected":false},"excerpt":{"rendered":"<p>Le conseil d\u2019administration de l\u2019Association professionnelle tunisienne des banques et des \u00e9tablissements financiers (APTBEF), r\u00e9uni le 14 octobre 2020, a \u00e9lu le directeur g\u00e9n\u00e9ral de la Banque internationale arabe de Tunisie (Biat) Mohamed Agrebi, en tant que pr\u00e9sident du conseil d\u2019administration de l\u2019APTBEF. M. Agrebi succ\u00e8de \u00e0 Habib Ben Hadj Kouider, parti \u00e0 la retraite.<\/p>\n","protected":false},"author":8,"featured_media":320786,"comment_status":"open","ping_status":"open","sticky":false,"template":"","format":"standard","meta":{"footnotes":""},"categories":[995,2433],"tags":[2724,146,38649,21137],"class_list":["post-320785","post","type-post","status-publish","format-standard","has-post-thumbnail","hentry","category-economie","category-tunisie","tag-aptbef","tag-biat","tag-habib-ben-hadj-kouider","tag-mohamed-agrebi"],"yoast_head":"<!-- This site is optimized with the Yoast SEO plugin v26.6 - https:\/\/yoast.com\/wordpress\/plugins\/seo\/ -->\n<title>Le directeur g\u00e9n\u00e9ral de la Biat \u00e9lu \u00e0 la t\u00eate de l\u2019APTBEF - Kapitalis<\/title>\n<meta name=\"robots\" content=\"index, follow, max-snippet:-1, max-image-preview:large, max-video-preview:-1\" \/>\n<link rel=\"canonical\" href=\"https:\/\/kapitalis.com\/tunisie\/2020\/10\/16\/le-directeur-general-de-la-biat-elu-a-la-tete-de-laptbef\/\" \/>\n<meta property=\"og:locale\" content=\"fr_FR\" \/>\n<meta property=\"og:type\" content=\"article\" \/>\n<meta property=\"og:title\" content=\"Le directeur g\u00e9n\u00e9ral de la Biat \u00e9lu \u00e0 la t\u00eate de l\u2019APTBEF - Kapitalis\" \/>\n<meta property=\"og:description\" content=\"Le conseil d\u2019administration de l\u2019Association professionnelle tunisienne des banques et des \u00e9tablissements financiers (APTBEF), r\u00e9uni le 14 octobre 2020, a \u00e9lu le directeur g\u00e9n\u00e9ral de la Banque internationale arabe de Tunisie (Biat) Mohamed Agrebi, en tant que pr\u00e9sident du conseil d\u2019administration de l\u2019APTBEF. M. Agrebi succ\u00e8de \u00e0 Habib Ben Hadj Kouider, parti \u00e0 la retraite.\" \/>\n<meta property=\"og:url\" content=\"https:\/\/kapitalis.com\/tunisie\/2020\/10\/16\/le-directeur-general-de-la-biat-elu-a-la-tete-de-laptbef\/\" \/>\n<meta property=\"og:site_name\" content=\"Kapitalis\" \/>\n<meta property=\"article:publisher\" content=\"https:\/\/www.facebook.com\/KapitalisInfo\/\" \/>\n<meta property=\"article:published_time\" content=\"2020-10-16T11:59:17+00:00\" \/>\n<meta property=\"article:modified_time\" content=\"2020-10-16T12:01:16+00:00\" \/>\n<meta property=\"og:image\" content=\"https:\/\/kapitalis.com\/tunisie\/wp-content\/uploads\/2022\/05\/kapitalis-logo-fb.png\" \/>\n\t<meta property=\"og:image:width\" content=\"1200\" \/>\n\t<meta property=\"og:image:height\" content=\"630\" \/>\n\t<meta property=\"og:image:type\" content=\"image\/png\" \/>\n<meta name=\"author\" content=\"webmaster kapitalis\" \/>\n<meta name=\"twitter:card\" content=\"summary_large_image\" \/>\n<meta name=\"twitter:creator\" content=\"@KapitalisInfo\" \/>\n<meta name=\"twitter:site\" content=\"@KapitalisInfo\" \/>\n<meta name=\"twitter:label1\" content=\"\u00c9crit par\" \/>\n\t<meta name=\"twitter:data1\" content=\"webmaster kapitalis\" \/>\n\t<meta name=\"twitter:label2\" content=\"Dur\u00e9e de lecture estim\u00e9e\" \/>\n\t<meta name=\"twitter:data2\" content=\"2 minutes\" \/>\n<script type=\"application\/ld+json\" class=\"yoast-schema-graph\">{\"@context\":\"https:\/\/schema.org\",\"@graph\":[{\"@type\":\"Article\",\"@id\":\"https:\/\/kapitalis.com\/tunisie\/2020\/10\/16\/le-directeur-general-de-la-biat-elu-a-la-tete-de-laptbef\/#article\",\"isPartOf\":{\"@id\":\"https:\/\/kapitalis.com\/tunisie\/2020\/10\/16\/le-directeur-general-de-la-biat-elu-a-la-tete-de-laptbef\/\"},\"author\":{\"name\":\"webmaster kapitalis\",\"@id\":\"https:\/\/kapitalis.com\/tunisie\/#\/schema\/person\/d71f33a9ca44f7bad4698210b480c8e9\"},\"headline\":\"Le directeur g\u00e9n\u00e9ral de la Biat \u00e9lu \u00e0 la t\u00eate de l\u2019APTBEF\",\"datePublished\":\"2020-10-16T11:59:17+00:00\",\"dateModified\":\"2020-10-16T12:01:16+00:00\",\"mainEntityOfPage\":{\"@id\":\"https:\/\/kapitalis.com\/tunisie\/2020\/10\/16\/le-directeur-general-de-la-biat-elu-a-la-tete-de-laptbef\/\"},\"wordCount\":432,\"commentCount\":0,\"publisher\":{\"@id\":\"https:\/\/kapitalis.com\/tunisie\/#organization\"},\"image\":{\"@id\":\"https:\/\/kapitalis.com\/tunisie\/2020\/10\/16\/le-directeur-general-de-la-biat-elu-a-la-tete-de-laptbef\/#primaryimage\"},\"thumbnailUrl\":\"\",\"keywords\":[\"APTBEF\",\"Biat\",\"Habib Ben Hadj Kouider\",\"Mohamed Agrebi\"],\"articleSection\":[\"ECONOMIE\",\"Tunisie\"],\"inLanguage\":\"fr-FR\",\"potentialAction\":[{\"@type\":\"CommentAction\",\"name\":\"Comment\",\"target\":[\"https:\/\/kapitalis.com\/tunisie\/2020\/10\/16\/le-directeur-general-de-la-biat-elu-a-la-tete-de-laptbef\/#respond\"]}]},{\"@type\":\"WebPage\",\"@id\":\"https:\/\/kapitalis.com\/tunisie\/2020\/10\/16\/le-directeur-general-de-la-biat-elu-a-la-tete-de-laptbef\/\",\"url\":\"https:\/\/kapitalis.com\/tunisie\/2020\/10\/16\/le-directeur-general-de-la-biat-elu-a-la-tete-de-laptbef\/\",\"name\":\"Le directeur g\u00e9n\u00e9ral de la Biat \u00e9lu \u00e0 la t\u00eate de l\u2019APTBEF - Kapitalis\",\"isPartOf\":{\"@id\":\"https:\/\/kapitalis.com\/tunisie\/#website\"},\"primaryImageOfPage\":{\"@id\":\"https:\/\/kapitalis.com\/tunisie\/2020\/10\/16\/le-directeur-general-de-la-biat-elu-a-la-tete-de-laptbef\/#primaryimage\"},\"image\":{\"@id\":\"https:\/\/kapitalis.com\/tunisie\/2020\/10\/16\/le-directeur-general-de-la-biat-elu-a-la-tete-de-laptbef\/#primaryimage\"},\"thumbnailUrl\":\"\",\"datePublished\":\"2020-10-16T11:59:17+00:00\",\"dateModified\":\"2020-10-16T12:01:16+00:00\",\"breadcrumb\":{\"@id\":\"https:\/\/kapitalis.com\/tunisie\/2020\/10\/16\/le-directeur-general-de-la-biat-elu-a-la-tete-de-laptbef\/#breadcrumb\"},\"inLanguage\":\"fr-FR\",\"potentialAction\":[{\"@type\":\"ReadAction\",\"target\":[\"https:\/\/kapitalis.com\/tunisie\/2020\/10\/16\/le-directeur-general-de-la-biat-elu-a-la-tete-de-laptbef\/\"]}]},{\"@type\":\"ImageObject\",\"inLanguage\":\"fr-FR\",\"@id\":\"https:\/\/kapitalis.com\/tunisie\/2020\/10\/16\/le-directeur-general-de-la-biat-elu-a-la-tete-de-laptbef\/#primaryimage\",\"url\":\"\",\"contentUrl\":\"\"},{\"@type\":\"BreadcrumbList\",\"@id\":\"https:\/\/kapitalis.com\/tunisie\/2020\/10\/16\/le-directeur-general-de-la-biat-elu-a-la-tete-de-laptbef\/#breadcrumb\",\"itemListElement\":[{\"@type\":\"ListItem\",\"position\":1,\"name\":\"Accueil\",\"item\":\"https:\/\/kapitalis.com\/tunisie\/\"},{\"@type\":\"ListItem\",\"position\":2,\"name\":\"Le directeur g\u00e9n\u00e9ral de la Biat \u00e9lu \u00e0 la t\u00eate de l\u2019APTBEF\"}]},{\"@type\":\"WebSite\",\"@id\":\"https:\/\/kapitalis.com\/tunisie\/#website\",\"url\":\"https:\/\/kapitalis.com\/tunisie\/\",\"name\":\"Kapitalis\",\"description\":\"L&#039;actualit\u00e9 en Tunisie et dans le monde\",\"publisher\":{\"@id\":\"https:\/\/kapitalis.com\/tunisie\/#organization\"},\"potentialAction\":[{\"@type\":\"SearchAction\",\"target\":{\"@type\":\"EntryPoint\",\"urlTemplate\":\"https:\/\/kapitalis.com\/tunisie\/?s={search_term_string}\"},\"query-input\":{\"@type\":\"PropertyValueSpecification\",\"valueRequired\":true,\"valueName\":\"search_term_string\"}}],\"inLanguage\":\"fr-FR\"},{\"@type\":\"Organization\",\"@id\":\"https:\/\/kapitalis.com\/tunisie\/#organization\",\"name\":\"Kapitalis\",\"url\":\"https:\/\/kapitalis.com\/tunisie\/\",\"logo\":{\"@type\":\"ImageObject\",\"inLanguage\":\"fr-FR\",\"@id\":\"https:\/\/kapitalis.com\/tunisie\/#\/schema\/logo\/image\/\",\"url\":\"https:\/\/kapitalis.com\/tunisie\/wp-content\/uploads\/2022\/05\/Kapitalis-big-size.png\",\"contentUrl\":\"https:\/\/kapitalis.com\/tunisie\/wp-content\/uploads\/2022\/05\/Kapitalis-big-size.png\",\"width\":5000,\"height\":1500,\"caption\":\"Kapitalis\"},\"image\":{\"@id\":\"https:\/\/kapitalis.com\/tunisie\/#\/schema\/logo\/image\/\"},\"sameAs\":[\"https:\/\/www.facebook.com\/KapitalisInfo\/\",\"https:\/\/x.com\/KapitalisInfo\",\"https:\/\/www.youtube.com\/channel\/UC-yDYrHyfFBWWZaOw3FPg9Q\"]},{\"@type\":\"Person\",\"@id\":\"https:\/\/kapitalis.com\/tunisie\/#\/schema\/person\/d71f33a9ca44f7bad4698210b480c8e9\",\"name\":\"webmaster kapitalis\",\"url\":\"https:\/\/kapitalis.com\/tunisie\/author\/webmaster-kapitalis\/\"}]}<\/script>\n<!-- \/ Yoast SEO plugin. -->","yoast_head_json":{"title":"Le directeur g\u00e9n\u00e9ral de la Biat \u00e9lu \u00e0 la t\u00eate de l\u2019APTBEF - Kapitalis","robots":{"index":"index","follow":"follow","max-snippet":"max-snippet:-1","max-image-preview":"max-image-preview:large","max-video-preview":"max-video-preview:-1"},"canonical":"https:\/\/kapitalis.com\/tunisie\/2020\/10\/16\/le-directeur-general-de-la-biat-elu-a-la-tete-de-laptbef\/","og_locale":"fr_FR","og_type":"article","og_title":"Le directeur g\u00e9n\u00e9ral de la Biat \u00e9lu \u00e0 la t\u00eate de l\u2019APTBEF - Kapitalis","og_description":"Le conseil d\u2019administration de l\u2019Association professionnelle tunisienne des banques et des \u00e9tablissements financiers (APTBEF), r\u00e9uni le 14 octobre 2020, a \u00e9lu le directeur g\u00e9n\u00e9ral de la Banque internationale arabe de Tunisie (Biat) Mohamed Agrebi, en tant que pr\u00e9sident du conseil d\u2019administration de l\u2019APTBEF. M. Agrebi succ\u00e8de \u00e0 Habib Ben Hadj Kouider, parti \u00e0 la retraite.","og_url":"https:\/\/kapitalis.com\/tunisie\/2020\/10\/16\/le-directeur-general-de-la-biat-elu-a-la-tete-de-laptbef\/","og_site_name":"Kapitalis","article_publisher":"https:\/\/www.facebook.com\/KapitalisInfo\/","article_published_time":"2020-10-16T11:59:17+00:00","article_modified_time":"2020-10-16T12:01:16+00:00","og_image":[{"width":1200,"height":630,"url":"https:\/\/kapitalis.com\/tunisie\/wp-content\/uploads\/2022\/05\/kapitalis-logo-fb.png","type":"image\/png"}],"author":"webmaster kapitalis","twitter_card":"summary_large_image","twitter_creator":"@KapitalisInfo","twitter_site":"@KapitalisInfo","twitter_misc":{"\u00c9crit par":"webmaster kapitalis","Dur\u00e9e de lecture estim\u00e9e":"2 minutes"},"schema":{"@context":"https:\/\/schema.org","@graph":[{"@type":"Article","@id":"https:\/\/kapitalis.com\/tunisie\/2020\/10\/16\/le-directeur-general-de-la-biat-elu-a-la-tete-de-laptbef\/#article","isPartOf":{"@id":"https:\/\/kapitalis.com\/tunisie\/2020\/10\/16\/le-directeur-general-de-la-biat-elu-a-la-tete-de-laptbef\/"},"author":{"name":"webmaster kapitalis","@id":"https:\/\/kapitalis.com\/tunisie\/#\/schema\/person\/d71f33a9ca44f7bad4698210b480c8e9"},"headline":"Le directeur g\u00e9n\u00e9ral de la Biat \u00e9lu \u00e0 la t\u00eate de l\u2019APTBEF","datePublished":"2020-10-16T11:59:17+00:00","dateModified":"2020-10-16T12:01:16+00:00","mainEntityOfPage":{"@id":"https:\/\/kapitalis.com\/tunisie\/2020\/10\/16\/le-directeur-general-de-la-biat-elu-a-la-tete-de-laptbef\/"},"wordCount":432,"commentCount":0,"publisher":{"@id":"https:\/\/kapitalis.com\/tunisie\/#organization"},"image":{"@id":"https:\/\/kapitalis.com\/tunisie\/2020\/10\/16\/le-directeur-general-de-la-biat-elu-a-la-tete-de-laptbef\/#primaryimage"},"thumbnailUrl":"","keywords":["APTBEF","Biat","Habib Ben Hadj Kouider","Mohamed Agrebi"],"articleSection":["ECONOMIE","Tunisie"],"inLanguage":"fr-FR","potentialAction":[{"@type":"CommentAction","name":"Comment","target":["https:\/\/kapitalis.com\/tunisie\/2020\/10\/16\/le-directeur-general-de-la-biat-elu-a-la-tete-de-laptbef\/#respond"]}]},{"@type":"WebPage","@id":"https:\/\/kapitalis.com\/tunisie\/2020\/10\/16\/le-directeur-general-de-la-biat-elu-a-la-tete-de-laptbef\/","url":"https:\/\/kapitalis.com\/tunisie\/2020\/10\/16\/le-directeur-general-de-la-biat-elu-a-la-tete-de-laptbef\/","name":"Le directeur g\u00e9n\u00e9ral de la Biat \u00e9lu \u00e0 la t\u00eate de l\u2019APTBEF - Kapitalis","isPartOf":{"@id":"https:\/\/kapitalis.com\/tunisie\/#website"},"primaryImageOfPage":{"@id":"https:\/\/kapitalis.com\/tunisie\/2020\/10\/16\/le-directeur-general-de-la-biat-elu-a-la-tete-de-laptbef\/#primaryimage"},"image":{"@id":"https:\/\/kapitalis.com\/tunisie\/2020\/10\/16\/le-directeur-general-de-la-biat-elu-a-la-tete-de-laptbef\/#primaryimage"},"thumbnailUrl":"","datePublished":"2020-10-16T11:59:17+00:00","dateModified":"2020-10-16T12:01:16+00:00","breadcrumb":{"@id":"https:\/\/kapitalis.com\/tunisie\/2020\/10\/16\/le-directeur-general-de-la-biat-elu-a-la-tete-de-laptbef\/#breadcrumb"},"inLanguage":"fr-FR","potentialAction":[{"@type":"ReadAction","target":["https:\/\/kapitalis.com\/tunisie\/2020\/10\/16\/le-directeur-general-de-la-biat-elu-a-la-tete-de-laptbef\/"]}]},{"@type":"ImageObject","inLanguage":"fr-FR","@id":"https:\/\/kapitalis.com\/tunisie\/2020\/10\/16\/le-directeur-general-de-la-biat-elu-a-la-tete-de-laptbef\/#primaryimage","url":"","contentUrl":""},{"@type":"BreadcrumbList","@id":"https:\/\/kapitalis.com\/tunisie\/2020\/10\/16\/le-directeur-general-de-la-biat-elu-a-la-tete-de-laptbef\/#breadcrumb","itemListElement":[{"@type":"ListItem","position":1,"name":"Accueil","item":"https:\/\/kapitalis.com\/tunisie\/"},{"@type":"ListItem","position":2,"name":"Le directeur g\u00e9n\u00e9ral de la Biat \u00e9lu \u00e0 la t\u00eate de l\u2019APTBEF"}]},{"@type":"WebSite","@id":"https:\/\/kapitalis.com\/tunisie\/#website","url":"https:\/\/kapitalis.com\/tunisie\/","name":"Kapitalis","description":"L&#039;actualit\u00e9 en Tunisie et dans le monde","publisher":{"@id":"https:\/\/kapitalis.com\/tunisie\/#organization"},"potentialAction":[{"@type":"SearchAction","target":{"@type":"EntryPoint","urlTemplate":"https:\/\/kapitalis.com\/tunisie\/?s={search_term_string}"},"query-input":{"@type":"PropertyValueSpecification","valueRequired":true,"valueName":"search_term_string"}}],"inLanguage":"fr-FR"},{"@type":"Organization","@id":"https:\/\/kapitalis.com\/tunisie\/#organization","name":"Kapitalis","url":"https:\/\/kapitalis.com\/tunisie\/","logo":{"@type":"ImageObject","inLanguage":"fr-FR","@id":"https:\/\/kapitalis.com\/tunisie\/#\/schema\/logo\/image\/","url":"https:\/\/kapitalis.com\/tunisie\/wp-content\/uploads\/2022\/05\/Kapitalis-big-size.png","contentUrl":"https:\/\/kapitalis.com\/tunisie\/wp-content\/uploads\/2022\/05\/Kapitalis-big-size.png","width":5000,"height":1500,"caption":"Kapitalis"},"image":{"@id":"https:\/\/kapitalis.com\/tunisie\/#\/schema\/logo\/image\/"},"sameAs":["https:\/\/www.facebook.com\/KapitalisInfo\/","https:\/\/x.com\/KapitalisInfo","https:\/\/www.youtube.com\/channel\/UC-yDYrHyfFBWWZaOw3FPg9Q"]},{"@type":"Person","@id":"https:\/\/kapitalis.com\/tunisie\/#\/schema\/person\/d71f33a9ca44f7bad4698210b480c8e9","name":"webmaster kapitalis","url":"https:\/\/kapitalis.com\/tunisie\/author\/webmaster-kapitalis\/"}]}},"_links":{"self":[{"href":"https:\/\/kapitalis.com\/tunisie\/wp-json\/wp\/v2\/posts\/320785","targetHints":{"allow":["GET"]}}],"collection":[{"href":"https:\/\/kapitalis.com\/tunisie\/wp-json\/wp\/v2\/posts"}],"about":[{"href":"https:\/\/kapitalis.com\/tunisie\/wp-json\/wp\/v2\/types\/post"}],"author":[{"embeddable":true,"href":"https:\/\/kapitalis.com\/tunisie\/wp-json\/wp\/v2\/users\/8"}],"replies":[{"embeddable":true,"href":"https:\/\/kapitalis.com\/tunisie\/wp-json\/wp\/v2\/comments?post=320785"}],"version-history":[{"count":0,"href":"https:\/\/kapitalis.com\/tunisie\/wp-json\/wp\/v2\/posts\/320785\/revisions"}],"wp:featuredmedia":[{"embeddable":true,"href":"https:\/\/kapitalis.com\/tunisie\/wp-json\/wp\/v2\/media\/320786"}],"wp:attachment":[{"href":"https:\/\/kapitalis.com\/tunisie\/wp-json\/wp\/v2\/media?parent=320785"}],"wp:term":[{"taxonomy":"category","embeddable":true,"href":"https:\/\/kapitalis.com\/tunisie\/wp-json\/wp\/v2\/categories?post=320785"},{"taxonomy":"post_tag","embeddable":true,"href":"https:\/\/kapitalis.com\/tunisie\/wp-json\/wp\/v2\/tags?post=320785"}],"curies":[{"name":"wp","href":"https:\/\/api.w.org\/{rel}","templated":true}]}}