{"id":320881,"date":"2020-10-17T09:15:00","date_gmt":"2020-10-17T08:15:00","guid":{"rendered":"http:\/\/kapitalis.com\/tunisie\/?p=320881"},"modified":"2020-10-17T09:15:57","modified_gmt":"2020-10-17T08:15:57","slug":"entretien-erkin-ablimit-parle-de-la-cause-des-ouighours","status":"publish","type":"post","link":"https:\/\/kapitalis.com\/tunisie\/2020\/10\/17\/entretien-erkin-ablimit-parle-de-la-cause-des-ouighours\/","title":{"rendered":"Entretien : Erkin Ablimit parle de la cause des Ouighours"},"content":{"rendered":"\n<figure class=\"wp-block-image size-large\"><img decoding=\"async\" src=\"http:\/\/kapitalis.com\/tunisie\/wp-content\/uploads\/2020\/10\/Erkin-Ablimit.jpg\" alt=\"\" class=\"wp-image-320882\"\/><\/figure>\n\n\n\n<p><strong><em>La situation est des plus urgentes pour les Ouighours, la minorit\u00e9 turcophone et musulmane du Xinjiang, en proie \u00e0 des pers\u00e9cutions d&rsquo;ordre g\u00e9nocidaire en Chine. Dans cet entretien, Erkin Ablimit, activiste et haut repr\u00e9sentant de la cause du Turkestan Oriental, fait le bilan du combat des Ouighours sur les plans int\u00e9rieur et international et de d\u00e9finir l\u2019objectif du gouvernement form\u00e9 par les exil\u00e9s.<\/em><\/strong><\/p>\n\n\n\n<p><em>Entretien r\u00e9alis\u00e9 par<\/em> <strong>Gianguglielmo Lozato<\/strong> *<\/p>\n\n\n\n<!--more-->\n\n\n\n<p>Le Congr\u00e8s international ouighour s\u2019est d\u00e9roul\u00e9 il y a quelques mois \u00e0 Washington et \u00e0 Arlington, aux Etats-Unis. Cet \u00e9v\u00e9nement organis\u00e9 avec l\u2019aide de diplomates, de politiciens et d\u2019universitaires a d\u00e9bouch\u00e9 sur l\u2019\u00e9lection d\u2019Erkin Ablimit en tant que pr\u00e9sident du gouvernement du Turkestan Oriental. Puis \u00e0 la constitution de l\u2019organigramme gouvernemental g\u00e9n\u00e9ral. Avec une femme comme vice-pr\u00e9sidente : Mahira Ghopur. Sans compter l\u2019adoubement par une grande personnalit\u00e9 comme Rebiya Kadeer. Le tout dans une ambiance studieuse et un esprit de concertation affich\u00e9 par une diaspora d\u00e9cid\u00e9e \u00e0 faire mieux conna\u00eetre son peuple et les souffrances qu\u2019il est en train d\u2019endurer.<\/p>\n\n\n\n<p>Erkin Ablimit, est responsable de l\u2019Association Ouighours de France et de l\u2019Union internationale des Ouighours.<\/p>\n\n\n\n<p><strong><em>Kapitalis :<\/em><\/strong> <strong><em>Quel est l\u2019enjeu du Congr\u00e8s international ouighour, hormis l\u2019\u00e9lection en elle-m\u00eame?<\/em><\/strong><\/p>\n\n\n\n<p><strong>Erkin Ablimit :<\/strong> Le but est de faire \u00e9voluer la direction de notre combat. Pour sauver notre peuple qui est en train de subir les pires atrocit\u00e9s. On doit aussi se pr\u00e9parer \u00e0 une \u00e9ventuelle ind\u00e9pendance, avec un gouvernement temporaire. Mais seuls, ce n\u2019est pas facile. Les Etats-Unis et l\u2019Europe devraient nous aider donc nous les sollicitons. Et c\u2019est une marque de confiance de notre part.<\/p>\n\n\n\n<div class=\"wp-block-image\"><figure class=\"aligncenter size-large is-resized\"><img decoding=\"async\" src=\"http:\/\/kapitalis.com\/tunisie\/wp-content\/uploads\/2020\/10\/Le-president-Ablimit-et-la-vice-presidente-Mahira-Ghopur-durant-une-manifestation-dans-le-quartier-de-la-Maison-Blanche..jpg\" alt=\"\" class=\"wp-image-320883\" width=\"500\"\/><figcaption><em>Le pr\u00e9sident Ablimit et la vice-pr\u00e9sidente Ghopur durant une manifestation dans le quartier de la Maison Blanche.<\/em><\/figcaption><\/figure><\/div>\n\n\n\n<p><strong><em>Quel syst\u00e8me pr\u00f4nez-vous ?<\/em><\/strong><\/p>\n\n\n\n<p>Avant tout, la d\u00e9mocratie. Ensuite sauvegarder l\u2019\u00e9galit\u00e9 des individus au Turkestan Oriental et pr\u00e9server la souverainet\u00e9 du pays. Car nous avons eu notre propre patrie dans le pass\u00e9, ne l\u2019oubliez pas. Notre civilisation n\u2019est pas sinisante. Pas facile avec le communisme depuis 1949 et l\u2019annexion chinoise mais nous pourrons y parvenir si on agit tout de suite avec la communaut\u00e9 internationale dans son ensemble. Il faut imp\u00e9rativement susciter le gout pour la d\u00e9mocratie civique, responsable, respectueuse des droits de l\u2019Homme.<\/p>\n\n\n\n<p>Beaucoup de gens n\u2019ont connu que la dictature. Il y a tout un travail de r\u00e9\u00e9ducation. Ce gouvernement temporaire que je repr\u00e9sente avec mes collaborateurs a pour but de mener \u00e0 un syst\u00e8me correct et juste.<\/p>\n\n\n\n<p><strong><em>Le moteur de votre action est la discrimination violente dont vous et votre peuple constituez l\u2019objet en Chine. O\u00f9 en est exactement la situation ?<\/em><\/strong><\/p>\n\n\n\n<p>De pire en pire ! Depuis 2007, les choses vont en empirant. Il y a de tels d\u00e9g\u00e2ts que l\u2019on \u00e9tablit des chiffres relatifs \u00e0 l\u2019emprisonnement de citoyens ouighours se situant entre 1 et 5 millions de personnes dans des camps. Il y a des d\u00e9placements consid\u00e9rables de population, l\u2019\u00e9clatement des familles sur toute la Chine. Un changement total du paysage humain et d\u00e9mographique est en train de s\u2019op\u00e9rer conjointement avec le lavage de cerveau communiste extr\u00e9miste fa\u00e7on Xi Jinping. Et oui, le probl\u00e8me majeur est que l&rsquo;ethnie et la religion forment les deux moteurs de la gouvernance nationale chinoise.<\/p>\n\n\n\n<p><strong><em>Au niveau international, qu\u2019est-ce que vous pr\u00e9conisez ?<\/em><\/strong><\/p>\n\n\n\n<p>Une prise conscience g\u00e9n\u00e9rale. On doit informer au maximum le grand public, le mettre en garde m\u00eame. Nos attentes sont nombreuses. Disons que dans l\u2019imm\u00e9diat la toute premi\u00e8re des priorit\u00e9s est de fermer les camps de concentration. Ensuite il faudra penser au statut de notre r\u00e9gion qui est \u00e0 la base de notre nation.<\/p>\n\n\n\n<p>Plus que l\u2019autonomie propos\u00e9e par la Chine, qui est formelle et seulement sur le papier, il faudra tout de suite, et apr\u00e8s la fermeture des camps, chercher \u00e0 lancer un rapide processus pour instaurer l\u2019ind\u00e9pendance. Par exemple, les Nations Unies \u00e9taient venues en aide au Kosovo. Or, nous nous trouvons dans une situation encore pire! Il y a des pressions d\u00e9mographiques de tous ordres, des violences polici\u00e8res, des viols, des mariages forc\u00e9s, \u00e7a va jusqu\u2019au trafic d\u2019organes.<\/p>\n\n\n\n<div class=\"wp-block-image\"><figure class=\"aligncenter size-large is-resized\"><img decoding=\"async\" src=\"http:\/\/kapitalis.com\/tunisie\/wp-content\/uploads\/2020\/10\/Reunion-avec-la-dissidente-Rebiya-Kadeer-a-Washington-M.-Ablimit-cravatea-lextremite.Les-deux-autres-personnes-ont-des-activistes-membres-du-Congres-Internation-1024x576.jpg\" alt=\"\" class=\"wp-image-320884\" width=\"500\"\/><figcaption><em>R\u00e9union avec la dissidente Rebiya Kadeer \u00e0 Washington, M. Ablimit (cravate,\u00e0 l&rsquo;extr\u00e9mit\u00e9). Et des activistes membres du Congr\u00e8s International des Ouighours.<\/em><\/figcaption><\/figure><\/div>\n\n\n\n<p><strong><em>Le premier interlocuteur sera donc le gouvernement du Turkestan en exil ? Et quel est le premier mot d\u2019ordre?<\/em><\/strong><\/p>\n\n\n\n<p>Nous avons un devoir de repr\u00e9sentativit\u00e9 qui d\u00e9fend \u00e0 la fois l\u2019individuel et le collectif. Nous demandons la supervision voire l\u2019intervention du Conseil de S\u00e9curit\u00e9. Oui c\u2019est une grande responsabilit\u00e9 pour tous les membres de notre gouvernement. Nous devons aussi entretenir une culture, une image, un \u00e9tat d\u2019esprit. Puis ensuite d\u00e9velopper le commerce en m\u00eame temps que le tourisme pour mieux nous faire conna\u00eetre et faire appr\u00e9cier notre mode de vie ainsi que notre fa\u00e7on de nous comporter.<\/p>\n\n\n\n<p><strong><em>Justement, \u00e0 propos des mentalit\u00e9s, que faire face aux d\u00e9rives autoritaires ou islamistes?<\/em><\/strong><\/p>\n\n\n\n<p>Nous sommes lib\u00e9raux dans l\u2019\u00e2me. Un syst\u00e8me politique lib\u00e9ral ou socio-lib\u00e9ral serait le bienvenu pour notre Turkestan. Ensuite, j\u2019insiste lourdement sur un point : nous sommes un peuple attach\u00e9 \u00e0 ses traditions, mais il faut rester la\u00efc! Ce n&rsquo;est pas parce que l\u2019on est attach\u00e9 \u00e0 une tradition culturelle ou religieuse qu\u2019il faut manifester de l\u2019intol\u00e9rance comme le font actuellement les Chinois envers les musulmans ou les chr\u00e9tiens. Je tiens \u00e0 le pr\u00e9ciser car cela a repr\u00e9sent\u00e9 un motif de scission avec un autre groupe ouighour bas\u00e9 \u00e0 l\u2019\u00e9tranger mais d\u2019inspiration trop radicalis\u00e9e sur le plan religieux. On se doit de respecter les autres tout en se respectant soi-m\u00eame. On pourrait \u00e9ventuellement s\u2019inspirer non pas de pays comme l\u2019Afghanistan, loin de l\u00e0, mais plut\u00f4t de nations comme la Turquie.<\/p>\n\n\n\n<p><strong><em>Vous touchez l\u00e0 un point sensible: votre rapport avec la Turquie. Pouvez-vous nous parler de cela ?<\/em><\/strong><\/p>\n\n\n\n<p>La Turquie c&rsquo;est un pays fr\u00e8re. Il fait partie de l\u2019espace linguistique turcophone que nous partageons en commun. Nos relations sont ancestrales. Enorm\u00e9ment de Ouighours aiment visiter le territoire turc. La Turquie c\u2019est le mythe de l\u2019Empire Ottoman.<\/p>\n\n\n\n<p>Par ailleurs, et d\u2019un point de vue plus pragmatique, la Turquie si\u00e8ge au Conseil de S\u00e9curit\u00e9 de l\u2019ONU. Il est important de le souligner. Et puis il existe une diaspora turque \u00e0 l\u2019\u00e9tranger tout comme il existe une communaut\u00e9 d\u2019exil\u00e9s ouighours \u00e9tablis un peu partout dans le monde. Et cela peut devenir un avantage, croyez-moi.<\/p>\n\n\n\n<p><strong><em>En quel sens ?<\/em><\/strong><\/p>\n\n\n\n<p>Les turcs ont \u00e9migr\u00e9 massivement en Allemagne. On en trouve aussi en Suisse, en Belgique ou en France. Ils peuvent servir de relais pour nous aider ou au moins sensibiliser l&rsquo;opinion publique.<\/p>\n\n\n\n<p>En Allemagne, les Turcs sont tr\u00e8s nombreux et les Ouighours y sont un peu plus implant\u00e9s qu\u2019en France. Cela a conduit \u00e0 des collaborations. Et la cha\u00eene de t\u00e9l\u00e9vision franco-allemande Arte a d\u00e9j\u00e0 parl\u00e9 de ce qui se passe en Chine.<\/p>\n\n\n\n<p>En France, les Turcs pourraient aider la cause ouighoure en mobilisant leur tissu associatif et des sponsors. Surtout dans un d\u00e9partement comme le 77, grand par sa superficie et li\u00e9 \u00e0 Paris la Ville Lumi\u00e8re et en m\u00eame temps la ville des Lumi\u00e8res. La France a des valeurs qui ne sont pas respect\u00e9es par le gouvernement chinois actuel. Je suis tr\u00e8s attach\u00e9 \u00e0 la France. Aux Etats-Unis aussi car ils ont \u00e9voqu\u00e9 \u00e0 plusieurs reprises notre situation.<\/p>\n\n\n\n<figure class=\"wp-block-image size-large is-resized\"><img decoding=\"async\" src=\"http:\/\/kapitalis.com\/tunisie\/wp-content\/uploads\/2020\/10\/Photo-de-militants-ouighours-1024x576.jpg\" alt=\"\" class=\"wp-image-320885\" width=\"500\"\/><figcaption><em>Manifestation de militants ouighours en France.<\/em><\/figcaption><\/figure>\n\n\n\n<p><strong><em>Et maintenant, quels sont vos projets ?<\/em><\/strong><\/p>\n\n\n\n<p>Repr\u00e9senter le Turkestan Oriental avec \u00e9quit\u00e9 et dignit\u00e9. Et contribuer \u00e0 le sauver. Nous envisageons des tourn\u00e9es en France, au Japon, en Italie, en Belgique et peut-\u00eatre \u00e0 Taiwan ou en Turquie. On veut aussi renverser l\u2019envahisseur chinois voulant an\u00e9antir la culture turque sur son territoire soi-disant national. Cela sensibiliserait encore mieux l\u2019opinion internationale vis-\u00e0-vis de l\u2019injustice en g\u00e9n\u00e9ral, que ce soit de la part du gouvernement chinois envers ses minorit\u00e9s chr\u00e9tiennes et musulmanes, que ce soit envers les terroristes de Daech exterminant ou r\u00e9duisant en esclavage le peuple Yazidi dont la seule culpabilit\u00e9 \u00e0 leurs yeux est d&rsquo;avoir la foi chr\u00e9tienne.<\/p>\n\n\n\n<p><strong><em>Donc vous avez un message \u00e0 destination du monde entier ?<\/em><\/strong><\/p>\n\n\n\n<p>Oui, bien entendu. Pas qu\u2019\u00e0 la France et \u00e0 la Turquie, pas qu\u2019aux Etats-Unis. Justement nous sommes sur une pente ascensionnelle car les Etats-Unis ont reconnu notre mouvement en avalisant la cr\u00e9ation officielle de l\u2019Union internationale des Ouighours. C\u2019est le signe d\u2019une plus grande internationalisation. Que ce soit en Occident ou ailleurs. Et ailleurs \u00e7a veut dire partout car le monde doit prendre conscience du non-sens d\u2019un tel ph\u00e9nom\u00e8ne comme le g\u00e9nocide alors que deux d\u00e9cennies du vingt-et-uni\u00e8me si\u00e8cle sont d\u00e9j\u00e0 \u00e9coul\u00e9es.<\/p>\n\n\n\n<p>Je vois bien dans l\u2019imm\u00e9diat d\u2019autres nations susceptibles de nous \u00e9pauler moralement. J\u2019ai plusieurs exemples en t\u00eate. Par exemple l\u2019Angleterre car elle sert de par sa langue, tout comme les Etats-Unis, \u00e0 communiquer partout. Ensuite le monde musulman dans son ensemble mais je pense particuli\u00e8rement \u00e0 la Tunisie car elle a \u00e9t\u00e9 la nation instigatrice du Printemps Arabe. Et puis c\u2019est un pays id\u00e9alement situ\u00e9 en Afrique mais touchant presque l\u2019Europe. Et tous les opprim\u00e9s de Chine auraient besoin d\u2019une r\u00e9volution pour balayer l\u2019establishment li\u00e9 \u00e0 Xi Jinping. Et puis la Tunisie a \u00e0 l&rsquo;origine une approche non extr\u00e9miste de la religion, ce qui convient parfaitement \u00e0 la majorit\u00e9 des Ouighours chez qui m\u00eame les plus religieux ne sont pas tent\u00e9s par l\u2019extr\u00e9misme. De plus en Tunisie l\u2019usage de la langue fran\u00e7aise est assez r\u00e9pandu, ce qui peut faciliter des choses au niveau d\u2019une communication de type plus diplomatique. Ah j\u2019oubliais : en Tunisie, \u00e0 une \u00e9poque, il y avait le bey, petit clin d\u2019\u0153il au monde turcisant dont nous, Ouighours, faisons partie, mais plac\u00e9s tout \u00e0 l&rsquo;extr\u00e9mit\u00e9.<\/p>\n\n\n\n<p><strong><em>Vos derni\u00e8res pens\u00e9es ?<\/em><\/strong><\/p>\n\n\n\n<p>Ce seront plus des recommandations que des pens\u00e9es. Je vous mets en garde contre l\u2019intol\u00e9rance. M\u00eame si vous n\u2019\u00e9prouvez pas de points communs avec une personne ou un groupe de personnes, il faut garder \u00e0 l\u2019esprit que ce n\u2019est pas une raison pour porter atteinte violemment \u00e0 autrui. M\u00e9fiez-vous des totalitarismes comme celui qui est pratiqu\u00e9 et assum\u00e9 jusqu\u2019\u00e0 la provocation par la Chine ou la Cor\u00e9e du Nord. L\u2019apparition de la Covid-19 repr\u00e9sente en cela un avertissement.<\/p>\n\n\n\n<p><em>*Enseignant en langue et civilisation italiennes aupr\u00e8s de l\u2019ENSG Universit\u00e9 Gustave Eiffel Paris-Est et de l\u2019Ecole de commerce international.<\/em><\/p>\n\n\n\n<p><em>** L\u2019entretien a \u00e9t\u00e9 r\u00e9alis\u00e9 en deux temps, \u00e0 Washington puis \u00e0 Paris, avec l&rsquo;aimable collaboration de Monia Ourabi, doctorante tunisienne \u00e0 La Sorbonne.<\/em><\/p>\n\n\n\n<figure class=\"wp-block-embed-wordpress wp-block-embed is-type-wp-embed is-provider-kapitalis\"><div class=\"wp-block-embed__wrapper\">\n<blockquote class=\"wp-embedded-content\" data-secret=\"gNuD6lTwBy\"><a href=\"https:\/\/kapitalis.com\/tunisie\/2020\/05\/22\/la-tragedie-des-ouighours-une-deportation-a-domicile\/\">La trag\u00e9die des Ouighours : Une d\u00e9portation \u00e0 domicile<\/a><\/blockquote><iframe loading=\"lazy\" class=\"wp-embedded-content\" sandbox=\"allow-scripts\" security=\"restricted\" style=\"position: absolute; clip: rect(1px, 1px, 1px, 1px);\" title=\"\u00ab\u00a0La trag\u00e9die des Ouighours : Une d\u00e9portation \u00e0 domicile\u00a0\u00bb &#8212; Kapitalis\" src=\"https:\/\/kapitalis.com\/tunisie\/2020\/05\/22\/la-tragedie-des-ouighours-une-deportation-a-domicile\/embed\/#?secret=9SRWvE6NaG#?secret=gNuD6lTwBy\" data-secret=\"gNuD6lTwBy\" width=\"600\" height=\"338\" frameborder=\"0\" marginwidth=\"0\" marginheight=\"0\" scrolling=\"no\"><\/iframe>\n<\/div><\/figure>\n\n\n\n<figure class=\"wp-block-embed-wordpress wp-block-embed is-type-wp-embed is-provider-kapitalis\"><div class=\"wp-block-embed__wrapper\">\n<blockquote class=\"wp-embedded-content\" data-secret=\"q1GS3r7vWS\"><a href=\"https:\/\/kapitalis.com\/tunisie\/2020\/06\/01\/clarifications-de-lambassade-de-chine-a-tunis-a-propos-des-ouighours\/\">Clarifications de l\u2019ambassade de Chine \u00e0 Tunis \u00e0 propos des Ou\u00efghours<\/a><\/blockquote><iframe loading=\"lazy\" class=\"wp-embedded-content\" sandbox=\"allow-scripts\" security=\"restricted\" style=\"position: absolute; clip: rect(1px, 1px, 1px, 1px);\" title=\"\u00ab\u00a0Clarifications de l\u2019ambassade de Chine \u00e0 Tunis \u00e0 propos des Ou\u00efghours\u00a0\u00bb &#8212; Kapitalis\" src=\"https:\/\/kapitalis.com\/tunisie\/2020\/06\/01\/clarifications-de-lambassade-de-chine-a-tunis-a-propos-des-ouighours\/embed\/#?secret=55JZwbSsd6#?secret=q1GS3r7vWS\" data-secret=\"q1GS3r7vWS\" width=\"600\" height=\"338\" frameborder=\"0\" marginwidth=\"0\" marginheight=\"0\" scrolling=\"no\"><\/iframe>\n<\/div><\/figure>\n","protected":false},"excerpt":{"rendered":"<p>La situation est des plus urgentes pour les Ouighours, la minorit\u00e9 turcophone et musulmane du Xinjiang, en proie \u00e0 des pers\u00e9cutions d&rsquo;ordre g\u00e9nocidaire en Chine. Dans cet entretien, Erkin Ablimit, activiste et haut repr\u00e9sentant de la cause du Turkestan Oriental, fait le bilan du combat des Ouighours sur les plans int\u00e9rieur et international et de&#8230;<\/p>\n","protected":false},"author":8,"featured_media":320882,"comment_status":"open","ping_status":"open","sticky":false,"template":"","format":"standard","meta":{"footnotes":""},"categories":[992,997],"tags":[3016,79039,79043,79037,79040,83875,76991],"class_list":["post-320881","post","type-post","status-publish","format-standard","has-post-thumbnail","hentry","category-a-la-une","category-politique","tag-chine","tag-erkin-ablimit","tag-mahira-ghopur","tag-ouighours","tag-rebiya-kadeer","tag-turkestan-oriental","tag-xinjiang"],"yoast_head":"<!-- This site is optimized with the Yoast SEO plugin v26.6 - https:\/\/yoast.com\/wordpress\/plugins\/seo\/ -->\n<title>Entretien : Erkin Ablimit parle de la cause des Ouighours - Kapitalis<\/title>\n<meta name=\"robots\" content=\"index, follow, max-snippet:-1, max-image-preview:large, max-video-preview:-1\" \/>\n<link rel=\"canonical\" href=\"https:\/\/kapitalis.com\/tunisie\/2020\/10\/17\/entretien-erkin-ablimit-parle-de-la-cause-des-ouighours\/\" \/>\n<meta property=\"og:locale\" content=\"fr_FR\" \/>\n<meta property=\"og:type\" content=\"article\" \/>\n<meta property=\"og:title\" content=\"Entretien : Erkin Ablimit parle de la cause des Ouighours - Kapitalis\" \/>\n<meta property=\"og:description\" content=\"La situation est des plus urgentes pour les Ouighours, la minorit\u00e9 turcophone et musulmane du Xinjiang, en proie \u00e0 des pers\u00e9cutions d&rsquo;ordre g\u00e9nocidaire en Chine. Dans cet entretien, Erkin Ablimit, activiste et haut repr\u00e9sentant de la cause du Turkestan Oriental, fait le bilan du combat des Ouighours sur les plans int\u00e9rieur et international et de...\" \/>\n<meta property=\"og:url\" content=\"https:\/\/kapitalis.com\/tunisie\/2020\/10\/17\/entretien-erkin-ablimit-parle-de-la-cause-des-ouighours\/\" \/>\n<meta property=\"og:site_name\" content=\"Kapitalis\" \/>\n<meta property=\"article:publisher\" content=\"https:\/\/www.facebook.com\/KapitalisInfo\/\" \/>\n<meta property=\"article:published_time\" content=\"2020-10-17T08:15:00+00:00\" \/>\n<meta property=\"article:modified_time\" content=\"2020-10-17T08:15:57+00:00\" \/>\n<meta property=\"og:image\" content=\"https:\/\/kapitalis.com\/tunisie\/wp-content\/uploads\/2022\/05\/kapitalis-logo-fb.png\" \/>\n\t<meta property=\"og:image:width\" content=\"1200\" \/>\n\t<meta property=\"og:image:height\" content=\"630\" \/>\n\t<meta property=\"og:image:type\" content=\"image\/png\" \/>\n<meta name=\"author\" content=\"webmaster kapitalis\" \/>\n<meta name=\"twitter:card\" content=\"summary_large_image\" \/>\n<meta name=\"twitter:creator\" content=\"@KapitalisInfo\" \/>\n<meta name=\"twitter:site\" content=\"@KapitalisInfo\" \/>\n<meta name=\"twitter:label1\" content=\"\u00c9crit par\" \/>\n\t<meta name=\"twitter:data1\" content=\"webmaster kapitalis\" \/>\n\t<meta name=\"twitter:label2\" content=\"Dur\u00e9e de lecture estim\u00e9e\" \/>\n\t<meta name=\"twitter:data2\" content=\"9 minutes\" \/>\n<script type=\"application\/ld+json\" class=\"yoast-schema-graph\">{\"@context\":\"https:\/\/schema.org\",\"@graph\":[{\"@type\":\"Article\",\"@id\":\"https:\/\/kapitalis.com\/tunisie\/2020\/10\/17\/entretien-erkin-ablimit-parle-de-la-cause-des-ouighours\/#article\",\"isPartOf\":{\"@id\":\"https:\/\/kapitalis.com\/tunisie\/2020\/10\/17\/entretien-erkin-ablimit-parle-de-la-cause-des-ouighours\/\"},\"author\":{\"name\":\"webmaster kapitalis\",\"@id\":\"https:\/\/kapitalis.com\/tunisie\/#\/schema\/person\/d71f33a9ca44f7bad4698210b480c8e9\"},\"headline\":\"Entretien : Erkin Ablimit parle de la cause des Ouighours\",\"datePublished\":\"2020-10-17T08:15:00+00:00\",\"dateModified\":\"2020-10-17T08:15:57+00:00\",\"mainEntityOfPage\":{\"@id\":\"https:\/\/kapitalis.com\/tunisie\/2020\/10\/17\/entretien-erkin-ablimit-parle-de-la-cause-des-ouighours\/\"},\"wordCount\":1885,\"commentCount\":5,\"publisher\":{\"@id\":\"https:\/\/kapitalis.com\/tunisie\/#organization\"},\"image\":{\"@id\":\"https:\/\/kapitalis.com\/tunisie\/2020\/10\/17\/entretien-erkin-ablimit-parle-de-la-cause-des-ouighours\/#primaryimage\"},\"thumbnailUrl\":\"\",\"keywords\":[\"Chine\",\"Erkin Ablimit\",\"Mahira Ghopur\",\"Ouighours\",\"Rebiya Kadeer\",\"Turkestan Oriental\",\"Xinjiang\"],\"articleSection\":[\"A LA UNE\",\"POLITIQUE\"],\"inLanguage\":\"fr-FR\",\"potentialAction\":[{\"@type\":\"CommentAction\",\"name\":\"Comment\",\"target\":[\"https:\/\/kapitalis.com\/tunisie\/2020\/10\/17\/entretien-erkin-ablimit-parle-de-la-cause-des-ouighours\/#respond\"]}]},{\"@type\":\"WebPage\",\"@id\":\"https:\/\/kapitalis.com\/tunisie\/2020\/10\/17\/entretien-erkin-ablimit-parle-de-la-cause-des-ouighours\/\",\"url\":\"https:\/\/kapitalis.com\/tunisie\/2020\/10\/17\/entretien-erkin-ablimit-parle-de-la-cause-des-ouighours\/\",\"name\":\"Entretien : Erkin Ablimit parle de la cause des Ouighours - Kapitalis\",\"isPartOf\":{\"@id\":\"https:\/\/kapitalis.com\/tunisie\/#website\"},\"primaryImageOfPage\":{\"@id\":\"https:\/\/kapitalis.com\/tunisie\/2020\/10\/17\/entretien-erkin-ablimit-parle-de-la-cause-des-ouighours\/#primaryimage\"},\"image\":{\"@id\":\"https:\/\/kapitalis.com\/tunisie\/2020\/10\/17\/entretien-erkin-ablimit-parle-de-la-cause-des-ouighours\/#primaryimage\"},\"thumbnailUrl\":\"\",\"datePublished\":\"2020-10-17T08:15:00+00:00\",\"dateModified\":\"2020-10-17T08:15:57+00:00\",\"breadcrumb\":{\"@id\":\"https:\/\/kapitalis.com\/tunisie\/2020\/10\/17\/entretien-erkin-ablimit-parle-de-la-cause-des-ouighours\/#breadcrumb\"},\"inLanguage\":\"fr-FR\",\"potentialAction\":[{\"@type\":\"ReadAction\",\"target\":[\"https:\/\/kapitalis.com\/tunisie\/2020\/10\/17\/entretien-erkin-ablimit-parle-de-la-cause-des-ouighours\/\"]}]},{\"@type\":\"ImageObject\",\"inLanguage\":\"fr-FR\",\"@id\":\"https:\/\/kapitalis.com\/tunisie\/2020\/10\/17\/entretien-erkin-ablimit-parle-de-la-cause-des-ouighours\/#primaryimage\",\"url\":\"\",\"contentUrl\":\"\"},{\"@type\":\"BreadcrumbList\",\"@id\":\"https:\/\/kapitalis.com\/tunisie\/2020\/10\/17\/entretien-erkin-ablimit-parle-de-la-cause-des-ouighours\/#breadcrumb\",\"itemListElement\":[{\"@type\":\"ListItem\",\"position\":1,\"name\":\"Accueil\",\"item\":\"https:\/\/kapitalis.com\/tunisie\/\"},{\"@type\":\"ListItem\",\"position\":2,\"name\":\"Entretien : Erkin Ablimit parle de la cause des Ouighours\"}]},{\"@type\":\"WebSite\",\"@id\":\"https:\/\/kapitalis.com\/tunisie\/#website\",\"url\":\"https:\/\/kapitalis.com\/tunisie\/\",\"name\":\"Kapitalis\",\"description\":\"L&#039;actualit\u00e9 en Tunisie et dans le monde\",\"publisher\":{\"@id\":\"https:\/\/kapitalis.com\/tunisie\/#organization\"},\"potentialAction\":[{\"@type\":\"SearchAction\",\"target\":{\"@type\":\"EntryPoint\",\"urlTemplate\":\"https:\/\/kapitalis.com\/tunisie\/?s={search_term_string}\"},\"query-input\":{\"@type\":\"PropertyValueSpecification\",\"valueRequired\":true,\"valueName\":\"search_term_string\"}}],\"inLanguage\":\"fr-FR\"},{\"@type\":\"Organization\",\"@id\":\"https:\/\/kapitalis.com\/tunisie\/#organization\",\"name\":\"Kapitalis\",\"url\":\"https:\/\/kapitalis.com\/tunisie\/\",\"logo\":{\"@type\":\"ImageObject\",\"inLanguage\":\"fr-FR\",\"@id\":\"https:\/\/kapitalis.com\/tunisie\/#\/schema\/logo\/image\/\",\"url\":\"https:\/\/kapitalis.com\/tunisie\/wp-content\/uploads\/2022\/05\/Kapitalis-big-size.png\",\"contentUrl\":\"https:\/\/kapitalis.com\/tunisie\/wp-content\/uploads\/2022\/05\/Kapitalis-big-size.png\",\"width\":5000,\"height\":1500,\"caption\":\"Kapitalis\"},\"image\":{\"@id\":\"https:\/\/kapitalis.com\/tunisie\/#\/schema\/logo\/image\/\"},\"sameAs\":[\"https:\/\/www.facebook.com\/KapitalisInfo\/\",\"https:\/\/x.com\/KapitalisInfo\",\"https:\/\/www.youtube.com\/channel\/UC-yDYrHyfFBWWZaOw3FPg9Q\"]},{\"@type\":\"Person\",\"@id\":\"https:\/\/kapitalis.com\/tunisie\/#\/schema\/person\/d71f33a9ca44f7bad4698210b480c8e9\",\"name\":\"webmaster kapitalis\",\"url\":\"https:\/\/kapitalis.com\/tunisie\/author\/webmaster-kapitalis\/\"}]}<\/script>\n<!-- \/ Yoast SEO plugin. -->","yoast_head_json":{"title":"Entretien : Erkin Ablimit parle de la cause des Ouighours - Kapitalis","robots":{"index":"index","follow":"follow","max-snippet":"max-snippet:-1","max-image-preview":"max-image-preview:large","max-video-preview":"max-video-preview:-1"},"canonical":"https:\/\/kapitalis.com\/tunisie\/2020\/10\/17\/entretien-erkin-ablimit-parle-de-la-cause-des-ouighours\/","og_locale":"fr_FR","og_type":"article","og_title":"Entretien : Erkin Ablimit parle de la cause des Ouighours - Kapitalis","og_description":"La situation est des plus urgentes pour les Ouighours, la minorit\u00e9 turcophone et musulmane du Xinjiang, en proie \u00e0 des pers\u00e9cutions d&rsquo;ordre g\u00e9nocidaire en Chine. Dans cet entretien, Erkin Ablimit, activiste et haut repr\u00e9sentant de la cause du Turkestan Oriental, fait le bilan du combat des Ouighours sur les plans int\u00e9rieur et international et de...","og_url":"https:\/\/kapitalis.com\/tunisie\/2020\/10\/17\/entretien-erkin-ablimit-parle-de-la-cause-des-ouighours\/","og_site_name":"Kapitalis","article_publisher":"https:\/\/www.facebook.com\/KapitalisInfo\/","article_published_time":"2020-10-17T08:15:00+00:00","article_modified_time":"2020-10-17T08:15:57+00:00","og_image":[{"width":1200,"height":630,"url":"https:\/\/kapitalis.com\/tunisie\/wp-content\/uploads\/2022\/05\/kapitalis-logo-fb.png","type":"image\/png"}],"author":"webmaster kapitalis","twitter_card":"summary_large_image","twitter_creator":"@KapitalisInfo","twitter_site":"@KapitalisInfo","twitter_misc":{"\u00c9crit par":"webmaster kapitalis","Dur\u00e9e de lecture estim\u00e9e":"9 minutes"},"schema":{"@context":"https:\/\/schema.org","@graph":[{"@type":"Article","@id":"https:\/\/kapitalis.com\/tunisie\/2020\/10\/17\/entretien-erkin-ablimit-parle-de-la-cause-des-ouighours\/#article","isPartOf":{"@id":"https:\/\/kapitalis.com\/tunisie\/2020\/10\/17\/entretien-erkin-ablimit-parle-de-la-cause-des-ouighours\/"},"author":{"name":"webmaster kapitalis","@id":"https:\/\/kapitalis.com\/tunisie\/#\/schema\/person\/d71f33a9ca44f7bad4698210b480c8e9"},"headline":"Entretien : Erkin Ablimit parle de la cause des Ouighours","datePublished":"2020-10-17T08:15:00+00:00","dateModified":"2020-10-17T08:15:57+00:00","mainEntityOfPage":{"@id":"https:\/\/kapitalis.com\/tunisie\/2020\/10\/17\/entretien-erkin-ablimit-parle-de-la-cause-des-ouighours\/"},"wordCount":1885,"commentCount":5,"publisher":{"@id":"https:\/\/kapitalis.com\/tunisie\/#organization"},"image":{"@id":"https:\/\/kapitalis.com\/tunisie\/2020\/10\/17\/entretien-erkin-ablimit-parle-de-la-cause-des-ouighours\/#primaryimage"},"thumbnailUrl":"","keywords":["Chine","Erkin Ablimit","Mahira Ghopur","Ouighours","Rebiya Kadeer","Turkestan Oriental","Xinjiang"],"articleSection":["A LA UNE","POLITIQUE"],"inLanguage":"fr-FR","potentialAction":[{"@type":"CommentAction","name":"Comment","target":["https:\/\/kapitalis.com\/tunisie\/2020\/10\/17\/entretien-erkin-ablimit-parle-de-la-cause-des-ouighours\/#respond"]}]},{"@type":"WebPage","@id":"https:\/\/kapitalis.com\/tunisie\/2020\/10\/17\/entretien-erkin-ablimit-parle-de-la-cause-des-ouighours\/","url":"https:\/\/kapitalis.com\/tunisie\/2020\/10\/17\/entretien-erkin-ablimit-parle-de-la-cause-des-ouighours\/","name":"Entretien : Erkin Ablimit parle de la cause des Ouighours - Kapitalis","isPartOf":{"@id":"https:\/\/kapitalis.com\/tunisie\/#website"},"primaryImageOfPage":{"@id":"https:\/\/kapitalis.com\/tunisie\/2020\/10\/17\/entretien-erkin-ablimit-parle-de-la-cause-des-ouighours\/#primaryimage"},"image":{"@id":"https:\/\/kapitalis.com\/tunisie\/2020\/10\/17\/entretien-erkin-ablimit-parle-de-la-cause-des-ouighours\/#primaryimage"},"thumbnailUrl":"","datePublished":"2020-10-17T08:15:00+00:00","dateModified":"2020-10-17T08:15:57+00:00","breadcrumb":{"@id":"https:\/\/kapitalis.com\/tunisie\/2020\/10\/17\/entretien-erkin-ablimit-parle-de-la-cause-des-ouighours\/#breadcrumb"},"inLanguage":"fr-FR","potentialAction":[{"@type":"ReadAction","target":["https:\/\/kapitalis.com\/tunisie\/2020\/10\/17\/entretien-erkin-ablimit-parle-de-la-cause-des-ouighours\/"]}]},{"@type":"ImageObject","inLanguage":"fr-FR","@id":"https:\/\/kapitalis.com\/tunisie\/2020\/10\/17\/entretien-erkin-ablimit-parle-de-la-cause-des-ouighours\/#primaryimage","url":"","contentUrl":""},{"@type":"BreadcrumbList","@id":"https:\/\/kapitalis.com\/tunisie\/2020\/10\/17\/entretien-erkin-ablimit-parle-de-la-cause-des-ouighours\/#breadcrumb","itemListElement":[{"@type":"ListItem","position":1,"name":"Accueil","item":"https:\/\/kapitalis.com\/tunisie\/"},{"@type":"ListItem","position":2,"name":"Entretien : Erkin Ablimit parle de la cause des Ouighours"}]},{"@type":"WebSite","@id":"https:\/\/kapitalis.com\/tunisie\/#website","url":"https:\/\/kapitalis.com\/tunisie\/","name":"Kapitalis","description":"L&#039;actualit\u00e9 en Tunisie et dans le monde","publisher":{"@id":"https:\/\/kapitalis.com\/tunisie\/#organization"},"potentialAction":[{"@type":"SearchAction","target":{"@type":"EntryPoint","urlTemplate":"https:\/\/kapitalis.com\/tunisie\/?s={search_term_string}"},"query-input":{"@type":"PropertyValueSpecification","valueRequired":true,"valueName":"search_term_string"}}],"inLanguage":"fr-FR"},{"@type":"Organization","@id":"https:\/\/kapitalis.com\/tunisie\/#organization","name":"Kapitalis","url":"https:\/\/kapitalis.com\/tunisie\/","logo":{"@type":"ImageObject","inLanguage":"fr-FR","@id":"https:\/\/kapitalis.com\/tunisie\/#\/schema\/logo\/image\/","url":"https:\/\/kapitalis.com\/tunisie\/wp-content\/uploads\/2022\/05\/Kapitalis-big-size.png","contentUrl":"https:\/\/kapitalis.com\/tunisie\/wp-content\/uploads\/2022\/05\/Kapitalis-big-size.png","width":5000,"height":1500,"caption":"Kapitalis"},"image":{"@id":"https:\/\/kapitalis.com\/tunisie\/#\/schema\/logo\/image\/"},"sameAs":["https:\/\/www.facebook.com\/KapitalisInfo\/","https:\/\/x.com\/KapitalisInfo","https:\/\/www.youtube.com\/channel\/UC-yDYrHyfFBWWZaOw3FPg9Q"]},{"@type":"Person","@id":"https:\/\/kapitalis.com\/tunisie\/#\/schema\/person\/d71f33a9ca44f7bad4698210b480c8e9","name":"webmaster kapitalis","url":"https:\/\/kapitalis.com\/tunisie\/author\/webmaster-kapitalis\/"}]}},"_links":{"self":[{"href":"https:\/\/kapitalis.com\/tunisie\/wp-json\/wp\/v2\/posts\/320881","targetHints":{"allow":["GET"]}}],"collection":[{"href":"https:\/\/kapitalis.com\/tunisie\/wp-json\/wp\/v2\/posts"}],"about":[{"href":"https:\/\/kapitalis.com\/tunisie\/wp-json\/wp\/v2\/types\/post"}],"author":[{"embeddable":true,"href":"https:\/\/kapitalis.com\/tunisie\/wp-json\/wp\/v2\/users\/8"}],"replies":[{"embeddable":true,"href":"https:\/\/kapitalis.com\/tunisie\/wp-json\/wp\/v2\/comments?post=320881"}],"version-history":[{"count":0,"href":"https:\/\/kapitalis.com\/tunisie\/wp-json\/wp\/v2\/posts\/320881\/revisions"}],"wp:featuredmedia":[{"embeddable":true,"href":"https:\/\/kapitalis.com\/tunisie\/wp-json\/wp\/v2\/media\/320882"}],"wp:attachment":[{"href":"https:\/\/kapitalis.com\/tunisie\/wp-json\/wp\/v2\/media?parent=320881"}],"wp:term":[{"taxonomy":"category","embeddable":true,"href":"https:\/\/kapitalis.com\/tunisie\/wp-json\/wp\/v2\/categories?post=320881"},{"taxonomy":"post_tag","embeddable":true,"href":"https:\/\/kapitalis.com\/tunisie\/wp-json\/wp\/v2\/tags?post=320881"}],"curies":[{"name":"wp","href":"https:\/\/api.w.org\/{rel}","templated":true}]}}