{"id":320898,"date":"2020-10-17T13:30:51","date_gmt":"2020-10-17T12:30:51","guid":{"rendered":"http:\/\/kapitalis.com\/tunisie\/?p=320898"},"modified":"2020-10-17T13:30:54","modified_gmt":"2020-10-17T12:30:54","slug":"cinema-la-tunisie-sous-les-feux-de-la-rampe-au-festival-francais-cine-med","status":"publish","type":"post","link":"https:\/\/kapitalis.com\/tunisie\/2020\/10\/17\/cinema-la-tunisie-sous-les-feux-de-la-rampe-au-festival-francais-cine-med\/","title":{"rendered":"Cin\u00e9ma : La Tunisie sous les feux de la rampe au Festival fran\u00e7ais Cin\u00e9-Med"},"content":{"rendered":"\n<div class=\"wp-block-image\"><figure class=\"aligncenter size-large\"><img decoding=\"async\" src=\"http:\/\/kapitalis.com\/tunisie\/wp-content\/uploads\/2020\/10\/Untitled-1-6.jpg\" alt=\"\" class=\"wp-image-320899\"\/><\/figure><\/div>\n\n\n\n<p><strong><em>Trois films repr\u00e9sentent la Tunisie \u00e0 la 42<sup>e<\/sup> \u00e9dition du Festival du cin\u00e9ma m\u00e9diterran\u00e9en de Montpellier (Cin\u00e9-Med) qui a d\u00e9marr\u00e9 le 16 octobre et qui se poursuit jusqu\u2019au 24 du m\u00eame mois.<\/em><\/strong><\/p>\n\n\n\n<!--more-->\n\n\n\n<p>Alors que la vie culturelle est \u00e0 l\u2019arr\u00eat en Tunisie depuis au moins deux semaines (salles de cin\u00e9ma ferm\u00e9es, festivals report\u00e9s\u2026), nos cin\u00e9astes ont heureusement pu pr\u00e9senter leurs derni\u00e8res cr\u00e9ations \u00e0 l\u2019\u00e9tranger, dans le cadre de festivals internationaux.<\/p>\n\n\n\n<p>C\u2019est notamment le cas du film \u00ab<em>L\u2019homme qui avait vendu sa peau<\/em>\u00bb de la cin\u00e9aste tunisienne Kaouther Ben Hania, qui, apr\u00e8s avoir \u00e9t\u00e9 s\u00e9lectionn\u00e9 et prim\u00e9 \u00e0 La Mostra de Venise puis \u00e0 l\u2019Arte Mare de Bastia, a \u00e9t\u00e9 choisi comme film d\u2019ouverture de la 42<sup>e<\/sup> \u00e9dition du Festival du cin\u00e9ma m\u00e9diterran\u00e9en de Montpellier (Cin\u00e9-Med).<\/p>\n\n\n\n<p>Le cin\u00e9ma tunisien fera \u00e9galement partie de la s\u00e9lection officielle des courts-m\u00e9trages avec \u00ab<em>Le bain<\/em>\u00bb, tout dernier film de la r\u00e9alisatrice, actrice et productrice Anissa Daoud.<\/p>\n\n\n\n<p>La Tunisie sera aussi pr\u00e9sente au Festival avec le film \u00ab<em>Hammamet<\/em>\u00bb du cin\u00e9aste italien Gianni Amelio, qui sera projet\u00e9 en avant-premi\u00e8re fran\u00e7aise, et qui revient sur les six derniers mois de l\u2019homme politique italien Bettino Craxi (1934-2000) qui s\u2019est exil\u00e9 jusqu\u2019\u00e0 la fin de ses jours \u00e0 Hammamet, o\u00f9 il poss\u00e8de une maison, apr\u00e8s sa mise en cause dans l\u2019op\u00e9ration \u00abMains propres\u00bb.<\/p>\n\n\n\n<p class=\"has-text-align-right\"><strong>Fawz Benali<\/strong><\/p>\n","protected":false},"excerpt":{"rendered":"<p>Trois films repr\u00e9sentent la Tunisie \u00e0 la 42e \u00e9dition du Festival du cin\u00e9ma m\u00e9diterran\u00e9en de Montpellier (Cin\u00e9-Med) qui a d\u00e9marr\u00e9 le 16 octobre et qui se poursuit jusqu\u2019au 24 du m\u00eame mois.<\/p>\n","protected":false},"author":26,"featured_media":320899,"comment_status":"open","ping_status":"open","sticky":false,"template":"","format":"standard","meta":{"footnotes":""},"categories":[994,2433],"tags":[11200,24837,9668,83595,439,22952,83594],"class_list":["post-320898","post","type-post","status-publish","format-standard","has-post-thumbnail","hentry","category-culture","category-tunisie","tag-anissa-daoud","tag-bettino-craxi","tag-cinema-tunisien","tag-festival-cinemed","tag-hammamet","tag-kaouther-ben-hania","tag-le-bain"],"yoast_head":"<!-- This site is optimized with the Yoast SEO plugin v26.6 - https:\/\/yoast.com\/wordpress\/plugins\/seo\/ -->\n<title>Cin\u00e9ma : La Tunisie sous les feux de la rampe au Festival fran\u00e7ais Cin\u00e9-Med - Kapitalis<\/title>\n<meta name=\"robots\" content=\"index, follow, max-snippet:-1, max-image-preview:large, max-video-preview:-1\" \/>\n<link rel=\"canonical\" href=\"https:\/\/kapitalis.com\/tunisie\/2020\/10\/17\/cinema-la-tunisie-sous-les-feux-de-la-rampe-au-festival-francais-cine-med\/\" \/>\n<meta property=\"og:locale\" content=\"fr_FR\" \/>\n<meta property=\"og:type\" content=\"article\" \/>\n<meta property=\"og:title\" content=\"Cin\u00e9ma : La Tunisie sous les feux de la rampe au Festival fran\u00e7ais Cin\u00e9-Med - Kapitalis\" \/>\n<meta property=\"og:description\" content=\"Trois films repr\u00e9sentent la Tunisie \u00e0 la 42e \u00e9dition du Festival du cin\u00e9ma m\u00e9diterran\u00e9en de Montpellier (Cin\u00e9-Med) qui a d\u00e9marr\u00e9 le 16 octobre et qui se poursuit jusqu\u2019au 24 du m\u00eame mois.\" \/>\n<meta property=\"og:url\" content=\"https:\/\/kapitalis.com\/tunisie\/2020\/10\/17\/cinema-la-tunisie-sous-les-feux-de-la-rampe-au-festival-francais-cine-med\/\" \/>\n<meta property=\"og:site_name\" content=\"Kapitalis\" \/>\n<meta property=\"article:publisher\" content=\"https:\/\/www.facebook.com\/KapitalisInfo\/\" \/>\n<meta property=\"article:published_time\" content=\"2020-10-17T12:30:51+00:00\" \/>\n<meta property=\"article:modified_time\" content=\"2020-10-17T12:30:54+00:00\" \/>\n<meta property=\"og:image\" content=\"https:\/\/kapitalis.com\/tunisie\/wp-content\/uploads\/2022\/05\/kapitalis-logo-fb.png\" \/>\n\t<meta property=\"og:image:width\" content=\"1200\" \/>\n\t<meta property=\"og:image:height\" content=\"630\" \/>\n\t<meta property=\"og:image:type\" content=\"image\/png\" \/>\n<meta name=\"author\" content=\"Fawz BenAli\" \/>\n<meta name=\"twitter:card\" content=\"summary_large_image\" \/>\n<meta name=\"twitter:creator\" content=\"@KapitalisInfo\" \/>\n<meta name=\"twitter:site\" content=\"@KapitalisInfo\" \/>\n<meta name=\"twitter:label1\" content=\"\u00c9crit par\" \/>\n\t<meta name=\"twitter:data1\" content=\"Fawz BenAli\" \/>\n\t<meta name=\"twitter:label2\" content=\"Dur\u00e9e de lecture estim\u00e9e\" \/>\n\t<meta name=\"twitter:data2\" content=\"1 minute\" \/>\n<script type=\"application\/ld+json\" class=\"yoast-schema-graph\">{\"@context\":\"https:\/\/schema.org\",\"@graph\":[{\"@type\":\"Article\",\"@id\":\"https:\/\/kapitalis.com\/tunisie\/2020\/10\/17\/cinema-la-tunisie-sous-les-feux-de-la-rampe-au-festival-francais-cine-med\/#article\",\"isPartOf\":{\"@id\":\"https:\/\/kapitalis.com\/tunisie\/2020\/10\/17\/cinema-la-tunisie-sous-les-feux-de-la-rampe-au-festival-francais-cine-med\/\"},\"author\":{\"name\":\"Fawz BenAli\",\"@id\":\"https:\/\/kapitalis.com\/tunisie\/#\/schema\/person\/73a5ecc1f6ae540c6ed91342eadca948\"},\"headline\":\"Cin\u00e9ma : La Tunisie sous les feux de la rampe au Festival fran\u00e7ais Cin\u00e9-Med\",\"datePublished\":\"2020-10-17T12:30:51+00:00\",\"dateModified\":\"2020-10-17T12:30:54+00:00\",\"mainEntityOfPage\":{\"@id\":\"https:\/\/kapitalis.com\/tunisie\/2020\/10\/17\/cinema-la-tunisie-sous-les-feux-de-la-rampe-au-festival-francais-cine-med\/\"},\"wordCount\":266,\"commentCount\":0,\"publisher\":{\"@id\":\"https:\/\/kapitalis.com\/tunisie\/#organization\"},\"image\":{\"@id\":\"https:\/\/kapitalis.com\/tunisie\/2020\/10\/17\/cinema-la-tunisie-sous-les-feux-de-la-rampe-au-festival-francais-cine-med\/#primaryimage\"},\"thumbnailUrl\":\"\",\"keywords\":[\"Anissa Daoud\",\"Bettino Craxi\",\"cin\u00e9ma tunisien\",\"Festival Cin\u00e9med\",\"Hammamet\",\"Kaouther Ben Hania\",\"Le bain\"],\"articleSection\":[\"CULTURE\",\"Tunisie\"],\"inLanguage\":\"fr-FR\",\"potentialAction\":[{\"@type\":\"CommentAction\",\"name\":\"Comment\",\"target\":[\"https:\/\/kapitalis.com\/tunisie\/2020\/10\/17\/cinema-la-tunisie-sous-les-feux-de-la-rampe-au-festival-francais-cine-med\/#respond\"]}]},{\"@type\":\"WebPage\",\"@id\":\"https:\/\/kapitalis.com\/tunisie\/2020\/10\/17\/cinema-la-tunisie-sous-les-feux-de-la-rampe-au-festival-francais-cine-med\/\",\"url\":\"https:\/\/kapitalis.com\/tunisie\/2020\/10\/17\/cinema-la-tunisie-sous-les-feux-de-la-rampe-au-festival-francais-cine-med\/\",\"name\":\"Cin\u00e9ma : La Tunisie sous les feux de la rampe au Festival fran\u00e7ais Cin\u00e9-Med - Kapitalis\",\"isPartOf\":{\"@id\":\"https:\/\/kapitalis.com\/tunisie\/#website\"},\"primaryImageOfPage\":{\"@id\":\"https:\/\/kapitalis.com\/tunisie\/2020\/10\/17\/cinema-la-tunisie-sous-les-feux-de-la-rampe-au-festival-francais-cine-med\/#primaryimage\"},\"image\":{\"@id\":\"https:\/\/kapitalis.com\/tunisie\/2020\/10\/17\/cinema-la-tunisie-sous-les-feux-de-la-rampe-au-festival-francais-cine-med\/#primaryimage\"},\"thumbnailUrl\":\"\",\"datePublished\":\"2020-10-17T12:30:51+00:00\",\"dateModified\":\"2020-10-17T12:30:54+00:00\",\"breadcrumb\":{\"@id\":\"https:\/\/kapitalis.com\/tunisie\/2020\/10\/17\/cinema-la-tunisie-sous-les-feux-de-la-rampe-au-festival-francais-cine-med\/#breadcrumb\"},\"inLanguage\":\"fr-FR\",\"potentialAction\":[{\"@type\":\"ReadAction\",\"target\":[\"https:\/\/kapitalis.com\/tunisie\/2020\/10\/17\/cinema-la-tunisie-sous-les-feux-de-la-rampe-au-festival-francais-cine-med\/\"]}]},{\"@type\":\"ImageObject\",\"inLanguage\":\"fr-FR\",\"@id\":\"https:\/\/kapitalis.com\/tunisie\/2020\/10\/17\/cinema-la-tunisie-sous-les-feux-de-la-rampe-au-festival-francais-cine-med\/#primaryimage\",\"url\":\"\",\"contentUrl\":\"\"},{\"@type\":\"BreadcrumbList\",\"@id\":\"https:\/\/kapitalis.com\/tunisie\/2020\/10\/17\/cinema-la-tunisie-sous-les-feux-de-la-rampe-au-festival-francais-cine-med\/#breadcrumb\",\"itemListElement\":[{\"@type\":\"ListItem\",\"position\":1,\"name\":\"Accueil\",\"item\":\"https:\/\/kapitalis.com\/tunisie\/\"},{\"@type\":\"ListItem\",\"position\":2,\"name\":\"Cin\u00e9ma : La Tunisie sous les feux de la rampe au Festival fran\u00e7ais Cin\u00e9-Med\"}]},{\"@type\":\"WebSite\",\"@id\":\"https:\/\/kapitalis.com\/tunisie\/#website\",\"url\":\"https:\/\/kapitalis.com\/tunisie\/\",\"name\":\"Kapitalis\",\"description\":\"L&#039;actualit\u00e9 en Tunisie et dans le monde\",\"publisher\":{\"@id\":\"https:\/\/kapitalis.com\/tunisie\/#organization\"},\"potentialAction\":[{\"@type\":\"SearchAction\",\"target\":{\"@type\":\"EntryPoint\",\"urlTemplate\":\"https:\/\/kapitalis.com\/tunisie\/?s={search_term_string}\"},\"query-input\":{\"@type\":\"PropertyValueSpecification\",\"valueRequired\":true,\"valueName\":\"search_term_string\"}}],\"inLanguage\":\"fr-FR\"},{\"@type\":\"Organization\",\"@id\":\"https:\/\/kapitalis.com\/tunisie\/#organization\",\"name\":\"Kapitalis\",\"url\":\"https:\/\/kapitalis.com\/tunisie\/\",\"logo\":{\"@type\":\"ImageObject\",\"inLanguage\":\"fr-FR\",\"@id\":\"https:\/\/kapitalis.com\/tunisie\/#\/schema\/logo\/image\/\",\"url\":\"https:\/\/kapitalis.com\/tunisie\/wp-content\/uploads\/2022\/05\/Kapitalis-big-size.png\",\"contentUrl\":\"https:\/\/kapitalis.com\/tunisie\/wp-content\/uploads\/2022\/05\/Kapitalis-big-size.png\",\"width\":5000,\"height\":1500,\"caption\":\"Kapitalis\"},\"image\":{\"@id\":\"https:\/\/kapitalis.com\/tunisie\/#\/schema\/logo\/image\/\"},\"sameAs\":[\"https:\/\/www.facebook.com\/KapitalisInfo\/\",\"https:\/\/x.com\/KapitalisInfo\",\"https:\/\/www.youtube.com\/channel\/UC-yDYrHyfFBWWZaOw3FPg9Q\"]},{\"@type\":\"Person\",\"@id\":\"https:\/\/kapitalis.com\/tunisie\/#\/schema\/person\/73a5ecc1f6ae540c6ed91342eadca948\",\"name\":\"Fawz BenAli\",\"url\":\"https:\/\/kapitalis.com\/tunisie\/author\/fawz\/\"}]}<\/script>\n<!-- \/ Yoast SEO plugin. -->","yoast_head_json":{"title":"Cin\u00e9ma : La Tunisie sous les feux de la rampe au Festival fran\u00e7ais Cin\u00e9-Med - Kapitalis","robots":{"index":"index","follow":"follow","max-snippet":"max-snippet:-1","max-image-preview":"max-image-preview:large","max-video-preview":"max-video-preview:-1"},"canonical":"https:\/\/kapitalis.com\/tunisie\/2020\/10\/17\/cinema-la-tunisie-sous-les-feux-de-la-rampe-au-festival-francais-cine-med\/","og_locale":"fr_FR","og_type":"article","og_title":"Cin\u00e9ma : La Tunisie sous les feux de la rampe au Festival fran\u00e7ais Cin\u00e9-Med - Kapitalis","og_description":"Trois films repr\u00e9sentent la Tunisie \u00e0 la 42e \u00e9dition du Festival du cin\u00e9ma m\u00e9diterran\u00e9en de Montpellier (Cin\u00e9-Med) qui a d\u00e9marr\u00e9 le 16 octobre et qui se poursuit jusqu\u2019au 24 du m\u00eame mois.","og_url":"https:\/\/kapitalis.com\/tunisie\/2020\/10\/17\/cinema-la-tunisie-sous-les-feux-de-la-rampe-au-festival-francais-cine-med\/","og_site_name":"Kapitalis","article_publisher":"https:\/\/www.facebook.com\/KapitalisInfo\/","article_published_time":"2020-10-17T12:30:51+00:00","article_modified_time":"2020-10-17T12:30:54+00:00","og_image":[{"width":1200,"height":630,"url":"https:\/\/kapitalis.com\/tunisie\/wp-content\/uploads\/2022\/05\/kapitalis-logo-fb.png","type":"image\/png"}],"author":"Fawz BenAli","twitter_card":"summary_large_image","twitter_creator":"@KapitalisInfo","twitter_site":"@KapitalisInfo","twitter_misc":{"\u00c9crit par":"Fawz BenAli","Dur\u00e9e de lecture estim\u00e9e":"1 minute"},"schema":{"@context":"https:\/\/schema.org","@graph":[{"@type":"Article","@id":"https:\/\/kapitalis.com\/tunisie\/2020\/10\/17\/cinema-la-tunisie-sous-les-feux-de-la-rampe-au-festival-francais-cine-med\/#article","isPartOf":{"@id":"https:\/\/kapitalis.com\/tunisie\/2020\/10\/17\/cinema-la-tunisie-sous-les-feux-de-la-rampe-au-festival-francais-cine-med\/"},"author":{"name":"Fawz BenAli","@id":"https:\/\/kapitalis.com\/tunisie\/#\/schema\/person\/73a5ecc1f6ae540c6ed91342eadca948"},"headline":"Cin\u00e9ma : La Tunisie sous les feux de la rampe au Festival fran\u00e7ais Cin\u00e9-Med","datePublished":"2020-10-17T12:30:51+00:00","dateModified":"2020-10-17T12:30:54+00:00","mainEntityOfPage":{"@id":"https:\/\/kapitalis.com\/tunisie\/2020\/10\/17\/cinema-la-tunisie-sous-les-feux-de-la-rampe-au-festival-francais-cine-med\/"},"wordCount":266,"commentCount":0,"publisher":{"@id":"https:\/\/kapitalis.com\/tunisie\/#organization"},"image":{"@id":"https:\/\/kapitalis.com\/tunisie\/2020\/10\/17\/cinema-la-tunisie-sous-les-feux-de-la-rampe-au-festival-francais-cine-med\/#primaryimage"},"thumbnailUrl":"","keywords":["Anissa Daoud","Bettino Craxi","cin\u00e9ma tunisien","Festival Cin\u00e9med","Hammamet","Kaouther Ben Hania","Le bain"],"articleSection":["CULTURE","Tunisie"],"inLanguage":"fr-FR","potentialAction":[{"@type":"CommentAction","name":"Comment","target":["https:\/\/kapitalis.com\/tunisie\/2020\/10\/17\/cinema-la-tunisie-sous-les-feux-de-la-rampe-au-festival-francais-cine-med\/#respond"]}]},{"@type":"WebPage","@id":"https:\/\/kapitalis.com\/tunisie\/2020\/10\/17\/cinema-la-tunisie-sous-les-feux-de-la-rampe-au-festival-francais-cine-med\/","url":"https:\/\/kapitalis.com\/tunisie\/2020\/10\/17\/cinema-la-tunisie-sous-les-feux-de-la-rampe-au-festival-francais-cine-med\/","name":"Cin\u00e9ma : La Tunisie sous les feux de la rampe au Festival fran\u00e7ais Cin\u00e9-Med - Kapitalis","isPartOf":{"@id":"https:\/\/kapitalis.com\/tunisie\/#website"},"primaryImageOfPage":{"@id":"https:\/\/kapitalis.com\/tunisie\/2020\/10\/17\/cinema-la-tunisie-sous-les-feux-de-la-rampe-au-festival-francais-cine-med\/#primaryimage"},"image":{"@id":"https:\/\/kapitalis.com\/tunisie\/2020\/10\/17\/cinema-la-tunisie-sous-les-feux-de-la-rampe-au-festival-francais-cine-med\/#primaryimage"},"thumbnailUrl":"","datePublished":"2020-10-17T12:30:51+00:00","dateModified":"2020-10-17T12:30:54+00:00","breadcrumb":{"@id":"https:\/\/kapitalis.com\/tunisie\/2020\/10\/17\/cinema-la-tunisie-sous-les-feux-de-la-rampe-au-festival-francais-cine-med\/#breadcrumb"},"inLanguage":"fr-FR","potentialAction":[{"@type":"ReadAction","target":["https:\/\/kapitalis.com\/tunisie\/2020\/10\/17\/cinema-la-tunisie-sous-les-feux-de-la-rampe-au-festival-francais-cine-med\/"]}]},{"@type":"ImageObject","inLanguage":"fr-FR","@id":"https:\/\/kapitalis.com\/tunisie\/2020\/10\/17\/cinema-la-tunisie-sous-les-feux-de-la-rampe-au-festival-francais-cine-med\/#primaryimage","url":"","contentUrl":""},{"@type":"BreadcrumbList","@id":"https:\/\/kapitalis.com\/tunisie\/2020\/10\/17\/cinema-la-tunisie-sous-les-feux-de-la-rampe-au-festival-francais-cine-med\/#breadcrumb","itemListElement":[{"@type":"ListItem","position":1,"name":"Accueil","item":"https:\/\/kapitalis.com\/tunisie\/"},{"@type":"ListItem","position":2,"name":"Cin\u00e9ma : La Tunisie sous les feux de la rampe au Festival fran\u00e7ais Cin\u00e9-Med"}]},{"@type":"WebSite","@id":"https:\/\/kapitalis.com\/tunisie\/#website","url":"https:\/\/kapitalis.com\/tunisie\/","name":"Kapitalis","description":"L&#039;actualit\u00e9 en Tunisie et dans le monde","publisher":{"@id":"https:\/\/kapitalis.com\/tunisie\/#organization"},"potentialAction":[{"@type":"SearchAction","target":{"@type":"EntryPoint","urlTemplate":"https:\/\/kapitalis.com\/tunisie\/?s={search_term_string}"},"query-input":{"@type":"PropertyValueSpecification","valueRequired":true,"valueName":"search_term_string"}}],"inLanguage":"fr-FR"},{"@type":"Organization","@id":"https:\/\/kapitalis.com\/tunisie\/#organization","name":"Kapitalis","url":"https:\/\/kapitalis.com\/tunisie\/","logo":{"@type":"ImageObject","inLanguage":"fr-FR","@id":"https:\/\/kapitalis.com\/tunisie\/#\/schema\/logo\/image\/","url":"https:\/\/kapitalis.com\/tunisie\/wp-content\/uploads\/2022\/05\/Kapitalis-big-size.png","contentUrl":"https:\/\/kapitalis.com\/tunisie\/wp-content\/uploads\/2022\/05\/Kapitalis-big-size.png","width":5000,"height":1500,"caption":"Kapitalis"},"image":{"@id":"https:\/\/kapitalis.com\/tunisie\/#\/schema\/logo\/image\/"},"sameAs":["https:\/\/www.facebook.com\/KapitalisInfo\/","https:\/\/x.com\/KapitalisInfo","https:\/\/www.youtube.com\/channel\/UC-yDYrHyfFBWWZaOw3FPg9Q"]},{"@type":"Person","@id":"https:\/\/kapitalis.com\/tunisie\/#\/schema\/person\/73a5ecc1f6ae540c6ed91342eadca948","name":"Fawz BenAli","url":"https:\/\/kapitalis.com\/tunisie\/author\/fawz\/"}]}},"_links":{"self":[{"href":"https:\/\/kapitalis.com\/tunisie\/wp-json\/wp\/v2\/posts\/320898","targetHints":{"allow":["GET"]}}],"collection":[{"href":"https:\/\/kapitalis.com\/tunisie\/wp-json\/wp\/v2\/posts"}],"about":[{"href":"https:\/\/kapitalis.com\/tunisie\/wp-json\/wp\/v2\/types\/post"}],"author":[{"embeddable":true,"href":"https:\/\/kapitalis.com\/tunisie\/wp-json\/wp\/v2\/users\/26"}],"replies":[{"embeddable":true,"href":"https:\/\/kapitalis.com\/tunisie\/wp-json\/wp\/v2\/comments?post=320898"}],"version-history":[{"count":0,"href":"https:\/\/kapitalis.com\/tunisie\/wp-json\/wp\/v2\/posts\/320898\/revisions"}],"wp:featuredmedia":[{"embeddable":true,"href":"https:\/\/kapitalis.com\/tunisie\/wp-json\/wp\/v2\/media\/320899"}],"wp:attachment":[{"href":"https:\/\/kapitalis.com\/tunisie\/wp-json\/wp\/v2\/media?parent=320898"}],"wp:term":[{"taxonomy":"category","embeddable":true,"href":"https:\/\/kapitalis.com\/tunisie\/wp-json\/wp\/v2\/categories?post=320898"},{"taxonomy":"post_tag","embeddable":true,"href":"https:\/\/kapitalis.com\/tunisie\/wp-json\/wp\/v2\/tags?post=320898"}],"curies":[{"name":"wp","href":"https:\/\/api.w.org\/{rel}","templated":true}]}}