{"id":320981,"date":"2020-10-18T12:49:14","date_gmt":"2020-10-18T11:49:14","guid":{"rendered":"http:\/\/kapitalis.com\/tunisie\/?p=320981"},"modified":"2020-10-19T08:37:45","modified_gmt":"2020-10-19T07:37:45","slug":"tunisie-audiovisuel-lamendement-des-voyous-ne-doit-pas-passer","status":"publish","type":"post","link":"https:\/\/kapitalis.com\/tunisie\/2020\/10\/18\/tunisie-audiovisuel-lamendement-des-voyous-ne-doit-pas-passer\/","title":{"rendered":"Tunisie &#8211; Audiovisuel : L\u2019amendement des voyous ne doit pas passer"},"content":{"rendered":"\n<figure class=\"wp-block-image size-large\"><img decoding=\"async\" src=\"http:\/\/kapitalis.com\/tunisie\/wp-content\/uploads\/2020\/10\/Karoui-Ghannouchi-et-Makhlouf.jpg\" alt=\"\" class=\"wp-image-320982\"\/><figcaption><em>Nabil Karoui, Rached Ghannouchi et Seifeddine Makhlouf veulent mettre le paysage audiovisuel sous la coupe de leur coalition de pourris de la r\u00e9publique. <\/em><\/figcaption><\/figure>\n\n\n\n<p><strong><em>Le projet d\u2019amendement du d\u00e9cret-loi n\u00b0116 du 2 novembre 2011 relatif \u00e0 la libert\u00e9 de la communication audiovisuelle et portant cr\u00e9ation de la Haica ne doit pas passer. Pr\u00e9sent\u00e9 par Al-Karama (la coalition des \u00abFrer\u00e8t\u00bb, ce ramassis de ploucs complex\u00e9s conduit par l\u2019agitateur Seifeddine Makhlouf) et soutenu vigoureusement par l\u2019alliance islamo-affairiste, ce projet menace la s\u00e9curit\u00e9 nationale et vise \u00e0 plonger le secteur audiovisuel et tout le pays dans la pagaille et le chaos. L\u2019opinion publique doit prendre conscience de son extr\u00eame dangerosit\u00e9 et le combattre.<\/em><\/strong><\/p>\n\n\n\n<p>Par<strong> Chedly Mamoghli<\/strong> *<\/p>\n\n\n\n<!--more-->\n\n\n\n<div class=\"wp-block-image\"><figure class=\"alignleft size-large\"><img decoding=\"async\" src=\"http:\/\/kapitalis.com\/tunisie\/wp-content\/uploads\/2018\/06\/Chedly-Mamoghli.jpg\" alt=\"\" class=\"wp-image-158631\"\/><\/figure><\/div>\n\n\n\n<p>Si ce projet, qui a \u00e9t\u00e9 adopt\u00e9 le 9 juillet dernier en commission, est adopt\u00e9 en pl\u00e9ni\u00e8re, le blanchiment de l\u2019argent sale, d\u00e9j\u00e0 op\u00e9r\u00e9 dans le secteur immobilier, se fera d\u00e9sormais dans celui de l\u2019audiovisuel. Tous les mafieux, gros bonnets de la contrebande et des trafics en tout genre auront leurs cha\u00eenes de t\u00e9l\u00e9, manipuleront l\u2019opinion publique et auront une arme redoutable pour faire la propagande des politiciens v\u00e9reux qui servent leurs int\u00e9r\u00eats et pour d\u00e9truire la r\u00e9putation des politiciens et des responsables int\u00e8gres qui refuseront de se soumettre \u00e0 leurs diktats et desideratas.<\/p>\n\n\n\n<h3 class=\"wp-block-heading\">Un projet visant \u00e0 l\u00e9galiser le banditisme m\u00e9diatique<\/h3>\n\n\n\n<p>Ce projet de la coalition des <em>\u00abFrer\u00e8t\u00bb<\/em> cherche \u00e0 d\u00e9r\u00e9guler le secteur et ouvrir la porte \u00e0 tous les exc\u00e8s et \u00e0 la <em>\u00abhamagia\u00bb<\/em> (gabegie) dans l\u2019impunit\u00e9 la plus totale.<\/p>\n\n\n\n<p>Les voyous ont massacr\u00e9 l\u2019\u00e9conomie, affaibli l\u2019Etat et compromis l\u2019avenir des jeunes g\u00e9n\u00e9rations, et maintenant ils veulent massacrer d\u00e9finitivement les m\u00e9dias pour renforcer leur contr\u00f4le sur le pays, qu\u2019ils ont pris en otage.<\/p>\n\n\n\n<p>Ce projet d\u2019amendement s\u2019inscrit dans le cadre du projet de d\u00e9mant\u00e8lement de l\u2019Etat et de la guerre d\u2019usure qui lui est livr\u00e9e. Entre terrorisme, contrebande, affairisme, sabotage organis\u00e9 du secteur \u00e9nerg\u00e9tique et minier, Assembl\u00e9e gangr\u00e9n\u00e9e par les ripoux, etc., maintenant la boucle sera boucl\u00e9e avec ce projet du banditisme m\u00e9diatique.<\/p>\n\n\n\n<p>Un projet pr\u00e9sent\u00e9 par la coalition des<em> \u00abFrer\u00e8t\u00bb<\/em> ennemie de l\u2019Etat et soutenu par le pape de l\u2019affairisme v\u00e9reux, le pr\u00e9sident de Qalb Tounes, ne peut \u00eatre que fatal pour le pays. Nabil Karoui, le manipulateur professionnel, salive devant ce projet d\u2019amendement parce qu\u2019il r\u00e9gularisera la situation ill\u00e9gale de son outil de propagande Nessma TV (ou plut\u00f4t Karoui TV), alors qu\u2019il raconte \u00e0 qui veut encore l\u2019entendre qu\u2019il n\u2019a plus rien \u00e0 voir avec Nessma. Or, cela est totalement faux. D\u2019abord, qui peut encore croire ce fieff\u00e9 menteur qui n\u2019a aucune cr\u00e9dibilit\u00e9? M\u00eame le roi des cons h\u00e9siterait \u00e0 lui faire cr\u00e9dit. Ensuite, la preuve a \u00e9t\u00e9 fournie que Karoui est encore actionnaire de Nessma et puis, il suffit juste de regarder les programmes de Nessma pour v\u00e9rifier que sa ligne \u00e9ditoriale est enti\u00e8rement index\u00e9e sur l\u2019agenda politique de l\u2019affairiste v\u00e9reux et de ses int\u00e9r\u00eats personnels. Aucune opinion n\u2019y est tol\u00e9r\u00e9e si elle n\u2019est pas conforme aux positions de Nabil Karoui et de Qalb Tounes. Et m\u00eame ceux et celles qui sont victimes des mensonges et des d\u00e9sinformations dont Nessma se fait sa sp\u00e9cialit\u00e9 dans le paysage audiovisuel, n\u2019ont m\u00eame droit \u00e0 un droit de r\u00e9ponse dans cette cha\u00eene, totalement vou\u00e9e \u00e0 d\u00e9fendre les int\u00e9r\u00eats de Nabil Karoui et \u00e0 <em>\u00abd\u00e9foncer\u00bb <\/em>ses adversaires dans les milieux m\u00e9diatiques et politiques<\/p>\n\n\n\n<h3 class=\"wp-block-heading\">Hichem Mechichi doit d\u00e9fendre l\u2019honneur de son gouvernement<\/h3>\n\n\n\n<p>Enfin, un projet d\u2019amendement concernant ce d\u00e9cret-loi n\u00b0 116 \u00e9manant du gouvernement a \u00e9t\u00e9 pr\u00e9sent\u00e9 et comme le stipule l\u2019article 62 de la Constitution, les projets de loi ou d\u2019amendement du gouvernement sont prioritaires. Par cons\u00e9quent, si le projet pr\u00e9sent\u00e9 par la coalition des <em>\u00abFrer\u00e8t\u00bb <\/em>est prioris\u00e9 sur celui du gouvernement, c\u2019est que la pr\u00e9sidence de l\u2019Assembl\u00e9e, assur\u00e9e par Rached Ghannouchi, pr\u00e9sident d\u2019Ennahdha et alli\u00e9 de Nabil Karoui et Qalb Tounes, pi\u00e9tine le droit, le r\u00e8glement et les convenances ce qui ne nous \u00e9tonne pas venant de ces gens mais qui entra\u00eenera les institutions dans une situation de non droit.<\/p>\n\n\n\n<p>Le chef du gouvernement, Hichem Mechichi, certes soutenu par les islamistes et le parti de Karoui et desquels la survie de son gouvernement d\u00e9pend, doit exiger que la loi soit respect\u00e9e et que le projet d\u2019amendement du gouvernement soit prioris\u00e9. Il doit d\u00e9fendre son honneur, celui de son gouvernement et celui des institutions de l\u2019Etat. <\/p>\n\n\n\n<p>Un projet d\u2019amendement soutenu par Makhlouf, Karoui et Ennahdha ne peut \u00eatre que suicidaire pour le pays. Il faut le combattre et le rejeter. L\u2019amendement des voyous ne doit pas passer.<\/p>\n\n\n\n<p><em>* Juriste.<\/em><\/p>\n\n\n\n<figure class=\"wp-block-embed-wordpress wp-block-embed is-type-wp-embed is-provider-kapitalis\"><div class=\"wp-block-embed__wrapper\">\n<blockquote class=\"wp-embedded-content\" data-secret=\"itVxUGVUPM\"><a href=\"https:\/\/kapitalis.com\/tunisie\/2020\/10\/13\/tunisie-tentative-de-passage-en-force-de-lamendement-du-decret-organisant-le-secteur-audiovisuel\/\">Tunisie : Tentative de passage en force de l\u2019amendement du d\u00e9cret organisant le secteur audiovisuel<\/a><\/blockquote><iframe loading=\"lazy\" class=\"wp-embedded-content\" sandbox=\"allow-scripts\" security=\"restricted\" style=\"position: absolute; clip: rect(1px, 1px, 1px, 1px);\" title=\"\u00ab\u00a0Tunisie : Tentative de passage en force de l\u2019amendement du d\u00e9cret organisant le secteur audiovisuel\u00a0\u00bb &#8212; Kapitalis\" src=\"https:\/\/kapitalis.com\/tunisie\/2020\/10\/13\/tunisie-tentative-de-passage-en-force-de-lamendement-du-decret-organisant-le-secteur-audiovisuel\/embed\/#?secret=iJt3VQxqSE#?secret=itVxUGVUPM\" data-secret=\"itVxUGVUPM\" width=\"600\" height=\"338\" frameborder=\"0\" marginwidth=\"0\" marginheight=\"0\" scrolling=\"no\"><\/iframe>\n<\/div><\/figure>\n\n\n\n<figure class=\"wp-block-embed-wordpress wp-block-embed is-type-wp-embed is-provider-kapitalis\"><div class=\"wp-block-embed__wrapper\">\n<blockquote class=\"wp-embedded-content\" data-secret=\"JoYxCjdKKf\"><a href=\"https:\/\/kapitalis.com\/tunisie\/2020\/10\/14\/al-karama-defend-la-chaine-illegale-hannibal-tv-et-diabolise-la-haica\/\">Al-Karama d\u00e9fend la cha\u00eene ill\u00e9gale Hannibal TV et diabolise la Haica<\/a><\/blockquote><iframe loading=\"lazy\" class=\"wp-embedded-content\" sandbox=\"allow-scripts\" security=\"restricted\" style=\"position: absolute; clip: rect(1px, 1px, 1px, 1px);\" title=\"\u00ab\u00a0Al-Karama d\u00e9fend la cha\u00eene ill\u00e9gale Hannibal TV et diabolise la Haica\u00a0\u00bb &#8212; Kapitalis\" src=\"https:\/\/kapitalis.com\/tunisie\/2020\/10\/14\/al-karama-defend-la-chaine-illegale-hannibal-tv-et-diabolise-la-haica\/embed\/#?secret=QMqOiAm0i6#?secret=JoYxCjdKKf\" data-secret=\"JoYxCjdKKf\" width=\"600\" height=\"338\" frameborder=\"0\" marginwidth=\"0\" marginheight=\"0\" scrolling=\"no\"><\/iframe>\n<\/div><\/figure>\n\n\n\n<figure class=\"wp-block-embed-wordpress wp-block-embed is-type-wp-embed is-provider-kapitalis\"><div class=\"wp-block-embed__wrapper\">\n<blockquote class=\"wp-embedded-content\" data-secret=\"5YubEC0qAQ\"><a href=\"https:\/\/kapitalis.com\/tunisie\/2020\/06\/10\/la-haica-denonce-lentretien-de-rached-ghannouchi-sur-nessma-une-chaine-illegale\/\">La Haica d\u00e9nonce l&rsquo;entretien de Rached Ghannouchi sur Nessma, une cha\u00eene ill\u00e9gale<\/a><\/blockquote><iframe loading=\"lazy\" class=\"wp-embedded-content\" sandbox=\"allow-scripts\" security=\"restricted\" style=\"position: absolute; clip: rect(1px, 1px, 1px, 1px);\" title=\"\u00ab\u00a0La Haica d\u00e9nonce l&rsquo;entretien de Rached Ghannouchi sur Nessma, une cha\u00eene ill\u00e9gale\u00a0\u00bb &#8212; Kapitalis\" src=\"https:\/\/kapitalis.com\/tunisie\/2020\/06\/10\/la-haica-denonce-lentretien-de-rached-ghannouchi-sur-nessma-une-chaine-illegale\/embed\/#?secret=m2SZKZrEw7#?secret=5YubEC0qAQ\" data-secret=\"5YubEC0qAQ\" width=\"600\" height=\"338\" frameborder=\"0\" marginwidth=\"0\" marginheight=\"0\" scrolling=\"no\"><\/iframe>\n<\/div><\/figure>\n","protected":false},"excerpt":{"rendered":"<p>Le projet d\u2019amendement du d\u00e9cret-loi n\u00b0116 du 2 novembre 2011 relatif \u00e0 la libert\u00e9 de la communication audiovisuelle et portant cr\u00e9ation de la Haica ne doit pas passer. Pr\u00e9sent\u00e9 par Al-Karama (la coalition des \u00abFrer\u00e8t\u00bb, ce ramassis de ploucs complex\u00e9s conduit par l\u2019agitateur Seifeddine Makhlouf) et soutenu vigoureusement par l\u2019alliance islamo-affairiste, ce projet menace la&#8230;<\/p>\n","protected":false},"author":8,"featured_media":320982,"comment_status":"open","ping_status":"open","sticky":false,"template":"","format":"standard","meta":{"footnotes":""},"categories":[992,996,997,1000,2433],"tags":[76464,83720,49543,1843,74899,651,657,61989,758,8752],"class_list":["post-320981","post","type-post","status-publish","format-standard","has-post-thumbnail","hentry","category-a-la-une","category-media","category-politique","category-tribune","category-tunisie","tag-al-karama-2","tag-decret-loi-n116","tag-ennahdha","tag-haica","tag-hichem-mechichi","tag-nabil-karoui","tag-nessma-tv","tag-qalb-tounes","tag-rached-ghannouchi","tag-seifeddine-makhlouf"],"yoast_head":"<!-- This site is optimized with the Yoast SEO plugin v26.6 - https:\/\/yoast.com\/wordpress\/plugins\/seo\/ -->\n<title>Tunisie - Audiovisuel : L\u2019amendement des voyous ne doit pas passer - Kapitalis<\/title>\n<meta name=\"robots\" content=\"index, follow, max-snippet:-1, max-image-preview:large, max-video-preview:-1\" \/>\n<link rel=\"canonical\" href=\"https:\/\/kapitalis.com\/tunisie\/2020\/10\/18\/tunisie-audiovisuel-lamendement-des-voyous-ne-doit-pas-passer\/\" \/>\n<meta property=\"og:locale\" content=\"fr_FR\" \/>\n<meta property=\"og:type\" content=\"article\" \/>\n<meta property=\"og:title\" content=\"Tunisie - Audiovisuel : L\u2019amendement des voyous ne doit pas passer - Kapitalis\" \/>\n<meta property=\"og:description\" content=\"Le projet d\u2019amendement du d\u00e9cret-loi n\u00b0116 du 2 novembre 2011 relatif \u00e0 la libert\u00e9 de la communication audiovisuelle et portant cr\u00e9ation de la Haica ne doit pas passer. Pr\u00e9sent\u00e9 par Al-Karama (la coalition des \u00abFrer\u00e8t\u00bb, ce ramassis de ploucs complex\u00e9s conduit par l\u2019agitateur Seifeddine Makhlouf) et soutenu vigoureusement par l\u2019alliance islamo-affairiste, ce projet menace la...\" \/>\n<meta property=\"og:url\" content=\"https:\/\/kapitalis.com\/tunisie\/2020\/10\/18\/tunisie-audiovisuel-lamendement-des-voyous-ne-doit-pas-passer\/\" \/>\n<meta property=\"og:site_name\" content=\"Kapitalis\" \/>\n<meta property=\"article:publisher\" content=\"https:\/\/www.facebook.com\/KapitalisInfo\/\" \/>\n<meta property=\"article:published_time\" content=\"2020-10-18T11:49:14+00:00\" \/>\n<meta property=\"article:modified_time\" content=\"2020-10-19T07:37:45+00:00\" \/>\n<meta property=\"og:image\" content=\"https:\/\/kapitalis.com\/tunisie\/wp-content\/uploads\/2022\/05\/kapitalis-logo-fb.png\" \/>\n\t<meta property=\"og:image:width\" content=\"1200\" \/>\n\t<meta property=\"og:image:height\" content=\"630\" \/>\n\t<meta property=\"og:image:type\" content=\"image\/png\" \/>\n<meta name=\"author\" content=\"webmaster kapitalis\" \/>\n<meta name=\"twitter:card\" content=\"summary_large_image\" \/>\n<meta name=\"twitter:creator\" content=\"@KapitalisInfo\" \/>\n<meta name=\"twitter:site\" content=\"@KapitalisInfo\" \/>\n<meta name=\"twitter:label1\" content=\"\u00c9crit par\" \/>\n\t<meta name=\"twitter:data1\" content=\"webmaster kapitalis\" \/>\n\t<meta name=\"twitter:label2\" content=\"Dur\u00e9e de lecture estim\u00e9e\" \/>\n\t<meta name=\"twitter:data2\" content=\"4 minutes\" \/>\n<script type=\"application\/ld+json\" class=\"yoast-schema-graph\">{\"@context\":\"https:\/\/schema.org\",\"@graph\":[{\"@type\":\"Article\",\"@id\":\"https:\/\/kapitalis.com\/tunisie\/2020\/10\/18\/tunisie-audiovisuel-lamendement-des-voyous-ne-doit-pas-passer\/#article\",\"isPartOf\":{\"@id\":\"https:\/\/kapitalis.com\/tunisie\/2020\/10\/18\/tunisie-audiovisuel-lamendement-des-voyous-ne-doit-pas-passer\/\"},\"author\":{\"name\":\"webmaster kapitalis\",\"@id\":\"https:\/\/kapitalis.com\/tunisie\/#\/schema\/person\/d71f33a9ca44f7bad4698210b480c8e9\"},\"headline\":\"Tunisie &#8211; Audiovisuel : L\u2019amendement des voyous ne doit pas passer\",\"datePublished\":\"2020-10-18T11:49:14+00:00\",\"dateModified\":\"2020-10-19T07:37:45+00:00\",\"mainEntityOfPage\":{\"@id\":\"https:\/\/kapitalis.com\/tunisie\/2020\/10\/18\/tunisie-audiovisuel-lamendement-des-voyous-ne-doit-pas-passer\/\"},\"wordCount\":879,\"commentCount\":4,\"publisher\":{\"@id\":\"https:\/\/kapitalis.com\/tunisie\/#organization\"},\"image\":{\"@id\":\"https:\/\/kapitalis.com\/tunisie\/2020\/10\/18\/tunisie-audiovisuel-lamendement-des-voyous-ne-doit-pas-passer\/#primaryimage\"},\"thumbnailUrl\":\"\",\"keywords\":[\"Al-Karama\",\"d\u00e9cret-loi n\u00b0116\",\"Ennahdha\",\"Haica\",\"Hichem Mechichi\",\"Nabil Karoui\",\"Nessma TV\",\"Qalb Tounes\",\"Rached Ghannouchi\",\"Seifeddine Makhlouf\"],\"articleSection\":[\"A LA UNE\",\"MEDIA\",\"POLITIQUE\",\"TRIBUNE\",\"Tunisie\"],\"inLanguage\":\"fr-FR\",\"potentialAction\":[{\"@type\":\"CommentAction\",\"name\":\"Comment\",\"target\":[\"https:\/\/kapitalis.com\/tunisie\/2020\/10\/18\/tunisie-audiovisuel-lamendement-des-voyous-ne-doit-pas-passer\/#respond\"]}]},{\"@type\":\"WebPage\",\"@id\":\"https:\/\/kapitalis.com\/tunisie\/2020\/10\/18\/tunisie-audiovisuel-lamendement-des-voyous-ne-doit-pas-passer\/\",\"url\":\"https:\/\/kapitalis.com\/tunisie\/2020\/10\/18\/tunisie-audiovisuel-lamendement-des-voyous-ne-doit-pas-passer\/\",\"name\":\"Tunisie - Audiovisuel : L\u2019amendement des voyous ne doit pas passer - Kapitalis\",\"isPartOf\":{\"@id\":\"https:\/\/kapitalis.com\/tunisie\/#website\"},\"primaryImageOfPage\":{\"@id\":\"https:\/\/kapitalis.com\/tunisie\/2020\/10\/18\/tunisie-audiovisuel-lamendement-des-voyous-ne-doit-pas-passer\/#primaryimage\"},\"image\":{\"@id\":\"https:\/\/kapitalis.com\/tunisie\/2020\/10\/18\/tunisie-audiovisuel-lamendement-des-voyous-ne-doit-pas-passer\/#primaryimage\"},\"thumbnailUrl\":\"\",\"datePublished\":\"2020-10-18T11:49:14+00:00\",\"dateModified\":\"2020-10-19T07:37:45+00:00\",\"breadcrumb\":{\"@id\":\"https:\/\/kapitalis.com\/tunisie\/2020\/10\/18\/tunisie-audiovisuel-lamendement-des-voyous-ne-doit-pas-passer\/#breadcrumb\"},\"inLanguage\":\"fr-FR\",\"potentialAction\":[{\"@type\":\"ReadAction\",\"target\":[\"https:\/\/kapitalis.com\/tunisie\/2020\/10\/18\/tunisie-audiovisuel-lamendement-des-voyous-ne-doit-pas-passer\/\"]}]},{\"@type\":\"ImageObject\",\"inLanguage\":\"fr-FR\",\"@id\":\"https:\/\/kapitalis.com\/tunisie\/2020\/10\/18\/tunisie-audiovisuel-lamendement-des-voyous-ne-doit-pas-passer\/#primaryimage\",\"url\":\"\",\"contentUrl\":\"\"},{\"@type\":\"BreadcrumbList\",\"@id\":\"https:\/\/kapitalis.com\/tunisie\/2020\/10\/18\/tunisie-audiovisuel-lamendement-des-voyous-ne-doit-pas-passer\/#breadcrumb\",\"itemListElement\":[{\"@type\":\"ListItem\",\"position\":1,\"name\":\"Accueil\",\"item\":\"https:\/\/kapitalis.com\/tunisie\/\"},{\"@type\":\"ListItem\",\"position\":2,\"name\":\"Tunisie &#8211; Audiovisuel : L\u2019amendement des voyous ne doit pas passer\"}]},{\"@type\":\"WebSite\",\"@id\":\"https:\/\/kapitalis.com\/tunisie\/#website\",\"url\":\"https:\/\/kapitalis.com\/tunisie\/\",\"name\":\"Kapitalis\",\"description\":\"L&#039;actualit\u00e9 en Tunisie et dans le monde\",\"publisher\":{\"@id\":\"https:\/\/kapitalis.com\/tunisie\/#organization\"},\"potentialAction\":[{\"@type\":\"SearchAction\",\"target\":{\"@type\":\"EntryPoint\",\"urlTemplate\":\"https:\/\/kapitalis.com\/tunisie\/?s={search_term_string}\"},\"query-input\":{\"@type\":\"PropertyValueSpecification\",\"valueRequired\":true,\"valueName\":\"search_term_string\"}}],\"inLanguage\":\"fr-FR\"},{\"@type\":\"Organization\",\"@id\":\"https:\/\/kapitalis.com\/tunisie\/#organization\",\"name\":\"Kapitalis\",\"url\":\"https:\/\/kapitalis.com\/tunisie\/\",\"logo\":{\"@type\":\"ImageObject\",\"inLanguage\":\"fr-FR\",\"@id\":\"https:\/\/kapitalis.com\/tunisie\/#\/schema\/logo\/image\/\",\"url\":\"https:\/\/kapitalis.com\/tunisie\/wp-content\/uploads\/2022\/05\/Kapitalis-big-size.png\",\"contentUrl\":\"https:\/\/kapitalis.com\/tunisie\/wp-content\/uploads\/2022\/05\/Kapitalis-big-size.png\",\"width\":5000,\"height\":1500,\"caption\":\"Kapitalis\"},\"image\":{\"@id\":\"https:\/\/kapitalis.com\/tunisie\/#\/schema\/logo\/image\/\"},\"sameAs\":[\"https:\/\/www.facebook.com\/KapitalisInfo\/\",\"https:\/\/x.com\/KapitalisInfo\",\"https:\/\/www.youtube.com\/channel\/UC-yDYrHyfFBWWZaOw3FPg9Q\"]},{\"@type\":\"Person\",\"@id\":\"https:\/\/kapitalis.com\/tunisie\/#\/schema\/person\/d71f33a9ca44f7bad4698210b480c8e9\",\"name\":\"webmaster kapitalis\",\"url\":\"https:\/\/kapitalis.com\/tunisie\/author\/webmaster-kapitalis\/\"}]}<\/script>\n<!-- \/ Yoast SEO plugin. -->","yoast_head_json":{"title":"Tunisie - Audiovisuel : L\u2019amendement des voyous ne doit pas passer - Kapitalis","robots":{"index":"index","follow":"follow","max-snippet":"max-snippet:-1","max-image-preview":"max-image-preview:large","max-video-preview":"max-video-preview:-1"},"canonical":"https:\/\/kapitalis.com\/tunisie\/2020\/10\/18\/tunisie-audiovisuel-lamendement-des-voyous-ne-doit-pas-passer\/","og_locale":"fr_FR","og_type":"article","og_title":"Tunisie - Audiovisuel : L\u2019amendement des voyous ne doit pas passer - Kapitalis","og_description":"Le projet d\u2019amendement du d\u00e9cret-loi n\u00b0116 du 2 novembre 2011 relatif \u00e0 la libert\u00e9 de la communication audiovisuelle et portant cr\u00e9ation de la Haica ne doit pas passer. Pr\u00e9sent\u00e9 par Al-Karama (la coalition des \u00abFrer\u00e8t\u00bb, ce ramassis de ploucs complex\u00e9s conduit par l\u2019agitateur Seifeddine Makhlouf) et soutenu vigoureusement par l\u2019alliance islamo-affairiste, ce projet menace la...","og_url":"https:\/\/kapitalis.com\/tunisie\/2020\/10\/18\/tunisie-audiovisuel-lamendement-des-voyous-ne-doit-pas-passer\/","og_site_name":"Kapitalis","article_publisher":"https:\/\/www.facebook.com\/KapitalisInfo\/","article_published_time":"2020-10-18T11:49:14+00:00","article_modified_time":"2020-10-19T07:37:45+00:00","og_image":[{"width":1200,"height":630,"url":"https:\/\/kapitalis.com\/tunisie\/wp-content\/uploads\/2022\/05\/kapitalis-logo-fb.png","type":"image\/png"}],"author":"webmaster kapitalis","twitter_card":"summary_large_image","twitter_creator":"@KapitalisInfo","twitter_site":"@KapitalisInfo","twitter_misc":{"\u00c9crit par":"webmaster kapitalis","Dur\u00e9e de lecture estim\u00e9e":"4 minutes"},"schema":{"@context":"https:\/\/schema.org","@graph":[{"@type":"Article","@id":"https:\/\/kapitalis.com\/tunisie\/2020\/10\/18\/tunisie-audiovisuel-lamendement-des-voyous-ne-doit-pas-passer\/#article","isPartOf":{"@id":"https:\/\/kapitalis.com\/tunisie\/2020\/10\/18\/tunisie-audiovisuel-lamendement-des-voyous-ne-doit-pas-passer\/"},"author":{"name":"webmaster kapitalis","@id":"https:\/\/kapitalis.com\/tunisie\/#\/schema\/person\/d71f33a9ca44f7bad4698210b480c8e9"},"headline":"Tunisie &#8211; Audiovisuel : L\u2019amendement des voyous ne doit pas passer","datePublished":"2020-10-18T11:49:14+00:00","dateModified":"2020-10-19T07:37:45+00:00","mainEntityOfPage":{"@id":"https:\/\/kapitalis.com\/tunisie\/2020\/10\/18\/tunisie-audiovisuel-lamendement-des-voyous-ne-doit-pas-passer\/"},"wordCount":879,"commentCount":4,"publisher":{"@id":"https:\/\/kapitalis.com\/tunisie\/#organization"},"image":{"@id":"https:\/\/kapitalis.com\/tunisie\/2020\/10\/18\/tunisie-audiovisuel-lamendement-des-voyous-ne-doit-pas-passer\/#primaryimage"},"thumbnailUrl":"","keywords":["Al-Karama","d\u00e9cret-loi n\u00b0116","Ennahdha","Haica","Hichem Mechichi","Nabil Karoui","Nessma TV","Qalb Tounes","Rached Ghannouchi","Seifeddine Makhlouf"],"articleSection":["A LA UNE","MEDIA","POLITIQUE","TRIBUNE","Tunisie"],"inLanguage":"fr-FR","potentialAction":[{"@type":"CommentAction","name":"Comment","target":["https:\/\/kapitalis.com\/tunisie\/2020\/10\/18\/tunisie-audiovisuel-lamendement-des-voyous-ne-doit-pas-passer\/#respond"]}]},{"@type":"WebPage","@id":"https:\/\/kapitalis.com\/tunisie\/2020\/10\/18\/tunisie-audiovisuel-lamendement-des-voyous-ne-doit-pas-passer\/","url":"https:\/\/kapitalis.com\/tunisie\/2020\/10\/18\/tunisie-audiovisuel-lamendement-des-voyous-ne-doit-pas-passer\/","name":"Tunisie - Audiovisuel : L\u2019amendement des voyous ne doit pas passer - Kapitalis","isPartOf":{"@id":"https:\/\/kapitalis.com\/tunisie\/#website"},"primaryImageOfPage":{"@id":"https:\/\/kapitalis.com\/tunisie\/2020\/10\/18\/tunisie-audiovisuel-lamendement-des-voyous-ne-doit-pas-passer\/#primaryimage"},"image":{"@id":"https:\/\/kapitalis.com\/tunisie\/2020\/10\/18\/tunisie-audiovisuel-lamendement-des-voyous-ne-doit-pas-passer\/#primaryimage"},"thumbnailUrl":"","datePublished":"2020-10-18T11:49:14+00:00","dateModified":"2020-10-19T07:37:45+00:00","breadcrumb":{"@id":"https:\/\/kapitalis.com\/tunisie\/2020\/10\/18\/tunisie-audiovisuel-lamendement-des-voyous-ne-doit-pas-passer\/#breadcrumb"},"inLanguage":"fr-FR","potentialAction":[{"@type":"ReadAction","target":["https:\/\/kapitalis.com\/tunisie\/2020\/10\/18\/tunisie-audiovisuel-lamendement-des-voyous-ne-doit-pas-passer\/"]}]},{"@type":"ImageObject","inLanguage":"fr-FR","@id":"https:\/\/kapitalis.com\/tunisie\/2020\/10\/18\/tunisie-audiovisuel-lamendement-des-voyous-ne-doit-pas-passer\/#primaryimage","url":"","contentUrl":""},{"@type":"BreadcrumbList","@id":"https:\/\/kapitalis.com\/tunisie\/2020\/10\/18\/tunisie-audiovisuel-lamendement-des-voyous-ne-doit-pas-passer\/#breadcrumb","itemListElement":[{"@type":"ListItem","position":1,"name":"Accueil","item":"https:\/\/kapitalis.com\/tunisie\/"},{"@type":"ListItem","position":2,"name":"Tunisie &#8211; Audiovisuel : L\u2019amendement des voyous ne doit pas passer"}]},{"@type":"WebSite","@id":"https:\/\/kapitalis.com\/tunisie\/#website","url":"https:\/\/kapitalis.com\/tunisie\/","name":"Kapitalis","description":"L&#039;actualit\u00e9 en Tunisie et dans le monde","publisher":{"@id":"https:\/\/kapitalis.com\/tunisie\/#organization"},"potentialAction":[{"@type":"SearchAction","target":{"@type":"EntryPoint","urlTemplate":"https:\/\/kapitalis.com\/tunisie\/?s={search_term_string}"},"query-input":{"@type":"PropertyValueSpecification","valueRequired":true,"valueName":"search_term_string"}}],"inLanguage":"fr-FR"},{"@type":"Organization","@id":"https:\/\/kapitalis.com\/tunisie\/#organization","name":"Kapitalis","url":"https:\/\/kapitalis.com\/tunisie\/","logo":{"@type":"ImageObject","inLanguage":"fr-FR","@id":"https:\/\/kapitalis.com\/tunisie\/#\/schema\/logo\/image\/","url":"https:\/\/kapitalis.com\/tunisie\/wp-content\/uploads\/2022\/05\/Kapitalis-big-size.png","contentUrl":"https:\/\/kapitalis.com\/tunisie\/wp-content\/uploads\/2022\/05\/Kapitalis-big-size.png","width":5000,"height":1500,"caption":"Kapitalis"},"image":{"@id":"https:\/\/kapitalis.com\/tunisie\/#\/schema\/logo\/image\/"},"sameAs":["https:\/\/www.facebook.com\/KapitalisInfo\/","https:\/\/x.com\/KapitalisInfo","https:\/\/www.youtube.com\/channel\/UC-yDYrHyfFBWWZaOw3FPg9Q"]},{"@type":"Person","@id":"https:\/\/kapitalis.com\/tunisie\/#\/schema\/person\/d71f33a9ca44f7bad4698210b480c8e9","name":"webmaster kapitalis","url":"https:\/\/kapitalis.com\/tunisie\/author\/webmaster-kapitalis\/"}]}},"_links":{"self":[{"href":"https:\/\/kapitalis.com\/tunisie\/wp-json\/wp\/v2\/posts\/320981","targetHints":{"allow":["GET"]}}],"collection":[{"href":"https:\/\/kapitalis.com\/tunisie\/wp-json\/wp\/v2\/posts"}],"about":[{"href":"https:\/\/kapitalis.com\/tunisie\/wp-json\/wp\/v2\/types\/post"}],"author":[{"embeddable":true,"href":"https:\/\/kapitalis.com\/tunisie\/wp-json\/wp\/v2\/users\/8"}],"replies":[{"embeddable":true,"href":"https:\/\/kapitalis.com\/tunisie\/wp-json\/wp\/v2\/comments?post=320981"}],"version-history":[{"count":0,"href":"https:\/\/kapitalis.com\/tunisie\/wp-json\/wp\/v2\/posts\/320981\/revisions"}],"wp:featuredmedia":[{"embeddable":true,"href":"https:\/\/kapitalis.com\/tunisie\/wp-json\/wp\/v2\/media\/320982"}],"wp:attachment":[{"href":"https:\/\/kapitalis.com\/tunisie\/wp-json\/wp\/v2\/media?parent=320981"}],"wp:term":[{"taxonomy":"category","embeddable":true,"href":"https:\/\/kapitalis.com\/tunisie\/wp-json\/wp\/v2\/categories?post=320981"},{"taxonomy":"post_tag","embeddable":true,"href":"https:\/\/kapitalis.com\/tunisie\/wp-json\/wp\/v2\/tags?post=320981"}],"curies":[{"name":"wp","href":"https:\/\/api.w.org\/{rel}","templated":true}]}}