{"id":321006,"date":"2020-10-19T08:17:37","date_gmt":"2020-10-19T07:17:37","guid":{"rendered":"http:\/\/kapitalis.com\/tunisie\/?p=321006"},"modified":"2020-10-19T08:17:40","modified_gmt":"2020-10-19T07:17:40","slug":"abir-moussi-va-t-elle-rectifier-le-tir","status":"publish","type":"post","link":"https:\/\/kapitalis.com\/tunisie\/2020\/10\/19\/abir-moussi-va-t-elle-rectifier-le-tir\/","title":{"rendered":"Abir Moussi va-t-elle rectifier le tir ?"},"content":{"rendered":"\n<figure class=\"wp-block-image size-large\"><img decoding=\"async\" src=\"http:\/\/kapitalis.com\/tunisie\/wp-content\/uploads\/2020\/09\/Abir-Moussi.jpg\" alt=\"\" class=\"wp-image-315787\"\/><\/figure>\n\n\n\n<p><strong><em>Abir Moussi vient de critiquer les forces progressistes du mouvement du 18-Octobre (1). Seulement, la pr\u00e9sidente du Parti destourien libre (PDL) et de son bloc parlementaire aurait mieux fait de se remettre en question avant de jeter le tort aux autres.<\/em><\/strong><\/p>\n\n\n\n<p>Par <strong>Leith Lakhoua<\/strong> *<\/p>\n\n\n\n<!--more-->\n\n\n\n<div class=\"wp-block-image\"><figure class=\"alignleft size-large\"><img decoding=\"async\" src=\"http:\/\/kapitalis.com\/tunisie\/wp-content\/uploads\/2020\/10\/Leith-Lakhoua.jpg\" alt=\"\" class=\"wp-image-321007\"\/><\/figure><\/div>\n\n\n\n<p>Certes, l\u2019opposition traditionnelle progressiste s\u2019est tromp\u00e9e en s\u2019associant aux islamistes, et le prix \u00e9tait fortement pay\u00e9. Mais Mme Moussi continue de commettre une erreur monumentale en d\u00e9nigrant la r\u00e9volution de janvier 2011 et en justifiant les d\u00e9passements et les erreurs de l&rsquo;ancien pouvoir dictatorial. Car il ne faut pas oublier que si elle s\u2019exprime aussi librement qu\u2019elle le fait et se pr\u00e9sente en tant que candidate aux diff\u00e9rentes \u00e9lections c\u2019est gr\u00e2ce \u00e0 cette r\u00e9volution, et ceci est une \u00e9vidence incontournable, continuer \u00e0 l\u2019ignorer est une erreur \u00e9norme qui, avec le temps, risquerait de lui porter un pr\u00e9judice fatale.<\/p>\n\n\n\n<p>De m\u00eame, continuer \u00e0 justifier les comportements dictatoriaux de l\u2019ancien syst\u00e8me de Ben Ali et ne pas reconna\u00eetre les erreurs du Rassemblement constitutionnel d\u00e9mocratique (RCD), l\u2019ex-parti du pouvoir, est d\u2019une maladresse colossale.<\/p>\n\n\n\n<p>La pr\u00e9sidente du PDL, qui a aujourd\u2019hui le vent en poupe dans les sondages, ne doit pas s\u2019enflammer et perdre la boussole. Car elle ne peut esp\u00e9rer un quelconque leadership qui pourrait la ramener aux plus hautes fonctions de l\u2019Etat dans ce pays \u2013 sans doute qu\u2019elle y pense fortement en se coiffant le matin \u2013 que si elle r\u00e9ussit brasser large au-del\u00e0 de la petite famille du PDL en se d\u00e9barrassant de ces deux lourdes \u00e9tiquettes. Ce n\u2019est qu\u2019\u00e0 ce moment-l\u00e0, et au prix de s\u00e9rieuses r\u00e9visions, qu\u2019elle pourrait constituer, au regard de la majorit\u00e9 des Tunisiens, une alternative aux islamistes, en rassemblant autour de sa personne et de son programme une opposition forte et efficace. Encore faut-il aussi qu\u2019elle abandonne cet \u00e9tat d\u2019esprit paternaliste et condescendant qui a toujours s\u00e9vi chez les Destouriens depuis Habib Bourguiba, et accepter de se mettre \u00e0 pied d\u2019\u00e9galit\u00e9 que les autres leaders de l\u2019opposition, m\u00eame s\u2019ils ne plafonnent pas comme elle dans les sondages d\u2019opinion.<\/p>\n\n\n\n<p>Mme Moussi entra\u00eene dans son sillage une \u00e9norme force vive mais elle risque de perdre cet avantage en un claquement de doigts, comme cela a \u00e9t\u00e9 le cas de beaucoup de leaders qui l\u2019ont pr\u00e9c\u00e9d\u00e9e, comme N\u00e9jib Chebbi, Moncef Marzouki, Mustapha Ben Jaafar, Hamma Hammami, et d\u2019autres encore aujourd\u2019hui presque disparu de la sc\u00e8ne, mais la pr\u00e9sidente du PDL retiendra-t-elle la le\u00e7on ?<br><\/p>\n\n\n\n<p><em>* Ind\u00e9pendant.<\/em><\/p>\n\n\n\n<p><em>1- La gr\u00e8ve de la faim entam\u00e9e le 18 octobre 2005, et ui a dur\u00e9 32 jours, par 8 figures de la sc\u00e8ne politique et de la soci\u00e9t\u00e9 civile tunisiennes, alors \u00e2g\u00e9s de 39 \u00e0 66 ans \u2013 Ahmed Nejib Chebbi, Hamma Hammami, Mokhtar Yahyaoui, Lotfi Hajji, Samir Dilou, Ayachi Hammami, Abderraouf Ayadi et Mohamed Nouri, pour r\u00e9clamer la libert\u00e9 d\u2019organisation politique et associative, la libert\u00e9 d\u2019expression et une amnistie g\u00e9n\u00e9rale pour tous les prisonniers d\u2019opinion.<\/em><\/p>\n","protected":false},"excerpt":{"rendered":"<p>Abir Moussi vient de critiquer les forces progressistes du mouvement du 18-Octobre (1). Seulement, la pr\u00e9sidente du Parti destourien libre (PDL) et de son bloc parlementaire aurait mieux fait de se remettre en question avant de jeter le tort aux autres. Par Leith Lakhoua *<\/p>\n","protected":false},"author":8,"featured_media":321007,"comment_status":"open","ping_status":"open","sticky":false,"template":"","format":"standard","meta":{"footnotes":""},"categories":[992,997,1000,2433],"tags":[15144,2358,437,1648,634,4760,4759,23927,6898,83902],"class_list":["post-321006","post","type-post","status-publish","format-standard","has-post-thumbnail","hentry","category-a-la-une","category-politique","category-tribune","category-tunisie","tag-abir-moussi","tag-habib-bourguiba","tag-hamma-hammami","tag-islamistes","tag-moncef-marzouki","tag-mustapha-ben-jaafar","tag-nejib-chebbi","tag-parti-destourien-libre","tag-rassemblement-constitutionnel-democratique","tag-revolution-de-janvier-2011"],"yoast_head":"<!-- This site is optimized with the Yoast SEO plugin v26.6 - https:\/\/yoast.com\/wordpress\/plugins\/seo\/ -->\n<title>Abir Moussi va-t-elle rectifier le tir ? - Kapitalis<\/title>\n<meta name=\"robots\" content=\"index, follow, max-snippet:-1, max-image-preview:large, max-video-preview:-1\" \/>\n<link rel=\"canonical\" href=\"https:\/\/kapitalis.com\/tunisie\/2020\/10\/19\/abir-moussi-va-t-elle-rectifier-le-tir\/\" \/>\n<meta property=\"og:locale\" content=\"fr_FR\" \/>\n<meta property=\"og:type\" content=\"article\" \/>\n<meta property=\"og:title\" content=\"Abir Moussi va-t-elle rectifier le tir ? - Kapitalis\" \/>\n<meta property=\"og:description\" content=\"Abir Moussi vient de critiquer les forces progressistes du mouvement du 18-Octobre (1). Seulement, la pr\u00e9sidente du Parti destourien libre (PDL) et de son bloc parlementaire aurait mieux fait de se remettre en question avant de jeter le tort aux autres. Par Leith Lakhoua *\" \/>\n<meta property=\"og:url\" content=\"https:\/\/kapitalis.com\/tunisie\/2020\/10\/19\/abir-moussi-va-t-elle-rectifier-le-tir\/\" \/>\n<meta property=\"og:site_name\" content=\"Kapitalis\" \/>\n<meta property=\"article:publisher\" content=\"https:\/\/www.facebook.com\/KapitalisInfo\/\" \/>\n<meta property=\"article:published_time\" content=\"2020-10-19T07:17:37+00:00\" \/>\n<meta property=\"article:modified_time\" content=\"2020-10-19T07:17:40+00:00\" \/>\n<meta property=\"og:image\" content=\"https:\/\/kapitalis.com\/tunisie\/wp-content\/uploads\/2022\/05\/kapitalis-logo-fb.png\" \/>\n\t<meta property=\"og:image:width\" content=\"1200\" \/>\n\t<meta property=\"og:image:height\" content=\"630\" \/>\n\t<meta property=\"og:image:type\" content=\"image\/png\" \/>\n<meta name=\"author\" content=\"webmaster kapitalis\" \/>\n<meta name=\"twitter:card\" content=\"summary_large_image\" \/>\n<meta name=\"twitter:creator\" content=\"@KapitalisInfo\" \/>\n<meta name=\"twitter:site\" content=\"@KapitalisInfo\" \/>\n<meta name=\"twitter:label1\" content=\"\u00c9crit par\" \/>\n\t<meta name=\"twitter:data1\" content=\"webmaster kapitalis\" \/>\n\t<meta name=\"twitter:label2\" content=\"Dur\u00e9e de lecture estim\u00e9e\" \/>\n\t<meta name=\"twitter:data2\" content=\"3 minutes\" \/>\n<script type=\"application\/ld+json\" class=\"yoast-schema-graph\">{\"@context\":\"https:\/\/schema.org\",\"@graph\":[{\"@type\":\"Article\",\"@id\":\"https:\/\/kapitalis.com\/tunisie\/2020\/10\/19\/abir-moussi-va-t-elle-rectifier-le-tir\/#article\",\"isPartOf\":{\"@id\":\"https:\/\/kapitalis.com\/tunisie\/2020\/10\/19\/abir-moussi-va-t-elle-rectifier-le-tir\/\"},\"author\":{\"name\":\"webmaster kapitalis\",\"@id\":\"https:\/\/kapitalis.com\/tunisie\/#\/schema\/person\/d71f33a9ca44f7bad4698210b480c8e9\"},\"headline\":\"Abir Moussi va-t-elle rectifier le tir ?\",\"datePublished\":\"2020-10-19T07:17:37+00:00\",\"dateModified\":\"2020-10-19T07:17:40+00:00\",\"mainEntityOfPage\":{\"@id\":\"https:\/\/kapitalis.com\/tunisie\/2020\/10\/19\/abir-moussi-va-t-elle-rectifier-le-tir\/\"},\"wordCount\":533,\"commentCount\":8,\"publisher\":{\"@id\":\"https:\/\/kapitalis.com\/tunisie\/#organization\"},\"image\":{\"@id\":\"https:\/\/kapitalis.com\/tunisie\/2020\/10\/19\/abir-moussi-va-t-elle-rectifier-le-tir\/#primaryimage\"},\"thumbnailUrl\":\"\",\"keywords\":[\"Abir Moussi\",\"Habib Bourguiba\",\"Hamma Hammami\",\"islamistes\",\"Moncef Marzouki\",\"Mustapha Ben Jaafar\",\"N\u00e9jib Chebbi\",\"Parti destourien libre\",\"Rassemblement constitutionnel d\u00e9mocratique\",\"r\u00e9volution de janvier 2011\"],\"articleSection\":[\"A LA UNE\",\"POLITIQUE\",\"TRIBUNE\",\"Tunisie\"],\"inLanguage\":\"fr-FR\",\"potentialAction\":[{\"@type\":\"CommentAction\",\"name\":\"Comment\",\"target\":[\"https:\/\/kapitalis.com\/tunisie\/2020\/10\/19\/abir-moussi-va-t-elle-rectifier-le-tir\/#respond\"]}]},{\"@type\":\"WebPage\",\"@id\":\"https:\/\/kapitalis.com\/tunisie\/2020\/10\/19\/abir-moussi-va-t-elle-rectifier-le-tir\/\",\"url\":\"https:\/\/kapitalis.com\/tunisie\/2020\/10\/19\/abir-moussi-va-t-elle-rectifier-le-tir\/\",\"name\":\"Abir Moussi va-t-elle rectifier le tir ? - Kapitalis\",\"isPartOf\":{\"@id\":\"https:\/\/kapitalis.com\/tunisie\/#website\"},\"primaryImageOfPage\":{\"@id\":\"https:\/\/kapitalis.com\/tunisie\/2020\/10\/19\/abir-moussi-va-t-elle-rectifier-le-tir\/#primaryimage\"},\"image\":{\"@id\":\"https:\/\/kapitalis.com\/tunisie\/2020\/10\/19\/abir-moussi-va-t-elle-rectifier-le-tir\/#primaryimage\"},\"thumbnailUrl\":\"\",\"datePublished\":\"2020-10-19T07:17:37+00:00\",\"dateModified\":\"2020-10-19T07:17:40+00:00\",\"breadcrumb\":{\"@id\":\"https:\/\/kapitalis.com\/tunisie\/2020\/10\/19\/abir-moussi-va-t-elle-rectifier-le-tir\/#breadcrumb\"},\"inLanguage\":\"fr-FR\",\"potentialAction\":[{\"@type\":\"ReadAction\",\"target\":[\"https:\/\/kapitalis.com\/tunisie\/2020\/10\/19\/abir-moussi-va-t-elle-rectifier-le-tir\/\"]}]},{\"@type\":\"ImageObject\",\"inLanguage\":\"fr-FR\",\"@id\":\"https:\/\/kapitalis.com\/tunisie\/2020\/10\/19\/abir-moussi-va-t-elle-rectifier-le-tir\/#primaryimage\",\"url\":\"\",\"contentUrl\":\"\"},{\"@type\":\"BreadcrumbList\",\"@id\":\"https:\/\/kapitalis.com\/tunisie\/2020\/10\/19\/abir-moussi-va-t-elle-rectifier-le-tir\/#breadcrumb\",\"itemListElement\":[{\"@type\":\"ListItem\",\"position\":1,\"name\":\"Accueil\",\"item\":\"https:\/\/kapitalis.com\/tunisie\/\"},{\"@type\":\"ListItem\",\"position\":2,\"name\":\"Abir Moussi va-t-elle rectifier le tir ?\"}]},{\"@type\":\"WebSite\",\"@id\":\"https:\/\/kapitalis.com\/tunisie\/#website\",\"url\":\"https:\/\/kapitalis.com\/tunisie\/\",\"name\":\"Kapitalis\",\"description\":\"L&#039;actualit\u00e9 en Tunisie et dans le monde\",\"publisher\":{\"@id\":\"https:\/\/kapitalis.com\/tunisie\/#organization\"},\"potentialAction\":[{\"@type\":\"SearchAction\",\"target\":{\"@type\":\"EntryPoint\",\"urlTemplate\":\"https:\/\/kapitalis.com\/tunisie\/?s={search_term_string}\"},\"query-input\":{\"@type\":\"PropertyValueSpecification\",\"valueRequired\":true,\"valueName\":\"search_term_string\"}}],\"inLanguage\":\"fr-FR\"},{\"@type\":\"Organization\",\"@id\":\"https:\/\/kapitalis.com\/tunisie\/#organization\",\"name\":\"Kapitalis\",\"url\":\"https:\/\/kapitalis.com\/tunisie\/\",\"logo\":{\"@type\":\"ImageObject\",\"inLanguage\":\"fr-FR\",\"@id\":\"https:\/\/kapitalis.com\/tunisie\/#\/schema\/logo\/image\/\",\"url\":\"https:\/\/kapitalis.com\/tunisie\/wp-content\/uploads\/2022\/05\/Kapitalis-big-size.png\",\"contentUrl\":\"https:\/\/kapitalis.com\/tunisie\/wp-content\/uploads\/2022\/05\/Kapitalis-big-size.png\",\"width\":5000,\"height\":1500,\"caption\":\"Kapitalis\"},\"image\":{\"@id\":\"https:\/\/kapitalis.com\/tunisie\/#\/schema\/logo\/image\/\"},\"sameAs\":[\"https:\/\/www.facebook.com\/KapitalisInfo\/\",\"https:\/\/x.com\/KapitalisInfo\",\"https:\/\/www.youtube.com\/channel\/UC-yDYrHyfFBWWZaOw3FPg9Q\"]},{\"@type\":\"Person\",\"@id\":\"https:\/\/kapitalis.com\/tunisie\/#\/schema\/person\/d71f33a9ca44f7bad4698210b480c8e9\",\"name\":\"webmaster kapitalis\",\"url\":\"https:\/\/kapitalis.com\/tunisie\/author\/webmaster-kapitalis\/\"}]}<\/script>\n<!-- \/ Yoast SEO plugin. -->","yoast_head_json":{"title":"Abir Moussi va-t-elle rectifier le tir ? - Kapitalis","robots":{"index":"index","follow":"follow","max-snippet":"max-snippet:-1","max-image-preview":"max-image-preview:large","max-video-preview":"max-video-preview:-1"},"canonical":"https:\/\/kapitalis.com\/tunisie\/2020\/10\/19\/abir-moussi-va-t-elle-rectifier-le-tir\/","og_locale":"fr_FR","og_type":"article","og_title":"Abir Moussi va-t-elle rectifier le tir ? - Kapitalis","og_description":"Abir Moussi vient de critiquer les forces progressistes du mouvement du 18-Octobre (1). Seulement, la pr\u00e9sidente du Parti destourien libre (PDL) et de son bloc parlementaire aurait mieux fait de se remettre en question avant de jeter le tort aux autres. Par Leith Lakhoua *","og_url":"https:\/\/kapitalis.com\/tunisie\/2020\/10\/19\/abir-moussi-va-t-elle-rectifier-le-tir\/","og_site_name":"Kapitalis","article_publisher":"https:\/\/www.facebook.com\/KapitalisInfo\/","article_published_time":"2020-10-19T07:17:37+00:00","article_modified_time":"2020-10-19T07:17:40+00:00","og_image":[{"width":1200,"height":630,"url":"https:\/\/kapitalis.com\/tunisie\/wp-content\/uploads\/2022\/05\/kapitalis-logo-fb.png","type":"image\/png"}],"author":"webmaster kapitalis","twitter_card":"summary_large_image","twitter_creator":"@KapitalisInfo","twitter_site":"@KapitalisInfo","twitter_misc":{"\u00c9crit par":"webmaster kapitalis","Dur\u00e9e de lecture estim\u00e9e":"3 minutes"},"schema":{"@context":"https:\/\/schema.org","@graph":[{"@type":"Article","@id":"https:\/\/kapitalis.com\/tunisie\/2020\/10\/19\/abir-moussi-va-t-elle-rectifier-le-tir\/#article","isPartOf":{"@id":"https:\/\/kapitalis.com\/tunisie\/2020\/10\/19\/abir-moussi-va-t-elle-rectifier-le-tir\/"},"author":{"name":"webmaster kapitalis","@id":"https:\/\/kapitalis.com\/tunisie\/#\/schema\/person\/d71f33a9ca44f7bad4698210b480c8e9"},"headline":"Abir Moussi va-t-elle rectifier le tir ?","datePublished":"2020-10-19T07:17:37+00:00","dateModified":"2020-10-19T07:17:40+00:00","mainEntityOfPage":{"@id":"https:\/\/kapitalis.com\/tunisie\/2020\/10\/19\/abir-moussi-va-t-elle-rectifier-le-tir\/"},"wordCount":533,"commentCount":8,"publisher":{"@id":"https:\/\/kapitalis.com\/tunisie\/#organization"},"image":{"@id":"https:\/\/kapitalis.com\/tunisie\/2020\/10\/19\/abir-moussi-va-t-elle-rectifier-le-tir\/#primaryimage"},"thumbnailUrl":"","keywords":["Abir Moussi","Habib Bourguiba","Hamma Hammami","islamistes","Moncef Marzouki","Mustapha Ben Jaafar","N\u00e9jib Chebbi","Parti destourien libre","Rassemblement constitutionnel d\u00e9mocratique","r\u00e9volution de janvier 2011"],"articleSection":["A LA UNE","POLITIQUE","TRIBUNE","Tunisie"],"inLanguage":"fr-FR","potentialAction":[{"@type":"CommentAction","name":"Comment","target":["https:\/\/kapitalis.com\/tunisie\/2020\/10\/19\/abir-moussi-va-t-elle-rectifier-le-tir\/#respond"]}]},{"@type":"WebPage","@id":"https:\/\/kapitalis.com\/tunisie\/2020\/10\/19\/abir-moussi-va-t-elle-rectifier-le-tir\/","url":"https:\/\/kapitalis.com\/tunisie\/2020\/10\/19\/abir-moussi-va-t-elle-rectifier-le-tir\/","name":"Abir Moussi va-t-elle rectifier le tir ? - Kapitalis","isPartOf":{"@id":"https:\/\/kapitalis.com\/tunisie\/#website"},"primaryImageOfPage":{"@id":"https:\/\/kapitalis.com\/tunisie\/2020\/10\/19\/abir-moussi-va-t-elle-rectifier-le-tir\/#primaryimage"},"image":{"@id":"https:\/\/kapitalis.com\/tunisie\/2020\/10\/19\/abir-moussi-va-t-elle-rectifier-le-tir\/#primaryimage"},"thumbnailUrl":"","datePublished":"2020-10-19T07:17:37+00:00","dateModified":"2020-10-19T07:17:40+00:00","breadcrumb":{"@id":"https:\/\/kapitalis.com\/tunisie\/2020\/10\/19\/abir-moussi-va-t-elle-rectifier-le-tir\/#breadcrumb"},"inLanguage":"fr-FR","potentialAction":[{"@type":"ReadAction","target":["https:\/\/kapitalis.com\/tunisie\/2020\/10\/19\/abir-moussi-va-t-elle-rectifier-le-tir\/"]}]},{"@type":"ImageObject","inLanguage":"fr-FR","@id":"https:\/\/kapitalis.com\/tunisie\/2020\/10\/19\/abir-moussi-va-t-elle-rectifier-le-tir\/#primaryimage","url":"","contentUrl":""},{"@type":"BreadcrumbList","@id":"https:\/\/kapitalis.com\/tunisie\/2020\/10\/19\/abir-moussi-va-t-elle-rectifier-le-tir\/#breadcrumb","itemListElement":[{"@type":"ListItem","position":1,"name":"Accueil","item":"https:\/\/kapitalis.com\/tunisie\/"},{"@type":"ListItem","position":2,"name":"Abir Moussi va-t-elle rectifier le tir ?"}]},{"@type":"WebSite","@id":"https:\/\/kapitalis.com\/tunisie\/#website","url":"https:\/\/kapitalis.com\/tunisie\/","name":"Kapitalis","description":"L&#039;actualit\u00e9 en Tunisie et dans le monde","publisher":{"@id":"https:\/\/kapitalis.com\/tunisie\/#organization"},"potentialAction":[{"@type":"SearchAction","target":{"@type":"EntryPoint","urlTemplate":"https:\/\/kapitalis.com\/tunisie\/?s={search_term_string}"},"query-input":{"@type":"PropertyValueSpecification","valueRequired":true,"valueName":"search_term_string"}}],"inLanguage":"fr-FR"},{"@type":"Organization","@id":"https:\/\/kapitalis.com\/tunisie\/#organization","name":"Kapitalis","url":"https:\/\/kapitalis.com\/tunisie\/","logo":{"@type":"ImageObject","inLanguage":"fr-FR","@id":"https:\/\/kapitalis.com\/tunisie\/#\/schema\/logo\/image\/","url":"https:\/\/kapitalis.com\/tunisie\/wp-content\/uploads\/2022\/05\/Kapitalis-big-size.png","contentUrl":"https:\/\/kapitalis.com\/tunisie\/wp-content\/uploads\/2022\/05\/Kapitalis-big-size.png","width":5000,"height":1500,"caption":"Kapitalis"},"image":{"@id":"https:\/\/kapitalis.com\/tunisie\/#\/schema\/logo\/image\/"},"sameAs":["https:\/\/www.facebook.com\/KapitalisInfo\/","https:\/\/x.com\/KapitalisInfo","https:\/\/www.youtube.com\/channel\/UC-yDYrHyfFBWWZaOw3FPg9Q"]},{"@type":"Person","@id":"https:\/\/kapitalis.com\/tunisie\/#\/schema\/person\/d71f33a9ca44f7bad4698210b480c8e9","name":"webmaster kapitalis","url":"https:\/\/kapitalis.com\/tunisie\/author\/webmaster-kapitalis\/"}]}},"_links":{"self":[{"href":"https:\/\/kapitalis.com\/tunisie\/wp-json\/wp\/v2\/posts\/321006","targetHints":{"allow":["GET"]}}],"collection":[{"href":"https:\/\/kapitalis.com\/tunisie\/wp-json\/wp\/v2\/posts"}],"about":[{"href":"https:\/\/kapitalis.com\/tunisie\/wp-json\/wp\/v2\/types\/post"}],"author":[{"embeddable":true,"href":"https:\/\/kapitalis.com\/tunisie\/wp-json\/wp\/v2\/users\/8"}],"replies":[{"embeddable":true,"href":"https:\/\/kapitalis.com\/tunisie\/wp-json\/wp\/v2\/comments?post=321006"}],"version-history":[{"count":0,"href":"https:\/\/kapitalis.com\/tunisie\/wp-json\/wp\/v2\/posts\/321006\/revisions"}],"wp:featuredmedia":[{"embeddable":true,"href":"https:\/\/kapitalis.com\/tunisie\/wp-json\/wp\/v2\/media\/321007"}],"wp:attachment":[{"href":"https:\/\/kapitalis.com\/tunisie\/wp-json\/wp\/v2\/media?parent=321006"}],"wp:term":[{"taxonomy":"category","embeddable":true,"href":"https:\/\/kapitalis.com\/tunisie\/wp-json\/wp\/v2\/categories?post=321006"},{"taxonomy":"post_tag","embeddable":true,"href":"https:\/\/kapitalis.com\/tunisie\/wp-json\/wp\/v2\/tags?post=321006"}],"curies":[{"name":"wp","href":"https:\/\/api.w.org\/{rel}","templated":true}]}}