{"id":321143,"date":"2020-10-19T22:37:35","date_gmt":"2020-10-19T21:37:35","guid":{"rendered":"http:\/\/kapitalis.com\/tunisie\/?p=321143"},"modified":"2020-10-20T08:16:16","modified_gmt":"2020-10-20T07:16:16","slug":"nouvelle-scene-de-violence-a-lassemblee-makhlouf-sen-prend-a-abir-moussi-et-a-mustapha-ben-ahmed","status":"publish","type":"post","link":"https:\/\/kapitalis.com\/tunisie\/2020\/10\/19\/nouvelle-scene-de-violence-a-lassemblee-makhlouf-sen-prend-a-abir-moussi-et-a-mustapha-ben-ahmed\/","title":{"rendered":"Nouvelle sc\u00e8ne de violence \u00e0 l&rsquo;Assembl\u00e9e : Makhlouf s&rsquo;en prend \u00e0 Abir Moussi et \u00e0 Mustapha Ben Ahmed"},"content":{"rendered":"\n<figure class=\"wp-block-image size-large is-style-default\"><img decoding=\"async\" src=\"http:\/\/kapitalis.com\/tunisie\/wp-content\/uploads\/2020\/10\/Assemblee-violences-Makhlouf.jpg\" alt=\"\" class=\"wp-image-321147\"\/><\/figure>\n\n\n\n<p><strong><em>Les sc\u00e8nes se suivent et se ressemblent \u00e0 l&rsquo;Assembl\u00e9e : ce soir, encore une fois, Seifeddine Makhlouf et un autre d\u00e9put\u00e9 de la coalition Al-Karama, s&rsquo;en sont pris \u00e0 Abir Moussi, pr\u00e9sidente du Parti destourien libre (PDL) ainsi qu&rsquo;au chef du bloc Tahya Tounes, Mustapha Ben Ahmed. Les d\u00e9put\u00e9s Qalb Tounes, qui \u00e9taient pr\u00e9sents lors de cette r\u00e9union, d\u00e9noncent du bout des l\u00e8vres ce comportement, mais essaient cependant de le justifier : \u00abC&rsquo;est toi qui l&rsquo;as provoqu\u00e9, tu lui as coup\u00e9 la parole\u00bb, lance Sofiane Toubal, en s&rsquo;adressant \u00e0 Moussi.<\/em>..<\/strong><\/p>\n\n\n\n<!--more-->\n\n\n\n<p>Dans une vid\u00e9o publi\u00e9e dans la soir\u00e9e de ce lundi 19 octobre 2020, la pr\u00e9sidente du PDL a d\u00e9nonc\u00e9 le comportement de Seifeddine Makhlouf, le silence complice des autres d\u00e9put\u00e9s et de la vice-pr\u00e9sidente de l\u2019Assembl\u00e9e, Samira Chaouachi (Qalb Tounes, alli\u00e9 d&rsquo;Ennahdha et d&rsquo;Al-Karama) : \u00ab<em>Elle s&rsquo;est content\u00e9e de quitter la salle, sans d\u00e9noncer les abus des \u00e9lus de la coalition de la violence. Seifeddine Makhlouf a dit \u00e0 M. Ben Mustapha de la fermer et son coll\u00e8gue a jet\u00e9 une bouteille d&rsquo;eau dans notre direction. C&rsquo;est inadmissible et c&rsquo;est ce qui se passe lorsque le minist\u00e8re public laisse faire\u00bb<\/em>.<\/p>\n\n\n\n<p>Mustapha Ben Ahmed a indiqu\u00e9 de son c\u00f4t\u00e9 que ce comportement s&rsquo;apparente \u00e0 du banditisme : \u00ab<em>C&rsquo;est insupportable. On ne pourra pas continuer dans de telles conditions. Ce n&rsquo;est pas normal de tenir un pareil langage au sein d&rsquo;une Assembl\u00e9e!\u00bb<\/em>.<\/p>\n\n\n\n<figure class=\"wp-block-embed-facebook wp-block-embed is-type-video is-provider-facebook\"><div class=\"wp-block-embed__wrapper\">\nhttps:\/\/www.facebook.com\/AbirMoussiOfficielle\/videos\/678457449774506\/\n<\/div><\/figure>\n\n\n\n<p>Abir Moussi a \u00e9galement reproch\u00e9 \u00e0 Oussama Khelifi et Sofiane Toubal, qui s&rsquo;\u00e9taient content\u00e9s de quitter la salle apr\u00e8s cet incident, de n&rsquo;avoir pas d\u00e9nonc\u00e9 cette \u00e9ni\u00e8me agression.<\/p>\n\n\n\n<p><em>\u00abNous n&rsquo;avons pas gard\u00e9 le silence et nous sommes contre la violence. Nous la d\u00e9non\u00e7ons, comme nous l&rsquo;avons toujours fait. Nous avons m\u00eame reproch\u00e9 \u00e0 Seifeddine Makhlouf son comportement<\/em>\u00bb, a lanc\u00e9 Khelifi, et Toubal d&rsquo;ajouter, dans une tentative de blanchir son alli\u00e9 : \u00ab<em>Vous \u00eates tous les deux en faute. Tu l&rsquo;as provoqu\u00e9, tu lui as coup\u00e9 la parole et tu l&rsquo;as emp\u00each\u00e9 de terminer sa phrase\u00bb.<\/em>.. Comme si cela pouvait justifier la violence. Venant d&rsquo;un soi-disant d\u00e9put\u00e9, une pareille justification est honteuse. <\/p>\n\n\n\n<p class=\"has-text-align-right\"><strong>Y. N.<\/strong><\/p>\n","protected":false},"excerpt":{"rendered":"<p>Les sc\u00e8nes se suivent et se ressemblent \u00e0 l&rsquo;Assembl\u00e9e : ce soir, encore une fois, Seifeddine Makhlouf et un autre d\u00e9put\u00e9 de la coalition Al-Karama, s&rsquo;en sont pris \u00e0 Abir Moussi, pr\u00e9sidente du Parti destourien libre (PDL) ainsi qu&rsquo;au chef du bloc Tahya Tounes, Mustapha Ben Ahmed. Les d\u00e9put\u00e9s Qalb Tounes, qui \u00e9taient pr\u00e9sents lors&#8230;<\/p>\n","protected":false},"author":6,"featured_media":321147,"comment_status":"open","ping_status":"open","sticky":false,"template":"","format":"standard","meta":{"footnotes":""},"categories":[997,2433,4806],"tags":[15144,45,76464,93,10375,61989,8752,10878,952],"class_list":["post-321143","post","type-post","status-publish","format-standard","has-post-thumbnail","hentry","category-politique","category-tunisie","category-videos","tag-abir-moussi","tag-agression","tag-al-karama-2","tag-assemblee","tag-mustapha-ben-ahmed","tag-qalb-tounes","tag-seifeddine-makhlouf","tag-sofiane-toubal","tag-violence"],"yoast_head":"<!-- This site is optimized with the Yoast SEO plugin v26.6 - https:\/\/yoast.com\/wordpress\/plugins\/seo\/ -->\n<title>Nouvelle sc\u00e8ne de violence \u00e0 l&#039;Assembl\u00e9e : Makhlouf s&#039;en prend \u00e0 Abir Moussi et \u00e0 Mustapha Ben Ahmed - Kapitalis<\/title>\n<meta name=\"robots\" content=\"index, follow, max-snippet:-1, max-image-preview:large, max-video-preview:-1\" \/>\n<link rel=\"canonical\" href=\"https:\/\/kapitalis.com\/tunisie\/2020\/10\/19\/nouvelle-scene-de-violence-a-lassemblee-makhlouf-sen-prend-a-abir-moussi-et-a-mustapha-ben-ahmed\/\" \/>\n<meta property=\"og:locale\" content=\"fr_FR\" \/>\n<meta property=\"og:type\" content=\"article\" \/>\n<meta property=\"og:title\" content=\"Nouvelle sc\u00e8ne de violence \u00e0 l&#039;Assembl\u00e9e : Makhlouf s&#039;en prend \u00e0 Abir Moussi et \u00e0 Mustapha Ben Ahmed - Kapitalis\" \/>\n<meta property=\"og:description\" content=\"Les sc\u00e8nes se suivent et se ressemblent \u00e0 l&rsquo;Assembl\u00e9e : ce soir, encore une fois, Seifeddine Makhlouf et un autre d\u00e9put\u00e9 de la coalition Al-Karama, s&rsquo;en sont pris \u00e0 Abir Moussi, pr\u00e9sidente du Parti destourien libre (PDL) ainsi qu&rsquo;au chef du bloc Tahya Tounes, Mustapha Ben Ahmed. Les d\u00e9put\u00e9s Qalb Tounes, qui \u00e9taient pr\u00e9sents lors...\" \/>\n<meta property=\"og:url\" content=\"https:\/\/kapitalis.com\/tunisie\/2020\/10\/19\/nouvelle-scene-de-violence-a-lassemblee-makhlouf-sen-prend-a-abir-moussi-et-a-mustapha-ben-ahmed\/\" \/>\n<meta property=\"og:site_name\" content=\"Kapitalis\" \/>\n<meta property=\"article:publisher\" content=\"https:\/\/www.facebook.com\/KapitalisInfo\/\" \/>\n<meta property=\"article:published_time\" content=\"2020-10-19T21:37:35+00:00\" \/>\n<meta property=\"article:modified_time\" content=\"2020-10-20T07:16:16+00:00\" \/>\n<meta property=\"og:image\" content=\"https:\/\/kapitalis.com\/tunisie\/wp-content\/uploads\/2022\/05\/kapitalis-logo-fb.png\" \/>\n\t<meta property=\"og:image:width\" content=\"1200\" \/>\n\t<meta property=\"og:image:height\" content=\"630\" \/>\n\t<meta property=\"og:image:type\" content=\"image\/png\" \/>\n<meta name=\"author\" content=\"Yusra NY\" \/>\n<meta name=\"twitter:card\" content=\"summary_large_image\" \/>\n<meta name=\"twitter:creator\" content=\"@KapitalisInfo\" \/>\n<meta name=\"twitter:site\" content=\"@KapitalisInfo\" \/>\n<meta name=\"twitter:label1\" content=\"\u00c9crit par\" \/>\n\t<meta name=\"twitter:data1\" content=\"Yusra NY\" \/>\n\t<meta name=\"twitter:label2\" content=\"Dur\u00e9e de lecture estim\u00e9e\" \/>\n\t<meta name=\"twitter:data2\" content=\"2 minutes\" \/>\n<script type=\"application\/ld+json\" class=\"yoast-schema-graph\">{\"@context\":\"https:\/\/schema.org\",\"@graph\":[{\"@type\":\"Article\",\"@id\":\"https:\/\/kapitalis.com\/tunisie\/2020\/10\/19\/nouvelle-scene-de-violence-a-lassemblee-makhlouf-sen-prend-a-abir-moussi-et-a-mustapha-ben-ahmed\/#article\",\"isPartOf\":{\"@id\":\"https:\/\/kapitalis.com\/tunisie\/2020\/10\/19\/nouvelle-scene-de-violence-a-lassemblee-makhlouf-sen-prend-a-abir-moussi-et-a-mustapha-ben-ahmed\/\"},\"author\":{\"name\":\"Yusra NY\",\"@id\":\"https:\/\/kapitalis.com\/tunisie\/#\/schema\/person\/74bbde0154d49d790a92aaeac5bc01d5\"},\"headline\":\"Nouvelle sc\u00e8ne de violence \u00e0 l&rsquo;Assembl\u00e9e : Makhlouf s&rsquo;en prend \u00e0 Abir Moussi et \u00e0 Mustapha Ben Ahmed\",\"datePublished\":\"2020-10-19T21:37:35+00:00\",\"dateModified\":\"2020-10-20T07:16:16+00:00\",\"mainEntityOfPage\":{\"@id\":\"https:\/\/kapitalis.com\/tunisie\/2020\/10\/19\/nouvelle-scene-de-violence-a-lassemblee-makhlouf-sen-prend-a-abir-moussi-et-a-mustapha-ben-ahmed\/\"},\"wordCount\":387,\"commentCount\":7,\"publisher\":{\"@id\":\"https:\/\/kapitalis.com\/tunisie\/#organization\"},\"image\":{\"@id\":\"https:\/\/kapitalis.com\/tunisie\/2020\/10\/19\/nouvelle-scene-de-violence-a-lassemblee-makhlouf-sen-prend-a-abir-moussi-et-a-mustapha-ben-ahmed\/#primaryimage\"},\"thumbnailUrl\":\"\",\"keywords\":[\"Abir Moussi\",\"agression\",\"Al-Karama\",\"Assembl\u00e9e\",\"Mustapha Ben Ahmed\",\"Qalb Tounes\",\"Seifeddine Makhlouf\",\"Sofiane Toubal\",\"violence\"],\"articleSection\":[\"POLITIQUE\",\"Tunisie\",\"VIDEOS\"],\"inLanguage\":\"fr-FR\",\"potentialAction\":[{\"@type\":\"CommentAction\",\"name\":\"Comment\",\"target\":[\"https:\/\/kapitalis.com\/tunisie\/2020\/10\/19\/nouvelle-scene-de-violence-a-lassemblee-makhlouf-sen-prend-a-abir-moussi-et-a-mustapha-ben-ahmed\/#respond\"]}]},{\"@type\":\"WebPage\",\"@id\":\"https:\/\/kapitalis.com\/tunisie\/2020\/10\/19\/nouvelle-scene-de-violence-a-lassemblee-makhlouf-sen-prend-a-abir-moussi-et-a-mustapha-ben-ahmed\/\",\"url\":\"https:\/\/kapitalis.com\/tunisie\/2020\/10\/19\/nouvelle-scene-de-violence-a-lassemblee-makhlouf-sen-prend-a-abir-moussi-et-a-mustapha-ben-ahmed\/\",\"name\":\"Nouvelle sc\u00e8ne de violence \u00e0 l'Assembl\u00e9e : Makhlouf s'en prend \u00e0 Abir Moussi et \u00e0 Mustapha Ben Ahmed - Kapitalis\",\"isPartOf\":{\"@id\":\"https:\/\/kapitalis.com\/tunisie\/#website\"},\"primaryImageOfPage\":{\"@id\":\"https:\/\/kapitalis.com\/tunisie\/2020\/10\/19\/nouvelle-scene-de-violence-a-lassemblee-makhlouf-sen-prend-a-abir-moussi-et-a-mustapha-ben-ahmed\/#primaryimage\"},\"image\":{\"@id\":\"https:\/\/kapitalis.com\/tunisie\/2020\/10\/19\/nouvelle-scene-de-violence-a-lassemblee-makhlouf-sen-prend-a-abir-moussi-et-a-mustapha-ben-ahmed\/#primaryimage\"},\"thumbnailUrl\":\"\",\"datePublished\":\"2020-10-19T21:37:35+00:00\",\"dateModified\":\"2020-10-20T07:16:16+00:00\",\"breadcrumb\":{\"@id\":\"https:\/\/kapitalis.com\/tunisie\/2020\/10\/19\/nouvelle-scene-de-violence-a-lassemblee-makhlouf-sen-prend-a-abir-moussi-et-a-mustapha-ben-ahmed\/#breadcrumb\"},\"inLanguage\":\"fr-FR\",\"potentialAction\":[{\"@type\":\"ReadAction\",\"target\":[\"https:\/\/kapitalis.com\/tunisie\/2020\/10\/19\/nouvelle-scene-de-violence-a-lassemblee-makhlouf-sen-prend-a-abir-moussi-et-a-mustapha-ben-ahmed\/\"]}]},{\"@type\":\"ImageObject\",\"inLanguage\":\"fr-FR\",\"@id\":\"https:\/\/kapitalis.com\/tunisie\/2020\/10\/19\/nouvelle-scene-de-violence-a-lassemblee-makhlouf-sen-prend-a-abir-moussi-et-a-mustapha-ben-ahmed\/#primaryimage\",\"url\":\"\",\"contentUrl\":\"\"},{\"@type\":\"BreadcrumbList\",\"@id\":\"https:\/\/kapitalis.com\/tunisie\/2020\/10\/19\/nouvelle-scene-de-violence-a-lassemblee-makhlouf-sen-prend-a-abir-moussi-et-a-mustapha-ben-ahmed\/#breadcrumb\",\"itemListElement\":[{\"@type\":\"ListItem\",\"position\":1,\"name\":\"Accueil\",\"item\":\"https:\/\/kapitalis.com\/tunisie\/\"},{\"@type\":\"ListItem\",\"position\":2,\"name\":\"Nouvelle sc\u00e8ne de violence \u00e0 l&rsquo;Assembl\u00e9e : Makhlouf s&rsquo;en prend \u00e0 Abir Moussi et \u00e0 Mustapha Ben Ahmed\"}]},{\"@type\":\"WebSite\",\"@id\":\"https:\/\/kapitalis.com\/tunisie\/#website\",\"url\":\"https:\/\/kapitalis.com\/tunisie\/\",\"name\":\"Kapitalis\",\"description\":\"L&#039;actualit\u00e9 en Tunisie et dans le monde\",\"publisher\":{\"@id\":\"https:\/\/kapitalis.com\/tunisie\/#organization\"},\"potentialAction\":[{\"@type\":\"SearchAction\",\"target\":{\"@type\":\"EntryPoint\",\"urlTemplate\":\"https:\/\/kapitalis.com\/tunisie\/?s={search_term_string}\"},\"query-input\":{\"@type\":\"PropertyValueSpecification\",\"valueRequired\":true,\"valueName\":\"search_term_string\"}}],\"inLanguage\":\"fr-FR\"},{\"@type\":\"Organization\",\"@id\":\"https:\/\/kapitalis.com\/tunisie\/#organization\",\"name\":\"Kapitalis\",\"url\":\"https:\/\/kapitalis.com\/tunisie\/\",\"logo\":{\"@type\":\"ImageObject\",\"inLanguage\":\"fr-FR\",\"@id\":\"https:\/\/kapitalis.com\/tunisie\/#\/schema\/logo\/image\/\",\"url\":\"https:\/\/kapitalis.com\/tunisie\/wp-content\/uploads\/2022\/05\/Kapitalis-big-size.png\",\"contentUrl\":\"https:\/\/kapitalis.com\/tunisie\/wp-content\/uploads\/2022\/05\/Kapitalis-big-size.png\",\"width\":5000,\"height\":1500,\"caption\":\"Kapitalis\"},\"image\":{\"@id\":\"https:\/\/kapitalis.com\/tunisie\/#\/schema\/logo\/image\/\"},\"sameAs\":[\"https:\/\/www.facebook.com\/KapitalisInfo\/\",\"https:\/\/x.com\/KapitalisInfo\",\"https:\/\/www.youtube.com\/channel\/UC-yDYrHyfFBWWZaOw3FPg9Q\"]},{\"@type\":\"Person\",\"@id\":\"https:\/\/kapitalis.com\/tunisie\/#\/schema\/person\/74bbde0154d49d790a92aaeac5bc01d5\",\"name\":\"Yusra NY\",\"url\":\"https:\/\/kapitalis.com\/tunisie\/author\/yuza_adam\/\"}]}<\/script>\n<!-- \/ Yoast SEO plugin. -->","yoast_head_json":{"title":"Nouvelle sc\u00e8ne de violence \u00e0 l'Assembl\u00e9e : Makhlouf s'en prend \u00e0 Abir Moussi et \u00e0 Mustapha Ben Ahmed - Kapitalis","robots":{"index":"index","follow":"follow","max-snippet":"max-snippet:-1","max-image-preview":"max-image-preview:large","max-video-preview":"max-video-preview:-1"},"canonical":"https:\/\/kapitalis.com\/tunisie\/2020\/10\/19\/nouvelle-scene-de-violence-a-lassemblee-makhlouf-sen-prend-a-abir-moussi-et-a-mustapha-ben-ahmed\/","og_locale":"fr_FR","og_type":"article","og_title":"Nouvelle sc\u00e8ne de violence \u00e0 l'Assembl\u00e9e : Makhlouf s'en prend \u00e0 Abir Moussi et \u00e0 Mustapha Ben Ahmed - Kapitalis","og_description":"Les sc\u00e8nes se suivent et se ressemblent \u00e0 l&rsquo;Assembl\u00e9e : ce soir, encore une fois, Seifeddine Makhlouf et un autre d\u00e9put\u00e9 de la coalition Al-Karama, s&rsquo;en sont pris \u00e0 Abir Moussi, pr\u00e9sidente du Parti destourien libre (PDL) ainsi qu&rsquo;au chef du bloc Tahya Tounes, Mustapha Ben Ahmed. Les d\u00e9put\u00e9s Qalb Tounes, qui \u00e9taient pr\u00e9sents lors...","og_url":"https:\/\/kapitalis.com\/tunisie\/2020\/10\/19\/nouvelle-scene-de-violence-a-lassemblee-makhlouf-sen-prend-a-abir-moussi-et-a-mustapha-ben-ahmed\/","og_site_name":"Kapitalis","article_publisher":"https:\/\/www.facebook.com\/KapitalisInfo\/","article_published_time":"2020-10-19T21:37:35+00:00","article_modified_time":"2020-10-20T07:16:16+00:00","og_image":[{"width":1200,"height":630,"url":"https:\/\/kapitalis.com\/tunisie\/wp-content\/uploads\/2022\/05\/kapitalis-logo-fb.png","type":"image\/png"}],"author":"Yusra NY","twitter_card":"summary_large_image","twitter_creator":"@KapitalisInfo","twitter_site":"@KapitalisInfo","twitter_misc":{"\u00c9crit par":"Yusra NY","Dur\u00e9e de lecture estim\u00e9e":"2 minutes"},"schema":{"@context":"https:\/\/schema.org","@graph":[{"@type":"Article","@id":"https:\/\/kapitalis.com\/tunisie\/2020\/10\/19\/nouvelle-scene-de-violence-a-lassemblee-makhlouf-sen-prend-a-abir-moussi-et-a-mustapha-ben-ahmed\/#article","isPartOf":{"@id":"https:\/\/kapitalis.com\/tunisie\/2020\/10\/19\/nouvelle-scene-de-violence-a-lassemblee-makhlouf-sen-prend-a-abir-moussi-et-a-mustapha-ben-ahmed\/"},"author":{"name":"Yusra NY","@id":"https:\/\/kapitalis.com\/tunisie\/#\/schema\/person\/74bbde0154d49d790a92aaeac5bc01d5"},"headline":"Nouvelle sc\u00e8ne de violence \u00e0 l&rsquo;Assembl\u00e9e : Makhlouf s&rsquo;en prend \u00e0 Abir Moussi et \u00e0 Mustapha Ben Ahmed","datePublished":"2020-10-19T21:37:35+00:00","dateModified":"2020-10-20T07:16:16+00:00","mainEntityOfPage":{"@id":"https:\/\/kapitalis.com\/tunisie\/2020\/10\/19\/nouvelle-scene-de-violence-a-lassemblee-makhlouf-sen-prend-a-abir-moussi-et-a-mustapha-ben-ahmed\/"},"wordCount":387,"commentCount":7,"publisher":{"@id":"https:\/\/kapitalis.com\/tunisie\/#organization"},"image":{"@id":"https:\/\/kapitalis.com\/tunisie\/2020\/10\/19\/nouvelle-scene-de-violence-a-lassemblee-makhlouf-sen-prend-a-abir-moussi-et-a-mustapha-ben-ahmed\/#primaryimage"},"thumbnailUrl":"","keywords":["Abir Moussi","agression","Al-Karama","Assembl\u00e9e","Mustapha Ben Ahmed","Qalb Tounes","Seifeddine Makhlouf","Sofiane Toubal","violence"],"articleSection":["POLITIQUE","Tunisie","VIDEOS"],"inLanguage":"fr-FR","potentialAction":[{"@type":"CommentAction","name":"Comment","target":["https:\/\/kapitalis.com\/tunisie\/2020\/10\/19\/nouvelle-scene-de-violence-a-lassemblee-makhlouf-sen-prend-a-abir-moussi-et-a-mustapha-ben-ahmed\/#respond"]}]},{"@type":"WebPage","@id":"https:\/\/kapitalis.com\/tunisie\/2020\/10\/19\/nouvelle-scene-de-violence-a-lassemblee-makhlouf-sen-prend-a-abir-moussi-et-a-mustapha-ben-ahmed\/","url":"https:\/\/kapitalis.com\/tunisie\/2020\/10\/19\/nouvelle-scene-de-violence-a-lassemblee-makhlouf-sen-prend-a-abir-moussi-et-a-mustapha-ben-ahmed\/","name":"Nouvelle sc\u00e8ne de violence \u00e0 l'Assembl\u00e9e : Makhlouf s'en prend \u00e0 Abir Moussi et \u00e0 Mustapha Ben Ahmed - Kapitalis","isPartOf":{"@id":"https:\/\/kapitalis.com\/tunisie\/#website"},"primaryImageOfPage":{"@id":"https:\/\/kapitalis.com\/tunisie\/2020\/10\/19\/nouvelle-scene-de-violence-a-lassemblee-makhlouf-sen-prend-a-abir-moussi-et-a-mustapha-ben-ahmed\/#primaryimage"},"image":{"@id":"https:\/\/kapitalis.com\/tunisie\/2020\/10\/19\/nouvelle-scene-de-violence-a-lassemblee-makhlouf-sen-prend-a-abir-moussi-et-a-mustapha-ben-ahmed\/#primaryimage"},"thumbnailUrl":"","datePublished":"2020-10-19T21:37:35+00:00","dateModified":"2020-10-20T07:16:16+00:00","breadcrumb":{"@id":"https:\/\/kapitalis.com\/tunisie\/2020\/10\/19\/nouvelle-scene-de-violence-a-lassemblee-makhlouf-sen-prend-a-abir-moussi-et-a-mustapha-ben-ahmed\/#breadcrumb"},"inLanguage":"fr-FR","potentialAction":[{"@type":"ReadAction","target":["https:\/\/kapitalis.com\/tunisie\/2020\/10\/19\/nouvelle-scene-de-violence-a-lassemblee-makhlouf-sen-prend-a-abir-moussi-et-a-mustapha-ben-ahmed\/"]}]},{"@type":"ImageObject","inLanguage":"fr-FR","@id":"https:\/\/kapitalis.com\/tunisie\/2020\/10\/19\/nouvelle-scene-de-violence-a-lassemblee-makhlouf-sen-prend-a-abir-moussi-et-a-mustapha-ben-ahmed\/#primaryimage","url":"","contentUrl":""},{"@type":"BreadcrumbList","@id":"https:\/\/kapitalis.com\/tunisie\/2020\/10\/19\/nouvelle-scene-de-violence-a-lassemblee-makhlouf-sen-prend-a-abir-moussi-et-a-mustapha-ben-ahmed\/#breadcrumb","itemListElement":[{"@type":"ListItem","position":1,"name":"Accueil","item":"https:\/\/kapitalis.com\/tunisie\/"},{"@type":"ListItem","position":2,"name":"Nouvelle sc\u00e8ne de violence \u00e0 l&rsquo;Assembl\u00e9e : Makhlouf s&rsquo;en prend \u00e0 Abir Moussi et \u00e0 Mustapha Ben Ahmed"}]},{"@type":"WebSite","@id":"https:\/\/kapitalis.com\/tunisie\/#website","url":"https:\/\/kapitalis.com\/tunisie\/","name":"Kapitalis","description":"L&#039;actualit\u00e9 en Tunisie et dans le monde","publisher":{"@id":"https:\/\/kapitalis.com\/tunisie\/#organization"},"potentialAction":[{"@type":"SearchAction","target":{"@type":"EntryPoint","urlTemplate":"https:\/\/kapitalis.com\/tunisie\/?s={search_term_string}"},"query-input":{"@type":"PropertyValueSpecification","valueRequired":true,"valueName":"search_term_string"}}],"inLanguage":"fr-FR"},{"@type":"Organization","@id":"https:\/\/kapitalis.com\/tunisie\/#organization","name":"Kapitalis","url":"https:\/\/kapitalis.com\/tunisie\/","logo":{"@type":"ImageObject","inLanguage":"fr-FR","@id":"https:\/\/kapitalis.com\/tunisie\/#\/schema\/logo\/image\/","url":"https:\/\/kapitalis.com\/tunisie\/wp-content\/uploads\/2022\/05\/Kapitalis-big-size.png","contentUrl":"https:\/\/kapitalis.com\/tunisie\/wp-content\/uploads\/2022\/05\/Kapitalis-big-size.png","width":5000,"height":1500,"caption":"Kapitalis"},"image":{"@id":"https:\/\/kapitalis.com\/tunisie\/#\/schema\/logo\/image\/"},"sameAs":["https:\/\/www.facebook.com\/KapitalisInfo\/","https:\/\/x.com\/KapitalisInfo","https:\/\/www.youtube.com\/channel\/UC-yDYrHyfFBWWZaOw3FPg9Q"]},{"@type":"Person","@id":"https:\/\/kapitalis.com\/tunisie\/#\/schema\/person\/74bbde0154d49d790a92aaeac5bc01d5","name":"Yusra NY","url":"https:\/\/kapitalis.com\/tunisie\/author\/yuza_adam\/"}]}},"_links":{"self":[{"href":"https:\/\/kapitalis.com\/tunisie\/wp-json\/wp\/v2\/posts\/321143","targetHints":{"allow":["GET"]}}],"collection":[{"href":"https:\/\/kapitalis.com\/tunisie\/wp-json\/wp\/v2\/posts"}],"about":[{"href":"https:\/\/kapitalis.com\/tunisie\/wp-json\/wp\/v2\/types\/post"}],"author":[{"embeddable":true,"href":"https:\/\/kapitalis.com\/tunisie\/wp-json\/wp\/v2\/users\/6"}],"replies":[{"embeddable":true,"href":"https:\/\/kapitalis.com\/tunisie\/wp-json\/wp\/v2\/comments?post=321143"}],"version-history":[{"count":0,"href":"https:\/\/kapitalis.com\/tunisie\/wp-json\/wp\/v2\/posts\/321143\/revisions"}],"wp:featuredmedia":[{"embeddable":true,"href":"https:\/\/kapitalis.com\/tunisie\/wp-json\/wp\/v2\/media\/321147"}],"wp:attachment":[{"href":"https:\/\/kapitalis.com\/tunisie\/wp-json\/wp\/v2\/media?parent=321143"}],"wp:term":[{"taxonomy":"category","embeddable":true,"href":"https:\/\/kapitalis.com\/tunisie\/wp-json\/wp\/v2\/categories?post=321143"},{"taxonomy":"post_tag","embeddable":true,"href":"https:\/\/kapitalis.com\/tunisie\/wp-json\/wp\/v2\/tags?post=321143"}],"curies":[{"name":"wp","href":"https:\/\/api.w.org\/{rel}","templated":true}]}}