{"id":321157,"date":"2020-10-20T02:25:05","date_gmt":"2020-10-20T01:25:05","guid":{"rendered":"http:\/\/kapitalis.com\/tunisie\/?p=321157"},"modified":"2020-10-20T08:22:58","modified_gmt":"2020-10-20T07:22:58","slug":"les-deputees-du-pdl-en-sit-in-a-lassemblee-pour-denoncer-les-violences-politiques-contre-les-femmes","status":"publish","type":"post","link":"https:\/\/kapitalis.com\/tunisie\/2020\/10\/20\/les-deputees-du-pdl-en-sit-in-a-lassemblee-pour-denoncer-les-violences-politiques-contre-les-femmes\/","title":{"rendered":"Les d\u00e9put\u00e9es du PDL en sit-in \u00e0 l&rsquo;Assembl\u00e9e pour d\u00e9noncer les violences politiques contre les femmes"},"content":{"rendered":"\n<figure class=\"wp-block-image size-large\"><img decoding=\"async\" src=\"http:\/\/kapitalis.com\/tunisie\/wp-content\/uploads\/2020\/10\/Violence-politique.jpg\" alt=\"\" class=\"wp-image-321161\"\/><\/figure>\n\n\n\n<p><strong><em>Les d\u00e9put\u00e9es du bloc parlementaire du Parti destourien libre (PDL) ont entam\u00e9, dans la soir\u00e9e de ce lundi 19 octobre 2020, un sit-in \u00e0 l&rsquo;Assembl\u00e9e des repr\u00e9sentants du peuple (ARP), et ce pour d\u00e9noncer les violences politiques contre les femmes.<\/em><\/strong><\/p>\n\n\n\n<!--more-->\n\n\n\n<p>\u00ab<em>Le sit-in vise \u00e9galement \u00e0 d\u00e9noncer le silence des partis politiques, des autorit\u00e9s et de la justice face \u00e0 la recrudescence des agressions perp\u00e9tr\u00e9es par des d\u00e9put\u00e9s dans le but de nous intimider et nous faire taire\u00bb<\/em>, pr\u00e9cise le PDL, dans un communiqu\u00e9, en indiquant que d&rsquo;autres mouvements seront organis\u00e9s par les autres membres du parti.<\/p>\n\n\n\n<p>Ce sit-in a \u00e9t\u00e9 organis\u00e9 peu de temps apr\u00e8s une \u00e9ni\u00e8me agression perp\u00e9tr\u00e9e par Seifeddine Makhlouf, chef du bloc Al-Karama, qui s&rsquo;en est pris \u00e0 Abir Moussi, pr\u00e9sidente du PDL ainsi qu&rsquo;\u00e0 Mustapha Ben Ahmed, chef du bloc Tahya Tounes. Un \u00e9lu de cette coalition islamiste a m\u00eame jet\u00e9 une bouteille d&rsquo;eau en direction de ses coll\u00e8gues, avant de quitter la salle&#8230;<\/p>\n\n\n\n<p>Ce n&rsquo;est pas la premi\u00e8re fois que Seifeddine Makhlouf se permette un tel abus, il avait, le 2 octobre courant, insult\u00e9 Abir Moussi, en des termes vulgaires et misogynes, tout en lui reprochant de ne pas respecter les hommes (sic!), allant jusqu&rsquo;\u00e0 lui cracher dessus au sein m\u00eame du Parlement.<\/p>\n\n\n\n<p>L&rsquo;Association tunisienne des femmes d\u00e9mocrates (ATFD) avait publi\u00e9 un communiqu\u00e9 pour condamner cette agression et d\u00e9noncer cette s\u00e9rie de violences politiques contre les femmes. <\/p>\n\n\n\n<p class=\"has-text-align-right\"><strong>Y. N.<\/strong><\/p>\n\n\n\n<figure class=\"wp-block-embed-wordpress wp-block-embed is-type-wp-embed is-provider-kapitalis\"><div class=\"wp-block-embed__wrapper\">\n<blockquote class=\"wp-embedded-content\" data-secret=\"AnO24Am6Uu\"><a href=\"https:\/\/kapitalis.com\/tunisie\/2020\/10\/19\/nouvelle-scene-de-violence-a-lassemblee-makhlouf-sen-prend-a-abir-moussi-et-a-mustapha-ben-ahmed\/\">Nouvelle sc\u00e8ne de violence \u00e0 l&rsquo;Assembl\u00e9e : Makhlouf s&rsquo;en prend \u00e0 Abir Moussi et \u00e0 Mustapha Ben Ahmed<\/a><\/blockquote><iframe loading=\"lazy\" class=\"wp-embedded-content\" sandbox=\"allow-scripts\" security=\"restricted\" style=\"position: absolute; clip: rect(1px, 1px, 1px, 1px);\" title=\"\u00ab\u00a0Nouvelle sc\u00e8ne de violence \u00e0 l&rsquo;Assembl\u00e9e : Makhlouf s&rsquo;en prend \u00e0 Abir Moussi et \u00e0 Mustapha Ben Ahmed\u00a0\u00bb &#8212; Kapitalis\" src=\"https:\/\/kapitalis.com\/tunisie\/2020\/10\/19\/nouvelle-scene-de-violence-a-lassemblee-makhlouf-sen-prend-a-abir-moussi-et-a-mustapha-ben-ahmed\/embed\/#?secret=gcNyC2QXXJ#?secret=AnO24Am6Uu\" data-secret=\"AnO24Am6Uu\" width=\"600\" height=\"338\" frameborder=\"0\" marginwidth=\"0\" marginheight=\"0\" scrolling=\"no\"><\/iframe>\n<\/div><\/figure>\n\n\n\n<figure class=\"wp-block-embed-wordpress wp-block-embed is-type-wp-embed is-provider-kapitalis\"><div class=\"wp-block-embed__wrapper\">\n<blockquote class=\"wp-embedded-content\" data-secret=\"cD6qoZMtJU\"><a href=\"https:\/\/kapitalis.com\/tunisie\/2020\/10\/03\/agression-de-moussi-par-makhlouf-laftd-condamne-ce-nouvel-episode-de-la-serie-de-violences-politiques-contre-les-femmes\/\">Agression de Moussi par Makhlouf : L&rsquo;AFTD condamne \u00abce nouvel \u00e9pisode de la s\u00e9rie de violences politiques contre les femmes\u00bb<\/a><\/blockquote><iframe loading=\"lazy\" class=\"wp-embedded-content\" sandbox=\"allow-scripts\" security=\"restricted\" style=\"position: absolute; clip: rect(1px, 1px, 1px, 1px);\" title=\"\u00ab\u00a0Agression de Moussi par Makhlouf : L&rsquo;AFTD condamne \u00abce nouvel \u00e9pisode de la s\u00e9rie de violences politiques contre les femmes\u00bb\u00a0\u00bb &#8212; Kapitalis\" src=\"https:\/\/kapitalis.com\/tunisie\/2020\/10\/03\/agression-de-moussi-par-makhlouf-laftd-condamne-ce-nouvel-episode-de-la-serie-de-violences-politiques-contre-les-femmes\/embed\/#?secret=46GO1ID48o#?secret=cD6qoZMtJU\" data-secret=\"cD6qoZMtJU\" width=\"600\" height=\"338\" frameborder=\"0\" marginwidth=\"0\" marginheight=\"0\" scrolling=\"no\"><\/iframe>\n<\/div><\/figure>\n","protected":false},"excerpt":{"rendered":"<p>Les d\u00e9put\u00e9es du bloc parlementaire du Parti destourien libre (PDL) ont entam\u00e9, dans la soir\u00e9e de ce lundi 19 octobre 2020, un sit-in \u00e0 l&rsquo;Assembl\u00e9e des repr\u00e9sentants du peuple (ARP), et ce pour d\u00e9noncer les violences politiques contre les femmes.<\/p>\n","protected":false},"author":6,"featured_media":321161,"comment_status":"open","ping_status":"open","sticky":false,"template":"","format":"standard","meta":{"footnotes":""},"categories":[997,2433],"tags":[15144,76464,93,83915,1479,80722,33536,832,6581],"class_list":["post-321157","post","type-post","status-publish","format-standard","has-post-thumbnail","hentry","category-politique","category-tunisie","tag-abir-moussi","tag-al-karama-2","tag-assemblee","tag-deputees","tag-femmes","tag-makhlouf","tag-pdl","tag-sit-in","tag-violences"],"yoast_head":"<!-- This site is optimized with the Yoast SEO plugin v26.6 - https:\/\/yoast.com\/wordpress\/plugins\/seo\/ -->\n<title>Les d\u00e9put\u00e9es du PDL en sit-in \u00e0 l&#039;Assembl\u00e9e pour d\u00e9noncer les violences politiques contre les femmes - Kapitalis<\/title>\n<meta name=\"robots\" content=\"index, follow, max-snippet:-1, max-image-preview:large, max-video-preview:-1\" \/>\n<link rel=\"canonical\" href=\"https:\/\/kapitalis.com\/tunisie\/2020\/10\/20\/les-deputees-du-pdl-en-sit-in-a-lassemblee-pour-denoncer-les-violences-politiques-contre-les-femmes\/\" \/>\n<meta property=\"og:locale\" content=\"fr_FR\" \/>\n<meta property=\"og:type\" content=\"article\" \/>\n<meta property=\"og:title\" content=\"Les d\u00e9put\u00e9es du PDL en sit-in \u00e0 l&#039;Assembl\u00e9e pour d\u00e9noncer les violences politiques contre les femmes - Kapitalis\" \/>\n<meta property=\"og:description\" content=\"Les d\u00e9put\u00e9es du bloc parlementaire du Parti destourien libre (PDL) ont entam\u00e9, dans la soir\u00e9e de ce lundi 19 octobre 2020, un sit-in \u00e0 l&rsquo;Assembl\u00e9e des repr\u00e9sentants du peuple (ARP), et ce pour d\u00e9noncer les violences politiques contre les femmes.\" \/>\n<meta property=\"og:url\" content=\"https:\/\/kapitalis.com\/tunisie\/2020\/10\/20\/les-deputees-du-pdl-en-sit-in-a-lassemblee-pour-denoncer-les-violences-politiques-contre-les-femmes\/\" \/>\n<meta property=\"og:site_name\" content=\"Kapitalis\" \/>\n<meta property=\"article:publisher\" content=\"https:\/\/www.facebook.com\/KapitalisInfo\/\" \/>\n<meta property=\"article:published_time\" content=\"2020-10-20T01:25:05+00:00\" \/>\n<meta property=\"article:modified_time\" content=\"2020-10-20T07:22:58+00:00\" \/>\n<meta property=\"og:image\" content=\"https:\/\/kapitalis.com\/tunisie\/wp-content\/uploads\/2022\/05\/kapitalis-logo-fb.png\" \/>\n\t<meta property=\"og:image:width\" content=\"1200\" \/>\n\t<meta property=\"og:image:height\" content=\"630\" \/>\n\t<meta property=\"og:image:type\" content=\"image\/png\" \/>\n<meta name=\"author\" content=\"Yusra NY\" \/>\n<meta name=\"twitter:card\" content=\"summary_large_image\" \/>\n<meta name=\"twitter:creator\" content=\"@KapitalisInfo\" \/>\n<meta name=\"twitter:site\" content=\"@KapitalisInfo\" \/>\n<meta name=\"twitter:label1\" content=\"\u00c9crit par\" \/>\n\t<meta name=\"twitter:data1\" content=\"Yusra NY\" \/>\n\t<meta name=\"twitter:label2\" content=\"Dur\u00e9e de lecture estim\u00e9e\" \/>\n\t<meta name=\"twitter:data2\" content=\"1 minute\" \/>\n<script type=\"application\/ld+json\" class=\"yoast-schema-graph\">{\"@context\":\"https:\/\/schema.org\",\"@graph\":[{\"@type\":\"Article\",\"@id\":\"https:\/\/kapitalis.com\/tunisie\/2020\/10\/20\/les-deputees-du-pdl-en-sit-in-a-lassemblee-pour-denoncer-les-violences-politiques-contre-les-femmes\/#article\",\"isPartOf\":{\"@id\":\"https:\/\/kapitalis.com\/tunisie\/2020\/10\/20\/les-deputees-du-pdl-en-sit-in-a-lassemblee-pour-denoncer-les-violences-politiques-contre-les-femmes\/\"},\"author\":{\"name\":\"Yusra NY\",\"@id\":\"https:\/\/kapitalis.com\/tunisie\/#\/schema\/person\/74bbde0154d49d790a92aaeac5bc01d5\"},\"headline\":\"Les d\u00e9put\u00e9es du PDL en sit-in \u00e0 l&rsquo;Assembl\u00e9e pour d\u00e9noncer les violences politiques contre les femmes\",\"datePublished\":\"2020-10-20T01:25:05+00:00\",\"dateModified\":\"2020-10-20T07:22:58+00:00\",\"mainEntityOfPage\":{\"@id\":\"https:\/\/kapitalis.com\/tunisie\/2020\/10\/20\/les-deputees-du-pdl-en-sit-in-a-lassemblee-pour-denoncer-les-violences-politiques-contre-les-femmes\/\"},\"wordCount\":282,\"commentCount\":0,\"publisher\":{\"@id\":\"https:\/\/kapitalis.com\/tunisie\/#organization\"},\"image\":{\"@id\":\"https:\/\/kapitalis.com\/tunisie\/2020\/10\/20\/les-deputees-du-pdl-en-sit-in-a-lassemblee-pour-denoncer-les-violences-politiques-contre-les-femmes\/#primaryimage\"},\"thumbnailUrl\":\"\",\"keywords\":[\"Abir Moussi\",\"Al-Karama\",\"Assembl\u00e9e\",\"d\u00e9put\u00e9es\",\"femmes\",\"Makhlouf\",\"PDL\",\"sit-in\",\"violences\"],\"articleSection\":[\"POLITIQUE\",\"Tunisie\"],\"inLanguage\":\"fr-FR\",\"potentialAction\":[{\"@type\":\"CommentAction\",\"name\":\"Comment\",\"target\":[\"https:\/\/kapitalis.com\/tunisie\/2020\/10\/20\/les-deputees-du-pdl-en-sit-in-a-lassemblee-pour-denoncer-les-violences-politiques-contre-les-femmes\/#respond\"]}]},{\"@type\":\"WebPage\",\"@id\":\"https:\/\/kapitalis.com\/tunisie\/2020\/10\/20\/les-deputees-du-pdl-en-sit-in-a-lassemblee-pour-denoncer-les-violences-politiques-contre-les-femmes\/\",\"url\":\"https:\/\/kapitalis.com\/tunisie\/2020\/10\/20\/les-deputees-du-pdl-en-sit-in-a-lassemblee-pour-denoncer-les-violences-politiques-contre-les-femmes\/\",\"name\":\"Les d\u00e9put\u00e9es du PDL en sit-in \u00e0 l'Assembl\u00e9e pour d\u00e9noncer les violences politiques contre les femmes - Kapitalis\",\"isPartOf\":{\"@id\":\"https:\/\/kapitalis.com\/tunisie\/#website\"},\"primaryImageOfPage\":{\"@id\":\"https:\/\/kapitalis.com\/tunisie\/2020\/10\/20\/les-deputees-du-pdl-en-sit-in-a-lassemblee-pour-denoncer-les-violences-politiques-contre-les-femmes\/#primaryimage\"},\"image\":{\"@id\":\"https:\/\/kapitalis.com\/tunisie\/2020\/10\/20\/les-deputees-du-pdl-en-sit-in-a-lassemblee-pour-denoncer-les-violences-politiques-contre-les-femmes\/#primaryimage\"},\"thumbnailUrl\":\"\",\"datePublished\":\"2020-10-20T01:25:05+00:00\",\"dateModified\":\"2020-10-20T07:22:58+00:00\",\"breadcrumb\":{\"@id\":\"https:\/\/kapitalis.com\/tunisie\/2020\/10\/20\/les-deputees-du-pdl-en-sit-in-a-lassemblee-pour-denoncer-les-violences-politiques-contre-les-femmes\/#breadcrumb\"},\"inLanguage\":\"fr-FR\",\"potentialAction\":[{\"@type\":\"ReadAction\",\"target\":[\"https:\/\/kapitalis.com\/tunisie\/2020\/10\/20\/les-deputees-du-pdl-en-sit-in-a-lassemblee-pour-denoncer-les-violences-politiques-contre-les-femmes\/\"]}]},{\"@type\":\"ImageObject\",\"inLanguage\":\"fr-FR\",\"@id\":\"https:\/\/kapitalis.com\/tunisie\/2020\/10\/20\/les-deputees-du-pdl-en-sit-in-a-lassemblee-pour-denoncer-les-violences-politiques-contre-les-femmes\/#primaryimage\",\"url\":\"\",\"contentUrl\":\"\"},{\"@type\":\"BreadcrumbList\",\"@id\":\"https:\/\/kapitalis.com\/tunisie\/2020\/10\/20\/les-deputees-du-pdl-en-sit-in-a-lassemblee-pour-denoncer-les-violences-politiques-contre-les-femmes\/#breadcrumb\",\"itemListElement\":[{\"@type\":\"ListItem\",\"position\":1,\"name\":\"Accueil\",\"item\":\"https:\/\/kapitalis.com\/tunisie\/\"},{\"@type\":\"ListItem\",\"position\":2,\"name\":\"Les d\u00e9put\u00e9es du PDL en sit-in \u00e0 l&rsquo;Assembl\u00e9e pour d\u00e9noncer les violences politiques contre les femmes\"}]},{\"@type\":\"WebSite\",\"@id\":\"https:\/\/kapitalis.com\/tunisie\/#website\",\"url\":\"https:\/\/kapitalis.com\/tunisie\/\",\"name\":\"Kapitalis\",\"description\":\"L&#039;actualit\u00e9 en Tunisie et dans le monde\",\"publisher\":{\"@id\":\"https:\/\/kapitalis.com\/tunisie\/#organization\"},\"potentialAction\":[{\"@type\":\"SearchAction\",\"target\":{\"@type\":\"EntryPoint\",\"urlTemplate\":\"https:\/\/kapitalis.com\/tunisie\/?s={search_term_string}\"},\"query-input\":{\"@type\":\"PropertyValueSpecification\",\"valueRequired\":true,\"valueName\":\"search_term_string\"}}],\"inLanguage\":\"fr-FR\"},{\"@type\":\"Organization\",\"@id\":\"https:\/\/kapitalis.com\/tunisie\/#organization\",\"name\":\"Kapitalis\",\"url\":\"https:\/\/kapitalis.com\/tunisie\/\",\"logo\":{\"@type\":\"ImageObject\",\"inLanguage\":\"fr-FR\",\"@id\":\"https:\/\/kapitalis.com\/tunisie\/#\/schema\/logo\/image\/\",\"url\":\"https:\/\/kapitalis.com\/tunisie\/wp-content\/uploads\/2022\/05\/Kapitalis-big-size.png\",\"contentUrl\":\"https:\/\/kapitalis.com\/tunisie\/wp-content\/uploads\/2022\/05\/Kapitalis-big-size.png\",\"width\":5000,\"height\":1500,\"caption\":\"Kapitalis\"},\"image\":{\"@id\":\"https:\/\/kapitalis.com\/tunisie\/#\/schema\/logo\/image\/\"},\"sameAs\":[\"https:\/\/www.facebook.com\/KapitalisInfo\/\",\"https:\/\/x.com\/KapitalisInfo\",\"https:\/\/www.youtube.com\/channel\/UC-yDYrHyfFBWWZaOw3FPg9Q\"]},{\"@type\":\"Person\",\"@id\":\"https:\/\/kapitalis.com\/tunisie\/#\/schema\/person\/74bbde0154d49d790a92aaeac5bc01d5\",\"name\":\"Yusra NY\",\"url\":\"https:\/\/kapitalis.com\/tunisie\/author\/yuza_adam\/\"}]}<\/script>\n<!-- \/ Yoast SEO plugin. -->","yoast_head_json":{"title":"Les d\u00e9put\u00e9es du PDL en sit-in \u00e0 l'Assembl\u00e9e pour d\u00e9noncer les violences politiques contre les femmes - Kapitalis","robots":{"index":"index","follow":"follow","max-snippet":"max-snippet:-1","max-image-preview":"max-image-preview:large","max-video-preview":"max-video-preview:-1"},"canonical":"https:\/\/kapitalis.com\/tunisie\/2020\/10\/20\/les-deputees-du-pdl-en-sit-in-a-lassemblee-pour-denoncer-les-violences-politiques-contre-les-femmes\/","og_locale":"fr_FR","og_type":"article","og_title":"Les d\u00e9put\u00e9es du PDL en sit-in \u00e0 l'Assembl\u00e9e pour d\u00e9noncer les violences politiques contre les femmes - Kapitalis","og_description":"Les d\u00e9put\u00e9es du bloc parlementaire du Parti destourien libre (PDL) ont entam\u00e9, dans la soir\u00e9e de ce lundi 19 octobre 2020, un sit-in \u00e0 l&rsquo;Assembl\u00e9e des repr\u00e9sentants du peuple (ARP), et ce pour d\u00e9noncer les violences politiques contre les femmes.","og_url":"https:\/\/kapitalis.com\/tunisie\/2020\/10\/20\/les-deputees-du-pdl-en-sit-in-a-lassemblee-pour-denoncer-les-violences-politiques-contre-les-femmes\/","og_site_name":"Kapitalis","article_publisher":"https:\/\/www.facebook.com\/KapitalisInfo\/","article_published_time":"2020-10-20T01:25:05+00:00","article_modified_time":"2020-10-20T07:22:58+00:00","og_image":[{"width":1200,"height":630,"url":"https:\/\/kapitalis.com\/tunisie\/wp-content\/uploads\/2022\/05\/kapitalis-logo-fb.png","type":"image\/png"}],"author":"Yusra NY","twitter_card":"summary_large_image","twitter_creator":"@KapitalisInfo","twitter_site":"@KapitalisInfo","twitter_misc":{"\u00c9crit par":"Yusra NY","Dur\u00e9e de lecture estim\u00e9e":"1 minute"},"schema":{"@context":"https:\/\/schema.org","@graph":[{"@type":"Article","@id":"https:\/\/kapitalis.com\/tunisie\/2020\/10\/20\/les-deputees-du-pdl-en-sit-in-a-lassemblee-pour-denoncer-les-violences-politiques-contre-les-femmes\/#article","isPartOf":{"@id":"https:\/\/kapitalis.com\/tunisie\/2020\/10\/20\/les-deputees-du-pdl-en-sit-in-a-lassemblee-pour-denoncer-les-violences-politiques-contre-les-femmes\/"},"author":{"name":"Yusra NY","@id":"https:\/\/kapitalis.com\/tunisie\/#\/schema\/person\/74bbde0154d49d790a92aaeac5bc01d5"},"headline":"Les d\u00e9put\u00e9es du PDL en sit-in \u00e0 l&rsquo;Assembl\u00e9e pour d\u00e9noncer les violences politiques contre les femmes","datePublished":"2020-10-20T01:25:05+00:00","dateModified":"2020-10-20T07:22:58+00:00","mainEntityOfPage":{"@id":"https:\/\/kapitalis.com\/tunisie\/2020\/10\/20\/les-deputees-du-pdl-en-sit-in-a-lassemblee-pour-denoncer-les-violences-politiques-contre-les-femmes\/"},"wordCount":282,"commentCount":0,"publisher":{"@id":"https:\/\/kapitalis.com\/tunisie\/#organization"},"image":{"@id":"https:\/\/kapitalis.com\/tunisie\/2020\/10\/20\/les-deputees-du-pdl-en-sit-in-a-lassemblee-pour-denoncer-les-violences-politiques-contre-les-femmes\/#primaryimage"},"thumbnailUrl":"","keywords":["Abir Moussi","Al-Karama","Assembl\u00e9e","d\u00e9put\u00e9es","femmes","Makhlouf","PDL","sit-in","violences"],"articleSection":["POLITIQUE","Tunisie"],"inLanguage":"fr-FR","potentialAction":[{"@type":"CommentAction","name":"Comment","target":["https:\/\/kapitalis.com\/tunisie\/2020\/10\/20\/les-deputees-du-pdl-en-sit-in-a-lassemblee-pour-denoncer-les-violences-politiques-contre-les-femmes\/#respond"]}]},{"@type":"WebPage","@id":"https:\/\/kapitalis.com\/tunisie\/2020\/10\/20\/les-deputees-du-pdl-en-sit-in-a-lassemblee-pour-denoncer-les-violences-politiques-contre-les-femmes\/","url":"https:\/\/kapitalis.com\/tunisie\/2020\/10\/20\/les-deputees-du-pdl-en-sit-in-a-lassemblee-pour-denoncer-les-violences-politiques-contre-les-femmes\/","name":"Les d\u00e9put\u00e9es du PDL en sit-in \u00e0 l'Assembl\u00e9e pour d\u00e9noncer les violences politiques contre les femmes - Kapitalis","isPartOf":{"@id":"https:\/\/kapitalis.com\/tunisie\/#website"},"primaryImageOfPage":{"@id":"https:\/\/kapitalis.com\/tunisie\/2020\/10\/20\/les-deputees-du-pdl-en-sit-in-a-lassemblee-pour-denoncer-les-violences-politiques-contre-les-femmes\/#primaryimage"},"image":{"@id":"https:\/\/kapitalis.com\/tunisie\/2020\/10\/20\/les-deputees-du-pdl-en-sit-in-a-lassemblee-pour-denoncer-les-violences-politiques-contre-les-femmes\/#primaryimage"},"thumbnailUrl":"","datePublished":"2020-10-20T01:25:05+00:00","dateModified":"2020-10-20T07:22:58+00:00","breadcrumb":{"@id":"https:\/\/kapitalis.com\/tunisie\/2020\/10\/20\/les-deputees-du-pdl-en-sit-in-a-lassemblee-pour-denoncer-les-violences-politiques-contre-les-femmes\/#breadcrumb"},"inLanguage":"fr-FR","potentialAction":[{"@type":"ReadAction","target":["https:\/\/kapitalis.com\/tunisie\/2020\/10\/20\/les-deputees-du-pdl-en-sit-in-a-lassemblee-pour-denoncer-les-violences-politiques-contre-les-femmes\/"]}]},{"@type":"ImageObject","inLanguage":"fr-FR","@id":"https:\/\/kapitalis.com\/tunisie\/2020\/10\/20\/les-deputees-du-pdl-en-sit-in-a-lassemblee-pour-denoncer-les-violences-politiques-contre-les-femmes\/#primaryimage","url":"","contentUrl":""},{"@type":"BreadcrumbList","@id":"https:\/\/kapitalis.com\/tunisie\/2020\/10\/20\/les-deputees-du-pdl-en-sit-in-a-lassemblee-pour-denoncer-les-violences-politiques-contre-les-femmes\/#breadcrumb","itemListElement":[{"@type":"ListItem","position":1,"name":"Accueil","item":"https:\/\/kapitalis.com\/tunisie\/"},{"@type":"ListItem","position":2,"name":"Les d\u00e9put\u00e9es du PDL en sit-in \u00e0 l&rsquo;Assembl\u00e9e pour d\u00e9noncer les violences politiques contre les femmes"}]},{"@type":"WebSite","@id":"https:\/\/kapitalis.com\/tunisie\/#website","url":"https:\/\/kapitalis.com\/tunisie\/","name":"Kapitalis","description":"L&#039;actualit\u00e9 en Tunisie et dans le monde","publisher":{"@id":"https:\/\/kapitalis.com\/tunisie\/#organization"},"potentialAction":[{"@type":"SearchAction","target":{"@type":"EntryPoint","urlTemplate":"https:\/\/kapitalis.com\/tunisie\/?s={search_term_string}"},"query-input":{"@type":"PropertyValueSpecification","valueRequired":true,"valueName":"search_term_string"}}],"inLanguage":"fr-FR"},{"@type":"Organization","@id":"https:\/\/kapitalis.com\/tunisie\/#organization","name":"Kapitalis","url":"https:\/\/kapitalis.com\/tunisie\/","logo":{"@type":"ImageObject","inLanguage":"fr-FR","@id":"https:\/\/kapitalis.com\/tunisie\/#\/schema\/logo\/image\/","url":"https:\/\/kapitalis.com\/tunisie\/wp-content\/uploads\/2022\/05\/Kapitalis-big-size.png","contentUrl":"https:\/\/kapitalis.com\/tunisie\/wp-content\/uploads\/2022\/05\/Kapitalis-big-size.png","width":5000,"height":1500,"caption":"Kapitalis"},"image":{"@id":"https:\/\/kapitalis.com\/tunisie\/#\/schema\/logo\/image\/"},"sameAs":["https:\/\/www.facebook.com\/KapitalisInfo\/","https:\/\/x.com\/KapitalisInfo","https:\/\/www.youtube.com\/channel\/UC-yDYrHyfFBWWZaOw3FPg9Q"]},{"@type":"Person","@id":"https:\/\/kapitalis.com\/tunisie\/#\/schema\/person\/74bbde0154d49d790a92aaeac5bc01d5","name":"Yusra NY","url":"https:\/\/kapitalis.com\/tunisie\/author\/yuza_adam\/"}]}},"_links":{"self":[{"href":"https:\/\/kapitalis.com\/tunisie\/wp-json\/wp\/v2\/posts\/321157","targetHints":{"allow":["GET"]}}],"collection":[{"href":"https:\/\/kapitalis.com\/tunisie\/wp-json\/wp\/v2\/posts"}],"about":[{"href":"https:\/\/kapitalis.com\/tunisie\/wp-json\/wp\/v2\/types\/post"}],"author":[{"embeddable":true,"href":"https:\/\/kapitalis.com\/tunisie\/wp-json\/wp\/v2\/users\/6"}],"replies":[{"embeddable":true,"href":"https:\/\/kapitalis.com\/tunisie\/wp-json\/wp\/v2\/comments?post=321157"}],"version-history":[{"count":0,"href":"https:\/\/kapitalis.com\/tunisie\/wp-json\/wp\/v2\/posts\/321157\/revisions"}],"wp:featuredmedia":[{"embeddable":true,"href":"https:\/\/kapitalis.com\/tunisie\/wp-json\/wp\/v2\/media\/321161"}],"wp:attachment":[{"href":"https:\/\/kapitalis.com\/tunisie\/wp-json\/wp\/v2\/media?parent=321157"}],"wp:term":[{"taxonomy":"category","embeddable":true,"href":"https:\/\/kapitalis.com\/tunisie\/wp-json\/wp\/v2\/categories?post=321157"},{"taxonomy":"post_tag","embeddable":true,"href":"https:\/\/kapitalis.com\/tunisie\/wp-json\/wp\/v2\/tags?post=321157"}],"curies":[{"name":"wp","href":"https:\/\/api.w.org\/{rel}","templated":true}]}}