{"id":321173,"date":"2020-10-20T07:41:49","date_gmt":"2020-10-20T06:41:49","guid":{"rendered":"http:\/\/kapitalis.com\/tunisie\/?p=321173"},"modified":"2020-10-20T07:41:56","modified_gmt":"2020-10-20T06:41:56","slug":"tunisie-les-avocats-du-blanchiment-dargent","status":"publish","type":"post","link":"https:\/\/kapitalis.com\/tunisie\/2020\/10\/20\/tunisie-les-avocats-du-blanchiment-dargent\/","title":{"rendered":"Tunisie : Les avocats du blanchiment d\u2019argent"},"content":{"rendered":"\n<figure class=\"wp-block-image size-large\"><img decoding=\"async\" src=\"http:\/\/kapitalis.com\/tunisie\/wp-content\/uploads\/2020\/09\/Mechichi-dejeuner-karoui-ghannouchi-makhlouf.jpg\" alt=\"\" class=\"wp-image-315088\"\/><figcaption><em>Le d\u00e9jeuner \u00e0 l&rsquo;Assembl\u00e9e durant lequel  les termes du complot contre l&rsquo;Etat tunisien a \u00e9t\u00e9 scell\u00e9 : Hichem Mechichi adoub\u00e9 par ses nouveaux ma\u00eetres.  <\/em><\/figcaption><\/figure>\n\n\n\n<p><strong><em>Ils s\u2019appellent Se\u00effeddine Makhlouf, Nabil Karoui, Rached Ghannouchi et Hichem Mechichi et ils se sont mobilis\u00e9s corps et \u00e2me pour faire passer le dangereux projet d\u2019amendement du d\u00e9cret-loi 116 du 2 novembre 2011 relatif \u00e0 la communication audiovisuelle. Si ce projet est adopt\u00e9, la Tunisie deviendra le paradis du blanchiment d\u2019argent dans l\u2019audiovisuel et la porte sera ouverte \u00e0 toutes les mafias malfaisantes.<\/em><\/strong><\/p>\n\n\n\n<p>Par <strong>Imed Bahri<\/strong><\/p>\n\n\n\n<!--more-->\n\n\n\n<p>L\u2019agitateur agit\u00e9 Se\u00effeddine Makhlouf ,qui pr\u00e9side l\u2019alliance pseudo-r\u00e9volutionnaire et islamo-populiste d\u2019Al-Karama, est celui dont le bloc parlementaire a d\u00e9pos\u00e9 ce projet d\u2019amendement explosif \u00e0 l\u2019Assembl\u00e9e des repr\u00e9sentants du peuple (ARP). Il est officiellement \u00e0 l\u2019origine de ce projet mais les gens bien inform\u00e9s et les observateurs avertis savent pertinemment que celui-ci a \u00e9t\u00e9 pr\u00e9par\u00e9 et con\u00e7u par Ennahdha et Qalb Tounes, mais comme pour Ennahdha qui joue au sage parti de gouvernement, un tel texte explosif risque de lui attirer les foudres de partout, Nabil Karoui, dont Qalb Tounes est le gadget politique, est un hors-la-loi notoire du paysage audiovisuel avec sa cha\u00eene Nessma, diffusant ill\u00e9galement depuis 2014, \u00e7a aurait \u00e9t\u00e9 trop flagrant que son bloc parlementaire pr\u00e9sente ce projet d\u2019amendement.<\/p>\n\n\n\n<h3 class=\"wp-block-heading\">Un projet sulfureux de d\u00e9linquance m\u00e9diatique<\/h3>\n\n\n\n<p>Pour toutes ces raisons, il a donc \u00e9t\u00e9 convenu que la grande gueule Se\u00effeddine Makhlouf, charg\u00e9 des basses besognes de l\u2019alliance islamo-affairiste et de Qalb Ennahdha en particulier, pr\u00e9sente ce projet d\u2019amendement sulfureux de d\u00e9linquance m\u00e9diatique mais les instigateurs ne sont autres que le tandem du mal Rached Ghannouchi et Nabil Karoui.<\/p>\n\n\n\n<p>Rached Ghannouchi, l\u2019infatigable et in\u00e9puisable papy des islamistes tunisiens, est \u00e0 la t\u00eate d\u2019une formation politique pr\u00e9datrice qui cherche \u00e0 \u00e9tendre sa mainmise partout sans aucune retenue, aussi bien les institutions de l\u2019Etat, l\u2019administration publique, le corps s\u00e9curitaire, la soci\u00e9t\u00e9 civile, le monde des affaires, les clubs sportifs mais aussi les m\u00e9dias. Ces m\u00e9dias ont d\u2019ailleurs toujours \u00e9t\u00e9 une cible pr\u00e9f\u00e9r\u00e9e des attaques des Nahdhouis et de leur base d\u00e9jant\u00e9e qui ont les ont baptis\u00e9s d\u00e8s 2011 <em>\u00abm\u00e9dias de la honte\u00bb<\/em> (<em>\u00ab\u00celam Al-\u00c2r\u00bb<\/em>).<\/p>\n\n\n\n<p>Le moment est donc venu pour r\u00e9gler son compte aux m\u00e9dias tunisiens, se venger et les \u00e9craser en d\u00e9r\u00e9gulant compl\u00e8tement le secteur et en faisant un paradis pour le blanchiment d\u2019argent. Ce qui permettra \u00e0 l\u2019argent sale et au cash des islamistes de noyer le paysage audiovisuel par des cha\u00eenes de t\u00e9l\u00e9vision et des stations radio qui leur seront inf\u00e9od\u00e9es. Ce qui permettra aussi aux services de renseignement de l\u2019Axe Ankara-Doha de venir ouvrir des cha\u00eenes via leurs sbires locaux et de manipuler l\u2019opinion tunisienne afin de pouvoir concr\u00e9tiser leur agenda islamiste et de faire de la Tunisie une province de l\u2019Axe Turquie-Qatar comme c\u2019est le cas de la Tripolitaine aujourd\u2019hui en Libye.<\/p>\n\n\n\n<h3 class=\"wp-block-heading\">Le but du tandem Ghannouchi-Karoui, l\u00e9galiser l\u2019ill\u00e9gal<\/h3>\n\n\n\n<p>\u00c9galement, Ghannouchi qui contr\u00f4le, indirectement, plusieurs m\u00e9dias audiovisuels \u00e0 l\u2019instar de la tr\u00e8s louche Hannibal TV, dont personne ne conna\u00eet le v\u00e9ritable propri\u00e9taire, et Zitouna TV, emp\u00eatr\u00e9s dans des situations ill\u00e9gales, esp\u00e8re r\u00e9gulariser la situation de ces cha\u00eenes avec l\u2019adoption du projet d\u2019amendement explosif pr\u00e9sent\u00e9 par la coalition islamo-populiste Al-Karama, excroissance radicale et populiste d\u2019Ennahdha.<\/p>\n\n\n\n<p>Nabil Karoui, l\u2019in\u00e9puisable affairiste v\u00e9reux toujours en forme pour pourrir la vie politique, le secteur m\u00e9diatique et le climat des affaires, r\u00eave, pour sa part, de r\u00e9gulariser la situation de sa cha\u00eene ill\u00e9gale Nessma, son gadget qui assure sa m\u00e9diatisation, celui de ses amis et son arme pour massacrer la r\u00e9putation de ses adversaires. Ce projet d\u2019amendement lui permettra, lui aussi, de r\u00e9gulariser la situation de sa cha\u00eene Nessma, de se d\u00e9barrasser des membres de la Haute autorit\u00e9 ind\u00e9pendance de la communication audiovisuelle (Haica) et surtout de son ennemi Hichem Snoussi, l\u2019un de ses membres les plus actifs, trop encombrant \u00e0 son go\u00fbt, qui lui a tenu t\u00eate ces derni\u00e8res ann\u00e9es. Karoui a toujours pr\u00e9f\u00e9r\u00e9 les profils des courtisans ou des soumis qui le servent et servent ses int\u00e9r\u00eats. Avec le projet d\u2019amendement pr\u00e9sent\u00e9 par Al-Karama mais dont il est avec Ghannouchi \u00e0 l\u2019origine, les membres de la Haica seront \u00e9lus \u00e0 la majorit\u00e9 absolue par l\u2019Assembl\u00e9e des repr\u00e9sentants du peuple (ARP) ce qui veut dire que c\u2019est son parti ainsi qu\u2019Ennahdha et Al-Karama qui les \u00e9liront d\u00e9sormais, puisque cette <em>\u00abtro\u00eeka du mal\u00bb<\/em> y dispose de la majorit\u00e9 des voix.<\/p>\n\n\n\n<p>Avec un secteur audiovisuel d\u00e9r\u00e9gul\u00e9 et \u00e9chappant \u00e0 toute r\u00e9glementation, Karoui, qui se r\u00eave en dieu des m\u00e9dias tunisiens, pourra \u00e9galement ruiner les r\u00e9putations, vouer aux g\u00e9monies et racketter qui il veut, comme il veut et autant qu\u2019il veut sans le moindre souci.<\/p>\n\n\n\n<h3 class=\"wp-block-heading\">Hichem Mechichi \u00e0 la man\u0153uvre au service de la \u00abtro\u00efka du mal\u00bb<\/h3>\n\n\n\n<p>Et, <em>last but not least, <\/em>Hichem Mechichi, le beau et d\u00e9licieux chef de gouvernement, notre quatri\u00e8me larron sans qui se projet d\u2019amendement n\u2019aurait jamais pu voir le jour. Cet \u00e9narque ambitieux, sans foi ni loi, un cynique doubl\u00e9 d\u2019un irresponsable, a en effet retir\u00e9 le projet d\u2019amendement du d\u00e9cret-loi 116 pr\u00e9sent\u00e9 par le gouvernement afin que celui d\u2019Al-Karama puisse \u00eatre vot\u00e9 en s\u00e9ance pl\u00e9ni\u00e8re.<\/p>\n\n\n\n<p>M. Mechichi s\u2019en fout royalement que l\u2019amendement de la coalition islamo-populiste Al-Karama passe et que la Tunisie devienne le paradis du blanchiment de l\u2019argent sale dans les m\u00e9dias. Il y est indiff\u00e9rent, compl\u00e8tement indiff\u00e9rent. Ce qui l\u2019int\u00e9resse seulement et uniquement c\u2019est sa carri\u00e8re. Pour notre beau et d\u00e9licieux chef de gouvernement, il n\u2019y a que sa petite personne qui importe et la suite de sa fulgurante carri\u00e8re. Il est pr\u00eat \u00e0 servir \u00e0 outrance l\u2019alliance islamo-affairiste, l\u2019essentiel c\u2019est qu\u2019il reste chef de gouvernement. Le pouvoir, le pouvoir et toujours le pouvoir, c\u2019est ce qui int\u00e9resse le fonctionnaire devenu par accident de l\u2019Histoire chef de gouvernement.<\/p>\n\n\n\n<figure class=\"wp-block-embed-wordpress wp-block-embed is-type-wp-embed is-provider-kapitalis\"><div class=\"wp-block-embed__wrapper\">\n<blockquote class=\"wp-embedded-content\" data-secret=\"wYAeTbk5W0\"><a href=\"https:\/\/kapitalis.com\/tunisie\/2020\/10\/19\/hichem-mechichi-une-marionnette-aux-mains-de-lalliance-du-mal\/\">Hichem Mechichi : une marionnette aux mains de l\u2019\u00aballiance du mal\u00bb<\/a><\/blockquote><iframe loading=\"lazy\" class=\"wp-embedded-content\" sandbox=\"allow-scripts\" security=\"restricted\" style=\"position: absolute; clip: rect(1px, 1px, 1px, 1px);\" title=\"\u00ab\u00a0Hichem Mechichi : une marionnette aux mains de l\u2019\u00aballiance du mal\u00bb\u00a0\u00bb &#8212; Kapitalis\" src=\"https:\/\/kapitalis.com\/tunisie\/2020\/10\/19\/hichem-mechichi-une-marionnette-aux-mains-de-lalliance-du-mal\/embed\/#?secret=PCC57GNpFw#?secret=wYAeTbk5W0\" data-secret=\"wYAeTbk5W0\" width=\"600\" height=\"338\" frameborder=\"0\" marginwidth=\"0\" marginheight=\"0\" scrolling=\"no\"><\/iframe>\n<\/div><\/figure>\n\n\n\n<figure class=\"wp-block-embed-wordpress wp-block-embed is-type-wp-embed is-provider-kapitalis\"><div class=\"wp-block-embed__wrapper\">\n<blockquote class=\"wp-embedded-content\" data-secret=\"EDgdEUBTzX\"><a href=\"https:\/\/kapitalis.com\/tunisie\/2020\/10\/19\/abir-moussi-met-en-garde-contre-la-fraude-demain-lors-du-vote-du-decret-loi-116\/\">Abir Moussi met en garde contre la fraude demain lors du vote du d\u00e9cret-loi 116<\/a><\/blockquote><iframe loading=\"lazy\" class=\"wp-embedded-content\" sandbox=\"allow-scripts\" security=\"restricted\" style=\"position: absolute; clip: rect(1px, 1px, 1px, 1px);\" title=\"\u00ab\u00a0Abir Moussi met en garde contre la fraude demain lors du vote du d\u00e9cret-loi 116\u00a0\u00bb &#8212; Kapitalis\" src=\"https:\/\/kapitalis.com\/tunisie\/2020\/10\/19\/abir-moussi-met-en-garde-contre-la-fraude-demain-lors-du-vote-du-decret-loi-116\/embed\/#?secret=WiBdPgoFzI#?secret=EDgdEUBTzX\" data-secret=\"EDgdEUBTzX\" width=\"600\" height=\"338\" frameborder=\"0\" marginwidth=\"0\" marginheight=\"0\" scrolling=\"no\"><\/iframe>\n<\/div><\/figure>\n\n\n\n<figure class=\"wp-block-embed-wordpress wp-block-embed is-type-wp-embed is-provider-kapitalis\"><div class=\"wp-block-embed__wrapper\">\n<blockquote class=\"wp-embedded-content\" data-secret=\"DCGDvBJKeG\"><a href=\"https:\/\/kapitalis.com\/tunisie\/2020\/10\/19\/walid-jalled-meme-en-cas-de-passage-au-parlement-lamendement-du-decret-116-ne-sera-pas-signe-par-kais-saied\/\">Walid Jalled : \u00abM\u00eame en cas de passage au Parlement, l&rsquo;amendement du d\u00e9cret 116 ne sera pas sign\u00e9 par Ka\u00efs Sa\u00efed\u00bb<\/a><\/blockquote><iframe loading=\"lazy\" class=\"wp-embedded-content\" sandbox=\"allow-scripts\" security=\"restricted\" style=\"position: absolute; clip: rect(1px, 1px, 1px, 1px);\" title=\"\u00ab\u00a0Walid Jalled : \u00abM\u00eame en cas de passage au Parlement, l&rsquo;amendement du d\u00e9cret 116 ne sera pas sign\u00e9 par Ka\u00efs Sa\u00efed\u00bb\u00a0\u00bb &#8212; Kapitalis\" src=\"https:\/\/kapitalis.com\/tunisie\/2020\/10\/19\/walid-jalled-meme-en-cas-de-passage-au-parlement-lamendement-du-decret-116-ne-sera-pas-signe-par-kais-saied\/embed\/#?secret=pCh94Cm68c#?secret=DCGDvBJKeG\" data-secret=\"DCGDvBJKeG\" width=\"600\" height=\"338\" frameborder=\"0\" marginwidth=\"0\" marginheight=\"0\" scrolling=\"no\"><\/iframe>\n<\/div><\/figure>\n","protected":false},"excerpt":{"rendered":"<p>Ils s\u2019appellent Se\u00effeddine Makhlouf, Nabil Karoui, Rached Ghannouchi et Hichem Mechichi et ils se sont mobilis\u00e9s corps et \u00e2me pour faire passer le dangereux projet d\u2019amendement du d\u00e9cret-loi 116 du 2 novembre 2011 relatif \u00e0 la communication audiovisuelle. Si ce projet est adopt\u00e9, la Tunisie deviendra le paradis du blanchiment d\u2019argent dans l\u2019audiovisuel et la&#8230;<\/p>\n","protected":false},"author":8,"featured_media":0,"comment_status":"open","ping_status":"open","sticky":false,"template":"","format":"standard","meta":{"footnotes":""},"categories":[992,996,997],"tags":[76464,49543,1843,30240,651,3437,61989,758,8752,979],"class_list":["post-321173","post","type-post","status-publish","format-standard","hentry","category-a-la-une","category-media","category-politique","tag-al-karama-2","tag-ennahdha","tag-haica","tag-hichem-snoussi","tag-nabil-karoui","tag-nessma","tag-qalb-tounes","tag-rached-ghannouchi","tag-seifeddine-makhlouf","tag-zitouna"],"yoast_head":"<!-- This site is optimized with the Yoast SEO plugin v26.6 - https:\/\/yoast.com\/wordpress\/plugins\/seo\/ -->\n<title>Tunisie : Les avocats du blanchiment d\u2019argent - Kapitalis<\/title>\n<meta name=\"robots\" content=\"index, follow, max-snippet:-1, max-image-preview:large, max-video-preview:-1\" \/>\n<link rel=\"canonical\" href=\"https:\/\/kapitalis.com\/tunisie\/2020\/10\/20\/tunisie-les-avocats-du-blanchiment-dargent\/\" \/>\n<meta property=\"og:locale\" content=\"fr_FR\" \/>\n<meta property=\"og:type\" content=\"article\" \/>\n<meta property=\"og:title\" content=\"Tunisie : Les avocats du blanchiment d\u2019argent - Kapitalis\" \/>\n<meta property=\"og:description\" content=\"Ils s\u2019appellent Se\u00effeddine Makhlouf, Nabil Karoui, Rached Ghannouchi et Hichem Mechichi et ils se sont mobilis\u00e9s corps et \u00e2me pour faire passer le dangereux projet d\u2019amendement du d\u00e9cret-loi 116 du 2 novembre 2011 relatif \u00e0 la communication audiovisuelle. Si ce projet est adopt\u00e9, la Tunisie deviendra le paradis du blanchiment d\u2019argent dans l\u2019audiovisuel et la...\" \/>\n<meta property=\"og:url\" content=\"https:\/\/kapitalis.com\/tunisie\/2020\/10\/20\/tunisie-les-avocats-du-blanchiment-dargent\/\" \/>\n<meta property=\"og:site_name\" content=\"Kapitalis\" \/>\n<meta property=\"article:publisher\" content=\"https:\/\/www.facebook.com\/KapitalisInfo\/\" \/>\n<meta property=\"article:published_time\" content=\"2020-10-20T06:41:49+00:00\" \/>\n<meta property=\"article:modified_time\" content=\"2020-10-20T06:41:56+00:00\" \/>\n<meta property=\"og:image\" content=\"http:\/\/kapitalis.com\/tunisie\/wp-content\/uploads\/2020\/09\/Mechichi-dejeuner-karoui-ghannouchi-makhlouf.jpg\" \/>\n<meta name=\"author\" content=\"webmaster kapitalis\" \/>\n<meta name=\"twitter:card\" content=\"summary_large_image\" \/>\n<meta name=\"twitter:creator\" content=\"@KapitalisInfo\" \/>\n<meta name=\"twitter:site\" content=\"@KapitalisInfo\" \/>\n<meta name=\"twitter:label1\" content=\"\u00c9crit par\" \/>\n\t<meta name=\"twitter:data1\" content=\"webmaster kapitalis\" \/>\n\t<meta name=\"twitter:label2\" content=\"Dur\u00e9e de lecture estim\u00e9e\" \/>\n\t<meta name=\"twitter:data2\" content=\"6 minutes\" \/>\n<script type=\"application\/ld+json\" class=\"yoast-schema-graph\">{\"@context\":\"https:\/\/schema.org\",\"@graph\":[{\"@type\":\"Article\",\"@id\":\"https:\/\/kapitalis.com\/tunisie\/2020\/10\/20\/tunisie-les-avocats-du-blanchiment-dargent\/#article\",\"isPartOf\":{\"@id\":\"https:\/\/kapitalis.com\/tunisie\/2020\/10\/20\/tunisie-les-avocats-du-blanchiment-dargent\/\"},\"author\":{\"name\":\"webmaster kapitalis\",\"@id\":\"https:\/\/kapitalis.com\/tunisie\/#\/schema\/person\/d71f33a9ca44f7bad4698210b480c8e9\"},\"headline\":\"Tunisie : Les avocats du blanchiment d\u2019argent\",\"datePublished\":\"2020-10-20T06:41:49+00:00\",\"dateModified\":\"2020-10-20T06:41:56+00:00\",\"mainEntityOfPage\":{\"@id\":\"https:\/\/kapitalis.com\/tunisie\/2020\/10\/20\/tunisie-les-avocats-du-blanchiment-dargent\/\"},\"wordCount\":1116,\"commentCount\":2,\"publisher\":{\"@id\":\"https:\/\/kapitalis.com\/tunisie\/#organization\"},\"image\":{\"@id\":\"https:\/\/kapitalis.com\/tunisie\/2020\/10\/20\/tunisie-les-avocats-du-blanchiment-dargent\/#primaryimage\"},\"thumbnailUrl\":\"http:\/\/kapitalis.com\/tunisie\/wp-content\/uploads\/2020\/09\/Mechichi-dejeuner-karoui-ghannouchi-makhlouf.jpg\",\"keywords\":[\"Al-Karama\",\"Ennahdha\",\"Haica\",\"Hichem Snoussi\",\"Nabil Karoui\",\"Nessma\",\"Qalb Tounes\",\"Rached Ghannouchi\",\"Seifeddine Makhlouf\",\"Zitouna\"],\"articleSection\":[\"A LA UNE\",\"MEDIA\",\"POLITIQUE\"],\"inLanguage\":\"fr-FR\",\"potentialAction\":[{\"@type\":\"CommentAction\",\"name\":\"Comment\",\"target\":[\"https:\/\/kapitalis.com\/tunisie\/2020\/10\/20\/tunisie-les-avocats-du-blanchiment-dargent\/#respond\"]}]},{\"@type\":\"WebPage\",\"@id\":\"https:\/\/kapitalis.com\/tunisie\/2020\/10\/20\/tunisie-les-avocats-du-blanchiment-dargent\/\",\"url\":\"https:\/\/kapitalis.com\/tunisie\/2020\/10\/20\/tunisie-les-avocats-du-blanchiment-dargent\/\",\"name\":\"Tunisie : Les avocats du blanchiment d\u2019argent - Kapitalis\",\"isPartOf\":{\"@id\":\"https:\/\/kapitalis.com\/tunisie\/#website\"},\"primaryImageOfPage\":{\"@id\":\"https:\/\/kapitalis.com\/tunisie\/2020\/10\/20\/tunisie-les-avocats-du-blanchiment-dargent\/#primaryimage\"},\"image\":{\"@id\":\"https:\/\/kapitalis.com\/tunisie\/2020\/10\/20\/tunisie-les-avocats-du-blanchiment-dargent\/#primaryimage\"},\"thumbnailUrl\":\"http:\/\/kapitalis.com\/tunisie\/wp-content\/uploads\/2020\/09\/Mechichi-dejeuner-karoui-ghannouchi-makhlouf.jpg\",\"datePublished\":\"2020-10-20T06:41:49+00:00\",\"dateModified\":\"2020-10-20T06:41:56+00:00\",\"breadcrumb\":{\"@id\":\"https:\/\/kapitalis.com\/tunisie\/2020\/10\/20\/tunisie-les-avocats-du-blanchiment-dargent\/#breadcrumb\"},\"inLanguage\":\"fr-FR\",\"potentialAction\":[{\"@type\":\"ReadAction\",\"target\":[\"https:\/\/kapitalis.com\/tunisie\/2020\/10\/20\/tunisie-les-avocats-du-blanchiment-dargent\/\"]}]},{\"@type\":\"ImageObject\",\"inLanguage\":\"fr-FR\",\"@id\":\"https:\/\/kapitalis.com\/tunisie\/2020\/10\/20\/tunisie-les-avocats-du-blanchiment-dargent\/#primaryimage\",\"url\":\"\",\"contentUrl\":\"\"},{\"@type\":\"BreadcrumbList\",\"@id\":\"https:\/\/kapitalis.com\/tunisie\/2020\/10\/20\/tunisie-les-avocats-du-blanchiment-dargent\/#breadcrumb\",\"itemListElement\":[{\"@type\":\"ListItem\",\"position\":1,\"name\":\"Accueil\",\"item\":\"https:\/\/kapitalis.com\/tunisie\/\"},{\"@type\":\"ListItem\",\"position\":2,\"name\":\"Tunisie : Les avocats du blanchiment d\u2019argent\"}]},{\"@type\":\"WebSite\",\"@id\":\"https:\/\/kapitalis.com\/tunisie\/#website\",\"url\":\"https:\/\/kapitalis.com\/tunisie\/\",\"name\":\"Kapitalis\",\"description\":\"L&#039;actualit\u00e9 en Tunisie et dans le monde\",\"publisher\":{\"@id\":\"https:\/\/kapitalis.com\/tunisie\/#organization\"},\"potentialAction\":[{\"@type\":\"SearchAction\",\"target\":{\"@type\":\"EntryPoint\",\"urlTemplate\":\"https:\/\/kapitalis.com\/tunisie\/?s={search_term_string}\"},\"query-input\":{\"@type\":\"PropertyValueSpecification\",\"valueRequired\":true,\"valueName\":\"search_term_string\"}}],\"inLanguage\":\"fr-FR\"},{\"@type\":\"Organization\",\"@id\":\"https:\/\/kapitalis.com\/tunisie\/#organization\",\"name\":\"Kapitalis\",\"url\":\"https:\/\/kapitalis.com\/tunisie\/\",\"logo\":{\"@type\":\"ImageObject\",\"inLanguage\":\"fr-FR\",\"@id\":\"https:\/\/kapitalis.com\/tunisie\/#\/schema\/logo\/image\/\",\"url\":\"https:\/\/kapitalis.com\/tunisie\/wp-content\/uploads\/2022\/05\/Kapitalis-big-size.png\",\"contentUrl\":\"https:\/\/kapitalis.com\/tunisie\/wp-content\/uploads\/2022\/05\/Kapitalis-big-size.png\",\"width\":5000,\"height\":1500,\"caption\":\"Kapitalis\"},\"image\":{\"@id\":\"https:\/\/kapitalis.com\/tunisie\/#\/schema\/logo\/image\/\"},\"sameAs\":[\"https:\/\/www.facebook.com\/KapitalisInfo\/\",\"https:\/\/x.com\/KapitalisInfo\",\"https:\/\/www.youtube.com\/channel\/UC-yDYrHyfFBWWZaOw3FPg9Q\"]},{\"@type\":\"Person\",\"@id\":\"https:\/\/kapitalis.com\/tunisie\/#\/schema\/person\/d71f33a9ca44f7bad4698210b480c8e9\",\"name\":\"webmaster kapitalis\",\"url\":\"https:\/\/kapitalis.com\/tunisie\/author\/webmaster-kapitalis\/\"}]}<\/script>\n<!-- \/ Yoast SEO plugin. -->","yoast_head_json":{"title":"Tunisie : Les avocats du blanchiment d\u2019argent - Kapitalis","robots":{"index":"index","follow":"follow","max-snippet":"max-snippet:-1","max-image-preview":"max-image-preview:large","max-video-preview":"max-video-preview:-1"},"canonical":"https:\/\/kapitalis.com\/tunisie\/2020\/10\/20\/tunisie-les-avocats-du-blanchiment-dargent\/","og_locale":"fr_FR","og_type":"article","og_title":"Tunisie : Les avocats du blanchiment d\u2019argent - Kapitalis","og_description":"Ils s\u2019appellent Se\u00effeddine Makhlouf, Nabil Karoui, Rached Ghannouchi et Hichem Mechichi et ils se sont mobilis\u00e9s corps et \u00e2me pour faire passer le dangereux projet d\u2019amendement du d\u00e9cret-loi 116 du 2 novembre 2011 relatif \u00e0 la communication audiovisuelle. Si ce projet est adopt\u00e9, la Tunisie deviendra le paradis du blanchiment d\u2019argent dans l\u2019audiovisuel et la...","og_url":"https:\/\/kapitalis.com\/tunisie\/2020\/10\/20\/tunisie-les-avocats-du-blanchiment-dargent\/","og_site_name":"Kapitalis","article_publisher":"https:\/\/www.facebook.com\/KapitalisInfo\/","article_published_time":"2020-10-20T06:41:49+00:00","article_modified_time":"2020-10-20T06:41:56+00:00","og_image":[{"url":"http:\/\/kapitalis.com\/tunisie\/wp-content\/uploads\/2020\/09\/Mechichi-dejeuner-karoui-ghannouchi-makhlouf.jpg","type":"","width":"","height":""}],"author":"webmaster kapitalis","twitter_card":"summary_large_image","twitter_creator":"@KapitalisInfo","twitter_site":"@KapitalisInfo","twitter_misc":{"\u00c9crit par":"webmaster kapitalis","Dur\u00e9e de lecture estim\u00e9e":"6 minutes"},"schema":{"@context":"https:\/\/schema.org","@graph":[{"@type":"Article","@id":"https:\/\/kapitalis.com\/tunisie\/2020\/10\/20\/tunisie-les-avocats-du-blanchiment-dargent\/#article","isPartOf":{"@id":"https:\/\/kapitalis.com\/tunisie\/2020\/10\/20\/tunisie-les-avocats-du-blanchiment-dargent\/"},"author":{"name":"webmaster kapitalis","@id":"https:\/\/kapitalis.com\/tunisie\/#\/schema\/person\/d71f33a9ca44f7bad4698210b480c8e9"},"headline":"Tunisie : Les avocats du blanchiment d\u2019argent","datePublished":"2020-10-20T06:41:49+00:00","dateModified":"2020-10-20T06:41:56+00:00","mainEntityOfPage":{"@id":"https:\/\/kapitalis.com\/tunisie\/2020\/10\/20\/tunisie-les-avocats-du-blanchiment-dargent\/"},"wordCount":1116,"commentCount":2,"publisher":{"@id":"https:\/\/kapitalis.com\/tunisie\/#organization"},"image":{"@id":"https:\/\/kapitalis.com\/tunisie\/2020\/10\/20\/tunisie-les-avocats-du-blanchiment-dargent\/#primaryimage"},"thumbnailUrl":"http:\/\/kapitalis.com\/tunisie\/wp-content\/uploads\/2020\/09\/Mechichi-dejeuner-karoui-ghannouchi-makhlouf.jpg","keywords":["Al-Karama","Ennahdha","Haica","Hichem Snoussi","Nabil Karoui","Nessma","Qalb Tounes","Rached Ghannouchi","Seifeddine Makhlouf","Zitouna"],"articleSection":["A LA UNE","MEDIA","POLITIQUE"],"inLanguage":"fr-FR","potentialAction":[{"@type":"CommentAction","name":"Comment","target":["https:\/\/kapitalis.com\/tunisie\/2020\/10\/20\/tunisie-les-avocats-du-blanchiment-dargent\/#respond"]}]},{"@type":"WebPage","@id":"https:\/\/kapitalis.com\/tunisie\/2020\/10\/20\/tunisie-les-avocats-du-blanchiment-dargent\/","url":"https:\/\/kapitalis.com\/tunisie\/2020\/10\/20\/tunisie-les-avocats-du-blanchiment-dargent\/","name":"Tunisie : Les avocats du blanchiment d\u2019argent - Kapitalis","isPartOf":{"@id":"https:\/\/kapitalis.com\/tunisie\/#website"},"primaryImageOfPage":{"@id":"https:\/\/kapitalis.com\/tunisie\/2020\/10\/20\/tunisie-les-avocats-du-blanchiment-dargent\/#primaryimage"},"image":{"@id":"https:\/\/kapitalis.com\/tunisie\/2020\/10\/20\/tunisie-les-avocats-du-blanchiment-dargent\/#primaryimage"},"thumbnailUrl":"http:\/\/kapitalis.com\/tunisie\/wp-content\/uploads\/2020\/09\/Mechichi-dejeuner-karoui-ghannouchi-makhlouf.jpg","datePublished":"2020-10-20T06:41:49+00:00","dateModified":"2020-10-20T06:41:56+00:00","breadcrumb":{"@id":"https:\/\/kapitalis.com\/tunisie\/2020\/10\/20\/tunisie-les-avocats-du-blanchiment-dargent\/#breadcrumb"},"inLanguage":"fr-FR","potentialAction":[{"@type":"ReadAction","target":["https:\/\/kapitalis.com\/tunisie\/2020\/10\/20\/tunisie-les-avocats-du-blanchiment-dargent\/"]}]},{"@type":"ImageObject","inLanguage":"fr-FR","@id":"https:\/\/kapitalis.com\/tunisie\/2020\/10\/20\/tunisie-les-avocats-du-blanchiment-dargent\/#primaryimage","url":"","contentUrl":""},{"@type":"BreadcrumbList","@id":"https:\/\/kapitalis.com\/tunisie\/2020\/10\/20\/tunisie-les-avocats-du-blanchiment-dargent\/#breadcrumb","itemListElement":[{"@type":"ListItem","position":1,"name":"Accueil","item":"https:\/\/kapitalis.com\/tunisie\/"},{"@type":"ListItem","position":2,"name":"Tunisie : Les avocats du blanchiment d\u2019argent"}]},{"@type":"WebSite","@id":"https:\/\/kapitalis.com\/tunisie\/#website","url":"https:\/\/kapitalis.com\/tunisie\/","name":"Kapitalis","description":"L&#039;actualit\u00e9 en Tunisie et dans le monde","publisher":{"@id":"https:\/\/kapitalis.com\/tunisie\/#organization"},"potentialAction":[{"@type":"SearchAction","target":{"@type":"EntryPoint","urlTemplate":"https:\/\/kapitalis.com\/tunisie\/?s={search_term_string}"},"query-input":{"@type":"PropertyValueSpecification","valueRequired":true,"valueName":"search_term_string"}}],"inLanguage":"fr-FR"},{"@type":"Organization","@id":"https:\/\/kapitalis.com\/tunisie\/#organization","name":"Kapitalis","url":"https:\/\/kapitalis.com\/tunisie\/","logo":{"@type":"ImageObject","inLanguage":"fr-FR","@id":"https:\/\/kapitalis.com\/tunisie\/#\/schema\/logo\/image\/","url":"https:\/\/kapitalis.com\/tunisie\/wp-content\/uploads\/2022\/05\/Kapitalis-big-size.png","contentUrl":"https:\/\/kapitalis.com\/tunisie\/wp-content\/uploads\/2022\/05\/Kapitalis-big-size.png","width":5000,"height":1500,"caption":"Kapitalis"},"image":{"@id":"https:\/\/kapitalis.com\/tunisie\/#\/schema\/logo\/image\/"},"sameAs":["https:\/\/www.facebook.com\/KapitalisInfo\/","https:\/\/x.com\/KapitalisInfo","https:\/\/www.youtube.com\/channel\/UC-yDYrHyfFBWWZaOw3FPg9Q"]},{"@type":"Person","@id":"https:\/\/kapitalis.com\/tunisie\/#\/schema\/person\/d71f33a9ca44f7bad4698210b480c8e9","name":"webmaster kapitalis","url":"https:\/\/kapitalis.com\/tunisie\/author\/webmaster-kapitalis\/"}]}},"_links":{"self":[{"href":"https:\/\/kapitalis.com\/tunisie\/wp-json\/wp\/v2\/posts\/321173","targetHints":{"allow":["GET"]}}],"collection":[{"href":"https:\/\/kapitalis.com\/tunisie\/wp-json\/wp\/v2\/posts"}],"about":[{"href":"https:\/\/kapitalis.com\/tunisie\/wp-json\/wp\/v2\/types\/post"}],"author":[{"embeddable":true,"href":"https:\/\/kapitalis.com\/tunisie\/wp-json\/wp\/v2\/users\/8"}],"replies":[{"embeddable":true,"href":"https:\/\/kapitalis.com\/tunisie\/wp-json\/wp\/v2\/comments?post=321173"}],"version-history":[{"count":0,"href":"https:\/\/kapitalis.com\/tunisie\/wp-json\/wp\/v2\/posts\/321173\/revisions"}],"wp:attachment":[{"href":"https:\/\/kapitalis.com\/tunisie\/wp-json\/wp\/v2\/media?parent=321173"}],"wp:term":[{"taxonomy":"category","embeddable":true,"href":"https:\/\/kapitalis.com\/tunisie\/wp-json\/wp\/v2\/categories?post=321173"},{"taxonomy":"post_tag","embeddable":true,"href":"https:\/\/kapitalis.com\/tunisie\/wp-json\/wp\/v2\/tags?post=321173"}],"curies":[{"name":"wp","href":"https:\/\/api.w.org\/{rel}","templated":true}]}}