{"id":321605,"date":"2020-10-22T16:46:35","date_gmt":"2020-10-22T15:46:35","guid":{"rendered":"http:\/\/kapitalis.com\/tunisie\/?p=321605"},"modified":"2020-10-23T07:32:20","modified_gmt":"2020-10-23T06:32:20","slug":"hassouna-nasfi-dement-wadie-jary-le-bloc-de-la-reforme-ne-la-pas-propose-pour-la-presidence-du-gouvernement","status":"publish","type":"post","link":"https:\/\/kapitalis.com\/tunisie\/2020\/10\/22\/hassouna-nasfi-dement-wadie-jary-le-bloc-de-la-reforme-ne-la-pas-propose-pour-la-presidence-du-gouvernement\/","title":{"rendered":"Hassouna Nasfi d\u00e9ment Wadie Jary : \u00abLe Bloc de la r\u00e9forme ne l&rsquo;a pas propos\u00e9 pour la pr\u00e9sidence du gouvernement\u00bb"},"content":{"rendered":"\n<figure class=\"wp-block-image size-large\"><img decoding=\"async\" src=\"http:\/\/kapitalis.com\/tunisie\/wp-content\/uploads\/2020\/10\/nasfi-jary.jpg\" alt=\"\" class=\"wp-image-321614\"\/><\/figure>\n\n\n\n<p><strong><em>Le chef du Bloc de la r\u00e9forme nationale \u00e0 l&rsquo;Assembl\u00e9e des repr\u00e9sentants du peuple (ARP), Hassouna Nasfi, a d\u00e9menti, ce jeudi 22 octobre 2020, la d\u00e9claration r\u00e9cente du pr\u00e9sident de la F\u00e9d\u00e9ration tunisienne de football (FTF), Wadie Jary, selon laquelle le groupe parlementaire l&rsquo;avait propos\u00e9 au pr\u00e9sident de la r\u00e9publique pour succ\u00e9der \u00e0 Elyes Fakhfakh \u00e0 la t\u00eate du gouvernement.<\/em><\/strong><\/p>\n\n\n\n<!--more-->\n\n\n\n<p>Nasfi a d\u00e9clar\u00e9, sur les ondes de Mosa\u00efque FM, que le Bloc de la r\u00e9forme n&rsquo;a jamais propos\u00e9 Jary pour le poste de chef du gouvernement, et que le nom de ce dernier a simplement \u00e9t\u00e9 \u00e9voqu\u00e9 par certains d\u00e9put\u00e9s du bloc avant d&rsquo;\u00eatre rejet\u00e9.<\/p>\n\n\n\n<p>Nasfi a par ailleurs demand\u00e9 \u00e0 ce que son bloc ne soit pas m\u00eal\u00e9 aux querelles sportives que conna\u00eet le pays, appelant le pr\u00e9sident de la FTF \u00e0 \u00ab<em>r\u00e9soudre tout seul ses affaires internes<\/em>\u00bb.<\/p>\n\n\n\n<p><em>\u00abNous esp\u00e9rons que le pr\u00e9sident de la f\u00e9d\u00e9ration s&rsquo;\u00e9loigne de la politique et des blocs parlementaires\u00bb,<\/em> a-t-il encha\u00een\u00e9.<\/p>\n\n\n\n<p>Nasfi a, sur un autre plan, appel\u00e9 le pr\u00e9sident de la r\u00e9publique, Ka\u00efs Sa\u00efed, \u00e0 intervenir pour unifier la position tunisienne concernant la candidature \u00e0 la pr\u00e9sidence de la Conf\u00e9d\u00e9ration africaine de football (CAF) et mettre fin ainsi \u00e0 la concurrence entre Wadie Jary et Tarek Bouchamaoui, qui nuit \u00e0 l&rsquo;image de la Tunisie.<\/p>\n\n\n\n<p>On sait, cependant, que la Fifa interdit fermement aux gouvernements de se m\u00ealer des affaires footballistiques de leurs nations. Jary et Bouchamaoui devraient plut\u00f4t r\u00e9soudre ce probl\u00e8me, seuls, comme des grands.<\/p>\n\n\n\n<p class=\"has-text-align-right\"><strong>C. B. Y.<\/strong><\/p>\n","protected":false},"excerpt":{"rendered":"<p>Le chef du Bloc de la r\u00e9forme nationale \u00e0 l&rsquo;Assembl\u00e9e des repr\u00e9sentants du peuple (ARP), Hassouna Nasfi, a d\u00e9menti, ce jeudi 22 octobre 2020, la d\u00e9claration r\u00e9cente du pr\u00e9sident de la F\u00e9d\u00e9ration tunisienne de football (FTF), Wadie Jary, selon laquelle le groupe parlementaire l&rsquo;avait propos\u00e9 au pr\u00e9sident de la r\u00e9publique pour succ\u00e9der \u00e0 Elyes Fakhfakh&#8230;<\/p>\n","protected":false},"author":24,"featured_media":321614,"comment_status":"open","ping_status":"open","sticky":false,"template":"","format":"standard","meta":{"footnotes":""},"categories":[997,999,2433],"tags":[75598,176,382,5208,12461,40427],"class_list":["post-321605","post","type-post","status-publish","format-standard","has-post-thumbnail","hentry","category-politique","category-sport","category-tunisie","tag-bloc-de-la-reforme","tag-caf","tag-fifa","tag-ftf","tag-hassouna-nasfi","tag-tarek-bouchamaoui"],"yoast_head":"<!-- This site is optimized with the Yoast SEO plugin v26.6 - https:\/\/yoast.com\/wordpress\/plugins\/seo\/ -->\n<title>Hassouna Nasfi d\u00e9ment Wadie Jary : \u00abLe Bloc de la r\u00e9forme ne l&#039;a pas propos\u00e9 pour la pr\u00e9sidence du gouvernement\u00bb - Kapitalis<\/title>\n<meta name=\"robots\" content=\"index, follow, max-snippet:-1, max-image-preview:large, max-video-preview:-1\" \/>\n<link rel=\"canonical\" href=\"https:\/\/kapitalis.com\/tunisie\/2020\/10\/22\/hassouna-nasfi-dement-wadie-jary-le-bloc-de-la-reforme-ne-la-pas-propose-pour-la-presidence-du-gouvernement\/\" \/>\n<meta property=\"og:locale\" content=\"fr_FR\" \/>\n<meta property=\"og:type\" content=\"article\" \/>\n<meta property=\"og:title\" content=\"Hassouna Nasfi d\u00e9ment Wadie Jary : \u00abLe Bloc de la r\u00e9forme ne l&#039;a pas propos\u00e9 pour la pr\u00e9sidence du gouvernement\u00bb - Kapitalis\" \/>\n<meta property=\"og:description\" content=\"Le chef du Bloc de la r\u00e9forme nationale \u00e0 l&rsquo;Assembl\u00e9e des repr\u00e9sentants du peuple (ARP), Hassouna Nasfi, a d\u00e9menti, ce jeudi 22 octobre 2020, la d\u00e9claration r\u00e9cente du pr\u00e9sident de la F\u00e9d\u00e9ration tunisienne de football (FTF), Wadie Jary, selon laquelle le groupe parlementaire l&rsquo;avait propos\u00e9 au pr\u00e9sident de la r\u00e9publique pour succ\u00e9der \u00e0 Elyes Fakhfakh...\" \/>\n<meta property=\"og:url\" content=\"https:\/\/kapitalis.com\/tunisie\/2020\/10\/22\/hassouna-nasfi-dement-wadie-jary-le-bloc-de-la-reforme-ne-la-pas-propose-pour-la-presidence-du-gouvernement\/\" \/>\n<meta property=\"og:site_name\" content=\"Kapitalis\" \/>\n<meta property=\"article:publisher\" content=\"https:\/\/www.facebook.com\/KapitalisInfo\/\" \/>\n<meta property=\"article:published_time\" content=\"2020-10-22T15:46:35+00:00\" \/>\n<meta property=\"article:modified_time\" content=\"2020-10-23T06:32:20+00:00\" \/>\n<meta property=\"og:image\" content=\"https:\/\/kapitalis.com\/tunisie\/wp-content\/uploads\/2022\/05\/kapitalis-logo-fb.png\" \/>\n\t<meta property=\"og:image:width\" content=\"1200\" \/>\n\t<meta property=\"og:image:height\" content=\"630\" \/>\n\t<meta property=\"og:image:type\" content=\"image\/png\" \/>\n<meta name=\"author\" content=\"Cherif Benyounes\" \/>\n<meta name=\"twitter:card\" content=\"summary_large_image\" \/>\n<meta name=\"twitter:creator\" content=\"@KapitalisInfo\" \/>\n<meta name=\"twitter:site\" content=\"@KapitalisInfo\" \/>\n<meta name=\"twitter:label1\" content=\"\u00c9crit par\" \/>\n\t<meta name=\"twitter:data1\" content=\"Cherif Benyounes\" \/>\n\t<meta name=\"twitter:label2\" content=\"Dur\u00e9e de lecture estim\u00e9e\" \/>\n\t<meta name=\"twitter:data2\" content=\"1 minute\" \/>\n<script type=\"application\/ld+json\" class=\"yoast-schema-graph\">{\"@context\":\"https:\/\/schema.org\",\"@graph\":[{\"@type\":\"Article\",\"@id\":\"https:\/\/kapitalis.com\/tunisie\/2020\/10\/22\/hassouna-nasfi-dement-wadie-jary-le-bloc-de-la-reforme-ne-la-pas-propose-pour-la-presidence-du-gouvernement\/#article\",\"isPartOf\":{\"@id\":\"https:\/\/kapitalis.com\/tunisie\/2020\/10\/22\/hassouna-nasfi-dement-wadie-jary-le-bloc-de-la-reforme-ne-la-pas-propose-pour-la-presidence-du-gouvernement\/\"},\"author\":{\"name\":\"Cherif Benyounes\",\"@id\":\"https:\/\/kapitalis.com\/tunisie\/#\/schema\/person\/b35b8d631961131107263178aeb8019e\"},\"headline\":\"Hassouna Nasfi d\u00e9ment Wadie Jary : \u00abLe Bloc de la r\u00e9forme ne l&rsquo;a pas propos\u00e9 pour la pr\u00e9sidence du gouvernement\u00bb\",\"datePublished\":\"2020-10-22T15:46:35+00:00\",\"dateModified\":\"2020-10-23T06:32:20+00:00\",\"mainEntityOfPage\":{\"@id\":\"https:\/\/kapitalis.com\/tunisie\/2020\/10\/22\/hassouna-nasfi-dement-wadie-jary-le-bloc-de-la-reforme-ne-la-pas-propose-pour-la-presidence-du-gouvernement\/\"},\"wordCount\":296,\"commentCount\":1,\"publisher\":{\"@id\":\"https:\/\/kapitalis.com\/tunisie\/#organization\"},\"image\":{\"@id\":\"https:\/\/kapitalis.com\/tunisie\/2020\/10\/22\/hassouna-nasfi-dement-wadie-jary-le-bloc-de-la-reforme-ne-la-pas-propose-pour-la-presidence-du-gouvernement\/#primaryimage\"},\"thumbnailUrl\":\"\",\"keywords\":[\"bloc de la R\u00e9forme\",\"CAF\",\"Fifa\",\"FTF\",\"Hassouna NAsfi\",\"Tarek Bouchamaoui\"],\"articleSection\":[\"POLITIQUE\",\"SPORT\",\"Tunisie\"],\"inLanguage\":\"fr-FR\",\"potentialAction\":[{\"@type\":\"CommentAction\",\"name\":\"Comment\",\"target\":[\"https:\/\/kapitalis.com\/tunisie\/2020\/10\/22\/hassouna-nasfi-dement-wadie-jary-le-bloc-de-la-reforme-ne-la-pas-propose-pour-la-presidence-du-gouvernement\/#respond\"]}]},{\"@type\":\"WebPage\",\"@id\":\"https:\/\/kapitalis.com\/tunisie\/2020\/10\/22\/hassouna-nasfi-dement-wadie-jary-le-bloc-de-la-reforme-ne-la-pas-propose-pour-la-presidence-du-gouvernement\/\",\"url\":\"https:\/\/kapitalis.com\/tunisie\/2020\/10\/22\/hassouna-nasfi-dement-wadie-jary-le-bloc-de-la-reforme-ne-la-pas-propose-pour-la-presidence-du-gouvernement\/\",\"name\":\"Hassouna Nasfi d\u00e9ment Wadie Jary : \u00abLe Bloc de la r\u00e9forme ne l'a pas propos\u00e9 pour la pr\u00e9sidence du gouvernement\u00bb - Kapitalis\",\"isPartOf\":{\"@id\":\"https:\/\/kapitalis.com\/tunisie\/#website\"},\"primaryImageOfPage\":{\"@id\":\"https:\/\/kapitalis.com\/tunisie\/2020\/10\/22\/hassouna-nasfi-dement-wadie-jary-le-bloc-de-la-reforme-ne-la-pas-propose-pour-la-presidence-du-gouvernement\/#primaryimage\"},\"image\":{\"@id\":\"https:\/\/kapitalis.com\/tunisie\/2020\/10\/22\/hassouna-nasfi-dement-wadie-jary-le-bloc-de-la-reforme-ne-la-pas-propose-pour-la-presidence-du-gouvernement\/#primaryimage\"},\"thumbnailUrl\":\"\",\"datePublished\":\"2020-10-22T15:46:35+00:00\",\"dateModified\":\"2020-10-23T06:32:20+00:00\",\"breadcrumb\":{\"@id\":\"https:\/\/kapitalis.com\/tunisie\/2020\/10\/22\/hassouna-nasfi-dement-wadie-jary-le-bloc-de-la-reforme-ne-la-pas-propose-pour-la-presidence-du-gouvernement\/#breadcrumb\"},\"inLanguage\":\"fr-FR\",\"potentialAction\":[{\"@type\":\"ReadAction\",\"target\":[\"https:\/\/kapitalis.com\/tunisie\/2020\/10\/22\/hassouna-nasfi-dement-wadie-jary-le-bloc-de-la-reforme-ne-la-pas-propose-pour-la-presidence-du-gouvernement\/\"]}]},{\"@type\":\"ImageObject\",\"inLanguage\":\"fr-FR\",\"@id\":\"https:\/\/kapitalis.com\/tunisie\/2020\/10\/22\/hassouna-nasfi-dement-wadie-jary-le-bloc-de-la-reforme-ne-la-pas-propose-pour-la-presidence-du-gouvernement\/#primaryimage\",\"url\":\"\",\"contentUrl\":\"\"},{\"@type\":\"BreadcrumbList\",\"@id\":\"https:\/\/kapitalis.com\/tunisie\/2020\/10\/22\/hassouna-nasfi-dement-wadie-jary-le-bloc-de-la-reforme-ne-la-pas-propose-pour-la-presidence-du-gouvernement\/#breadcrumb\",\"itemListElement\":[{\"@type\":\"ListItem\",\"position\":1,\"name\":\"Accueil\",\"item\":\"https:\/\/kapitalis.com\/tunisie\/\"},{\"@type\":\"ListItem\",\"position\":2,\"name\":\"Hassouna Nasfi d\u00e9ment Wadie Jary : \u00abLe Bloc de la r\u00e9forme ne l&rsquo;a pas propos\u00e9 pour la pr\u00e9sidence du gouvernement\u00bb\"}]},{\"@type\":\"WebSite\",\"@id\":\"https:\/\/kapitalis.com\/tunisie\/#website\",\"url\":\"https:\/\/kapitalis.com\/tunisie\/\",\"name\":\"Kapitalis\",\"description\":\"L&#039;actualit\u00e9 en Tunisie et dans le monde\",\"publisher\":{\"@id\":\"https:\/\/kapitalis.com\/tunisie\/#organization\"},\"potentialAction\":[{\"@type\":\"SearchAction\",\"target\":{\"@type\":\"EntryPoint\",\"urlTemplate\":\"https:\/\/kapitalis.com\/tunisie\/?s={search_term_string}\"},\"query-input\":{\"@type\":\"PropertyValueSpecification\",\"valueRequired\":true,\"valueName\":\"search_term_string\"}}],\"inLanguage\":\"fr-FR\"},{\"@type\":\"Organization\",\"@id\":\"https:\/\/kapitalis.com\/tunisie\/#organization\",\"name\":\"Kapitalis\",\"url\":\"https:\/\/kapitalis.com\/tunisie\/\",\"logo\":{\"@type\":\"ImageObject\",\"inLanguage\":\"fr-FR\",\"@id\":\"https:\/\/kapitalis.com\/tunisie\/#\/schema\/logo\/image\/\",\"url\":\"https:\/\/kapitalis.com\/tunisie\/wp-content\/uploads\/2022\/05\/Kapitalis-big-size.png\",\"contentUrl\":\"https:\/\/kapitalis.com\/tunisie\/wp-content\/uploads\/2022\/05\/Kapitalis-big-size.png\",\"width\":5000,\"height\":1500,\"caption\":\"Kapitalis\"},\"image\":{\"@id\":\"https:\/\/kapitalis.com\/tunisie\/#\/schema\/logo\/image\/\"},\"sameAs\":[\"https:\/\/www.facebook.com\/KapitalisInfo\/\",\"https:\/\/x.com\/KapitalisInfo\",\"https:\/\/www.youtube.com\/channel\/UC-yDYrHyfFBWWZaOw3FPg9Q\"]},{\"@type\":\"Person\",\"@id\":\"https:\/\/kapitalis.com\/tunisie\/#\/schema\/person\/b35b8d631961131107263178aeb8019e\",\"name\":\"Cherif Benyounes\",\"url\":\"https:\/\/kapitalis.com\/tunisie\/author\/cherif\/\"}]}<\/script>\n<!-- \/ Yoast SEO plugin. -->","yoast_head_json":{"title":"Hassouna Nasfi d\u00e9ment Wadie Jary : \u00abLe Bloc de la r\u00e9forme ne l'a pas propos\u00e9 pour la pr\u00e9sidence du gouvernement\u00bb - Kapitalis","robots":{"index":"index","follow":"follow","max-snippet":"max-snippet:-1","max-image-preview":"max-image-preview:large","max-video-preview":"max-video-preview:-1"},"canonical":"https:\/\/kapitalis.com\/tunisie\/2020\/10\/22\/hassouna-nasfi-dement-wadie-jary-le-bloc-de-la-reforme-ne-la-pas-propose-pour-la-presidence-du-gouvernement\/","og_locale":"fr_FR","og_type":"article","og_title":"Hassouna Nasfi d\u00e9ment Wadie Jary : \u00abLe Bloc de la r\u00e9forme ne l'a pas propos\u00e9 pour la pr\u00e9sidence du gouvernement\u00bb - Kapitalis","og_description":"Le chef du Bloc de la r\u00e9forme nationale \u00e0 l&rsquo;Assembl\u00e9e des repr\u00e9sentants du peuple (ARP), Hassouna Nasfi, a d\u00e9menti, ce jeudi 22 octobre 2020, la d\u00e9claration r\u00e9cente du pr\u00e9sident de la F\u00e9d\u00e9ration tunisienne de football (FTF), Wadie Jary, selon laquelle le groupe parlementaire l&rsquo;avait propos\u00e9 au pr\u00e9sident de la r\u00e9publique pour succ\u00e9der \u00e0 Elyes Fakhfakh...","og_url":"https:\/\/kapitalis.com\/tunisie\/2020\/10\/22\/hassouna-nasfi-dement-wadie-jary-le-bloc-de-la-reforme-ne-la-pas-propose-pour-la-presidence-du-gouvernement\/","og_site_name":"Kapitalis","article_publisher":"https:\/\/www.facebook.com\/KapitalisInfo\/","article_published_time":"2020-10-22T15:46:35+00:00","article_modified_time":"2020-10-23T06:32:20+00:00","og_image":[{"width":1200,"height":630,"url":"https:\/\/kapitalis.com\/tunisie\/wp-content\/uploads\/2022\/05\/kapitalis-logo-fb.png","type":"image\/png"}],"author":"Cherif Benyounes","twitter_card":"summary_large_image","twitter_creator":"@KapitalisInfo","twitter_site":"@KapitalisInfo","twitter_misc":{"\u00c9crit par":"Cherif Benyounes","Dur\u00e9e de lecture estim\u00e9e":"1 minute"},"schema":{"@context":"https:\/\/schema.org","@graph":[{"@type":"Article","@id":"https:\/\/kapitalis.com\/tunisie\/2020\/10\/22\/hassouna-nasfi-dement-wadie-jary-le-bloc-de-la-reforme-ne-la-pas-propose-pour-la-presidence-du-gouvernement\/#article","isPartOf":{"@id":"https:\/\/kapitalis.com\/tunisie\/2020\/10\/22\/hassouna-nasfi-dement-wadie-jary-le-bloc-de-la-reforme-ne-la-pas-propose-pour-la-presidence-du-gouvernement\/"},"author":{"name":"Cherif Benyounes","@id":"https:\/\/kapitalis.com\/tunisie\/#\/schema\/person\/b35b8d631961131107263178aeb8019e"},"headline":"Hassouna Nasfi d\u00e9ment Wadie Jary : \u00abLe Bloc de la r\u00e9forme ne l&rsquo;a pas propos\u00e9 pour la pr\u00e9sidence du gouvernement\u00bb","datePublished":"2020-10-22T15:46:35+00:00","dateModified":"2020-10-23T06:32:20+00:00","mainEntityOfPage":{"@id":"https:\/\/kapitalis.com\/tunisie\/2020\/10\/22\/hassouna-nasfi-dement-wadie-jary-le-bloc-de-la-reforme-ne-la-pas-propose-pour-la-presidence-du-gouvernement\/"},"wordCount":296,"commentCount":1,"publisher":{"@id":"https:\/\/kapitalis.com\/tunisie\/#organization"},"image":{"@id":"https:\/\/kapitalis.com\/tunisie\/2020\/10\/22\/hassouna-nasfi-dement-wadie-jary-le-bloc-de-la-reforme-ne-la-pas-propose-pour-la-presidence-du-gouvernement\/#primaryimage"},"thumbnailUrl":"","keywords":["bloc de la R\u00e9forme","CAF","Fifa","FTF","Hassouna NAsfi","Tarek Bouchamaoui"],"articleSection":["POLITIQUE","SPORT","Tunisie"],"inLanguage":"fr-FR","potentialAction":[{"@type":"CommentAction","name":"Comment","target":["https:\/\/kapitalis.com\/tunisie\/2020\/10\/22\/hassouna-nasfi-dement-wadie-jary-le-bloc-de-la-reforme-ne-la-pas-propose-pour-la-presidence-du-gouvernement\/#respond"]}]},{"@type":"WebPage","@id":"https:\/\/kapitalis.com\/tunisie\/2020\/10\/22\/hassouna-nasfi-dement-wadie-jary-le-bloc-de-la-reforme-ne-la-pas-propose-pour-la-presidence-du-gouvernement\/","url":"https:\/\/kapitalis.com\/tunisie\/2020\/10\/22\/hassouna-nasfi-dement-wadie-jary-le-bloc-de-la-reforme-ne-la-pas-propose-pour-la-presidence-du-gouvernement\/","name":"Hassouna Nasfi d\u00e9ment Wadie Jary : \u00abLe Bloc de la r\u00e9forme ne l'a pas propos\u00e9 pour la pr\u00e9sidence du gouvernement\u00bb - Kapitalis","isPartOf":{"@id":"https:\/\/kapitalis.com\/tunisie\/#website"},"primaryImageOfPage":{"@id":"https:\/\/kapitalis.com\/tunisie\/2020\/10\/22\/hassouna-nasfi-dement-wadie-jary-le-bloc-de-la-reforme-ne-la-pas-propose-pour-la-presidence-du-gouvernement\/#primaryimage"},"image":{"@id":"https:\/\/kapitalis.com\/tunisie\/2020\/10\/22\/hassouna-nasfi-dement-wadie-jary-le-bloc-de-la-reforme-ne-la-pas-propose-pour-la-presidence-du-gouvernement\/#primaryimage"},"thumbnailUrl":"","datePublished":"2020-10-22T15:46:35+00:00","dateModified":"2020-10-23T06:32:20+00:00","breadcrumb":{"@id":"https:\/\/kapitalis.com\/tunisie\/2020\/10\/22\/hassouna-nasfi-dement-wadie-jary-le-bloc-de-la-reforme-ne-la-pas-propose-pour-la-presidence-du-gouvernement\/#breadcrumb"},"inLanguage":"fr-FR","potentialAction":[{"@type":"ReadAction","target":["https:\/\/kapitalis.com\/tunisie\/2020\/10\/22\/hassouna-nasfi-dement-wadie-jary-le-bloc-de-la-reforme-ne-la-pas-propose-pour-la-presidence-du-gouvernement\/"]}]},{"@type":"ImageObject","inLanguage":"fr-FR","@id":"https:\/\/kapitalis.com\/tunisie\/2020\/10\/22\/hassouna-nasfi-dement-wadie-jary-le-bloc-de-la-reforme-ne-la-pas-propose-pour-la-presidence-du-gouvernement\/#primaryimage","url":"","contentUrl":""},{"@type":"BreadcrumbList","@id":"https:\/\/kapitalis.com\/tunisie\/2020\/10\/22\/hassouna-nasfi-dement-wadie-jary-le-bloc-de-la-reforme-ne-la-pas-propose-pour-la-presidence-du-gouvernement\/#breadcrumb","itemListElement":[{"@type":"ListItem","position":1,"name":"Accueil","item":"https:\/\/kapitalis.com\/tunisie\/"},{"@type":"ListItem","position":2,"name":"Hassouna Nasfi d\u00e9ment Wadie Jary : \u00abLe Bloc de la r\u00e9forme ne l&rsquo;a pas propos\u00e9 pour la pr\u00e9sidence du gouvernement\u00bb"}]},{"@type":"WebSite","@id":"https:\/\/kapitalis.com\/tunisie\/#website","url":"https:\/\/kapitalis.com\/tunisie\/","name":"Kapitalis","description":"L&#039;actualit\u00e9 en Tunisie et dans le monde","publisher":{"@id":"https:\/\/kapitalis.com\/tunisie\/#organization"},"potentialAction":[{"@type":"SearchAction","target":{"@type":"EntryPoint","urlTemplate":"https:\/\/kapitalis.com\/tunisie\/?s={search_term_string}"},"query-input":{"@type":"PropertyValueSpecification","valueRequired":true,"valueName":"search_term_string"}}],"inLanguage":"fr-FR"},{"@type":"Organization","@id":"https:\/\/kapitalis.com\/tunisie\/#organization","name":"Kapitalis","url":"https:\/\/kapitalis.com\/tunisie\/","logo":{"@type":"ImageObject","inLanguage":"fr-FR","@id":"https:\/\/kapitalis.com\/tunisie\/#\/schema\/logo\/image\/","url":"https:\/\/kapitalis.com\/tunisie\/wp-content\/uploads\/2022\/05\/Kapitalis-big-size.png","contentUrl":"https:\/\/kapitalis.com\/tunisie\/wp-content\/uploads\/2022\/05\/Kapitalis-big-size.png","width":5000,"height":1500,"caption":"Kapitalis"},"image":{"@id":"https:\/\/kapitalis.com\/tunisie\/#\/schema\/logo\/image\/"},"sameAs":["https:\/\/www.facebook.com\/KapitalisInfo\/","https:\/\/x.com\/KapitalisInfo","https:\/\/www.youtube.com\/channel\/UC-yDYrHyfFBWWZaOw3FPg9Q"]},{"@type":"Person","@id":"https:\/\/kapitalis.com\/tunisie\/#\/schema\/person\/b35b8d631961131107263178aeb8019e","name":"Cherif Benyounes","url":"https:\/\/kapitalis.com\/tunisie\/author\/cherif\/"}]}},"_links":{"self":[{"href":"https:\/\/kapitalis.com\/tunisie\/wp-json\/wp\/v2\/posts\/321605","targetHints":{"allow":["GET"]}}],"collection":[{"href":"https:\/\/kapitalis.com\/tunisie\/wp-json\/wp\/v2\/posts"}],"about":[{"href":"https:\/\/kapitalis.com\/tunisie\/wp-json\/wp\/v2\/types\/post"}],"author":[{"embeddable":true,"href":"https:\/\/kapitalis.com\/tunisie\/wp-json\/wp\/v2\/users\/24"}],"replies":[{"embeddable":true,"href":"https:\/\/kapitalis.com\/tunisie\/wp-json\/wp\/v2\/comments?post=321605"}],"version-history":[{"count":0,"href":"https:\/\/kapitalis.com\/tunisie\/wp-json\/wp\/v2\/posts\/321605\/revisions"}],"wp:featuredmedia":[{"embeddable":true,"href":"https:\/\/kapitalis.com\/tunisie\/wp-json\/wp\/v2\/media\/321614"}],"wp:attachment":[{"href":"https:\/\/kapitalis.com\/tunisie\/wp-json\/wp\/v2\/media?parent=321605"}],"wp:term":[{"taxonomy":"category","embeddable":true,"href":"https:\/\/kapitalis.com\/tunisie\/wp-json\/wp\/v2\/categories?post=321605"},{"taxonomy":"post_tag","embeddable":true,"href":"https:\/\/kapitalis.com\/tunisie\/wp-json\/wp\/v2\/tags?post=321605"}],"curies":[{"name":"wp","href":"https:\/\/api.w.org\/{rel}","templated":true}]}}