{"id":321728,"date":"2020-10-23T12:02:58","date_gmt":"2020-10-23T11:02:58","guid":{"rendered":"http:\/\/kapitalis.com\/tunisie\/?p=321728"},"modified":"2020-10-23T12:06:04","modified_gmt":"2020-10-23T11:06:04","slug":"le-kef-abrite-lolympiade-du-klim-artistique","status":"publish","type":"post","link":"https:\/\/kapitalis.com\/tunisie\/2020\/10\/23\/le-kef-abrite-lolympiade-du-klim-artistique\/","title":{"rendered":"Le Kef abrite l\u2019Olympiade du klim artistique"},"content":{"rendered":"\n<figure class=\"wp-block-image size-large\"><img decoding=\"async\" src=\"http:\/\/kapitalis.com\/tunisie\/wp-content\/uploads\/2020\/10\/Olympiade-de-Klim-Kefois.jpg\" alt=\"\" class=\"wp-image-321730\"\/><\/figure>\n\n\n\n<p><strong><em>L\u2019<\/em><\/strong><em><strong>Office national de l\u2019artisanat<\/strong><\/em><strong><em> (ONA) organise pour la premi\u00e8re fois, du 28 au 28 octobre 2020, un concours r\u00e9gional de l\u2019authenticit\u00e9, sous le titre \u00abL\u2019Olympiade du klim keffois\u00bb.<\/em><\/strong><\/p>\n\n\n\n<!--more-->\n\n\n\n<p>Cette comp\u00e9tition professionnelle, qui organis\u00e9e pour la premi\u00e8re fois \u00e0 l\u2019\u00e9chelle r\u00e9gionale, permettra la valorisation de ce produit tant au niveau de l\u2019authenticit\u00e9 qu\u2019\u00e0 celui de la qualit\u00e9. Elle permettra \u00e9galement de d\u00e9couvrir les artisanes ayant un haut niveau technique et qui peuvent ainsi contribuer \u00e0 la r\u00e9alisation des actions futures de formation, d\u2019apprentissage et d\u2019encadrement technique programm\u00e9es dans la sp\u00e9cialit\u00e9.<\/p>\n\n\n\n<p>L\u2019olympiade vise \u00e9galement \u00e0 accro\u00eetre l\u2019attractivit\u00e9 de ce produit pour les professionnels, les jeunes promoteurs, les cr\u00e9ateurs et les investisseurs.<\/p>\n\n\n\n<p>Des interventions qualitatives visant essentiellement le d\u00e9veloppement d\u2019une nouvelle gamme de kilim appel\u00e9e Kilim Keffois, \u00e0 la fois authentique, moderne et diversifi\u00e9e port\u00e9e par une valeur artistique et un ancrage culturel. Il s\u2019git de mieux positionner le kilim sur les march\u00e9s national et international.<\/p>\n\n\n\n<p>Cet \u00e9v\u00e9nement, qui se tiendra sous le patronage de Habib Ammar, ministre du Tourisme, sera inaugur\u00e9 le lundi 26 octobre, \u00e0 partir de 10 heures. Il pr\u00e9voit un concours et une c\u00e9r\u00e9monie de remise des prix. Au programme aussi une visite du village artisanal et la projection d\u2019un film documentaire r\u00e9alis\u00e9 pour l\u2019occasion.<\/p>\n\n\n\n<p>L\u2019ONA a \u00e9galement l&rsquo;intention d&rsquo;organiser d&rsquo;autres sessions prometteuses dans un certain nombre de r\u00e9gions de la r\u00e9publique o\u00f9 cette activit\u00e9 artisanale est d\u00e9velopp\u00e9e et occupe des dizaines de milliers d\u2019artisanes.<\/p>\n\n\n\n<p><strong><em>Source<\/em><\/strong> : communiqu\u00e9. <\/p>\n","protected":false},"excerpt":{"rendered":"<p>L\u2019Office national de l\u2019artisanat (ONA) organise pour la premi\u00e8re fois, du 28 au 28 octobre 2020, un concours r\u00e9gional de l\u2019authenticit\u00e9, sous le titre \u00abL\u2019Olympiade du klim keffois\u00bb.<\/p>\n","protected":false},"author":8,"featured_media":321730,"comment_status":"open","ping_status":"open","sticky":false,"template":"","format":"standard","meta":{"footnotes":""},"categories":[994,2433],"tags":[3773,84105,80431,84104],"class_list":["post-321728","post","type-post","status-publish","format-standard","has-post-thumbnail","hentry","category-culture","category-tunisie","tag-habib-ammar","tag-kilim-artistique","tag-office-national-de-lartisanat-2","tag-olympiade-du-klim-keffois"],"yoast_head":"<!-- This site is optimized with the Yoast SEO plugin v26.6 - https:\/\/yoast.com\/wordpress\/plugins\/seo\/ -->\n<title>Le Kef abrite l\u2019Olympiade du klim artistique - Kapitalis<\/title>\n<meta name=\"robots\" content=\"index, follow, max-snippet:-1, max-image-preview:large, max-video-preview:-1\" \/>\n<link rel=\"canonical\" href=\"https:\/\/kapitalis.com\/tunisie\/2020\/10\/23\/le-kef-abrite-lolympiade-du-klim-artistique\/\" \/>\n<meta property=\"og:locale\" content=\"fr_FR\" \/>\n<meta property=\"og:type\" content=\"article\" \/>\n<meta property=\"og:title\" content=\"Le Kef abrite l\u2019Olympiade du klim artistique - Kapitalis\" \/>\n<meta property=\"og:description\" content=\"L\u2019Office national de l\u2019artisanat (ONA) organise pour la premi\u00e8re fois, du 28 au 28 octobre 2020, un concours r\u00e9gional de l\u2019authenticit\u00e9, sous le titre \u00abL\u2019Olympiade du klim keffois\u00bb.\" \/>\n<meta property=\"og:url\" content=\"https:\/\/kapitalis.com\/tunisie\/2020\/10\/23\/le-kef-abrite-lolympiade-du-klim-artistique\/\" \/>\n<meta property=\"og:site_name\" content=\"Kapitalis\" \/>\n<meta property=\"article:publisher\" content=\"https:\/\/www.facebook.com\/KapitalisInfo\/\" \/>\n<meta property=\"article:published_time\" content=\"2020-10-23T11:02:58+00:00\" \/>\n<meta property=\"article:modified_time\" content=\"2020-10-23T11:06:04+00:00\" \/>\n<meta property=\"og:image\" content=\"https:\/\/kapitalis.com\/tunisie\/wp-content\/uploads\/2022\/05\/kapitalis-logo-fb.png\" \/>\n\t<meta property=\"og:image:width\" content=\"1200\" \/>\n\t<meta property=\"og:image:height\" content=\"630\" \/>\n\t<meta property=\"og:image:type\" content=\"image\/png\" \/>\n<meta name=\"author\" content=\"webmaster kapitalis\" \/>\n<meta name=\"twitter:card\" content=\"summary_large_image\" \/>\n<meta name=\"twitter:creator\" content=\"@KapitalisInfo\" \/>\n<meta name=\"twitter:site\" content=\"@KapitalisInfo\" \/>\n<meta name=\"twitter:label1\" content=\"\u00c9crit par\" \/>\n\t<meta name=\"twitter:data1\" content=\"webmaster kapitalis\" \/>\n\t<meta name=\"twitter:label2\" content=\"Dur\u00e9e de lecture estim\u00e9e\" \/>\n\t<meta name=\"twitter:data2\" content=\"1 minute\" \/>\n<script type=\"application\/ld+json\" class=\"yoast-schema-graph\">{\"@context\":\"https:\/\/schema.org\",\"@graph\":[{\"@type\":\"Article\",\"@id\":\"https:\/\/kapitalis.com\/tunisie\/2020\/10\/23\/le-kef-abrite-lolympiade-du-klim-artistique\/#article\",\"isPartOf\":{\"@id\":\"https:\/\/kapitalis.com\/tunisie\/2020\/10\/23\/le-kef-abrite-lolympiade-du-klim-artistique\/\"},\"author\":{\"name\":\"webmaster kapitalis\",\"@id\":\"https:\/\/kapitalis.com\/tunisie\/#\/schema\/person\/d71f33a9ca44f7bad4698210b480c8e9\"},\"headline\":\"Le Kef abrite l\u2019Olympiade du klim artistique\",\"datePublished\":\"2020-10-23T11:02:58+00:00\",\"dateModified\":\"2020-10-23T11:06:04+00:00\",\"mainEntityOfPage\":{\"@id\":\"https:\/\/kapitalis.com\/tunisie\/2020\/10\/23\/le-kef-abrite-lolympiade-du-klim-artistique\/\"},\"wordCount\":278,\"commentCount\":0,\"publisher\":{\"@id\":\"https:\/\/kapitalis.com\/tunisie\/#organization\"},\"image\":{\"@id\":\"https:\/\/kapitalis.com\/tunisie\/2020\/10\/23\/le-kef-abrite-lolympiade-du-klim-artistique\/#primaryimage\"},\"thumbnailUrl\":\"\",\"keywords\":[\"Habib Ammar\",\"kilim artistique\",\"Office national de l\u2019artisanat\",\"Olympiade du klim keffois\"],\"articleSection\":[\"CULTURE\",\"Tunisie\"],\"inLanguage\":\"fr-FR\",\"potentialAction\":[{\"@type\":\"CommentAction\",\"name\":\"Comment\",\"target\":[\"https:\/\/kapitalis.com\/tunisie\/2020\/10\/23\/le-kef-abrite-lolympiade-du-klim-artistique\/#respond\"]}]},{\"@type\":\"WebPage\",\"@id\":\"https:\/\/kapitalis.com\/tunisie\/2020\/10\/23\/le-kef-abrite-lolympiade-du-klim-artistique\/\",\"url\":\"https:\/\/kapitalis.com\/tunisie\/2020\/10\/23\/le-kef-abrite-lolympiade-du-klim-artistique\/\",\"name\":\"Le Kef abrite l\u2019Olympiade du klim artistique - Kapitalis\",\"isPartOf\":{\"@id\":\"https:\/\/kapitalis.com\/tunisie\/#website\"},\"primaryImageOfPage\":{\"@id\":\"https:\/\/kapitalis.com\/tunisie\/2020\/10\/23\/le-kef-abrite-lolympiade-du-klim-artistique\/#primaryimage\"},\"image\":{\"@id\":\"https:\/\/kapitalis.com\/tunisie\/2020\/10\/23\/le-kef-abrite-lolympiade-du-klim-artistique\/#primaryimage\"},\"thumbnailUrl\":\"\",\"datePublished\":\"2020-10-23T11:02:58+00:00\",\"dateModified\":\"2020-10-23T11:06:04+00:00\",\"breadcrumb\":{\"@id\":\"https:\/\/kapitalis.com\/tunisie\/2020\/10\/23\/le-kef-abrite-lolympiade-du-klim-artistique\/#breadcrumb\"},\"inLanguage\":\"fr-FR\",\"potentialAction\":[{\"@type\":\"ReadAction\",\"target\":[\"https:\/\/kapitalis.com\/tunisie\/2020\/10\/23\/le-kef-abrite-lolympiade-du-klim-artistique\/\"]}]},{\"@type\":\"ImageObject\",\"inLanguage\":\"fr-FR\",\"@id\":\"https:\/\/kapitalis.com\/tunisie\/2020\/10\/23\/le-kef-abrite-lolympiade-du-klim-artistique\/#primaryimage\",\"url\":\"\",\"contentUrl\":\"\"},{\"@type\":\"BreadcrumbList\",\"@id\":\"https:\/\/kapitalis.com\/tunisie\/2020\/10\/23\/le-kef-abrite-lolympiade-du-klim-artistique\/#breadcrumb\",\"itemListElement\":[{\"@type\":\"ListItem\",\"position\":1,\"name\":\"Accueil\",\"item\":\"https:\/\/kapitalis.com\/tunisie\/\"},{\"@type\":\"ListItem\",\"position\":2,\"name\":\"Le Kef abrite l\u2019Olympiade du klim artistique\"}]},{\"@type\":\"WebSite\",\"@id\":\"https:\/\/kapitalis.com\/tunisie\/#website\",\"url\":\"https:\/\/kapitalis.com\/tunisie\/\",\"name\":\"Kapitalis\",\"description\":\"L&#039;actualit\u00e9 en Tunisie et dans le monde\",\"publisher\":{\"@id\":\"https:\/\/kapitalis.com\/tunisie\/#organization\"},\"potentialAction\":[{\"@type\":\"SearchAction\",\"target\":{\"@type\":\"EntryPoint\",\"urlTemplate\":\"https:\/\/kapitalis.com\/tunisie\/?s={search_term_string}\"},\"query-input\":{\"@type\":\"PropertyValueSpecification\",\"valueRequired\":true,\"valueName\":\"search_term_string\"}}],\"inLanguage\":\"fr-FR\"},{\"@type\":\"Organization\",\"@id\":\"https:\/\/kapitalis.com\/tunisie\/#organization\",\"name\":\"Kapitalis\",\"url\":\"https:\/\/kapitalis.com\/tunisie\/\",\"logo\":{\"@type\":\"ImageObject\",\"inLanguage\":\"fr-FR\",\"@id\":\"https:\/\/kapitalis.com\/tunisie\/#\/schema\/logo\/image\/\",\"url\":\"https:\/\/kapitalis.com\/tunisie\/wp-content\/uploads\/2022\/05\/Kapitalis-big-size.png\",\"contentUrl\":\"https:\/\/kapitalis.com\/tunisie\/wp-content\/uploads\/2022\/05\/Kapitalis-big-size.png\",\"width\":5000,\"height\":1500,\"caption\":\"Kapitalis\"},\"image\":{\"@id\":\"https:\/\/kapitalis.com\/tunisie\/#\/schema\/logo\/image\/\"},\"sameAs\":[\"https:\/\/www.facebook.com\/KapitalisInfo\/\",\"https:\/\/x.com\/KapitalisInfo\",\"https:\/\/www.youtube.com\/channel\/UC-yDYrHyfFBWWZaOw3FPg9Q\"]},{\"@type\":\"Person\",\"@id\":\"https:\/\/kapitalis.com\/tunisie\/#\/schema\/person\/d71f33a9ca44f7bad4698210b480c8e9\",\"name\":\"webmaster kapitalis\",\"url\":\"https:\/\/kapitalis.com\/tunisie\/author\/webmaster-kapitalis\/\"}]}<\/script>\n<!-- \/ Yoast SEO plugin. -->","yoast_head_json":{"title":"Le Kef abrite l\u2019Olympiade du klim artistique - Kapitalis","robots":{"index":"index","follow":"follow","max-snippet":"max-snippet:-1","max-image-preview":"max-image-preview:large","max-video-preview":"max-video-preview:-1"},"canonical":"https:\/\/kapitalis.com\/tunisie\/2020\/10\/23\/le-kef-abrite-lolympiade-du-klim-artistique\/","og_locale":"fr_FR","og_type":"article","og_title":"Le Kef abrite l\u2019Olympiade du klim artistique - Kapitalis","og_description":"L\u2019Office national de l\u2019artisanat (ONA) organise pour la premi\u00e8re fois, du 28 au 28 octobre 2020, un concours r\u00e9gional de l\u2019authenticit\u00e9, sous le titre \u00abL\u2019Olympiade du klim keffois\u00bb.","og_url":"https:\/\/kapitalis.com\/tunisie\/2020\/10\/23\/le-kef-abrite-lolympiade-du-klim-artistique\/","og_site_name":"Kapitalis","article_publisher":"https:\/\/www.facebook.com\/KapitalisInfo\/","article_published_time":"2020-10-23T11:02:58+00:00","article_modified_time":"2020-10-23T11:06:04+00:00","og_image":[{"width":1200,"height":630,"url":"https:\/\/kapitalis.com\/tunisie\/wp-content\/uploads\/2022\/05\/kapitalis-logo-fb.png","type":"image\/png"}],"author":"webmaster kapitalis","twitter_card":"summary_large_image","twitter_creator":"@KapitalisInfo","twitter_site":"@KapitalisInfo","twitter_misc":{"\u00c9crit par":"webmaster kapitalis","Dur\u00e9e de lecture estim\u00e9e":"1 minute"},"schema":{"@context":"https:\/\/schema.org","@graph":[{"@type":"Article","@id":"https:\/\/kapitalis.com\/tunisie\/2020\/10\/23\/le-kef-abrite-lolympiade-du-klim-artistique\/#article","isPartOf":{"@id":"https:\/\/kapitalis.com\/tunisie\/2020\/10\/23\/le-kef-abrite-lolympiade-du-klim-artistique\/"},"author":{"name":"webmaster kapitalis","@id":"https:\/\/kapitalis.com\/tunisie\/#\/schema\/person\/d71f33a9ca44f7bad4698210b480c8e9"},"headline":"Le Kef abrite l\u2019Olympiade du klim artistique","datePublished":"2020-10-23T11:02:58+00:00","dateModified":"2020-10-23T11:06:04+00:00","mainEntityOfPage":{"@id":"https:\/\/kapitalis.com\/tunisie\/2020\/10\/23\/le-kef-abrite-lolympiade-du-klim-artistique\/"},"wordCount":278,"commentCount":0,"publisher":{"@id":"https:\/\/kapitalis.com\/tunisie\/#organization"},"image":{"@id":"https:\/\/kapitalis.com\/tunisie\/2020\/10\/23\/le-kef-abrite-lolympiade-du-klim-artistique\/#primaryimage"},"thumbnailUrl":"","keywords":["Habib Ammar","kilim artistique","Office national de l\u2019artisanat","Olympiade du klim keffois"],"articleSection":["CULTURE","Tunisie"],"inLanguage":"fr-FR","potentialAction":[{"@type":"CommentAction","name":"Comment","target":["https:\/\/kapitalis.com\/tunisie\/2020\/10\/23\/le-kef-abrite-lolympiade-du-klim-artistique\/#respond"]}]},{"@type":"WebPage","@id":"https:\/\/kapitalis.com\/tunisie\/2020\/10\/23\/le-kef-abrite-lolympiade-du-klim-artistique\/","url":"https:\/\/kapitalis.com\/tunisie\/2020\/10\/23\/le-kef-abrite-lolympiade-du-klim-artistique\/","name":"Le Kef abrite l\u2019Olympiade du klim artistique - Kapitalis","isPartOf":{"@id":"https:\/\/kapitalis.com\/tunisie\/#website"},"primaryImageOfPage":{"@id":"https:\/\/kapitalis.com\/tunisie\/2020\/10\/23\/le-kef-abrite-lolympiade-du-klim-artistique\/#primaryimage"},"image":{"@id":"https:\/\/kapitalis.com\/tunisie\/2020\/10\/23\/le-kef-abrite-lolympiade-du-klim-artistique\/#primaryimage"},"thumbnailUrl":"","datePublished":"2020-10-23T11:02:58+00:00","dateModified":"2020-10-23T11:06:04+00:00","breadcrumb":{"@id":"https:\/\/kapitalis.com\/tunisie\/2020\/10\/23\/le-kef-abrite-lolympiade-du-klim-artistique\/#breadcrumb"},"inLanguage":"fr-FR","potentialAction":[{"@type":"ReadAction","target":["https:\/\/kapitalis.com\/tunisie\/2020\/10\/23\/le-kef-abrite-lolympiade-du-klim-artistique\/"]}]},{"@type":"ImageObject","inLanguage":"fr-FR","@id":"https:\/\/kapitalis.com\/tunisie\/2020\/10\/23\/le-kef-abrite-lolympiade-du-klim-artistique\/#primaryimage","url":"","contentUrl":""},{"@type":"BreadcrumbList","@id":"https:\/\/kapitalis.com\/tunisie\/2020\/10\/23\/le-kef-abrite-lolympiade-du-klim-artistique\/#breadcrumb","itemListElement":[{"@type":"ListItem","position":1,"name":"Accueil","item":"https:\/\/kapitalis.com\/tunisie\/"},{"@type":"ListItem","position":2,"name":"Le Kef abrite l\u2019Olympiade du klim artistique"}]},{"@type":"WebSite","@id":"https:\/\/kapitalis.com\/tunisie\/#website","url":"https:\/\/kapitalis.com\/tunisie\/","name":"Kapitalis","description":"L&#039;actualit\u00e9 en Tunisie et dans le monde","publisher":{"@id":"https:\/\/kapitalis.com\/tunisie\/#organization"},"potentialAction":[{"@type":"SearchAction","target":{"@type":"EntryPoint","urlTemplate":"https:\/\/kapitalis.com\/tunisie\/?s={search_term_string}"},"query-input":{"@type":"PropertyValueSpecification","valueRequired":true,"valueName":"search_term_string"}}],"inLanguage":"fr-FR"},{"@type":"Organization","@id":"https:\/\/kapitalis.com\/tunisie\/#organization","name":"Kapitalis","url":"https:\/\/kapitalis.com\/tunisie\/","logo":{"@type":"ImageObject","inLanguage":"fr-FR","@id":"https:\/\/kapitalis.com\/tunisie\/#\/schema\/logo\/image\/","url":"https:\/\/kapitalis.com\/tunisie\/wp-content\/uploads\/2022\/05\/Kapitalis-big-size.png","contentUrl":"https:\/\/kapitalis.com\/tunisie\/wp-content\/uploads\/2022\/05\/Kapitalis-big-size.png","width":5000,"height":1500,"caption":"Kapitalis"},"image":{"@id":"https:\/\/kapitalis.com\/tunisie\/#\/schema\/logo\/image\/"},"sameAs":["https:\/\/www.facebook.com\/KapitalisInfo\/","https:\/\/x.com\/KapitalisInfo","https:\/\/www.youtube.com\/channel\/UC-yDYrHyfFBWWZaOw3FPg9Q"]},{"@type":"Person","@id":"https:\/\/kapitalis.com\/tunisie\/#\/schema\/person\/d71f33a9ca44f7bad4698210b480c8e9","name":"webmaster kapitalis","url":"https:\/\/kapitalis.com\/tunisie\/author\/webmaster-kapitalis\/"}]}},"_links":{"self":[{"href":"https:\/\/kapitalis.com\/tunisie\/wp-json\/wp\/v2\/posts\/321728","targetHints":{"allow":["GET"]}}],"collection":[{"href":"https:\/\/kapitalis.com\/tunisie\/wp-json\/wp\/v2\/posts"}],"about":[{"href":"https:\/\/kapitalis.com\/tunisie\/wp-json\/wp\/v2\/types\/post"}],"author":[{"embeddable":true,"href":"https:\/\/kapitalis.com\/tunisie\/wp-json\/wp\/v2\/users\/8"}],"replies":[{"embeddable":true,"href":"https:\/\/kapitalis.com\/tunisie\/wp-json\/wp\/v2\/comments?post=321728"}],"version-history":[{"count":0,"href":"https:\/\/kapitalis.com\/tunisie\/wp-json\/wp\/v2\/posts\/321728\/revisions"}],"wp:featuredmedia":[{"embeddable":true,"href":"https:\/\/kapitalis.com\/tunisie\/wp-json\/wp\/v2\/media\/321730"}],"wp:attachment":[{"href":"https:\/\/kapitalis.com\/tunisie\/wp-json\/wp\/v2\/media?parent=321728"}],"wp:term":[{"taxonomy":"category","embeddable":true,"href":"https:\/\/kapitalis.com\/tunisie\/wp-json\/wp\/v2\/categories?post=321728"},{"taxonomy":"post_tag","embeddable":true,"href":"https:\/\/kapitalis.com\/tunisie\/wp-json\/wp\/v2\/tags?post=321728"}],"curies":[{"name":"wp","href":"https:\/\/api.w.org\/{rel}","templated":true}]}}