{"id":321760,"date":"2020-10-23T17:44:53","date_gmt":"2020-10-23T16:44:53","guid":{"rendered":"http:\/\/kapitalis.com\/tunisie\/?p=321760"},"modified":"2020-10-24T07:05:51","modified_gmt":"2020-10-24T06:05:51","slug":"le-ministere-du-transport-annonce-4-nominations-dont-celle-du-nouveau-pdg-de-tunisair","status":"publish","type":"post","link":"https:\/\/kapitalis.com\/tunisie\/2020\/10\/23\/le-ministere-du-transport-annonce-4-nominations-dont-celle-du-nouveau-pdg-de-tunisair\/","title":{"rendered":"Le minist\u00e8re du Transport annonce 4 nominations, dont celle du nouveau PDG de Tunisair"},"content":{"rendered":"\n<figure class=\"wp-block-image size-large\"><img decoding=\"async\" src=\"http:\/\/kapitalis.com\/tunisie\/wp-content\/uploads\/2020\/10\/Transport-nominations.jpg\" alt=\"\" class=\"wp-image-321766\"\/><\/figure>\n\n\n\n<p><strong><em>Le minist\u00e8re du Transport et de la Logistique a annonc\u00e9, ce vendredi 23 octobre 2020, quatre nouvelles nominations, notamment celle de Wassef Ayadi en tant que nouveau pr\u00e9sident directeur g\u00e9n\u00e9ral de la compagnie a\u00e9rienne Tunisair.<\/em><\/strong><\/p>\n\n\n\n<!--more-->\n\n\n\n<p>Le communiqu\u00e9 du minist\u00e8re pr\u00e9cise \u00e9galement que Belgacem Tayaa a \u00e9t\u00e9 nomm\u00e9 \u00e0 la t\u00eate de la Soci\u00e9t\u00e9 nationale des chemins de fer tunisiens (SNCFT), Moez Salem Pdg de la Soci\u00e9t\u00e9 des transports de Tunis (Transtu) et Imed Zammit Pdg de la Compagnie tunisienne de navigation (CTN).<\/p>\n\n\n\n<p>Notons que <a aria-label=\"undefined (s\u2019ouvre dans un nouvel onglet)\" href=\"https:\/\/www.linkedin.com\/in\/wayadi\/?originalSubdomain=de\" target=\"_blank\" rel=\"noreferrer noopener\">Wassef Ayadi<\/a>, nouveau PDG de Tunisair, est ing\u00e9nieur sp\u00e9cialis\u00e9 dans l\u2019aviation, et d\u00e9tient un dipl\u00f4me de l\u2019Universit\u00e9 de Stuttgart et un MBA de l\u2019universit\u00e9 de Durham. <\/p>\n\n\n\n<div class=\"wp-block-image\"><figure class=\"aligncenter size-large is-resized\"><img decoding=\"async\" src=\"http:\/\/kapitalis.com\/tunisie\/wp-content\/uploads\/2020\/10\/ayadi.jpeg\" alt=\"\" class=\"wp-image-321767\" width=\"500\"\/><\/figure><\/div>\n\n\n\n<p>Il a entam\u00e9 sa carri\u00e8re chez Airbus, puis chez Lufthansa, o\u00f9 il a notamment occup\u00e9 le poste de chef de projet, puis directeur avant d&rsquo;\u00eatre nomm\u00e9 Head of Business Development.<\/p>\n\n\n\n<p class=\"has-text-align-right\"><strong>Y. N.<\/strong><\/p>\n","protected":false},"excerpt":{"rendered":"<p>Le minist\u00e8re du Transport et de la Logistique a annonc\u00e9, ce vendredi 23 octobre 2020, quatre nouvelles nominations, notamment celle de Wassef Ayadi en tant que nouveau pr\u00e9sident directeur g\u00e9n\u00e9ral de la compagnie a\u00e9rienne Tunisair.<\/p>\n","protected":false},"author":6,"featured_media":321766,"comment_status":"open","ping_status":"open","sticky":false,"template":"","format":"standard","meta":{"footnotes":""},"categories":[997,2433],"tags":[2262,3288,2894,837,4816,1501],"class_list":["post-321760","post","type-post","status-publish","format-standard","has-post-thumbnail","hentry","category-politique","category-tunisie","tag-ctn","tag-ministere-transport","tag-nominations","tag-sncft","tag-transtu","tag-tunisair"],"yoast_head":"<!-- This site is optimized with the Yoast SEO plugin v26.6 - https:\/\/yoast.com\/wordpress\/plugins\/seo\/ -->\n<title>Le minist\u00e8re du Transport annonce 4 nominations, dont celle du nouveau PDG de Tunisair - Kapitalis<\/title>\n<meta name=\"robots\" content=\"index, follow, max-snippet:-1, max-image-preview:large, max-video-preview:-1\" \/>\n<link rel=\"canonical\" href=\"https:\/\/kapitalis.com\/tunisie\/2020\/10\/23\/le-ministere-du-transport-annonce-4-nominations-dont-celle-du-nouveau-pdg-de-tunisair\/\" \/>\n<meta property=\"og:locale\" content=\"fr_FR\" \/>\n<meta property=\"og:type\" content=\"article\" \/>\n<meta property=\"og:title\" content=\"Le minist\u00e8re du Transport annonce 4 nominations, dont celle du nouveau PDG de Tunisair - Kapitalis\" \/>\n<meta property=\"og:description\" content=\"Le minist\u00e8re du Transport et de la Logistique a annonc\u00e9, ce vendredi 23 octobre 2020, quatre nouvelles nominations, notamment celle de Wassef Ayadi en tant que nouveau pr\u00e9sident directeur g\u00e9n\u00e9ral de la compagnie a\u00e9rienne Tunisair.\" \/>\n<meta property=\"og:url\" content=\"https:\/\/kapitalis.com\/tunisie\/2020\/10\/23\/le-ministere-du-transport-annonce-4-nominations-dont-celle-du-nouveau-pdg-de-tunisair\/\" \/>\n<meta property=\"og:site_name\" content=\"Kapitalis\" \/>\n<meta property=\"article:publisher\" content=\"https:\/\/www.facebook.com\/KapitalisInfo\/\" \/>\n<meta property=\"article:published_time\" content=\"2020-10-23T16:44:53+00:00\" \/>\n<meta property=\"article:modified_time\" content=\"2020-10-24T06:05:51+00:00\" \/>\n<meta property=\"og:image\" content=\"https:\/\/kapitalis.com\/tunisie\/wp-content\/uploads\/2022\/05\/kapitalis-logo-fb.png\" \/>\n\t<meta property=\"og:image:width\" content=\"1200\" \/>\n\t<meta property=\"og:image:height\" content=\"630\" \/>\n\t<meta property=\"og:image:type\" content=\"image\/png\" \/>\n<meta name=\"author\" content=\"Yusra NY\" \/>\n<meta name=\"twitter:card\" content=\"summary_large_image\" \/>\n<meta name=\"twitter:creator\" content=\"@KapitalisInfo\" \/>\n<meta name=\"twitter:site\" content=\"@KapitalisInfo\" \/>\n<meta name=\"twitter:label1\" content=\"\u00c9crit par\" \/>\n\t<meta name=\"twitter:data1\" content=\"Yusra NY\" \/>\n\t<meta name=\"twitter:label2\" content=\"Dur\u00e9e de lecture estim\u00e9e\" \/>\n\t<meta name=\"twitter:data2\" content=\"1 minute\" \/>\n<script type=\"application\/ld+json\" class=\"yoast-schema-graph\">{\"@context\":\"https:\/\/schema.org\",\"@graph\":[{\"@type\":\"Article\",\"@id\":\"https:\/\/kapitalis.com\/tunisie\/2020\/10\/23\/le-ministere-du-transport-annonce-4-nominations-dont-celle-du-nouveau-pdg-de-tunisair\/#article\",\"isPartOf\":{\"@id\":\"https:\/\/kapitalis.com\/tunisie\/2020\/10\/23\/le-ministere-du-transport-annonce-4-nominations-dont-celle-du-nouveau-pdg-de-tunisair\/\"},\"author\":{\"name\":\"Yusra NY\",\"@id\":\"https:\/\/kapitalis.com\/tunisie\/#\/schema\/person\/74bbde0154d49d790a92aaeac5bc01d5\"},\"headline\":\"Le minist\u00e8re du Transport annonce 4 nominations, dont celle du nouveau PDG de Tunisair\",\"datePublished\":\"2020-10-23T16:44:53+00:00\",\"dateModified\":\"2020-10-24T06:05:51+00:00\",\"mainEntityOfPage\":{\"@id\":\"https:\/\/kapitalis.com\/tunisie\/2020\/10\/23\/le-ministere-du-transport-annonce-4-nominations-dont-celle-du-nouveau-pdg-de-tunisair\/\"},\"wordCount\":172,\"commentCount\":3,\"publisher\":{\"@id\":\"https:\/\/kapitalis.com\/tunisie\/#organization\"},\"image\":{\"@id\":\"https:\/\/kapitalis.com\/tunisie\/2020\/10\/23\/le-ministere-du-transport-annonce-4-nominations-dont-celle-du-nouveau-pdg-de-tunisair\/#primaryimage\"},\"thumbnailUrl\":\"\",\"keywords\":[\"CTN\",\"minist\u00e8re transport\",\"nominations\",\"SNCFT\",\"Transtu\",\"Tunisair\"],\"articleSection\":[\"POLITIQUE\",\"Tunisie\"],\"inLanguage\":\"fr-FR\",\"potentialAction\":[{\"@type\":\"CommentAction\",\"name\":\"Comment\",\"target\":[\"https:\/\/kapitalis.com\/tunisie\/2020\/10\/23\/le-ministere-du-transport-annonce-4-nominations-dont-celle-du-nouveau-pdg-de-tunisair\/#respond\"]}]},{\"@type\":\"WebPage\",\"@id\":\"https:\/\/kapitalis.com\/tunisie\/2020\/10\/23\/le-ministere-du-transport-annonce-4-nominations-dont-celle-du-nouveau-pdg-de-tunisair\/\",\"url\":\"https:\/\/kapitalis.com\/tunisie\/2020\/10\/23\/le-ministere-du-transport-annonce-4-nominations-dont-celle-du-nouveau-pdg-de-tunisair\/\",\"name\":\"Le minist\u00e8re du Transport annonce 4 nominations, dont celle du nouveau PDG de Tunisair - Kapitalis\",\"isPartOf\":{\"@id\":\"https:\/\/kapitalis.com\/tunisie\/#website\"},\"primaryImageOfPage\":{\"@id\":\"https:\/\/kapitalis.com\/tunisie\/2020\/10\/23\/le-ministere-du-transport-annonce-4-nominations-dont-celle-du-nouveau-pdg-de-tunisair\/#primaryimage\"},\"image\":{\"@id\":\"https:\/\/kapitalis.com\/tunisie\/2020\/10\/23\/le-ministere-du-transport-annonce-4-nominations-dont-celle-du-nouveau-pdg-de-tunisair\/#primaryimage\"},\"thumbnailUrl\":\"\",\"datePublished\":\"2020-10-23T16:44:53+00:00\",\"dateModified\":\"2020-10-24T06:05:51+00:00\",\"breadcrumb\":{\"@id\":\"https:\/\/kapitalis.com\/tunisie\/2020\/10\/23\/le-ministere-du-transport-annonce-4-nominations-dont-celle-du-nouveau-pdg-de-tunisair\/#breadcrumb\"},\"inLanguage\":\"fr-FR\",\"potentialAction\":[{\"@type\":\"ReadAction\",\"target\":[\"https:\/\/kapitalis.com\/tunisie\/2020\/10\/23\/le-ministere-du-transport-annonce-4-nominations-dont-celle-du-nouveau-pdg-de-tunisair\/\"]}]},{\"@type\":\"ImageObject\",\"inLanguage\":\"fr-FR\",\"@id\":\"https:\/\/kapitalis.com\/tunisie\/2020\/10\/23\/le-ministere-du-transport-annonce-4-nominations-dont-celle-du-nouveau-pdg-de-tunisair\/#primaryimage\",\"url\":\"\",\"contentUrl\":\"\"},{\"@type\":\"BreadcrumbList\",\"@id\":\"https:\/\/kapitalis.com\/tunisie\/2020\/10\/23\/le-ministere-du-transport-annonce-4-nominations-dont-celle-du-nouveau-pdg-de-tunisair\/#breadcrumb\",\"itemListElement\":[{\"@type\":\"ListItem\",\"position\":1,\"name\":\"Accueil\",\"item\":\"https:\/\/kapitalis.com\/tunisie\/\"},{\"@type\":\"ListItem\",\"position\":2,\"name\":\"Le minist\u00e8re du Transport annonce 4 nominations, dont celle du nouveau PDG de Tunisair\"}]},{\"@type\":\"WebSite\",\"@id\":\"https:\/\/kapitalis.com\/tunisie\/#website\",\"url\":\"https:\/\/kapitalis.com\/tunisie\/\",\"name\":\"Kapitalis\",\"description\":\"L&#039;actualit\u00e9 en Tunisie et dans le monde\",\"publisher\":{\"@id\":\"https:\/\/kapitalis.com\/tunisie\/#organization\"},\"potentialAction\":[{\"@type\":\"SearchAction\",\"target\":{\"@type\":\"EntryPoint\",\"urlTemplate\":\"https:\/\/kapitalis.com\/tunisie\/?s={search_term_string}\"},\"query-input\":{\"@type\":\"PropertyValueSpecification\",\"valueRequired\":true,\"valueName\":\"search_term_string\"}}],\"inLanguage\":\"fr-FR\"},{\"@type\":\"Organization\",\"@id\":\"https:\/\/kapitalis.com\/tunisie\/#organization\",\"name\":\"Kapitalis\",\"url\":\"https:\/\/kapitalis.com\/tunisie\/\",\"logo\":{\"@type\":\"ImageObject\",\"inLanguage\":\"fr-FR\",\"@id\":\"https:\/\/kapitalis.com\/tunisie\/#\/schema\/logo\/image\/\",\"url\":\"https:\/\/kapitalis.com\/tunisie\/wp-content\/uploads\/2022\/05\/Kapitalis-big-size.png\",\"contentUrl\":\"https:\/\/kapitalis.com\/tunisie\/wp-content\/uploads\/2022\/05\/Kapitalis-big-size.png\",\"width\":5000,\"height\":1500,\"caption\":\"Kapitalis\"},\"image\":{\"@id\":\"https:\/\/kapitalis.com\/tunisie\/#\/schema\/logo\/image\/\"},\"sameAs\":[\"https:\/\/www.facebook.com\/KapitalisInfo\/\",\"https:\/\/x.com\/KapitalisInfo\",\"https:\/\/www.youtube.com\/channel\/UC-yDYrHyfFBWWZaOw3FPg9Q\"]},{\"@type\":\"Person\",\"@id\":\"https:\/\/kapitalis.com\/tunisie\/#\/schema\/person\/74bbde0154d49d790a92aaeac5bc01d5\",\"name\":\"Yusra NY\",\"url\":\"https:\/\/kapitalis.com\/tunisie\/author\/yuza_adam\/\"}]}<\/script>\n<!-- \/ Yoast SEO plugin. -->","yoast_head_json":{"title":"Le minist\u00e8re du Transport annonce 4 nominations, dont celle du nouveau PDG de Tunisair - Kapitalis","robots":{"index":"index","follow":"follow","max-snippet":"max-snippet:-1","max-image-preview":"max-image-preview:large","max-video-preview":"max-video-preview:-1"},"canonical":"https:\/\/kapitalis.com\/tunisie\/2020\/10\/23\/le-ministere-du-transport-annonce-4-nominations-dont-celle-du-nouveau-pdg-de-tunisair\/","og_locale":"fr_FR","og_type":"article","og_title":"Le minist\u00e8re du Transport annonce 4 nominations, dont celle du nouveau PDG de Tunisair - Kapitalis","og_description":"Le minist\u00e8re du Transport et de la Logistique a annonc\u00e9, ce vendredi 23 octobre 2020, quatre nouvelles nominations, notamment celle de Wassef Ayadi en tant que nouveau pr\u00e9sident directeur g\u00e9n\u00e9ral de la compagnie a\u00e9rienne Tunisair.","og_url":"https:\/\/kapitalis.com\/tunisie\/2020\/10\/23\/le-ministere-du-transport-annonce-4-nominations-dont-celle-du-nouveau-pdg-de-tunisair\/","og_site_name":"Kapitalis","article_publisher":"https:\/\/www.facebook.com\/KapitalisInfo\/","article_published_time":"2020-10-23T16:44:53+00:00","article_modified_time":"2020-10-24T06:05:51+00:00","og_image":[{"width":1200,"height":630,"url":"https:\/\/kapitalis.com\/tunisie\/wp-content\/uploads\/2022\/05\/kapitalis-logo-fb.png","type":"image\/png"}],"author":"Yusra NY","twitter_card":"summary_large_image","twitter_creator":"@KapitalisInfo","twitter_site":"@KapitalisInfo","twitter_misc":{"\u00c9crit par":"Yusra NY","Dur\u00e9e de lecture estim\u00e9e":"1 minute"},"schema":{"@context":"https:\/\/schema.org","@graph":[{"@type":"Article","@id":"https:\/\/kapitalis.com\/tunisie\/2020\/10\/23\/le-ministere-du-transport-annonce-4-nominations-dont-celle-du-nouveau-pdg-de-tunisair\/#article","isPartOf":{"@id":"https:\/\/kapitalis.com\/tunisie\/2020\/10\/23\/le-ministere-du-transport-annonce-4-nominations-dont-celle-du-nouveau-pdg-de-tunisair\/"},"author":{"name":"Yusra NY","@id":"https:\/\/kapitalis.com\/tunisie\/#\/schema\/person\/74bbde0154d49d790a92aaeac5bc01d5"},"headline":"Le minist\u00e8re du Transport annonce 4 nominations, dont celle du nouveau PDG de Tunisair","datePublished":"2020-10-23T16:44:53+00:00","dateModified":"2020-10-24T06:05:51+00:00","mainEntityOfPage":{"@id":"https:\/\/kapitalis.com\/tunisie\/2020\/10\/23\/le-ministere-du-transport-annonce-4-nominations-dont-celle-du-nouveau-pdg-de-tunisair\/"},"wordCount":172,"commentCount":3,"publisher":{"@id":"https:\/\/kapitalis.com\/tunisie\/#organization"},"image":{"@id":"https:\/\/kapitalis.com\/tunisie\/2020\/10\/23\/le-ministere-du-transport-annonce-4-nominations-dont-celle-du-nouveau-pdg-de-tunisair\/#primaryimage"},"thumbnailUrl":"","keywords":["CTN","minist\u00e8re transport","nominations","SNCFT","Transtu","Tunisair"],"articleSection":["POLITIQUE","Tunisie"],"inLanguage":"fr-FR","potentialAction":[{"@type":"CommentAction","name":"Comment","target":["https:\/\/kapitalis.com\/tunisie\/2020\/10\/23\/le-ministere-du-transport-annonce-4-nominations-dont-celle-du-nouveau-pdg-de-tunisair\/#respond"]}]},{"@type":"WebPage","@id":"https:\/\/kapitalis.com\/tunisie\/2020\/10\/23\/le-ministere-du-transport-annonce-4-nominations-dont-celle-du-nouveau-pdg-de-tunisair\/","url":"https:\/\/kapitalis.com\/tunisie\/2020\/10\/23\/le-ministere-du-transport-annonce-4-nominations-dont-celle-du-nouveau-pdg-de-tunisair\/","name":"Le minist\u00e8re du Transport annonce 4 nominations, dont celle du nouveau PDG de Tunisair - Kapitalis","isPartOf":{"@id":"https:\/\/kapitalis.com\/tunisie\/#website"},"primaryImageOfPage":{"@id":"https:\/\/kapitalis.com\/tunisie\/2020\/10\/23\/le-ministere-du-transport-annonce-4-nominations-dont-celle-du-nouveau-pdg-de-tunisair\/#primaryimage"},"image":{"@id":"https:\/\/kapitalis.com\/tunisie\/2020\/10\/23\/le-ministere-du-transport-annonce-4-nominations-dont-celle-du-nouveau-pdg-de-tunisair\/#primaryimage"},"thumbnailUrl":"","datePublished":"2020-10-23T16:44:53+00:00","dateModified":"2020-10-24T06:05:51+00:00","breadcrumb":{"@id":"https:\/\/kapitalis.com\/tunisie\/2020\/10\/23\/le-ministere-du-transport-annonce-4-nominations-dont-celle-du-nouveau-pdg-de-tunisair\/#breadcrumb"},"inLanguage":"fr-FR","potentialAction":[{"@type":"ReadAction","target":["https:\/\/kapitalis.com\/tunisie\/2020\/10\/23\/le-ministere-du-transport-annonce-4-nominations-dont-celle-du-nouveau-pdg-de-tunisair\/"]}]},{"@type":"ImageObject","inLanguage":"fr-FR","@id":"https:\/\/kapitalis.com\/tunisie\/2020\/10\/23\/le-ministere-du-transport-annonce-4-nominations-dont-celle-du-nouveau-pdg-de-tunisair\/#primaryimage","url":"","contentUrl":""},{"@type":"BreadcrumbList","@id":"https:\/\/kapitalis.com\/tunisie\/2020\/10\/23\/le-ministere-du-transport-annonce-4-nominations-dont-celle-du-nouveau-pdg-de-tunisair\/#breadcrumb","itemListElement":[{"@type":"ListItem","position":1,"name":"Accueil","item":"https:\/\/kapitalis.com\/tunisie\/"},{"@type":"ListItem","position":2,"name":"Le minist\u00e8re du Transport annonce 4 nominations, dont celle du nouveau PDG de Tunisair"}]},{"@type":"WebSite","@id":"https:\/\/kapitalis.com\/tunisie\/#website","url":"https:\/\/kapitalis.com\/tunisie\/","name":"Kapitalis","description":"L&#039;actualit\u00e9 en Tunisie et dans le monde","publisher":{"@id":"https:\/\/kapitalis.com\/tunisie\/#organization"},"potentialAction":[{"@type":"SearchAction","target":{"@type":"EntryPoint","urlTemplate":"https:\/\/kapitalis.com\/tunisie\/?s={search_term_string}"},"query-input":{"@type":"PropertyValueSpecification","valueRequired":true,"valueName":"search_term_string"}}],"inLanguage":"fr-FR"},{"@type":"Organization","@id":"https:\/\/kapitalis.com\/tunisie\/#organization","name":"Kapitalis","url":"https:\/\/kapitalis.com\/tunisie\/","logo":{"@type":"ImageObject","inLanguage":"fr-FR","@id":"https:\/\/kapitalis.com\/tunisie\/#\/schema\/logo\/image\/","url":"https:\/\/kapitalis.com\/tunisie\/wp-content\/uploads\/2022\/05\/Kapitalis-big-size.png","contentUrl":"https:\/\/kapitalis.com\/tunisie\/wp-content\/uploads\/2022\/05\/Kapitalis-big-size.png","width":5000,"height":1500,"caption":"Kapitalis"},"image":{"@id":"https:\/\/kapitalis.com\/tunisie\/#\/schema\/logo\/image\/"},"sameAs":["https:\/\/www.facebook.com\/KapitalisInfo\/","https:\/\/x.com\/KapitalisInfo","https:\/\/www.youtube.com\/channel\/UC-yDYrHyfFBWWZaOw3FPg9Q"]},{"@type":"Person","@id":"https:\/\/kapitalis.com\/tunisie\/#\/schema\/person\/74bbde0154d49d790a92aaeac5bc01d5","name":"Yusra NY","url":"https:\/\/kapitalis.com\/tunisie\/author\/yuza_adam\/"}]}},"_links":{"self":[{"href":"https:\/\/kapitalis.com\/tunisie\/wp-json\/wp\/v2\/posts\/321760","targetHints":{"allow":["GET"]}}],"collection":[{"href":"https:\/\/kapitalis.com\/tunisie\/wp-json\/wp\/v2\/posts"}],"about":[{"href":"https:\/\/kapitalis.com\/tunisie\/wp-json\/wp\/v2\/types\/post"}],"author":[{"embeddable":true,"href":"https:\/\/kapitalis.com\/tunisie\/wp-json\/wp\/v2\/users\/6"}],"replies":[{"embeddable":true,"href":"https:\/\/kapitalis.com\/tunisie\/wp-json\/wp\/v2\/comments?post=321760"}],"version-history":[{"count":0,"href":"https:\/\/kapitalis.com\/tunisie\/wp-json\/wp\/v2\/posts\/321760\/revisions"}],"wp:featuredmedia":[{"embeddable":true,"href":"https:\/\/kapitalis.com\/tunisie\/wp-json\/wp\/v2\/media\/321766"}],"wp:attachment":[{"href":"https:\/\/kapitalis.com\/tunisie\/wp-json\/wp\/v2\/media?parent=321760"}],"wp:term":[{"taxonomy":"category","embeddable":true,"href":"https:\/\/kapitalis.com\/tunisie\/wp-json\/wp\/v2\/categories?post=321760"},{"taxonomy":"post_tag","embeddable":true,"href":"https:\/\/kapitalis.com\/tunisie\/wp-json\/wp\/v2\/tags?post=321760"}],"curies":[{"name":"wp","href":"https:\/\/api.w.org\/{rel}","templated":true}]}}