{"id":321786,"date":"2020-10-24T07:40:00","date_gmt":"2020-10-24T06:40:00","guid":{"rendered":"http:\/\/kapitalis.com\/tunisie\/?p=321786"},"modified":"2020-10-24T07:40:02","modified_gmt":"2020-10-24T06:40:02","slug":"la-foire-du-livre-de-tunis-reportee-pour-la-deuxieme-fois","status":"publish","type":"post","link":"https:\/\/kapitalis.com\/tunisie\/2020\/10\/24\/la-foire-du-livre-de-tunis-reportee-pour-la-deuxieme-fois\/","title":{"rendered":"La Foire du Livre de Tunis report\u00e9e pour la deuxi\u00e8me fois"},"content":{"rendered":"\n<div class=\"wp-block-image\"><figure class=\"aligncenter size-large\"><img decoding=\"async\" src=\"http:\/\/kapitalis.com\/tunisie\/wp-content\/uploads\/2020\/10\/Untitled-1-8.jpg\" alt=\"\" class=\"wp-image-321787\"\/><\/figure><\/div>\n\n\n\n<p><em><strong>La Foire internationale du livre de Tunis n\u2019aura pas lieu cette ann\u00e9e \u00e0 cause de la situation sanitaire actuelle. La prochaine \u00e9dition se tiendra au printemps 2021.<\/strong><\/em><strong><em> Si, d&rsquo;ici l\u00e0, la situation sanitaire se sera am\u00e9lior\u00e9e.<\/em><\/strong><\/p>\n\n\n\n<!--more-->\n\n\n\n<p>La 36<sup>e<\/sup> \u00e9dition de la Foire du Livre de Tunis vient d\u2019\u00eatre report\u00e9e pour la deuxi\u00e8me fois cette ann\u00e9e, c\u2019est que vient d\u2019annoncer le comit\u00e9 directeur, pr\u00e9sid\u00e9 par Mabrouk Manai, successeur de Ckokri Mabkhout.<\/p>\n\n\n\n<p>La Foire devait initialement se tenir du 9 au 19 avril 2020 et a d\u00fb \u00eatre report\u00e9e \u00a0une premi\u00e8re fois suite au confinement g\u00e9n\u00e9ral d\u00e9cr\u00e9t\u00e9 en Tunisie \u00e0 cause de la pand\u00e9mie du coronavirus (Covid-19). La deuxi\u00e8me date fix\u00e9e du 13 au 22 novembre ne pourra pas non plus \u00eatre respect\u00e9e, \u00e9tant donn\u00e9 la situation sanitaire actuelle qui ne s\u2019est gu\u00e8re am\u00e9lior\u00e9e.<\/p>\n\n\n\n<p>A l\u2019instar de la plupart des manifestations culturelles, le comit\u00e9 directeur de ce grand \u00e9v\u00e9nement annuel a jug\u00e9 prudent d\u2019annuler l\u2019\u00e9dition 2020, d\u2019autant plus que la foire se tient habituellement dans un espace ferm\u00e9 (Palais des expositions du Kram) qui accueille chaque ann\u00e9e des centaines d\u2019\u00e9diteurs tunisiens et \u00e9trangers et des milliers de visiteurs.<\/p>\n\n\n\n<p class=\"has-text-align-right\"><strong>Fawz Benali<\/strong><\/p>\n","protected":false},"excerpt":{"rendered":"<p>La Foire internationale du livre de Tunis n\u2019aura pas lieu cette ann\u00e9e \u00e0 cause de la situation sanitaire actuelle. La prochaine \u00e9dition se tiendra au printemps 2021. Si, d&rsquo;ici l\u00e0, la situation sanitaire se sera am\u00e9lior\u00e9e.<\/p>\n","protected":false},"author":26,"featured_media":321787,"comment_status":"open","ping_status":"open","sticky":false,"template":"","format":"standard","meta":{"footnotes":""},"categories":[994,2433],"tags":[84127,15775,76256,84126],"class_list":["post-321786","post","type-post","status-publish","format-standard","has-post-thumbnail","hentry","category-culture","category-tunisie","tag-foire-du-livre-2020","tag-foire-du-livre-de-tunis","tag-foire-du-livre-reportee","tag-mabrouk-manai"],"yoast_head":"<!-- This site is optimized with the Yoast SEO plugin v26.6 - https:\/\/yoast.com\/wordpress\/plugins\/seo\/ -->\n<title>La Foire du Livre de Tunis report\u00e9e pour la deuxi\u00e8me fois - Kapitalis<\/title>\n<meta name=\"robots\" content=\"index, follow, max-snippet:-1, max-image-preview:large, max-video-preview:-1\" \/>\n<link rel=\"canonical\" href=\"https:\/\/kapitalis.com\/tunisie\/2020\/10\/24\/la-foire-du-livre-de-tunis-reportee-pour-la-deuxieme-fois\/\" \/>\n<meta property=\"og:locale\" content=\"fr_FR\" \/>\n<meta property=\"og:type\" content=\"article\" \/>\n<meta property=\"og:title\" content=\"La Foire du Livre de Tunis report\u00e9e pour la deuxi\u00e8me fois - Kapitalis\" \/>\n<meta property=\"og:description\" content=\"La Foire internationale du livre de Tunis n\u2019aura pas lieu cette ann\u00e9e \u00e0 cause de la situation sanitaire actuelle. La prochaine \u00e9dition se tiendra au printemps 2021. Si, d&rsquo;ici l\u00e0, la situation sanitaire se sera am\u00e9lior\u00e9e.\" \/>\n<meta property=\"og:url\" content=\"https:\/\/kapitalis.com\/tunisie\/2020\/10\/24\/la-foire-du-livre-de-tunis-reportee-pour-la-deuxieme-fois\/\" \/>\n<meta property=\"og:site_name\" content=\"Kapitalis\" \/>\n<meta property=\"article:publisher\" content=\"https:\/\/www.facebook.com\/KapitalisInfo\/\" \/>\n<meta property=\"article:published_time\" content=\"2020-10-24T06:40:00+00:00\" \/>\n<meta property=\"article:modified_time\" content=\"2020-10-24T06:40:02+00:00\" \/>\n<meta property=\"og:image\" content=\"https:\/\/kapitalis.com\/tunisie\/wp-content\/uploads\/2022\/05\/kapitalis-logo-fb.png\" \/>\n\t<meta property=\"og:image:width\" content=\"1200\" \/>\n\t<meta property=\"og:image:height\" content=\"630\" \/>\n\t<meta property=\"og:image:type\" content=\"image\/png\" \/>\n<meta name=\"author\" content=\"Fawz BenAli\" \/>\n<meta name=\"twitter:card\" content=\"summary_large_image\" \/>\n<meta name=\"twitter:creator\" content=\"@KapitalisInfo\" \/>\n<meta name=\"twitter:site\" content=\"@KapitalisInfo\" \/>\n<meta name=\"twitter:label1\" content=\"\u00c9crit par\" \/>\n\t<meta name=\"twitter:data1\" content=\"Fawz BenAli\" \/>\n\t<meta name=\"twitter:label2\" content=\"Dur\u00e9e de lecture estim\u00e9e\" \/>\n\t<meta name=\"twitter:data2\" content=\"1 minute\" \/>\n<script type=\"application\/ld+json\" class=\"yoast-schema-graph\">{\"@context\":\"https:\/\/schema.org\",\"@graph\":[{\"@type\":\"Article\",\"@id\":\"https:\/\/kapitalis.com\/tunisie\/2020\/10\/24\/la-foire-du-livre-de-tunis-reportee-pour-la-deuxieme-fois\/#article\",\"isPartOf\":{\"@id\":\"https:\/\/kapitalis.com\/tunisie\/2020\/10\/24\/la-foire-du-livre-de-tunis-reportee-pour-la-deuxieme-fois\/\"},\"author\":{\"name\":\"Fawz BenAli\",\"@id\":\"https:\/\/kapitalis.com\/tunisie\/#\/schema\/person\/73a5ecc1f6ae540c6ed91342eadca948\"},\"headline\":\"La Foire du Livre de Tunis report\u00e9e pour la deuxi\u00e8me fois\",\"datePublished\":\"2020-10-24T06:40:00+00:00\",\"dateModified\":\"2020-10-24T06:40:02+00:00\",\"mainEntityOfPage\":{\"@id\":\"https:\/\/kapitalis.com\/tunisie\/2020\/10\/24\/la-foire-du-livre-de-tunis-reportee-pour-la-deuxieme-fois\/\"},\"wordCount\":224,\"commentCount\":0,\"publisher\":{\"@id\":\"https:\/\/kapitalis.com\/tunisie\/#organization\"},\"image\":{\"@id\":\"https:\/\/kapitalis.com\/tunisie\/2020\/10\/24\/la-foire-du-livre-de-tunis-reportee-pour-la-deuxieme-fois\/#primaryimage\"},\"thumbnailUrl\":\"\",\"keywords\":[\"Foire du livre 2020\",\"Foire du Livre de Tunis\",\"Foire du livre report\u00e9e\",\"Mabrouk Mana\u00ef\"],\"articleSection\":[\"CULTURE\",\"Tunisie\"],\"inLanguage\":\"fr-FR\",\"potentialAction\":[{\"@type\":\"CommentAction\",\"name\":\"Comment\",\"target\":[\"https:\/\/kapitalis.com\/tunisie\/2020\/10\/24\/la-foire-du-livre-de-tunis-reportee-pour-la-deuxieme-fois\/#respond\"]}]},{\"@type\":\"WebPage\",\"@id\":\"https:\/\/kapitalis.com\/tunisie\/2020\/10\/24\/la-foire-du-livre-de-tunis-reportee-pour-la-deuxieme-fois\/\",\"url\":\"https:\/\/kapitalis.com\/tunisie\/2020\/10\/24\/la-foire-du-livre-de-tunis-reportee-pour-la-deuxieme-fois\/\",\"name\":\"La Foire du Livre de Tunis report\u00e9e pour la deuxi\u00e8me fois - Kapitalis\",\"isPartOf\":{\"@id\":\"https:\/\/kapitalis.com\/tunisie\/#website\"},\"primaryImageOfPage\":{\"@id\":\"https:\/\/kapitalis.com\/tunisie\/2020\/10\/24\/la-foire-du-livre-de-tunis-reportee-pour-la-deuxieme-fois\/#primaryimage\"},\"image\":{\"@id\":\"https:\/\/kapitalis.com\/tunisie\/2020\/10\/24\/la-foire-du-livre-de-tunis-reportee-pour-la-deuxieme-fois\/#primaryimage\"},\"thumbnailUrl\":\"\",\"datePublished\":\"2020-10-24T06:40:00+00:00\",\"dateModified\":\"2020-10-24T06:40:02+00:00\",\"breadcrumb\":{\"@id\":\"https:\/\/kapitalis.com\/tunisie\/2020\/10\/24\/la-foire-du-livre-de-tunis-reportee-pour-la-deuxieme-fois\/#breadcrumb\"},\"inLanguage\":\"fr-FR\",\"potentialAction\":[{\"@type\":\"ReadAction\",\"target\":[\"https:\/\/kapitalis.com\/tunisie\/2020\/10\/24\/la-foire-du-livre-de-tunis-reportee-pour-la-deuxieme-fois\/\"]}]},{\"@type\":\"ImageObject\",\"inLanguage\":\"fr-FR\",\"@id\":\"https:\/\/kapitalis.com\/tunisie\/2020\/10\/24\/la-foire-du-livre-de-tunis-reportee-pour-la-deuxieme-fois\/#primaryimage\",\"url\":\"\",\"contentUrl\":\"\"},{\"@type\":\"BreadcrumbList\",\"@id\":\"https:\/\/kapitalis.com\/tunisie\/2020\/10\/24\/la-foire-du-livre-de-tunis-reportee-pour-la-deuxieme-fois\/#breadcrumb\",\"itemListElement\":[{\"@type\":\"ListItem\",\"position\":1,\"name\":\"Accueil\",\"item\":\"https:\/\/kapitalis.com\/tunisie\/\"},{\"@type\":\"ListItem\",\"position\":2,\"name\":\"La Foire du Livre de Tunis report\u00e9e pour la deuxi\u00e8me fois\"}]},{\"@type\":\"WebSite\",\"@id\":\"https:\/\/kapitalis.com\/tunisie\/#website\",\"url\":\"https:\/\/kapitalis.com\/tunisie\/\",\"name\":\"Kapitalis\",\"description\":\"L&#039;actualit\u00e9 en Tunisie et dans le monde\",\"publisher\":{\"@id\":\"https:\/\/kapitalis.com\/tunisie\/#organization\"},\"potentialAction\":[{\"@type\":\"SearchAction\",\"target\":{\"@type\":\"EntryPoint\",\"urlTemplate\":\"https:\/\/kapitalis.com\/tunisie\/?s={search_term_string}\"},\"query-input\":{\"@type\":\"PropertyValueSpecification\",\"valueRequired\":true,\"valueName\":\"search_term_string\"}}],\"inLanguage\":\"fr-FR\"},{\"@type\":\"Organization\",\"@id\":\"https:\/\/kapitalis.com\/tunisie\/#organization\",\"name\":\"Kapitalis\",\"url\":\"https:\/\/kapitalis.com\/tunisie\/\",\"logo\":{\"@type\":\"ImageObject\",\"inLanguage\":\"fr-FR\",\"@id\":\"https:\/\/kapitalis.com\/tunisie\/#\/schema\/logo\/image\/\",\"url\":\"https:\/\/kapitalis.com\/tunisie\/wp-content\/uploads\/2022\/05\/Kapitalis-big-size.png\",\"contentUrl\":\"https:\/\/kapitalis.com\/tunisie\/wp-content\/uploads\/2022\/05\/Kapitalis-big-size.png\",\"width\":5000,\"height\":1500,\"caption\":\"Kapitalis\"},\"image\":{\"@id\":\"https:\/\/kapitalis.com\/tunisie\/#\/schema\/logo\/image\/\"},\"sameAs\":[\"https:\/\/www.facebook.com\/KapitalisInfo\/\",\"https:\/\/x.com\/KapitalisInfo\",\"https:\/\/www.youtube.com\/channel\/UC-yDYrHyfFBWWZaOw3FPg9Q\"]},{\"@type\":\"Person\",\"@id\":\"https:\/\/kapitalis.com\/tunisie\/#\/schema\/person\/73a5ecc1f6ae540c6ed91342eadca948\",\"name\":\"Fawz BenAli\",\"url\":\"https:\/\/kapitalis.com\/tunisie\/author\/fawz\/\"}]}<\/script>\n<!-- \/ Yoast SEO plugin. -->","yoast_head_json":{"title":"La Foire du Livre de Tunis report\u00e9e pour la deuxi\u00e8me fois - Kapitalis","robots":{"index":"index","follow":"follow","max-snippet":"max-snippet:-1","max-image-preview":"max-image-preview:large","max-video-preview":"max-video-preview:-1"},"canonical":"https:\/\/kapitalis.com\/tunisie\/2020\/10\/24\/la-foire-du-livre-de-tunis-reportee-pour-la-deuxieme-fois\/","og_locale":"fr_FR","og_type":"article","og_title":"La Foire du Livre de Tunis report\u00e9e pour la deuxi\u00e8me fois - Kapitalis","og_description":"La Foire internationale du livre de Tunis n\u2019aura pas lieu cette ann\u00e9e \u00e0 cause de la situation sanitaire actuelle. La prochaine \u00e9dition se tiendra au printemps 2021. Si, d&rsquo;ici l\u00e0, la situation sanitaire se sera am\u00e9lior\u00e9e.","og_url":"https:\/\/kapitalis.com\/tunisie\/2020\/10\/24\/la-foire-du-livre-de-tunis-reportee-pour-la-deuxieme-fois\/","og_site_name":"Kapitalis","article_publisher":"https:\/\/www.facebook.com\/KapitalisInfo\/","article_published_time":"2020-10-24T06:40:00+00:00","article_modified_time":"2020-10-24T06:40:02+00:00","og_image":[{"width":1200,"height":630,"url":"https:\/\/kapitalis.com\/tunisie\/wp-content\/uploads\/2022\/05\/kapitalis-logo-fb.png","type":"image\/png"}],"author":"Fawz BenAli","twitter_card":"summary_large_image","twitter_creator":"@KapitalisInfo","twitter_site":"@KapitalisInfo","twitter_misc":{"\u00c9crit par":"Fawz BenAli","Dur\u00e9e de lecture estim\u00e9e":"1 minute"},"schema":{"@context":"https:\/\/schema.org","@graph":[{"@type":"Article","@id":"https:\/\/kapitalis.com\/tunisie\/2020\/10\/24\/la-foire-du-livre-de-tunis-reportee-pour-la-deuxieme-fois\/#article","isPartOf":{"@id":"https:\/\/kapitalis.com\/tunisie\/2020\/10\/24\/la-foire-du-livre-de-tunis-reportee-pour-la-deuxieme-fois\/"},"author":{"name":"Fawz BenAli","@id":"https:\/\/kapitalis.com\/tunisie\/#\/schema\/person\/73a5ecc1f6ae540c6ed91342eadca948"},"headline":"La Foire du Livre de Tunis report\u00e9e pour la deuxi\u00e8me fois","datePublished":"2020-10-24T06:40:00+00:00","dateModified":"2020-10-24T06:40:02+00:00","mainEntityOfPage":{"@id":"https:\/\/kapitalis.com\/tunisie\/2020\/10\/24\/la-foire-du-livre-de-tunis-reportee-pour-la-deuxieme-fois\/"},"wordCount":224,"commentCount":0,"publisher":{"@id":"https:\/\/kapitalis.com\/tunisie\/#organization"},"image":{"@id":"https:\/\/kapitalis.com\/tunisie\/2020\/10\/24\/la-foire-du-livre-de-tunis-reportee-pour-la-deuxieme-fois\/#primaryimage"},"thumbnailUrl":"","keywords":["Foire du livre 2020","Foire du Livre de Tunis","Foire du livre report\u00e9e","Mabrouk Mana\u00ef"],"articleSection":["CULTURE","Tunisie"],"inLanguage":"fr-FR","potentialAction":[{"@type":"CommentAction","name":"Comment","target":["https:\/\/kapitalis.com\/tunisie\/2020\/10\/24\/la-foire-du-livre-de-tunis-reportee-pour-la-deuxieme-fois\/#respond"]}]},{"@type":"WebPage","@id":"https:\/\/kapitalis.com\/tunisie\/2020\/10\/24\/la-foire-du-livre-de-tunis-reportee-pour-la-deuxieme-fois\/","url":"https:\/\/kapitalis.com\/tunisie\/2020\/10\/24\/la-foire-du-livre-de-tunis-reportee-pour-la-deuxieme-fois\/","name":"La Foire du Livre de Tunis report\u00e9e pour la deuxi\u00e8me fois - Kapitalis","isPartOf":{"@id":"https:\/\/kapitalis.com\/tunisie\/#website"},"primaryImageOfPage":{"@id":"https:\/\/kapitalis.com\/tunisie\/2020\/10\/24\/la-foire-du-livre-de-tunis-reportee-pour-la-deuxieme-fois\/#primaryimage"},"image":{"@id":"https:\/\/kapitalis.com\/tunisie\/2020\/10\/24\/la-foire-du-livre-de-tunis-reportee-pour-la-deuxieme-fois\/#primaryimage"},"thumbnailUrl":"","datePublished":"2020-10-24T06:40:00+00:00","dateModified":"2020-10-24T06:40:02+00:00","breadcrumb":{"@id":"https:\/\/kapitalis.com\/tunisie\/2020\/10\/24\/la-foire-du-livre-de-tunis-reportee-pour-la-deuxieme-fois\/#breadcrumb"},"inLanguage":"fr-FR","potentialAction":[{"@type":"ReadAction","target":["https:\/\/kapitalis.com\/tunisie\/2020\/10\/24\/la-foire-du-livre-de-tunis-reportee-pour-la-deuxieme-fois\/"]}]},{"@type":"ImageObject","inLanguage":"fr-FR","@id":"https:\/\/kapitalis.com\/tunisie\/2020\/10\/24\/la-foire-du-livre-de-tunis-reportee-pour-la-deuxieme-fois\/#primaryimage","url":"","contentUrl":""},{"@type":"BreadcrumbList","@id":"https:\/\/kapitalis.com\/tunisie\/2020\/10\/24\/la-foire-du-livre-de-tunis-reportee-pour-la-deuxieme-fois\/#breadcrumb","itemListElement":[{"@type":"ListItem","position":1,"name":"Accueil","item":"https:\/\/kapitalis.com\/tunisie\/"},{"@type":"ListItem","position":2,"name":"La Foire du Livre de Tunis report\u00e9e pour la deuxi\u00e8me fois"}]},{"@type":"WebSite","@id":"https:\/\/kapitalis.com\/tunisie\/#website","url":"https:\/\/kapitalis.com\/tunisie\/","name":"Kapitalis","description":"L&#039;actualit\u00e9 en Tunisie et dans le monde","publisher":{"@id":"https:\/\/kapitalis.com\/tunisie\/#organization"},"potentialAction":[{"@type":"SearchAction","target":{"@type":"EntryPoint","urlTemplate":"https:\/\/kapitalis.com\/tunisie\/?s={search_term_string}"},"query-input":{"@type":"PropertyValueSpecification","valueRequired":true,"valueName":"search_term_string"}}],"inLanguage":"fr-FR"},{"@type":"Organization","@id":"https:\/\/kapitalis.com\/tunisie\/#organization","name":"Kapitalis","url":"https:\/\/kapitalis.com\/tunisie\/","logo":{"@type":"ImageObject","inLanguage":"fr-FR","@id":"https:\/\/kapitalis.com\/tunisie\/#\/schema\/logo\/image\/","url":"https:\/\/kapitalis.com\/tunisie\/wp-content\/uploads\/2022\/05\/Kapitalis-big-size.png","contentUrl":"https:\/\/kapitalis.com\/tunisie\/wp-content\/uploads\/2022\/05\/Kapitalis-big-size.png","width":5000,"height":1500,"caption":"Kapitalis"},"image":{"@id":"https:\/\/kapitalis.com\/tunisie\/#\/schema\/logo\/image\/"},"sameAs":["https:\/\/www.facebook.com\/KapitalisInfo\/","https:\/\/x.com\/KapitalisInfo","https:\/\/www.youtube.com\/channel\/UC-yDYrHyfFBWWZaOw3FPg9Q"]},{"@type":"Person","@id":"https:\/\/kapitalis.com\/tunisie\/#\/schema\/person\/73a5ecc1f6ae540c6ed91342eadca948","name":"Fawz BenAli","url":"https:\/\/kapitalis.com\/tunisie\/author\/fawz\/"}]}},"_links":{"self":[{"href":"https:\/\/kapitalis.com\/tunisie\/wp-json\/wp\/v2\/posts\/321786","targetHints":{"allow":["GET"]}}],"collection":[{"href":"https:\/\/kapitalis.com\/tunisie\/wp-json\/wp\/v2\/posts"}],"about":[{"href":"https:\/\/kapitalis.com\/tunisie\/wp-json\/wp\/v2\/types\/post"}],"author":[{"embeddable":true,"href":"https:\/\/kapitalis.com\/tunisie\/wp-json\/wp\/v2\/users\/26"}],"replies":[{"embeddable":true,"href":"https:\/\/kapitalis.com\/tunisie\/wp-json\/wp\/v2\/comments?post=321786"}],"version-history":[{"count":0,"href":"https:\/\/kapitalis.com\/tunisie\/wp-json\/wp\/v2\/posts\/321786\/revisions"}],"wp:featuredmedia":[{"embeddable":true,"href":"https:\/\/kapitalis.com\/tunisie\/wp-json\/wp\/v2\/media\/321787"}],"wp:attachment":[{"href":"https:\/\/kapitalis.com\/tunisie\/wp-json\/wp\/v2\/media?parent=321786"}],"wp:term":[{"taxonomy":"category","embeddable":true,"href":"https:\/\/kapitalis.com\/tunisie\/wp-json\/wp\/v2\/categories?post=321786"},{"taxonomy":"post_tag","embeddable":true,"href":"https:\/\/kapitalis.com\/tunisie\/wp-json\/wp\/v2\/tags?post=321786"}],"curies":[{"name":"wp","href":"https:\/\/api.w.org\/{rel}","templated":true}]}}