{"id":321795,"date":"2020-10-23T22:20:33","date_gmt":"2020-10-23T21:20:33","guid":{"rendered":"http:\/\/kapitalis.com\/tunisie\/?p=321795"},"modified":"2020-10-24T07:25:23","modified_gmt":"2020-10-24T06:25:23","slug":"tunisie-libye-reouverture-du-poste-frontalier-de-ras-jedir","status":"publish","type":"post","link":"https:\/\/kapitalis.com\/tunisie\/2020\/10\/23\/tunisie-libye-reouverture-du-poste-frontalier-de-ras-jedir\/","title":{"rendered":"Tunisie-Libye : R\u00e9ouverture du poste frontalier de Ras Jedir"},"content":{"rendered":"\n<figure class=\"wp-block-image size-large\"><img decoding=\"async\" src=\"http:\/\/kapitalis.com\/tunisie\/wp-content\/uploads\/2020\/10\/Mechichi-affaires-etrangeres-reunion.jpg\" alt=\"\" class=\"wp-image-321797\"\/><\/figure>\n\n\n\n<p><strong><em>Suite \u00e0 l\u2019accord conclu entre la Tunisie et la Libye pour la r\u00e9ouverture des fronti\u00e8res, le chef du gouvernement Hichem Mechichi a autoris\u00e9, ce vendredi 23 octobre 2020, la r\u00e9ouverture du poste frontalier de Ras Jedir, tout en appelant au respect du protocole sanitaire, \u00e9labor\u00e9 par les deux pays<\/em><\/strong>,<strong><em> visant \u00e0 pr\u00e9venir la propagation de la pand\u00e9mie du coronavirus.<\/em><\/strong><\/p>\n\n\n\n<!--more-->\n\n\n\n<p>Cette d\u00e9cision a \u00e9t\u00e9 annonc\u00e9e suite une session de travail pr\u00e9sid\u00e9e par le chef du gouvernement, en pr\u00e9sence notamment du ministre des Affaires \u00e9trang\u00e8res, de l\u2019Immigration et des Tunisiens \u00e0 l\u2019\u00e9tranger, Othman Jerandi, du secr\u00e9taire d\u2019Etat aupr\u00e8s de ce d\u00e9partement, Mohamed Ali Nafti, ainsi que de hauts cadres du minist\u00e8re.<\/p>\n\n\n\n<p>La r\u00e9union, qui a principalement abord\u00e9 les n\u00e9gociations tuniso-libyennes relatives \u00e0 la reprise des \u00e9changes commerciaux et de la circulation des personnes entre les deux pays, a \u00e9galement \u00e9t\u00e9 l&rsquo;occasion de passer en revue les principales \u00e9ch\u00e9ances diplomatiques et le programme du minist\u00e8re pour la p\u00e9riode \u00e0 venir, indique la pr\u00e9sidence du gouvernement dans un communiqu\u00e9.<\/p>\n\n\n\n<p>Rappelons qu&rsquo;en ao\u00fbt dernier, l\u2019Union tunisienne de l\u2019industrie, du commerce et de l\u2019artisanat (Utica) avait exprim\u00e9 sa pr\u00e9occupation par la fermeture, depuis des mois, du passage frontalier de Ras Jedir, bloquant les \u00e9changes commerciaux entre la Tunisie et la Libye et impactant, de ce fait, n\u00e9gativement les int\u00e9r\u00eats des entreprises des deux pays.<\/p>\n\n\n\n<p class=\"has-text-align-right\"><strong>Y. N.<\/strong><\/p>\n","protected":false},"excerpt":{"rendered":"<p>Suite \u00e0 l\u2019accord conclu entre la Tunisie et la Libye pour la r\u00e9ouverture des fronti\u00e8res, le chef du gouvernement Hichem Mechichi a autoris\u00e9, ce vendredi 23 octobre 2020, la r\u00e9ouverture du poste frontalier de Ras Jedir, tout en appelant au respect du protocole sanitaire, \u00e9labor\u00e9 par les deux pays, visant \u00e0 pr\u00e9venir la propagation de&#8230;<\/p>\n","protected":false},"author":6,"featured_media":321797,"comment_status":"open","ping_status":"open","sticky":false,"template":"","format":"standard","meta":{"footnotes":""},"categories":[995,997,2433],"tags":[73060,74899,544,2469,766,80371,62643],"class_list":["post-321795","post","type-post","status-publish","format-standard","has-post-thumbnail","hentry","category-economie","category-politique","category-tunisie","tag-coronavirus","tag-hichem-mechichi","tag-libye","tag-poste-frontalier","tag-ras-jedir","tag-reouverture-frontieres","tag-tunisie"],"yoast_head":"<!-- This site is optimized with the Yoast SEO plugin v26.6 - https:\/\/yoast.com\/wordpress\/plugins\/seo\/ -->\n<title>Tunisie-Libye : R\u00e9ouverture du poste frontalier de Ras Jedir - Kapitalis<\/title>\n<meta name=\"robots\" content=\"index, follow, max-snippet:-1, max-image-preview:large, max-video-preview:-1\" \/>\n<link rel=\"canonical\" href=\"https:\/\/kapitalis.com\/tunisie\/2020\/10\/23\/tunisie-libye-reouverture-du-poste-frontalier-de-ras-jedir\/\" \/>\n<meta property=\"og:locale\" content=\"fr_FR\" \/>\n<meta property=\"og:type\" content=\"article\" \/>\n<meta property=\"og:title\" content=\"Tunisie-Libye : R\u00e9ouverture du poste frontalier de Ras Jedir - Kapitalis\" \/>\n<meta property=\"og:description\" content=\"Suite \u00e0 l\u2019accord conclu entre la Tunisie et la Libye pour la r\u00e9ouverture des fronti\u00e8res, le chef du gouvernement Hichem Mechichi a autoris\u00e9, ce vendredi 23 octobre 2020, la r\u00e9ouverture du poste frontalier de Ras Jedir, tout en appelant au respect du protocole sanitaire, \u00e9labor\u00e9 par les deux pays, visant \u00e0 pr\u00e9venir la propagation de...\" \/>\n<meta property=\"og:url\" content=\"https:\/\/kapitalis.com\/tunisie\/2020\/10\/23\/tunisie-libye-reouverture-du-poste-frontalier-de-ras-jedir\/\" \/>\n<meta property=\"og:site_name\" content=\"Kapitalis\" \/>\n<meta property=\"article:publisher\" content=\"https:\/\/www.facebook.com\/KapitalisInfo\/\" \/>\n<meta property=\"article:published_time\" content=\"2020-10-23T21:20:33+00:00\" \/>\n<meta property=\"article:modified_time\" content=\"2020-10-24T06:25:23+00:00\" \/>\n<meta property=\"og:image\" content=\"https:\/\/kapitalis.com\/tunisie\/wp-content\/uploads\/2022\/05\/kapitalis-logo-fb.png\" \/>\n\t<meta property=\"og:image:width\" content=\"1200\" \/>\n\t<meta property=\"og:image:height\" content=\"630\" \/>\n\t<meta property=\"og:image:type\" content=\"image\/png\" \/>\n<meta name=\"author\" content=\"Yusra NY\" \/>\n<meta name=\"twitter:card\" content=\"summary_large_image\" \/>\n<meta name=\"twitter:creator\" content=\"@KapitalisInfo\" \/>\n<meta name=\"twitter:site\" content=\"@KapitalisInfo\" \/>\n<meta name=\"twitter:label1\" content=\"\u00c9crit par\" \/>\n\t<meta name=\"twitter:data1\" content=\"Yusra NY\" \/>\n\t<meta name=\"twitter:label2\" content=\"Dur\u00e9e de lecture estim\u00e9e\" \/>\n\t<meta name=\"twitter:data2\" content=\"1 minute\" \/>\n<script type=\"application\/ld+json\" class=\"yoast-schema-graph\">{\"@context\":\"https:\/\/schema.org\",\"@graph\":[{\"@type\":\"Article\",\"@id\":\"https:\/\/kapitalis.com\/tunisie\/2020\/10\/23\/tunisie-libye-reouverture-du-poste-frontalier-de-ras-jedir\/#article\",\"isPartOf\":{\"@id\":\"https:\/\/kapitalis.com\/tunisie\/2020\/10\/23\/tunisie-libye-reouverture-du-poste-frontalier-de-ras-jedir\/\"},\"author\":{\"name\":\"Yusra NY\",\"@id\":\"https:\/\/kapitalis.com\/tunisie\/#\/schema\/person\/74bbde0154d49d790a92aaeac5bc01d5\"},\"headline\":\"Tunisie-Libye : R\u00e9ouverture du poste frontalier de Ras Jedir\",\"datePublished\":\"2020-10-23T21:20:33+00:00\",\"dateModified\":\"2020-10-24T06:25:23+00:00\",\"mainEntityOfPage\":{\"@id\":\"https:\/\/kapitalis.com\/tunisie\/2020\/10\/23\/tunisie-libye-reouverture-du-poste-frontalier-de-ras-jedir\/\"},\"wordCount\":255,\"commentCount\":0,\"publisher\":{\"@id\":\"https:\/\/kapitalis.com\/tunisie\/#organization\"},\"image\":{\"@id\":\"https:\/\/kapitalis.com\/tunisie\/2020\/10\/23\/tunisie-libye-reouverture-du-poste-frontalier-de-ras-jedir\/#primaryimage\"},\"thumbnailUrl\":\"\",\"keywords\":[\"Coronavirus\",\"Hichem Mechichi\",\"Libye\",\"poste frontalier\",\"Ras Jedir\",\"r\u00e9ouverture fronti\u00e8res\",\"Tunisie\"],\"articleSection\":[\"ECONOMIE\",\"POLITIQUE\",\"Tunisie\"],\"inLanguage\":\"fr-FR\",\"potentialAction\":[{\"@type\":\"CommentAction\",\"name\":\"Comment\",\"target\":[\"https:\/\/kapitalis.com\/tunisie\/2020\/10\/23\/tunisie-libye-reouverture-du-poste-frontalier-de-ras-jedir\/#respond\"]}]},{\"@type\":\"WebPage\",\"@id\":\"https:\/\/kapitalis.com\/tunisie\/2020\/10\/23\/tunisie-libye-reouverture-du-poste-frontalier-de-ras-jedir\/\",\"url\":\"https:\/\/kapitalis.com\/tunisie\/2020\/10\/23\/tunisie-libye-reouverture-du-poste-frontalier-de-ras-jedir\/\",\"name\":\"Tunisie-Libye : R\u00e9ouverture du poste frontalier de Ras Jedir - Kapitalis\",\"isPartOf\":{\"@id\":\"https:\/\/kapitalis.com\/tunisie\/#website\"},\"primaryImageOfPage\":{\"@id\":\"https:\/\/kapitalis.com\/tunisie\/2020\/10\/23\/tunisie-libye-reouverture-du-poste-frontalier-de-ras-jedir\/#primaryimage\"},\"image\":{\"@id\":\"https:\/\/kapitalis.com\/tunisie\/2020\/10\/23\/tunisie-libye-reouverture-du-poste-frontalier-de-ras-jedir\/#primaryimage\"},\"thumbnailUrl\":\"\",\"datePublished\":\"2020-10-23T21:20:33+00:00\",\"dateModified\":\"2020-10-24T06:25:23+00:00\",\"breadcrumb\":{\"@id\":\"https:\/\/kapitalis.com\/tunisie\/2020\/10\/23\/tunisie-libye-reouverture-du-poste-frontalier-de-ras-jedir\/#breadcrumb\"},\"inLanguage\":\"fr-FR\",\"potentialAction\":[{\"@type\":\"ReadAction\",\"target\":[\"https:\/\/kapitalis.com\/tunisie\/2020\/10\/23\/tunisie-libye-reouverture-du-poste-frontalier-de-ras-jedir\/\"]}]},{\"@type\":\"ImageObject\",\"inLanguage\":\"fr-FR\",\"@id\":\"https:\/\/kapitalis.com\/tunisie\/2020\/10\/23\/tunisie-libye-reouverture-du-poste-frontalier-de-ras-jedir\/#primaryimage\",\"url\":\"\",\"contentUrl\":\"\"},{\"@type\":\"BreadcrumbList\",\"@id\":\"https:\/\/kapitalis.com\/tunisie\/2020\/10\/23\/tunisie-libye-reouverture-du-poste-frontalier-de-ras-jedir\/#breadcrumb\",\"itemListElement\":[{\"@type\":\"ListItem\",\"position\":1,\"name\":\"Accueil\",\"item\":\"https:\/\/kapitalis.com\/tunisie\/\"},{\"@type\":\"ListItem\",\"position\":2,\"name\":\"Tunisie-Libye : R\u00e9ouverture du poste frontalier de Ras Jedir\"}]},{\"@type\":\"WebSite\",\"@id\":\"https:\/\/kapitalis.com\/tunisie\/#website\",\"url\":\"https:\/\/kapitalis.com\/tunisie\/\",\"name\":\"Kapitalis\",\"description\":\"L&#039;actualit\u00e9 en Tunisie et dans le monde\",\"publisher\":{\"@id\":\"https:\/\/kapitalis.com\/tunisie\/#organization\"},\"potentialAction\":[{\"@type\":\"SearchAction\",\"target\":{\"@type\":\"EntryPoint\",\"urlTemplate\":\"https:\/\/kapitalis.com\/tunisie\/?s={search_term_string}\"},\"query-input\":{\"@type\":\"PropertyValueSpecification\",\"valueRequired\":true,\"valueName\":\"search_term_string\"}}],\"inLanguage\":\"fr-FR\"},{\"@type\":\"Organization\",\"@id\":\"https:\/\/kapitalis.com\/tunisie\/#organization\",\"name\":\"Kapitalis\",\"url\":\"https:\/\/kapitalis.com\/tunisie\/\",\"logo\":{\"@type\":\"ImageObject\",\"inLanguage\":\"fr-FR\",\"@id\":\"https:\/\/kapitalis.com\/tunisie\/#\/schema\/logo\/image\/\",\"url\":\"https:\/\/kapitalis.com\/tunisie\/wp-content\/uploads\/2022\/05\/Kapitalis-big-size.png\",\"contentUrl\":\"https:\/\/kapitalis.com\/tunisie\/wp-content\/uploads\/2022\/05\/Kapitalis-big-size.png\",\"width\":5000,\"height\":1500,\"caption\":\"Kapitalis\"},\"image\":{\"@id\":\"https:\/\/kapitalis.com\/tunisie\/#\/schema\/logo\/image\/\"},\"sameAs\":[\"https:\/\/www.facebook.com\/KapitalisInfo\/\",\"https:\/\/x.com\/KapitalisInfo\",\"https:\/\/www.youtube.com\/channel\/UC-yDYrHyfFBWWZaOw3FPg9Q\"]},{\"@type\":\"Person\",\"@id\":\"https:\/\/kapitalis.com\/tunisie\/#\/schema\/person\/74bbde0154d49d790a92aaeac5bc01d5\",\"name\":\"Yusra NY\",\"url\":\"https:\/\/kapitalis.com\/tunisie\/author\/yuza_adam\/\"}]}<\/script>\n<!-- \/ Yoast SEO plugin. -->","yoast_head_json":{"title":"Tunisie-Libye : R\u00e9ouverture du poste frontalier de Ras Jedir - Kapitalis","robots":{"index":"index","follow":"follow","max-snippet":"max-snippet:-1","max-image-preview":"max-image-preview:large","max-video-preview":"max-video-preview:-1"},"canonical":"https:\/\/kapitalis.com\/tunisie\/2020\/10\/23\/tunisie-libye-reouverture-du-poste-frontalier-de-ras-jedir\/","og_locale":"fr_FR","og_type":"article","og_title":"Tunisie-Libye : R\u00e9ouverture du poste frontalier de Ras Jedir - Kapitalis","og_description":"Suite \u00e0 l\u2019accord conclu entre la Tunisie et la Libye pour la r\u00e9ouverture des fronti\u00e8res, le chef du gouvernement Hichem Mechichi a autoris\u00e9, ce vendredi 23 octobre 2020, la r\u00e9ouverture du poste frontalier de Ras Jedir, tout en appelant au respect du protocole sanitaire, \u00e9labor\u00e9 par les deux pays, visant \u00e0 pr\u00e9venir la propagation de...","og_url":"https:\/\/kapitalis.com\/tunisie\/2020\/10\/23\/tunisie-libye-reouverture-du-poste-frontalier-de-ras-jedir\/","og_site_name":"Kapitalis","article_publisher":"https:\/\/www.facebook.com\/KapitalisInfo\/","article_published_time":"2020-10-23T21:20:33+00:00","article_modified_time":"2020-10-24T06:25:23+00:00","og_image":[{"width":1200,"height":630,"url":"https:\/\/kapitalis.com\/tunisie\/wp-content\/uploads\/2022\/05\/kapitalis-logo-fb.png","type":"image\/png"}],"author":"Yusra NY","twitter_card":"summary_large_image","twitter_creator":"@KapitalisInfo","twitter_site":"@KapitalisInfo","twitter_misc":{"\u00c9crit par":"Yusra NY","Dur\u00e9e de lecture estim\u00e9e":"1 minute"},"schema":{"@context":"https:\/\/schema.org","@graph":[{"@type":"Article","@id":"https:\/\/kapitalis.com\/tunisie\/2020\/10\/23\/tunisie-libye-reouverture-du-poste-frontalier-de-ras-jedir\/#article","isPartOf":{"@id":"https:\/\/kapitalis.com\/tunisie\/2020\/10\/23\/tunisie-libye-reouverture-du-poste-frontalier-de-ras-jedir\/"},"author":{"name":"Yusra NY","@id":"https:\/\/kapitalis.com\/tunisie\/#\/schema\/person\/74bbde0154d49d790a92aaeac5bc01d5"},"headline":"Tunisie-Libye : R\u00e9ouverture du poste frontalier de Ras Jedir","datePublished":"2020-10-23T21:20:33+00:00","dateModified":"2020-10-24T06:25:23+00:00","mainEntityOfPage":{"@id":"https:\/\/kapitalis.com\/tunisie\/2020\/10\/23\/tunisie-libye-reouverture-du-poste-frontalier-de-ras-jedir\/"},"wordCount":255,"commentCount":0,"publisher":{"@id":"https:\/\/kapitalis.com\/tunisie\/#organization"},"image":{"@id":"https:\/\/kapitalis.com\/tunisie\/2020\/10\/23\/tunisie-libye-reouverture-du-poste-frontalier-de-ras-jedir\/#primaryimage"},"thumbnailUrl":"","keywords":["Coronavirus","Hichem Mechichi","Libye","poste frontalier","Ras Jedir","r\u00e9ouverture fronti\u00e8res","Tunisie"],"articleSection":["ECONOMIE","POLITIQUE","Tunisie"],"inLanguage":"fr-FR","potentialAction":[{"@type":"CommentAction","name":"Comment","target":["https:\/\/kapitalis.com\/tunisie\/2020\/10\/23\/tunisie-libye-reouverture-du-poste-frontalier-de-ras-jedir\/#respond"]}]},{"@type":"WebPage","@id":"https:\/\/kapitalis.com\/tunisie\/2020\/10\/23\/tunisie-libye-reouverture-du-poste-frontalier-de-ras-jedir\/","url":"https:\/\/kapitalis.com\/tunisie\/2020\/10\/23\/tunisie-libye-reouverture-du-poste-frontalier-de-ras-jedir\/","name":"Tunisie-Libye : R\u00e9ouverture du poste frontalier de Ras Jedir - Kapitalis","isPartOf":{"@id":"https:\/\/kapitalis.com\/tunisie\/#website"},"primaryImageOfPage":{"@id":"https:\/\/kapitalis.com\/tunisie\/2020\/10\/23\/tunisie-libye-reouverture-du-poste-frontalier-de-ras-jedir\/#primaryimage"},"image":{"@id":"https:\/\/kapitalis.com\/tunisie\/2020\/10\/23\/tunisie-libye-reouverture-du-poste-frontalier-de-ras-jedir\/#primaryimage"},"thumbnailUrl":"","datePublished":"2020-10-23T21:20:33+00:00","dateModified":"2020-10-24T06:25:23+00:00","breadcrumb":{"@id":"https:\/\/kapitalis.com\/tunisie\/2020\/10\/23\/tunisie-libye-reouverture-du-poste-frontalier-de-ras-jedir\/#breadcrumb"},"inLanguage":"fr-FR","potentialAction":[{"@type":"ReadAction","target":["https:\/\/kapitalis.com\/tunisie\/2020\/10\/23\/tunisie-libye-reouverture-du-poste-frontalier-de-ras-jedir\/"]}]},{"@type":"ImageObject","inLanguage":"fr-FR","@id":"https:\/\/kapitalis.com\/tunisie\/2020\/10\/23\/tunisie-libye-reouverture-du-poste-frontalier-de-ras-jedir\/#primaryimage","url":"","contentUrl":""},{"@type":"BreadcrumbList","@id":"https:\/\/kapitalis.com\/tunisie\/2020\/10\/23\/tunisie-libye-reouverture-du-poste-frontalier-de-ras-jedir\/#breadcrumb","itemListElement":[{"@type":"ListItem","position":1,"name":"Accueil","item":"https:\/\/kapitalis.com\/tunisie\/"},{"@type":"ListItem","position":2,"name":"Tunisie-Libye : R\u00e9ouverture du poste frontalier de Ras Jedir"}]},{"@type":"WebSite","@id":"https:\/\/kapitalis.com\/tunisie\/#website","url":"https:\/\/kapitalis.com\/tunisie\/","name":"Kapitalis","description":"L&#039;actualit\u00e9 en Tunisie et dans le monde","publisher":{"@id":"https:\/\/kapitalis.com\/tunisie\/#organization"},"potentialAction":[{"@type":"SearchAction","target":{"@type":"EntryPoint","urlTemplate":"https:\/\/kapitalis.com\/tunisie\/?s={search_term_string}"},"query-input":{"@type":"PropertyValueSpecification","valueRequired":true,"valueName":"search_term_string"}}],"inLanguage":"fr-FR"},{"@type":"Organization","@id":"https:\/\/kapitalis.com\/tunisie\/#organization","name":"Kapitalis","url":"https:\/\/kapitalis.com\/tunisie\/","logo":{"@type":"ImageObject","inLanguage":"fr-FR","@id":"https:\/\/kapitalis.com\/tunisie\/#\/schema\/logo\/image\/","url":"https:\/\/kapitalis.com\/tunisie\/wp-content\/uploads\/2022\/05\/Kapitalis-big-size.png","contentUrl":"https:\/\/kapitalis.com\/tunisie\/wp-content\/uploads\/2022\/05\/Kapitalis-big-size.png","width":5000,"height":1500,"caption":"Kapitalis"},"image":{"@id":"https:\/\/kapitalis.com\/tunisie\/#\/schema\/logo\/image\/"},"sameAs":["https:\/\/www.facebook.com\/KapitalisInfo\/","https:\/\/x.com\/KapitalisInfo","https:\/\/www.youtube.com\/channel\/UC-yDYrHyfFBWWZaOw3FPg9Q"]},{"@type":"Person","@id":"https:\/\/kapitalis.com\/tunisie\/#\/schema\/person\/74bbde0154d49d790a92aaeac5bc01d5","name":"Yusra NY","url":"https:\/\/kapitalis.com\/tunisie\/author\/yuza_adam\/"}]}},"_links":{"self":[{"href":"https:\/\/kapitalis.com\/tunisie\/wp-json\/wp\/v2\/posts\/321795","targetHints":{"allow":["GET"]}}],"collection":[{"href":"https:\/\/kapitalis.com\/tunisie\/wp-json\/wp\/v2\/posts"}],"about":[{"href":"https:\/\/kapitalis.com\/tunisie\/wp-json\/wp\/v2\/types\/post"}],"author":[{"embeddable":true,"href":"https:\/\/kapitalis.com\/tunisie\/wp-json\/wp\/v2\/users\/6"}],"replies":[{"embeddable":true,"href":"https:\/\/kapitalis.com\/tunisie\/wp-json\/wp\/v2\/comments?post=321795"}],"version-history":[{"count":0,"href":"https:\/\/kapitalis.com\/tunisie\/wp-json\/wp\/v2\/posts\/321795\/revisions"}],"wp:featuredmedia":[{"embeddable":true,"href":"https:\/\/kapitalis.com\/tunisie\/wp-json\/wp\/v2\/media\/321797"}],"wp:attachment":[{"href":"https:\/\/kapitalis.com\/tunisie\/wp-json\/wp\/v2\/media?parent=321795"}],"wp:term":[{"taxonomy":"category","embeddable":true,"href":"https:\/\/kapitalis.com\/tunisie\/wp-json\/wp\/v2\/categories?post=321795"},{"taxonomy":"post_tag","embeddable":true,"href":"https:\/\/kapitalis.com\/tunisie\/wp-json\/wp\/v2\/tags?post=321795"}],"curies":[{"name":"wp","href":"https:\/\/api.w.org\/{rel}","templated":true}]}}