{"id":321857,"date":"2020-10-24T10:11:16","date_gmt":"2020-10-24T09:11:16","guid":{"rendered":"http:\/\/kapitalis.com\/tunisie\/?p=321857"},"modified":"2020-10-24T10:11:18","modified_gmt":"2020-10-24T09:11:18","slug":"e-conference-a-sfax-sur-les-technologies-spatiales","status":"publish","type":"post","link":"https:\/\/kapitalis.com\/tunisie\/2020\/10\/24\/e-conference-a-sfax-sur-les-technologies-spatiales\/","title":{"rendered":"E-conf\u00e9rence \u00e0 Sfax sur les technologies spatiales"},"content":{"rendered":"\n<figure class=\"wp-block-image size-large\"><img decoding=\"async\" src=\"http:\/\/kapitalis.com\/tunisie\/wp-content\/uploads\/2020\/10\/E-conference-Sfax.jpg\" alt=\"\" class=\"wp-image-321858\"\/><\/figure>\n\n\n\n<p><em><strong>La Technopole Sfax, en collaboration avec Airbus et la GIZ Tunisie, organise une conf\u00e9rence en ligne sur le th\u00e8me \u00abAirbus : les technologies spatiales au service de l\u2019observation de la Terre et de la connectivit\u00e9\u00bb, le 4 novembre 2020, de 14h \u00e0 16h (GMT+1).<\/strong><\/em><\/p>\n\n\n\n<!--more-->\n\n\n\n<p>L\u2019e-conf\u00e9rence entre dans le cadre de la promotion du hackathon international ActInSpace, qui sera organis\u00e9 les 13 et 14 novembre. Son objectif est d\u2019ouvrir un nouvel espace aux Tunisiens, celui des technologies spatiales, et d\u2019encourager les \u00e9tudiants, les entrepreneurs et les industriels \u00e0 inspirer, d\u00e9velopper, cr\u00e9er et innover gr\u00e2ce au spatial.<\/p>\n\n\n\n<p>L\u2019image de l\u2019affiche, acquise par le satellite Pl\u00e9iades en 2015, montre un v\u00e9ritable drapeau tunisien g\u00e9ant (396 x 264 m\u00e8tre) qui a \u00e9t\u00e9 assembl\u00e9 par 250 b\u00e9n\u00e9voles lors de la manifestation AhnaTounes. Ils se sont relay\u00e9s pendant 3 semaines pour r\u00e9ussir cet exploit. Le r\u00e9sultat de ce travail de fourmi a \u00e9t\u00e9 install\u00e9 \u00e0 OngJmal, pr\u00e8s de Nefta, dans la r\u00e9gion de Tozeur.<\/p>\n\n\n\n<p>Cet exemple illustre un des avantages des satellites d\u2019observation : la capacit\u00e9 \u00e0 s\u2019affranchir des fronti\u00e8res et des contraintes politiques. La technologie spatiale est id\u00e9ale pour les applications o\u00f9 la fra\u00eecheur des donn\u00e9es est essentielle : d\u00e9fense et s\u00e9curit\u00e9, g\u00e9nie civil, environnement forestier, secteur p\u00e9trolier, gazier et minier, agriculture et services bas\u00e9s sur la localisation.<\/p>\n\n\n\n<p><strong><em>Source <\/em><\/strong>: communiqu\u00e9.<\/p>\n","protected":false},"excerpt":{"rendered":"<p>La Technopole Sfax, en collaboration avec Airbus et la GIZ Tunisie, organise une conf\u00e9rence en ligne sur le th\u00e8me \u00abAirbus : les technologies spatiales au service de l\u2019observation de la Terre et de la connectivit\u00e9\u00bb, le 4 novembre 2020, de 14h \u00e0 16h (GMT+1).<\/p>\n","protected":false},"author":8,"featured_media":321858,"comment_status":"open","ping_status":"open","sticky":false,"template":"","format":"standard","meta":{"footnotes":""},"categories":[995,2433],"tags":[2180,84135,84134,81791],"class_list":["post-321857","post","type-post","status-publish","format-standard","has-post-thumbnail","hentry","category-economie","category-tunisie","tag-airbus","tag-hackathon-international-actinspace","tag-technologies-spatiales","tag-technopole-sfax"],"yoast_head":"<!-- This site is optimized with the Yoast SEO plugin v26.6 - https:\/\/yoast.com\/wordpress\/plugins\/seo\/ -->\n<title>E-conf\u00e9rence \u00e0 Sfax sur les technologies spatiales - Kapitalis<\/title>\n<meta name=\"robots\" content=\"index, follow, max-snippet:-1, max-image-preview:large, max-video-preview:-1\" \/>\n<link rel=\"canonical\" href=\"https:\/\/kapitalis.com\/tunisie\/2020\/10\/24\/e-conference-a-sfax-sur-les-technologies-spatiales\/\" \/>\n<meta property=\"og:locale\" content=\"fr_FR\" \/>\n<meta property=\"og:type\" content=\"article\" \/>\n<meta property=\"og:title\" content=\"E-conf\u00e9rence \u00e0 Sfax sur les technologies spatiales - Kapitalis\" \/>\n<meta property=\"og:description\" content=\"La Technopole Sfax, en collaboration avec Airbus et la GIZ Tunisie, organise une conf\u00e9rence en ligne sur le th\u00e8me \u00abAirbus : les technologies spatiales au service de l\u2019observation de la Terre et de la connectivit\u00e9\u00bb, le 4 novembre 2020, de 14h \u00e0 16h (GMT+1).\" \/>\n<meta property=\"og:url\" content=\"https:\/\/kapitalis.com\/tunisie\/2020\/10\/24\/e-conference-a-sfax-sur-les-technologies-spatiales\/\" \/>\n<meta property=\"og:site_name\" content=\"Kapitalis\" \/>\n<meta property=\"article:publisher\" content=\"https:\/\/www.facebook.com\/KapitalisInfo\/\" \/>\n<meta property=\"article:published_time\" content=\"2020-10-24T09:11:16+00:00\" \/>\n<meta property=\"article:modified_time\" content=\"2020-10-24T09:11:18+00:00\" \/>\n<meta property=\"og:image\" content=\"https:\/\/kapitalis.com\/tunisie\/wp-content\/uploads\/2022\/05\/kapitalis-logo-fb.png\" \/>\n\t<meta property=\"og:image:width\" content=\"1200\" \/>\n\t<meta property=\"og:image:height\" content=\"630\" \/>\n\t<meta property=\"og:image:type\" content=\"image\/png\" \/>\n<meta name=\"author\" content=\"webmaster kapitalis\" \/>\n<meta name=\"twitter:card\" content=\"summary_large_image\" \/>\n<meta name=\"twitter:creator\" content=\"@KapitalisInfo\" \/>\n<meta name=\"twitter:site\" content=\"@KapitalisInfo\" \/>\n<meta name=\"twitter:label1\" content=\"\u00c9crit par\" \/>\n\t<meta name=\"twitter:data1\" content=\"webmaster kapitalis\" \/>\n\t<meta name=\"twitter:label2\" content=\"Dur\u00e9e de lecture estim\u00e9e\" \/>\n\t<meta name=\"twitter:data2\" content=\"1 minute\" \/>\n<script type=\"application\/ld+json\" class=\"yoast-schema-graph\">{\"@context\":\"https:\/\/schema.org\",\"@graph\":[{\"@type\":\"Article\",\"@id\":\"https:\/\/kapitalis.com\/tunisie\/2020\/10\/24\/e-conference-a-sfax-sur-les-technologies-spatiales\/#article\",\"isPartOf\":{\"@id\":\"https:\/\/kapitalis.com\/tunisie\/2020\/10\/24\/e-conference-a-sfax-sur-les-technologies-spatiales\/\"},\"author\":{\"name\":\"webmaster kapitalis\",\"@id\":\"https:\/\/kapitalis.com\/tunisie\/#\/schema\/person\/d71f33a9ca44f7bad4698210b480c8e9\"},\"headline\":\"E-conf\u00e9rence \u00e0 Sfax sur les technologies spatiales\",\"datePublished\":\"2020-10-24T09:11:16+00:00\",\"dateModified\":\"2020-10-24T09:11:18+00:00\",\"mainEntityOfPage\":{\"@id\":\"https:\/\/kapitalis.com\/tunisie\/2020\/10\/24\/e-conference-a-sfax-sur-les-technologies-spatiales\/\"},\"wordCount\":240,\"commentCount\":1,\"publisher\":{\"@id\":\"https:\/\/kapitalis.com\/tunisie\/#organization\"},\"image\":{\"@id\":\"https:\/\/kapitalis.com\/tunisie\/2020\/10\/24\/e-conference-a-sfax-sur-les-technologies-spatiales\/#primaryimage\"},\"thumbnailUrl\":\"\",\"keywords\":[\"Airbus\",\"hackathon international ActInSpace\",\"technologies spatiales\",\"Technopole Sfax\"],\"articleSection\":[\"ECONOMIE\",\"Tunisie\"],\"inLanguage\":\"fr-FR\",\"potentialAction\":[{\"@type\":\"CommentAction\",\"name\":\"Comment\",\"target\":[\"https:\/\/kapitalis.com\/tunisie\/2020\/10\/24\/e-conference-a-sfax-sur-les-technologies-spatiales\/#respond\"]}]},{\"@type\":\"WebPage\",\"@id\":\"https:\/\/kapitalis.com\/tunisie\/2020\/10\/24\/e-conference-a-sfax-sur-les-technologies-spatiales\/\",\"url\":\"https:\/\/kapitalis.com\/tunisie\/2020\/10\/24\/e-conference-a-sfax-sur-les-technologies-spatiales\/\",\"name\":\"E-conf\u00e9rence \u00e0 Sfax sur les technologies spatiales - Kapitalis\",\"isPartOf\":{\"@id\":\"https:\/\/kapitalis.com\/tunisie\/#website\"},\"primaryImageOfPage\":{\"@id\":\"https:\/\/kapitalis.com\/tunisie\/2020\/10\/24\/e-conference-a-sfax-sur-les-technologies-spatiales\/#primaryimage\"},\"image\":{\"@id\":\"https:\/\/kapitalis.com\/tunisie\/2020\/10\/24\/e-conference-a-sfax-sur-les-technologies-spatiales\/#primaryimage\"},\"thumbnailUrl\":\"\",\"datePublished\":\"2020-10-24T09:11:16+00:00\",\"dateModified\":\"2020-10-24T09:11:18+00:00\",\"breadcrumb\":{\"@id\":\"https:\/\/kapitalis.com\/tunisie\/2020\/10\/24\/e-conference-a-sfax-sur-les-technologies-spatiales\/#breadcrumb\"},\"inLanguage\":\"fr-FR\",\"potentialAction\":[{\"@type\":\"ReadAction\",\"target\":[\"https:\/\/kapitalis.com\/tunisie\/2020\/10\/24\/e-conference-a-sfax-sur-les-technologies-spatiales\/\"]}]},{\"@type\":\"ImageObject\",\"inLanguage\":\"fr-FR\",\"@id\":\"https:\/\/kapitalis.com\/tunisie\/2020\/10\/24\/e-conference-a-sfax-sur-les-technologies-spatiales\/#primaryimage\",\"url\":\"\",\"contentUrl\":\"\"},{\"@type\":\"BreadcrumbList\",\"@id\":\"https:\/\/kapitalis.com\/tunisie\/2020\/10\/24\/e-conference-a-sfax-sur-les-technologies-spatiales\/#breadcrumb\",\"itemListElement\":[{\"@type\":\"ListItem\",\"position\":1,\"name\":\"Accueil\",\"item\":\"https:\/\/kapitalis.com\/tunisie\/\"},{\"@type\":\"ListItem\",\"position\":2,\"name\":\"E-conf\u00e9rence \u00e0 Sfax sur les technologies spatiales\"}]},{\"@type\":\"WebSite\",\"@id\":\"https:\/\/kapitalis.com\/tunisie\/#website\",\"url\":\"https:\/\/kapitalis.com\/tunisie\/\",\"name\":\"Kapitalis\",\"description\":\"L&#039;actualit\u00e9 en Tunisie et dans le monde\",\"publisher\":{\"@id\":\"https:\/\/kapitalis.com\/tunisie\/#organization\"},\"potentialAction\":[{\"@type\":\"SearchAction\",\"target\":{\"@type\":\"EntryPoint\",\"urlTemplate\":\"https:\/\/kapitalis.com\/tunisie\/?s={search_term_string}\"},\"query-input\":{\"@type\":\"PropertyValueSpecification\",\"valueRequired\":true,\"valueName\":\"search_term_string\"}}],\"inLanguage\":\"fr-FR\"},{\"@type\":\"Organization\",\"@id\":\"https:\/\/kapitalis.com\/tunisie\/#organization\",\"name\":\"Kapitalis\",\"url\":\"https:\/\/kapitalis.com\/tunisie\/\",\"logo\":{\"@type\":\"ImageObject\",\"inLanguage\":\"fr-FR\",\"@id\":\"https:\/\/kapitalis.com\/tunisie\/#\/schema\/logo\/image\/\",\"url\":\"https:\/\/kapitalis.com\/tunisie\/wp-content\/uploads\/2022\/05\/Kapitalis-big-size.png\",\"contentUrl\":\"https:\/\/kapitalis.com\/tunisie\/wp-content\/uploads\/2022\/05\/Kapitalis-big-size.png\",\"width\":5000,\"height\":1500,\"caption\":\"Kapitalis\"},\"image\":{\"@id\":\"https:\/\/kapitalis.com\/tunisie\/#\/schema\/logo\/image\/\"},\"sameAs\":[\"https:\/\/www.facebook.com\/KapitalisInfo\/\",\"https:\/\/x.com\/KapitalisInfo\",\"https:\/\/www.youtube.com\/channel\/UC-yDYrHyfFBWWZaOw3FPg9Q\"]},{\"@type\":\"Person\",\"@id\":\"https:\/\/kapitalis.com\/tunisie\/#\/schema\/person\/d71f33a9ca44f7bad4698210b480c8e9\",\"name\":\"webmaster kapitalis\",\"url\":\"https:\/\/kapitalis.com\/tunisie\/author\/webmaster-kapitalis\/\"}]}<\/script>\n<!-- \/ Yoast SEO plugin. -->","yoast_head_json":{"title":"E-conf\u00e9rence \u00e0 Sfax sur les technologies spatiales - Kapitalis","robots":{"index":"index","follow":"follow","max-snippet":"max-snippet:-1","max-image-preview":"max-image-preview:large","max-video-preview":"max-video-preview:-1"},"canonical":"https:\/\/kapitalis.com\/tunisie\/2020\/10\/24\/e-conference-a-sfax-sur-les-technologies-spatiales\/","og_locale":"fr_FR","og_type":"article","og_title":"E-conf\u00e9rence \u00e0 Sfax sur les technologies spatiales - Kapitalis","og_description":"La Technopole Sfax, en collaboration avec Airbus et la GIZ Tunisie, organise une conf\u00e9rence en ligne sur le th\u00e8me \u00abAirbus : les technologies spatiales au service de l\u2019observation de la Terre et de la connectivit\u00e9\u00bb, le 4 novembre 2020, de 14h \u00e0 16h (GMT+1).","og_url":"https:\/\/kapitalis.com\/tunisie\/2020\/10\/24\/e-conference-a-sfax-sur-les-technologies-spatiales\/","og_site_name":"Kapitalis","article_publisher":"https:\/\/www.facebook.com\/KapitalisInfo\/","article_published_time":"2020-10-24T09:11:16+00:00","article_modified_time":"2020-10-24T09:11:18+00:00","og_image":[{"width":1200,"height":630,"url":"https:\/\/kapitalis.com\/tunisie\/wp-content\/uploads\/2022\/05\/kapitalis-logo-fb.png","type":"image\/png"}],"author":"webmaster kapitalis","twitter_card":"summary_large_image","twitter_creator":"@KapitalisInfo","twitter_site":"@KapitalisInfo","twitter_misc":{"\u00c9crit par":"webmaster kapitalis","Dur\u00e9e de lecture estim\u00e9e":"1 minute"},"schema":{"@context":"https:\/\/schema.org","@graph":[{"@type":"Article","@id":"https:\/\/kapitalis.com\/tunisie\/2020\/10\/24\/e-conference-a-sfax-sur-les-technologies-spatiales\/#article","isPartOf":{"@id":"https:\/\/kapitalis.com\/tunisie\/2020\/10\/24\/e-conference-a-sfax-sur-les-technologies-spatiales\/"},"author":{"name":"webmaster kapitalis","@id":"https:\/\/kapitalis.com\/tunisie\/#\/schema\/person\/d71f33a9ca44f7bad4698210b480c8e9"},"headline":"E-conf\u00e9rence \u00e0 Sfax sur les technologies spatiales","datePublished":"2020-10-24T09:11:16+00:00","dateModified":"2020-10-24T09:11:18+00:00","mainEntityOfPage":{"@id":"https:\/\/kapitalis.com\/tunisie\/2020\/10\/24\/e-conference-a-sfax-sur-les-technologies-spatiales\/"},"wordCount":240,"commentCount":1,"publisher":{"@id":"https:\/\/kapitalis.com\/tunisie\/#organization"},"image":{"@id":"https:\/\/kapitalis.com\/tunisie\/2020\/10\/24\/e-conference-a-sfax-sur-les-technologies-spatiales\/#primaryimage"},"thumbnailUrl":"","keywords":["Airbus","hackathon international ActInSpace","technologies spatiales","Technopole Sfax"],"articleSection":["ECONOMIE","Tunisie"],"inLanguage":"fr-FR","potentialAction":[{"@type":"CommentAction","name":"Comment","target":["https:\/\/kapitalis.com\/tunisie\/2020\/10\/24\/e-conference-a-sfax-sur-les-technologies-spatiales\/#respond"]}]},{"@type":"WebPage","@id":"https:\/\/kapitalis.com\/tunisie\/2020\/10\/24\/e-conference-a-sfax-sur-les-technologies-spatiales\/","url":"https:\/\/kapitalis.com\/tunisie\/2020\/10\/24\/e-conference-a-sfax-sur-les-technologies-spatiales\/","name":"E-conf\u00e9rence \u00e0 Sfax sur les technologies spatiales - Kapitalis","isPartOf":{"@id":"https:\/\/kapitalis.com\/tunisie\/#website"},"primaryImageOfPage":{"@id":"https:\/\/kapitalis.com\/tunisie\/2020\/10\/24\/e-conference-a-sfax-sur-les-technologies-spatiales\/#primaryimage"},"image":{"@id":"https:\/\/kapitalis.com\/tunisie\/2020\/10\/24\/e-conference-a-sfax-sur-les-technologies-spatiales\/#primaryimage"},"thumbnailUrl":"","datePublished":"2020-10-24T09:11:16+00:00","dateModified":"2020-10-24T09:11:18+00:00","breadcrumb":{"@id":"https:\/\/kapitalis.com\/tunisie\/2020\/10\/24\/e-conference-a-sfax-sur-les-technologies-spatiales\/#breadcrumb"},"inLanguage":"fr-FR","potentialAction":[{"@type":"ReadAction","target":["https:\/\/kapitalis.com\/tunisie\/2020\/10\/24\/e-conference-a-sfax-sur-les-technologies-spatiales\/"]}]},{"@type":"ImageObject","inLanguage":"fr-FR","@id":"https:\/\/kapitalis.com\/tunisie\/2020\/10\/24\/e-conference-a-sfax-sur-les-technologies-spatiales\/#primaryimage","url":"","contentUrl":""},{"@type":"BreadcrumbList","@id":"https:\/\/kapitalis.com\/tunisie\/2020\/10\/24\/e-conference-a-sfax-sur-les-technologies-spatiales\/#breadcrumb","itemListElement":[{"@type":"ListItem","position":1,"name":"Accueil","item":"https:\/\/kapitalis.com\/tunisie\/"},{"@type":"ListItem","position":2,"name":"E-conf\u00e9rence \u00e0 Sfax sur les technologies spatiales"}]},{"@type":"WebSite","@id":"https:\/\/kapitalis.com\/tunisie\/#website","url":"https:\/\/kapitalis.com\/tunisie\/","name":"Kapitalis","description":"L&#039;actualit\u00e9 en Tunisie et dans le monde","publisher":{"@id":"https:\/\/kapitalis.com\/tunisie\/#organization"},"potentialAction":[{"@type":"SearchAction","target":{"@type":"EntryPoint","urlTemplate":"https:\/\/kapitalis.com\/tunisie\/?s={search_term_string}"},"query-input":{"@type":"PropertyValueSpecification","valueRequired":true,"valueName":"search_term_string"}}],"inLanguage":"fr-FR"},{"@type":"Organization","@id":"https:\/\/kapitalis.com\/tunisie\/#organization","name":"Kapitalis","url":"https:\/\/kapitalis.com\/tunisie\/","logo":{"@type":"ImageObject","inLanguage":"fr-FR","@id":"https:\/\/kapitalis.com\/tunisie\/#\/schema\/logo\/image\/","url":"https:\/\/kapitalis.com\/tunisie\/wp-content\/uploads\/2022\/05\/Kapitalis-big-size.png","contentUrl":"https:\/\/kapitalis.com\/tunisie\/wp-content\/uploads\/2022\/05\/Kapitalis-big-size.png","width":5000,"height":1500,"caption":"Kapitalis"},"image":{"@id":"https:\/\/kapitalis.com\/tunisie\/#\/schema\/logo\/image\/"},"sameAs":["https:\/\/www.facebook.com\/KapitalisInfo\/","https:\/\/x.com\/KapitalisInfo","https:\/\/www.youtube.com\/channel\/UC-yDYrHyfFBWWZaOw3FPg9Q"]},{"@type":"Person","@id":"https:\/\/kapitalis.com\/tunisie\/#\/schema\/person\/d71f33a9ca44f7bad4698210b480c8e9","name":"webmaster kapitalis","url":"https:\/\/kapitalis.com\/tunisie\/author\/webmaster-kapitalis\/"}]}},"_links":{"self":[{"href":"https:\/\/kapitalis.com\/tunisie\/wp-json\/wp\/v2\/posts\/321857","targetHints":{"allow":["GET"]}}],"collection":[{"href":"https:\/\/kapitalis.com\/tunisie\/wp-json\/wp\/v2\/posts"}],"about":[{"href":"https:\/\/kapitalis.com\/tunisie\/wp-json\/wp\/v2\/types\/post"}],"author":[{"embeddable":true,"href":"https:\/\/kapitalis.com\/tunisie\/wp-json\/wp\/v2\/users\/8"}],"replies":[{"embeddable":true,"href":"https:\/\/kapitalis.com\/tunisie\/wp-json\/wp\/v2\/comments?post=321857"}],"version-history":[{"count":0,"href":"https:\/\/kapitalis.com\/tunisie\/wp-json\/wp\/v2\/posts\/321857\/revisions"}],"wp:featuredmedia":[{"embeddable":true,"href":"https:\/\/kapitalis.com\/tunisie\/wp-json\/wp\/v2\/media\/321858"}],"wp:attachment":[{"href":"https:\/\/kapitalis.com\/tunisie\/wp-json\/wp\/v2\/media?parent=321857"}],"wp:term":[{"taxonomy":"category","embeddable":true,"href":"https:\/\/kapitalis.com\/tunisie\/wp-json\/wp\/v2\/categories?post=321857"},{"taxonomy":"post_tag","embeddable":true,"href":"https:\/\/kapitalis.com\/tunisie\/wp-json\/wp\/v2\/tags?post=321857"}],"curies":[{"name":"wp","href":"https:\/\/api.w.org\/{rel}","templated":true}]}}