{"id":322011,"date":"2020-10-26T09:46:25","date_gmt":"2020-10-26T08:46:25","guid":{"rendered":"http:\/\/kapitalis.com\/tunisie\/?p=322011"},"modified":"2020-10-26T12:57:28","modified_gmt":"2020-10-26T11:57:28","slug":"entre-yassine-ayari-et-wadie-jary-la-tension-monte-dun-cran","status":"publish","type":"post","link":"https:\/\/kapitalis.com\/tunisie\/2020\/10\/26\/entre-yassine-ayari-et-wadie-jary-la-tension-monte-dun-cran\/","title":{"rendered":"Entre Yassine Ayari et Wadie Jary, la tension monte d&rsquo;un cran"},"content":{"rendered":"\n<figure class=\"wp-block-image size-large\"><img decoding=\"async\" src=\"http:\/\/kapitalis.com\/tunisie\/wp-content\/uploads\/2020\/10\/ayari-jary.jpg\" alt=\"\" class=\"wp-image-321018\"\/><\/figure>\n\n\n\n<p><strong><em>Fustig\u00e9 depuis pr\u00e8s de deux semaines par le d\u00e9put\u00e9 du mouvement \u201cAmal wa 3amal\u201d, Yassine Ayari, le pr\u00e9sident de la F\u00e9d\u00e9ration tunisienne de football (FTF), Wadie Jary portera finalement plainte, au nom de la f\u00e9d\u00e9ration, pour diffamation et fausses all\u00e9gations.<\/em><\/strong><\/p>\n\n\n\n<!--more-->\n\n\n\n<p>C&rsquo;est ce qu&rsquo;a fait savoir la FTF, hier soir, dimanche 25 octobre 2020, via un communiqu\u00e9 publi\u00e9 sur sa page Facebook.<\/p>\n\n\n\n<p>Pour rappel, Yassine Ayari a notamment accus\u00e9 Jary de corruption et d&rsquo;avoir <strong><a href=\"http:\/\/kapitalis.com\/tunisie\/2020\/10\/19\/ftf-yassine-ayari-veut-la-tete-de-wadie-jary\/\">caus\u00e9 l&rsquo;infection au coronavirus<\/a><\/strong> de plusieurs joueurs et arbitres en transgressant le protocole sanitaire. <\/p>\n\n\n\n<p>Les accusations ont commenc\u00e9 suite \u00e0 l&rsquo;affaire du Croissant sportif chebbien (CSC), dont les activit\u00e9s sportives ont \u00e9t\u00e9 gel\u00e9es pour une dur\u00e9e d&rsquo;un an par la FTF, pour avoir refus\u00e9 de payer les amendes que cette derni\u00e8re lui a inflig\u00e9. Ayari a, d&rsquo;ailleurs, exprim\u00e9 son soutien au club, victime, selon lui, d&rsquo;abus de pouvoir.<\/p>\n\n\n\n<p>La FTF a, sur un autre plan, appel\u00e9 Yassine Ayari \u00e0 abandonner son immunit\u00e9 parlementaire afin de laisser la justice suivre son cours. Chose que le d\u00e9put\u00e9 a promis de faire, quelques minutes plus tard, via sa page Facebbok, assurant qu\u2019il gagnera la confrontation devant les tribunaux.<\/p>\n\n\n\n<p>Deux heures apr\u00e8s son premier communiqu\u00e9, la f\u00e9d\u00e9ration en a publi\u00e9 un autre pour annoncer une deuxi\u00e8me plainte qui sera, cette fois, d\u00e9pos\u00e9e par l&rsquo;un de ses employ\u00e9s, cit\u00e9 par Yassine Ayari en tant que suspect dans une affaire suspendue, selon lui, de corruption financi\u00e8re, alors qu&rsquo;il a \u00e9t\u00e9, d&rsquo;apr\u00e8s la FTF, innocent\u00e9 depuis 2019.<\/p>\n\n\n\n<p class=\"has-text-align-right\"><strong>C. B. Y.<\/strong><\/p>\n\n\n\n<figure class=\"wp-block-embed-wordpress wp-block-embed is-type-wp-embed is-provider-kapitalis\"><div class=\"wp-block-embed__wrapper\">\n<blockquote class=\"wp-embedded-content\" data-secret=\"vZFJ7juQzb\"><a href=\"https:\/\/kapitalis.com\/tunisie\/2020\/10\/19\/ftf-yassine-ayari-veut-la-tete-de-wadie-jary\/\">FTF : Yassine Ayari veut la t\u00eate de Wadie Jary<\/a><\/blockquote><iframe loading=\"lazy\" class=\"wp-embedded-content\" sandbox=\"allow-scripts\" security=\"restricted\" style=\"position: absolute; clip: rect(1px, 1px, 1px, 1px);\" title=\"\u00ab\u00a0FTF : Yassine Ayari veut la t\u00eate de Wadie Jary\u00a0\u00bb &#8212; Kapitalis\" src=\"https:\/\/kapitalis.com\/tunisie\/2020\/10\/19\/ftf-yassine-ayari-veut-la-tete-de-wadie-jary\/embed\/#?secret=AjeKYe1lrX#?secret=vZFJ7juQzb\" data-secret=\"vZFJ7juQzb\" width=\"600\" height=\"338\" frameborder=\"0\" marginwidth=\"0\" marginheight=\"0\" scrolling=\"no\"><\/iframe>\n<\/div><\/figure>\n","protected":false},"excerpt":{"rendered":"<p>Fustig\u00e9 depuis pr\u00e8s de deux semaines par le d\u00e9put\u00e9 du mouvement \u201cAmal wa 3amal\u201d, Yassine Ayari, le pr\u00e9sident de la F\u00e9d\u00e9ration tunisienne de football (FTF), Wadie Jary portera finalement plainte, au nom de la f\u00e9d\u00e9ration, pour diffamation et fausses all\u00e9gations.<\/p>\n","protected":false},"author":24,"featured_media":0,"comment_status":"open","ping_status":"open","sticky":false,"template":"","format":"standard","meta":{"footnotes":""},"categories":[997,999,2433],"tags":[73128,84047,5208,83847,971],"class_list":["post-322011","post","type-post","status-publish","format-standard","hentry","category-politique","category-sport","category-tunisie","tag-amal-wa-3amal","tag-croissant-sportif-chebbien","tag-ftf","tag-wadie-jary","tag-yassine-ayari"],"yoast_head":"<!-- This site is optimized with the Yoast SEO plugin v26.6 - https:\/\/yoast.com\/wordpress\/plugins\/seo\/ -->\n<title>Entre Yassine Ayari et Wadie Jary, la tension monte d&#039;un cran - Kapitalis<\/title>\n<meta name=\"robots\" content=\"index, follow, max-snippet:-1, max-image-preview:large, max-video-preview:-1\" \/>\n<link rel=\"canonical\" href=\"https:\/\/kapitalis.com\/tunisie\/2020\/10\/26\/entre-yassine-ayari-et-wadie-jary-la-tension-monte-dun-cran\/\" \/>\n<meta property=\"og:locale\" content=\"fr_FR\" \/>\n<meta property=\"og:type\" content=\"article\" \/>\n<meta property=\"og:title\" content=\"Entre Yassine Ayari et Wadie Jary, la tension monte d&#039;un cran - Kapitalis\" \/>\n<meta property=\"og:description\" content=\"Fustig\u00e9 depuis pr\u00e8s de deux semaines par le d\u00e9put\u00e9 du mouvement \u201cAmal wa 3amal\u201d, Yassine Ayari, le pr\u00e9sident de la F\u00e9d\u00e9ration tunisienne de football (FTF), Wadie Jary portera finalement plainte, au nom de la f\u00e9d\u00e9ration, pour diffamation et fausses all\u00e9gations.\" \/>\n<meta property=\"og:url\" content=\"https:\/\/kapitalis.com\/tunisie\/2020\/10\/26\/entre-yassine-ayari-et-wadie-jary-la-tension-monte-dun-cran\/\" \/>\n<meta property=\"og:site_name\" content=\"Kapitalis\" \/>\n<meta property=\"article:publisher\" content=\"https:\/\/www.facebook.com\/KapitalisInfo\/\" \/>\n<meta property=\"article:published_time\" content=\"2020-10-26T08:46:25+00:00\" \/>\n<meta property=\"article:modified_time\" content=\"2020-10-26T11:57:28+00:00\" \/>\n<meta property=\"og:image\" content=\"http:\/\/kapitalis.com\/tunisie\/wp-content\/uploads\/2020\/10\/ayari-jary.jpg\" \/>\n<meta name=\"author\" content=\"Cherif Benyounes\" \/>\n<meta name=\"twitter:card\" content=\"summary_large_image\" \/>\n<meta name=\"twitter:creator\" content=\"@KapitalisInfo\" \/>\n<meta name=\"twitter:site\" content=\"@KapitalisInfo\" \/>\n<meta name=\"twitter:label1\" content=\"\u00c9crit par\" \/>\n\t<meta name=\"twitter:data1\" content=\"Cherif Benyounes\" \/>\n\t<meta name=\"twitter:label2\" content=\"Dur\u00e9e de lecture estim\u00e9e\" \/>\n\t<meta name=\"twitter:data2\" content=\"1 minute\" \/>\n<script type=\"application\/ld+json\" class=\"yoast-schema-graph\">{\"@context\":\"https:\/\/schema.org\",\"@graph\":[{\"@type\":\"Article\",\"@id\":\"https:\/\/kapitalis.com\/tunisie\/2020\/10\/26\/entre-yassine-ayari-et-wadie-jary-la-tension-monte-dun-cran\/#article\",\"isPartOf\":{\"@id\":\"https:\/\/kapitalis.com\/tunisie\/2020\/10\/26\/entre-yassine-ayari-et-wadie-jary-la-tension-monte-dun-cran\/\"},\"author\":{\"name\":\"Cherif Benyounes\",\"@id\":\"https:\/\/kapitalis.com\/tunisie\/#\/schema\/person\/b35b8d631961131107263178aeb8019e\"},\"headline\":\"Entre Yassine Ayari et Wadie Jary, la tension monte d&rsquo;un cran\",\"datePublished\":\"2020-10-26T08:46:25+00:00\",\"dateModified\":\"2020-10-26T11:57:28+00:00\",\"mainEntityOfPage\":{\"@id\":\"https:\/\/kapitalis.com\/tunisie\/2020\/10\/26\/entre-yassine-ayari-et-wadie-jary-la-tension-monte-dun-cran\/\"},\"wordCount\":280,\"commentCount\":1,\"publisher\":{\"@id\":\"https:\/\/kapitalis.com\/tunisie\/#organization\"},\"image\":{\"@id\":\"https:\/\/kapitalis.com\/tunisie\/2020\/10\/26\/entre-yassine-ayari-et-wadie-jary-la-tension-monte-dun-cran\/#primaryimage\"},\"thumbnailUrl\":\"http:\/\/kapitalis.com\/tunisie\/wp-content\/uploads\/2020\/10\/ayari-jary.jpg\",\"keywords\":[\"amal wa 3amal\",\"Croissant sportif chebbien\",\"FTF\",\"Wadie Jary\",\"Yassine Ayari\"],\"articleSection\":[\"POLITIQUE\",\"SPORT\",\"Tunisie\"],\"inLanguage\":\"fr-FR\",\"potentialAction\":[{\"@type\":\"CommentAction\",\"name\":\"Comment\",\"target\":[\"https:\/\/kapitalis.com\/tunisie\/2020\/10\/26\/entre-yassine-ayari-et-wadie-jary-la-tension-monte-dun-cran\/#respond\"]}]},{\"@type\":\"WebPage\",\"@id\":\"https:\/\/kapitalis.com\/tunisie\/2020\/10\/26\/entre-yassine-ayari-et-wadie-jary-la-tension-monte-dun-cran\/\",\"url\":\"https:\/\/kapitalis.com\/tunisie\/2020\/10\/26\/entre-yassine-ayari-et-wadie-jary-la-tension-monte-dun-cran\/\",\"name\":\"Entre Yassine Ayari et Wadie Jary, la tension monte d'un cran - Kapitalis\",\"isPartOf\":{\"@id\":\"https:\/\/kapitalis.com\/tunisie\/#website\"},\"primaryImageOfPage\":{\"@id\":\"https:\/\/kapitalis.com\/tunisie\/2020\/10\/26\/entre-yassine-ayari-et-wadie-jary-la-tension-monte-dun-cran\/#primaryimage\"},\"image\":{\"@id\":\"https:\/\/kapitalis.com\/tunisie\/2020\/10\/26\/entre-yassine-ayari-et-wadie-jary-la-tension-monte-dun-cran\/#primaryimage\"},\"thumbnailUrl\":\"http:\/\/kapitalis.com\/tunisie\/wp-content\/uploads\/2020\/10\/ayari-jary.jpg\",\"datePublished\":\"2020-10-26T08:46:25+00:00\",\"dateModified\":\"2020-10-26T11:57:28+00:00\",\"breadcrumb\":{\"@id\":\"https:\/\/kapitalis.com\/tunisie\/2020\/10\/26\/entre-yassine-ayari-et-wadie-jary-la-tension-monte-dun-cran\/#breadcrumb\"},\"inLanguage\":\"fr-FR\",\"potentialAction\":[{\"@type\":\"ReadAction\",\"target\":[\"https:\/\/kapitalis.com\/tunisie\/2020\/10\/26\/entre-yassine-ayari-et-wadie-jary-la-tension-monte-dun-cran\/\"]}]},{\"@type\":\"ImageObject\",\"inLanguage\":\"fr-FR\",\"@id\":\"https:\/\/kapitalis.com\/tunisie\/2020\/10\/26\/entre-yassine-ayari-et-wadie-jary-la-tension-monte-dun-cran\/#primaryimage\",\"url\":\"\",\"contentUrl\":\"\"},{\"@type\":\"BreadcrumbList\",\"@id\":\"https:\/\/kapitalis.com\/tunisie\/2020\/10\/26\/entre-yassine-ayari-et-wadie-jary-la-tension-monte-dun-cran\/#breadcrumb\",\"itemListElement\":[{\"@type\":\"ListItem\",\"position\":1,\"name\":\"Accueil\",\"item\":\"https:\/\/kapitalis.com\/tunisie\/\"},{\"@type\":\"ListItem\",\"position\":2,\"name\":\"Entre Yassine Ayari et Wadie Jary, la tension monte d&rsquo;un cran\"}]},{\"@type\":\"WebSite\",\"@id\":\"https:\/\/kapitalis.com\/tunisie\/#website\",\"url\":\"https:\/\/kapitalis.com\/tunisie\/\",\"name\":\"Kapitalis\",\"description\":\"L&#039;actualit\u00e9 en Tunisie et dans le monde\",\"publisher\":{\"@id\":\"https:\/\/kapitalis.com\/tunisie\/#organization\"},\"potentialAction\":[{\"@type\":\"SearchAction\",\"target\":{\"@type\":\"EntryPoint\",\"urlTemplate\":\"https:\/\/kapitalis.com\/tunisie\/?s={search_term_string}\"},\"query-input\":{\"@type\":\"PropertyValueSpecification\",\"valueRequired\":true,\"valueName\":\"search_term_string\"}}],\"inLanguage\":\"fr-FR\"},{\"@type\":\"Organization\",\"@id\":\"https:\/\/kapitalis.com\/tunisie\/#organization\",\"name\":\"Kapitalis\",\"url\":\"https:\/\/kapitalis.com\/tunisie\/\",\"logo\":{\"@type\":\"ImageObject\",\"inLanguage\":\"fr-FR\",\"@id\":\"https:\/\/kapitalis.com\/tunisie\/#\/schema\/logo\/image\/\",\"url\":\"https:\/\/kapitalis.com\/tunisie\/wp-content\/uploads\/2022\/05\/Kapitalis-big-size.png\",\"contentUrl\":\"https:\/\/kapitalis.com\/tunisie\/wp-content\/uploads\/2022\/05\/Kapitalis-big-size.png\",\"width\":5000,\"height\":1500,\"caption\":\"Kapitalis\"},\"image\":{\"@id\":\"https:\/\/kapitalis.com\/tunisie\/#\/schema\/logo\/image\/\"},\"sameAs\":[\"https:\/\/www.facebook.com\/KapitalisInfo\/\",\"https:\/\/x.com\/KapitalisInfo\",\"https:\/\/www.youtube.com\/channel\/UC-yDYrHyfFBWWZaOw3FPg9Q\"]},{\"@type\":\"Person\",\"@id\":\"https:\/\/kapitalis.com\/tunisie\/#\/schema\/person\/b35b8d631961131107263178aeb8019e\",\"name\":\"Cherif Benyounes\",\"url\":\"https:\/\/kapitalis.com\/tunisie\/author\/cherif\/\"}]}<\/script>\n<!-- \/ Yoast SEO plugin. -->","yoast_head_json":{"title":"Entre Yassine Ayari et Wadie Jary, la tension monte d'un cran - Kapitalis","robots":{"index":"index","follow":"follow","max-snippet":"max-snippet:-1","max-image-preview":"max-image-preview:large","max-video-preview":"max-video-preview:-1"},"canonical":"https:\/\/kapitalis.com\/tunisie\/2020\/10\/26\/entre-yassine-ayari-et-wadie-jary-la-tension-monte-dun-cran\/","og_locale":"fr_FR","og_type":"article","og_title":"Entre Yassine Ayari et Wadie Jary, la tension monte d'un cran - Kapitalis","og_description":"Fustig\u00e9 depuis pr\u00e8s de deux semaines par le d\u00e9put\u00e9 du mouvement \u201cAmal wa 3amal\u201d, Yassine Ayari, le pr\u00e9sident de la F\u00e9d\u00e9ration tunisienne de football (FTF), Wadie Jary portera finalement plainte, au nom de la f\u00e9d\u00e9ration, pour diffamation et fausses all\u00e9gations.","og_url":"https:\/\/kapitalis.com\/tunisie\/2020\/10\/26\/entre-yassine-ayari-et-wadie-jary-la-tension-monte-dun-cran\/","og_site_name":"Kapitalis","article_publisher":"https:\/\/www.facebook.com\/KapitalisInfo\/","article_published_time":"2020-10-26T08:46:25+00:00","article_modified_time":"2020-10-26T11:57:28+00:00","og_image":[{"url":"http:\/\/kapitalis.com\/tunisie\/wp-content\/uploads\/2020\/10\/ayari-jary.jpg","type":"","width":"","height":""}],"author":"Cherif Benyounes","twitter_card":"summary_large_image","twitter_creator":"@KapitalisInfo","twitter_site":"@KapitalisInfo","twitter_misc":{"\u00c9crit par":"Cherif Benyounes","Dur\u00e9e de lecture estim\u00e9e":"1 minute"},"schema":{"@context":"https:\/\/schema.org","@graph":[{"@type":"Article","@id":"https:\/\/kapitalis.com\/tunisie\/2020\/10\/26\/entre-yassine-ayari-et-wadie-jary-la-tension-monte-dun-cran\/#article","isPartOf":{"@id":"https:\/\/kapitalis.com\/tunisie\/2020\/10\/26\/entre-yassine-ayari-et-wadie-jary-la-tension-monte-dun-cran\/"},"author":{"name":"Cherif Benyounes","@id":"https:\/\/kapitalis.com\/tunisie\/#\/schema\/person\/b35b8d631961131107263178aeb8019e"},"headline":"Entre Yassine Ayari et Wadie Jary, la tension monte d&rsquo;un cran","datePublished":"2020-10-26T08:46:25+00:00","dateModified":"2020-10-26T11:57:28+00:00","mainEntityOfPage":{"@id":"https:\/\/kapitalis.com\/tunisie\/2020\/10\/26\/entre-yassine-ayari-et-wadie-jary-la-tension-monte-dun-cran\/"},"wordCount":280,"commentCount":1,"publisher":{"@id":"https:\/\/kapitalis.com\/tunisie\/#organization"},"image":{"@id":"https:\/\/kapitalis.com\/tunisie\/2020\/10\/26\/entre-yassine-ayari-et-wadie-jary-la-tension-monte-dun-cran\/#primaryimage"},"thumbnailUrl":"http:\/\/kapitalis.com\/tunisie\/wp-content\/uploads\/2020\/10\/ayari-jary.jpg","keywords":["amal wa 3amal","Croissant sportif chebbien","FTF","Wadie Jary","Yassine Ayari"],"articleSection":["POLITIQUE","SPORT","Tunisie"],"inLanguage":"fr-FR","potentialAction":[{"@type":"CommentAction","name":"Comment","target":["https:\/\/kapitalis.com\/tunisie\/2020\/10\/26\/entre-yassine-ayari-et-wadie-jary-la-tension-monte-dun-cran\/#respond"]}]},{"@type":"WebPage","@id":"https:\/\/kapitalis.com\/tunisie\/2020\/10\/26\/entre-yassine-ayari-et-wadie-jary-la-tension-monte-dun-cran\/","url":"https:\/\/kapitalis.com\/tunisie\/2020\/10\/26\/entre-yassine-ayari-et-wadie-jary-la-tension-monte-dun-cran\/","name":"Entre Yassine Ayari et Wadie Jary, la tension monte d'un cran - Kapitalis","isPartOf":{"@id":"https:\/\/kapitalis.com\/tunisie\/#website"},"primaryImageOfPage":{"@id":"https:\/\/kapitalis.com\/tunisie\/2020\/10\/26\/entre-yassine-ayari-et-wadie-jary-la-tension-monte-dun-cran\/#primaryimage"},"image":{"@id":"https:\/\/kapitalis.com\/tunisie\/2020\/10\/26\/entre-yassine-ayari-et-wadie-jary-la-tension-monte-dun-cran\/#primaryimage"},"thumbnailUrl":"http:\/\/kapitalis.com\/tunisie\/wp-content\/uploads\/2020\/10\/ayari-jary.jpg","datePublished":"2020-10-26T08:46:25+00:00","dateModified":"2020-10-26T11:57:28+00:00","breadcrumb":{"@id":"https:\/\/kapitalis.com\/tunisie\/2020\/10\/26\/entre-yassine-ayari-et-wadie-jary-la-tension-monte-dun-cran\/#breadcrumb"},"inLanguage":"fr-FR","potentialAction":[{"@type":"ReadAction","target":["https:\/\/kapitalis.com\/tunisie\/2020\/10\/26\/entre-yassine-ayari-et-wadie-jary-la-tension-monte-dun-cran\/"]}]},{"@type":"ImageObject","inLanguage":"fr-FR","@id":"https:\/\/kapitalis.com\/tunisie\/2020\/10\/26\/entre-yassine-ayari-et-wadie-jary-la-tension-monte-dun-cran\/#primaryimage","url":"","contentUrl":""},{"@type":"BreadcrumbList","@id":"https:\/\/kapitalis.com\/tunisie\/2020\/10\/26\/entre-yassine-ayari-et-wadie-jary-la-tension-monte-dun-cran\/#breadcrumb","itemListElement":[{"@type":"ListItem","position":1,"name":"Accueil","item":"https:\/\/kapitalis.com\/tunisie\/"},{"@type":"ListItem","position":2,"name":"Entre Yassine Ayari et Wadie Jary, la tension monte d&rsquo;un cran"}]},{"@type":"WebSite","@id":"https:\/\/kapitalis.com\/tunisie\/#website","url":"https:\/\/kapitalis.com\/tunisie\/","name":"Kapitalis","description":"L&#039;actualit\u00e9 en Tunisie et dans le monde","publisher":{"@id":"https:\/\/kapitalis.com\/tunisie\/#organization"},"potentialAction":[{"@type":"SearchAction","target":{"@type":"EntryPoint","urlTemplate":"https:\/\/kapitalis.com\/tunisie\/?s={search_term_string}"},"query-input":{"@type":"PropertyValueSpecification","valueRequired":true,"valueName":"search_term_string"}}],"inLanguage":"fr-FR"},{"@type":"Organization","@id":"https:\/\/kapitalis.com\/tunisie\/#organization","name":"Kapitalis","url":"https:\/\/kapitalis.com\/tunisie\/","logo":{"@type":"ImageObject","inLanguage":"fr-FR","@id":"https:\/\/kapitalis.com\/tunisie\/#\/schema\/logo\/image\/","url":"https:\/\/kapitalis.com\/tunisie\/wp-content\/uploads\/2022\/05\/Kapitalis-big-size.png","contentUrl":"https:\/\/kapitalis.com\/tunisie\/wp-content\/uploads\/2022\/05\/Kapitalis-big-size.png","width":5000,"height":1500,"caption":"Kapitalis"},"image":{"@id":"https:\/\/kapitalis.com\/tunisie\/#\/schema\/logo\/image\/"},"sameAs":["https:\/\/www.facebook.com\/KapitalisInfo\/","https:\/\/x.com\/KapitalisInfo","https:\/\/www.youtube.com\/channel\/UC-yDYrHyfFBWWZaOw3FPg9Q"]},{"@type":"Person","@id":"https:\/\/kapitalis.com\/tunisie\/#\/schema\/person\/b35b8d631961131107263178aeb8019e","name":"Cherif Benyounes","url":"https:\/\/kapitalis.com\/tunisie\/author\/cherif\/"}]}},"_links":{"self":[{"href":"https:\/\/kapitalis.com\/tunisie\/wp-json\/wp\/v2\/posts\/322011","targetHints":{"allow":["GET"]}}],"collection":[{"href":"https:\/\/kapitalis.com\/tunisie\/wp-json\/wp\/v2\/posts"}],"about":[{"href":"https:\/\/kapitalis.com\/tunisie\/wp-json\/wp\/v2\/types\/post"}],"author":[{"embeddable":true,"href":"https:\/\/kapitalis.com\/tunisie\/wp-json\/wp\/v2\/users\/24"}],"replies":[{"embeddable":true,"href":"https:\/\/kapitalis.com\/tunisie\/wp-json\/wp\/v2\/comments?post=322011"}],"version-history":[{"count":0,"href":"https:\/\/kapitalis.com\/tunisie\/wp-json\/wp\/v2\/posts\/322011\/revisions"}],"wp:attachment":[{"href":"https:\/\/kapitalis.com\/tunisie\/wp-json\/wp\/v2\/media?parent=322011"}],"wp:term":[{"taxonomy":"category","embeddable":true,"href":"https:\/\/kapitalis.com\/tunisie\/wp-json\/wp\/v2\/categories?post=322011"},{"taxonomy":"post_tag","embeddable":true,"href":"https:\/\/kapitalis.com\/tunisie\/wp-json\/wp\/v2\/tags?post=322011"}],"curies":[{"name":"wp","href":"https:\/\/api.w.org\/{rel}","templated":true}]}}