{"id":322143,"date":"2020-10-26T22:59:20","date_gmt":"2020-10-26T21:59:20","guid":{"rendered":"http:\/\/kapitalis.com\/tunisie\/?p=322143"},"modified":"2020-10-27T08:04:17","modified_gmt":"2020-10-27T07:04:17","slug":"covid-19-le-consulat-general-de-tunisie-a-paris-ferme-suite-a-la-contamination-de-plusieurs-de-ses-employes","status":"publish","type":"post","link":"https:\/\/kapitalis.com\/tunisie\/2020\/10\/26\/covid-19-le-consulat-general-de-tunisie-a-paris-ferme-suite-a-la-contamination-de-plusieurs-de-ses-employes\/","title":{"rendered":"Covid-19 : Le Consulat g\u00e9n\u00e9ral de Tunisie \u00e0 Paris ferm\u00e9 suite \u00e0 la contamination de plusieurs de ses employ\u00e9s"},"content":{"rendered":"\n<figure class=\"wp-block-image size-large\"><img decoding=\"async\" src=\"http:\/\/kapitalis.com\/tunisie\/wp-content\/uploads\/2020\/05\/Consulat-de-Tunisie-Paris.jpg\" alt=\"\" class=\"wp-image-298312\"\/><\/figure>\n\n\n\n<p><strong><em>Le Consulat g\u00e9n\u00e9ral de Tunisie \u00e0 Paris a annonc\u00e9, dans la soir\u00e9e de ce lundi 26 octobre 2020, que plusieurs de ses employ\u00e9s ont \u00e9t\u00e9 contamin\u00e9s par le coronavirus. Il sera, de ce fait, ferm\u00e9 durant sept jours, et ce, conform\u00e9ment au protocole sanitaire.<\/em><\/strong><\/p>\n\n\n\n<!--more-->\n\n\n\n<p>\u00ab<em>Suite de la contamination de plusieurs de ses employ\u00e9s par le virus Covid-19 et conform\u00e9ment aux r\u00e8gles du protocole sanitaire appliqu\u00e9es en France, le si\u00e8ge du consulat g\u00e9n\u00e9ral sera ferm\u00e9 7 jours durant la p\u00e9riode du mardi 27 octobre au lundi 2 novembre 2020, afin d&rsquo;\u00e9viter la propagation du virus et pour d\u00e9sinfecter tout le si\u00e8ge<\/em>\u00bb, pr\u00e9cise le consulat dans son communiqu\u00e9.<\/p>\n\n\n\n<p>Les citoyens ayant des demandes urgentes peuvent, en attendant, s&rsquo;adresser au consulat de Tunisie \u00e0 Pantin, sachant qu&rsquo;ils peuvent \u00e9galement prendre contact avec l&rsquo;ensemble des services via le num\u00e9ro de t\u00e9l\u00e9phone suivant : 01.53.70.69.19.<\/p>\n\n\n\n<p class=\"has-text-align-right\"><strong>Y. N.<\/strong><\/p>\n","protected":false},"excerpt":{"rendered":"<p>Le Consulat g\u00e9n\u00e9ral de Tunisie \u00e0 Paris a annonc\u00e9, dans la soir\u00e9e de ce lundi 26 octobre 2020, que plusieurs de ses employ\u00e9s ont \u00e9t\u00e9 contamin\u00e9s par le coronavirus. Il sera, de ce fait, ferm\u00e9 durant sept jours, et ce, conform\u00e9ment au protocole sanitaire.<\/p>\n","protected":false},"author":6,"featured_media":0,"comment_status":"open","ping_status":"open","sticky":false,"template":"","format":"standard","meta":{"footnotes":""},"categories":[998,2433],"tags":[84196,76446,73060,2576,1364,79467],"class_list":["post-322143","post","type-post","status-publish","format-standard","hentry","category-societe","category-tunisie","tag-consulat-general-tunisie","tag-contaminations","tag-coronavirus","tag-fermeture","tag-paris","tag-protocole-sanitaire"],"yoast_head":"<!-- This site is optimized with the Yoast SEO plugin v26.6 - https:\/\/yoast.com\/wordpress\/plugins\/seo\/ -->\n<title>Covid-19 : Le Consulat g\u00e9n\u00e9ral de Tunisie \u00e0 Paris ferm\u00e9 suite \u00e0 la contamination de plusieurs de ses employ\u00e9s - Kapitalis<\/title>\n<meta name=\"robots\" content=\"index, follow, max-snippet:-1, max-image-preview:large, max-video-preview:-1\" \/>\n<link rel=\"canonical\" href=\"https:\/\/kapitalis.com\/tunisie\/2020\/10\/26\/covid-19-le-consulat-general-de-tunisie-a-paris-ferme-suite-a-la-contamination-de-plusieurs-de-ses-employes\/\" \/>\n<meta property=\"og:locale\" content=\"fr_FR\" \/>\n<meta property=\"og:type\" content=\"article\" \/>\n<meta property=\"og:title\" content=\"Covid-19 : Le Consulat g\u00e9n\u00e9ral de Tunisie \u00e0 Paris ferm\u00e9 suite \u00e0 la contamination de plusieurs de ses employ\u00e9s - Kapitalis\" \/>\n<meta property=\"og:description\" content=\"Le Consulat g\u00e9n\u00e9ral de Tunisie \u00e0 Paris a annonc\u00e9, dans la soir\u00e9e de ce lundi 26 octobre 2020, que plusieurs de ses employ\u00e9s ont \u00e9t\u00e9 contamin\u00e9s par le coronavirus. Il sera, de ce fait, ferm\u00e9 durant sept jours, et ce, conform\u00e9ment au protocole sanitaire.\" \/>\n<meta property=\"og:url\" content=\"https:\/\/kapitalis.com\/tunisie\/2020\/10\/26\/covid-19-le-consulat-general-de-tunisie-a-paris-ferme-suite-a-la-contamination-de-plusieurs-de-ses-employes\/\" \/>\n<meta property=\"og:site_name\" content=\"Kapitalis\" \/>\n<meta property=\"article:publisher\" content=\"https:\/\/www.facebook.com\/KapitalisInfo\/\" \/>\n<meta property=\"article:published_time\" content=\"2020-10-26T21:59:20+00:00\" \/>\n<meta property=\"article:modified_time\" content=\"2020-10-27T07:04:17+00:00\" \/>\n<meta property=\"og:image\" content=\"http:\/\/kapitalis.com\/tunisie\/wp-content\/uploads\/2020\/05\/Consulat-de-Tunisie-Paris.jpg\" \/>\n<meta name=\"author\" content=\"Yusra NY\" \/>\n<meta name=\"twitter:card\" content=\"summary_large_image\" \/>\n<meta name=\"twitter:creator\" content=\"@KapitalisInfo\" \/>\n<meta name=\"twitter:site\" content=\"@KapitalisInfo\" \/>\n<meta name=\"twitter:label1\" content=\"\u00c9crit par\" \/>\n\t<meta name=\"twitter:data1\" content=\"Yusra NY\" \/>\n\t<meta name=\"twitter:label2\" content=\"Dur\u00e9e de lecture estim\u00e9e\" \/>\n\t<meta name=\"twitter:data2\" content=\"1 minute\" \/>\n<script type=\"application\/ld+json\" class=\"yoast-schema-graph\">{\"@context\":\"https:\/\/schema.org\",\"@graph\":[{\"@type\":\"Article\",\"@id\":\"https:\/\/kapitalis.com\/tunisie\/2020\/10\/26\/covid-19-le-consulat-general-de-tunisie-a-paris-ferme-suite-a-la-contamination-de-plusieurs-de-ses-employes\/#article\",\"isPartOf\":{\"@id\":\"https:\/\/kapitalis.com\/tunisie\/2020\/10\/26\/covid-19-le-consulat-general-de-tunisie-a-paris-ferme-suite-a-la-contamination-de-plusieurs-de-ses-employes\/\"},\"author\":{\"name\":\"Yusra NY\",\"@id\":\"https:\/\/kapitalis.com\/tunisie\/#\/schema\/person\/74bbde0154d49d790a92aaeac5bc01d5\"},\"headline\":\"Covid-19 : Le Consulat g\u00e9n\u00e9ral de Tunisie \u00e0 Paris ferm\u00e9 suite \u00e0 la contamination de plusieurs de ses employ\u00e9s\",\"datePublished\":\"2020-10-26T21:59:20+00:00\",\"dateModified\":\"2020-10-27T07:04:17+00:00\",\"mainEntityOfPage\":{\"@id\":\"https:\/\/kapitalis.com\/tunisie\/2020\/10\/26\/covid-19-le-consulat-general-de-tunisie-a-paris-ferme-suite-a-la-contamination-de-plusieurs-de-ses-employes\/\"},\"wordCount\":172,\"commentCount\":0,\"publisher\":{\"@id\":\"https:\/\/kapitalis.com\/tunisie\/#organization\"},\"image\":{\"@id\":\"https:\/\/kapitalis.com\/tunisie\/2020\/10\/26\/covid-19-le-consulat-general-de-tunisie-a-paris-ferme-suite-a-la-contamination-de-plusieurs-de-ses-employes\/#primaryimage\"},\"thumbnailUrl\":\"http:\/\/kapitalis.com\/tunisie\/wp-content\/uploads\/2020\/05\/Consulat-de-Tunisie-Paris.jpg\",\"keywords\":[\"Consulat g\u00e9n\u00e9ral Tunisie\",\"contaminations\",\"Coronavirus\",\"fermeture\",\"Paris\",\"protocole sanitaire\"],\"articleSection\":[\"SOCIETE\",\"Tunisie\"],\"inLanguage\":\"fr-FR\",\"potentialAction\":[{\"@type\":\"CommentAction\",\"name\":\"Comment\",\"target\":[\"https:\/\/kapitalis.com\/tunisie\/2020\/10\/26\/covid-19-le-consulat-general-de-tunisie-a-paris-ferme-suite-a-la-contamination-de-plusieurs-de-ses-employes\/#respond\"]}]},{\"@type\":\"WebPage\",\"@id\":\"https:\/\/kapitalis.com\/tunisie\/2020\/10\/26\/covid-19-le-consulat-general-de-tunisie-a-paris-ferme-suite-a-la-contamination-de-plusieurs-de-ses-employes\/\",\"url\":\"https:\/\/kapitalis.com\/tunisie\/2020\/10\/26\/covid-19-le-consulat-general-de-tunisie-a-paris-ferme-suite-a-la-contamination-de-plusieurs-de-ses-employes\/\",\"name\":\"Covid-19 : Le Consulat g\u00e9n\u00e9ral de Tunisie \u00e0 Paris ferm\u00e9 suite \u00e0 la contamination de plusieurs de ses employ\u00e9s - Kapitalis\",\"isPartOf\":{\"@id\":\"https:\/\/kapitalis.com\/tunisie\/#website\"},\"primaryImageOfPage\":{\"@id\":\"https:\/\/kapitalis.com\/tunisie\/2020\/10\/26\/covid-19-le-consulat-general-de-tunisie-a-paris-ferme-suite-a-la-contamination-de-plusieurs-de-ses-employes\/#primaryimage\"},\"image\":{\"@id\":\"https:\/\/kapitalis.com\/tunisie\/2020\/10\/26\/covid-19-le-consulat-general-de-tunisie-a-paris-ferme-suite-a-la-contamination-de-plusieurs-de-ses-employes\/#primaryimage\"},\"thumbnailUrl\":\"http:\/\/kapitalis.com\/tunisie\/wp-content\/uploads\/2020\/05\/Consulat-de-Tunisie-Paris.jpg\",\"datePublished\":\"2020-10-26T21:59:20+00:00\",\"dateModified\":\"2020-10-27T07:04:17+00:00\",\"breadcrumb\":{\"@id\":\"https:\/\/kapitalis.com\/tunisie\/2020\/10\/26\/covid-19-le-consulat-general-de-tunisie-a-paris-ferme-suite-a-la-contamination-de-plusieurs-de-ses-employes\/#breadcrumb\"},\"inLanguage\":\"fr-FR\",\"potentialAction\":[{\"@type\":\"ReadAction\",\"target\":[\"https:\/\/kapitalis.com\/tunisie\/2020\/10\/26\/covid-19-le-consulat-general-de-tunisie-a-paris-ferme-suite-a-la-contamination-de-plusieurs-de-ses-employes\/\"]}]},{\"@type\":\"ImageObject\",\"inLanguage\":\"fr-FR\",\"@id\":\"https:\/\/kapitalis.com\/tunisie\/2020\/10\/26\/covid-19-le-consulat-general-de-tunisie-a-paris-ferme-suite-a-la-contamination-de-plusieurs-de-ses-employes\/#primaryimage\",\"url\":\"\",\"contentUrl\":\"\"},{\"@type\":\"BreadcrumbList\",\"@id\":\"https:\/\/kapitalis.com\/tunisie\/2020\/10\/26\/covid-19-le-consulat-general-de-tunisie-a-paris-ferme-suite-a-la-contamination-de-plusieurs-de-ses-employes\/#breadcrumb\",\"itemListElement\":[{\"@type\":\"ListItem\",\"position\":1,\"name\":\"Accueil\",\"item\":\"https:\/\/kapitalis.com\/tunisie\/\"},{\"@type\":\"ListItem\",\"position\":2,\"name\":\"Covid-19 : Le Consulat g\u00e9n\u00e9ral de Tunisie \u00e0 Paris ferm\u00e9 suite \u00e0 la contamination de plusieurs de ses employ\u00e9s\"}]},{\"@type\":\"WebSite\",\"@id\":\"https:\/\/kapitalis.com\/tunisie\/#website\",\"url\":\"https:\/\/kapitalis.com\/tunisie\/\",\"name\":\"Kapitalis\",\"description\":\"L&#039;actualit\u00e9 en Tunisie et dans le monde\",\"publisher\":{\"@id\":\"https:\/\/kapitalis.com\/tunisie\/#organization\"},\"potentialAction\":[{\"@type\":\"SearchAction\",\"target\":{\"@type\":\"EntryPoint\",\"urlTemplate\":\"https:\/\/kapitalis.com\/tunisie\/?s={search_term_string}\"},\"query-input\":{\"@type\":\"PropertyValueSpecification\",\"valueRequired\":true,\"valueName\":\"search_term_string\"}}],\"inLanguage\":\"fr-FR\"},{\"@type\":\"Organization\",\"@id\":\"https:\/\/kapitalis.com\/tunisie\/#organization\",\"name\":\"Kapitalis\",\"url\":\"https:\/\/kapitalis.com\/tunisie\/\",\"logo\":{\"@type\":\"ImageObject\",\"inLanguage\":\"fr-FR\",\"@id\":\"https:\/\/kapitalis.com\/tunisie\/#\/schema\/logo\/image\/\",\"url\":\"https:\/\/kapitalis.com\/tunisie\/wp-content\/uploads\/2022\/05\/Kapitalis-big-size.png\",\"contentUrl\":\"https:\/\/kapitalis.com\/tunisie\/wp-content\/uploads\/2022\/05\/Kapitalis-big-size.png\",\"width\":5000,\"height\":1500,\"caption\":\"Kapitalis\"},\"image\":{\"@id\":\"https:\/\/kapitalis.com\/tunisie\/#\/schema\/logo\/image\/\"},\"sameAs\":[\"https:\/\/www.facebook.com\/KapitalisInfo\/\",\"https:\/\/x.com\/KapitalisInfo\",\"https:\/\/www.youtube.com\/channel\/UC-yDYrHyfFBWWZaOw3FPg9Q\"]},{\"@type\":\"Person\",\"@id\":\"https:\/\/kapitalis.com\/tunisie\/#\/schema\/person\/74bbde0154d49d790a92aaeac5bc01d5\",\"name\":\"Yusra NY\",\"url\":\"https:\/\/kapitalis.com\/tunisie\/author\/yuza_adam\/\"}]}<\/script>\n<!-- \/ Yoast SEO plugin. -->","yoast_head_json":{"title":"Covid-19 : Le Consulat g\u00e9n\u00e9ral de Tunisie \u00e0 Paris ferm\u00e9 suite \u00e0 la contamination de plusieurs de ses employ\u00e9s - Kapitalis","robots":{"index":"index","follow":"follow","max-snippet":"max-snippet:-1","max-image-preview":"max-image-preview:large","max-video-preview":"max-video-preview:-1"},"canonical":"https:\/\/kapitalis.com\/tunisie\/2020\/10\/26\/covid-19-le-consulat-general-de-tunisie-a-paris-ferme-suite-a-la-contamination-de-plusieurs-de-ses-employes\/","og_locale":"fr_FR","og_type":"article","og_title":"Covid-19 : Le Consulat g\u00e9n\u00e9ral de Tunisie \u00e0 Paris ferm\u00e9 suite \u00e0 la contamination de plusieurs de ses employ\u00e9s - Kapitalis","og_description":"Le Consulat g\u00e9n\u00e9ral de Tunisie \u00e0 Paris a annonc\u00e9, dans la soir\u00e9e de ce lundi 26 octobre 2020, que plusieurs de ses employ\u00e9s ont \u00e9t\u00e9 contamin\u00e9s par le coronavirus. Il sera, de ce fait, ferm\u00e9 durant sept jours, et ce, conform\u00e9ment au protocole sanitaire.","og_url":"https:\/\/kapitalis.com\/tunisie\/2020\/10\/26\/covid-19-le-consulat-general-de-tunisie-a-paris-ferme-suite-a-la-contamination-de-plusieurs-de-ses-employes\/","og_site_name":"Kapitalis","article_publisher":"https:\/\/www.facebook.com\/KapitalisInfo\/","article_published_time":"2020-10-26T21:59:20+00:00","article_modified_time":"2020-10-27T07:04:17+00:00","og_image":[{"url":"http:\/\/kapitalis.com\/tunisie\/wp-content\/uploads\/2020\/05\/Consulat-de-Tunisie-Paris.jpg","type":"","width":"","height":""}],"author":"Yusra NY","twitter_card":"summary_large_image","twitter_creator":"@KapitalisInfo","twitter_site":"@KapitalisInfo","twitter_misc":{"\u00c9crit par":"Yusra NY","Dur\u00e9e de lecture estim\u00e9e":"1 minute"},"schema":{"@context":"https:\/\/schema.org","@graph":[{"@type":"Article","@id":"https:\/\/kapitalis.com\/tunisie\/2020\/10\/26\/covid-19-le-consulat-general-de-tunisie-a-paris-ferme-suite-a-la-contamination-de-plusieurs-de-ses-employes\/#article","isPartOf":{"@id":"https:\/\/kapitalis.com\/tunisie\/2020\/10\/26\/covid-19-le-consulat-general-de-tunisie-a-paris-ferme-suite-a-la-contamination-de-plusieurs-de-ses-employes\/"},"author":{"name":"Yusra NY","@id":"https:\/\/kapitalis.com\/tunisie\/#\/schema\/person\/74bbde0154d49d790a92aaeac5bc01d5"},"headline":"Covid-19 : Le Consulat g\u00e9n\u00e9ral de Tunisie \u00e0 Paris ferm\u00e9 suite \u00e0 la contamination de plusieurs de ses employ\u00e9s","datePublished":"2020-10-26T21:59:20+00:00","dateModified":"2020-10-27T07:04:17+00:00","mainEntityOfPage":{"@id":"https:\/\/kapitalis.com\/tunisie\/2020\/10\/26\/covid-19-le-consulat-general-de-tunisie-a-paris-ferme-suite-a-la-contamination-de-plusieurs-de-ses-employes\/"},"wordCount":172,"commentCount":0,"publisher":{"@id":"https:\/\/kapitalis.com\/tunisie\/#organization"},"image":{"@id":"https:\/\/kapitalis.com\/tunisie\/2020\/10\/26\/covid-19-le-consulat-general-de-tunisie-a-paris-ferme-suite-a-la-contamination-de-plusieurs-de-ses-employes\/#primaryimage"},"thumbnailUrl":"http:\/\/kapitalis.com\/tunisie\/wp-content\/uploads\/2020\/05\/Consulat-de-Tunisie-Paris.jpg","keywords":["Consulat g\u00e9n\u00e9ral Tunisie","contaminations","Coronavirus","fermeture","Paris","protocole sanitaire"],"articleSection":["SOCIETE","Tunisie"],"inLanguage":"fr-FR","potentialAction":[{"@type":"CommentAction","name":"Comment","target":["https:\/\/kapitalis.com\/tunisie\/2020\/10\/26\/covid-19-le-consulat-general-de-tunisie-a-paris-ferme-suite-a-la-contamination-de-plusieurs-de-ses-employes\/#respond"]}]},{"@type":"WebPage","@id":"https:\/\/kapitalis.com\/tunisie\/2020\/10\/26\/covid-19-le-consulat-general-de-tunisie-a-paris-ferme-suite-a-la-contamination-de-plusieurs-de-ses-employes\/","url":"https:\/\/kapitalis.com\/tunisie\/2020\/10\/26\/covid-19-le-consulat-general-de-tunisie-a-paris-ferme-suite-a-la-contamination-de-plusieurs-de-ses-employes\/","name":"Covid-19 : Le Consulat g\u00e9n\u00e9ral de Tunisie \u00e0 Paris ferm\u00e9 suite \u00e0 la contamination de plusieurs de ses employ\u00e9s - Kapitalis","isPartOf":{"@id":"https:\/\/kapitalis.com\/tunisie\/#website"},"primaryImageOfPage":{"@id":"https:\/\/kapitalis.com\/tunisie\/2020\/10\/26\/covid-19-le-consulat-general-de-tunisie-a-paris-ferme-suite-a-la-contamination-de-plusieurs-de-ses-employes\/#primaryimage"},"image":{"@id":"https:\/\/kapitalis.com\/tunisie\/2020\/10\/26\/covid-19-le-consulat-general-de-tunisie-a-paris-ferme-suite-a-la-contamination-de-plusieurs-de-ses-employes\/#primaryimage"},"thumbnailUrl":"http:\/\/kapitalis.com\/tunisie\/wp-content\/uploads\/2020\/05\/Consulat-de-Tunisie-Paris.jpg","datePublished":"2020-10-26T21:59:20+00:00","dateModified":"2020-10-27T07:04:17+00:00","breadcrumb":{"@id":"https:\/\/kapitalis.com\/tunisie\/2020\/10\/26\/covid-19-le-consulat-general-de-tunisie-a-paris-ferme-suite-a-la-contamination-de-plusieurs-de-ses-employes\/#breadcrumb"},"inLanguage":"fr-FR","potentialAction":[{"@type":"ReadAction","target":["https:\/\/kapitalis.com\/tunisie\/2020\/10\/26\/covid-19-le-consulat-general-de-tunisie-a-paris-ferme-suite-a-la-contamination-de-plusieurs-de-ses-employes\/"]}]},{"@type":"ImageObject","inLanguage":"fr-FR","@id":"https:\/\/kapitalis.com\/tunisie\/2020\/10\/26\/covid-19-le-consulat-general-de-tunisie-a-paris-ferme-suite-a-la-contamination-de-plusieurs-de-ses-employes\/#primaryimage","url":"","contentUrl":""},{"@type":"BreadcrumbList","@id":"https:\/\/kapitalis.com\/tunisie\/2020\/10\/26\/covid-19-le-consulat-general-de-tunisie-a-paris-ferme-suite-a-la-contamination-de-plusieurs-de-ses-employes\/#breadcrumb","itemListElement":[{"@type":"ListItem","position":1,"name":"Accueil","item":"https:\/\/kapitalis.com\/tunisie\/"},{"@type":"ListItem","position":2,"name":"Covid-19 : Le Consulat g\u00e9n\u00e9ral de Tunisie \u00e0 Paris ferm\u00e9 suite \u00e0 la contamination de plusieurs de ses employ\u00e9s"}]},{"@type":"WebSite","@id":"https:\/\/kapitalis.com\/tunisie\/#website","url":"https:\/\/kapitalis.com\/tunisie\/","name":"Kapitalis","description":"L&#039;actualit\u00e9 en Tunisie et dans le monde","publisher":{"@id":"https:\/\/kapitalis.com\/tunisie\/#organization"},"potentialAction":[{"@type":"SearchAction","target":{"@type":"EntryPoint","urlTemplate":"https:\/\/kapitalis.com\/tunisie\/?s={search_term_string}"},"query-input":{"@type":"PropertyValueSpecification","valueRequired":true,"valueName":"search_term_string"}}],"inLanguage":"fr-FR"},{"@type":"Organization","@id":"https:\/\/kapitalis.com\/tunisie\/#organization","name":"Kapitalis","url":"https:\/\/kapitalis.com\/tunisie\/","logo":{"@type":"ImageObject","inLanguage":"fr-FR","@id":"https:\/\/kapitalis.com\/tunisie\/#\/schema\/logo\/image\/","url":"https:\/\/kapitalis.com\/tunisie\/wp-content\/uploads\/2022\/05\/Kapitalis-big-size.png","contentUrl":"https:\/\/kapitalis.com\/tunisie\/wp-content\/uploads\/2022\/05\/Kapitalis-big-size.png","width":5000,"height":1500,"caption":"Kapitalis"},"image":{"@id":"https:\/\/kapitalis.com\/tunisie\/#\/schema\/logo\/image\/"},"sameAs":["https:\/\/www.facebook.com\/KapitalisInfo\/","https:\/\/x.com\/KapitalisInfo","https:\/\/www.youtube.com\/channel\/UC-yDYrHyfFBWWZaOw3FPg9Q"]},{"@type":"Person","@id":"https:\/\/kapitalis.com\/tunisie\/#\/schema\/person\/74bbde0154d49d790a92aaeac5bc01d5","name":"Yusra NY","url":"https:\/\/kapitalis.com\/tunisie\/author\/yuza_adam\/"}]}},"_links":{"self":[{"href":"https:\/\/kapitalis.com\/tunisie\/wp-json\/wp\/v2\/posts\/322143","targetHints":{"allow":["GET"]}}],"collection":[{"href":"https:\/\/kapitalis.com\/tunisie\/wp-json\/wp\/v2\/posts"}],"about":[{"href":"https:\/\/kapitalis.com\/tunisie\/wp-json\/wp\/v2\/types\/post"}],"author":[{"embeddable":true,"href":"https:\/\/kapitalis.com\/tunisie\/wp-json\/wp\/v2\/users\/6"}],"replies":[{"embeddable":true,"href":"https:\/\/kapitalis.com\/tunisie\/wp-json\/wp\/v2\/comments?post=322143"}],"version-history":[{"count":0,"href":"https:\/\/kapitalis.com\/tunisie\/wp-json\/wp\/v2\/posts\/322143\/revisions"}],"wp:attachment":[{"href":"https:\/\/kapitalis.com\/tunisie\/wp-json\/wp\/v2\/media?parent=322143"}],"wp:term":[{"taxonomy":"category","embeddable":true,"href":"https:\/\/kapitalis.com\/tunisie\/wp-json\/wp\/v2\/categories?post=322143"},{"taxonomy":"post_tag","embeddable":true,"href":"https:\/\/kapitalis.com\/tunisie\/wp-json\/wp\/v2\/tags?post=322143"}],"curies":[{"name":"wp","href":"https:\/\/api.w.org\/{rel}","templated":true}]}}