{"id":322212,"date":"2020-10-27T12:43:36","date_gmt":"2020-10-27T11:43:36","guid":{"rendered":"http:\/\/kapitalis.com\/tunisie\/?p=322212"},"modified":"2020-10-27T13:24:14","modified_gmt":"2020-10-27T12:24:14","slug":"taoufik-charfeddine-lun-des-membres-de-mon-cabinet-sera-sanctionne-pour-fautes-inacceptables","status":"publish","type":"post","link":"https:\/\/kapitalis.com\/tunisie\/2020\/10\/27\/taoufik-charfeddine-lun-des-membres-de-mon-cabinet-sera-sanctionne-pour-fautes-inacceptables\/","title":{"rendered":"Taoufik Charfeddine : L&rsquo;un des membres de mon cabinet sera sanctionn\u00e9 pour fautes inacceptables"},"content":{"rendered":"\n<figure class=\"wp-block-image size-large\"><img decoding=\"async\" src=\"http:\/\/kapitalis.com\/tunisie\/wp-content\/uploads\/2020\/10\/taoufik-charfeddine.jpg\" alt=\"\" class=\"wp-image-322215\"\/><\/figure>\n\n\n\n<p><strong><em>Un responsable au sein du cabinet du ministre de l&rsquo;Int\u00e9rieur, Taoufik Charfeddine, aurait commis derni\u00e8rement \u00abune s\u00e9rie de fautes inacceptables\u00bb pour lesquelles il sera sanctionn\u00e9.<\/em><\/strong><\/p>\n\n\n\n<!--more-->\n\n\n\n<p>C&rsquo;est ce qu&rsquo;a indiqu\u00e9 M. Charfeddine, hier, lundi 26 octobre 2020, \u00e0 l&rsquo;Assembl\u00e9e des repr\u00e9sentants du peuple (ARP), lors de la pl\u00e9ni\u00e8re consacr\u00e9e au dialogue avec les membres du gouvernement, sans donner plus de pr\u00e9cisions sur cette affaire (ni le nom du concern\u00e9 ni la nature de ses erreurs).<\/p>\n\n\n\n<p>Le ministre s&rsquo;est content\u00e9 de dire que ces erreurs \u00e9taient r\u00e9currentes et qu&rsquo;elles avaient \u00e9man\u00e9 d&rsquo;un responsable \u00ab<em>connu pour sa discipline<\/em>\u00bb.<\/p>\n\n\n\n<p>Taoufik Charfeddine, pour qui, la menace terroriste demeure le principal souci de l\u2019institution s\u00e9curitaire, a \u00e9galement refus\u00e9 de fournir des chiffres li\u00e9s au nombre des cadres s\u00e9curitaires ayant \u00e9t\u00e9 mis en retraite forc\u00e9e. <\/p>\n\n\n\n<p class=\"has-text-align-right\"><strong>C. B. Y.<\/strong><\/p>\n","protected":false},"excerpt":{"rendered":"<p>Un responsable au sein du cabinet du ministre de l&rsquo;Int\u00e9rieur, Taoufik Charfeddine, aurait commis derni\u00e8rement \u00abune s\u00e9rie de fautes inacceptables\u00bb pour lesquelles il sera sanctionn\u00e9.<\/p>\n","protected":false},"author":24,"featured_media":322215,"comment_status":"open","ping_status":"open","sticky":false,"template":"","format":"standard","meta":{"footnotes":""},"categories":[997,2433],"tags":[82067],"class_list":["post-322212","post","type-post","status-publish","format-standard","has-post-thumbnail","hentry","category-politique","category-tunisie","tag-taoufik-charfeddine"],"yoast_head":"<!-- This site is optimized with the Yoast SEO plugin v26.6 - https:\/\/yoast.com\/wordpress\/plugins\/seo\/ -->\n<title>Taoufik Charfeddine : L&#039;un des membres de mon cabinet sera sanctionn\u00e9 pour fautes inacceptables - Kapitalis<\/title>\n<meta name=\"robots\" content=\"index, follow, max-snippet:-1, max-image-preview:large, max-video-preview:-1\" \/>\n<link rel=\"canonical\" href=\"https:\/\/kapitalis.com\/tunisie\/2020\/10\/27\/taoufik-charfeddine-lun-des-membres-de-mon-cabinet-sera-sanctionne-pour-fautes-inacceptables\/\" \/>\n<meta property=\"og:locale\" content=\"fr_FR\" \/>\n<meta property=\"og:type\" content=\"article\" \/>\n<meta property=\"og:title\" content=\"Taoufik Charfeddine : L&#039;un des membres de mon cabinet sera sanctionn\u00e9 pour fautes inacceptables - Kapitalis\" \/>\n<meta property=\"og:description\" content=\"Un responsable au sein du cabinet du ministre de l&rsquo;Int\u00e9rieur, Taoufik Charfeddine, aurait commis derni\u00e8rement \u00abune s\u00e9rie de fautes inacceptables\u00bb pour lesquelles il sera sanctionn\u00e9.\" \/>\n<meta property=\"og:url\" content=\"https:\/\/kapitalis.com\/tunisie\/2020\/10\/27\/taoufik-charfeddine-lun-des-membres-de-mon-cabinet-sera-sanctionne-pour-fautes-inacceptables\/\" \/>\n<meta property=\"og:site_name\" content=\"Kapitalis\" \/>\n<meta property=\"article:publisher\" content=\"https:\/\/www.facebook.com\/KapitalisInfo\/\" \/>\n<meta property=\"article:published_time\" content=\"2020-10-27T11:43:36+00:00\" \/>\n<meta property=\"article:modified_time\" content=\"2020-10-27T12:24:14+00:00\" \/>\n<meta property=\"og:image\" content=\"https:\/\/kapitalis.com\/tunisie\/wp-content\/uploads\/2022\/05\/kapitalis-logo-fb.png\" \/>\n\t<meta property=\"og:image:width\" content=\"1200\" \/>\n\t<meta property=\"og:image:height\" content=\"630\" \/>\n\t<meta property=\"og:image:type\" content=\"image\/png\" \/>\n<meta name=\"author\" content=\"Cherif Benyounes\" \/>\n<meta name=\"twitter:card\" content=\"summary_large_image\" \/>\n<meta name=\"twitter:creator\" content=\"@KapitalisInfo\" \/>\n<meta name=\"twitter:site\" content=\"@KapitalisInfo\" \/>\n<meta name=\"twitter:label1\" content=\"\u00c9crit par\" \/>\n\t<meta name=\"twitter:data1\" content=\"Cherif Benyounes\" \/>\n\t<meta name=\"twitter:label2\" content=\"Dur\u00e9e de lecture estim\u00e9e\" \/>\n\t<meta name=\"twitter:data2\" content=\"1 minute\" \/>\n<script type=\"application\/ld+json\" class=\"yoast-schema-graph\">{\"@context\":\"https:\/\/schema.org\",\"@graph\":[{\"@type\":\"Article\",\"@id\":\"https:\/\/kapitalis.com\/tunisie\/2020\/10\/27\/taoufik-charfeddine-lun-des-membres-de-mon-cabinet-sera-sanctionne-pour-fautes-inacceptables\/#article\",\"isPartOf\":{\"@id\":\"https:\/\/kapitalis.com\/tunisie\/2020\/10\/27\/taoufik-charfeddine-lun-des-membres-de-mon-cabinet-sera-sanctionne-pour-fautes-inacceptables\/\"},\"author\":{\"name\":\"Cherif Benyounes\",\"@id\":\"https:\/\/kapitalis.com\/tunisie\/#\/schema\/person\/b35b8d631961131107263178aeb8019e\"},\"headline\":\"Taoufik Charfeddine : L&rsquo;un des membres de mon cabinet sera sanctionn\u00e9 pour fautes inacceptables\",\"datePublished\":\"2020-10-27T11:43:36+00:00\",\"dateModified\":\"2020-10-27T12:24:14+00:00\",\"mainEntityOfPage\":{\"@id\":\"https:\/\/kapitalis.com\/tunisie\/2020\/10\/27\/taoufik-charfeddine-lun-des-membres-de-mon-cabinet-sera-sanctionne-pour-fautes-inacceptables\/\"},\"wordCount\":156,\"commentCount\":0,\"publisher\":{\"@id\":\"https:\/\/kapitalis.com\/tunisie\/#organization\"},\"image\":{\"@id\":\"https:\/\/kapitalis.com\/tunisie\/2020\/10\/27\/taoufik-charfeddine-lun-des-membres-de-mon-cabinet-sera-sanctionne-pour-fautes-inacceptables\/#primaryimage\"},\"thumbnailUrl\":\"\",\"keywords\":[\"Taoufik Charfeddine\"],\"articleSection\":[\"POLITIQUE\",\"Tunisie\"],\"inLanguage\":\"fr-FR\",\"potentialAction\":[{\"@type\":\"CommentAction\",\"name\":\"Comment\",\"target\":[\"https:\/\/kapitalis.com\/tunisie\/2020\/10\/27\/taoufik-charfeddine-lun-des-membres-de-mon-cabinet-sera-sanctionne-pour-fautes-inacceptables\/#respond\"]}]},{\"@type\":\"WebPage\",\"@id\":\"https:\/\/kapitalis.com\/tunisie\/2020\/10\/27\/taoufik-charfeddine-lun-des-membres-de-mon-cabinet-sera-sanctionne-pour-fautes-inacceptables\/\",\"url\":\"https:\/\/kapitalis.com\/tunisie\/2020\/10\/27\/taoufik-charfeddine-lun-des-membres-de-mon-cabinet-sera-sanctionne-pour-fautes-inacceptables\/\",\"name\":\"Taoufik Charfeddine : L'un des membres de mon cabinet sera sanctionn\u00e9 pour fautes inacceptables - Kapitalis\",\"isPartOf\":{\"@id\":\"https:\/\/kapitalis.com\/tunisie\/#website\"},\"primaryImageOfPage\":{\"@id\":\"https:\/\/kapitalis.com\/tunisie\/2020\/10\/27\/taoufik-charfeddine-lun-des-membres-de-mon-cabinet-sera-sanctionne-pour-fautes-inacceptables\/#primaryimage\"},\"image\":{\"@id\":\"https:\/\/kapitalis.com\/tunisie\/2020\/10\/27\/taoufik-charfeddine-lun-des-membres-de-mon-cabinet-sera-sanctionne-pour-fautes-inacceptables\/#primaryimage\"},\"thumbnailUrl\":\"\",\"datePublished\":\"2020-10-27T11:43:36+00:00\",\"dateModified\":\"2020-10-27T12:24:14+00:00\",\"breadcrumb\":{\"@id\":\"https:\/\/kapitalis.com\/tunisie\/2020\/10\/27\/taoufik-charfeddine-lun-des-membres-de-mon-cabinet-sera-sanctionne-pour-fautes-inacceptables\/#breadcrumb\"},\"inLanguage\":\"fr-FR\",\"potentialAction\":[{\"@type\":\"ReadAction\",\"target\":[\"https:\/\/kapitalis.com\/tunisie\/2020\/10\/27\/taoufik-charfeddine-lun-des-membres-de-mon-cabinet-sera-sanctionne-pour-fautes-inacceptables\/\"]}]},{\"@type\":\"ImageObject\",\"inLanguage\":\"fr-FR\",\"@id\":\"https:\/\/kapitalis.com\/tunisie\/2020\/10\/27\/taoufik-charfeddine-lun-des-membres-de-mon-cabinet-sera-sanctionne-pour-fautes-inacceptables\/#primaryimage\",\"url\":\"\",\"contentUrl\":\"\"},{\"@type\":\"BreadcrumbList\",\"@id\":\"https:\/\/kapitalis.com\/tunisie\/2020\/10\/27\/taoufik-charfeddine-lun-des-membres-de-mon-cabinet-sera-sanctionne-pour-fautes-inacceptables\/#breadcrumb\",\"itemListElement\":[{\"@type\":\"ListItem\",\"position\":1,\"name\":\"Accueil\",\"item\":\"https:\/\/kapitalis.com\/tunisie\/\"},{\"@type\":\"ListItem\",\"position\":2,\"name\":\"Taoufik Charfeddine : L&rsquo;un des membres de mon cabinet sera sanctionn\u00e9 pour fautes inacceptables\"}]},{\"@type\":\"WebSite\",\"@id\":\"https:\/\/kapitalis.com\/tunisie\/#website\",\"url\":\"https:\/\/kapitalis.com\/tunisie\/\",\"name\":\"Kapitalis\",\"description\":\"L&#039;actualit\u00e9 en Tunisie et dans le monde\",\"publisher\":{\"@id\":\"https:\/\/kapitalis.com\/tunisie\/#organization\"},\"potentialAction\":[{\"@type\":\"SearchAction\",\"target\":{\"@type\":\"EntryPoint\",\"urlTemplate\":\"https:\/\/kapitalis.com\/tunisie\/?s={search_term_string}\"},\"query-input\":{\"@type\":\"PropertyValueSpecification\",\"valueRequired\":true,\"valueName\":\"search_term_string\"}}],\"inLanguage\":\"fr-FR\"},{\"@type\":\"Organization\",\"@id\":\"https:\/\/kapitalis.com\/tunisie\/#organization\",\"name\":\"Kapitalis\",\"url\":\"https:\/\/kapitalis.com\/tunisie\/\",\"logo\":{\"@type\":\"ImageObject\",\"inLanguage\":\"fr-FR\",\"@id\":\"https:\/\/kapitalis.com\/tunisie\/#\/schema\/logo\/image\/\",\"url\":\"https:\/\/kapitalis.com\/tunisie\/wp-content\/uploads\/2022\/05\/Kapitalis-big-size.png\",\"contentUrl\":\"https:\/\/kapitalis.com\/tunisie\/wp-content\/uploads\/2022\/05\/Kapitalis-big-size.png\",\"width\":5000,\"height\":1500,\"caption\":\"Kapitalis\"},\"image\":{\"@id\":\"https:\/\/kapitalis.com\/tunisie\/#\/schema\/logo\/image\/\"},\"sameAs\":[\"https:\/\/www.facebook.com\/KapitalisInfo\/\",\"https:\/\/x.com\/KapitalisInfo\",\"https:\/\/www.youtube.com\/channel\/UC-yDYrHyfFBWWZaOw3FPg9Q\"]},{\"@type\":\"Person\",\"@id\":\"https:\/\/kapitalis.com\/tunisie\/#\/schema\/person\/b35b8d631961131107263178aeb8019e\",\"name\":\"Cherif Benyounes\",\"url\":\"https:\/\/kapitalis.com\/tunisie\/author\/cherif\/\"}]}<\/script>\n<!-- \/ Yoast SEO plugin. -->","yoast_head_json":{"title":"Taoufik Charfeddine : L'un des membres de mon cabinet sera sanctionn\u00e9 pour fautes inacceptables - Kapitalis","robots":{"index":"index","follow":"follow","max-snippet":"max-snippet:-1","max-image-preview":"max-image-preview:large","max-video-preview":"max-video-preview:-1"},"canonical":"https:\/\/kapitalis.com\/tunisie\/2020\/10\/27\/taoufik-charfeddine-lun-des-membres-de-mon-cabinet-sera-sanctionne-pour-fautes-inacceptables\/","og_locale":"fr_FR","og_type":"article","og_title":"Taoufik Charfeddine : L'un des membres de mon cabinet sera sanctionn\u00e9 pour fautes inacceptables - Kapitalis","og_description":"Un responsable au sein du cabinet du ministre de l&rsquo;Int\u00e9rieur, Taoufik Charfeddine, aurait commis derni\u00e8rement \u00abune s\u00e9rie de fautes inacceptables\u00bb pour lesquelles il sera sanctionn\u00e9.","og_url":"https:\/\/kapitalis.com\/tunisie\/2020\/10\/27\/taoufik-charfeddine-lun-des-membres-de-mon-cabinet-sera-sanctionne-pour-fautes-inacceptables\/","og_site_name":"Kapitalis","article_publisher":"https:\/\/www.facebook.com\/KapitalisInfo\/","article_published_time":"2020-10-27T11:43:36+00:00","article_modified_time":"2020-10-27T12:24:14+00:00","og_image":[{"width":1200,"height":630,"url":"https:\/\/kapitalis.com\/tunisie\/wp-content\/uploads\/2022\/05\/kapitalis-logo-fb.png","type":"image\/png"}],"author":"Cherif Benyounes","twitter_card":"summary_large_image","twitter_creator":"@KapitalisInfo","twitter_site":"@KapitalisInfo","twitter_misc":{"\u00c9crit par":"Cherif Benyounes","Dur\u00e9e de lecture estim\u00e9e":"1 minute"},"schema":{"@context":"https:\/\/schema.org","@graph":[{"@type":"Article","@id":"https:\/\/kapitalis.com\/tunisie\/2020\/10\/27\/taoufik-charfeddine-lun-des-membres-de-mon-cabinet-sera-sanctionne-pour-fautes-inacceptables\/#article","isPartOf":{"@id":"https:\/\/kapitalis.com\/tunisie\/2020\/10\/27\/taoufik-charfeddine-lun-des-membres-de-mon-cabinet-sera-sanctionne-pour-fautes-inacceptables\/"},"author":{"name":"Cherif Benyounes","@id":"https:\/\/kapitalis.com\/tunisie\/#\/schema\/person\/b35b8d631961131107263178aeb8019e"},"headline":"Taoufik Charfeddine : L&rsquo;un des membres de mon cabinet sera sanctionn\u00e9 pour fautes inacceptables","datePublished":"2020-10-27T11:43:36+00:00","dateModified":"2020-10-27T12:24:14+00:00","mainEntityOfPage":{"@id":"https:\/\/kapitalis.com\/tunisie\/2020\/10\/27\/taoufik-charfeddine-lun-des-membres-de-mon-cabinet-sera-sanctionne-pour-fautes-inacceptables\/"},"wordCount":156,"commentCount":0,"publisher":{"@id":"https:\/\/kapitalis.com\/tunisie\/#organization"},"image":{"@id":"https:\/\/kapitalis.com\/tunisie\/2020\/10\/27\/taoufik-charfeddine-lun-des-membres-de-mon-cabinet-sera-sanctionne-pour-fautes-inacceptables\/#primaryimage"},"thumbnailUrl":"","keywords":["Taoufik Charfeddine"],"articleSection":["POLITIQUE","Tunisie"],"inLanguage":"fr-FR","potentialAction":[{"@type":"CommentAction","name":"Comment","target":["https:\/\/kapitalis.com\/tunisie\/2020\/10\/27\/taoufik-charfeddine-lun-des-membres-de-mon-cabinet-sera-sanctionne-pour-fautes-inacceptables\/#respond"]}]},{"@type":"WebPage","@id":"https:\/\/kapitalis.com\/tunisie\/2020\/10\/27\/taoufik-charfeddine-lun-des-membres-de-mon-cabinet-sera-sanctionne-pour-fautes-inacceptables\/","url":"https:\/\/kapitalis.com\/tunisie\/2020\/10\/27\/taoufik-charfeddine-lun-des-membres-de-mon-cabinet-sera-sanctionne-pour-fautes-inacceptables\/","name":"Taoufik Charfeddine : L'un des membres de mon cabinet sera sanctionn\u00e9 pour fautes inacceptables - Kapitalis","isPartOf":{"@id":"https:\/\/kapitalis.com\/tunisie\/#website"},"primaryImageOfPage":{"@id":"https:\/\/kapitalis.com\/tunisie\/2020\/10\/27\/taoufik-charfeddine-lun-des-membres-de-mon-cabinet-sera-sanctionne-pour-fautes-inacceptables\/#primaryimage"},"image":{"@id":"https:\/\/kapitalis.com\/tunisie\/2020\/10\/27\/taoufik-charfeddine-lun-des-membres-de-mon-cabinet-sera-sanctionne-pour-fautes-inacceptables\/#primaryimage"},"thumbnailUrl":"","datePublished":"2020-10-27T11:43:36+00:00","dateModified":"2020-10-27T12:24:14+00:00","breadcrumb":{"@id":"https:\/\/kapitalis.com\/tunisie\/2020\/10\/27\/taoufik-charfeddine-lun-des-membres-de-mon-cabinet-sera-sanctionne-pour-fautes-inacceptables\/#breadcrumb"},"inLanguage":"fr-FR","potentialAction":[{"@type":"ReadAction","target":["https:\/\/kapitalis.com\/tunisie\/2020\/10\/27\/taoufik-charfeddine-lun-des-membres-de-mon-cabinet-sera-sanctionne-pour-fautes-inacceptables\/"]}]},{"@type":"ImageObject","inLanguage":"fr-FR","@id":"https:\/\/kapitalis.com\/tunisie\/2020\/10\/27\/taoufik-charfeddine-lun-des-membres-de-mon-cabinet-sera-sanctionne-pour-fautes-inacceptables\/#primaryimage","url":"","contentUrl":""},{"@type":"BreadcrumbList","@id":"https:\/\/kapitalis.com\/tunisie\/2020\/10\/27\/taoufik-charfeddine-lun-des-membres-de-mon-cabinet-sera-sanctionne-pour-fautes-inacceptables\/#breadcrumb","itemListElement":[{"@type":"ListItem","position":1,"name":"Accueil","item":"https:\/\/kapitalis.com\/tunisie\/"},{"@type":"ListItem","position":2,"name":"Taoufik Charfeddine : L&rsquo;un des membres de mon cabinet sera sanctionn\u00e9 pour fautes inacceptables"}]},{"@type":"WebSite","@id":"https:\/\/kapitalis.com\/tunisie\/#website","url":"https:\/\/kapitalis.com\/tunisie\/","name":"Kapitalis","description":"L&#039;actualit\u00e9 en Tunisie et dans le monde","publisher":{"@id":"https:\/\/kapitalis.com\/tunisie\/#organization"},"potentialAction":[{"@type":"SearchAction","target":{"@type":"EntryPoint","urlTemplate":"https:\/\/kapitalis.com\/tunisie\/?s={search_term_string}"},"query-input":{"@type":"PropertyValueSpecification","valueRequired":true,"valueName":"search_term_string"}}],"inLanguage":"fr-FR"},{"@type":"Organization","@id":"https:\/\/kapitalis.com\/tunisie\/#organization","name":"Kapitalis","url":"https:\/\/kapitalis.com\/tunisie\/","logo":{"@type":"ImageObject","inLanguage":"fr-FR","@id":"https:\/\/kapitalis.com\/tunisie\/#\/schema\/logo\/image\/","url":"https:\/\/kapitalis.com\/tunisie\/wp-content\/uploads\/2022\/05\/Kapitalis-big-size.png","contentUrl":"https:\/\/kapitalis.com\/tunisie\/wp-content\/uploads\/2022\/05\/Kapitalis-big-size.png","width":5000,"height":1500,"caption":"Kapitalis"},"image":{"@id":"https:\/\/kapitalis.com\/tunisie\/#\/schema\/logo\/image\/"},"sameAs":["https:\/\/www.facebook.com\/KapitalisInfo\/","https:\/\/x.com\/KapitalisInfo","https:\/\/www.youtube.com\/channel\/UC-yDYrHyfFBWWZaOw3FPg9Q"]},{"@type":"Person","@id":"https:\/\/kapitalis.com\/tunisie\/#\/schema\/person\/b35b8d631961131107263178aeb8019e","name":"Cherif Benyounes","url":"https:\/\/kapitalis.com\/tunisie\/author\/cherif\/"}]}},"_links":{"self":[{"href":"https:\/\/kapitalis.com\/tunisie\/wp-json\/wp\/v2\/posts\/322212","targetHints":{"allow":["GET"]}}],"collection":[{"href":"https:\/\/kapitalis.com\/tunisie\/wp-json\/wp\/v2\/posts"}],"about":[{"href":"https:\/\/kapitalis.com\/tunisie\/wp-json\/wp\/v2\/types\/post"}],"author":[{"embeddable":true,"href":"https:\/\/kapitalis.com\/tunisie\/wp-json\/wp\/v2\/users\/24"}],"replies":[{"embeddable":true,"href":"https:\/\/kapitalis.com\/tunisie\/wp-json\/wp\/v2\/comments?post=322212"}],"version-history":[{"count":0,"href":"https:\/\/kapitalis.com\/tunisie\/wp-json\/wp\/v2\/posts\/322212\/revisions"}],"wp:featuredmedia":[{"embeddable":true,"href":"https:\/\/kapitalis.com\/tunisie\/wp-json\/wp\/v2\/media\/322215"}],"wp:attachment":[{"href":"https:\/\/kapitalis.com\/tunisie\/wp-json\/wp\/v2\/media?parent=322212"}],"wp:term":[{"taxonomy":"category","embeddable":true,"href":"https:\/\/kapitalis.com\/tunisie\/wp-json\/wp\/v2\/categories?post=322212"},{"taxonomy":"post_tag","embeddable":true,"href":"https:\/\/kapitalis.com\/tunisie\/wp-json\/wp\/v2\/tags?post=322212"}],"curies":[{"name":"wp","href":"https:\/\/api.w.org\/{rel}","templated":true}]}}