{"id":322266,"date":"2020-10-27T17:09:45","date_gmt":"2020-10-27T16:09:45","guid":{"rendered":"http:\/\/kapitalis.com\/tunisie\/?p=322266"},"modified":"2020-10-27T17:09:54","modified_gmt":"2020-10-27T16:09:54","slug":"pour-ennahdha-mohamed-ghariani-nest-plus-un-zelm-mais-une-competence","status":"publish","type":"post","link":"https:\/\/kapitalis.com\/tunisie\/2020\/10\/27\/pour-ennahdha-mohamed-ghariani-nest-plus-un-zelm-mais-une-competence\/","title":{"rendered":"Pour Ennahdha, Mohamed Ghariani n&rsquo;est plus un \u00abzelm\u00bb mais une comp\u00e9tence"},"content":{"rendered":"\n<figure class=\"wp-block-image size-large\"><img decoding=\"async\" src=\"http:\/\/kapitalis.com\/tunisie\/wp-content\/uploads\/2018\/02\/Mohamed-Ghariani_Rached-Ghannouchi.jpg\" alt=\"\" class=\"wp-image-140728\"\/><figcaption><em>Rached Ghannouchi est heureux de compter sur les services d&rsquo;un vieux de la vieille. <\/em><\/figcaption><\/figure>\n\n\n\n<p><strong><em>Alors qu\u2019Abir Moussi, qui les combat pour leur id\u00e9ologie islamiste et leur appartenance \u00e0 l\u2019organisation des Fr\u00e8res Musulmans, est insult\u00e9e, injuri\u00e9e et accus\u00e9e de vouloir r\u00e9tablir la dictature, Mohamed Ghariani, issu de la m\u00eame famille destourienne qu\u2019elle et qui s&rsquo;est jet\u00e9 dans leurs bras, est consid\u00e9r\u00e9 comme \u00abune comp\u00e9tence\u00bb par les dirigeants d\u2019Ennahdha. Serait-il Henry Kessinger ou Mohamed Hassanein Haykel?<\/em><\/strong><\/p>\n\n\n\n<!--more-->\n\n\n\n<p><em>\u00abLe mouvement Ennahdha consid\u00e8re Mohamed Ghariani comme une comp\u00e9tence, tout comme ceux qui ont travaill\u00e9 dans les syst\u00e8mes de Bourguiba et de Ben Ali. Ce sont des comp\u00e9tences politiques et administratives et il faut profiter de leur exp\u00e9rience pour le bien du pays\u00bb<\/em>, a d\u00e9clar\u00e9 Khalil Baroumi, le charg\u00e9 de l\u2019information au sein du mouvement Ennahdha, dans un entretien avec Shems FM, aujourd\u2019hui, mardi 27 octobre 2020.<\/p>\n\n\n\n<p>Il r\u00e9pondait ainsi \u00e0 une question \u00e0 propos de la nomination de Mohamed Ghariani comme conseiller de Rached Ghannouchi, pr\u00e9sident de l\u2019Assembl\u00e9e des repr\u00e9sentants du peuple (ARP) et du mouvement Ennahdha. Et plaidait pour la r\u00e9conciliation avec les figures de l&rsquo;ancien r\u00e9gime&#8230;  <\/p>\n\n\n\n<p>Mohamed Ghariani, rappelons-le, \u00e9tait secr\u00e9taire g\u00e9n\u00e9ral du Rassemblement constitutionnel d\u00e9mocratique (RCD), et Abir Moussi secr\u00e9taire g\u00e9n\u00e9ral adjoint du m\u00eame parti, au moment de la chute de Ben Ali, le 14 janvier 2011, mais pour les islamistes, il y a des <em>\u00abdestouriens halal\u00bb<\/em>, comme Mohamed Ghariani, qui ont vir\u00e9 de bord et retourn\u00e9 leur veste pour prendre langue avec les islamistes et se mettre \u00e0 leur service, et des <em>\u00abdestouriens haram\u00bb<\/em>, comme Abir Moussi, pr\u00e9sidente du Parti destourien libre (PDL), qui est rest\u00e9e fid\u00e8le \u00e0 ses engagements et \u00e0 ses principes. <\/p>\n\n\n\n<p class=\"has-text-align-right\"><strong>Imed Bahri<\/strong><\/p>\n","protected":false},"excerpt":{"rendered":"<p>Alors qu\u2019Abir Moussi, qui les combat pour leur id\u00e9ologie islamiste et leur appartenance \u00e0 l\u2019organisation des Fr\u00e8res Musulmans, est insult\u00e9e, injuri\u00e9e et accus\u00e9e de vouloir r\u00e9tablir la dictature, Mohamed Ghariani, issu de la m\u00eame famille destourienne qu\u2019elle et qui s&rsquo;est jet\u00e9 dans leurs bras, est consid\u00e9r\u00e9 comme \u00abune comp\u00e9tence\u00bb par les dirigeants d\u2019Ennahdha. Serait-il Henry&#8230;<\/p>\n","protected":false},"author":8,"featured_media":0,"comment_status":"open","ping_status":"open","sticky":false,"template":"","format":"standard","meta":{"footnotes":""},"categories":[997,2433],"tags":[15144,49543,84218,12761,23927,758],"class_list":["post-322266","post","type-post","status-publish","format-standard","hentry","category-politique","category-tunisie","tag-abir-moussi","tag-ennahdha","tag-khalil-baroumi","tag-mohamed-ghariani","tag-parti-destourien-libre","tag-rached-ghannouchi"],"yoast_head":"<!-- This site is optimized with the Yoast SEO plugin v26.6 - https:\/\/yoast.com\/wordpress\/plugins\/seo\/ -->\n<title>Pour Ennahdha, Mohamed Ghariani n&#039;est plus un \u00abzelm\u00bb mais une comp\u00e9tence - Kapitalis<\/title>\n<meta name=\"robots\" content=\"index, follow, max-snippet:-1, max-image-preview:large, max-video-preview:-1\" \/>\n<link rel=\"canonical\" href=\"https:\/\/kapitalis.com\/tunisie\/2020\/10\/27\/pour-ennahdha-mohamed-ghariani-nest-plus-un-zelm-mais-une-competence\/\" \/>\n<meta property=\"og:locale\" content=\"fr_FR\" \/>\n<meta property=\"og:type\" content=\"article\" \/>\n<meta property=\"og:title\" content=\"Pour Ennahdha, Mohamed Ghariani n&#039;est plus un \u00abzelm\u00bb mais une comp\u00e9tence - Kapitalis\" \/>\n<meta property=\"og:description\" content=\"Alors qu\u2019Abir Moussi, qui les combat pour leur id\u00e9ologie islamiste et leur appartenance \u00e0 l\u2019organisation des Fr\u00e8res Musulmans, est insult\u00e9e, injuri\u00e9e et accus\u00e9e de vouloir r\u00e9tablir la dictature, Mohamed Ghariani, issu de la m\u00eame famille destourienne qu\u2019elle et qui s&rsquo;est jet\u00e9 dans leurs bras, est consid\u00e9r\u00e9 comme \u00abune comp\u00e9tence\u00bb par les dirigeants d\u2019Ennahdha. Serait-il Henry...\" \/>\n<meta property=\"og:url\" content=\"https:\/\/kapitalis.com\/tunisie\/2020\/10\/27\/pour-ennahdha-mohamed-ghariani-nest-plus-un-zelm-mais-une-competence\/\" \/>\n<meta property=\"og:site_name\" content=\"Kapitalis\" \/>\n<meta property=\"article:publisher\" content=\"https:\/\/www.facebook.com\/KapitalisInfo\/\" \/>\n<meta property=\"article:published_time\" content=\"2020-10-27T16:09:45+00:00\" \/>\n<meta property=\"article:modified_time\" content=\"2020-10-27T16:09:54+00:00\" \/>\n<meta property=\"og:image\" content=\"http:\/\/kapitalis.com\/tunisie\/wp-content\/uploads\/2018\/02\/Mohamed-Ghariani_Rached-Ghannouchi.jpg\" \/>\n<meta name=\"author\" content=\"webmaster kapitalis\" \/>\n<meta name=\"twitter:card\" content=\"summary_large_image\" \/>\n<meta name=\"twitter:creator\" content=\"@KapitalisInfo\" \/>\n<meta name=\"twitter:site\" content=\"@KapitalisInfo\" \/>\n<meta name=\"twitter:label1\" content=\"\u00c9crit par\" \/>\n\t<meta name=\"twitter:data1\" content=\"webmaster kapitalis\" \/>\n\t<meta name=\"twitter:label2\" content=\"Dur\u00e9e de lecture estim\u00e9e\" \/>\n\t<meta name=\"twitter:data2\" content=\"2 minutes\" \/>\n<script type=\"application\/ld+json\" class=\"yoast-schema-graph\">{\"@context\":\"https:\/\/schema.org\",\"@graph\":[{\"@type\":\"Article\",\"@id\":\"https:\/\/kapitalis.com\/tunisie\/2020\/10\/27\/pour-ennahdha-mohamed-ghariani-nest-plus-un-zelm-mais-une-competence\/#article\",\"isPartOf\":{\"@id\":\"https:\/\/kapitalis.com\/tunisie\/2020\/10\/27\/pour-ennahdha-mohamed-ghariani-nest-plus-un-zelm-mais-une-competence\/\"},\"author\":{\"name\":\"webmaster kapitalis\",\"@id\":\"https:\/\/kapitalis.com\/tunisie\/#\/schema\/person\/d71f33a9ca44f7bad4698210b480c8e9\"},\"headline\":\"Pour Ennahdha, Mohamed Ghariani n&rsquo;est plus un \u00abzelm\u00bb mais une comp\u00e9tence\",\"datePublished\":\"2020-10-27T16:09:45+00:00\",\"dateModified\":\"2020-10-27T16:09:54+00:00\",\"mainEntityOfPage\":{\"@id\":\"https:\/\/kapitalis.com\/tunisie\/2020\/10\/27\/pour-ennahdha-mohamed-ghariani-nest-plus-un-zelm-mais-une-competence\/\"},\"wordCount\":316,\"commentCount\":3,\"publisher\":{\"@id\":\"https:\/\/kapitalis.com\/tunisie\/#organization\"},\"image\":{\"@id\":\"https:\/\/kapitalis.com\/tunisie\/2020\/10\/27\/pour-ennahdha-mohamed-ghariani-nest-plus-un-zelm-mais-une-competence\/#primaryimage\"},\"thumbnailUrl\":\"http:\/\/kapitalis.com\/tunisie\/wp-content\/uploads\/2018\/02\/Mohamed-Ghariani_Rached-Ghannouchi.jpg\",\"keywords\":[\"Abir Moussi\",\"Ennahdha\",\"Khalil Baroumi\",\"Mohamed Ghariani\",\"Parti destourien libre\",\"Rached Ghannouchi\"],\"articleSection\":[\"POLITIQUE\",\"Tunisie\"],\"inLanguage\":\"fr-FR\",\"potentialAction\":[{\"@type\":\"CommentAction\",\"name\":\"Comment\",\"target\":[\"https:\/\/kapitalis.com\/tunisie\/2020\/10\/27\/pour-ennahdha-mohamed-ghariani-nest-plus-un-zelm-mais-une-competence\/#respond\"]}]},{\"@type\":\"WebPage\",\"@id\":\"https:\/\/kapitalis.com\/tunisie\/2020\/10\/27\/pour-ennahdha-mohamed-ghariani-nest-plus-un-zelm-mais-une-competence\/\",\"url\":\"https:\/\/kapitalis.com\/tunisie\/2020\/10\/27\/pour-ennahdha-mohamed-ghariani-nest-plus-un-zelm-mais-une-competence\/\",\"name\":\"Pour Ennahdha, Mohamed Ghariani n'est plus un \u00abzelm\u00bb mais une comp\u00e9tence - Kapitalis\",\"isPartOf\":{\"@id\":\"https:\/\/kapitalis.com\/tunisie\/#website\"},\"primaryImageOfPage\":{\"@id\":\"https:\/\/kapitalis.com\/tunisie\/2020\/10\/27\/pour-ennahdha-mohamed-ghariani-nest-plus-un-zelm-mais-une-competence\/#primaryimage\"},\"image\":{\"@id\":\"https:\/\/kapitalis.com\/tunisie\/2020\/10\/27\/pour-ennahdha-mohamed-ghariani-nest-plus-un-zelm-mais-une-competence\/#primaryimage\"},\"thumbnailUrl\":\"http:\/\/kapitalis.com\/tunisie\/wp-content\/uploads\/2018\/02\/Mohamed-Ghariani_Rached-Ghannouchi.jpg\",\"datePublished\":\"2020-10-27T16:09:45+00:00\",\"dateModified\":\"2020-10-27T16:09:54+00:00\",\"breadcrumb\":{\"@id\":\"https:\/\/kapitalis.com\/tunisie\/2020\/10\/27\/pour-ennahdha-mohamed-ghariani-nest-plus-un-zelm-mais-une-competence\/#breadcrumb\"},\"inLanguage\":\"fr-FR\",\"potentialAction\":[{\"@type\":\"ReadAction\",\"target\":[\"https:\/\/kapitalis.com\/tunisie\/2020\/10\/27\/pour-ennahdha-mohamed-ghariani-nest-plus-un-zelm-mais-une-competence\/\"]}]},{\"@type\":\"ImageObject\",\"inLanguage\":\"fr-FR\",\"@id\":\"https:\/\/kapitalis.com\/tunisie\/2020\/10\/27\/pour-ennahdha-mohamed-ghariani-nest-plus-un-zelm-mais-une-competence\/#primaryimage\",\"url\":\"http:\/\/kapitalis.com\/tunisie\/wp-content\/uploads\/2018\/02\/Mohamed-Ghariani_Rached-Ghannouchi.jpg\",\"contentUrl\":\"http:\/\/kapitalis.com\/tunisie\/wp-content\/uploads\/2018\/02\/Mohamed-Ghariani_Rached-Ghannouchi.jpg\"},{\"@type\":\"BreadcrumbList\",\"@id\":\"https:\/\/kapitalis.com\/tunisie\/2020\/10\/27\/pour-ennahdha-mohamed-ghariani-nest-plus-un-zelm-mais-une-competence\/#breadcrumb\",\"itemListElement\":[{\"@type\":\"ListItem\",\"position\":1,\"name\":\"Accueil\",\"item\":\"https:\/\/kapitalis.com\/tunisie\/\"},{\"@type\":\"ListItem\",\"position\":2,\"name\":\"Pour Ennahdha, Mohamed Ghariani n&rsquo;est plus un \u00abzelm\u00bb mais une comp\u00e9tence\"}]},{\"@type\":\"WebSite\",\"@id\":\"https:\/\/kapitalis.com\/tunisie\/#website\",\"url\":\"https:\/\/kapitalis.com\/tunisie\/\",\"name\":\"Kapitalis\",\"description\":\"L&#039;actualit\u00e9 en Tunisie et dans le monde\",\"publisher\":{\"@id\":\"https:\/\/kapitalis.com\/tunisie\/#organization\"},\"potentialAction\":[{\"@type\":\"SearchAction\",\"target\":{\"@type\":\"EntryPoint\",\"urlTemplate\":\"https:\/\/kapitalis.com\/tunisie\/?s={search_term_string}\"},\"query-input\":{\"@type\":\"PropertyValueSpecification\",\"valueRequired\":true,\"valueName\":\"search_term_string\"}}],\"inLanguage\":\"fr-FR\"},{\"@type\":\"Organization\",\"@id\":\"https:\/\/kapitalis.com\/tunisie\/#organization\",\"name\":\"Kapitalis\",\"url\":\"https:\/\/kapitalis.com\/tunisie\/\",\"logo\":{\"@type\":\"ImageObject\",\"inLanguage\":\"fr-FR\",\"@id\":\"https:\/\/kapitalis.com\/tunisie\/#\/schema\/logo\/image\/\",\"url\":\"https:\/\/kapitalis.com\/tunisie\/wp-content\/uploads\/2022\/05\/Kapitalis-big-size.png\",\"contentUrl\":\"https:\/\/kapitalis.com\/tunisie\/wp-content\/uploads\/2022\/05\/Kapitalis-big-size.png\",\"width\":5000,\"height\":1500,\"caption\":\"Kapitalis\"},\"image\":{\"@id\":\"https:\/\/kapitalis.com\/tunisie\/#\/schema\/logo\/image\/\"},\"sameAs\":[\"https:\/\/www.facebook.com\/KapitalisInfo\/\",\"https:\/\/x.com\/KapitalisInfo\",\"https:\/\/www.youtube.com\/channel\/UC-yDYrHyfFBWWZaOw3FPg9Q\"]},{\"@type\":\"Person\",\"@id\":\"https:\/\/kapitalis.com\/tunisie\/#\/schema\/person\/d71f33a9ca44f7bad4698210b480c8e9\",\"name\":\"webmaster kapitalis\",\"url\":\"https:\/\/kapitalis.com\/tunisie\/author\/webmaster-kapitalis\/\"}]}<\/script>\n<!-- \/ Yoast SEO plugin. -->","yoast_head_json":{"title":"Pour Ennahdha, Mohamed Ghariani n'est plus un \u00abzelm\u00bb mais une comp\u00e9tence - Kapitalis","robots":{"index":"index","follow":"follow","max-snippet":"max-snippet:-1","max-image-preview":"max-image-preview:large","max-video-preview":"max-video-preview:-1"},"canonical":"https:\/\/kapitalis.com\/tunisie\/2020\/10\/27\/pour-ennahdha-mohamed-ghariani-nest-plus-un-zelm-mais-une-competence\/","og_locale":"fr_FR","og_type":"article","og_title":"Pour Ennahdha, Mohamed Ghariani n'est plus un \u00abzelm\u00bb mais une comp\u00e9tence - Kapitalis","og_description":"Alors qu\u2019Abir Moussi, qui les combat pour leur id\u00e9ologie islamiste et leur appartenance \u00e0 l\u2019organisation des Fr\u00e8res Musulmans, est insult\u00e9e, injuri\u00e9e et accus\u00e9e de vouloir r\u00e9tablir la dictature, Mohamed Ghariani, issu de la m\u00eame famille destourienne qu\u2019elle et qui s&rsquo;est jet\u00e9 dans leurs bras, est consid\u00e9r\u00e9 comme \u00abune comp\u00e9tence\u00bb par les dirigeants d\u2019Ennahdha. Serait-il Henry...","og_url":"https:\/\/kapitalis.com\/tunisie\/2020\/10\/27\/pour-ennahdha-mohamed-ghariani-nest-plus-un-zelm-mais-une-competence\/","og_site_name":"Kapitalis","article_publisher":"https:\/\/www.facebook.com\/KapitalisInfo\/","article_published_time":"2020-10-27T16:09:45+00:00","article_modified_time":"2020-10-27T16:09:54+00:00","og_image":[{"url":"http:\/\/kapitalis.com\/tunisie\/wp-content\/uploads\/2018\/02\/Mohamed-Ghariani_Rached-Ghannouchi.jpg","type":"","width":"","height":""}],"author":"webmaster kapitalis","twitter_card":"summary_large_image","twitter_creator":"@KapitalisInfo","twitter_site":"@KapitalisInfo","twitter_misc":{"\u00c9crit par":"webmaster kapitalis","Dur\u00e9e de lecture estim\u00e9e":"2 minutes"},"schema":{"@context":"https:\/\/schema.org","@graph":[{"@type":"Article","@id":"https:\/\/kapitalis.com\/tunisie\/2020\/10\/27\/pour-ennahdha-mohamed-ghariani-nest-plus-un-zelm-mais-une-competence\/#article","isPartOf":{"@id":"https:\/\/kapitalis.com\/tunisie\/2020\/10\/27\/pour-ennahdha-mohamed-ghariani-nest-plus-un-zelm-mais-une-competence\/"},"author":{"name":"webmaster kapitalis","@id":"https:\/\/kapitalis.com\/tunisie\/#\/schema\/person\/d71f33a9ca44f7bad4698210b480c8e9"},"headline":"Pour Ennahdha, Mohamed Ghariani n&rsquo;est plus un \u00abzelm\u00bb mais une comp\u00e9tence","datePublished":"2020-10-27T16:09:45+00:00","dateModified":"2020-10-27T16:09:54+00:00","mainEntityOfPage":{"@id":"https:\/\/kapitalis.com\/tunisie\/2020\/10\/27\/pour-ennahdha-mohamed-ghariani-nest-plus-un-zelm-mais-une-competence\/"},"wordCount":316,"commentCount":3,"publisher":{"@id":"https:\/\/kapitalis.com\/tunisie\/#organization"},"image":{"@id":"https:\/\/kapitalis.com\/tunisie\/2020\/10\/27\/pour-ennahdha-mohamed-ghariani-nest-plus-un-zelm-mais-une-competence\/#primaryimage"},"thumbnailUrl":"http:\/\/kapitalis.com\/tunisie\/wp-content\/uploads\/2018\/02\/Mohamed-Ghariani_Rached-Ghannouchi.jpg","keywords":["Abir Moussi","Ennahdha","Khalil Baroumi","Mohamed Ghariani","Parti destourien libre","Rached Ghannouchi"],"articleSection":["POLITIQUE","Tunisie"],"inLanguage":"fr-FR","potentialAction":[{"@type":"CommentAction","name":"Comment","target":["https:\/\/kapitalis.com\/tunisie\/2020\/10\/27\/pour-ennahdha-mohamed-ghariani-nest-plus-un-zelm-mais-une-competence\/#respond"]}]},{"@type":"WebPage","@id":"https:\/\/kapitalis.com\/tunisie\/2020\/10\/27\/pour-ennahdha-mohamed-ghariani-nest-plus-un-zelm-mais-une-competence\/","url":"https:\/\/kapitalis.com\/tunisie\/2020\/10\/27\/pour-ennahdha-mohamed-ghariani-nest-plus-un-zelm-mais-une-competence\/","name":"Pour Ennahdha, Mohamed Ghariani n'est plus un \u00abzelm\u00bb mais une comp\u00e9tence - Kapitalis","isPartOf":{"@id":"https:\/\/kapitalis.com\/tunisie\/#website"},"primaryImageOfPage":{"@id":"https:\/\/kapitalis.com\/tunisie\/2020\/10\/27\/pour-ennahdha-mohamed-ghariani-nest-plus-un-zelm-mais-une-competence\/#primaryimage"},"image":{"@id":"https:\/\/kapitalis.com\/tunisie\/2020\/10\/27\/pour-ennahdha-mohamed-ghariani-nest-plus-un-zelm-mais-une-competence\/#primaryimage"},"thumbnailUrl":"http:\/\/kapitalis.com\/tunisie\/wp-content\/uploads\/2018\/02\/Mohamed-Ghariani_Rached-Ghannouchi.jpg","datePublished":"2020-10-27T16:09:45+00:00","dateModified":"2020-10-27T16:09:54+00:00","breadcrumb":{"@id":"https:\/\/kapitalis.com\/tunisie\/2020\/10\/27\/pour-ennahdha-mohamed-ghariani-nest-plus-un-zelm-mais-une-competence\/#breadcrumb"},"inLanguage":"fr-FR","potentialAction":[{"@type":"ReadAction","target":["https:\/\/kapitalis.com\/tunisie\/2020\/10\/27\/pour-ennahdha-mohamed-ghariani-nest-plus-un-zelm-mais-une-competence\/"]}]},{"@type":"ImageObject","inLanguage":"fr-FR","@id":"https:\/\/kapitalis.com\/tunisie\/2020\/10\/27\/pour-ennahdha-mohamed-ghariani-nest-plus-un-zelm-mais-une-competence\/#primaryimage","url":"http:\/\/kapitalis.com\/tunisie\/wp-content\/uploads\/2018\/02\/Mohamed-Ghariani_Rached-Ghannouchi.jpg","contentUrl":"http:\/\/kapitalis.com\/tunisie\/wp-content\/uploads\/2018\/02\/Mohamed-Ghariani_Rached-Ghannouchi.jpg"},{"@type":"BreadcrumbList","@id":"https:\/\/kapitalis.com\/tunisie\/2020\/10\/27\/pour-ennahdha-mohamed-ghariani-nest-plus-un-zelm-mais-une-competence\/#breadcrumb","itemListElement":[{"@type":"ListItem","position":1,"name":"Accueil","item":"https:\/\/kapitalis.com\/tunisie\/"},{"@type":"ListItem","position":2,"name":"Pour Ennahdha, Mohamed Ghariani n&rsquo;est plus un \u00abzelm\u00bb mais une comp\u00e9tence"}]},{"@type":"WebSite","@id":"https:\/\/kapitalis.com\/tunisie\/#website","url":"https:\/\/kapitalis.com\/tunisie\/","name":"Kapitalis","description":"L&#039;actualit\u00e9 en Tunisie et dans le monde","publisher":{"@id":"https:\/\/kapitalis.com\/tunisie\/#organization"},"potentialAction":[{"@type":"SearchAction","target":{"@type":"EntryPoint","urlTemplate":"https:\/\/kapitalis.com\/tunisie\/?s={search_term_string}"},"query-input":{"@type":"PropertyValueSpecification","valueRequired":true,"valueName":"search_term_string"}}],"inLanguage":"fr-FR"},{"@type":"Organization","@id":"https:\/\/kapitalis.com\/tunisie\/#organization","name":"Kapitalis","url":"https:\/\/kapitalis.com\/tunisie\/","logo":{"@type":"ImageObject","inLanguage":"fr-FR","@id":"https:\/\/kapitalis.com\/tunisie\/#\/schema\/logo\/image\/","url":"https:\/\/kapitalis.com\/tunisie\/wp-content\/uploads\/2022\/05\/Kapitalis-big-size.png","contentUrl":"https:\/\/kapitalis.com\/tunisie\/wp-content\/uploads\/2022\/05\/Kapitalis-big-size.png","width":5000,"height":1500,"caption":"Kapitalis"},"image":{"@id":"https:\/\/kapitalis.com\/tunisie\/#\/schema\/logo\/image\/"},"sameAs":["https:\/\/www.facebook.com\/KapitalisInfo\/","https:\/\/x.com\/KapitalisInfo","https:\/\/www.youtube.com\/channel\/UC-yDYrHyfFBWWZaOw3FPg9Q"]},{"@type":"Person","@id":"https:\/\/kapitalis.com\/tunisie\/#\/schema\/person\/d71f33a9ca44f7bad4698210b480c8e9","name":"webmaster kapitalis","url":"https:\/\/kapitalis.com\/tunisie\/author\/webmaster-kapitalis\/"}]}},"_links":{"self":[{"href":"https:\/\/kapitalis.com\/tunisie\/wp-json\/wp\/v2\/posts\/322266","targetHints":{"allow":["GET"]}}],"collection":[{"href":"https:\/\/kapitalis.com\/tunisie\/wp-json\/wp\/v2\/posts"}],"about":[{"href":"https:\/\/kapitalis.com\/tunisie\/wp-json\/wp\/v2\/types\/post"}],"author":[{"embeddable":true,"href":"https:\/\/kapitalis.com\/tunisie\/wp-json\/wp\/v2\/users\/8"}],"replies":[{"embeddable":true,"href":"https:\/\/kapitalis.com\/tunisie\/wp-json\/wp\/v2\/comments?post=322266"}],"version-history":[{"count":0,"href":"https:\/\/kapitalis.com\/tunisie\/wp-json\/wp\/v2\/posts\/322266\/revisions"}],"wp:attachment":[{"href":"https:\/\/kapitalis.com\/tunisie\/wp-json\/wp\/v2\/media?parent=322266"}],"wp:term":[{"taxonomy":"category","embeddable":true,"href":"https:\/\/kapitalis.com\/tunisie\/wp-json\/wp\/v2\/categories?post=322266"},{"taxonomy":"post_tag","embeddable":true,"href":"https:\/\/kapitalis.com\/tunisie\/wp-json\/wp\/v2\/tags?post=322266"}],"curies":[{"name":"wp","href":"https:\/\/api.w.org\/{rel}","templated":true}]}}