{"id":322283,"date":"2020-10-27T18:22:45","date_gmt":"2020-10-27T17:22:45","guid":{"rendered":"http:\/\/kapitalis.com\/tunisie\/?p=322283"},"modified":"2020-10-27T18:22:47","modified_gmt":"2020-10-27T17:22:47","slug":"occident-et-freres-musulmans-le-vent-a-t-il-tourne","status":"publish","type":"post","link":"https:\/\/kapitalis.com\/tunisie\/2020\/10\/27\/occident-et-freres-musulmans-le-vent-a-t-il-tourne\/","title":{"rendered":"Occident et Fr\u00e8res Musulmans, le vent a-t-il tourn\u00e9?"},"content":{"rendered":"\n<figure class=\"wp-block-image size-large\"><img decoding=\"async\" src=\"http:\/\/kapitalis.com\/tunisie\/wp-content\/uploads\/2020\/10\/Trump-Biden-Jihadisme.jpg\" alt=\"\" class=\"wp-image-322284\"\/><\/figure>\n\n\n\n<p><strong><em>Comme en France, la remise en question du soutien et des concessions accord\u00e9es dans le pass\u00e9 aux adeptes et propagateurs de l\u2019islam politique devient progressivement une priorit\u00e9 internationale dont la probable administration Biden devra tenir compte.<\/em><\/strong><\/p>\n\n\n\n<p>Par <strong>Elyes Kasri<\/strong>*<\/p>\n\n\n\n<!--more-->\n\n\n\n<div class=\"wp-block-image\"><figure class=\"alignleft size-large\"><img decoding=\"async\" src=\"http:\/\/kapitalis.com\/tunisie\/wp-content\/uploads\/2020\/09\/Elyes-Kasri.jpg\" alt=\"\" class=\"wp-image-316611\"\/><\/figure><\/div>\n\n\n\n<p>Les chances d&rsquo;une remontada du r\u00e9publicain Donald Trump aux pr\u00e9sidentielles am\u00e9ricaines s&rsquo;amenuisent de jour en jour. Les adeptes de la tendance islamiste semblent se r\u00e9jouir des chances grandissantes du candidat d\u00e9mocrate Joe Biden, ancien vice-pr\u00e9sident sous l\u2019administration Barack Obama qui a jou\u00e9 un r\u00f4le crucial dans ce qui a \u00e9t\u00e9 faussement qualifi\u00e9 de \u00abprintemps arabe\u00bb, comme l\u2019ont confirm\u00e9 plusieurs responsables am\u00e9ricains notamment l\u2019ancienne secr\u00e9taire d\u2019Etat Hillary Clinton.<\/p>\n\n\n\n<h3 class=\"wp-block-heading\">Les islamistes ont \u00e9chou\u00e9 partout o\u00f9 ils ont un brin de pouvoir<\/h3>\n\n\n\n<p>Cette joie risque d\u2019\u00eatre d\u00e9\u00e7ue car les Am\u00e9ricains et les Europ\u00e9ens se sont entretemps rendus compte du grand d\u00e9calage entre le discours doucereux et l\u00e9nifiant de certains dirigeants et intellectuels islamistes et les d\u00e9rives politiques et \u00e9conomiques de ce derniers l\u00e0 o\u00f9 ils ont pu avoir un brin de pouvoir, en plus de la barbarie sanguinaire commise ou inspir\u00e9e par eux dans plusieurs pays arabes et occidentaux.<\/p>\n\n\n\n<p>Comme en France, la remise en question du soutien et des concessions accord\u00e9es dans le pass\u00e9 aux adeptes et propagateurs de l\u2019islam politique devient progressivement une priorit\u00e9 internationale dont la probable administration Biden devra tenir compte.<\/p>\n\n\n\n<p>Le pr\u00e9sident turc Recep Tayyip Erdogan qui \u00e9tait \u00e0 l\u2019\u00e9poque l\u2019unique mod\u00e8le \u00e0 faire esp\u00e9rer une bonne gouvernance par les islamistes est d\u00e9sormais consid\u00e9r\u00e9 avec beaucoup de m\u00e9fiance teint\u00e9e d\u2019animosit\u00e9 en Europe et aux Etats-Unis d\u2019Am\u00e9rique, en plus de la plupart des pays arabes.<\/p>\n\n\n\n<h3 class=\"wp-block-heading\">Le vent a tourn\u00e9 contre la d\u00e9rive islamiste<\/h3>\n\n\n\n<p>Les temps ont chang\u00e9 et le vent a tourn\u00e9 contre cette d\u00e9rive islamiste qui n\u2019a produit que r\u00e9gression, d\u00e9nuement et des vagues de r\u00e9fugi\u00e9s fuyant la mis\u00e8re et la pers\u00e9cution.<\/p>\n\n\n\n<p>Contrairement a la foi musulmane qui a pr\u00e8s de deux milliards d\u2019adeptes \u00e0 travers le monde, l\u2019islam politique est de plus en plus consid\u00e9r\u00e9 comme une d\u00e9viance aux allures d\u2019id\u00e9ologie de domination et de r\u00e9gression socio-\u00e9conomique en plus d\u2019une menace contre la paix et la s\u00e9curit\u00e9 internationales.<\/p>\n\n\n\n<p><em>* Ancien ambassadeur.<\/em><\/p>\n","protected":false},"excerpt":{"rendered":"<p>Comme en France, la remise en question du soutien et des concessions accord\u00e9es dans le pass\u00e9 aux adeptes et propagateurs de l\u2019islam politique devient progressivement une priorit\u00e9 internationale dont la probable administration Biden devra tenir compte. Par Elyes Kasri*<\/p>\n","protected":false},"author":8,"featured_media":322284,"comment_status":"open","ping_status":"open","sticky":false,"template":"","format":"standard","meta":{"footnotes":""},"categories":[992,997,1000,2433],"tags":[1705,9054,82931,75918,1859,8505,1648,72144,84219,4379],"class_list":["post-322283","post","type-post","status-publish","format-standard","has-post-thumbnail","hentry","category-a-la-une","category-politique","category-tribune","category-tunisie","tag-barack-obama","tag-donald-trump","tag-elyes-kasri-2","tag-etats-unis-2","tag-freres-musulmans","tag-hillary-clinton","tag-islamistes","tag-joe-biden","tag-presidentielles-americaines","tag-recep-tayyip-erdogan"],"yoast_head":"<!-- This site is optimized with the Yoast SEO plugin v26.6 - https:\/\/yoast.com\/wordpress\/plugins\/seo\/ -->\n<title>Occident et Fr\u00e8res Musulmans, le vent a-t-il tourn\u00e9? - Kapitalis<\/title>\n<meta name=\"robots\" content=\"index, follow, max-snippet:-1, max-image-preview:large, max-video-preview:-1\" \/>\n<link rel=\"canonical\" href=\"https:\/\/kapitalis.com\/tunisie\/2020\/10\/27\/occident-et-freres-musulmans-le-vent-a-t-il-tourne\/\" \/>\n<meta property=\"og:locale\" content=\"fr_FR\" \/>\n<meta property=\"og:type\" content=\"article\" \/>\n<meta property=\"og:title\" content=\"Occident et Fr\u00e8res Musulmans, le vent a-t-il tourn\u00e9? - Kapitalis\" \/>\n<meta property=\"og:description\" content=\"Comme en France, la remise en question du soutien et des concessions accord\u00e9es dans le pass\u00e9 aux adeptes et propagateurs de l\u2019islam politique devient progressivement une priorit\u00e9 internationale dont la probable administration Biden devra tenir compte. Par Elyes Kasri*\" \/>\n<meta property=\"og:url\" content=\"https:\/\/kapitalis.com\/tunisie\/2020\/10\/27\/occident-et-freres-musulmans-le-vent-a-t-il-tourne\/\" \/>\n<meta property=\"og:site_name\" content=\"Kapitalis\" \/>\n<meta property=\"article:publisher\" content=\"https:\/\/www.facebook.com\/KapitalisInfo\/\" \/>\n<meta property=\"article:published_time\" content=\"2020-10-27T17:22:45+00:00\" \/>\n<meta property=\"article:modified_time\" content=\"2020-10-27T17:22:47+00:00\" \/>\n<meta property=\"og:image\" content=\"https:\/\/kapitalis.com\/tunisie\/wp-content\/uploads\/2022\/05\/kapitalis-logo-fb.png\" \/>\n\t<meta property=\"og:image:width\" content=\"1200\" \/>\n\t<meta property=\"og:image:height\" content=\"630\" \/>\n\t<meta property=\"og:image:type\" content=\"image\/png\" \/>\n<meta name=\"author\" content=\"webmaster kapitalis\" \/>\n<meta name=\"twitter:card\" content=\"summary_large_image\" \/>\n<meta name=\"twitter:creator\" content=\"@KapitalisInfo\" \/>\n<meta name=\"twitter:site\" content=\"@KapitalisInfo\" \/>\n<meta name=\"twitter:label1\" content=\"\u00c9crit par\" \/>\n\t<meta name=\"twitter:data1\" content=\"webmaster kapitalis\" \/>\n\t<meta name=\"twitter:label2\" content=\"Dur\u00e9e de lecture estim\u00e9e\" \/>\n\t<meta name=\"twitter:data2\" content=\"2 minutes\" \/>\n<script type=\"application\/ld+json\" class=\"yoast-schema-graph\">{\"@context\":\"https:\/\/schema.org\",\"@graph\":[{\"@type\":\"Article\",\"@id\":\"https:\/\/kapitalis.com\/tunisie\/2020\/10\/27\/occident-et-freres-musulmans-le-vent-a-t-il-tourne\/#article\",\"isPartOf\":{\"@id\":\"https:\/\/kapitalis.com\/tunisie\/2020\/10\/27\/occident-et-freres-musulmans-le-vent-a-t-il-tourne\/\"},\"author\":{\"name\":\"webmaster kapitalis\",\"@id\":\"https:\/\/kapitalis.com\/tunisie\/#\/schema\/person\/d71f33a9ca44f7bad4698210b480c8e9\"},\"headline\":\"Occident et Fr\u00e8res Musulmans, le vent a-t-il tourn\u00e9?\",\"datePublished\":\"2020-10-27T17:22:45+00:00\",\"dateModified\":\"2020-10-27T17:22:47+00:00\",\"mainEntityOfPage\":{\"@id\":\"https:\/\/kapitalis.com\/tunisie\/2020\/10\/27\/occident-et-freres-musulmans-le-vent-a-t-il-tourne\/\"},\"wordCount\":415,\"commentCount\":5,\"publisher\":{\"@id\":\"https:\/\/kapitalis.com\/tunisie\/#organization\"},\"image\":{\"@id\":\"https:\/\/kapitalis.com\/tunisie\/2020\/10\/27\/occident-et-freres-musulmans-le-vent-a-t-il-tourne\/#primaryimage\"},\"thumbnailUrl\":\"\",\"keywords\":[\"Barack Obama\",\"Donald Trump\",\"Elyes Kasri\",\"Etats-Unis\",\"Fr\u00e8res musulmans\",\"Hillary Clinton\",\"islamistes\",\"Joe Biden\",\"pr\u00e9sidentielles am\u00e9ricaines\",\"Recep Tayyip Erdogan\"],\"articleSection\":[\"A LA UNE\",\"POLITIQUE\",\"TRIBUNE\",\"Tunisie\"],\"inLanguage\":\"fr-FR\",\"potentialAction\":[{\"@type\":\"CommentAction\",\"name\":\"Comment\",\"target\":[\"https:\/\/kapitalis.com\/tunisie\/2020\/10\/27\/occident-et-freres-musulmans-le-vent-a-t-il-tourne\/#respond\"]}]},{\"@type\":\"WebPage\",\"@id\":\"https:\/\/kapitalis.com\/tunisie\/2020\/10\/27\/occident-et-freres-musulmans-le-vent-a-t-il-tourne\/\",\"url\":\"https:\/\/kapitalis.com\/tunisie\/2020\/10\/27\/occident-et-freres-musulmans-le-vent-a-t-il-tourne\/\",\"name\":\"Occident et Fr\u00e8res Musulmans, le vent a-t-il tourn\u00e9? - Kapitalis\",\"isPartOf\":{\"@id\":\"https:\/\/kapitalis.com\/tunisie\/#website\"},\"primaryImageOfPage\":{\"@id\":\"https:\/\/kapitalis.com\/tunisie\/2020\/10\/27\/occident-et-freres-musulmans-le-vent-a-t-il-tourne\/#primaryimage\"},\"image\":{\"@id\":\"https:\/\/kapitalis.com\/tunisie\/2020\/10\/27\/occident-et-freres-musulmans-le-vent-a-t-il-tourne\/#primaryimage\"},\"thumbnailUrl\":\"\",\"datePublished\":\"2020-10-27T17:22:45+00:00\",\"dateModified\":\"2020-10-27T17:22:47+00:00\",\"breadcrumb\":{\"@id\":\"https:\/\/kapitalis.com\/tunisie\/2020\/10\/27\/occident-et-freres-musulmans-le-vent-a-t-il-tourne\/#breadcrumb\"},\"inLanguage\":\"fr-FR\",\"potentialAction\":[{\"@type\":\"ReadAction\",\"target\":[\"https:\/\/kapitalis.com\/tunisie\/2020\/10\/27\/occident-et-freres-musulmans-le-vent-a-t-il-tourne\/\"]}]},{\"@type\":\"ImageObject\",\"inLanguage\":\"fr-FR\",\"@id\":\"https:\/\/kapitalis.com\/tunisie\/2020\/10\/27\/occident-et-freres-musulmans-le-vent-a-t-il-tourne\/#primaryimage\",\"url\":\"\",\"contentUrl\":\"\"},{\"@type\":\"BreadcrumbList\",\"@id\":\"https:\/\/kapitalis.com\/tunisie\/2020\/10\/27\/occident-et-freres-musulmans-le-vent-a-t-il-tourne\/#breadcrumb\",\"itemListElement\":[{\"@type\":\"ListItem\",\"position\":1,\"name\":\"Accueil\",\"item\":\"https:\/\/kapitalis.com\/tunisie\/\"},{\"@type\":\"ListItem\",\"position\":2,\"name\":\"Occident et Fr\u00e8res Musulmans, le vent a-t-il tourn\u00e9?\"}]},{\"@type\":\"WebSite\",\"@id\":\"https:\/\/kapitalis.com\/tunisie\/#website\",\"url\":\"https:\/\/kapitalis.com\/tunisie\/\",\"name\":\"Kapitalis\",\"description\":\"L&#039;actualit\u00e9 en Tunisie et dans le monde\",\"publisher\":{\"@id\":\"https:\/\/kapitalis.com\/tunisie\/#organization\"},\"potentialAction\":[{\"@type\":\"SearchAction\",\"target\":{\"@type\":\"EntryPoint\",\"urlTemplate\":\"https:\/\/kapitalis.com\/tunisie\/?s={search_term_string}\"},\"query-input\":{\"@type\":\"PropertyValueSpecification\",\"valueRequired\":true,\"valueName\":\"search_term_string\"}}],\"inLanguage\":\"fr-FR\"},{\"@type\":\"Organization\",\"@id\":\"https:\/\/kapitalis.com\/tunisie\/#organization\",\"name\":\"Kapitalis\",\"url\":\"https:\/\/kapitalis.com\/tunisie\/\",\"logo\":{\"@type\":\"ImageObject\",\"inLanguage\":\"fr-FR\",\"@id\":\"https:\/\/kapitalis.com\/tunisie\/#\/schema\/logo\/image\/\",\"url\":\"https:\/\/kapitalis.com\/tunisie\/wp-content\/uploads\/2022\/05\/Kapitalis-big-size.png\",\"contentUrl\":\"https:\/\/kapitalis.com\/tunisie\/wp-content\/uploads\/2022\/05\/Kapitalis-big-size.png\",\"width\":5000,\"height\":1500,\"caption\":\"Kapitalis\"},\"image\":{\"@id\":\"https:\/\/kapitalis.com\/tunisie\/#\/schema\/logo\/image\/\"},\"sameAs\":[\"https:\/\/www.facebook.com\/KapitalisInfo\/\",\"https:\/\/x.com\/KapitalisInfo\",\"https:\/\/www.youtube.com\/channel\/UC-yDYrHyfFBWWZaOw3FPg9Q\"]},{\"@type\":\"Person\",\"@id\":\"https:\/\/kapitalis.com\/tunisie\/#\/schema\/person\/d71f33a9ca44f7bad4698210b480c8e9\",\"name\":\"webmaster kapitalis\",\"url\":\"https:\/\/kapitalis.com\/tunisie\/author\/webmaster-kapitalis\/\"}]}<\/script>\n<!-- \/ Yoast SEO plugin. -->","yoast_head_json":{"title":"Occident et Fr\u00e8res Musulmans, le vent a-t-il tourn\u00e9? - Kapitalis","robots":{"index":"index","follow":"follow","max-snippet":"max-snippet:-1","max-image-preview":"max-image-preview:large","max-video-preview":"max-video-preview:-1"},"canonical":"https:\/\/kapitalis.com\/tunisie\/2020\/10\/27\/occident-et-freres-musulmans-le-vent-a-t-il-tourne\/","og_locale":"fr_FR","og_type":"article","og_title":"Occident et Fr\u00e8res Musulmans, le vent a-t-il tourn\u00e9? - Kapitalis","og_description":"Comme en France, la remise en question du soutien et des concessions accord\u00e9es dans le pass\u00e9 aux adeptes et propagateurs de l\u2019islam politique devient progressivement une priorit\u00e9 internationale dont la probable administration Biden devra tenir compte. Par Elyes Kasri*","og_url":"https:\/\/kapitalis.com\/tunisie\/2020\/10\/27\/occident-et-freres-musulmans-le-vent-a-t-il-tourne\/","og_site_name":"Kapitalis","article_publisher":"https:\/\/www.facebook.com\/KapitalisInfo\/","article_published_time":"2020-10-27T17:22:45+00:00","article_modified_time":"2020-10-27T17:22:47+00:00","og_image":[{"width":1200,"height":630,"url":"https:\/\/kapitalis.com\/tunisie\/wp-content\/uploads\/2022\/05\/kapitalis-logo-fb.png","type":"image\/png"}],"author":"webmaster kapitalis","twitter_card":"summary_large_image","twitter_creator":"@KapitalisInfo","twitter_site":"@KapitalisInfo","twitter_misc":{"\u00c9crit par":"webmaster kapitalis","Dur\u00e9e de lecture estim\u00e9e":"2 minutes"},"schema":{"@context":"https:\/\/schema.org","@graph":[{"@type":"Article","@id":"https:\/\/kapitalis.com\/tunisie\/2020\/10\/27\/occident-et-freres-musulmans-le-vent-a-t-il-tourne\/#article","isPartOf":{"@id":"https:\/\/kapitalis.com\/tunisie\/2020\/10\/27\/occident-et-freres-musulmans-le-vent-a-t-il-tourne\/"},"author":{"name":"webmaster kapitalis","@id":"https:\/\/kapitalis.com\/tunisie\/#\/schema\/person\/d71f33a9ca44f7bad4698210b480c8e9"},"headline":"Occident et Fr\u00e8res Musulmans, le vent a-t-il tourn\u00e9?","datePublished":"2020-10-27T17:22:45+00:00","dateModified":"2020-10-27T17:22:47+00:00","mainEntityOfPage":{"@id":"https:\/\/kapitalis.com\/tunisie\/2020\/10\/27\/occident-et-freres-musulmans-le-vent-a-t-il-tourne\/"},"wordCount":415,"commentCount":5,"publisher":{"@id":"https:\/\/kapitalis.com\/tunisie\/#organization"},"image":{"@id":"https:\/\/kapitalis.com\/tunisie\/2020\/10\/27\/occident-et-freres-musulmans-le-vent-a-t-il-tourne\/#primaryimage"},"thumbnailUrl":"","keywords":["Barack Obama","Donald Trump","Elyes Kasri","Etats-Unis","Fr\u00e8res musulmans","Hillary Clinton","islamistes","Joe Biden","pr\u00e9sidentielles am\u00e9ricaines","Recep Tayyip Erdogan"],"articleSection":["A LA UNE","POLITIQUE","TRIBUNE","Tunisie"],"inLanguage":"fr-FR","potentialAction":[{"@type":"CommentAction","name":"Comment","target":["https:\/\/kapitalis.com\/tunisie\/2020\/10\/27\/occident-et-freres-musulmans-le-vent-a-t-il-tourne\/#respond"]}]},{"@type":"WebPage","@id":"https:\/\/kapitalis.com\/tunisie\/2020\/10\/27\/occident-et-freres-musulmans-le-vent-a-t-il-tourne\/","url":"https:\/\/kapitalis.com\/tunisie\/2020\/10\/27\/occident-et-freres-musulmans-le-vent-a-t-il-tourne\/","name":"Occident et Fr\u00e8res Musulmans, le vent a-t-il tourn\u00e9? - Kapitalis","isPartOf":{"@id":"https:\/\/kapitalis.com\/tunisie\/#website"},"primaryImageOfPage":{"@id":"https:\/\/kapitalis.com\/tunisie\/2020\/10\/27\/occident-et-freres-musulmans-le-vent-a-t-il-tourne\/#primaryimage"},"image":{"@id":"https:\/\/kapitalis.com\/tunisie\/2020\/10\/27\/occident-et-freres-musulmans-le-vent-a-t-il-tourne\/#primaryimage"},"thumbnailUrl":"","datePublished":"2020-10-27T17:22:45+00:00","dateModified":"2020-10-27T17:22:47+00:00","breadcrumb":{"@id":"https:\/\/kapitalis.com\/tunisie\/2020\/10\/27\/occident-et-freres-musulmans-le-vent-a-t-il-tourne\/#breadcrumb"},"inLanguage":"fr-FR","potentialAction":[{"@type":"ReadAction","target":["https:\/\/kapitalis.com\/tunisie\/2020\/10\/27\/occident-et-freres-musulmans-le-vent-a-t-il-tourne\/"]}]},{"@type":"ImageObject","inLanguage":"fr-FR","@id":"https:\/\/kapitalis.com\/tunisie\/2020\/10\/27\/occident-et-freres-musulmans-le-vent-a-t-il-tourne\/#primaryimage","url":"","contentUrl":""},{"@type":"BreadcrumbList","@id":"https:\/\/kapitalis.com\/tunisie\/2020\/10\/27\/occident-et-freres-musulmans-le-vent-a-t-il-tourne\/#breadcrumb","itemListElement":[{"@type":"ListItem","position":1,"name":"Accueil","item":"https:\/\/kapitalis.com\/tunisie\/"},{"@type":"ListItem","position":2,"name":"Occident et Fr\u00e8res Musulmans, le vent a-t-il tourn\u00e9?"}]},{"@type":"WebSite","@id":"https:\/\/kapitalis.com\/tunisie\/#website","url":"https:\/\/kapitalis.com\/tunisie\/","name":"Kapitalis","description":"L&#039;actualit\u00e9 en Tunisie et dans le monde","publisher":{"@id":"https:\/\/kapitalis.com\/tunisie\/#organization"},"potentialAction":[{"@type":"SearchAction","target":{"@type":"EntryPoint","urlTemplate":"https:\/\/kapitalis.com\/tunisie\/?s={search_term_string}"},"query-input":{"@type":"PropertyValueSpecification","valueRequired":true,"valueName":"search_term_string"}}],"inLanguage":"fr-FR"},{"@type":"Organization","@id":"https:\/\/kapitalis.com\/tunisie\/#organization","name":"Kapitalis","url":"https:\/\/kapitalis.com\/tunisie\/","logo":{"@type":"ImageObject","inLanguage":"fr-FR","@id":"https:\/\/kapitalis.com\/tunisie\/#\/schema\/logo\/image\/","url":"https:\/\/kapitalis.com\/tunisie\/wp-content\/uploads\/2022\/05\/Kapitalis-big-size.png","contentUrl":"https:\/\/kapitalis.com\/tunisie\/wp-content\/uploads\/2022\/05\/Kapitalis-big-size.png","width":5000,"height":1500,"caption":"Kapitalis"},"image":{"@id":"https:\/\/kapitalis.com\/tunisie\/#\/schema\/logo\/image\/"},"sameAs":["https:\/\/www.facebook.com\/KapitalisInfo\/","https:\/\/x.com\/KapitalisInfo","https:\/\/www.youtube.com\/channel\/UC-yDYrHyfFBWWZaOw3FPg9Q"]},{"@type":"Person","@id":"https:\/\/kapitalis.com\/tunisie\/#\/schema\/person\/d71f33a9ca44f7bad4698210b480c8e9","name":"webmaster kapitalis","url":"https:\/\/kapitalis.com\/tunisie\/author\/webmaster-kapitalis\/"}]}},"_links":{"self":[{"href":"https:\/\/kapitalis.com\/tunisie\/wp-json\/wp\/v2\/posts\/322283","targetHints":{"allow":["GET"]}}],"collection":[{"href":"https:\/\/kapitalis.com\/tunisie\/wp-json\/wp\/v2\/posts"}],"about":[{"href":"https:\/\/kapitalis.com\/tunisie\/wp-json\/wp\/v2\/types\/post"}],"author":[{"embeddable":true,"href":"https:\/\/kapitalis.com\/tunisie\/wp-json\/wp\/v2\/users\/8"}],"replies":[{"embeddable":true,"href":"https:\/\/kapitalis.com\/tunisie\/wp-json\/wp\/v2\/comments?post=322283"}],"version-history":[{"count":0,"href":"https:\/\/kapitalis.com\/tunisie\/wp-json\/wp\/v2\/posts\/322283\/revisions"}],"wp:featuredmedia":[{"embeddable":true,"href":"https:\/\/kapitalis.com\/tunisie\/wp-json\/wp\/v2\/media\/322284"}],"wp:attachment":[{"href":"https:\/\/kapitalis.com\/tunisie\/wp-json\/wp\/v2\/media?parent=322283"}],"wp:term":[{"taxonomy":"category","embeddable":true,"href":"https:\/\/kapitalis.com\/tunisie\/wp-json\/wp\/v2\/categories?post=322283"},{"taxonomy":"post_tag","embeddable":true,"href":"https:\/\/kapitalis.com\/tunisie\/wp-json\/wp\/v2\/tags?post=322283"}],"curies":[{"name":"wp","href":"https:\/\/api.w.org\/{rel}","templated":true}]}}