{"id":322465,"date":"2020-10-28T18:32:20","date_gmt":"2020-10-28T17:32:20","guid":{"rendered":"http:\/\/kapitalis.com\/tunisie\/?p=322465"},"modified":"2020-10-29T08:24:15","modified_gmt":"2020-10-29T07:24:15","slug":"tunis-jamel-mejri-lieutenant-de-la-protection-civile-succombe-au-coronavirus","status":"publish","type":"post","link":"https:\/\/kapitalis.com\/tunisie\/2020\/10\/28\/tunis-jamel-mejri-lieutenant-de-la-protection-civile-succombe-au-coronavirus\/","title":{"rendered":"Tunis : Jamel Mejri, lieutenant de la protection civile, succombe au coronavirus"},"content":{"rendered":"\n<figure class=\"wp-block-image size-large\"><img decoding=\"async\" src=\"http:\/\/kapitalis.com\/tunisie\/wp-content\/uploads\/2020\/10\/Jamel-Mejri-coronavirus-protection-civile.jpg\" alt=\"\" class=\"wp-image-322469\"\/><\/figure>\n\n\n\n<p><strong><em>Le lieutenant de la protection civile Jamel Mejri a succomb\u00e9 au coronavirus aujourd&rsquo;hui, mercredi 28 octobre 2020, \u00e0 l&rsquo;h\u00f4pital de La Rabta de Tunis.<\/em><\/strong><\/p>\n\n\n\n<!--more-->\n\n\n\n<p>C&rsquo;est ce qu&rsquo;a indiqu\u00e9 Adel Chihaoui, porte-parole de l&rsquo;Union des syndicats de la protection civile, en pr\u00e9cisant que ce p\u00e8re de famille, originaire de Tebourba (Manouba) et travaillant \u00e0 la protection civile de Tunis, avait \u00e9t\u00e9 hospitalis\u00e9 apr\u00e8s sa contamination au coronavirus et son \u00e9tat s&rsquo;est d\u00e9grad\u00e9, hier soir, avant de rendre l&rsquo;\u00e2me cette apr\u00e8s-midi.<\/p>\n\n\n\n<p>L&rsquo;USPC, qui a pr\u00e9sent\u00e9 ses condol\u00e9ances \u00e0 la famille de Jamel Mejri, ses amis, ses proches et ses coll\u00e8gues, a rappel\u00e9 la n\u00e9cessit\u00e9 de renforcer les tests de d\u00e9pistage pour les agents de la protection civile et de mettre \u00e0 leur disposition davantage de mat\u00e9riel de protection, sachant que de nombreuses contaminations ont \u00e9t\u00e9 enregistr\u00e9es parmi ces agents dans diff\u00e9rentes r\u00e9gions, indique encore la m\u00eame source.<\/p>\n\n\n\n<p class=\"has-text-align-right\"><strong>Y. N.<\/strong><\/p>\n","protected":false},"excerpt":{"rendered":"<p>Le lieutenant de la protection civile Jamel Mejri a succomb\u00e9 au coronavirus aujourd&rsquo;hui, mercredi 28 octobre 2020, \u00e0 l&rsquo;h\u00f4pital de La Rabta de Tunis.<\/p>\n","protected":false},"author":6,"featured_media":322469,"comment_status":"open","ping_status":"open","sticky":false,"template":"","format":"standard","meta":{"footnotes":""},"categories":[998,2433],"tags":[73060,64263,84246,12652,15376,754,884,64491],"class_list":["post-322465","post","type-post","status-publish","format-standard","has-post-thumbnail","hentry","category-societe","category-tunisie","tag-coronavirus","tag-deces","tag-jamel-mejri","tag-la-rabta","tag-lieutenant","tag-protection-civile","tag-tebourba","tag-tunis"],"yoast_head":"<!-- This site is optimized with the Yoast SEO plugin v26.6 - https:\/\/yoast.com\/wordpress\/plugins\/seo\/ -->\n<title>Tunis : Jamel Mejri, lieutenant de la protection civile, succombe au coronavirus - Kapitalis<\/title>\n<meta name=\"robots\" content=\"index, follow, max-snippet:-1, max-image-preview:large, max-video-preview:-1\" \/>\n<link rel=\"canonical\" href=\"https:\/\/kapitalis.com\/tunisie\/2020\/10\/28\/tunis-jamel-mejri-lieutenant-de-la-protection-civile-succombe-au-coronavirus\/\" \/>\n<meta property=\"og:locale\" content=\"fr_FR\" \/>\n<meta property=\"og:type\" content=\"article\" \/>\n<meta property=\"og:title\" content=\"Tunis : Jamel Mejri, lieutenant de la protection civile, succombe au coronavirus - Kapitalis\" \/>\n<meta property=\"og:description\" content=\"Le lieutenant de la protection civile Jamel Mejri a succomb\u00e9 au coronavirus aujourd&rsquo;hui, mercredi 28 octobre 2020, \u00e0 l&rsquo;h\u00f4pital de La Rabta de Tunis.\" \/>\n<meta property=\"og:url\" content=\"https:\/\/kapitalis.com\/tunisie\/2020\/10\/28\/tunis-jamel-mejri-lieutenant-de-la-protection-civile-succombe-au-coronavirus\/\" \/>\n<meta property=\"og:site_name\" content=\"Kapitalis\" \/>\n<meta property=\"article:publisher\" content=\"https:\/\/www.facebook.com\/KapitalisInfo\/\" \/>\n<meta property=\"article:published_time\" content=\"2020-10-28T17:32:20+00:00\" \/>\n<meta property=\"article:modified_time\" content=\"2020-10-29T07:24:15+00:00\" \/>\n<meta property=\"og:image\" content=\"https:\/\/kapitalis.com\/tunisie\/wp-content\/uploads\/2022\/05\/kapitalis-logo-fb.png\" \/>\n\t<meta property=\"og:image:width\" content=\"1200\" \/>\n\t<meta property=\"og:image:height\" content=\"630\" \/>\n\t<meta property=\"og:image:type\" content=\"image\/png\" \/>\n<meta name=\"author\" content=\"Yusra NY\" \/>\n<meta name=\"twitter:card\" content=\"summary_large_image\" \/>\n<meta name=\"twitter:creator\" content=\"@KapitalisInfo\" \/>\n<meta name=\"twitter:site\" content=\"@KapitalisInfo\" \/>\n<meta name=\"twitter:label1\" content=\"\u00c9crit par\" \/>\n\t<meta name=\"twitter:data1\" content=\"Yusra NY\" \/>\n\t<meta name=\"twitter:label2\" content=\"Dur\u00e9e de lecture estim\u00e9e\" \/>\n\t<meta name=\"twitter:data2\" content=\"1 minute\" \/>\n<script type=\"application\/ld+json\" class=\"yoast-schema-graph\">{\"@context\":\"https:\/\/schema.org\",\"@graph\":[{\"@type\":\"Article\",\"@id\":\"https:\/\/kapitalis.com\/tunisie\/2020\/10\/28\/tunis-jamel-mejri-lieutenant-de-la-protection-civile-succombe-au-coronavirus\/#article\",\"isPartOf\":{\"@id\":\"https:\/\/kapitalis.com\/tunisie\/2020\/10\/28\/tunis-jamel-mejri-lieutenant-de-la-protection-civile-succombe-au-coronavirus\/\"},\"author\":{\"name\":\"Yusra NY\",\"@id\":\"https:\/\/kapitalis.com\/tunisie\/#\/schema\/person\/74bbde0154d49d790a92aaeac5bc01d5\"},\"headline\":\"Tunis : Jamel Mejri, lieutenant de la protection civile, succombe au coronavirus\",\"datePublished\":\"2020-10-28T17:32:20+00:00\",\"dateModified\":\"2020-10-29T07:24:15+00:00\",\"mainEntityOfPage\":{\"@id\":\"https:\/\/kapitalis.com\/tunisie\/2020\/10\/28\/tunis-jamel-mejri-lieutenant-de-la-protection-civile-succombe-au-coronavirus\/\"},\"wordCount\":169,\"commentCount\":0,\"publisher\":{\"@id\":\"https:\/\/kapitalis.com\/tunisie\/#organization\"},\"image\":{\"@id\":\"https:\/\/kapitalis.com\/tunisie\/2020\/10\/28\/tunis-jamel-mejri-lieutenant-de-la-protection-civile-succombe-au-coronavirus\/#primaryimage\"},\"thumbnailUrl\":\"\",\"keywords\":[\"Coronavirus\",\"d\u00e9c\u00e8s\",\"Jamel Mejri\",\"La Rabta\",\"Lieutenant\",\"protection civile\",\"Tebourba\",\"Tunis\"],\"articleSection\":[\"SOCIETE\",\"Tunisie\"],\"inLanguage\":\"fr-FR\",\"potentialAction\":[{\"@type\":\"CommentAction\",\"name\":\"Comment\",\"target\":[\"https:\/\/kapitalis.com\/tunisie\/2020\/10\/28\/tunis-jamel-mejri-lieutenant-de-la-protection-civile-succombe-au-coronavirus\/#respond\"]}]},{\"@type\":\"WebPage\",\"@id\":\"https:\/\/kapitalis.com\/tunisie\/2020\/10\/28\/tunis-jamel-mejri-lieutenant-de-la-protection-civile-succombe-au-coronavirus\/\",\"url\":\"https:\/\/kapitalis.com\/tunisie\/2020\/10\/28\/tunis-jamel-mejri-lieutenant-de-la-protection-civile-succombe-au-coronavirus\/\",\"name\":\"Tunis : Jamel Mejri, lieutenant de la protection civile, succombe au coronavirus - Kapitalis\",\"isPartOf\":{\"@id\":\"https:\/\/kapitalis.com\/tunisie\/#website\"},\"primaryImageOfPage\":{\"@id\":\"https:\/\/kapitalis.com\/tunisie\/2020\/10\/28\/tunis-jamel-mejri-lieutenant-de-la-protection-civile-succombe-au-coronavirus\/#primaryimage\"},\"image\":{\"@id\":\"https:\/\/kapitalis.com\/tunisie\/2020\/10\/28\/tunis-jamel-mejri-lieutenant-de-la-protection-civile-succombe-au-coronavirus\/#primaryimage\"},\"thumbnailUrl\":\"\",\"datePublished\":\"2020-10-28T17:32:20+00:00\",\"dateModified\":\"2020-10-29T07:24:15+00:00\",\"breadcrumb\":{\"@id\":\"https:\/\/kapitalis.com\/tunisie\/2020\/10\/28\/tunis-jamel-mejri-lieutenant-de-la-protection-civile-succombe-au-coronavirus\/#breadcrumb\"},\"inLanguage\":\"fr-FR\",\"potentialAction\":[{\"@type\":\"ReadAction\",\"target\":[\"https:\/\/kapitalis.com\/tunisie\/2020\/10\/28\/tunis-jamel-mejri-lieutenant-de-la-protection-civile-succombe-au-coronavirus\/\"]}]},{\"@type\":\"ImageObject\",\"inLanguage\":\"fr-FR\",\"@id\":\"https:\/\/kapitalis.com\/tunisie\/2020\/10\/28\/tunis-jamel-mejri-lieutenant-de-la-protection-civile-succombe-au-coronavirus\/#primaryimage\",\"url\":\"\",\"contentUrl\":\"\"},{\"@type\":\"BreadcrumbList\",\"@id\":\"https:\/\/kapitalis.com\/tunisie\/2020\/10\/28\/tunis-jamel-mejri-lieutenant-de-la-protection-civile-succombe-au-coronavirus\/#breadcrumb\",\"itemListElement\":[{\"@type\":\"ListItem\",\"position\":1,\"name\":\"Accueil\",\"item\":\"https:\/\/kapitalis.com\/tunisie\/\"},{\"@type\":\"ListItem\",\"position\":2,\"name\":\"Tunis : Jamel Mejri, lieutenant de la protection civile, succombe au coronavirus\"}]},{\"@type\":\"WebSite\",\"@id\":\"https:\/\/kapitalis.com\/tunisie\/#website\",\"url\":\"https:\/\/kapitalis.com\/tunisie\/\",\"name\":\"Kapitalis\",\"description\":\"L&#039;actualit\u00e9 en Tunisie et dans le monde\",\"publisher\":{\"@id\":\"https:\/\/kapitalis.com\/tunisie\/#organization\"},\"potentialAction\":[{\"@type\":\"SearchAction\",\"target\":{\"@type\":\"EntryPoint\",\"urlTemplate\":\"https:\/\/kapitalis.com\/tunisie\/?s={search_term_string}\"},\"query-input\":{\"@type\":\"PropertyValueSpecification\",\"valueRequired\":true,\"valueName\":\"search_term_string\"}}],\"inLanguage\":\"fr-FR\"},{\"@type\":\"Organization\",\"@id\":\"https:\/\/kapitalis.com\/tunisie\/#organization\",\"name\":\"Kapitalis\",\"url\":\"https:\/\/kapitalis.com\/tunisie\/\",\"logo\":{\"@type\":\"ImageObject\",\"inLanguage\":\"fr-FR\",\"@id\":\"https:\/\/kapitalis.com\/tunisie\/#\/schema\/logo\/image\/\",\"url\":\"https:\/\/kapitalis.com\/tunisie\/wp-content\/uploads\/2022\/05\/Kapitalis-big-size.png\",\"contentUrl\":\"https:\/\/kapitalis.com\/tunisie\/wp-content\/uploads\/2022\/05\/Kapitalis-big-size.png\",\"width\":5000,\"height\":1500,\"caption\":\"Kapitalis\"},\"image\":{\"@id\":\"https:\/\/kapitalis.com\/tunisie\/#\/schema\/logo\/image\/\"},\"sameAs\":[\"https:\/\/www.facebook.com\/KapitalisInfo\/\",\"https:\/\/x.com\/KapitalisInfo\",\"https:\/\/www.youtube.com\/channel\/UC-yDYrHyfFBWWZaOw3FPg9Q\"]},{\"@type\":\"Person\",\"@id\":\"https:\/\/kapitalis.com\/tunisie\/#\/schema\/person\/74bbde0154d49d790a92aaeac5bc01d5\",\"name\":\"Yusra NY\",\"url\":\"https:\/\/kapitalis.com\/tunisie\/author\/yuza_adam\/\"}]}<\/script>\n<!-- \/ Yoast SEO plugin. -->","yoast_head_json":{"title":"Tunis : Jamel Mejri, lieutenant de la protection civile, succombe au coronavirus - Kapitalis","robots":{"index":"index","follow":"follow","max-snippet":"max-snippet:-1","max-image-preview":"max-image-preview:large","max-video-preview":"max-video-preview:-1"},"canonical":"https:\/\/kapitalis.com\/tunisie\/2020\/10\/28\/tunis-jamel-mejri-lieutenant-de-la-protection-civile-succombe-au-coronavirus\/","og_locale":"fr_FR","og_type":"article","og_title":"Tunis : Jamel Mejri, lieutenant de la protection civile, succombe au coronavirus - Kapitalis","og_description":"Le lieutenant de la protection civile Jamel Mejri a succomb\u00e9 au coronavirus aujourd&rsquo;hui, mercredi 28 octobre 2020, \u00e0 l&rsquo;h\u00f4pital de La Rabta de Tunis.","og_url":"https:\/\/kapitalis.com\/tunisie\/2020\/10\/28\/tunis-jamel-mejri-lieutenant-de-la-protection-civile-succombe-au-coronavirus\/","og_site_name":"Kapitalis","article_publisher":"https:\/\/www.facebook.com\/KapitalisInfo\/","article_published_time":"2020-10-28T17:32:20+00:00","article_modified_time":"2020-10-29T07:24:15+00:00","og_image":[{"width":1200,"height":630,"url":"https:\/\/kapitalis.com\/tunisie\/wp-content\/uploads\/2022\/05\/kapitalis-logo-fb.png","type":"image\/png"}],"author":"Yusra NY","twitter_card":"summary_large_image","twitter_creator":"@KapitalisInfo","twitter_site":"@KapitalisInfo","twitter_misc":{"\u00c9crit par":"Yusra NY","Dur\u00e9e de lecture estim\u00e9e":"1 minute"},"schema":{"@context":"https:\/\/schema.org","@graph":[{"@type":"Article","@id":"https:\/\/kapitalis.com\/tunisie\/2020\/10\/28\/tunis-jamel-mejri-lieutenant-de-la-protection-civile-succombe-au-coronavirus\/#article","isPartOf":{"@id":"https:\/\/kapitalis.com\/tunisie\/2020\/10\/28\/tunis-jamel-mejri-lieutenant-de-la-protection-civile-succombe-au-coronavirus\/"},"author":{"name":"Yusra NY","@id":"https:\/\/kapitalis.com\/tunisie\/#\/schema\/person\/74bbde0154d49d790a92aaeac5bc01d5"},"headline":"Tunis : Jamel Mejri, lieutenant de la protection civile, succombe au coronavirus","datePublished":"2020-10-28T17:32:20+00:00","dateModified":"2020-10-29T07:24:15+00:00","mainEntityOfPage":{"@id":"https:\/\/kapitalis.com\/tunisie\/2020\/10\/28\/tunis-jamel-mejri-lieutenant-de-la-protection-civile-succombe-au-coronavirus\/"},"wordCount":169,"commentCount":0,"publisher":{"@id":"https:\/\/kapitalis.com\/tunisie\/#organization"},"image":{"@id":"https:\/\/kapitalis.com\/tunisie\/2020\/10\/28\/tunis-jamel-mejri-lieutenant-de-la-protection-civile-succombe-au-coronavirus\/#primaryimage"},"thumbnailUrl":"","keywords":["Coronavirus","d\u00e9c\u00e8s","Jamel Mejri","La Rabta","Lieutenant","protection civile","Tebourba","Tunis"],"articleSection":["SOCIETE","Tunisie"],"inLanguage":"fr-FR","potentialAction":[{"@type":"CommentAction","name":"Comment","target":["https:\/\/kapitalis.com\/tunisie\/2020\/10\/28\/tunis-jamel-mejri-lieutenant-de-la-protection-civile-succombe-au-coronavirus\/#respond"]}]},{"@type":"WebPage","@id":"https:\/\/kapitalis.com\/tunisie\/2020\/10\/28\/tunis-jamel-mejri-lieutenant-de-la-protection-civile-succombe-au-coronavirus\/","url":"https:\/\/kapitalis.com\/tunisie\/2020\/10\/28\/tunis-jamel-mejri-lieutenant-de-la-protection-civile-succombe-au-coronavirus\/","name":"Tunis : Jamel Mejri, lieutenant de la protection civile, succombe au coronavirus - Kapitalis","isPartOf":{"@id":"https:\/\/kapitalis.com\/tunisie\/#website"},"primaryImageOfPage":{"@id":"https:\/\/kapitalis.com\/tunisie\/2020\/10\/28\/tunis-jamel-mejri-lieutenant-de-la-protection-civile-succombe-au-coronavirus\/#primaryimage"},"image":{"@id":"https:\/\/kapitalis.com\/tunisie\/2020\/10\/28\/tunis-jamel-mejri-lieutenant-de-la-protection-civile-succombe-au-coronavirus\/#primaryimage"},"thumbnailUrl":"","datePublished":"2020-10-28T17:32:20+00:00","dateModified":"2020-10-29T07:24:15+00:00","breadcrumb":{"@id":"https:\/\/kapitalis.com\/tunisie\/2020\/10\/28\/tunis-jamel-mejri-lieutenant-de-la-protection-civile-succombe-au-coronavirus\/#breadcrumb"},"inLanguage":"fr-FR","potentialAction":[{"@type":"ReadAction","target":["https:\/\/kapitalis.com\/tunisie\/2020\/10\/28\/tunis-jamel-mejri-lieutenant-de-la-protection-civile-succombe-au-coronavirus\/"]}]},{"@type":"ImageObject","inLanguage":"fr-FR","@id":"https:\/\/kapitalis.com\/tunisie\/2020\/10\/28\/tunis-jamel-mejri-lieutenant-de-la-protection-civile-succombe-au-coronavirus\/#primaryimage","url":"","contentUrl":""},{"@type":"BreadcrumbList","@id":"https:\/\/kapitalis.com\/tunisie\/2020\/10\/28\/tunis-jamel-mejri-lieutenant-de-la-protection-civile-succombe-au-coronavirus\/#breadcrumb","itemListElement":[{"@type":"ListItem","position":1,"name":"Accueil","item":"https:\/\/kapitalis.com\/tunisie\/"},{"@type":"ListItem","position":2,"name":"Tunis : Jamel Mejri, lieutenant de la protection civile, succombe au coronavirus"}]},{"@type":"WebSite","@id":"https:\/\/kapitalis.com\/tunisie\/#website","url":"https:\/\/kapitalis.com\/tunisie\/","name":"Kapitalis","description":"L&#039;actualit\u00e9 en Tunisie et dans le monde","publisher":{"@id":"https:\/\/kapitalis.com\/tunisie\/#organization"},"potentialAction":[{"@type":"SearchAction","target":{"@type":"EntryPoint","urlTemplate":"https:\/\/kapitalis.com\/tunisie\/?s={search_term_string}"},"query-input":{"@type":"PropertyValueSpecification","valueRequired":true,"valueName":"search_term_string"}}],"inLanguage":"fr-FR"},{"@type":"Organization","@id":"https:\/\/kapitalis.com\/tunisie\/#organization","name":"Kapitalis","url":"https:\/\/kapitalis.com\/tunisie\/","logo":{"@type":"ImageObject","inLanguage":"fr-FR","@id":"https:\/\/kapitalis.com\/tunisie\/#\/schema\/logo\/image\/","url":"https:\/\/kapitalis.com\/tunisie\/wp-content\/uploads\/2022\/05\/Kapitalis-big-size.png","contentUrl":"https:\/\/kapitalis.com\/tunisie\/wp-content\/uploads\/2022\/05\/Kapitalis-big-size.png","width":5000,"height":1500,"caption":"Kapitalis"},"image":{"@id":"https:\/\/kapitalis.com\/tunisie\/#\/schema\/logo\/image\/"},"sameAs":["https:\/\/www.facebook.com\/KapitalisInfo\/","https:\/\/x.com\/KapitalisInfo","https:\/\/www.youtube.com\/channel\/UC-yDYrHyfFBWWZaOw3FPg9Q"]},{"@type":"Person","@id":"https:\/\/kapitalis.com\/tunisie\/#\/schema\/person\/74bbde0154d49d790a92aaeac5bc01d5","name":"Yusra NY","url":"https:\/\/kapitalis.com\/tunisie\/author\/yuza_adam\/"}]}},"_links":{"self":[{"href":"https:\/\/kapitalis.com\/tunisie\/wp-json\/wp\/v2\/posts\/322465","targetHints":{"allow":["GET"]}}],"collection":[{"href":"https:\/\/kapitalis.com\/tunisie\/wp-json\/wp\/v2\/posts"}],"about":[{"href":"https:\/\/kapitalis.com\/tunisie\/wp-json\/wp\/v2\/types\/post"}],"author":[{"embeddable":true,"href":"https:\/\/kapitalis.com\/tunisie\/wp-json\/wp\/v2\/users\/6"}],"replies":[{"embeddable":true,"href":"https:\/\/kapitalis.com\/tunisie\/wp-json\/wp\/v2\/comments?post=322465"}],"version-history":[{"count":0,"href":"https:\/\/kapitalis.com\/tunisie\/wp-json\/wp\/v2\/posts\/322465\/revisions"}],"wp:featuredmedia":[{"embeddable":true,"href":"https:\/\/kapitalis.com\/tunisie\/wp-json\/wp\/v2\/media\/322469"}],"wp:attachment":[{"href":"https:\/\/kapitalis.com\/tunisie\/wp-json\/wp\/v2\/media?parent=322465"}],"wp:term":[{"taxonomy":"category","embeddable":true,"href":"https:\/\/kapitalis.com\/tunisie\/wp-json\/wp\/v2\/categories?post=322465"},{"taxonomy":"post_tag","embeddable":true,"href":"https:\/\/kapitalis.com\/tunisie\/wp-json\/wp\/v2\/tags?post=322465"}],"curies":[{"name":"wp","href":"https:\/\/api.w.org\/{rel}","templated":true}]}}