{"id":322693,"date":"2020-10-30T14:41:56","date_gmt":"2020-10-30T13:41:56","guid":{"rendered":"http:\/\/kapitalis.com\/tunisie\/?p=322693"},"modified":"2020-10-30T14:41:59","modified_gmt":"2020-10-30T13:41:59","slug":"tunis-ouvre-une-enquete-sur-le-groupe-ayant-revendique-lattaque-de-nice","status":"publish","type":"post","link":"https:\/\/kapitalis.com\/tunisie\/2020\/10\/30\/tunis-ouvre-une-enquete-sur-le-groupe-ayant-revendique-lattaque-de-nice\/","title":{"rendered":"Tunis ouvre une enqu\u00eate sur le groupe ayant revendiqu\u00e9 l\u2019attaque de Nice"},"content":{"rendered":"\n<p><\/p>\n\n\n\n<figure class=\"wp-block-image size-large\"><img decoding=\"async\" src=\"http:\/\/kapitalis.com\/tunisie\/wp-content\/uploads\/2020\/10\/attaque-a-nice.jpg\" alt=\"\" class=\"wp-image-322544\"\/><\/figure>\n\n\n\n<p><strong><em>Le minist\u00e8re public pr\u00e8s du Pole judiciaire antiterroriste a autoris\u00e9 une unit\u00e9 sp\u00e9cialis\u00e9e de la police judiciaire d\u2019ouvrir une enqu\u00eate judiciaire sur l\u2019existence d\u2019une organisation terroriste appel\u00e9e \u00abAl-Mehdi dans le sud tunisien\u00bb, ayant revendiqu\u00e9 sur les r\u00e9seaux sociaux l\u2019attaque terroriste de Nice, perp\u00e9tr\u00e9e hier, jeudi 30 octobre 2020.<\/em><\/strong><\/p>\n\n\n\n<!--more-->\n\n\n\n<p>Selon Mohsen Daly, procureur de la r\u00e9publique adjoint et chef du bureau de l\u2019information et de la communication pr\u00e8s du P\u00f4le judiciaire antiterroriste, cit\u00e9 par l\u2019agence Tap, cette d\u00e9cision a \u00e9t\u00e9 prise apr\u00e8s la diffusion via les r\u00e9seaux sociaux d\u2019un post dont l\u2019auteur pr\u00e9tend appartenir \u00e0 l\u2019organisation \u00abAl-Mehdi dans le sud tunisien ayant ex\u00e9cut\u00e9 l\u2019attaque de Nice\u00bb.<\/p>\n\n\n\n<p>Rappelons que cette attaque, qui a fait 3 morts, est attribu\u00e9e \u00e0 un Tunisien de 21 ans, gri\u00e8vement bless\u00e9 apr\u00e8s une course-poursuite avec la police municipale ni\u00e7oise et hospitalis\u00e9 dans un \u00e9tat grave.<\/p>\n\n\n\n<p>Ce migrant clandestin est arriv\u00e9 le 20 septembre \u00e0 Lampedusa, en Sicile (Italie), avant d\u2019entrer en France. Il n\u2019\u00e9tait pas fich\u00e9 sur les listes des \u00e9l\u00e9ments extr\u00e9mistes, ni en Tunisie ni a fortiori en France. Mais la possibilit\u00e9 qu\u2019il ait pu \u00eatre embrigad\u00e9 par un groupe terroriste en Tunisie n\u2019est pas \u00e9cart\u00e9e par les enqu\u00eateurs, ce qui explique la prise au s\u00e9rieux par les autorit\u00e9s judiciaires tunisiennes de la revendication de l\u2019attaque<\/p>\n\n\n\n<p class=\"has-text-align-right\"><strong>I. B.<\/strong><\/p>\n","protected":false},"excerpt":{"rendered":"<p>Le minist\u00e8re public pr\u00e8s du Pole judiciaire antiterroriste a autoris\u00e9 une unit\u00e9 sp\u00e9cialis\u00e9e de la police judiciaire d\u2019ouvrir une enqu\u00eate judiciaire sur l\u2019existence d\u2019une organisation terroriste appel\u00e9e \u00abAl-Mehdi dans le sud tunisien\u00bb, ayant revendiqu\u00e9 sur les r\u00e9seaux sociaux l\u2019attaque terroriste de Nice, perp\u00e9tr\u00e9e hier, jeudi 30 octobre 2020.<\/p>\n","protected":false},"author":8,"featured_media":0,"comment_status":"open","ping_status":"open","sticky":false,"template":"","format":"standard","meta":{"footnotes":""},"categories":[1],"tags":[84301,84299,395,505,2842,84300,1741,64491],"class_list":["post-322693","post","type-post","status-publish","format-standard","hentry","category-non-classe","tag-al-mehdi-dans-le-sud-tunisien","tag-attaque-terroriste-de-nice","tag-france","tag-italie","tag-lampedusa","tag-pole-judiciaire-antiterroriste-2","tag-sicile","tag-tunis"],"yoast_head":"<!-- This site is optimized with the Yoast SEO plugin v26.6 - https:\/\/yoast.com\/wordpress\/plugins\/seo\/ -->\n<title>Tunis ouvre une enqu\u00eate sur le groupe ayant revendiqu\u00e9 l\u2019attaque de Nice - Kapitalis<\/title>\n<meta name=\"robots\" content=\"index, follow, max-snippet:-1, max-image-preview:large, max-video-preview:-1\" \/>\n<link rel=\"canonical\" href=\"https:\/\/kapitalis.com\/tunisie\/2020\/10\/30\/tunis-ouvre-une-enquete-sur-le-groupe-ayant-revendique-lattaque-de-nice\/\" \/>\n<meta property=\"og:locale\" content=\"fr_FR\" \/>\n<meta property=\"og:type\" content=\"article\" \/>\n<meta property=\"og:title\" content=\"Tunis ouvre une enqu\u00eate sur le groupe ayant revendiqu\u00e9 l\u2019attaque de Nice - Kapitalis\" \/>\n<meta property=\"og:description\" content=\"Le minist\u00e8re public pr\u00e8s du Pole judiciaire antiterroriste a autoris\u00e9 une unit\u00e9 sp\u00e9cialis\u00e9e de la police judiciaire d\u2019ouvrir une enqu\u00eate judiciaire sur l\u2019existence d\u2019une organisation terroriste appel\u00e9e \u00abAl-Mehdi dans le sud tunisien\u00bb, ayant revendiqu\u00e9 sur les r\u00e9seaux sociaux l\u2019attaque terroriste de Nice, perp\u00e9tr\u00e9e hier, jeudi 30 octobre 2020.\" \/>\n<meta property=\"og:url\" content=\"https:\/\/kapitalis.com\/tunisie\/2020\/10\/30\/tunis-ouvre-une-enquete-sur-le-groupe-ayant-revendique-lattaque-de-nice\/\" \/>\n<meta property=\"og:site_name\" content=\"Kapitalis\" \/>\n<meta property=\"article:publisher\" content=\"https:\/\/www.facebook.com\/KapitalisInfo\/\" \/>\n<meta property=\"article:published_time\" content=\"2020-10-30T13:41:56+00:00\" \/>\n<meta property=\"article:modified_time\" content=\"2020-10-30T13:41:59+00:00\" \/>\n<meta property=\"og:image\" content=\"http:\/\/kapitalis.com\/tunisie\/wp-content\/uploads\/2020\/10\/attaque-a-nice.jpg\" \/>\n<meta name=\"author\" content=\"webmaster kapitalis\" \/>\n<meta name=\"twitter:card\" content=\"summary_large_image\" \/>\n<meta name=\"twitter:creator\" content=\"@KapitalisInfo\" \/>\n<meta name=\"twitter:site\" content=\"@KapitalisInfo\" \/>\n<meta name=\"twitter:label1\" content=\"\u00c9crit par\" \/>\n\t<meta name=\"twitter:data1\" content=\"webmaster kapitalis\" \/>\n\t<meta name=\"twitter:label2\" content=\"Dur\u00e9e de lecture estim\u00e9e\" \/>\n\t<meta name=\"twitter:data2\" content=\"1 minute\" \/>\n<script type=\"application\/ld+json\" class=\"yoast-schema-graph\">{\"@context\":\"https:\/\/schema.org\",\"@graph\":[{\"@type\":\"Article\",\"@id\":\"https:\/\/kapitalis.com\/tunisie\/2020\/10\/30\/tunis-ouvre-une-enquete-sur-le-groupe-ayant-revendique-lattaque-de-nice\/#article\",\"isPartOf\":{\"@id\":\"https:\/\/kapitalis.com\/tunisie\/2020\/10\/30\/tunis-ouvre-une-enquete-sur-le-groupe-ayant-revendique-lattaque-de-nice\/\"},\"author\":{\"name\":\"webmaster kapitalis\",\"@id\":\"https:\/\/kapitalis.com\/tunisie\/#\/schema\/person\/d71f33a9ca44f7bad4698210b480c8e9\"},\"headline\":\"Tunis ouvre une enqu\u00eate sur le groupe ayant revendiqu\u00e9 l\u2019attaque de Nice\",\"datePublished\":\"2020-10-30T13:41:56+00:00\",\"dateModified\":\"2020-10-30T13:41:59+00:00\",\"mainEntityOfPage\":{\"@id\":\"https:\/\/kapitalis.com\/tunisie\/2020\/10\/30\/tunis-ouvre-une-enquete-sur-le-groupe-ayant-revendique-lattaque-de-nice\/\"},\"wordCount\":260,\"commentCount\":1,\"publisher\":{\"@id\":\"https:\/\/kapitalis.com\/tunisie\/#organization\"},\"image\":{\"@id\":\"https:\/\/kapitalis.com\/tunisie\/2020\/10\/30\/tunis-ouvre-une-enquete-sur-le-groupe-ayant-revendique-lattaque-de-nice\/#primaryimage\"},\"thumbnailUrl\":\"http:\/\/kapitalis.com\/tunisie\/wp-content\/uploads\/2020\/10\/attaque-a-nice.jpg\",\"keywords\":[\"Al-Mehdi dans le sud tunisien\",\"attaque terroriste de Nice\",\"France\",\"Italie\",\"Lampedusa\",\"Pole judiciaire antiterroriste\",\"Sicile\",\"Tunis\"],\"inLanguage\":\"fr-FR\",\"potentialAction\":[{\"@type\":\"CommentAction\",\"name\":\"Comment\",\"target\":[\"https:\/\/kapitalis.com\/tunisie\/2020\/10\/30\/tunis-ouvre-une-enquete-sur-le-groupe-ayant-revendique-lattaque-de-nice\/#respond\"]}]},{\"@type\":\"WebPage\",\"@id\":\"https:\/\/kapitalis.com\/tunisie\/2020\/10\/30\/tunis-ouvre-une-enquete-sur-le-groupe-ayant-revendique-lattaque-de-nice\/\",\"url\":\"https:\/\/kapitalis.com\/tunisie\/2020\/10\/30\/tunis-ouvre-une-enquete-sur-le-groupe-ayant-revendique-lattaque-de-nice\/\",\"name\":\"Tunis ouvre une enqu\u00eate sur le groupe ayant revendiqu\u00e9 l\u2019attaque de Nice - Kapitalis\",\"isPartOf\":{\"@id\":\"https:\/\/kapitalis.com\/tunisie\/#website\"},\"primaryImageOfPage\":{\"@id\":\"https:\/\/kapitalis.com\/tunisie\/2020\/10\/30\/tunis-ouvre-une-enquete-sur-le-groupe-ayant-revendique-lattaque-de-nice\/#primaryimage\"},\"image\":{\"@id\":\"https:\/\/kapitalis.com\/tunisie\/2020\/10\/30\/tunis-ouvre-une-enquete-sur-le-groupe-ayant-revendique-lattaque-de-nice\/#primaryimage\"},\"thumbnailUrl\":\"http:\/\/kapitalis.com\/tunisie\/wp-content\/uploads\/2020\/10\/attaque-a-nice.jpg\",\"datePublished\":\"2020-10-30T13:41:56+00:00\",\"dateModified\":\"2020-10-30T13:41:59+00:00\",\"breadcrumb\":{\"@id\":\"https:\/\/kapitalis.com\/tunisie\/2020\/10\/30\/tunis-ouvre-une-enquete-sur-le-groupe-ayant-revendique-lattaque-de-nice\/#breadcrumb\"},\"inLanguage\":\"fr-FR\",\"potentialAction\":[{\"@type\":\"ReadAction\",\"target\":[\"https:\/\/kapitalis.com\/tunisie\/2020\/10\/30\/tunis-ouvre-une-enquete-sur-le-groupe-ayant-revendique-lattaque-de-nice\/\"]}]},{\"@type\":\"ImageObject\",\"inLanguage\":\"fr-FR\",\"@id\":\"https:\/\/kapitalis.com\/tunisie\/2020\/10\/30\/tunis-ouvre-une-enquete-sur-le-groupe-ayant-revendique-lattaque-de-nice\/#primaryimage\",\"url\":\"\",\"contentUrl\":\"\"},{\"@type\":\"BreadcrumbList\",\"@id\":\"https:\/\/kapitalis.com\/tunisie\/2020\/10\/30\/tunis-ouvre-une-enquete-sur-le-groupe-ayant-revendique-lattaque-de-nice\/#breadcrumb\",\"itemListElement\":[{\"@type\":\"ListItem\",\"position\":1,\"name\":\"Accueil\",\"item\":\"https:\/\/kapitalis.com\/tunisie\/\"},{\"@type\":\"ListItem\",\"position\":2,\"name\":\"Tunis ouvre une enqu\u00eate sur le groupe ayant revendiqu\u00e9 l\u2019attaque de Nice\"}]},{\"@type\":\"WebSite\",\"@id\":\"https:\/\/kapitalis.com\/tunisie\/#website\",\"url\":\"https:\/\/kapitalis.com\/tunisie\/\",\"name\":\"Kapitalis\",\"description\":\"L&#039;actualit\u00e9 en Tunisie et dans le monde\",\"publisher\":{\"@id\":\"https:\/\/kapitalis.com\/tunisie\/#organization\"},\"potentialAction\":[{\"@type\":\"SearchAction\",\"target\":{\"@type\":\"EntryPoint\",\"urlTemplate\":\"https:\/\/kapitalis.com\/tunisie\/?s={search_term_string}\"},\"query-input\":{\"@type\":\"PropertyValueSpecification\",\"valueRequired\":true,\"valueName\":\"search_term_string\"}}],\"inLanguage\":\"fr-FR\"},{\"@type\":\"Organization\",\"@id\":\"https:\/\/kapitalis.com\/tunisie\/#organization\",\"name\":\"Kapitalis\",\"url\":\"https:\/\/kapitalis.com\/tunisie\/\",\"logo\":{\"@type\":\"ImageObject\",\"inLanguage\":\"fr-FR\",\"@id\":\"https:\/\/kapitalis.com\/tunisie\/#\/schema\/logo\/image\/\",\"url\":\"https:\/\/kapitalis.com\/tunisie\/wp-content\/uploads\/2022\/05\/Kapitalis-big-size.png\",\"contentUrl\":\"https:\/\/kapitalis.com\/tunisie\/wp-content\/uploads\/2022\/05\/Kapitalis-big-size.png\",\"width\":5000,\"height\":1500,\"caption\":\"Kapitalis\"},\"image\":{\"@id\":\"https:\/\/kapitalis.com\/tunisie\/#\/schema\/logo\/image\/\"},\"sameAs\":[\"https:\/\/www.facebook.com\/KapitalisInfo\/\",\"https:\/\/x.com\/KapitalisInfo\",\"https:\/\/www.youtube.com\/channel\/UC-yDYrHyfFBWWZaOw3FPg9Q\"]},{\"@type\":\"Person\",\"@id\":\"https:\/\/kapitalis.com\/tunisie\/#\/schema\/person\/d71f33a9ca44f7bad4698210b480c8e9\",\"name\":\"webmaster kapitalis\",\"url\":\"https:\/\/kapitalis.com\/tunisie\/author\/webmaster-kapitalis\/\"}]}<\/script>\n<!-- \/ Yoast SEO plugin. -->","yoast_head_json":{"title":"Tunis ouvre une enqu\u00eate sur le groupe ayant revendiqu\u00e9 l\u2019attaque de Nice - Kapitalis","robots":{"index":"index","follow":"follow","max-snippet":"max-snippet:-1","max-image-preview":"max-image-preview:large","max-video-preview":"max-video-preview:-1"},"canonical":"https:\/\/kapitalis.com\/tunisie\/2020\/10\/30\/tunis-ouvre-une-enquete-sur-le-groupe-ayant-revendique-lattaque-de-nice\/","og_locale":"fr_FR","og_type":"article","og_title":"Tunis ouvre une enqu\u00eate sur le groupe ayant revendiqu\u00e9 l\u2019attaque de Nice - Kapitalis","og_description":"Le minist\u00e8re public pr\u00e8s du Pole judiciaire antiterroriste a autoris\u00e9 une unit\u00e9 sp\u00e9cialis\u00e9e de la police judiciaire d\u2019ouvrir une enqu\u00eate judiciaire sur l\u2019existence d\u2019une organisation terroriste appel\u00e9e \u00abAl-Mehdi dans le sud tunisien\u00bb, ayant revendiqu\u00e9 sur les r\u00e9seaux sociaux l\u2019attaque terroriste de Nice, perp\u00e9tr\u00e9e hier, jeudi 30 octobre 2020.","og_url":"https:\/\/kapitalis.com\/tunisie\/2020\/10\/30\/tunis-ouvre-une-enquete-sur-le-groupe-ayant-revendique-lattaque-de-nice\/","og_site_name":"Kapitalis","article_publisher":"https:\/\/www.facebook.com\/KapitalisInfo\/","article_published_time":"2020-10-30T13:41:56+00:00","article_modified_time":"2020-10-30T13:41:59+00:00","og_image":[{"url":"http:\/\/kapitalis.com\/tunisie\/wp-content\/uploads\/2020\/10\/attaque-a-nice.jpg","type":"","width":"","height":""}],"author":"webmaster kapitalis","twitter_card":"summary_large_image","twitter_creator":"@KapitalisInfo","twitter_site":"@KapitalisInfo","twitter_misc":{"\u00c9crit par":"webmaster kapitalis","Dur\u00e9e de lecture estim\u00e9e":"1 minute"},"schema":{"@context":"https:\/\/schema.org","@graph":[{"@type":"Article","@id":"https:\/\/kapitalis.com\/tunisie\/2020\/10\/30\/tunis-ouvre-une-enquete-sur-le-groupe-ayant-revendique-lattaque-de-nice\/#article","isPartOf":{"@id":"https:\/\/kapitalis.com\/tunisie\/2020\/10\/30\/tunis-ouvre-une-enquete-sur-le-groupe-ayant-revendique-lattaque-de-nice\/"},"author":{"name":"webmaster kapitalis","@id":"https:\/\/kapitalis.com\/tunisie\/#\/schema\/person\/d71f33a9ca44f7bad4698210b480c8e9"},"headline":"Tunis ouvre une enqu\u00eate sur le groupe ayant revendiqu\u00e9 l\u2019attaque de Nice","datePublished":"2020-10-30T13:41:56+00:00","dateModified":"2020-10-30T13:41:59+00:00","mainEntityOfPage":{"@id":"https:\/\/kapitalis.com\/tunisie\/2020\/10\/30\/tunis-ouvre-une-enquete-sur-le-groupe-ayant-revendique-lattaque-de-nice\/"},"wordCount":260,"commentCount":1,"publisher":{"@id":"https:\/\/kapitalis.com\/tunisie\/#organization"},"image":{"@id":"https:\/\/kapitalis.com\/tunisie\/2020\/10\/30\/tunis-ouvre-une-enquete-sur-le-groupe-ayant-revendique-lattaque-de-nice\/#primaryimage"},"thumbnailUrl":"http:\/\/kapitalis.com\/tunisie\/wp-content\/uploads\/2020\/10\/attaque-a-nice.jpg","keywords":["Al-Mehdi dans le sud tunisien","attaque terroriste de Nice","France","Italie","Lampedusa","Pole judiciaire antiterroriste","Sicile","Tunis"],"inLanguage":"fr-FR","potentialAction":[{"@type":"CommentAction","name":"Comment","target":["https:\/\/kapitalis.com\/tunisie\/2020\/10\/30\/tunis-ouvre-une-enquete-sur-le-groupe-ayant-revendique-lattaque-de-nice\/#respond"]}]},{"@type":"WebPage","@id":"https:\/\/kapitalis.com\/tunisie\/2020\/10\/30\/tunis-ouvre-une-enquete-sur-le-groupe-ayant-revendique-lattaque-de-nice\/","url":"https:\/\/kapitalis.com\/tunisie\/2020\/10\/30\/tunis-ouvre-une-enquete-sur-le-groupe-ayant-revendique-lattaque-de-nice\/","name":"Tunis ouvre une enqu\u00eate sur le groupe ayant revendiqu\u00e9 l\u2019attaque de Nice - Kapitalis","isPartOf":{"@id":"https:\/\/kapitalis.com\/tunisie\/#website"},"primaryImageOfPage":{"@id":"https:\/\/kapitalis.com\/tunisie\/2020\/10\/30\/tunis-ouvre-une-enquete-sur-le-groupe-ayant-revendique-lattaque-de-nice\/#primaryimage"},"image":{"@id":"https:\/\/kapitalis.com\/tunisie\/2020\/10\/30\/tunis-ouvre-une-enquete-sur-le-groupe-ayant-revendique-lattaque-de-nice\/#primaryimage"},"thumbnailUrl":"http:\/\/kapitalis.com\/tunisie\/wp-content\/uploads\/2020\/10\/attaque-a-nice.jpg","datePublished":"2020-10-30T13:41:56+00:00","dateModified":"2020-10-30T13:41:59+00:00","breadcrumb":{"@id":"https:\/\/kapitalis.com\/tunisie\/2020\/10\/30\/tunis-ouvre-une-enquete-sur-le-groupe-ayant-revendique-lattaque-de-nice\/#breadcrumb"},"inLanguage":"fr-FR","potentialAction":[{"@type":"ReadAction","target":["https:\/\/kapitalis.com\/tunisie\/2020\/10\/30\/tunis-ouvre-une-enquete-sur-le-groupe-ayant-revendique-lattaque-de-nice\/"]}]},{"@type":"ImageObject","inLanguage":"fr-FR","@id":"https:\/\/kapitalis.com\/tunisie\/2020\/10\/30\/tunis-ouvre-une-enquete-sur-le-groupe-ayant-revendique-lattaque-de-nice\/#primaryimage","url":"","contentUrl":""},{"@type":"BreadcrumbList","@id":"https:\/\/kapitalis.com\/tunisie\/2020\/10\/30\/tunis-ouvre-une-enquete-sur-le-groupe-ayant-revendique-lattaque-de-nice\/#breadcrumb","itemListElement":[{"@type":"ListItem","position":1,"name":"Accueil","item":"https:\/\/kapitalis.com\/tunisie\/"},{"@type":"ListItem","position":2,"name":"Tunis ouvre une enqu\u00eate sur le groupe ayant revendiqu\u00e9 l\u2019attaque de Nice"}]},{"@type":"WebSite","@id":"https:\/\/kapitalis.com\/tunisie\/#website","url":"https:\/\/kapitalis.com\/tunisie\/","name":"Kapitalis","description":"L&#039;actualit\u00e9 en Tunisie et dans le monde","publisher":{"@id":"https:\/\/kapitalis.com\/tunisie\/#organization"},"potentialAction":[{"@type":"SearchAction","target":{"@type":"EntryPoint","urlTemplate":"https:\/\/kapitalis.com\/tunisie\/?s={search_term_string}"},"query-input":{"@type":"PropertyValueSpecification","valueRequired":true,"valueName":"search_term_string"}}],"inLanguage":"fr-FR"},{"@type":"Organization","@id":"https:\/\/kapitalis.com\/tunisie\/#organization","name":"Kapitalis","url":"https:\/\/kapitalis.com\/tunisie\/","logo":{"@type":"ImageObject","inLanguage":"fr-FR","@id":"https:\/\/kapitalis.com\/tunisie\/#\/schema\/logo\/image\/","url":"https:\/\/kapitalis.com\/tunisie\/wp-content\/uploads\/2022\/05\/Kapitalis-big-size.png","contentUrl":"https:\/\/kapitalis.com\/tunisie\/wp-content\/uploads\/2022\/05\/Kapitalis-big-size.png","width":5000,"height":1500,"caption":"Kapitalis"},"image":{"@id":"https:\/\/kapitalis.com\/tunisie\/#\/schema\/logo\/image\/"},"sameAs":["https:\/\/www.facebook.com\/KapitalisInfo\/","https:\/\/x.com\/KapitalisInfo","https:\/\/www.youtube.com\/channel\/UC-yDYrHyfFBWWZaOw3FPg9Q"]},{"@type":"Person","@id":"https:\/\/kapitalis.com\/tunisie\/#\/schema\/person\/d71f33a9ca44f7bad4698210b480c8e9","name":"webmaster kapitalis","url":"https:\/\/kapitalis.com\/tunisie\/author\/webmaster-kapitalis\/"}]}},"_links":{"self":[{"href":"https:\/\/kapitalis.com\/tunisie\/wp-json\/wp\/v2\/posts\/322693","targetHints":{"allow":["GET"]}}],"collection":[{"href":"https:\/\/kapitalis.com\/tunisie\/wp-json\/wp\/v2\/posts"}],"about":[{"href":"https:\/\/kapitalis.com\/tunisie\/wp-json\/wp\/v2\/types\/post"}],"author":[{"embeddable":true,"href":"https:\/\/kapitalis.com\/tunisie\/wp-json\/wp\/v2\/users\/8"}],"replies":[{"embeddable":true,"href":"https:\/\/kapitalis.com\/tunisie\/wp-json\/wp\/v2\/comments?post=322693"}],"version-history":[{"count":0,"href":"https:\/\/kapitalis.com\/tunisie\/wp-json\/wp\/v2\/posts\/322693\/revisions"}],"wp:attachment":[{"href":"https:\/\/kapitalis.com\/tunisie\/wp-json\/wp\/v2\/media?parent=322693"}],"wp:term":[{"taxonomy":"category","embeddable":true,"href":"https:\/\/kapitalis.com\/tunisie\/wp-json\/wp\/v2\/categories?post=322693"},{"taxonomy":"post_tag","embeddable":true,"href":"https:\/\/kapitalis.com\/tunisie\/wp-json\/wp\/v2\/tags?post=322693"}],"curies":[{"name":"wp","href":"https:\/\/api.w.org\/{rel}","templated":true}]}}