{"id":322808,"date":"2020-10-31T14:32:06","date_gmt":"2020-10-31T13:32:06","guid":{"rendered":"http:\/\/kapitalis.com\/tunisie\/?p=322808"},"modified":"2020-11-01T09:54:36","modified_gmt":"2020-11-01T08:54:36","slug":"la-tunisie-entre-defaillance-de-letat-et-faillite-economique","status":"publish","type":"post","link":"https:\/\/kapitalis.com\/tunisie\/2020\/10\/31\/la-tunisie-entre-defaillance-de-letat-et-faillite-economique\/","title":{"rendered":"La Tunisie entre d\u00e9faillance de l\u2019Etat et faillite \u00e9conomique"},"content":{"rendered":"\n<figure class=\"wp-block-image size-large\"><img decoding=\"async\" src=\"http:\/\/kapitalis.com\/tunisie\/wp-content\/uploads\/2020\/10\/Tunisie-Etat-defaillant.jpg\" alt=\"\" class=\"wp-image-322809\"\/><\/figure>\n\n\n\n<p><strong><em>La Tunisie est en train de devenir un cas d\u2019\u00e9cole (en \u00abmismanagement\u00bb) sur la m\u00e9thodologie la plus efficace pour mener un pays au d\u00e9litement de l\u2019autorit\u00e9 publique et la faillite socio-\u00e9conomique (\u00abstate failure methodology\u00bb).<\/em><\/strong><\/p>\n\n\n\n<p>Par <strong>Elyes Kasri<\/strong> *<\/p>\n\n\n\n<!--more-->\n\n\n\n<div class=\"wp-block-image\"><figure class=\"alignleft size-large\"><img decoding=\"async\" src=\"http:\/\/kapitalis.com\/tunisie\/wp-content\/uploads\/2020\/09\/Elyes-Kasri.jpg\" alt=\"\" class=\"wp-image-316611\"\/><\/figure><\/div>\n\n\n\n<p>Pour rappel: dans un post publi\u00e9 le 16 novembre 2019, j\u2019\u00e9crivais ceci : <em>\u00abCeux qui pensent que les joutes lyriques, les marchandages politiques et l\u2019amateurisme \u00e9conomique sont sans cons\u00e9quences sur l\u2019avenir et la souverainet\u00e9 du pays devraient \u00e9tudier de pr\u00e8s la trag\u00e9die v\u00e9cue par la Gr\u00e8ce depuis plus de dix ans. Si la Gr\u00e8ce, berceau de la philosophie et de la d\u00e9mocratie occidentales et membre de l\u2019Union Europ\u00e9enne et de l\u2019Otan, a du subir le calvaire brillamment racont\u00e9 par le cin\u00e9aste l\u00e9gendaire Costa Gavras, qu\u2019en sera-t-il de la Tunisie lorsque sonnera la fin de cette r\u00e9cr\u00e9ation politique aussi insipide que st\u00e9rile?\u00bb<\/em><\/p>\n\n\n\n<h3 class=\"wp-block-heading\">Report ind\u00e9fini depuis 2011 des r\u00e9formes n\u00e9cessaires<\/h3>\n\n\n\n<p>En ce 31 octobre 2020, avec une loi de finances 2021 dans une impasse insoluble, notre situation en Tunisie risque d\u2019\u00eatre pire que celle de la Gr\u00e8ce, pays membre de l\u2019Union Europ\u00e9enne et de l\u2019Alliance Atlantique dont le sauvetage a n\u00e9cessit\u00e9 des sacrifices tr\u00e8s douloureux et une mise sous tutelle europ\u00e9enne de sa politique budg\u00e9taire.<\/p>\n\n\n\n<p>En l\u2019absence d\u2019alliances \u00e9conomiques et s\u00e9curitaires dont b\u00e9n\u00e9ficie la Gr\u00e8ce, l\u2019accumulation de mauvaises politiques \u00e9conomiques et le report ind\u00e9fini depuis 2011 des r\u00e9formes n\u00e9cessaires, des facteurs suppl\u00e9mentaires risquent de rendre plus p\u00e9rilleuse et dramatique toute perspective de sauvetage et de sortie de crise de la Tunisie, notamment:<\/p>\n\n\n\n<p>1- l\u2019immaturit\u00e9 et l\u2019inertie (pour ne pas dire autre chose) de la classe politique et l\u2019infiltration des tenants du statu quo (excusez l\u2019euph\u00e9misme) au sein des cercles de d\u00e9cision administratifs et politiques;<\/p>\n\n\n\n<p>2- un risque de libanisation du fait des interf\u00e9rences \u00e9trang\u00e8res politiques, \u00e9conomiques, m\u00e9diatiques et \u00e9ventuellement \u00e0 coups d\u2019\u00e9l\u00e9ments arm\u00e9s \u00e0 la libanaise. Ainsi, les milliers de jihadistes financ\u00e9s par la Turquie et le Qatar ainsi que l\u2019appareil secret d\u2019Ennahdha (dont le secret est pr\u00e9cieusement gard\u00e9 par la justice tunisienne) pourraient n\u2019\u00eatre que la partie visible de l\u2019iceberg d\u2019une \u00e9ventuelle subversion arm\u00e9e ou m\u00eame de guerre civile;<\/p>\n\n\n\n<p>3- les pr\u00e9mices de dislocation de l\u2019Etat selon un sc\u00e9nario qualifi\u00e9 depuis quelques ann\u00e9es de<em> \u00absomalisation\u00bb<\/em> par l\u2019ancien chef d\u2019\u00e9tat-major des arm\u00e9es, Rachid Ammar, avec l\u2019\u00e9mergence de chefs de guerre et de seigneurs r\u00e9gionaux \u00e0 la somalienne qui dicteraient leurs termes au pouvoir central \u00e0 la mani\u00e8re de la bande d\u2019El-Kamour;<\/p>\n\n\n\n<p>4- des tendances isolationnistes exacerb\u00e9es par la derni\u00e8re vague de violence verbale et d\u2019invectives \u00e9manant de politiciens excit\u00e9s et de citoyens z\u00e9l\u00e9s pr\u00e9tendument offusqu\u00e9s par des caricatures du proph\u00e8te Mohamed (\u0635\u0644\u0639\u0645) pourtant v\u00e9n\u00e9r\u00e9 par deux milliards de croyants dont la foi ne saurait \u00eatre \u00e9branl\u00e9e par de vulgaires coups de crayon qui seraient autrement pass\u00e9s inaper\u00e7us et tomb\u00e9s dans l\u2019oubli que leur vaut leur vulgarit\u00e9 et leur manque de cr\u00e9ativit\u00e9 artistique.<\/p>\n\n\n\n<h3 class=\"wp-block-heading\">D\u00e9litement de l\u2019autorit\u00e9 publique et faillite socio-\u00e9conomique<\/h3>\n\n\n\n<p>Ceux qui crient \u00e0 la guerre sainte contre la France et appellent au refus d\u2019abriter le Sommet de la Francophonie en Tunisie sont, par pure d\u00e9magogie et surench\u00e8re populiste, en train d\u2019enfoncer notre pays et de boucher les horizons de sortie de crise par un \u00e9lan de solidarit\u00e9 internationale qui passera avant tout par l\u2019Union europ\u00e9enne dont, faut-il le rappeler, le dernier ambassadeur a quitt\u00e9 la Tunisie sans \u00eatre d\u00e9cor\u00e9 comme le sont normalement ses coll\u00e8gues \u00e0 la fin de leur mission dans notre pays.<\/p>\n\n\n\n<p>Certains ont cru que la Tunisie post-r\u00e9volution allait \u00eatre une inspiration pour les autres peuples. Elle a fini par devenir un repoussoir \u00e0 toute vell\u00e9it\u00e9 r\u00e9volutionnaire et offre un argument suppl\u00e9mentaire \u00e0 ceux qui pr\u00e9tendent que la culture arabo-musulmane est incompatible avec le civisme, la d\u00e9mocratie et le d\u00e9veloppement.<\/p>\n\n\n\n<p>En r\u00e9sum\u00e9, la Tunisie est en train de devenir un cas d\u2019\u00e9cole (en <em>\u00abmismanagement\u00bb<\/em>) sur la m\u00e9thodologie la plus efficace pour mener un pays au d\u00e9litement de l\u2019autorit\u00e9 publique et la faillite socio-\u00e9conomique (<em>\u00abstate failure methodology\u00bb<\/em>).<\/p>\n\n\n\n<p><strong><em>PS:<\/em><\/strong> <em>D\u00e9finition de la d\u00e9faillance de l\u2019\u00c9tat: la perte de contr\u00f4le de son territoire ou du monopole de l\u2019usage l\u00e9gitime de la force physique sur ce territoire; l\u2019\u00e9rosion de l\u2019autorit\u00e9 l\u00e9gitime dans la prise des d\u00e9cisions collectives; l\u2019incapacit\u00e9 \u00e0 fournir des services publics et d\u2019interagir avec d\u2019autres \u00c9tats en tant que membre \u00e0 part enti\u00e8re de la communaut\u00e9 internationale.<\/em><\/p>\n\n\n\n<p><em>* Ancien ambassadeur.<\/em><\/p>\n\n\n\n<h4 class=\"wp-block-heading\"><em>Articles du m\u00eame auteur dans Kapitalis : <\/em><\/h4>\n\n\n\n<figure class=\"wp-block-embed-wordpress wp-block-embed is-type-wp-embed is-provider-kapitalis\"><div class=\"wp-block-embed__wrapper\">\n<blockquote class=\"wp-embedded-content\" data-secret=\"nzSfB1PgB0\"><a href=\"https:\/\/kapitalis.com\/tunisie\/2020\/10\/27\/occident-et-freres-musulmans-le-vent-a-t-il-tourne\/\">Occident et Fr\u00e8res Musulmans, le vent a-t-il tourn\u00e9?<\/a><\/blockquote><iframe loading=\"lazy\" class=\"wp-embedded-content\" sandbox=\"allow-scripts\" security=\"restricted\" style=\"position: absolute; clip: rect(1px, 1px, 1px, 1px);\" title=\"\u00ab\u00a0Occident et Fr\u00e8res Musulmans, le vent a-t-il tourn\u00e9?\u00a0\u00bb &#8212; Kapitalis\" src=\"https:\/\/kapitalis.com\/tunisie\/2020\/10\/27\/occident-et-freres-musulmans-le-vent-a-t-il-tourne\/embed\/#?secret=gKR3BHKAGZ#?secret=nzSfB1PgB0\" data-secret=\"nzSfB1PgB0\" width=\"600\" height=\"338\" frameborder=\"0\" marginwidth=\"0\" marginheight=\"0\" scrolling=\"no\"><\/iframe>\n<\/div><\/figure>\n\n\n\n<figure class=\"wp-block-embed-wordpress wp-block-embed is-type-wp-embed is-provider-kapitalis\"><div class=\"wp-block-embed__wrapper\">\n<blockquote class=\"wp-embedded-content\" data-secret=\"VFog8XwWZt\"><a href=\"https:\/\/kapitalis.com\/tunisie\/2020\/10\/19\/printemps-arabe-ou-subversion-americano-islamo-qatarie\/\">\u00abPrintemps arabe\u00bb ou subversion am\u00e9ricano-islamo-qatarie ?<\/a><\/blockquote><iframe loading=\"lazy\" class=\"wp-embedded-content\" sandbox=\"allow-scripts\" security=\"restricted\" style=\"position: absolute; clip: rect(1px, 1px, 1px, 1px);\" title=\"\u00ab\u00a0\u00abPrintemps arabe\u00bb ou subversion am\u00e9ricano-islamo-qatarie ?\u00a0\u00bb &#8212; Kapitalis\" src=\"https:\/\/kapitalis.com\/tunisie\/2020\/10\/19\/printemps-arabe-ou-subversion-americano-islamo-qatarie\/embed\/#?secret=4VYYiCFCt5#?secret=VFog8XwWZt\" data-secret=\"VFog8XwWZt\" width=\"600\" height=\"338\" frameborder=\"0\" marginwidth=\"0\" marginheight=\"0\" scrolling=\"no\"><\/iframe>\n<\/div><\/figure>\n\n\n\n<figure class=\"wp-block-embed-wordpress wp-block-embed is-type-wp-embed is-provider-kapitalis\"><div class=\"wp-block-embed__wrapper\">\n<blockquote class=\"wp-embedded-content\" data-secret=\"51OenidYhw\"><a href=\"https:\/\/kapitalis.com\/tunisie\/2020\/10\/14\/les-islamistes-et-les-gauchistes-ont-mene-la-tunisie-au-bord-de-la-faillite\/\">Les islamistes et les gauchistes ont men\u00e9 la Tunisie au bord de la faillite<\/a><\/blockquote><iframe loading=\"lazy\" class=\"wp-embedded-content\" sandbox=\"allow-scripts\" security=\"restricted\" style=\"position: absolute; clip: rect(1px, 1px, 1px, 1px);\" title=\"\u00ab\u00a0Les islamistes et les gauchistes ont men\u00e9 la Tunisie au bord de la faillite\u00a0\u00bb &#8212; Kapitalis\" src=\"https:\/\/kapitalis.com\/tunisie\/2020\/10\/14\/les-islamistes-et-les-gauchistes-ont-mene-la-tunisie-au-bord-de-la-faillite\/embed\/#?secret=gBtQ005n5t#?secret=51OenidYhw\" data-secret=\"51OenidYhw\" width=\"600\" height=\"338\" frameborder=\"0\" marginwidth=\"0\" marginheight=\"0\" scrolling=\"no\"><\/iframe>\n<\/div><\/figure>\n","protected":false},"excerpt":{"rendered":"<p>La Tunisie est en train de devenir un cas d\u2019\u00e9cole (en \u00abmismanagement\u00bb) sur la m\u00e9thodologie la plus efficace pour mener un pays au d\u00e9litement de l\u2019autorit\u00e9 publique et la faillite socio-\u00e9conomique (\u00abstate failure methodology\u00bb). Par Elyes Kasri *<\/p>\n","protected":false},"author":8,"featured_media":322809,"comment_status":"open","ping_status":"open","sticky":false,"template":"","format":"standard","meta":{"footnotes":""},"categories":[992,997,1000,2433],"tags":[84339,82931,49543,84340,84342,81384,84341,72700],"class_list":["post-322808","post","type-post","status-publish","format-standard","has-post-thumbnail","hentry","category-a-la-une","category-politique","category-tribune","category-tunisie","tag-defaillance-de-letat","tag-elyes-kasri-2","tag-ennahdha","tag-faillite-economique","tag-libanisation","tag-loi-de-finances-2021","tag-somalisation","tag-sommet-de-la-francophonie"],"yoast_head":"<!-- This site is optimized with the Yoast SEO plugin v26.6 - https:\/\/yoast.com\/wordpress\/plugins\/seo\/ -->\n<title>La Tunisie entre d\u00e9faillance de l\u2019Etat et faillite \u00e9conomique - Kapitalis<\/title>\n<meta name=\"robots\" content=\"index, follow, max-snippet:-1, max-image-preview:large, max-video-preview:-1\" \/>\n<link rel=\"canonical\" href=\"https:\/\/kapitalis.com\/tunisie\/2020\/10\/31\/la-tunisie-entre-defaillance-de-letat-et-faillite-economique\/\" \/>\n<meta property=\"og:locale\" content=\"fr_FR\" \/>\n<meta property=\"og:type\" content=\"article\" \/>\n<meta property=\"og:title\" content=\"La Tunisie entre d\u00e9faillance de l\u2019Etat et faillite \u00e9conomique - Kapitalis\" \/>\n<meta property=\"og:description\" content=\"La Tunisie est en train de devenir un cas d\u2019\u00e9cole (en \u00abmismanagement\u00bb) sur la m\u00e9thodologie la plus efficace pour mener un pays au d\u00e9litement de l\u2019autorit\u00e9 publique et la faillite socio-\u00e9conomique (\u00abstate failure methodology\u00bb). Par Elyes Kasri *\" \/>\n<meta property=\"og:url\" content=\"https:\/\/kapitalis.com\/tunisie\/2020\/10\/31\/la-tunisie-entre-defaillance-de-letat-et-faillite-economique\/\" \/>\n<meta property=\"og:site_name\" content=\"Kapitalis\" \/>\n<meta property=\"article:publisher\" content=\"https:\/\/www.facebook.com\/KapitalisInfo\/\" \/>\n<meta property=\"article:published_time\" content=\"2020-10-31T13:32:06+00:00\" \/>\n<meta property=\"article:modified_time\" content=\"2020-11-01T08:54:36+00:00\" \/>\n<meta property=\"og:image\" content=\"https:\/\/kapitalis.com\/tunisie\/wp-content\/uploads\/2022\/05\/kapitalis-logo-fb.png\" \/>\n\t<meta property=\"og:image:width\" content=\"1200\" \/>\n\t<meta property=\"og:image:height\" content=\"630\" \/>\n\t<meta property=\"og:image:type\" content=\"image\/png\" \/>\n<meta name=\"author\" content=\"webmaster kapitalis\" \/>\n<meta name=\"twitter:card\" content=\"summary_large_image\" \/>\n<meta name=\"twitter:creator\" content=\"@KapitalisInfo\" \/>\n<meta name=\"twitter:site\" content=\"@KapitalisInfo\" \/>\n<meta name=\"twitter:label1\" content=\"\u00c9crit par\" \/>\n\t<meta name=\"twitter:data1\" content=\"webmaster kapitalis\" \/>\n\t<meta name=\"twitter:label2\" content=\"Dur\u00e9e de lecture estim\u00e9e\" \/>\n\t<meta name=\"twitter:data2\" content=\"4 minutes\" \/>\n<script type=\"application\/ld+json\" class=\"yoast-schema-graph\">{\"@context\":\"https:\/\/schema.org\",\"@graph\":[{\"@type\":\"Article\",\"@id\":\"https:\/\/kapitalis.com\/tunisie\/2020\/10\/31\/la-tunisie-entre-defaillance-de-letat-et-faillite-economique\/#article\",\"isPartOf\":{\"@id\":\"https:\/\/kapitalis.com\/tunisie\/2020\/10\/31\/la-tunisie-entre-defaillance-de-letat-et-faillite-economique\/\"},\"author\":{\"name\":\"webmaster kapitalis\",\"@id\":\"https:\/\/kapitalis.com\/tunisie\/#\/schema\/person\/d71f33a9ca44f7bad4698210b480c8e9\"},\"headline\":\"La Tunisie entre d\u00e9faillance de l\u2019Etat et faillite \u00e9conomique\",\"datePublished\":\"2020-10-31T13:32:06+00:00\",\"dateModified\":\"2020-11-01T08:54:36+00:00\",\"mainEntityOfPage\":{\"@id\":\"https:\/\/kapitalis.com\/tunisie\/2020\/10\/31\/la-tunisie-entre-defaillance-de-letat-et-faillite-economique\/\"},\"wordCount\":854,\"commentCount\":9,\"publisher\":{\"@id\":\"https:\/\/kapitalis.com\/tunisie\/#organization\"},\"image\":{\"@id\":\"https:\/\/kapitalis.com\/tunisie\/2020\/10\/31\/la-tunisie-entre-defaillance-de-letat-et-faillite-economique\/#primaryimage\"},\"thumbnailUrl\":\"\",\"keywords\":[\"d\u00e9faillance de l\u2019Etat\",\"Elyes Kasri\",\"Ennahdha\",\"faillite \u00e9conomique\",\"libanisation\",\"Loi de Finances 2021\",\"somalisation\",\"Sommet de la Francophonie\"],\"articleSection\":[\"A LA UNE\",\"POLITIQUE\",\"TRIBUNE\",\"Tunisie\"],\"inLanguage\":\"fr-FR\",\"potentialAction\":[{\"@type\":\"CommentAction\",\"name\":\"Comment\",\"target\":[\"https:\/\/kapitalis.com\/tunisie\/2020\/10\/31\/la-tunisie-entre-defaillance-de-letat-et-faillite-economique\/#respond\"]}]},{\"@type\":\"WebPage\",\"@id\":\"https:\/\/kapitalis.com\/tunisie\/2020\/10\/31\/la-tunisie-entre-defaillance-de-letat-et-faillite-economique\/\",\"url\":\"https:\/\/kapitalis.com\/tunisie\/2020\/10\/31\/la-tunisie-entre-defaillance-de-letat-et-faillite-economique\/\",\"name\":\"La Tunisie entre d\u00e9faillance de l\u2019Etat et faillite \u00e9conomique - Kapitalis\",\"isPartOf\":{\"@id\":\"https:\/\/kapitalis.com\/tunisie\/#website\"},\"primaryImageOfPage\":{\"@id\":\"https:\/\/kapitalis.com\/tunisie\/2020\/10\/31\/la-tunisie-entre-defaillance-de-letat-et-faillite-economique\/#primaryimage\"},\"image\":{\"@id\":\"https:\/\/kapitalis.com\/tunisie\/2020\/10\/31\/la-tunisie-entre-defaillance-de-letat-et-faillite-economique\/#primaryimage\"},\"thumbnailUrl\":\"\",\"datePublished\":\"2020-10-31T13:32:06+00:00\",\"dateModified\":\"2020-11-01T08:54:36+00:00\",\"breadcrumb\":{\"@id\":\"https:\/\/kapitalis.com\/tunisie\/2020\/10\/31\/la-tunisie-entre-defaillance-de-letat-et-faillite-economique\/#breadcrumb\"},\"inLanguage\":\"fr-FR\",\"potentialAction\":[{\"@type\":\"ReadAction\",\"target\":[\"https:\/\/kapitalis.com\/tunisie\/2020\/10\/31\/la-tunisie-entre-defaillance-de-letat-et-faillite-economique\/\"]}]},{\"@type\":\"ImageObject\",\"inLanguage\":\"fr-FR\",\"@id\":\"https:\/\/kapitalis.com\/tunisie\/2020\/10\/31\/la-tunisie-entre-defaillance-de-letat-et-faillite-economique\/#primaryimage\",\"url\":\"\",\"contentUrl\":\"\"},{\"@type\":\"BreadcrumbList\",\"@id\":\"https:\/\/kapitalis.com\/tunisie\/2020\/10\/31\/la-tunisie-entre-defaillance-de-letat-et-faillite-economique\/#breadcrumb\",\"itemListElement\":[{\"@type\":\"ListItem\",\"position\":1,\"name\":\"Accueil\",\"item\":\"https:\/\/kapitalis.com\/tunisie\/\"},{\"@type\":\"ListItem\",\"position\":2,\"name\":\"La Tunisie entre d\u00e9faillance de l\u2019Etat et faillite \u00e9conomique\"}]},{\"@type\":\"WebSite\",\"@id\":\"https:\/\/kapitalis.com\/tunisie\/#website\",\"url\":\"https:\/\/kapitalis.com\/tunisie\/\",\"name\":\"Kapitalis\",\"description\":\"L&#039;actualit\u00e9 en Tunisie et dans le monde\",\"publisher\":{\"@id\":\"https:\/\/kapitalis.com\/tunisie\/#organization\"},\"potentialAction\":[{\"@type\":\"SearchAction\",\"target\":{\"@type\":\"EntryPoint\",\"urlTemplate\":\"https:\/\/kapitalis.com\/tunisie\/?s={search_term_string}\"},\"query-input\":{\"@type\":\"PropertyValueSpecification\",\"valueRequired\":true,\"valueName\":\"search_term_string\"}}],\"inLanguage\":\"fr-FR\"},{\"@type\":\"Organization\",\"@id\":\"https:\/\/kapitalis.com\/tunisie\/#organization\",\"name\":\"Kapitalis\",\"url\":\"https:\/\/kapitalis.com\/tunisie\/\",\"logo\":{\"@type\":\"ImageObject\",\"inLanguage\":\"fr-FR\",\"@id\":\"https:\/\/kapitalis.com\/tunisie\/#\/schema\/logo\/image\/\",\"url\":\"https:\/\/kapitalis.com\/tunisie\/wp-content\/uploads\/2022\/05\/Kapitalis-big-size.png\",\"contentUrl\":\"https:\/\/kapitalis.com\/tunisie\/wp-content\/uploads\/2022\/05\/Kapitalis-big-size.png\",\"width\":5000,\"height\":1500,\"caption\":\"Kapitalis\"},\"image\":{\"@id\":\"https:\/\/kapitalis.com\/tunisie\/#\/schema\/logo\/image\/\"},\"sameAs\":[\"https:\/\/www.facebook.com\/KapitalisInfo\/\",\"https:\/\/x.com\/KapitalisInfo\",\"https:\/\/www.youtube.com\/channel\/UC-yDYrHyfFBWWZaOw3FPg9Q\"]},{\"@type\":\"Person\",\"@id\":\"https:\/\/kapitalis.com\/tunisie\/#\/schema\/person\/d71f33a9ca44f7bad4698210b480c8e9\",\"name\":\"webmaster kapitalis\",\"url\":\"https:\/\/kapitalis.com\/tunisie\/author\/webmaster-kapitalis\/\"}]}<\/script>\n<!-- \/ Yoast SEO plugin. -->","yoast_head_json":{"title":"La Tunisie entre d\u00e9faillance de l\u2019Etat et faillite \u00e9conomique - Kapitalis","robots":{"index":"index","follow":"follow","max-snippet":"max-snippet:-1","max-image-preview":"max-image-preview:large","max-video-preview":"max-video-preview:-1"},"canonical":"https:\/\/kapitalis.com\/tunisie\/2020\/10\/31\/la-tunisie-entre-defaillance-de-letat-et-faillite-economique\/","og_locale":"fr_FR","og_type":"article","og_title":"La Tunisie entre d\u00e9faillance de l\u2019Etat et faillite \u00e9conomique - Kapitalis","og_description":"La Tunisie est en train de devenir un cas d\u2019\u00e9cole (en \u00abmismanagement\u00bb) sur la m\u00e9thodologie la plus efficace pour mener un pays au d\u00e9litement de l\u2019autorit\u00e9 publique et la faillite socio-\u00e9conomique (\u00abstate failure methodology\u00bb). Par Elyes Kasri *","og_url":"https:\/\/kapitalis.com\/tunisie\/2020\/10\/31\/la-tunisie-entre-defaillance-de-letat-et-faillite-economique\/","og_site_name":"Kapitalis","article_publisher":"https:\/\/www.facebook.com\/KapitalisInfo\/","article_published_time":"2020-10-31T13:32:06+00:00","article_modified_time":"2020-11-01T08:54:36+00:00","og_image":[{"width":1200,"height":630,"url":"https:\/\/kapitalis.com\/tunisie\/wp-content\/uploads\/2022\/05\/kapitalis-logo-fb.png","type":"image\/png"}],"author":"webmaster kapitalis","twitter_card":"summary_large_image","twitter_creator":"@KapitalisInfo","twitter_site":"@KapitalisInfo","twitter_misc":{"\u00c9crit par":"webmaster kapitalis","Dur\u00e9e de lecture estim\u00e9e":"4 minutes"},"schema":{"@context":"https:\/\/schema.org","@graph":[{"@type":"Article","@id":"https:\/\/kapitalis.com\/tunisie\/2020\/10\/31\/la-tunisie-entre-defaillance-de-letat-et-faillite-economique\/#article","isPartOf":{"@id":"https:\/\/kapitalis.com\/tunisie\/2020\/10\/31\/la-tunisie-entre-defaillance-de-letat-et-faillite-economique\/"},"author":{"name":"webmaster kapitalis","@id":"https:\/\/kapitalis.com\/tunisie\/#\/schema\/person\/d71f33a9ca44f7bad4698210b480c8e9"},"headline":"La Tunisie entre d\u00e9faillance de l\u2019Etat et faillite \u00e9conomique","datePublished":"2020-10-31T13:32:06+00:00","dateModified":"2020-11-01T08:54:36+00:00","mainEntityOfPage":{"@id":"https:\/\/kapitalis.com\/tunisie\/2020\/10\/31\/la-tunisie-entre-defaillance-de-letat-et-faillite-economique\/"},"wordCount":854,"commentCount":9,"publisher":{"@id":"https:\/\/kapitalis.com\/tunisie\/#organization"},"image":{"@id":"https:\/\/kapitalis.com\/tunisie\/2020\/10\/31\/la-tunisie-entre-defaillance-de-letat-et-faillite-economique\/#primaryimage"},"thumbnailUrl":"","keywords":["d\u00e9faillance de l\u2019Etat","Elyes Kasri","Ennahdha","faillite \u00e9conomique","libanisation","Loi de Finances 2021","somalisation","Sommet de la Francophonie"],"articleSection":["A LA UNE","POLITIQUE","TRIBUNE","Tunisie"],"inLanguage":"fr-FR","potentialAction":[{"@type":"CommentAction","name":"Comment","target":["https:\/\/kapitalis.com\/tunisie\/2020\/10\/31\/la-tunisie-entre-defaillance-de-letat-et-faillite-economique\/#respond"]}]},{"@type":"WebPage","@id":"https:\/\/kapitalis.com\/tunisie\/2020\/10\/31\/la-tunisie-entre-defaillance-de-letat-et-faillite-economique\/","url":"https:\/\/kapitalis.com\/tunisie\/2020\/10\/31\/la-tunisie-entre-defaillance-de-letat-et-faillite-economique\/","name":"La Tunisie entre d\u00e9faillance de l\u2019Etat et faillite \u00e9conomique - Kapitalis","isPartOf":{"@id":"https:\/\/kapitalis.com\/tunisie\/#website"},"primaryImageOfPage":{"@id":"https:\/\/kapitalis.com\/tunisie\/2020\/10\/31\/la-tunisie-entre-defaillance-de-letat-et-faillite-economique\/#primaryimage"},"image":{"@id":"https:\/\/kapitalis.com\/tunisie\/2020\/10\/31\/la-tunisie-entre-defaillance-de-letat-et-faillite-economique\/#primaryimage"},"thumbnailUrl":"","datePublished":"2020-10-31T13:32:06+00:00","dateModified":"2020-11-01T08:54:36+00:00","breadcrumb":{"@id":"https:\/\/kapitalis.com\/tunisie\/2020\/10\/31\/la-tunisie-entre-defaillance-de-letat-et-faillite-economique\/#breadcrumb"},"inLanguage":"fr-FR","potentialAction":[{"@type":"ReadAction","target":["https:\/\/kapitalis.com\/tunisie\/2020\/10\/31\/la-tunisie-entre-defaillance-de-letat-et-faillite-economique\/"]}]},{"@type":"ImageObject","inLanguage":"fr-FR","@id":"https:\/\/kapitalis.com\/tunisie\/2020\/10\/31\/la-tunisie-entre-defaillance-de-letat-et-faillite-economique\/#primaryimage","url":"","contentUrl":""},{"@type":"BreadcrumbList","@id":"https:\/\/kapitalis.com\/tunisie\/2020\/10\/31\/la-tunisie-entre-defaillance-de-letat-et-faillite-economique\/#breadcrumb","itemListElement":[{"@type":"ListItem","position":1,"name":"Accueil","item":"https:\/\/kapitalis.com\/tunisie\/"},{"@type":"ListItem","position":2,"name":"La Tunisie entre d\u00e9faillance de l\u2019Etat et faillite \u00e9conomique"}]},{"@type":"WebSite","@id":"https:\/\/kapitalis.com\/tunisie\/#website","url":"https:\/\/kapitalis.com\/tunisie\/","name":"Kapitalis","description":"L&#039;actualit\u00e9 en Tunisie et dans le monde","publisher":{"@id":"https:\/\/kapitalis.com\/tunisie\/#organization"},"potentialAction":[{"@type":"SearchAction","target":{"@type":"EntryPoint","urlTemplate":"https:\/\/kapitalis.com\/tunisie\/?s={search_term_string}"},"query-input":{"@type":"PropertyValueSpecification","valueRequired":true,"valueName":"search_term_string"}}],"inLanguage":"fr-FR"},{"@type":"Organization","@id":"https:\/\/kapitalis.com\/tunisie\/#organization","name":"Kapitalis","url":"https:\/\/kapitalis.com\/tunisie\/","logo":{"@type":"ImageObject","inLanguage":"fr-FR","@id":"https:\/\/kapitalis.com\/tunisie\/#\/schema\/logo\/image\/","url":"https:\/\/kapitalis.com\/tunisie\/wp-content\/uploads\/2022\/05\/Kapitalis-big-size.png","contentUrl":"https:\/\/kapitalis.com\/tunisie\/wp-content\/uploads\/2022\/05\/Kapitalis-big-size.png","width":5000,"height":1500,"caption":"Kapitalis"},"image":{"@id":"https:\/\/kapitalis.com\/tunisie\/#\/schema\/logo\/image\/"},"sameAs":["https:\/\/www.facebook.com\/KapitalisInfo\/","https:\/\/x.com\/KapitalisInfo","https:\/\/www.youtube.com\/channel\/UC-yDYrHyfFBWWZaOw3FPg9Q"]},{"@type":"Person","@id":"https:\/\/kapitalis.com\/tunisie\/#\/schema\/person\/d71f33a9ca44f7bad4698210b480c8e9","name":"webmaster kapitalis","url":"https:\/\/kapitalis.com\/tunisie\/author\/webmaster-kapitalis\/"}]}},"_links":{"self":[{"href":"https:\/\/kapitalis.com\/tunisie\/wp-json\/wp\/v2\/posts\/322808","targetHints":{"allow":["GET"]}}],"collection":[{"href":"https:\/\/kapitalis.com\/tunisie\/wp-json\/wp\/v2\/posts"}],"about":[{"href":"https:\/\/kapitalis.com\/tunisie\/wp-json\/wp\/v2\/types\/post"}],"author":[{"embeddable":true,"href":"https:\/\/kapitalis.com\/tunisie\/wp-json\/wp\/v2\/users\/8"}],"replies":[{"embeddable":true,"href":"https:\/\/kapitalis.com\/tunisie\/wp-json\/wp\/v2\/comments?post=322808"}],"version-history":[{"count":0,"href":"https:\/\/kapitalis.com\/tunisie\/wp-json\/wp\/v2\/posts\/322808\/revisions"}],"wp:featuredmedia":[{"embeddable":true,"href":"https:\/\/kapitalis.com\/tunisie\/wp-json\/wp\/v2\/media\/322809"}],"wp:attachment":[{"href":"https:\/\/kapitalis.com\/tunisie\/wp-json\/wp\/v2\/media?parent=322808"}],"wp:term":[{"taxonomy":"category","embeddable":true,"href":"https:\/\/kapitalis.com\/tunisie\/wp-json\/wp\/v2\/categories?post=322808"},{"taxonomy":"post_tag","embeddable":true,"href":"https:\/\/kapitalis.com\/tunisie\/wp-json\/wp\/v2\/tags?post=322808"}],"curies":[{"name":"wp","href":"https:\/\/api.w.org\/{rel}","templated":true}]}}