{"id":322931,"date":"2020-11-02T11:07:23","date_gmt":"2020-11-02T10:07:23","guid":{"rendered":"http:\/\/kapitalis.com\/tunisie\/?p=322931"},"modified":"2020-11-02T12:38:32","modified_gmt":"2020-11-02T11:38:32","slug":"lettre-a-la-france-et-appel-aux-francais","status":"publish","type":"post","link":"https:\/\/kapitalis.com\/tunisie\/2020\/11\/02\/lettre-a-la-france-et-appel-aux-francais\/","title":{"rendered":"Lettre \u00e0 la France et appel aux Fran\u00e7ais"},"content":{"rendered":"\n<figure class=\"wp-block-image size-large\"><img decoding=\"async\" src=\"http:\/\/kapitalis.com\/tunisie\/wp-content\/uploads\/2020\/11\/France-Tour-Eiffel.jpg\" alt=\"\" class=\"wp-image-322933\"\/><figcaption><em>Cr\u00e9dit :&nbsp;Charles Platiau&nbsp;&#8211;&nbsp;Reuters<\/em>.<\/figcaption><\/figure>\n\n\n\n<p><strong><em>L\u2019auteur, ing\u00e9nieur tunisien r\u00e9cemment naturalis\u00e9 fran\u00e7ais, s\u2019adresse \u00e0 ses nouveaux compatriotes et les appelle \u00e0 ne pas se laisser emporter par les voix de l\u2019extr\u00e9misme, ceux de la r\u00e9flexion facile et niaise.<\/em><\/strong><\/p>\n\n\n\n<p>Par<strong> Youssef Aouida<\/strong> *<\/p>\n\n\n\n<!--more-->\n\n\n\n<div class=\"wp-block-image\"><figure class=\"alignleft size-large\"><img decoding=\"async\" src=\"http:\/\/kapitalis.com\/tunisie\/wp-content\/uploads\/2020\/11\/Youssef-Aouida.jpg\" alt=\"\" class=\"wp-image-322932\"\/><\/figure><\/div>\n\n\n\n<p>Ch\u00e8re France, cette semaine, entre la d\u00e9capitation de Samuel Paty, messager de tes valeurs et proph\u00e8te de la connaissance humaine, et le massacre de trois fid\u00e8les jouissant d\u2019un moment de spiritualit\u00e9 dans une \u00e9glise, entre ces deux trag\u00e9dies morbides, \u0153uvres de deux sous-\u00eatres puant les relents de leur haine, tu m\u2019as ouvert les bras, encore une fois, pour l\u2019ultime acceptation : celle d\u2019\u00eatre un citoyen fran\u00e7ais.<\/p>\n\n\n\n<p>Car cette semaine, j\u2019ai v\u00e9cu l&rsquo;euphorie de devenir l&rsquo;enfant adopt\u00e9 de cette patrie, un membre de ce qu\u2019on appelle la communaut\u00e9 nationale, moi qui suis, non sans fiert\u00e9 et amour, fils de la Tunisie, pays qu\u2019on associe malheureusement ces derniers temps, \u00e0 tort des fois, \u00e0 raison souvent, \u00e0 des faits de terrorisme act\u00e9s par des<em> \u00abTunisiens\u00bb<\/em> contre la Tunisie, contre toi et ailleurs dans le monde.<\/p>\n\n\n\n<h3 class=\"wp-block-heading\">Cong\u00e9dier la haine et faire fi de la col\u00e8re<\/h3>\n\n\n\n<p>Une telle concomitance ne me laisse point sans questionnement. A quoi bon me prodiguer autant de philanthropie, quand d\u2019autres voient en toi une haineuse? Quelles impartialit\u00e9 et ind\u00e9pendance de tes institutions quand certains de tes enfants te taxent de s\u00e9gr\u00e9gationnisme? Quelle volont\u00e9 de sagesse, toi qui n\u2019a cess\u00e9 de subir des perfidies? Alors pourquoi moi? et tant d\u2019autres comme moi &#8211; dont les noms remplissent le journal officiel de naturalisation \u2013 qui ont toqu\u00e9 \u00e0 ta porte pour devenir Fran\u00e7ais? S\u00fbrement pas tous pour les m\u00eames raisons d\u2019ailleurs, mais tu as su leur ouvrir tes bras pour cong\u00e9dier la haine et faire fi de la col\u00e8re grondant.<\/p>\n\n\n\n<p>Et puis qu\u2019ai-je de Fran\u00e7ais pour le devenir? \u00c0 quel id\u00e9al aspire un Fran\u00e7ais? Quelle identit\u00e9 est celle d\u2019un fran\u00e7ais? Que doit-on partager comme socle commun? Suffit-il de conna\u00eetre la devise de la r\u00e9publique? Ou de r\u00e9citer les pr\u00e9sidents de la cinqui\u00e8me r\u00e9publique comme on le demande pendant cet entretien de naturalisation? Doit-on forc\u00e9ment appr\u00e9cier le vin, savourer la gastronomie fran\u00e7aise et s\u2019adonner \u00e0 l\u2019art caract\u00e9ristique de r\u00e2ler? Doit-on avoir ce fameux droit du sang ou droit du sol pour se pr\u00e9tendre fran\u00e7ais? Car moi je n\u2019ai ni l\u2019un ni l\u2019autre.<\/p>\n\n\n\n<p>Dois-je m\u2019appeler Paul au lieu de Youssef et Simon au lieu de Mohamed pour s\u2019inscrire dans tes racines jud\u00e9o-chr\u00e9tiennes? Et puis que faire de ton histoire? Car certains ne la comprennent pas, beaucoup ne la connaissent pas. Peut-on pr\u00e9tendre \u00e0 une quelconque appartenance sans conna\u00eetre l\u2019histoire du groupe, de la communaut\u00e9, son esquisse, ses fondements, son immanence et sa transcendance, sa philosophie ? Je ne le pense point, j\u2019imagine que toi non plus.<\/p>\n\n\n\n<p>Alors, parlons-en.<\/p>\n\n\n\n<p>Je ne vois pas comment peut-on \u00eatre fran\u00e7ais sans conna\u00eetre et adopter le cogito cart\u00e9sien du<em> \u2018\u2019Discours de la m\u00e9thode\u2019\u2019<\/em>, car rien n\u2019est plus fran\u00e7ais que la rationalit\u00e9. Je ne vois pas comment peut-on \u00eatre fran\u00e7ais si l\u2019on ne partage pas la sagacit\u00e9 de Montaigne et son appel \u00e0 la tol\u00e9rance et \u00e0 se m\u00e9fier des pens\u00e9es extr\u00e9mistes, et ce d\u00e8s le XVIe si\u00e8cle. Je ne vois pas comment peut-on \u00eatre fran\u00e7ais sans se d\u00e9finir dans le contrat social de Rousseau et la volont\u00e9 de Voltaire de combattre le<em> \u00abdroit divin\u00bb<\/em> et le pouvoir th\u00e9ologique.<\/p>\n\n\n\n<h3 class=\"wp-block-heading\">Le refus de l&rsquo;assujettissement dans un moule identitaire<\/h3>\n\n\n\n<p>\u00catre Fran\u00e7ais c\u2019est croire en cet id\u00e9al r\u00e9publicain, d\u2019\u00e9galit\u00e9, de libert\u00e9, de justice qu\u2019inspirent les mouvements populaires de r\u00e9sistance \u00e0 travers le monde et dont la premi\u00e8re forme politique fut la R\u00e9volution fran\u00e7aise, couronn\u00e9e par la D\u00e9claration de Droit de l\u2019Homme et du Citoyen. Cette R\u00e9volution populaire, qui a fa\u00e7onn\u00e9 toutes les philosophies et id\u00e9ologies occidentales et dont on h\u00e9rite des bienfaits aujourd\u2019hui : de l\u2019id\u00e9alisme kantien \u00e0 la dialectique h\u00e9g\u00e9lienne, de la volont\u00e9 de puissance de Schopenhauer \u00e0 la morale de ressentiment de Nietzsche, de la philosophie mat\u00e9rialiste de l\u2019histoire de Marx \u00e0 toutes les d\u00e9clinaisons du lib\u00e9ralisme, on y trouve partout et toujours des influences de la R\u00e9volution fran\u00e7aise.<\/p>\n\n\n\n<p>\u00catre fran\u00e7ais c\u2019est le refus de l&rsquo;assujettissement dans un moule identitaire; \u00eatre fran\u00e7ais c\u2019est galvauder l\u2019inanit\u00e9 de toute repr\u00e9sentation matricielle, car le moi d\u2019hier n\u2019est point celui d\u2019aujourd\u2019hui et celui de demain sera s\u00fbrement meilleur. \u00catre fran\u00e7ais, c\u2019est assumer que mon existence pr\u00e9c\u00e8de mon essence car c\u2019est moi qui donne un sens \u00e0 ma vie et que mon identit\u00e9 est un perp\u00e9tuel dynamisme, des convictions mais non des v\u00e9rit\u00e9s absolues, des id\u00e9es mais non des pr\u00e9jug\u00e9s, des r\u00e9flexions mais non des dogmes. \u00catre fran\u00e7ais, c\u2019est assumer ce malaise existentiel, cette absurdit\u00e9 de la vie, qui nous pousse \u00e0 l\u2019aimer d\u2019avantage et \u00e0 la vivre pleinement.<\/p>\n\n\n\n<p>Alors regarde derri\u00e8re toi ch\u00e8re France.<\/p>\n\n\n\n<p>Ton oracle a fa\u00e7onn\u00e9 la pens\u00e9e humaine et c\u2019est ce que tu dois transmettre \u00e0 tes enfants, car tu n\u2019es pas seulement une entit\u00e9 politique, ni une g\u00e9ographie limit\u00e9e dans l\u2019espace. Tu es la voix de tous ceux qui pensent que la s\u00e9paration des pouvoirs politiques et religieux n\u2019est pas seulement un gage de vivre ensemble et d\u2019\u00e9galit\u00e9 face aux diff\u00e9rences ethniques, mais surtout une prodigalit\u00e9 de confiance en l\u2019Homme pour organiser sa vie sociale, politique et \u00e9conomique, confiance en l\u2019h\u00e9g\u00e9monie de la raison et de la rationalit\u00e9 face aux lois divines et aux textes ancestraux.<\/p>\n\n\n\n<p>Alors permets moi ch\u00e8re France, mais tu as commis quelques erreurs ces derniers temps, dans ta politique d\u2019int\u00e9gration et d\u2019assimilation de masse car beaucoup d\u2019<em>\u00abadministrativement fran\u00e7ais\u00bb<\/em> ne partagent pas ton id\u00e9al et ne connaissent pas ton histoire, et ailleurs tu as soutenu, \u00e0 maintes reprises, ceux qui ne te ressemblent pas qui militent violemment contre tes valeurs, permets-le moi mais tu as pactis\u00e9 avec le diable (en Libye, en Syrie, avec l\u2019Arabie Saoudite et le Qatar\u2026). Mais l\u2019heure n\u2019est pas aux reproches alors je m\u2019adresse \u00e0 tes enfants:<\/p>\n\n\n\n<p>Chers Fran\u00e7ais, non sans fiert\u00e9 et exaltation, chers compatriotes. Aujourd\u2019hui nous affrontons un ennemi violent. Cet ennemi d\u2019une grande duplicit\u00e9 est belliqueux, fourbe et acari\u00e2tre surtout quand il est parmi nous, il voudra nous poignarder par la main de ses adeptes \u00e0 tout moment, d\u00e8s que l\u2019occasion se pr\u00e9sentera. Nous devons \u00eatre \u00e0 l&rsquo;aff\u00fbt, pour les isoler, les attraper et les \u00e9radiquer \u00e0 l\u2019image de ce qu\u2019ils sont, des rats qui rongent de l\u2019int\u00e9rieur. Nous devons \u00eatre impitoyables, car c\u2019est bien une guerre totale, tant id\u00e9ologique que physique, qu\u2019ils nous m\u00e8nent.<\/p>\n\n\n\n<p>Et il ne s\u2019agit pas l\u00e0 seulement de l\u2019ennemi de la France, c\u2019est l\u2019ennemi de l\u2019intelligence, de la raison et de l\u2019humanit\u00e9. La France n\u2019est pas seule, comme veulent nous le faire croire certains, qui appellent par ailleurs \u00e0 un repli identitaire, un repli \u00e0 l\u2019antipode de ce que repr\u00e9sente la France. Ne nous isolons pas, car cela ne fera qu\u2019affaiblir la France, et notre ennemi s\u2019en r\u00e9jouira.<\/p>\n\n\n\n<h3 class=\"wp-block-heading\">La sagesse contre les vocif\u00e9rations, les id\u00e9es contre la violence<\/h3>\n\n\n\n<p>Aujourd\u2019hui, nous ne sommes pas seuls, des<em> \u00ab\u00e2mes fran\u00e7aises\u00bb <\/em>existent partout dans le monde. Ces gens qui partagent cet id\u00e9al humain, r\u00e9publicain sont tr\u00e8s nombreux, surtout l\u00e0 o\u00f9 on le pense le moins. Il faut leur tendre la main, il faut soutenir ces aspirations politiques qui nous ressemblent et rassemblent, partout o\u00f9 ils sont, et encore davantage dans l\u2019espace g\u00e9opolitique vital de la France.<\/p>\n\n\n\n<p>Je ne suis pas partisan, chers compatriotes, de la vision conflictuelle des civilisations, mais nous faisons face l\u00e0 au conflit de la sagesse contre les vocif\u00e9rations, l\u2019intelligence contre la m\u00e9diocrit\u00e9, les id\u00e9es contre la violence, le cumul de connaissances contre l\u2019ignorance r\u00e9trograde, la lumi\u00e8re contre les t\u00e9n\u00e8bres.<\/p>\n\n\n\n<p>La France ce n\u2019est pas seulement le luxe, le savoir-vivre, le vin et la gastronomie. La France est une vision du monde, une politique de l\u2019Homme pour l\u2019Homme, une philosophie. Partageons-la davantage au-del\u00e0 de nos fronti\u00e8res, reprenons en main l\u2019\u00e9tendard de la libert\u00e9 et guidons les peuples qui y aspirent, car nos ennemis avancent avec des voiles noirs et des visions obscures. C\u2019est un travail de longue haleine mais faisons-le avec d\u00e9termination, assurance et force partout o\u00f9 nous le pouvons.<\/p>\n\n\n\n<p>Chers Fran\u00e7ais, ne nous laissons pas emporter par les voix de l\u2019extr\u00e9misme, ceux de la r\u00e9flexion facile et niaise. Car, et comme l\u2019a si bien \u00e9crit Amine Maalouf, un Fran\u00e7ais dont l\u2019histoire m\u2019est famili\u00e8re, <em>\u00abla sagesse est un chemin de cr\u00eate entre deux pr\u00e9cipices, deux b\u00eatises qui ne cessent de se confronter\u00bb.<\/em><\/p>\n\n\n\n<p><em>* Jeune ing\u00e9nieur tunisien qui vient d&rsquo;obtenir la nationalit\u00e9 fran\u00e7aise, entre les 2 attentats de Paris et de Nice.<\/em><\/p>\n","protected":false},"excerpt":{"rendered":"<p>L\u2019auteur, ing\u00e9nieur tunisien r\u00e9cemment naturalis\u00e9 fran\u00e7ais, s\u2019adresse \u00e0 ses nouveaux compatriotes et les appelle \u00e0 ne pas se laisser emporter par les voix de l\u2019extr\u00e9misme, ceux de la r\u00e9flexion facile et niaise. Par Youssef Aouida *<\/p>\n","protected":false},"author":8,"featured_media":322932,"comment_status":"open","ping_status":"open","sticky":false,"template":"","format":"standard","meta":{"footnotes":""},"categories":[992,1000,2433],"tags":[84376,3896,2508,395,84374,83887,62643,1117,84375],"class_list":["post-322931","post","type-post","status-publish","format-standard","has-post-thumbnail","hentry","category-a-la-une","category-tribune","category-tunisie","tag-amine-maalouf","tag-extremisme","tag-francais","tag-france","tag-revolution-francaise","tag-samuel-paty","tag-tunisie","tag-tunisiens","tag-youssef-aouida"],"yoast_head":"<!-- This site is optimized with the Yoast SEO plugin v26.6 - https:\/\/yoast.com\/wordpress\/plugins\/seo\/ -->\n<title>Lettre \u00e0 la France et appel aux Fran\u00e7ais - Kapitalis<\/title>\n<meta name=\"robots\" content=\"index, follow, max-snippet:-1, max-image-preview:large, max-video-preview:-1\" \/>\n<link rel=\"canonical\" href=\"https:\/\/kapitalis.com\/tunisie\/2020\/11\/02\/lettre-a-la-france-et-appel-aux-francais\/\" \/>\n<meta property=\"og:locale\" content=\"fr_FR\" \/>\n<meta property=\"og:type\" content=\"article\" \/>\n<meta property=\"og:title\" content=\"Lettre \u00e0 la France et appel aux Fran\u00e7ais - Kapitalis\" \/>\n<meta property=\"og:description\" content=\"L\u2019auteur, ing\u00e9nieur tunisien r\u00e9cemment naturalis\u00e9 fran\u00e7ais, s\u2019adresse \u00e0 ses nouveaux compatriotes et les appelle \u00e0 ne pas se laisser emporter par les voix de l\u2019extr\u00e9misme, ceux de la r\u00e9flexion facile et niaise. Par Youssef Aouida *\" \/>\n<meta property=\"og:url\" content=\"https:\/\/kapitalis.com\/tunisie\/2020\/11\/02\/lettre-a-la-france-et-appel-aux-francais\/\" \/>\n<meta property=\"og:site_name\" content=\"Kapitalis\" \/>\n<meta property=\"article:publisher\" content=\"https:\/\/www.facebook.com\/KapitalisInfo\/\" \/>\n<meta property=\"article:published_time\" content=\"2020-11-02T10:07:23+00:00\" \/>\n<meta property=\"article:modified_time\" content=\"2020-11-02T11:38:32+00:00\" \/>\n<meta property=\"og:image\" content=\"https:\/\/kapitalis.com\/tunisie\/wp-content\/uploads\/2022\/05\/kapitalis-logo-fb.png\" \/>\n\t<meta property=\"og:image:width\" content=\"1200\" \/>\n\t<meta property=\"og:image:height\" content=\"630\" \/>\n\t<meta property=\"og:image:type\" content=\"image\/png\" \/>\n<meta name=\"author\" content=\"webmaster kapitalis\" \/>\n<meta name=\"twitter:card\" content=\"summary_large_image\" \/>\n<meta name=\"twitter:creator\" content=\"@KapitalisInfo\" \/>\n<meta name=\"twitter:site\" content=\"@KapitalisInfo\" \/>\n<meta name=\"twitter:label1\" content=\"\u00c9crit par\" \/>\n\t<meta name=\"twitter:data1\" content=\"webmaster kapitalis\" \/>\n\t<meta name=\"twitter:label2\" content=\"Dur\u00e9e de lecture estim\u00e9e\" \/>\n\t<meta name=\"twitter:data2\" content=\"8 minutes\" \/>\n<script type=\"application\/ld+json\" class=\"yoast-schema-graph\">{\"@context\":\"https:\/\/schema.org\",\"@graph\":[{\"@type\":\"Article\",\"@id\":\"https:\/\/kapitalis.com\/tunisie\/2020\/11\/02\/lettre-a-la-france-et-appel-aux-francais\/#article\",\"isPartOf\":{\"@id\":\"https:\/\/kapitalis.com\/tunisie\/2020\/11\/02\/lettre-a-la-france-et-appel-aux-francais\/\"},\"author\":{\"name\":\"webmaster kapitalis\",\"@id\":\"https:\/\/kapitalis.com\/tunisie\/#\/schema\/person\/d71f33a9ca44f7bad4698210b480c8e9\"},\"headline\":\"Lettre \u00e0 la France et appel aux Fran\u00e7ais\",\"datePublished\":\"2020-11-02T10:07:23+00:00\",\"dateModified\":\"2020-11-02T11:38:32+00:00\",\"mainEntityOfPage\":{\"@id\":\"https:\/\/kapitalis.com\/tunisie\/2020\/11\/02\/lettre-a-la-france-et-appel-aux-francais\/\"},\"wordCount\":1612,\"commentCount\":11,\"publisher\":{\"@id\":\"https:\/\/kapitalis.com\/tunisie\/#organization\"},\"image\":{\"@id\":\"https:\/\/kapitalis.com\/tunisie\/2020\/11\/02\/lettre-a-la-france-et-appel-aux-francais\/#primaryimage\"},\"thumbnailUrl\":\"\",\"keywords\":[\"Amine Maalouf\",\"extr\u00e9misme\",\"Fran\u00e7ais\",\"France\",\"R\u00e9volution fran\u00e7aise\",\"Samuel Paty\",\"Tunisie\",\"tunisiens\",\"Youssef Aouida\"],\"articleSection\":[\"A LA UNE\",\"TRIBUNE\",\"Tunisie\"],\"inLanguage\":\"fr-FR\",\"potentialAction\":[{\"@type\":\"CommentAction\",\"name\":\"Comment\",\"target\":[\"https:\/\/kapitalis.com\/tunisie\/2020\/11\/02\/lettre-a-la-france-et-appel-aux-francais\/#respond\"]}]},{\"@type\":\"WebPage\",\"@id\":\"https:\/\/kapitalis.com\/tunisie\/2020\/11\/02\/lettre-a-la-france-et-appel-aux-francais\/\",\"url\":\"https:\/\/kapitalis.com\/tunisie\/2020\/11\/02\/lettre-a-la-france-et-appel-aux-francais\/\",\"name\":\"Lettre \u00e0 la France et appel aux Fran\u00e7ais - Kapitalis\",\"isPartOf\":{\"@id\":\"https:\/\/kapitalis.com\/tunisie\/#website\"},\"primaryImageOfPage\":{\"@id\":\"https:\/\/kapitalis.com\/tunisie\/2020\/11\/02\/lettre-a-la-france-et-appel-aux-francais\/#primaryimage\"},\"image\":{\"@id\":\"https:\/\/kapitalis.com\/tunisie\/2020\/11\/02\/lettre-a-la-france-et-appel-aux-francais\/#primaryimage\"},\"thumbnailUrl\":\"\",\"datePublished\":\"2020-11-02T10:07:23+00:00\",\"dateModified\":\"2020-11-02T11:38:32+00:00\",\"breadcrumb\":{\"@id\":\"https:\/\/kapitalis.com\/tunisie\/2020\/11\/02\/lettre-a-la-france-et-appel-aux-francais\/#breadcrumb\"},\"inLanguage\":\"fr-FR\",\"potentialAction\":[{\"@type\":\"ReadAction\",\"target\":[\"https:\/\/kapitalis.com\/tunisie\/2020\/11\/02\/lettre-a-la-france-et-appel-aux-francais\/\"]}]},{\"@type\":\"ImageObject\",\"inLanguage\":\"fr-FR\",\"@id\":\"https:\/\/kapitalis.com\/tunisie\/2020\/11\/02\/lettre-a-la-france-et-appel-aux-francais\/#primaryimage\",\"url\":\"\",\"contentUrl\":\"\"},{\"@type\":\"BreadcrumbList\",\"@id\":\"https:\/\/kapitalis.com\/tunisie\/2020\/11\/02\/lettre-a-la-france-et-appel-aux-francais\/#breadcrumb\",\"itemListElement\":[{\"@type\":\"ListItem\",\"position\":1,\"name\":\"Accueil\",\"item\":\"https:\/\/kapitalis.com\/tunisie\/\"},{\"@type\":\"ListItem\",\"position\":2,\"name\":\"Lettre \u00e0 la France et appel aux Fran\u00e7ais\"}]},{\"@type\":\"WebSite\",\"@id\":\"https:\/\/kapitalis.com\/tunisie\/#website\",\"url\":\"https:\/\/kapitalis.com\/tunisie\/\",\"name\":\"Kapitalis\",\"description\":\"L&#039;actualit\u00e9 en Tunisie et dans le monde\",\"publisher\":{\"@id\":\"https:\/\/kapitalis.com\/tunisie\/#organization\"},\"potentialAction\":[{\"@type\":\"SearchAction\",\"target\":{\"@type\":\"EntryPoint\",\"urlTemplate\":\"https:\/\/kapitalis.com\/tunisie\/?s={search_term_string}\"},\"query-input\":{\"@type\":\"PropertyValueSpecification\",\"valueRequired\":true,\"valueName\":\"search_term_string\"}}],\"inLanguage\":\"fr-FR\"},{\"@type\":\"Organization\",\"@id\":\"https:\/\/kapitalis.com\/tunisie\/#organization\",\"name\":\"Kapitalis\",\"url\":\"https:\/\/kapitalis.com\/tunisie\/\",\"logo\":{\"@type\":\"ImageObject\",\"inLanguage\":\"fr-FR\",\"@id\":\"https:\/\/kapitalis.com\/tunisie\/#\/schema\/logo\/image\/\",\"url\":\"https:\/\/kapitalis.com\/tunisie\/wp-content\/uploads\/2022\/05\/Kapitalis-big-size.png\",\"contentUrl\":\"https:\/\/kapitalis.com\/tunisie\/wp-content\/uploads\/2022\/05\/Kapitalis-big-size.png\",\"width\":5000,\"height\":1500,\"caption\":\"Kapitalis\"},\"image\":{\"@id\":\"https:\/\/kapitalis.com\/tunisie\/#\/schema\/logo\/image\/\"},\"sameAs\":[\"https:\/\/www.facebook.com\/KapitalisInfo\/\",\"https:\/\/x.com\/KapitalisInfo\",\"https:\/\/www.youtube.com\/channel\/UC-yDYrHyfFBWWZaOw3FPg9Q\"]},{\"@type\":\"Person\",\"@id\":\"https:\/\/kapitalis.com\/tunisie\/#\/schema\/person\/d71f33a9ca44f7bad4698210b480c8e9\",\"name\":\"webmaster kapitalis\",\"url\":\"https:\/\/kapitalis.com\/tunisie\/author\/webmaster-kapitalis\/\"}]}<\/script>\n<!-- \/ Yoast SEO plugin. -->","yoast_head_json":{"title":"Lettre \u00e0 la France et appel aux Fran\u00e7ais - Kapitalis","robots":{"index":"index","follow":"follow","max-snippet":"max-snippet:-1","max-image-preview":"max-image-preview:large","max-video-preview":"max-video-preview:-1"},"canonical":"https:\/\/kapitalis.com\/tunisie\/2020\/11\/02\/lettre-a-la-france-et-appel-aux-francais\/","og_locale":"fr_FR","og_type":"article","og_title":"Lettre \u00e0 la France et appel aux Fran\u00e7ais - Kapitalis","og_description":"L\u2019auteur, ing\u00e9nieur tunisien r\u00e9cemment naturalis\u00e9 fran\u00e7ais, s\u2019adresse \u00e0 ses nouveaux compatriotes et les appelle \u00e0 ne pas se laisser emporter par les voix de l\u2019extr\u00e9misme, ceux de la r\u00e9flexion facile et niaise. Par Youssef Aouida *","og_url":"https:\/\/kapitalis.com\/tunisie\/2020\/11\/02\/lettre-a-la-france-et-appel-aux-francais\/","og_site_name":"Kapitalis","article_publisher":"https:\/\/www.facebook.com\/KapitalisInfo\/","article_published_time":"2020-11-02T10:07:23+00:00","article_modified_time":"2020-11-02T11:38:32+00:00","og_image":[{"width":1200,"height":630,"url":"https:\/\/kapitalis.com\/tunisie\/wp-content\/uploads\/2022\/05\/kapitalis-logo-fb.png","type":"image\/png"}],"author":"webmaster kapitalis","twitter_card":"summary_large_image","twitter_creator":"@KapitalisInfo","twitter_site":"@KapitalisInfo","twitter_misc":{"\u00c9crit par":"webmaster kapitalis","Dur\u00e9e de lecture estim\u00e9e":"8 minutes"},"schema":{"@context":"https:\/\/schema.org","@graph":[{"@type":"Article","@id":"https:\/\/kapitalis.com\/tunisie\/2020\/11\/02\/lettre-a-la-france-et-appel-aux-francais\/#article","isPartOf":{"@id":"https:\/\/kapitalis.com\/tunisie\/2020\/11\/02\/lettre-a-la-france-et-appel-aux-francais\/"},"author":{"name":"webmaster kapitalis","@id":"https:\/\/kapitalis.com\/tunisie\/#\/schema\/person\/d71f33a9ca44f7bad4698210b480c8e9"},"headline":"Lettre \u00e0 la France et appel aux Fran\u00e7ais","datePublished":"2020-11-02T10:07:23+00:00","dateModified":"2020-11-02T11:38:32+00:00","mainEntityOfPage":{"@id":"https:\/\/kapitalis.com\/tunisie\/2020\/11\/02\/lettre-a-la-france-et-appel-aux-francais\/"},"wordCount":1612,"commentCount":11,"publisher":{"@id":"https:\/\/kapitalis.com\/tunisie\/#organization"},"image":{"@id":"https:\/\/kapitalis.com\/tunisie\/2020\/11\/02\/lettre-a-la-france-et-appel-aux-francais\/#primaryimage"},"thumbnailUrl":"","keywords":["Amine Maalouf","extr\u00e9misme","Fran\u00e7ais","France","R\u00e9volution fran\u00e7aise","Samuel Paty","Tunisie","tunisiens","Youssef Aouida"],"articleSection":["A LA UNE","TRIBUNE","Tunisie"],"inLanguage":"fr-FR","potentialAction":[{"@type":"CommentAction","name":"Comment","target":["https:\/\/kapitalis.com\/tunisie\/2020\/11\/02\/lettre-a-la-france-et-appel-aux-francais\/#respond"]}]},{"@type":"WebPage","@id":"https:\/\/kapitalis.com\/tunisie\/2020\/11\/02\/lettre-a-la-france-et-appel-aux-francais\/","url":"https:\/\/kapitalis.com\/tunisie\/2020\/11\/02\/lettre-a-la-france-et-appel-aux-francais\/","name":"Lettre \u00e0 la France et appel aux Fran\u00e7ais - Kapitalis","isPartOf":{"@id":"https:\/\/kapitalis.com\/tunisie\/#website"},"primaryImageOfPage":{"@id":"https:\/\/kapitalis.com\/tunisie\/2020\/11\/02\/lettre-a-la-france-et-appel-aux-francais\/#primaryimage"},"image":{"@id":"https:\/\/kapitalis.com\/tunisie\/2020\/11\/02\/lettre-a-la-france-et-appel-aux-francais\/#primaryimage"},"thumbnailUrl":"","datePublished":"2020-11-02T10:07:23+00:00","dateModified":"2020-11-02T11:38:32+00:00","breadcrumb":{"@id":"https:\/\/kapitalis.com\/tunisie\/2020\/11\/02\/lettre-a-la-france-et-appel-aux-francais\/#breadcrumb"},"inLanguage":"fr-FR","potentialAction":[{"@type":"ReadAction","target":["https:\/\/kapitalis.com\/tunisie\/2020\/11\/02\/lettre-a-la-france-et-appel-aux-francais\/"]}]},{"@type":"ImageObject","inLanguage":"fr-FR","@id":"https:\/\/kapitalis.com\/tunisie\/2020\/11\/02\/lettre-a-la-france-et-appel-aux-francais\/#primaryimage","url":"","contentUrl":""},{"@type":"BreadcrumbList","@id":"https:\/\/kapitalis.com\/tunisie\/2020\/11\/02\/lettre-a-la-france-et-appel-aux-francais\/#breadcrumb","itemListElement":[{"@type":"ListItem","position":1,"name":"Accueil","item":"https:\/\/kapitalis.com\/tunisie\/"},{"@type":"ListItem","position":2,"name":"Lettre \u00e0 la France et appel aux Fran\u00e7ais"}]},{"@type":"WebSite","@id":"https:\/\/kapitalis.com\/tunisie\/#website","url":"https:\/\/kapitalis.com\/tunisie\/","name":"Kapitalis","description":"L&#039;actualit\u00e9 en Tunisie et dans le monde","publisher":{"@id":"https:\/\/kapitalis.com\/tunisie\/#organization"},"potentialAction":[{"@type":"SearchAction","target":{"@type":"EntryPoint","urlTemplate":"https:\/\/kapitalis.com\/tunisie\/?s={search_term_string}"},"query-input":{"@type":"PropertyValueSpecification","valueRequired":true,"valueName":"search_term_string"}}],"inLanguage":"fr-FR"},{"@type":"Organization","@id":"https:\/\/kapitalis.com\/tunisie\/#organization","name":"Kapitalis","url":"https:\/\/kapitalis.com\/tunisie\/","logo":{"@type":"ImageObject","inLanguage":"fr-FR","@id":"https:\/\/kapitalis.com\/tunisie\/#\/schema\/logo\/image\/","url":"https:\/\/kapitalis.com\/tunisie\/wp-content\/uploads\/2022\/05\/Kapitalis-big-size.png","contentUrl":"https:\/\/kapitalis.com\/tunisie\/wp-content\/uploads\/2022\/05\/Kapitalis-big-size.png","width":5000,"height":1500,"caption":"Kapitalis"},"image":{"@id":"https:\/\/kapitalis.com\/tunisie\/#\/schema\/logo\/image\/"},"sameAs":["https:\/\/www.facebook.com\/KapitalisInfo\/","https:\/\/x.com\/KapitalisInfo","https:\/\/www.youtube.com\/channel\/UC-yDYrHyfFBWWZaOw3FPg9Q"]},{"@type":"Person","@id":"https:\/\/kapitalis.com\/tunisie\/#\/schema\/person\/d71f33a9ca44f7bad4698210b480c8e9","name":"webmaster kapitalis","url":"https:\/\/kapitalis.com\/tunisie\/author\/webmaster-kapitalis\/"}]}},"_links":{"self":[{"href":"https:\/\/kapitalis.com\/tunisie\/wp-json\/wp\/v2\/posts\/322931","targetHints":{"allow":["GET"]}}],"collection":[{"href":"https:\/\/kapitalis.com\/tunisie\/wp-json\/wp\/v2\/posts"}],"about":[{"href":"https:\/\/kapitalis.com\/tunisie\/wp-json\/wp\/v2\/types\/post"}],"author":[{"embeddable":true,"href":"https:\/\/kapitalis.com\/tunisie\/wp-json\/wp\/v2\/users\/8"}],"replies":[{"embeddable":true,"href":"https:\/\/kapitalis.com\/tunisie\/wp-json\/wp\/v2\/comments?post=322931"}],"version-history":[{"count":0,"href":"https:\/\/kapitalis.com\/tunisie\/wp-json\/wp\/v2\/posts\/322931\/revisions"}],"wp:featuredmedia":[{"embeddable":true,"href":"https:\/\/kapitalis.com\/tunisie\/wp-json\/wp\/v2\/media\/322932"}],"wp:attachment":[{"href":"https:\/\/kapitalis.com\/tunisie\/wp-json\/wp\/v2\/media?parent=322931"}],"wp:term":[{"taxonomy":"category","embeddable":true,"href":"https:\/\/kapitalis.com\/tunisie\/wp-json\/wp\/v2\/categories?post=322931"},{"taxonomy":"post_tag","embeddable":true,"href":"https:\/\/kapitalis.com\/tunisie\/wp-json\/wp\/v2\/tags?post=322931"}],"curies":[{"name":"wp","href":"https:\/\/api.w.org\/{rel}","templated":true}]}}