{"id":323009,"date":"2020-11-02T17:58:57","date_gmt":"2020-11-02T16:58:57","guid":{"rendered":"http:\/\/kapitalis.com\/tunisie\/?p=323009"},"modified":"2020-11-03T07:35:30","modified_gmt":"2020-11-03T06:35:30","slug":"environnement-premiere-edition-de-la-semaine-des-forets-tunisiennes","status":"publish","type":"post","link":"https:\/\/kapitalis.com\/tunisie\/2020\/11\/02\/environnement-premiere-edition-de-la-semaine-des-forets-tunisiennes\/","title":{"rendered":"Environnement : Premi\u00e8re \u00e9dition de la Semaine des for\u00eats tunisiennes"},"content":{"rendered":"\n<figure class=\"wp-block-image size-large\"><img decoding=\"async\" src=\"http:\/\/kapitalis.com\/tunisie\/wp-content\/uploads\/2020\/11\/Semaine-des-Forets-Tunisiennes.jpg\" alt=\"\" class=\"wp-image-323012\"\/><\/figure>\n\n\n\n<p><strong><em>La Direction g\u00e9n\u00e9rale des For\u00eats, en collaboration avec le bureau du Fonds Mondial pour la Nature (WWF), organise la premi\u00e8re \u00e9dition de la Semaine des for\u00eats tunisiennes. Cet \u00e9v\u00e9nement qui abordera notamment les projets de d\u00e9veloppement forestier, la biodiversit\u00e9 et la conservation des for\u00eats, se d\u00e9roulera en ligne, du 9 au 14 novembre 2020.<\/em><\/strong><\/p>\n\n\n\n<!--more-->\n\n\n\n<p>Cette premi\u00e8re \u00e9dition sera lanc\u00e9e \u00e0 l\u2019occasion de la f\u00eate nationale de l\u2019arbre, afin de r\u00e9unir, autour de plusieurs projets environnementaux, les passionn\u00e9s par la nature en g\u00e9n\u00e9ral et les for\u00eats en particulier, pr\u00e9cisent les organisateurs, en affirmant que cet \u00e9v\u00e9nement pr\u00e9voit plusieurs ateliers, formations et journ\u00e9es portes ouvertes.<\/p>\n\n\n\n<p>\u00ab<em>Diff\u00e9rents th\u00e8mes seront abord\u00e9s, notamment les projets de d\u00e9veloppement forestier, les partenariats pour le d\u00e9veloppement du secteur forestier et pastoral, la biodiversit\u00e9 et la conservation des for\u00eats, les partenariats public-priv\u00e9, la cogestion des for\u00eats, les plans de d\u00e9veloppement communautaire, le d\u00e9veloppement des fili\u00e8res, les cha\u00eenes de valeur des produits forestiers et les changements climatiques\u00bb<\/em>, ajoutent encore les organisateurs en affirmant que des experts de haut niveau participeront \u00e0 cet \u00e9v\u00e9nement environnemental.<\/p>\n\n\n\n<p>Les personnes d\u00e9sireuses de participer \u00e0 sont invit\u00e9es \u00e0 remplir le <a aria-label=\"undefined (s\u2019ouvre dans un nouvel onglet)\" href=\"https:\/\/docs.google.com\/forms\/d\/e\/1FAIpQLScEM5M8YLcr-Ivd1J4ejRR9pg5UqidB3xuYb6Yr-mnPEpSR-Q\/viewform\" target=\"_blank\" rel=\"noreferrer noopener\">formulaire<\/a> mis en place par WWF Tunisie.<\/p>\n\n\n\n<p class=\"has-text-align-right\"><strong>Y. N.<\/strong><\/p>\n","protected":false},"excerpt":{"rendered":"<p>La Direction g\u00e9n\u00e9rale des For\u00eats, en collaboration avec le bureau du Fonds Mondial pour la Nature (WWF), organise la premi\u00e8re \u00e9dition de la Semaine des for\u00eats tunisiennes. Cet \u00e9v\u00e9nement qui abordera notamment les projets de d\u00e9veloppement forestier, la biodiversit\u00e9 et la conservation des for\u00eats, se d\u00e9roulera en ligne, du 9 au 14 novembre 2020.<\/p>\n","protected":false},"author":6,"featured_media":323012,"comment_status":"open","ping_status":"open","sticky":false,"template":"","format":"standard","meta":{"footnotes":""},"categories":[998,2433],"tags":[80708,335,84405,84404,62643,9928],"class_list":["post-323009","post","type-post","status-publish","format-standard","has-post-thumbnail","hentry","category-societe","category-tunisie","tag-biodiversite","tag-environnement","tag-fete-de-larbre","tag-forets-tunisiennes","tag-tunisie","tag-wwf"],"yoast_head":"<!-- This site is optimized with the Yoast SEO plugin v26.6 - https:\/\/yoast.com\/wordpress\/plugins\/seo\/ -->\n<title>Environnement : Premi\u00e8re \u00e9dition de la Semaine des for\u00eats tunisiennes - Kapitalis<\/title>\n<meta name=\"robots\" content=\"index, follow, max-snippet:-1, max-image-preview:large, max-video-preview:-1\" \/>\n<link rel=\"canonical\" href=\"https:\/\/kapitalis.com\/tunisie\/2020\/11\/02\/environnement-premiere-edition-de-la-semaine-des-forets-tunisiennes\/\" \/>\n<meta property=\"og:locale\" content=\"fr_FR\" \/>\n<meta property=\"og:type\" content=\"article\" \/>\n<meta property=\"og:title\" content=\"Environnement : Premi\u00e8re \u00e9dition de la Semaine des for\u00eats tunisiennes - Kapitalis\" \/>\n<meta property=\"og:description\" content=\"La Direction g\u00e9n\u00e9rale des For\u00eats, en collaboration avec le bureau du Fonds Mondial pour la Nature (WWF), organise la premi\u00e8re \u00e9dition de la Semaine des for\u00eats tunisiennes. Cet \u00e9v\u00e9nement qui abordera notamment les projets de d\u00e9veloppement forestier, la biodiversit\u00e9 et la conservation des for\u00eats, se d\u00e9roulera en ligne, du 9 au 14 novembre 2020.\" \/>\n<meta property=\"og:url\" content=\"https:\/\/kapitalis.com\/tunisie\/2020\/11\/02\/environnement-premiere-edition-de-la-semaine-des-forets-tunisiennes\/\" \/>\n<meta property=\"og:site_name\" content=\"Kapitalis\" \/>\n<meta property=\"article:publisher\" content=\"https:\/\/www.facebook.com\/KapitalisInfo\/\" \/>\n<meta property=\"article:published_time\" content=\"2020-11-02T16:58:57+00:00\" \/>\n<meta property=\"article:modified_time\" content=\"2020-11-03T06:35:30+00:00\" \/>\n<meta property=\"og:image\" content=\"https:\/\/kapitalis.com\/tunisie\/wp-content\/uploads\/2022\/05\/kapitalis-logo-fb.png\" \/>\n\t<meta property=\"og:image:width\" content=\"1200\" \/>\n\t<meta property=\"og:image:height\" content=\"630\" \/>\n\t<meta property=\"og:image:type\" content=\"image\/png\" \/>\n<meta name=\"author\" content=\"Yusra NY\" \/>\n<meta name=\"twitter:card\" content=\"summary_large_image\" \/>\n<meta name=\"twitter:creator\" content=\"@KapitalisInfo\" \/>\n<meta name=\"twitter:site\" content=\"@KapitalisInfo\" \/>\n<meta name=\"twitter:label1\" content=\"\u00c9crit par\" \/>\n\t<meta name=\"twitter:data1\" content=\"Yusra NY\" \/>\n\t<meta name=\"twitter:label2\" content=\"Dur\u00e9e de lecture estim\u00e9e\" \/>\n\t<meta name=\"twitter:data2\" content=\"1 minute\" \/>\n<script type=\"application\/ld+json\" class=\"yoast-schema-graph\">{\"@context\":\"https:\/\/schema.org\",\"@graph\":[{\"@type\":\"Article\",\"@id\":\"https:\/\/kapitalis.com\/tunisie\/2020\/11\/02\/environnement-premiere-edition-de-la-semaine-des-forets-tunisiennes\/#article\",\"isPartOf\":{\"@id\":\"https:\/\/kapitalis.com\/tunisie\/2020\/11\/02\/environnement-premiere-edition-de-la-semaine-des-forets-tunisiennes\/\"},\"author\":{\"name\":\"Yusra NY\",\"@id\":\"https:\/\/kapitalis.com\/tunisie\/#\/schema\/person\/74bbde0154d49d790a92aaeac5bc01d5\"},\"headline\":\"Environnement : Premi\u00e8re \u00e9dition de la Semaine des for\u00eats tunisiennes\",\"datePublished\":\"2020-11-02T16:58:57+00:00\",\"dateModified\":\"2020-11-03T06:35:30+00:00\",\"mainEntityOfPage\":{\"@id\":\"https:\/\/kapitalis.com\/tunisie\/2020\/11\/02\/environnement-premiere-edition-de-la-semaine-des-forets-tunisiennes\/\"},\"wordCount\":235,\"commentCount\":0,\"publisher\":{\"@id\":\"https:\/\/kapitalis.com\/tunisie\/#organization\"},\"image\":{\"@id\":\"https:\/\/kapitalis.com\/tunisie\/2020\/11\/02\/environnement-premiere-edition-de-la-semaine-des-forets-tunisiennes\/#primaryimage\"},\"thumbnailUrl\":\"\",\"keywords\":[\"biodiversit\u00e9\",\"environnement\",\"f\u00eate de l'arbre\",\"for\u00eats tunisiennes\",\"Tunisie\",\"WWF\"],\"articleSection\":[\"SOCIETE\",\"Tunisie\"],\"inLanguage\":\"fr-FR\",\"potentialAction\":[{\"@type\":\"CommentAction\",\"name\":\"Comment\",\"target\":[\"https:\/\/kapitalis.com\/tunisie\/2020\/11\/02\/environnement-premiere-edition-de-la-semaine-des-forets-tunisiennes\/#respond\"]}]},{\"@type\":\"WebPage\",\"@id\":\"https:\/\/kapitalis.com\/tunisie\/2020\/11\/02\/environnement-premiere-edition-de-la-semaine-des-forets-tunisiennes\/\",\"url\":\"https:\/\/kapitalis.com\/tunisie\/2020\/11\/02\/environnement-premiere-edition-de-la-semaine-des-forets-tunisiennes\/\",\"name\":\"Environnement : Premi\u00e8re \u00e9dition de la Semaine des for\u00eats tunisiennes - Kapitalis\",\"isPartOf\":{\"@id\":\"https:\/\/kapitalis.com\/tunisie\/#website\"},\"primaryImageOfPage\":{\"@id\":\"https:\/\/kapitalis.com\/tunisie\/2020\/11\/02\/environnement-premiere-edition-de-la-semaine-des-forets-tunisiennes\/#primaryimage\"},\"image\":{\"@id\":\"https:\/\/kapitalis.com\/tunisie\/2020\/11\/02\/environnement-premiere-edition-de-la-semaine-des-forets-tunisiennes\/#primaryimage\"},\"thumbnailUrl\":\"\",\"datePublished\":\"2020-11-02T16:58:57+00:00\",\"dateModified\":\"2020-11-03T06:35:30+00:00\",\"breadcrumb\":{\"@id\":\"https:\/\/kapitalis.com\/tunisie\/2020\/11\/02\/environnement-premiere-edition-de-la-semaine-des-forets-tunisiennes\/#breadcrumb\"},\"inLanguage\":\"fr-FR\",\"potentialAction\":[{\"@type\":\"ReadAction\",\"target\":[\"https:\/\/kapitalis.com\/tunisie\/2020\/11\/02\/environnement-premiere-edition-de-la-semaine-des-forets-tunisiennes\/\"]}]},{\"@type\":\"ImageObject\",\"inLanguage\":\"fr-FR\",\"@id\":\"https:\/\/kapitalis.com\/tunisie\/2020\/11\/02\/environnement-premiere-edition-de-la-semaine-des-forets-tunisiennes\/#primaryimage\",\"url\":\"\",\"contentUrl\":\"\"},{\"@type\":\"BreadcrumbList\",\"@id\":\"https:\/\/kapitalis.com\/tunisie\/2020\/11\/02\/environnement-premiere-edition-de-la-semaine-des-forets-tunisiennes\/#breadcrumb\",\"itemListElement\":[{\"@type\":\"ListItem\",\"position\":1,\"name\":\"Accueil\",\"item\":\"https:\/\/kapitalis.com\/tunisie\/\"},{\"@type\":\"ListItem\",\"position\":2,\"name\":\"Environnement : Premi\u00e8re \u00e9dition de la Semaine des for\u00eats tunisiennes\"}]},{\"@type\":\"WebSite\",\"@id\":\"https:\/\/kapitalis.com\/tunisie\/#website\",\"url\":\"https:\/\/kapitalis.com\/tunisie\/\",\"name\":\"Kapitalis\",\"description\":\"L&#039;actualit\u00e9 en Tunisie et dans le monde\",\"publisher\":{\"@id\":\"https:\/\/kapitalis.com\/tunisie\/#organization\"},\"potentialAction\":[{\"@type\":\"SearchAction\",\"target\":{\"@type\":\"EntryPoint\",\"urlTemplate\":\"https:\/\/kapitalis.com\/tunisie\/?s={search_term_string}\"},\"query-input\":{\"@type\":\"PropertyValueSpecification\",\"valueRequired\":true,\"valueName\":\"search_term_string\"}}],\"inLanguage\":\"fr-FR\"},{\"@type\":\"Organization\",\"@id\":\"https:\/\/kapitalis.com\/tunisie\/#organization\",\"name\":\"Kapitalis\",\"url\":\"https:\/\/kapitalis.com\/tunisie\/\",\"logo\":{\"@type\":\"ImageObject\",\"inLanguage\":\"fr-FR\",\"@id\":\"https:\/\/kapitalis.com\/tunisie\/#\/schema\/logo\/image\/\",\"url\":\"https:\/\/kapitalis.com\/tunisie\/wp-content\/uploads\/2022\/05\/Kapitalis-big-size.png\",\"contentUrl\":\"https:\/\/kapitalis.com\/tunisie\/wp-content\/uploads\/2022\/05\/Kapitalis-big-size.png\",\"width\":5000,\"height\":1500,\"caption\":\"Kapitalis\"},\"image\":{\"@id\":\"https:\/\/kapitalis.com\/tunisie\/#\/schema\/logo\/image\/\"},\"sameAs\":[\"https:\/\/www.facebook.com\/KapitalisInfo\/\",\"https:\/\/x.com\/KapitalisInfo\",\"https:\/\/www.youtube.com\/channel\/UC-yDYrHyfFBWWZaOw3FPg9Q\"]},{\"@type\":\"Person\",\"@id\":\"https:\/\/kapitalis.com\/tunisie\/#\/schema\/person\/74bbde0154d49d790a92aaeac5bc01d5\",\"name\":\"Yusra NY\",\"url\":\"https:\/\/kapitalis.com\/tunisie\/author\/yuza_adam\/\"}]}<\/script>\n<!-- \/ Yoast SEO plugin. -->","yoast_head_json":{"title":"Environnement : Premi\u00e8re \u00e9dition de la Semaine des for\u00eats tunisiennes - Kapitalis","robots":{"index":"index","follow":"follow","max-snippet":"max-snippet:-1","max-image-preview":"max-image-preview:large","max-video-preview":"max-video-preview:-1"},"canonical":"https:\/\/kapitalis.com\/tunisie\/2020\/11\/02\/environnement-premiere-edition-de-la-semaine-des-forets-tunisiennes\/","og_locale":"fr_FR","og_type":"article","og_title":"Environnement : Premi\u00e8re \u00e9dition de la Semaine des for\u00eats tunisiennes - Kapitalis","og_description":"La Direction g\u00e9n\u00e9rale des For\u00eats, en collaboration avec le bureau du Fonds Mondial pour la Nature (WWF), organise la premi\u00e8re \u00e9dition de la Semaine des for\u00eats tunisiennes. Cet \u00e9v\u00e9nement qui abordera notamment les projets de d\u00e9veloppement forestier, la biodiversit\u00e9 et la conservation des for\u00eats, se d\u00e9roulera en ligne, du 9 au 14 novembre 2020.","og_url":"https:\/\/kapitalis.com\/tunisie\/2020\/11\/02\/environnement-premiere-edition-de-la-semaine-des-forets-tunisiennes\/","og_site_name":"Kapitalis","article_publisher":"https:\/\/www.facebook.com\/KapitalisInfo\/","article_published_time":"2020-11-02T16:58:57+00:00","article_modified_time":"2020-11-03T06:35:30+00:00","og_image":[{"width":1200,"height":630,"url":"https:\/\/kapitalis.com\/tunisie\/wp-content\/uploads\/2022\/05\/kapitalis-logo-fb.png","type":"image\/png"}],"author":"Yusra NY","twitter_card":"summary_large_image","twitter_creator":"@KapitalisInfo","twitter_site":"@KapitalisInfo","twitter_misc":{"\u00c9crit par":"Yusra NY","Dur\u00e9e de lecture estim\u00e9e":"1 minute"},"schema":{"@context":"https:\/\/schema.org","@graph":[{"@type":"Article","@id":"https:\/\/kapitalis.com\/tunisie\/2020\/11\/02\/environnement-premiere-edition-de-la-semaine-des-forets-tunisiennes\/#article","isPartOf":{"@id":"https:\/\/kapitalis.com\/tunisie\/2020\/11\/02\/environnement-premiere-edition-de-la-semaine-des-forets-tunisiennes\/"},"author":{"name":"Yusra NY","@id":"https:\/\/kapitalis.com\/tunisie\/#\/schema\/person\/74bbde0154d49d790a92aaeac5bc01d5"},"headline":"Environnement : Premi\u00e8re \u00e9dition de la Semaine des for\u00eats tunisiennes","datePublished":"2020-11-02T16:58:57+00:00","dateModified":"2020-11-03T06:35:30+00:00","mainEntityOfPage":{"@id":"https:\/\/kapitalis.com\/tunisie\/2020\/11\/02\/environnement-premiere-edition-de-la-semaine-des-forets-tunisiennes\/"},"wordCount":235,"commentCount":0,"publisher":{"@id":"https:\/\/kapitalis.com\/tunisie\/#organization"},"image":{"@id":"https:\/\/kapitalis.com\/tunisie\/2020\/11\/02\/environnement-premiere-edition-de-la-semaine-des-forets-tunisiennes\/#primaryimage"},"thumbnailUrl":"","keywords":["biodiversit\u00e9","environnement","f\u00eate de l'arbre","for\u00eats tunisiennes","Tunisie","WWF"],"articleSection":["SOCIETE","Tunisie"],"inLanguage":"fr-FR","potentialAction":[{"@type":"CommentAction","name":"Comment","target":["https:\/\/kapitalis.com\/tunisie\/2020\/11\/02\/environnement-premiere-edition-de-la-semaine-des-forets-tunisiennes\/#respond"]}]},{"@type":"WebPage","@id":"https:\/\/kapitalis.com\/tunisie\/2020\/11\/02\/environnement-premiere-edition-de-la-semaine-des-forets-tunisiennes\/","url":"https:\/\/kapitalis.com\/tunisie\/2020\/11\/02\/environnement-premiere-edition-de-la-semaine-des-forets-tunisiennes\/","name":"Environnement : Premi\u00e8re \u00e9dition de la Semaine des for\u00eats tunisiennes - Kapitalis","isPartOf":{"@id":"https:\/\/kapitalis.com\/tunisie\/#website"},"primaryImageOfPage":{"@id":"https:\/\/kapitalis.com\/tunisie\/2020\/11\/02\/environnement-premiere-edition-de-la-semaine-des-forets-tunisiennes\/#primaryimage"},"image":{"@id":"https:\/\/kapitalis.com\/tunisie\/2020\/11\/02\/environnement-premiere-edition-de-la-semaine-des-forets-tunisiennes\/#primaryimage"},"thumbnailUrl":"","datePublished":"2020-11-02T16:58:57+00:00","dateModified":"2020-11-03T06:35:30+00:00","breadcrumb":{"@id":"https:\/\/kapitalis.com\/tunisie\/2020\/11\/02\/environnement-premiere-edition-de-la-semaine-des-forets-tunisiennes\/#breadcrumb"},"inLanguage":"fr-FR","potentialAction":[{"@type":"ReadAction","target":["https:\/\/kapitalis.com\/tunisie\/2020\/11\/02\/environnement-premiere-edition-de-la-semaine-des-forets-tunisiennes\/"]}]},{"@type":"ImageObject","inLanguage":"fr-FR","@id":"https:\/\/kapitalis.com\/tunisie\/2020\/11\/02\/environnement-premiere-edition-de-la-semaine-des-forets-tunisiennes\/#primaryimage","url":"","contentUrl":""},{"@type":"BreadcrumbList","@id":"https:\/\/kapitalis.com\/tunisie\/2020\/11\/02\/environnement-premiere-edition-de-la-semaine-des-forets-tunisiennes\/#breadcrumb","itemListElement":[{"@type":"ListItem","position":1,"name":"Accueil","item":"https:\/\/kapitalis.com\/tunisie\/"},{"@type":"ListItem","position":2,"name":"Environnement : Premi\u00e8re \u00e9dition de la Semaine des for\u00eats tunisiennes"}]},{"@type":"WebSite","@id":"https:\/\/kapitalis.com\/tunisie\/#website","url":"https:\/\/kapitalis.com\/tunisie\/","name":"Kapitalis","description":"L&#039;actualit\u00e9 en Tunisie et dans le monde","publisher":{"@id":"https:\/\/kapitalis.com\/tunisie\/#organization"},"potentialAction":[{"@type":"SearchAction","target":{"@type":"EntryPoint","urlTemplate":"https:\/\/kapitalis.com\/tunisie\/?s={search_term_string}"},"query-input":{"@type":"PropertyValueSpecification","valueRequired":true,"valueName":"search_term_string"}}],"inLanguage":"fr-FR"},{"@type":"Organization","@id":"https:\/\/kapitalis.com\/tunisie\/#organization","name":"Kapitalis","url":"https:\/\/kapitalis.com\/tunisie\/","logo":{"@type":"ImageObject","inLanguage":"fr-FR","@id":"https:\/\/kapitalis.com\/tunisie\/#\/schema\/logo\/image\/","url":"https:\/\/kapitalis.com\/tunisie\/wp-content\/uploads\/2022\/05\/Kapitalis-big-size.png","contentUrl":"https:\/\/kapitalis.com\/tunisie\/wp-content\/uploads\/2022\/05\/Kapitalis-big-size.png","width":5000,"height":1500,"caption":"Kapitalis"},"image":{"@id":"https:\/\/kapitalis.com\/tunisie\/#\/schema\/logo\/image\/"},"sameAs":["https:\/\/www.facebook.com\/KapitalisInfo\/","https:\/\/x.com\/KapitalisInfo","https:\/\/www.youtube.com\/channel\/UC-yDYrHyfFBWWZaOw3FPg9Q"]},{"@type":"Person","@id":"https:\/\/kapitalis.com\/tunisie\/#\/schema\/person\/74bbde0154d49d790a92aaeac5bc01d5","name":"Yusra NY","url":"https:\/\/kapitalis.com\/tunisie\/author\/yuza_adam\/"}]}},"_links":{"self":[{"href":"https:\/\/kapitalis.com\/tunisie\/wp-json\/wp\/v2\/posts\/323009","targetHints":{"allow":["GET"]}}],"collection":[{"href":"https:\/\/kapitalis.com\/tunisie\/wp-json\/wp\/v2\/posts"}],"about":[{"href":"https:\/\/kapitalis.com\/tunisie\/wp-json\/wp\/v2\/types\/post"}],"author":[{"embeddable":true,"href":"https:\/\/kapitalis.com\/tunisie\/wp-json\/wp\/v2\/users\/6"}],"replies":[{"embeddable":true,"href":"https:\/\/kapitalis.com\/tunisie\/wp-json\/wp\/v2\/comments?post=323009"}],"version-history":[{"count":0,"href":"https:\/\/kapitalis.com\/tunisie\/wp-json\/wp\/v2\/posts\/323009\/revisions"}],"wp:featuredmedia":[{"embeddable":true,"href":"https:\/\/kapitalis.com\/tunisie\/wp-json\/wp\/v2\/media\/323012"}],"wp:attachment":[{"href":"https:\/\/kapitalis.com\/tunisie\/wp-json\/wp\/v2\/media?parent=323009"}],"wp:term":[{"taxonomy":"category","embeddable":true,"href":"https:\/\/kapitalis.com\/tunisie\/wp-json\/wp\/v2\/categories?post=323009"},{"taxonomy":"post_tag","embeddable":true,"href":"https:\/\/kapitalis.com\/tunisie\/wp-json\/wp\/v2\/tags?post=323009"}],"curies":[{"name":"wp","href":"https:\/\/api.w.org\/{rel}","templated":true}]}}