{"id":323044,"date":"2020-11-02T21:19:42","date_gmt":"2020-11-02T20:19:42","guid":{"rendered":"http:\/\/kapitalis.com\/tunisie\/?p=323044"},"modified":"2020-11-03T07:51:35","modified_gmt":"2020-11-03T06:51:35","slug":"brahim-issaoui-lauteur-de-lattaque-de-nice-teste-positif-au-coronavirus","status":"publish","type":"post","link":"https:\/\/kapitalis.com\/tunisie\/2020\/11\/02\/brahim-issaoui-lauteur-de-lattaque-de-nice-teste-positif-au-coronavirus\/","title":{"rendered":"Brahim Issaoui, l&rsquo;auteur de l&rsquo;attaque de Nice, test\u00e9 positif au coronavirus"},"content":{"rendered":"\n<figure class=\"wp-block-image size-large\"><img decoding=\"async\" src=\"http:\/\/kapitalis.com\/tunisie\/wp-content\/uploads\/2020\/11\/brahim-issaoui.jpg\" alt=\"\" class=\"wp-image-323048\"\/><\/figure>\n\n\n\n<p><strong><em>Brahim Issaoui, le Tunisien de 21 ans, auteur de l&rsquo;attaque au couteau perp\u00e9tr\u00e9e jeudi 29 octobre 2020, dans la basilique Notre-Dame-de-l&rsquo;Assomption \u00e0 Nice en France, a \u00e9t\u00e9 test\u00e9 positif au coronavirus.<\/em><\/strong><\/p>\n\n\n\n<!--more-->\n\n\n\n<p>C&rsquo;est ce que rapporte le journal fran\u00e7ais \u00ab<em>Le Figaro<\/em>\u00bb, dans un <a aria-label=\"undefined (s\u2019ouvre dans un nouvel onglet)\" href=\"https:\/\/www.lefigaro.fr\/flash-actu\/le-terroriste-de-nice-positif-au-covid-20201102\" target=\"_blank\" rel=\"noreferrer noopener\">article<\/a> publi\u00e9 ce lundi 3 novembre 2020, en pr\u00e9cisant que les pompiers qui avaient pris en charge l&rsquo;assaillant, apr\u00e8s que des policiers municipaux, l&rsquo;aient neutralis\u00e9 en le blessant par balles, <em>\u00absont consid\u00e9r\u00e9s comme des cas contacts et doivent donc s&rsquo;isoler\u00bb.<\/em><\/p>\n\n\n\n<p>Rappelons que le pronostic vital de Brahim Issaoui, qui est toujours hospitalis\u00e9, n&rsquo;est plus engag\u00e9 et que les enqu\u00eateurs pourraient l\u2019interroger, sachant qu&rsquo;un autre Tunisien de 29 ans, soup\u00e7onn\u00e9 d&rsquo;avoir fait le m\u00eame trajet migratoire depuis la Tunisie et d&rsquo;avoir s\u00e9journ\u00e9 avec son compatriote en Italie avant de le retrouver en France, est toujours en garde \u00e0 vue.<\/p>\n\n\n\n<p>Notons qu&rsquo;une enqu\u00eate a \u00e9galement \u00e9t\u00e9 ouverte en Tunisie par le p\u00f4le judiciaire antiterroriste, et que deux individus ayant publi\u00e9 une vid\u00e9o pour revendiquer l&rsquo;attaque ont \u00e9t\u00e9 arr\u00eat\u00e9s et plac\u00e9s en d\u00e9tention provisoire de 15 jours pour les besoins de l&rsquo;enqu\u00eate.<\/p>\n\n\n\n<p class=\"has-text-align-right\"><strong>Y. N.<\/strong><\/p>\n\n\n\n<figure class=\"wp-block-embed-wordpress wp-block-embed is-type-wp-embed is-provider-kapitalis\"><div class=\"wp-block-embed__wrapper\">\n<blockquote class=\"wp-embedded-content\" data-secret=\"ZL9N21glZN\"><a href=\"https:\/\/kapitalis.com\/tunisie\/2020\/11\/01\/gerald-darmanin-brahim-aouissaoui-nest-visiblement-pas-venu-pour-obtenir-des-papiers\/\">G\u00e9rald Darmanin : Brahim Aouissaoui \u00abn\u2019est visiblement pas venu pour obtenir des papiers\u00bb<\/a><\/blockquote><iframe loading=\"lazy\" class=\"wp-embedded-content\" sandbox=\"allow-scripts\" security=\"restricted\" style=\"position: absolute; clip: rect(1px, 1px, 1px, 1px);\" title=\"\u00ab\u00a0G\u00e9rald Darmanin : Brahim Aouissaoui \u00abn\u2019est visiblement pas venu pour obtenir des papiers\u00bb\u00a0\u00bb &#8212; Kapitalis\" src=\"https:\/\/kapitalis.com\/tunisie\/2020\/11\/01\/gerald-darmanin-brahim-aouissaoui-nest-visiblement-pas-venu-pour-obtenir-des-papiers\/embed\/#?secret=erTSVGahvo#?secret=ZL9N21glZN\" data-secret=\"ZL9N21glZN\" width=\"600\" height=\"338\" frameborder=\"0\" marginwidth=\"0\" marginheight=\"0\" scrolling=\"no\"><\/iframe>\n<\/div><\/figure>\n\n\n\n<figure class=\"wp-block-embed-wordpress wp-block-embed is-type-wp-embed is-provider-kapitalis\"><div class=\"wp-block-embed__wrapper\">\n<blockquote class=\"wp-embedded-content\" data-secret=\"oa14dibhtx\"><a href=\"https:\/\/kapitalis.com\/tunisie\/2020\/11\/01\/attentat-de-nice-un-tunisien-relache-un-autre-maintenu-en-garde-a-vue\/\">Attentat de Nice : Un Tunisien rel\u00e2ch\u00e9, un autre maintenu en garde \u00e0 vue<\/a><\/blockquote><iframe loading=\"lazy\" class=\"wp-embedded-content\" sandbox=\"allow-scripts\" security=\"restricted\" style=\"position: absolute; clip: rect(1px, 1px, 1px, 1px);\" title=\"\u00ab\u00a0Attentat de Nice : Un Tunisien rel\u00e2ch\u00e9, un autre maintenu en garde \u00e0 vue\u00a0\u00bb &#8212; Kapitalis\" src=\"https:\/\/kapitalis.com\/tunisie\/2020\/11\/01\/attentat-de-nice-un-tunisien-relache-un-autre-maintenu-en-garde-a-vue\/embed\/#?secret=n9MCaahnlY#?secret=oa14dibhtx\" data-secret=\"oa14dibhtx\" width=\"600\" height=\"338\" frameborder=\"0\" marginwidth=\"0\" marginheight=\"0\" scrolling=\"no\"><\/iframe>\n<\/div><\/figure>\n","protected":false},"excerpt":{"rendered":"<p>Brahim Issaoui, le Tunisien de 21 ans, auteur de l&rsquo;attaque au couteau perp\u00e9tr\u00e9e jeudi 29 octobre 2020, dans la basilique Notre-Dame-de-l&rsquo;Assomption \u00e0 Nice en France, a \u00e9t\u00e9 test\u00e9 positif au coronavirus.<\/p>\n","protected":false},"author":6,"featured_media":323048,"comment_status":"open","ping_status":"open","sticky":false,"template":"","format":"standard","meta":{"footnotes":""},"categories":[998,2433],"tags":[84285,84349,73060,395,15920,898,931],"class_list":["post-323044","post","type-post","status-publish","format-standard","has-post-thumbnail","hentry","category-societe","category-tunisie","tag-attaque-couteau","tag-brahim-issaoui","tag-coronavirus","tag-france","tag-nice","tag-terroriste","tag-tunisien"],"yoast_head":"<!-- This site is optimized with the Yoast SEO plugin v26.6 - https:\/\/yoast.com\/wordpress\/plugins\/seo\/ -->\n<title>Brahim Issaoui, l&#039;auteur de l&#039;attaque de Nice, test\u00e9 positif au coronavirus - Kapitalis<\/title>\n<meta name=\"robots\" content=\"index, follow, max-snippet:-1, max-image-preview:large, max-video-preview:-1\" \/>\n<link rel=\"canonical\" href=\"https:\/\/kapitalis.com\/tunisie\/2020\/11\/02\/brahim-issaoui-lauteur-de-lattaque-de-nice-teste-positif-au-coronavirus\/\" \/>\n<meta property=\"og:locale\" content=\"fr_FR\" \/>\n<meta property=\"og:type\" content=\"article\" \/>\n<meta property=\"og:title\" content=\"Brahim Issaoui, l&#039;auteur de l&#039;attaque de Nice, test\u00e9 positif au coronavirus - Kapitalis\" \/>\n<meta property=\"og:description\" content=\"Brahim Issaoui, le Tunisien de 21 ans, auteur de l&rsquo;attaque au couteau perp\u00e9tr\u00e9e jeudi 29 octobre 2020, dans la basilique Notre-Dame-de-l&rsquo;Assomption \u00e0 Nice en France, a \u00e9t\u00e9 test\u00e9 positif au coronavirus.\" \/>\n<meta property=\"og:url\" content=\"https:\/\/kapitalis.com\/tunisie\/2020\/11\/02\/brahim-issaoui-lauteur-de-lattaque-de-nice-teste-positif-au-coronavirus\/\" \/>\n<meta property=\"og:site_name\" content=\"Kapitalis\" \/>\n<meta property=\"article:publisher\" content=\"https:\/\/www.facebook.com\/KapitalisInfo\/\" \/>\n<meta property=\"article:published_time\" content=\"2020-11-02T20:19:42+00:00\" \/>\n<meta property=\"article:modified_time\" content=\"2020-11-03T06:51:35+00:00\" \/>\n<meta property=\"og:image\" content=\"https:\/\/kapitalis.com\/tunisie\/wp-content\/uploads\/2022\/05\/kapitalis-logo-fb.png\" \/>\n\t<meta property=\"og:image:width\" content=\"1200\" \/>\n\t<meta property=\"og:image:height\" content=\"630\" \/>\n\t<meta property=\"og:image:type\" content=\"image\/png\" \/>\n<meta name=\"author\" content=\"Yusra NY\" \/>\n<meta name=\"twitter:card\" content=\"summary_large_image\" \/>\n<meta name=\"twitter:creator\" content=\"@KapitalisInfo\" \/>\n<meta name=\"twitter:site\" content=\"@KapitalisInfo\" \/>\n<meta name=\"twitter:label1\" content=\"\u00c9crit par\" \/>\n\t<meta name=\"twitter:data1\" content=\"Yusra NY\" \/>\n\t<meta name=\"twitter:label2\" content=\"Dur\u00e9e de lecture estim\u00e9e\" \/>\n\t<meta name=\"twitter:data2\" content=\"1 minute\" \/>\n<script type=\"application\/ld+json\" class=\"yoast-schema-graph\">{\"@context\":\"https:\/\/schema.org\",\"@graph\":[{\"@type\":\"Article\",\"@id\":\"https:\/\/kapitalis.com\/tunisie\/2020\/11\/02\/brahim-issaoui-lauteur-de-lattaque-de-nice-teste-positif-au-coronavirus\/#article\",\"isPartOf\":{\"@id\":\"https:\/\/kapitalis.com\/tunisie\/2020\/11\/02\/brahim-issaoui-lauteur-de-lattaque-de-nice-teste-positif-au-coronavirus\/\"},\"author\":{\"name\":\"Yusra NY\",\"@id\":\"https:\/\/kapitalis.com\/tunisie\/#\/schema\/person\/74bbde0154d49d790a92aaeac5bc01d5\"},\"headline\":\"Brahim Issaoui, l&rsquo;auteur de l&rsquo;attaque de Nice, test\u00e9 positif au coronavirus\",\"datePublished\":\"2020-11-02T20:19:42+00:00\",\"dateModified\":\"2020-11-03T06:51:35+00:00\",\"mainEntityOfPage\":{\"@id\":\"https:\/\/kapitalis.com\/tunisie\/2020\/11\/02\/brahim-issaoui-lauteur-de-lattaque-de-nice-teste-positif-au-coronavirus\/\"},\"wordCount\":215,\"commentCount\":4,\"publisher\":{\"@id\":\"https:\/\/kapitalis.com\/tunisie\/#organization\"},\"image\":{\"@id\":\"https:\/\/kapitalis.com\/tunisie\/2020\/11\/02\/brahim-issaoui-lauteur-de-lattaque-de-nice-teste-positif-au-coronavirus\/#primaryimage\"},\"thumbnailUrl\":\"\",\"keywords\":[\"attaque couteau\",\"Brahim Issaoui\",\"Coronavirus\",\"France\",\"Nice\",\"terroriste\",\"Tunisien\"],\"articleSection\":[\"SOCIETE\",\"Tunisie\"],\"inLanguage\":\"fr-FR\",\"potentialAction\":[{\"@type\":\"CommentAction\",\"name\":\"Comment\",\"target\":[\"https:\/\/kapitalis.com\/tunisie\/2020\/11\/02\/brahim-issaoui-lauteur-de-lattaque-de-nice-teste-positif-au-coronavirus\/#respond\"]}]},{\"@type\":\"WebPage\",\"@id\":\"https:\/\/kapitalis.com\/tunisie\/2020\/11\/02\/brahim-issaoui-lauteur-de-lattaque-de-nice-teste-positif-au-coronavirus\/\",\"url\":\"https:\/\/kapitalis.com\/tunisie\/2020\/11\/02\/brahim-issaoui-lauteur-de-lattaque-de-nice-teste-positif-au-coronavirus\/\",\"name\":\"Brahim Issaoui, l'auteur de l'attaque de Nice, test\u00e9 positif au coronavirus - Kapitalis\",\"isPartOf\":{\"@id\":\"https:\/\/kapitalis.com\/tunisie\/#website\"},\"primaryImageOfPage\":{\"@id\":\"https:\/\/kapitalis.com\/tunisie\/2020\/11\/02\/brahim-issaoui-lauteur-de-lattaque-de-nice-teste-positif-au-coronavirus\/#primaryimage\"},\"image\":{\"@id\":\"https:\/\/kapitalis.com\/tunisie\/2020\/11\/02\/brahim-issaoui-lauteur-de-lattaque-de-nice-teste-positif-au-coronavirus\/#primaryimage\"},\"thumbnailUrl\":\"\",\"datePublished\":\"2020-11-02T20:19:42+00:00\",\"dateModified\":\"2020-11-03T06:51:35+00:00\",\"breadcrumb\":{\"@id\":\"https:\/\/kapitalis.com\/tunisie\/2020\/11\/02\/brahim-issaoui-lauteur-de-lattaque-de-nice-teste-positif-au-coronavirus\/#breadcrumb\"},\"inLanguage\":\"fr-FR\",\"potentialAction\":[{\"@type\":\"ReadAction\",\"target\":[\"https:\/\/kapitalis.com\/tunisie\/2020\/11\/02\/brahim-issaoui-lauteur-de-lattaque-de-nice-teste-positif-au-coronavirus\/\"]}]},{\"@type\":\"ImageObject\",\"inLanguage\":\"fr-FR\",\"@id\":\"https:\/\/kapitalis.com\/tunisie\/2020\/11\/02\/brahim-issaoui-lauteur-de-lattaque-de-nice-teste-positif-au-coronavirus\/#primaryimage\",\"url\":\"\",\"contentUrl\":\"\"},{\"@type\":\"BreadcrumbList\",\"@id\":\"https:\/\/kapitalis.com\/tunisie\/2020\/11\/02\/brahim-issaoui-lauteur-de-lattaque-de-nice-teste-positif-au-coronavirus\/#breadcrumb\",\"itemListElement\":[{\"@type\":\"ListItem\",\"position\":1,\"name\":\"Accueil\",\"item\":\"https:\/\/kapitalis.com\/tunisie\/\"},{\"@type\":\"ListItem\",\"position\":2,\"name\":\"Brahim Issaoui, l&rsquo;auteur de l&rsquo;attaque de Nice, test\u00e9 positif au coronavirus\"}]},{\"@type\":\"WebSite\",\"@id\":\"https:\/\/kapitalis.com\/tunisie\/#website\",\"url\":\"https:\/\/kapitalis.com\/tunisie\/\",\"name\":\"Kapitalis\",\"description\":\"L&#039;actualit\u00e9 en Tunisie et dans le monde\",\"publisher\":{\"@id\":\"https:\/\/kapitalis.com\/tunisie\/#organization\"},\"potentialAction\":[{\"@type\":\"SearchAction\",\"target\":{\"@type\":\"EntryPoint\",\"urlTemplate\":\"https:\/\/kapitalis.com\/tunisie\/?s={search_term_string}\"},\"query-input\":{\"@type\":\"PropertyValueSpecification\",\"valueRequired\":true,\"valueName\":\"search_term_string\"}}],\"inLanguage\":\"fr-FR\"},{\"@type\":\"Organization\",\"@id\":\"https:\/\/kapitalis.com\/tunisie\/#organization\",\"name\":\"Kapitalis\",\"url\":\"https:\/\/kapitalis.com\/tunisie\/\",\"logo\":{\"@type\":\"ImageObject\",\"inLanguage\":\"fr-FR\",\"@id\":\"https:\/\/kapitalis.com\/tunisie\/#\/schema\/logo\/image\/\",\"url\":\"https:\/\/kapitalis.com\/tunisie\/wp-content\/uploads\/2022\/05\/Kapitalis-big-size.png\",\"contentUrl\":\"https:\/\/kapitalis.com\/tunisie\/wp-content\/uploads\/2022\/05\/Kapitalis-big-size.png\",\"width\":5000,\"height\":1500,\"caption\":\"Kapitalis\"},\"image\":{\"@id\":\"https:\/\/kapitalis.com\/tunisie\/#\/schema\/logo\/image\/\"},\"sameAs\":[\"https:\/\/www.facebook.com\/KapitalisInfo\/\",\"https:\/\/x.com\/KapitalisInfo\",\"https:\/\/www.youtube.com\/channel\/UC-yDYrHyfFBWWZaOw3FPg9Q\"]},{\"@type\":\"Person\",\"@id\":\"https:\/\/kapitalis.com\/tunisie\/#\/schema\/person\/74bbde0154d49d790a92aaeac5bc01d5\",\"name\":\"Yusra NY\",\"url\":\"https:\/\/kapitalis.com\/tunisie\/author\/yuza_adam\/\"}]}<\/script>\n<!-- \/ Yoast SEO plugin. -->","yoast_head_json":{"title":"Brahim Issaoui, l'auteur de l'attaque de Nice, test\u00e9 positif au coronavirus - Kapitalis","robots":{"index":"index","follow":"follow","max-snippet":"max-snippet:-1","max-image-preview":"max-image-preview:large","max-video-preview":"max-video-preview:-1"},"canonical":"https:\/\/kapitalis.com\/tunisie\/2020\/11\/02\/brahim-issaoui-lauteur-de-lattaque-de-nice-teste-positif-au-coronavirus\/","og_locale":"fr_FR","og_type":"article","og_title":"Brahim Issaoui, l'auteur de l'attaque de Nice, test\u00e9 positif au coronavirus - Kapitalis","og_description":"Brahim Issaoui, le Tunisien de 21 ans, auteur de l&rsquo;attaque au couteau perp\u00e9tr\u00e9e jeudi 29 octobre 2020, dans la basilique Notre-Dame-de-l&rsquo;Assomption \u00e0 Nice en France, a \u00e9t\u00e9 test\u00e9 positif au coronavirus.","og_url":"https:\/\/kapitalis.com\/tunisie\/2020\/11\/02\/brahim-issaoui-lauteur-de-lattaque-de-nice-teste-positif-au-coronavirus\/","og_site_name":"Kapitalis","article_publisher":"https:\/\/www.facebook.com\/KapitalisInfo\/","article_published_time":"2020-11-02T20:19:42+00:00","article_modified_time":"2020-11-03T06:51:35+00:00","og_image":[{"width":1200,"height":630,"url":"https:\/\/kapitalis.com\/tunisie\/wp-content\/uploads\/2022\/05\/kapitalis-logo-fb.png","type":"image\/png"}],"author":"Yusra NY","twitter_card":"summary_large_image","twitter_creator":"@KapitalisInfo","twitter_site":"@KapitalisInfo","twitter_misc":{"\u00c9crit par":"Yusra NY","Dur\u00e9e de lecture estim\u00e9e":"1 minute"},"schema":{"@context":"https:\/\/schema.org","@graph":[{"@type":"Article","@id":"https:\/\/kapitalis.com\/tunisie\/2020\/11\/02\/brahim-issaoui-lauteur-de-lattaque-de-nice-teste-positif-au-coronavirus\/#article","isPartOf":{"@id":"https:\/\/kapitalis.com\/tunisie\/2020\/11\/02\/brahim-issaoui-lauteur-de-lattaque-de-nice-teste-positif-au-coronavirus\/"},"author":{"name":"Yusra NY","@id":"https:\/\/kapitalis.com\/tunisie\/#\/schema\/person\/74bbde0154d49d790a92aaeac5bc01d5"},"headline":"Brahim Issaoui, l&rsquo;auteur de l&rsquo;attaque de Nice, test\u00e9 positif au coronavirus","datePublished":"2020-11-02T20:19:42+00:00","dateModified":"2020-11-03T06:51:35+00:00","mainEntityOfPage":{"@id":"https:\/\/kapitalis.com\/tunisie\/2020\/11\/02\/brahim-issaoui-lauteur-de-lattaque-de-nice-teste-positif-au-coronavirus\/"},"wordCount":215,"commentCount":4,"publisher":{"@id":"https:\/\/kapitalis.com\/tunisie\/#organization"},"image":{"@id":"https:\/\/kapitalis.com\/tunisie\/2020\/11\/02\/brahim-issaoui-lauteur-de-lattaque-de-nice-teste-positif-au-coronavirus\/#primaryimage"},"thumbnailUrl":"","keywords":["attaque couteau","Brahim Issaoui","Coronavirus","France","Nice","terroriste","Tunisien"],"articleSection":["SOCIETE","Tunisie"],"inLanguage":"fr-FR","potentialAction":[{"@type":"CommentAction","name":"Comment","target":["https:\/\/kapitalis.com\/tunisie\/2020\/11\/02\/brahim-issaoui-lauteur-de-lattaque-de-nice-teste-positif-au-coronavirus\/#respond"]}]},{"@type":"WebPage","@id":"https:\/\/kapitalis.com\/tunisie\/2020\/11\/02\/brahim-issaoui-lauteur-de-lattaque-de-nice-teste-positif-au-coronavirus\/","url":"https:\/\/kapitalis.com\/tunisie\/2020\/11\/02\/brahim-issaoui-lauteur-de-lattaque-de-nice-teste-positif-au-coronavirus\/","name":"Brahim Issaoui, l'auteur de l'attaque de Nice, test\u00e9 positif au coronavirus - Kapitalis","isPartOf":{"@id":"https:\/\/kapitalis.com\/tunisie\/#website"},"primaryImageOfPage":{"@id":"https:\/\/kapitalis.com\/tunisie\/2020\/11\/02\/brahim-issaoui-lauteur-de-lattaque-de-nice-teste-positif-au-coronavirus\/#primaryimage"},"image":{"@id":"https:\/\/kapitalis.com\/tunisie\/2020\/11\/02\/brahim-issaoui-lauteur-de-lattaque-de-nice-teste-positif-au-coronavirus\/#primaryimage"},"thumbnailUrl":"","datePublished":"2020-11-02T20:19:42+00:00","dateModified":"2020-11-03T06:51:35+00:00","breadcrumb":{"@id":"https:\/\/kapitalis.com\/tunisie\/2020\/11\/02\/brahim-issaoui-lauteur-de-lattaque-de-nice-teste-positif-au-coronavirus\/#breadcrumb"},"inLanguage":"fr-FR","potentialAction":[{"@type":"ReadAction","target":["https:\/\/kapitalis.com\/tunisie\/2020\/11\/02\/brahim-issaoui-lauteur-de-lattaque-de-nice-teste-positif-au-coronavirus\/"]}]},{"@type":"ImageObject","inLanguage":"fr-FR","@id":"https:\/\/kapitalis.com\/tunisie\/2020\/11\/02\/brahim-issaoui-lauteur-de-lattaque-de-nice-teste-positif-au-coronavirus\/#primaryimage","url":"","contentUrl":""},{"@type":"BreadcrumbList","@id":"https:\/\/kapitalis.com\/tunisie\/2020\/11\/02\/brahim-issaoui-lauteur-de-lattaque-de-nice-teste-positif-au-coronavirus\/#breadcrumb","itemListElement":[{"@type":"ListItem","position":1,"name":"Accueil","item":"https:\/\/kapitalis.com\/tunisie\/"},{"@type":"ListItem","position":2,"name":"Brahim Issaoui, l&rsquo;auteur de l&rsquo;attaque de Nice, test\u00e9 positif au coronavirus"}]},{"@type":"WebSite","@id":"https:\/\/kapitalis.com\/tunisie\/#website","url":"https:\/\/kapitalis.com\/tunisie\/","name":"Kapitalis","description":"L&#039;actualit\u00e9 en Tunisie et dans le monde","publisher":{"@id":"https:\/\/kapitalis.com\/tunisie\/#organization"},"potentialAction":[{"@type":"SearchAction","target":{"@type":"EntryPoint","urlTemplate":"https:\/\/kapitalis.com\/tunisie\/?s={search_term_string}"},"query-input":{"@type":"PropertyValueSpecification","valueRequired":true,"valueName":"search_term_string"}}],"inLanguage":"fr-FR"},{"@type":"Organization","@id":"https:\/\/kapitalis.com\/tunisie\/#organization","name":"Kapitalis","url":"https:\/\/kapitalis.com\/tunisie\/","logo":{"@type":"ImageObject","inLanguage":"fr-FR","@id":"https:\/\/kapitalis.com\/tunisie\/#\/schema\/logo\/image\/","url":"https:\/\/kapitalis.com\/tunisie\/wp-content\/uploads\/2022\/05\/Kapitalis-big-size.png","contentUrl":"https:\/\/kapitalis.com\/tunisie\/wp-content\/uploads\/2022\/05\/Kapitalis-big-size.png","width":5000,"height":1500,"caption":"Kapitalis"},"image":{"@id":"https:\/\/kapitalis.com\/tunisie\/#\/schema\/logo\/image\/"},"sameAs":["https:\/\/www.facebook.com\/KapitalisInfo\/","https:\/\/x.com\/KapitalisInfo","https:\/\/www.youtube.com\/channel\/UC-yDYrHyfFBWWZaOw3FPg9Q"]},{"@type":"Person","@id":"https:\/\/kapitalis.com\/tunisie\/#\/schema\/person\/74bbde0154d49d790a92aaeac5bc01d5","name":"Yusra NY","url":"https:\/\/kapitalis.com\/tunisie\/author\/yuza_adam\/"}]}},"_links":{"self":[{"href":"https:\/\/kapitalis.com\/tunisie\/wp-json\/wp\/v2\/posts\/323044","targetHints":{"allow":["GET"]}}],"collection":[{"href":"https:\/\/kapitalis.com\/tunisie\/wp-json\/wp\/v2\/posts"}],"about":[{"href":"https:\/\/kapitalis.com\/tunisie\/wp-json\/wp\/v2\/types\/post"}],"author":[{"embeddable":true,"href":"https:\/\/kapitalis.com\/tunisie\/wp-json\/wp\/v2\/users\/6"}],"replies":[{"embeddable":true,"href":"https:\/\/kapitalis.com\/tunisie\/wp-json\/wp\/v2\/comments?post=323044"}],"version-history":[{"count":0,"href":"https:\/\/kapitalis.com\/tunisie\/wp-json\/wp\/v2\/posts\/323044\/revisions"}],"wp:featuredmedia":[{"embeddable":true,"href":"https:\/\/kapitalis.com\/tunisie\/wp-json\/wp\/v2\/media\/323048"}],"wp:attachment":[{"href":"https:\/\/kapitalis.com\/tunisie\/wp-json\/wp\/v2\/media?parent=323044"}],"wp:term":[{"taxonomy":"category","embeddable":true,"href":"https:\/\/kapitalis.com\/tunisie\/wp-json\/wp\/v2\/categories?post=323044"},{"taxonomy":"post_tag","embeddable":true,"href":"https:\/\/kapitalis.com\/tunisie\/wp-json\/wp\/v2\/tags?post=323044"}],"curies":[{"name":"wp","href":"https:\/\/api.w.org\/{rel}","templated":true}]}}