{"id":323053,"date":"2020-11-02T22:42:48","date_gmt":"2020-11-02T21:42:48","guid":{"rendered":"http:\/\/kapitalis.com\/tunisie\/?p=323053"},"modified":"2020-11-03T07:55:21","modified_gmt":"2020-11-03T06:55:21","slug":"autriche-plusieurs-blesses-et-un-mort-dans-une-fusillade-a-vienne-lun-des-assaillants-abattu-par-la-police","status":"publish","type":"post","link":"https:\/\/kapitalis.com\/tunisie\/2020\/11\/02\/autriche-plusieurs-blesses-et-un-mort-dans-une-fusillade-a-vienne-lun-des-assaillants-abattu-par-la-police\/","title":{"rendered":"Autriche : Plusieurs bless\u00e9s et un mort dans une fusillade \u00e0 Vienne, l&rsquo;un des assaillants abattu par la police"},"content":{"rendered":"\n<figure class=\"wp-block-image size-large\"><img decoding=\"async\" src=\"http:\/\/kapitalis.com\/tunisie\/wp-content\/uploads\/2020\/11\/Vienne-atatque.jpg\" alt=\"\" class=\"wp-image-323055\"\/><\/figure>\n\n\n\n<p><strong><em>Plusieurs coups de feu ont \u00e9t\u00e9 tir\u00e9s, dans la soir\u00e9e du lundi 2 novembre 2020, dans le centre-ville de Vienne en Autriche, notamment pr\u00e8s d&rsquo;une synagogue et d&rsquo;un restaurant, indique la police autrichienne, en ajoutant que l&rsquo;un des assaillants a \u00e9t\u00e9 abattu et que la fusillade a fait un mort et plusieurs bless\u00e9s, dont un policier.<\/em><\/strong><\/p>\n\n\n\n<!--more-->\n\n\n\n<p>La police de Vienne ajoute que l&rsquo;op\u00e9ration est en cours, en appelant les habitants \u00e0 ne pas sortir et les t\u00e9moins \u00e0 ne pas partager de photos ni de vid\u00e9os de l&rsquo;attaque sur les r\u00e9seaux sociaux mais sur un lien qu&rsquo;elle a diffus\u00e9, afin d&rsquo;aider les enqu\u00eateurs.<\/p>\n\n\n\n<p>\u00ab<em>Il y a un mort et plusieurs bless\u00e9s dont un policer. L&rsquo;un des assaillants a \u00e9t\u00e9 abattu par un agent. Veuillez \u00e9viter tous les lieux publics de la ville<\/em>\u00bb, a encore tweet\u00e9 la police.<\/p>\n\n\n\n<p>De son c\u00f4t\u00e9, Oskar Deutsch, chef de la communaut\u00e9 juive d&rsquo;Autriche, a publi\u00e9 un tweet o\u00f9 il d\u00e9clare : \u00ab <em>A ce stade, on ne peut pas dire si la synagogue \u00e9tait vis\u00e9e. Ce qui est en revanche s\u00fbr, c&rsquo;est que la synagogue et l&rsquo;immeuble de bureaux \u00e0 la m\u00eame adresse n&rsquo;\u00e9taient plus en activit\u00e9 et ferm\u00e9s au moment des premiers coups de feu\u00bb.<\/em><\/p>\n\n\n\n<p class=\"has-text-align-right\"><strong>Y. N.<\/strong><\/p>\n","protected":false},"excerpt":{"rendered":"<p>Plusieurs coups de feu ont \u00e9t\u00e9 tir\u00e9s, dans la soir\u00e9e du lundi 2 novembre 2020, dans le centre-ville de Vienne en Autriche, notamment pr\u00e8s d&rsquo;une synagogue et d&rsquo;un restaurant, indique la police autrichienne, en ajoutant que l&rsquo;un des assaillants a \u00e9t\u00e9 abattu et que la fusillade a fait un mort et plusieurs bless\u00e9s, dont un&#8230;<\/p>\n","protected":false},"author":6,"featured_media":323055,"comment_status":"open","ping_status":"open","sticky":false,"template":"","format":"standard","meta":{"footnotes":""},"categories":[998,2433],"tags":[1743,9379,84411,2596,17934,1742],"class_list":["post-323053","post","type-post","status-publish","format-standard","has-post-thumbnail","hentry","category-societe","category-tunisie","tag-autriche","tag-coups-de-feu","tag-police-autrichienne","tag-policier","tag-synagogue","tag-vienne"],"yoast_head":"<!-- This site is optimized with the Yoast SEO plugin v26.6 - https:\/\/yoast.com\/wordpress\/plugins\/seo\/ -->\n<title>Autriche : Plusieurs bless\u00e9s et un mort dans une fusillade \u00e0 Vienne, l&#039;un des assaillants abattu par la police - Kapitalis<\/title>\n<meta name=\"robots\" content=\"index, follow, max-snippet:-1, max-image-preview:large, max-video-preview:-1\" \/>\n<link rel=\"canonical\" href=\"https:\/\/kapitalis.com\/tunisie\/2020\/11\/02\/autriche-plusieurs-blesses-et-un-mort-dans-une-fusillade-a-vienne-lun-des-assaillants-abattu-par-la-police\/\" \/>\n<meta property=\"og:locale\" content=\"fr_FR\" \/>\n<meta property=\"og:type\" content=\"article\" \/>\n<meta property=\"og:title\" content=\"Autriche : Plusieurs bless\u00e9s et un mort dans une fusillade \u00e0 Vienne, l&#039;un des assaillants abattu par la police - Kapitalis\" \/>\n<meta property=\"og:description\" content=\"Plusieurs coups de feu ont \u00e9t\u00e9 tir\u00e9s, dans la soir\u00e9e du lundi 2 novembre 2020, dans le centre-ville de Vienne en Autriche, notamment pr\u00e8s d&rsquo;une synagogue et d&rsquo;un restaurant, indique la police autrichienne, en ajoutant que l&rsquo;un des assaillants a \u00e9t\u00e9 abattu et que la fusillade a fait un mort et plusieurs bless\u00e9s, dont un...\" \/>\n<meta property=\"og:url\" content=\"https:\/\/kapitalis.com\/tunisie\/2020\/11\/02\/autriche-plusieurs-blesses-et-un-mort-dans-une-fusillade-a-vienne-lun-des-assaillants-abattu-par-la-police\/\" \/>\n<meta property=\"og:site_name\" content=\"Kapitalis\" \/>\n<meta property=\"article:publisher\" content=\"https:\/\/www.facebook.com\/KapitalisInfo\/\" \/>\n<meta property=\"article:published_time\" content=\"2020-11-02T21:42:48+00:00\" \/>\n<meta property=\"article:modified_time\" content=\"2020-11-03T06:55:21+00:00\" \/>\n<meta property=\"og:image\" content=\"https:\/\/kapitalis.com\/tunisie\/wp-content\/uploads\/2022\/05\/kapitalis-logo-fb.png\" \/>\n\t<meta property=\"og:image:width\" content=\"1200\" \/>\n\t<meta property=\"og:image:height\" content=\"630\" \/>\n\t<meta property=\"og:image:type\" content=\"image\/png\" \/>\n<meta name=\"author\" content=\"Yusra NY\" \/>\n<meta name=\"twitter:card\" content=\"summary_large_image\" \/>\n<meta name=\"twitter:creator\" content=\"@KapitalisInfo\" \/>\n<meta name=\"twitter:site\" content=\"@KapitalisInfo\" \/>\n<meta name=\"twitter:label1\" content=\"\u00c9crit par\" \/>\n\t<meta name=\"twitter:data1\" content=\"Yusra NY\" \/>\n\t<meta name=\"twitter:label2\" content=\"Dur\u00e9e de lecture estim\u00e9e\" \/>\n\t<meta name=\"twitter:data2\" content=\"1 minute\" \/>\n<script type=\"application\/ld+json\" class=\"yoast-schema-graph\">{\"@context\":\"https:\/\/schema.org\",\"@graph\":[{\"@type\":\"Article\",\"@id\":\"https:\/\/kapitalis.com\/tunisie\/2020\/11\/02\/autriche-plusieurs-blesses-et-un-mort-dans-une-fusillade-a-vienne-lun-des-assaillants-abattu-par-la-police\/#article\",\"isPartOf\":{\"@id\":\"https:\/\/kapitalis.com\/tunisie\/2020\/11\/02\/autriche-plusieurs-blesses-et-un-mort-dans-une-fusillade-a-vienne-lun-des-assaillants-abattu-par-la-police\/\"},\"author\":{\"name\":\"Yusra NY\",\"@id\":\"https:\/\/kapitalis.com\/tunisie\/#\/schema\/person\/74bbde0154d49d790a92aaeac5bc01d5\"},\"headline\":\"Autriche : Plusieurs bless\u00e9s et un mort dans une fusillade \u00e0 Vienne, l&rsquo;un des assaillants abattu par la police\",\"datePublished\":\"2020-11-02T21:42:48+00:00\",\"dateModified\":\"2020-11-03T06:55:21+00:00\",\"mainEntityOfPage\":{\"@id\":\"https:\/\/kapitalis.com\/tunisie\/2020\/11\/02\/autriche-plusieurs-blesses-et-un-mort-dans-une-fusillade-a-vienne-lun-des-assaillants-abattu-par-la-police\/\"},\"wordCount\":231,\"commentCount\":2,\"publisher\":{\"@id\":\"https:\/\/kapitalis.com\/tunisie\/#organization\"},\"image\":{\"@id\":\"https:\/\/kapitalis.com\/tunisie\/2020\/11\/02\/autriche-plusieurs-blesses-et-un-mort-dans-une-fusillade-a-vienne-lun-des-assaillants-abattu-par-la-police\/#primaryimage\"},\"thumbnailUrl\":\"\",\"keywords\":[\"Autriche\",\"coups de feu\",\"police autrichienne\",\"policier\",\"synagogue\",\"Vienne\"],\"articleSection\":[\"SOCIETE\",\"Tunisie\"],\"inLanguage\":\"fr-FR\",\"potentialAction\":[{\"@type\":\"CommentAction\",\"name\":\"Comment\",\"target\":[\"https:\/\/kapitalis.com\/tunisie\/2020\/11\/02\/autriche-plusieurs-blesses-et-un-mort-dans-une-fusillade-a-vienne-lun-des-assaillants-abattu-par-la-police\/#respond\"]}]},{\"@type\":\"WebPage\",\"@id\":\"https:\/\/kapitalis.com\/tunisie\/2020\/11\/02\/autriche-plusieurs-blesses-et-un-mort-dans-une-fusillade-a-vienne-lun-des-assaillants-abattu-par-la-police\/\",\"url\":\"https:\/\/kapitalis.com\/tunisie\/2020\/11\/02\/autriche-plusieurs-blesses-et-un-mort-dans-une-fusillade-a-vienne-lun-des-assaillants-abattu-par-la-police\/\",\"name\":\"Autriche : Plusieurs bless\u00e9s et un mort dans une fusillade \u00e0 Vienne, l'un des assaillants abattu par la police - Kapitalis\",\"isPartOf\":{\"@id\":\"https:\/\/kapitalis.com\/tunisie\/#website\"},\"primaryImageOfPage\":{\"@id\":\"https:\/\/kapitalis.com\/tunisie\/2020\/11\/02\/autriche-plusieurs-blesses-et-un-mort-dans-une-fusillade-a-vienne-lun-des-assaillants-abattu-par-la-police\/#primaryimage\"},\"image\":{\"@id\":\"https:\/\/kapitalis.com\/tunisie\/2020\/11\/02\/autriche-plusieurs-blesses-et-un-mort-dans-une-fusillade-a-vienne-lun-des-assaillants-abattu-par-la-police\/#primaryimage\"},\"thumbnailUrl\":\"\",\"datePublished\":\"2020-11-02T21:42:48+00:00\",\"dateModified\":\"2020-11-03T06:55:21+00:00\",\"breadcrumb\":{\"@id\":\"https:\/\/kapitalis.com\/tunisie\/2020\/11\/02\/autriche-plusieurs-blesses-et-un-mort-dans-une-fusillade-a-vienne-lun-des-assaillants-abattu-par-la-police\/#breadcrumb\"},\"inLanguage\":\"fr-FR\",\"potentialAction\":[{\"@type\":\"ReadAction\",\"target\":[\"https:\/\/kapitalis.com\/tunisie\/2020\/11\/02\/autriche-plusieurs-blesses-et-un-mort-dans-une-fusillade-a-vienne-lun-des-assaillants-abattu-par-la-police\/\"]}]},{\"@type\":\"ImageObject\",\"inLanguage\":\"fr-FR\",\"@id\":\"https:\/\/kapitalis.com\/tunisie\/2020\/11\/02\/autriche-plusieurs-blesses-et-un-mort-dans-une-fusillade-a-vienne-lun-des-assaillants-abattu-par-la-police\/#primaryimage\",\"url\":\"\",\"contentUrl\":\"\"},{\"@type\":\"BreadcrumbList\",\"@id\":\"https:\/\/kapitalis.com\/tunisie\/2020\/11\/02\/autriche-plusieurs-blesses-et-un-mort-dans-une-fusillade-a-vienne-lun-des-assaillants-abattu-par-la-police\/#breadcrumb\",\"itemListElement\":[{\"@type\":\"ListItem\",\"position\":1,\"name\":\"Accueil\",\"item\":\"https:\/\/kapitalis.com\/tunisie\/\"},{\"@type\":\"ListItem\",\"position\":2,\"name\":\"Autriche : Plusieurs bless\u00e9s et un mort dans une fusillade \u00e0 Vienne, l&rsquo;un des assaillants abattu par la police\"}]},{\"@type\":\"WebSite\",\"@id\":\"https:\/\/kapitalis.com\/tunisie\/#website\",\"url\":\"https:\/\/kapitalis.com\/tunisie\/\",\"name\":\"Kapitalis\",\"description\":\"L&#039;actualit\u00e9 en Tunisie et dans le monde\",\"publisher\":{\"@id\":\"https:\/\/kapitalis.com\/tunisie\/#organization\"},\"potentialAction\":[{\"@type\":\"SearchAction\",\"target\":{\"@type\":\"EntryPoint\",\"urlTemplate\":\"https:\/\/kapitalis.com\/tunisie\/?s={search_term_string}\"},\"query-input\":{\"@type\":\"PropertyValueSpecification\",\"valueRequired\":true,\"valueName\":\"search_term_string\"}}],\"inLanguage\":\"fr-FR\"},{\"@type\":\"Organization\",\"@id\":\"https:\/\/kapitalis.com\/tunisie\/#organization\",\"name\":\"Kapitalis\",\"url\":\"https:\/\/kapitalis.com\/tunisie\/\",\"logo\":{\"@type\":\"ImageObject\",\"inLanguage\":\"fr-FR\",\"@id\":\"https:\/\/kapitalis.com\/tunisie\/#\/schema\/logo\/image\/\",\"url\":\"https:\/\/kapitalis.com\/tunisie\/wp-content\/uploads\/2022\/05\/Kapitalis-big-size.png\",\"contentUrl\":\"https:\/\/kapitalis.com\/tunisie\/wp-content\/uploads\/2022\/05\/Kapitalis-big-size.png\",\"width\":5000,\"height\":1500,\"caption\":\"Kapitalis\"},\"image\":{\"@id\":\"https:\/\/kapitalis.com\/tunisie\/#\/schema\/logo\/image\/\"},\"sameAs\":[\"https:\/\/www.facebook.com\/KapitalisInfo\/\",\"https:\/\/x.com\/KapitalisInfo\",\"https:\/\/www.youtube.com\/channel\/UC-yDYrHyfFBWWZaOw3FPg9Q\"]},{\"@type\":\"Person\",\"@id\":\"https:\/\/kapitalis.com\/tunisie\/#\/schema\/person\/74bbde0154d49d790a92aaeac5bc01d5\",\"name\":\"Yusra NY\",\"url\":\"https:\/\/kapitalis.com\/tunisie\/author\/yuza_adam\/\"}]}<\/script>\n<!-- \/ Yoast SEO plugin. -->","yoast_head_json":{"title":"Autriche : Plusieurs bless\u00e9s et un mort dans une fusillade \u00e0 Vienne, l'un des assaillants abattu par la police - Kapitalis","robots":{"index":"index","follow":"follow","max-snippet":"max-snippet:-1","max-image-preview":"max-image-preview:large","max-video-preview":"max-video-preview:-1"},"canonical":"https:\/\/kapitalis.com\/tunisie\/2020\/11\/02\/autriche-plusieurs-blesses-et-un-mort-dans-une-fusillade-a-vienne-lun-des-assaillants-abattu-par-la-police\/","og_locale":"fr_FR","og_type":"article","og_title":"Autriche : Plusieurs bless\u00e9s et un mort dans une fusillade \u00e0 Vienne, l'un des assaillants abattu par la police - Kapitalis","og_description":"Plusieurs coups de feu ont \u00e9t\u00e9 tir\u00e9s, dans la soir\u00e9e du lundi 2 novembre 2020, dans le centre-ville de Vienne en Autriche, notamment pr\u00e8s d&rsquo;une synagogue et d&rsquo;un restaurant, indique la police autrichienne, en ajoutant que l&rsquo;un des assaillants a \u00e9t\u00e9 abattu et que la fusillade a fait un mort et plusieurs bless\u00e9s, dont un...","og_url":"https:\/\/kapitalis.com\/tunisie\/2020\/11\/02\/autriche-plusieurs-blesses-et-un-mort-dans-une-fusillade-a-vienne-lun-des-assaillants-abattu-par-la-police\/","og_site_name":"Kapitalis","article_publisher":"https:\/\/www.facebook.com\/KapitalisInfo\/","article_published_time":"2020-11-02T21:42:48+00:00","article_modified_time":"2020-11-03T06:55:21+00:00","og_image":[{"width":1200,"height":630,"url":"https:\/\/kapitalis.com\/tunisie\/wp-content\/uploads\/2022\/05\/kapitalis-logo-fb.png","type":"image\/png"}],"author":"Yusra NY","twitter_card":"summary_large_image","twitter_creator":"@KapitalisInfo","twitter_site":"@KapitalisInfo","twitter_misc":{"\u00c9crit par":"Yusra NY","Dur\u00e9e de lecture estim\u00e9e":"1 minute"},"schema":{"@context":"https:\/\/schema.org","@graph":[{"@type":"Article","@id":"https:\/\/kapitalis.com\/tunisie\/2020\/11\/02\/autriche-plusieurs-blesses-et-un-mort-dans-une-fusillade-a-vienne-lun-des-assaillants-abattu-par-la-police\/#article","isPartOf":{"@id":"https:\/\/kapitalis.com\/tunisie\/2020\/11\/02\/autriche-plusieurs-blesses-et-un-mort-dans-une-fusillade-a-vienne-lun-des-assaillants-abattu-par-la-police\/"},"author":{"name":"Yusra NY","@id":"https:\/\/kapitalis.com\/tunisie\/#\/schema\/person\/74bbde0154d49d790a92aaeac5bc01d5"},"headline":"Autriche : Plusieurs bless\u00e9s et un mort dans une fusillade \u00e0 Vienne, l&rsquo;un des assaillants abattu par la police","datePublished":"2020-11-02T21:42:48+00:00","dateModified":"2020-11-03T06:55:21+00:00","mainEntityOfPage":{"@id":"https:\/\/kapitalis.com\/tunisie\/2020\/11\/02\/autriche-plusieurs-blesses-et-un-mort-dans-une-fusillade-a-vienne-lun-des-assaillants-abattu-par-la-police\/"},"wordCount":231,"commentCount":2,"publisher":{"@id":"https:\/\/kapitalis.com\/tunisie\/#organization"},"image":{"@id":"https:\/\/kapitalis.com\/tunisie\/2020\/11\/02\/autriche-plusieurs-blesses-et-un-mort-dans-une-fusillade-a-vienne-lun-des-assaillants-abattu-par-la-police\/#primaryimage"},"thumbnailUrl":"","keywords":["Autriche","coups de feu","police autrichienne","policier","synagogue","Vienne"],"articleSection":["SOCIETE","Tunisie"],"inLanguage":"fr-FR","potentialAction":[{"@type":"CommentAction","name":"Comment","target":["https:\/\/kapitalis.com\/tunisie\/2020\/11\/02\/autriche-plusieurs-blesses-et-un-mort-dans-une-fusillade-a-vienne-lun-des-assaillants-abattu-par-la-police\/#respond"]}]},{"@type":"WebPage","@id":"https:\/\/kapitalis.com\/tunisie\/2020\/11\/02\/autriche-plusieurs-blesses-et-un-mort-dans-une-fusillade-a-vienne-lun-des-assaillants-abattu-par-la-police\/","url":"https:\/\/kapitalis.com\/tunisie\/2020\/11\/02\/autriche-plusieurs-blesses-et-un-mort-dans-une-fusillade-a-vienne-lun-des-assaillants-abattu-par-la-police\/","name":"Autriche : Plusieurs bless\u00e9s et un mort dans une fusillade \u00e0 Vienne, l'un des assaillants abattu par la police - Kapitalis","isPartOf":{"@id":"https:\/\/kapitalis.com\/tunisie\/#website"},"primaryImageOfPage":{"@id":"https:\/\/kapitalis.com\/tunisie\/2020\/11\/02\/autriche-plusieurs-blesses-et-un-mort-dans-une-fusillade-a-vienne-lun-des-assaillants-abattu-par-la-police\/#primaryimage"},"image":{"@id":"https:\/\/kapitalis.com\/tunisie\/2020\/11\/02\/autriche-plusieurs-blesses-et-un-mort-dans-une-fusillade-a-vienne-lun-des-assaillants-abattu-par-la-police\/#primaryimage"},"thumbnailUrl":"","datePublished":"2020-11-02T21:42:48+00:00","dateModified":"2020-11-03T06:55:21+00:00","breadcrumb":{"@id":"https:\/\/kapitalis.com\/tunisie\/2020\/11\/02\/autriche-plusieurs-blesses-et-un-mort-dans-une-fusillade-a-vienne-lun-des-assaillants-abattu-par-la-police\/#breadcrumb"},"inLanguage":"fr-FR","potentialAction":[{"@type":"ReadAction","target":["https:\/\/kapitalis.com\/tunisie\/2020\/11\/02\/autriche-plusieurs-blesses-et-un-mort-dans-une-fusillade-a-vienne-lun-des-assaillants-abattu-par-la-police\/"]}]},{"@type":"ImageObject","inLanguage":"fr-FR","@id":"https:\/\/kapitalis.com\/tunisie\/2020\/11\/02\/autriche-plusieurs-blesses-et-un-mort-dans-une-fusillade-a-vienne-lun-des-assaillants-abattu-par-la-police\/#primaryimage","url":"","contentUrl":""},{"@type":"BreadcrumbList","@id":"https:\/\/kapitalis.com\/tunisie\/2020\/11\/02\/autriche-plusieurs-blesses-et-un-mort-dans-une-fusillade-a-vienne-lun-des-assaillants-abattu-par-la-police\/#breadcrumb","itemListElement":[{"@type":"ListItem","position":1,"name":"Accueil","item":"https:\/\/kapitalis.com\/tunisie\/"},{"@type":"ListItem","position":2,"name":"Autriche : Plusieurs bless\u00e9s et un mort dans une fusillade \u00e0 Vienne, l&rsquo;un des assaillants abattu par la police"}]},{"@type":"WebSite","@id":"https:\/\/kapitalis.com\/tunisie\/#website","url":"https:\/\/kapitalis.com\/tunisie\/","name":"Kapitalis","description":"L&#039;actualit\u00e9 en Tunisie et dans le monde","publisher":{"@id":"https:\/\/kapitalis.com\/tunisie\/#organization"},"potentialAction":[{"@type":"SearchAction","target":{"@type":"EntryPoint","urlTemplate":"https:\/\/kapitalis.com\/tunisie\/?s={search_term_string}"},"query-input":{"@type":"PropertyValueSpecification","valueRequired":true,"valueName":"search_term_string"}}],"inLanguage":"fr-FR"},{"@type":"Organization","@id":"https:\/\/kapitalis.com\/tunisie\/#organization","name":"Kapitalis","url":"https:\/\/kapitalis.com\/tunisie\/","logo":{"@type":"ImageObject","inLanguage":"fr-FR","@id":"https:\/\/kapitalis.com\/tunisie\/#\/schema\/logo\/image\/","url":"https:\/\/kapitalis.com\/tunisie\/wp-content\/uploads\/2022\/05\/Kapitalis-big-size.png","contentUrl":"https:\/\/kapitalis.com\/tunisie\/wp-content\/uploads\/2022\/05\/Kapitalis-big-size.png","width":5000,"height":1500,"caption":"Kapitalis"},"image":{"@id":"https:\/\/kapitalis.com\/tunisie\/#\/schema\/logo\/image\/"},"sameAs":["https:\/\/www.facebook.com\/KapitalisInfo\/","https:\/\/x.com\/KapitalisInfo","https:\/\/www.youtube.com\/channel\/UC-yDYrHyfFBWWZaOw3FPg9Q"]},{"@type":"Person","@id":"https:\/\/kapitalis.com\/tunisie\/#\/schema\/person\/74bbde0154d49d790a92aaeac5bc01d5","name":"Yusra NY","url":"https:\/\/kapitalis.com\/tunisie\/author\/yuza_adam\/"}]}},"_links":{"self":[{"href":"https:\/\/kapitalis.com\/tunisie\/wp-json\/wp\/v2\/posts\/323053","targetHints":{"allow":["GET"]}}],"collection":[{"href":"https:\/\/kapitalis.com\/tunisie\/wp-json\/wp\/v2\/posts"}],"about":[{"href":"https:\/\/kapitalis.com\/tunisie\/wp-json\/wp\/v2\/types\/post"}],"author":[{"embeddable":true,"href":"https:\/\/kapitalis.com\/tunisie\/wp-json\/wp\/v2\/users\/6"}],"replies":[{"embeddable":true,"href":"https:\/\/kapitalis.com\/tunisie\/wp-json\/wp\/v2\/comments?post=323053"}],"version-history":[{"count":0,"href":"https:\/\/kapitalis.com\/tunisie\/wp-json\/wp\/v2\/posts\/323053\/revisions"}],"wp:featuredmedia":[{"embeddable":true,"href":"https:\/\/kapitalis.com\/tunisie\/wp-json\/wp\/v2\/media\/323055"}],"wp:attachment":[{"href":"https:\/\/kapitalis.com\/tunisie\/wp-json\/wp\/v2\/media?parent=323053"}],"wp:term":[{"taxonomy":"category","embeddable":true,"href":"https:\/\/kapitalis.com\/tunisie\/wp-json\/wp\/v2\/categories?post=323053"},{"taxonomy":"post_tag","embeddable":true,"href":"https:\/\/kapitalis.com\/tunisie\/wp-json\/wp\/v2\/tags?post=323053"}],"curies":[{"name":"wp","href":"https:\/\/api.w.org\/{rel}","templated":true}]}}