{"id":323248,"date":"2020-11-04T09:50:42","date_gmt":"2020-11-04T08:50:42","guid":{"rendered":"http:\/\/kapitalis.com\/tunisie\/?p=323248"},"modified":"2020-11-04T10:55:57","modified_gmt":"2020-11-04T09:55:57","slug":"ali-kooli-la-faillite-de-letat-nest-pas-envisageable","status":"publish","type":"post","link":"https:\/\/kapitalis.com\/tunisie\/2020\/11\/04\/ali-kooli-la-faillite-de-letat-nest-pas-envisageable\/","title":{"rendered":"Ali Ko\u00f4li : \u00abLa faillite de l&rsquo;Etat n&rsquo;est pas envisageable\u00bb"},"content":{"rendered":"\n<figure class=\"wp-block-image size-large\"><img decoding=\"async\" src=\"http:\/\/kapitalis.com\/tunisie\/wp-content\/uploads\/2020\/10\/ali-kooli.jpg\" alt=\"\" class=\"wp-image-321082\"\/><\/figure>\n\n\n\n<p><strong><em>Alors que la Tunisie conna\u00eet l&rsquo;une des plus grandes crises \u00e9conomiques de son histoire et que certains observateurs commencent d\u00e9j\u00e0 \u00e0 \u00e9voquer le sc\u00e9nario grec, Ali Ko\u00f4li, ministre de l\u2019Economie, des Finances et de l\u2019Appui \u00e0 l\u2019investissement, estime que la faillite de l&rsquo;Etat est inenvisageable.<\/em><\/strong><\/p>\n\n\n\n<!--more-->\n\n\n\n<p>Intervenu ce matin du mercredi 4 novembre 2020, sur Shems FM, M. Ko\u00f4li a, par ailleurs, appel\u00e9, dans le m\u00eame contexte, \u00e0 \u00ab<em>cesser d&rsquo;alimenter la peur des Tunisiens<\/em>\u00bb.<\/p>\n\n\n\n<p>Concernant le projet de loi de finances 2021, Ko\u00f4li a indiqu\u00e9 que les concertations &#8211; entre le gouvernement et l&rsquo;Assembl\u00e9e des repr\u00e9sentants du peuple &#8211; autour de ce projet n&rsquo;avaient pas encore commenc\u00e9, tout en affichant de l&rsquo;optimisme quant \u00e0 l&rsquo;issue de ces discussions lorsqu&rsquo;elles auront lieu, et ce, malgr\u00e9 les critiques exprim\u00e9es par certains membres de la Commission parlementaire des finances, \u00e0 l&rsquo;instar de son pr\u00e9sident, Haykel Mekki.<\/p>\n\n\n\n<p>Le ministre a, d&rsquo;un autre c\u00f4t\u00e9, pr\u00e9cis\u00e9 que le gouvernement s&rsquo;oriente vers la r\u00e9duction des imp\u00f4ts dans l&rsquo;amendement du projet de loi de finances pour l&rsquo;ann\u00e9e 2020, ainsi que dans celui de 2021, estimant que \u00ab<em>les imp\u00f4ts et obligations pesant actuellement sur les personnes et les entreprises ont atteint un niveau trop \u00e9lev\u00e9<\/em>\u00bb. Et d&rsquo;ajouter que cela n&#8217;emp\u00eachera pas quelques ajustements fiscaux sur certains secteurs. Il fait sans doute allusion aux soci\u00e9t\u00e9s totalement exportatrices ou offshore dont le taux d&rsquo;imposition va passer de 13% \u00e0 18%, selon le projet de loi de finances 2021.<\/p>\n\n\n\n<p>Sur un autre plan, le ministre a fait savoir que le gouvernement a r\u00e9ussi \u00e0 garantir le paiement des salaires des fonctionnaires pour le mois d&rsquo;octobre 2020, \u00ab<em>\u00e0 temps et sans retard<\/em>\u00bb, et qu&rsquo;il \u00ab<em>travaille jour et nuit<\/em>\u00bb pour garantir les salaires des mois \u00e0 venir, laissant entendre que les salaires des deux derniers mois de l&rsquo;ann\u00e9e (novembre et d\u00e9cembre) sont encore \u00e0 trouver.<\/p>\n\n\n\n<div class=\"wp-block-image\"><figure class=\"aligncenter size-large is-resized\"><img decoding=\"async\" src=\"http:\/\/kapitalis.com\/tunisie\/wp-content\/uploads\/2020\/11\/Marouane-Abassi-Hichem-Mechichi.jpg\" alt=\"\" class=\"wp-image-323268\" width=\"500\"\/><figcaption><em>Abassi re\u00e7u hier par Mechichi. <\/em><\/figcaption><\/figure><\/div>\n\n\n\n<p>D&rsquo;o\u00f9 la pression exerc\u00e9e actuellement sur la Banque centrale de Tunisie (BCT) et son gouverneur Marouane Abassi pour qu&rsquo;ils acceptent le financement le budget de l&rsquo;Etat, au risque de provoquer la rar\u00e9faction des  liquidit\u00e9s sur le march\u00e9 financier, d&rsquo;aggraver le taux d&rsquo;inflation, d\u00e9j\u00e0 \u00e9lev\u00e9, et de ralentir encore davantage l&rsquo;investissement.  <\/p>\n\n\n\n<p>Ce sujet a d&rsquo;ailleurs \u00e9t\u00e9 au centre de la rencontre hier \u00e0 la Kasbah entre le chef du gouvernement, Hichem Mechichi, et le gouverneur de la BCT, Marouane Abassi.<\/p>\n\n\n\n<p class=\"has-text-align-right\"><strong>C. B. Y.<\/strong><\/p>\n","protected":false},"excerpt":{"rendered":"<p>Alors que la Tunisie conna\u00eet l&rsquo;une des plus grandes crises \u00e9conomiques de son histoire et que certains observateurs commencent d\u00e9j\u00e0 \u00e0 \u00e9voquer le sc\u00e9nario grec, Ali Ko\u00f4li, ministre de l\u2019Economie, des Finances et de l\u2019Appui \u00e0 l\u2019investissement, estime que la faillite de l&rsquo;Etat est inenvisageable.<\/p>\n","protected":false},"author":24,"featured_media":323268,"comment_status":"open","ping_status":"open","sticky":false,"template":"","format":"standard","meta":{"footnotes":""},"categories":[995,997,2433],"tags":[82281,8250,78262,66989,81384],"class_list":["post-323248","post","type-post","status-publish","format-standard","has-post-thumbnail","hentry","category-economie","category-politique","category-tunisie","tag-ali-kooli","tag-commission-des-finances","tag-haykel-mekki","tag-loi-de-finances-2020","tag-loi-de-finances-2021"],"yoast_head":"<!-- This site is optimized with the Yoast SEO plugin v26.6 - https:\/\/yoast.com\/wordpress\/plugins\/seo\/ -->\n<title>Ali Ko\u00f4li : \u00abLa faillite de l&#039;Etat n&#039;est pas envisageable\u00bb - Kapitalis<\/title>\n<meta name=\"robots\" content=\"index, follow, max-snippet:-1, max-image-preview:large, max-video-preview:-1\" \/>\n<link rel=\"canonical\" href=\"https:\/\/kapitalis.com\/tunisie\/2020\/11\/04\/ali-kooli-la-faillite-de-letat-nest-pas-envisageable\/\" \/>\n<meta property=\"og:locale\" content=\"fr_FR\" \/>\n<meta property=\"og:type\" content=\"article\" \/>\n<meta property=\"og:title\" content=\"Ali Ko\u00f4li : \u00abLa faillite de l&#039;Etat n&#039;est pas envisageable\u00bb - Kapitalis\" \/>\n<meta property=\"og:description\" content=\"Alors que la Tunisie conna\u00eet l&rsquo;une des plus grandes crises \u00e9conomiques de son histoire et que certains observateurs commencent d\u00e9j\u00e0 \u00e0 \u00e9voquer le sc\u00e9nario grec, Ali Ko\u00f4li, ministre de l\u2019Economie, des Finances et de l\u2019Appui \u00e0 l\u2019investissement, estime que la faillite de l&rsquo;Etat est inenvisageable.\" \/>\n<meta property=\"og:url\" content=\"https:\/\/kapitalis.com\/tunisie\/2020\/11\/04\/ali-kooli-la-faillite-de-letat-nest-pas-envisageable\/\" \/>\n<meta property=\"og:site_name\" content=\"Kapitalis\" \/>\n<meta property=\"article:publisher\" content=\"https:\/\/www.facebook.com\/KapitalisInfo\/\" \/>\n<meta property=\"article:published_time\" content=\"2020-11-04T08:50:42+00:00\" \/>\n<meta property=\"article:modified_time\" content=\"2020-11-04T09:55:57+00:00\" \/>\n<meta property=\"og:image\" content=\"https:\/\/kapitalis.com\/tunisie\/wp-content\/uploads\/2022\/05\/kapitalis-logo-fb.png\" \/>\n\t<meta property=\"og:image:width\" content=\"1200\" \/>\n\t<meta property=\"og:image:height\" content=\"630\" \/>\n\t<meta property=\"og:image:type\" content=\"image\/png\" \/>\n<meta name=\"author\" content=\"Cherif Benyounes\" \/>\n<meta name=\"twitter:card\" content=\"summary_large_image\" \/>\n<meta name=\"twitter:creator\" content=\"@KapitalisInfo\" \/>\n<meta name=\"twitter:site\" content=\"@KapitalisInfo\" \/>\n<meta name=\"twitter:label1\" content=\"\u00c9crit par\" \/>\n\t<meta name=\"twitter:data1\" content=\"Cherif Benyounes\" \/>\n\t<meta name=\"twitter:label2\" content=\"Dur\u00e9e de lecture estim\u00e9e\" \/>\n\t<meta name=\"twitter:data2\" content=\"2 minutes\" \/>\n<script type=\"application\/ld+json\" class=\"yoast-schema-graph\">{\"@context\":\"https:\/\/schema.org\",\"@graph\":[{\"@type\":\"Article\",\"@id\":\"https:\/\/kapitalis.com\/tunisie\/2020\/11\/04\/ali-kooli-la-faillite-de-letat-nest-pas-envisageable\/#article\",\"isPartOf\":{\"@id\":\"https:\/\/kapitalis.com\/tunisie\/2020\/11\/04\/ali-kooli-la-faillite-de-letat-nest-pas-envisageable\/\"},\"author\":{\"name\":\"Cherif Benyounes\",\"@id\":\"https:\/\/kapitalis.com\/tunisie\/#\/schema\/person\/b35b8d631961131107263178aeb8019e\"},\"headline\":\"Ali Ko\u00f4li : \u00abLa faillite de l&rsquo;Etat n&rsquo;est pas envisageable\u00bb\",\"datePublished\":\"2020-11-04T08:50:42+00:00\",\"dateModified\":\"2020-11-04T09:55:57+00:00\",\"mainEntityOfPage\":{\"@id\":\"https:\/\/kapitalis.com\/tunisie\/2020\/11\/04\/ali-kooli-la-faillite-de-letat-nest-pas-envisageable\/\"},\"wordCount\":408,\"commentCount\":1,\"publisher\":{\"@id\":\"https:\/\/kapitalis.com\/tunisie\/#organization\"},\"image\":{\"@id\":\"https:\/\/kapitalis.com\/tunisie\/2020\/11\/04\/ali-kooli-la-faillite-de-letat-nest-pas-envisageable\/#primaryimage\"},\"thumbnailUrl\":\"\",\"keywords\":[\"Ali Ko\u00f4li\",\"Commission des finances\",\"Haykel Mekki\",\"loi de finances 2020\",\"Loi de Finances 2021\"],\"articleSection\":[\"ECONOMIE\",\"POLITIQUE\",\"Tunisie\"],\"inLanguage\":\"fr-FR\",\"potentialAction\":[{\"@type\":\"CommentAction\",\"name\":\"Comment\",\"target\":[\"https:\/\/kapitalis.com\/tunisie\/2020\/11\/04\/ali-kooli-la-faillite-de-letat-nest-pas-envisageable\/#respond\"]}]},{\"@type\":\"WebPage\",\"@id\":\"https:\/\/kapitalis.com\/tunisie\/2020\/11\/04\/ali-kooli-la-faillite-de-letat-nest-pas-envisageable\/\",\"url\":\"https:\/\/kapitalis.com\/tunisie\/2020\/11\/04\/ali-kooli-la-faillite-de-letat-nest-pas-envisageable\/\",\"name\":\"Ali Ko\u00f4li : \u00abLa faillite de l'Etat n'est pas envisageable\u00bb - Kapitalis\",\"isPartOf\":{\"@id\":\"https:\/\/kapitalis.com\/tunisie\/#website\"},\"primaryImageOfPage\":{\"@id\":\"https:\/\/kapitalis.com\/tunisie\/2020\/11\/04\/ali-kooli-la-faillite-de-letat-nest-pas-envisageable\/#primaryimage\"},\"image\":{\"@id\":\"https:\/\/kapitalis.com\/tunisie\/2020\/11\/04\/ali-kooli-la-faillite-de-letat-nest-pas-envisageable\/#primaryimage\"},\"thumbnailUrl\":\"\",\"datePublished\":\"2020-11-04T08:50:42+00:00\",\"dateModified\":\"2020-11-04T09:55:57+00:00\",\"breadcrumb\":{\"@id\":\"https:\/\/kapitalis.com\/tunisie\/2020\/11\/04\/ali-kooli-la-faillite-de-letat-nest-pas-envisageable\/#breadcrumb\"},\"inLanguage\":\"fr-FR\",\"potentialAction\":[{\"@type\":\"ReadAction\",\"target\":[\"https:\/\/kapitalis.com\/tunisie\/2020\/11\/04\/ali-kooli-la-faillite-de-letat-nest-pas-envisageable\/\"]}]},{\"@type\":\"ImageObject\",\"inLanguage\":\"fr-FR\",\"@id\":\"https:\/\/kapitalis.com\/tunisie\/2020\/11\/04\/ali-kooli-la-faillite-de-letat-nest-pas-envisageable\/#primaryimage\",\"url\":\"\",\"contentUrl\":\"\"},{\"@type\":\"BreadcrumbList\",\"@id\":\"https:\/\/kapitalis.com\/tunisie\/2020\/11\/04\/ali-kooli-la-faillite-de-letat-nest-pas-envisageable\/#breadcrumb\",\"itemListElement\":[{\"@type\":\"ListItem\",\"position\":1,\"name\":\"Accueil\",\"item\":\"https:\/\/kapitalis.com\/tunisie\/\"},{\"@type\":\"ListItem\",\"position\":2,\"name\":\"Ali Ko\u00f4li : \u00abLa faillite de l&rsquo;Etat n&rsquo;est pas envisageable\u00bb\"}]},{\"@type\":\"WebSite\",\"@id\":\"https:\/\/kapitalis.com\/tunisie\/#website\",\"url\":\"https:\/\/kapitalis.com\/tunisie\/\",\"name\":\"Kapitalis\",\"description\":\"L&#039;actualit\u00e9 en Tunisie et dans le monde\",\"publisher\":{\"@id\":\"https:\/\/kapitalis.com\/tunisie\/#organization\"},\"potentialAction\":[{\"@type\":\"SearchAction\",\"target\":{\"@type\":\"EntryPoint\",\"urlTemplate\":\"https:\/\/kapitalis.com\/tunisie\/?s={search_term_string}\"},\"query-input\":{\"@type\":\"PropertyValueSpecification\",\"valueRequired\":true,\"valueName\":\"search_term_string\"}}],\"inLanguage\":\"fr-FR\"},{\"@type\":\"Organization\",\"@id\":\"https:\/\/kapitalis.com\/tunisie\/#organization\",\"name\":\"Kapitalis\",\"url\":\"https:\/\/kapitalis.com\/tunisie\/\",\"logo\":{\"@type\":\"ImageObject\",\"inLanguage\":\"fr-FR\",\"@id\":\"https:\/\/kapitalis.com\/tunisie\/#\/schema\/logo\/image\/\",\"url\":\"https:\/\/kapitalis.com\/tunisie\/wp-content\/uploads\/2022\/05\/Kapitalis-big-size.png\",\"contentUrl\":\"https:\/\/kapitalis.com\/tunisie\/wp-content\/uploads\/2022\/05\/Kapitalis-big-size.png\",\"width\":5000,\"height\":1500,\"caption\":\"Kapitalis\"},\"image\":{\"@id\":\"https:\/\/kapitalis.com\/tunisie\/#\/schema\/logo\/image\/\"},\"sameAs\":[\"https:\/\/www.facebook.com\/KapitalisInfo\/\",\"https:\/\/x.com\/KapitalisInfo\",\"https:\/\/www.youtube.com\/channel\/UC-yDYrHyfFBWWZaOw3FPg9Q\"]},{\"@type\":\"Person\",\"@id\":\"https:\/\/kapitalis.com\/tunisie\/#\/schema\/person\/b35b8d631961131107263178aeb8019e\",\"name\":\"Cherif Benyounes\",\"url\":\"https:\/\/kapitalis.com\/tunisie\/author\/cherif\/\"}]}<\/script>\n<!-- \/ Yoast SEO plugin. -->","yoast_head_json":{"title":"Ali Ko\u00f4li : \u00abLa faillite de l'Etat n'est pas envisageable\u00bb - Kapitalis","robots":{"index":"index","follow":"follow","max-snippet":"max-snippet:-1","max-image-preview":"max-image-preview:large","max-video-preview":"max-video-preview:-1"},"canonical":"https:\/\/kapitalis.com\/tunisie\/2020\/11\/04\/ali-kooli-la-faillite-de-letat-nest-pas-envisageable\/","og_locale":"fr_FR","og_type":"article","og_title":"Ali Ko\u00f4li : \u00abLa faillite de l'Etat n'est pas envisageable\u00bb - Kapitalis","og_description":"Alors que la Tunisie conna\u00eet l&rsquo;une des plus grandes crises \u00e9conomiques de son histoire et que certains observateurs commencent d\u00e9j\u00e0 \u00e0 \u00e9voquer le sc\u00e9nario grec, Ali Ko\u00f4li, ministre de l\u2019Economie, des Finances et de l\u2019Appui \u00e0 l\u2019investissement, estime que la faillite de l&rsquo;Etat est inenvisageable.","og_url":"https:\/\/kapitalis.com\/tunisie\/2020\/11\/04\/ali-kooli-la-faillite-de-letat-nest-pas-envisageable\/","og_site_name":"Kapitalis","article_publisher":"https:\/\/www.facebook.com\/KapitalisInfo\/","article_published_time":"2020-11-04T08:50:42+00:00","article_modified_time":"2020-11-04T09:55:57+00:00","og_image":[{"width":1200,"height":630,"url":"https:\/\/kapitalis.com\/tunisie\/wp-content\/uploads\/2022\/05\/kapitalis-logo-fb.png","type":"image\/png"}],"author":"Cherif Benyounes","twitter_card":"summary_large_image","twitter_creator":"@KapitalisInfo","twitter_site":"@KapitalisInfo","twitter_misc":{"\u00c9crit par":"Cherif Benyounes","Dur\u00e9e de lecture estim\u00e9e":"2 minutes"},"schema":{"@context":"https:\/\/schema.org","@graph":[{"@type":"Article","@id":"https:\/\/kapitalis.com\/tunisie\/2020\/11\/04\/ali-kooli-la-faillite-de-letat-nest-pas-envisageable\/#article","isPartOf":{"@id":"https:\/\/kapitalis.com\/tunisie\/2020\/11\/04\/ali-kooli-la-faillite-de-letat-nest-pas-envisageable\/"},"author":{"name":"Cherif Benyounes","@id":"https:\/\/kapitalis.com\/tunisie\/#\/schema\/person\/b35b8d631961131107263178aeb8019e"},"headline":"Ali Ko\u00f4li : \u00abLa faillite de l&rsquo;Etat n&rsquo;est pas envisageable\u00bb","datePublished":"2020-11-04T08:50:42+00:00","dateModified":"2020-11-04T09:55:57+00:00","mainEntityOfPage":{"@id":"https:\/\/kapitalis.com\/tunisie\/2020\/11\/04\/ali-kooli-la-faillite-de-letat-nest-pas-envisageable\/"},"wordCount":408,"commentCount":1,"publisher":{"@id":"https:\/\/kapitalis.com\/tunisie\/#organization"},"image":{"@id":"https:\/\/kapitalis.com\/tunisie\/2020\/11\/04\/ali-kooli-la-faillite-de-letat-nest-pas-envisageable\/#primaryimage"},"thumbnailUrl":"","keywords":["Ali Ko\u00f4li","Commission des finances","Haykel Mekki","loi de finances 2020","Loi de Finances 2021"],"articleSection":["ECONOMIE","POLITIQUE","Tunisie"],"inLanguage":"fr-FR","potentialAction":[{"@type":"CommentAction","name":"Comment","target":["https:\/\/kapitalis.com\/tunisie\/2020\/11\/04\/ali-kooli-la-faillite-de-letat-nest-pas-envisageable\/#respond"]}]},{"@type":"WebPage","@id":"https:\/\/kapitalis.com\/tunisie\/2020\/11\/04\/ali-kooli-la-faillite-de-letat-nest-pas-envisageable\/","url":"https:\/\/kapitalis.com\/tunisie\/2020\/11\/04\/ali-kooli-la-faillite-de-letat-nest-pas-envisageable\/","name":"Ali Ko\u00f4li : \u00abLa faillite de l'Etat n'est pas envisageable\u00bb - Kapitalis","isPartOf":{"@id":"https:\/\/kapitalis.com\/tunisie\/#website"},"primaryImageOfPage":{"@id":"https:\/\/kapitalis.com\/tunisie\/2020\/11\/04\/ali-kooli-la-faillite-de-letat-nest-pas-envisageable\/#primaryimage"},"image":{"@id":"https:\/\/kapitalis.com\/tunisie\/2020\/11\/04\/ali-kooli-la-faillite-de-letat-nest-pas-envisageable\/#primaryimage"},"thumbnailUrl":"","datePublished":"2020-11-04T08:50:42+00:00","dateModified":"2020-11-04T09:55:57+00:00","breadcrumb":{"@id":"https:\/\/kapitalis.com\/tunisie\/2020\/11\/04\/ali-kooli-la-faillite-de-letat-nest-pas-envisageable\/#breadcrumb"},"inLanguage":"fr-FR","potentialAction":[{"@type":"ReadAction","target":["https:\/\/kapitalis.com\/tunisie\/2020\/11\/04\/ali-kooli-la-faillite-de-letat-nest-pas-envisageable\/"]}]},{"@type":"ImageObject","inLanguage":"fr-FR","@id":"https:\/\/kapitalis.com\/tunisie\/2020\/11\/04\/ali-kooli-la-faillite-de-letat-nest-pas-envisageable\/#primaryimage","url":"","contentUrl":""},{"@type":"BreadcrumbList","@id":"https:\/\/kapitalis.com\/tunisie\/2020\/11\/04\/ali-kooli-la-faillite-de-letat-nest-pas-envisageable\/#breadcrumb","itemListElement":[{"@type":"ListItem","position":1,"name":"Accueil","item":"https:\/\/kapitalis.com\/tunisie\/"},{"@type":"ListItem","position":2,"name":"Ali Ko\u00f4li : \u00abLa faillite de l&rsquo;Etat n&rsquo;est pas envisageable\u00bb"}]},{"@type":"WebSite","@id":"https:\/\/kapitalis.com\/tunisie\/#website","url":"https:\/\/kapitalis.com\/tunisie\/","name":"Kapitalis","description":"L&#039;actualit\u00e9 en Tunisie et dans le monde","publisher":{"@id":"https:\/\/kapitalis.com\/tunisie\/#organization"},"potentialAction":[{"@type":"SearchAction","target":{"@type":"EntryPoint","urlTemplate":"https:\/\/kapitalis.com\/tunisie\/?s={search_term_string}"},"query-input":{"@type":"PropertyValueSpecification","valueRequired":true,"valueName":"search_term_string"}}],"inLanguage":"fr-FR"},{"@type":"Organization","@id":"https:\/\/kapitalis.com\/tunisie\/#organization","name":"Kapitalis","url":"https:\/\/kapitalis.com\/tunisie\/","logo":{"@type":"ImageObject","inLanguage":"fr-FR","@id":"https:\/\/kapitalis.com\/tunisie\/#\/schema\/logo\/image\/","url":"https:\/\/kapitalis.com\/tunisie\/wp-content\/uploads\/2022\/05\/Kapitalis-big-size.png","contentUrl":"https:\/\/kapitalis.com\/tunisie\/wp-content\/uploads\/2022\/05\/Kapitalis-big-size.png","width":5000,"height":1500,"caption":"Kapitalis"},"image":{"@id":"https:\/\/kapitalis.com\/tunisie\/#\/schema\/logo\/image\/"},"sameAs":["https:\/\/www.facebook.com\/KapitalisInfo\/","https:\/\/x.com\/KapitalisInfo","https:\/\/www.youtube.com\/channel\/UC-yDYrHyfFBWWZaOw3FPg9Q"]},{"@type":"Person","@id":"https:\/\/kapitalis.com\/tunisie\/#\/schema\/person\/b35b8d631961131107263178aeb8019e","name":"Cherif Benyounes","url":"https:\/\/kapitalis.com\/tunisie\/author\/cherif\/"}]}},"_links":{"self":[{"href":"https:\/\/kapitalis.com\/tunisie\/wp-json\/wp\/v2\/posts\/323248","targetHints":{"allow":["GET"]}}],"collection":[{"href":"https:\/\/kapitalis.com\/tunisie\/wp-json\/wp\/v2\/posts"}],"about":[{"href":"https:\/\/kapitalis.com\/tunisie\/wp-json\/wp\/v2\/types\/post"}],"author":[{"embeddable":true,"href":"https:\/\/kapitalis.com\/tunisie\/wp-json\/wp\/v2\/users\/24"}],"replies":[{"embeddable":true,"href":"https:\/\/kapitalis.com\/tunisie\/wp-json\/wp\/v2\/comments?post=323248"}],"version-history":[{"count":0,"href":"https:\/\/kapitalis.com\/tunisie\/wp-json\/wp\/v2\/posts\/323248\/revisions"}],"wp:featuredmedia":[{"embeddable":true,"href":"https:\/\/kapitalis.com\/tunisie\/wp-json\/wp\/v2\/media\/323268"}],"wp:attachment":[{"href":"https:\/\/kapitalis.com\/tunisie\/wp-json\/wp\/v2\/media?parent=323248"}],"wp:term":[{"taxonomy":"category","embeddable":true,"href":"https:\/\/kapitalis.com\/tunisie\/wp-json\/wp\/v2\/categories?post=323248"},{"taxonomy":"post_tag","embeddable":true,"href":"https:\/\/kapitalis.com\/tunisie\/wp-json\/wp\/v2\/tags?post=323248"}],"curies":[{"name":"wp","href":"https:\/\/api.w.org\/{rel}","templated":true}]}}