{"id":323326,"date":"2020-11-04T16:45:26","date_gmt":"2020-11-04T15:45:26","guid":{"rendered":"http:\/\/kapitalis.com\/tunisie\/?p=323326"},"modified":"2020-11-04T17:38:23","modified_gmt":"2020-11-04T16:38:23","slug":"bhiri-nie-avoir-accuse-le-pdl-du-vol-de-son-telephone-et-menace-de-porter-plainte-contre-attesia","status":"publish","type":"post","link":"https:\/\/kapitalis.com\/tunisie\/2020\/11\/04\/bhiri-nie-avoir-accuse-le-pdl-du-vol-de-son-telephone-et-menace-de-porter-plainte-contre-attesia\/","title":{"rendered":"Bhiri nie avoir accus\u00e9 le PDL du vol de son t\u00e9l\u00e9phone et menace de porter plainte contre Attessia"},"content":{"rendered":"\n<figure class=\"wp-block-image size-large\"><img decoding=\"async\" src=\"http:\/\/kapitalis.com\/tunisie\/wp-content\/uploads\/2019\/01\/Noureddine-Bhiri.jpg\" alt=\"\" class=\"wp-image-194976\"\/><\/figure>\n\n\n\n<p><strong><em>Apr\u00e8s avoir r\u00e9cup\u00e9r\u00e9 son t\u00e9l\u00e9phone portable, suite \u00e0 l&rsquo;arrestation de l&rsquo;individu qui le lui a vol\u00e9, le chef du bloc parlementaire d&rsquo;Ennahdha, Noureddine Bhiri, est revenu sur le statut facebook, publi\u00e9 par un compte portant son nom, \u00e0 travers lequel il aurait accus\u00e9 le Parti destourien libre (PDL) d&rsquo;\u00eatre derri\u00e8re ce vol.<\/em><\/strong><\/p>\n\n\n\n<!--more-->\n\n\n\n<p>Dans un statut Facebook publi\u00e9 sur sa page officielle, il a assur\u00e9 que le compte \u00e0 partir duquel l&rsquo;accusation a \u00e9t\u00e9 exprim\u00e9e ne lui appartient pas. On lui a donc usurp\u00e9 son identit\u00e9 et v\u00e9hicul\u00e9 de fausses informations.<\/p>\n\n\n\n<p>L&rsquo;islamiste a, par ailleurs, d\u00e9nonc\u00e9 l&#8217;empressement de la cha\u00eene de t\u00e9l\u00e9vision Attessia de lui attribuer la d\u00e9claration, sans le contacter au pr\u00e9alable, estimant qu&rsquo;il s&rsquo;agissait d&rsquo;\u00ab<em>un acte d\u00e9lictuel qui affecte la cr\u00e9dibilit\u00e9 des m\u00e9dias et qui transgresse la d\u00e9ontologie du journaliste<\/em>\u00bb, ajoutant qu&rsquo;il se r\u00e9serve le droit de porter plainte contre la cha\u00eene.<\/p>\n\n\n\n<p>Il a, dans le m\u00eame cadre, appel\u00e9 la Haute autorit\u00e9 de la communication audiovisuelle (Haica) \u00e0 \u00ab<em>faire face \u00e0 de telles pratiques qui menacent la coexistence et la s\u00e9curit\u00e9 des individus<\/em>\u00bb. Et de conclure : \u00ab<em>La corde du mensonge est courte, et vos diffamations ne feront qu\u2019augmenter notre insistance \u00e0 respecter nos principes et notre fermet\u00e9 sur le chemin de la v\u00e9rit\u00e9 et des nobles valeurs<\/em>\u00bb.<\/p>\n\n\n\n<p>Il s&rsquo;agissait certes d&rsquo;une bourde journalistique condamnable qui justifie la col\u00e8re de M. Bhiri, mais force est de constater que sa r\u00e9action est quelque peu exag\u00e9r\u00e9e, surtout qu&rsquo;en mati\u00e8re d&rsquo;\u00e9thique, de sinc\u00e9rit\u00e9 et de \u00ab<em>valeurs nobles<\/em>\u00bb, il est vraiment mal plac\u00e9 pour donner des le\u00e7ons.<\/p>\n\n\n\n<p>Par ailleurs, les faux comptes Facebook sont une pratique de la fachosph\u00e8re islamiste qui y recourt pour colporter des mensonges, des fake news et des rumeurs aux d\u00e9pends des adversaires du parti Ennahdha. Et dans le cas qui nous int\u00e9resse ici, le fraudeur a cherch\u00e9 \u00e0 porter atteinte au parti le plus hostile \u00e0 Ennahdha, le Parti destourien libre (PDL), et \u00e0 sa pr\u00e9sidente Abir Moussi. N&rsquo;est-ce pas l&rsquo;administrateur du faux compte Facebook que M. Bhiri aurait d\u00fb poursuivre en justice, mais s&rsquo;il ne le fait pas, c&rsquo;est parce qu&rsquo;il est presque s\u00fbr qu&rsquo;il s&rsquo;agit de l&rsquo;un des membres ou sympathisants de son parti.  <\/p>\n\n\n\n<p class=\"has-text-align-right\"><strong>C. B. Y.<\/strong><\/p>\n","protected":false},"excerpt":{"rendered":"<p>Apr\u00e8s avoir r\u00e9cup\u00e9r\u00e9 son t\u00e9l\u00e9phone portable, suite \u00e0 l&rsquo;arrestation de l&rsquo;individu qui le lui a vol\u00e9, le chef du bloc parlementaire d&rsquo;Ennahdha, Noureddine Bhiri, est revenu sur le statut facebook, publi\u00e9 par un compte portant son nom, \u00e0 travers lequel il aurait accus\u00e9 le Parti destourien libre (PDL) d&rsquo;\u00eatre derri\u00e8re ce vol.<\/p>\n","protected":false},"author":24,"featured_media":0,"comment_status":"open","ping_status":"open","sticky":false,"template":"","format":"standard","meta":{"footnotes":""},"categories":[996,997,2433],"tags":[77108,49543,1843,78939],"class_list":["post-323326","post","type-post","status-publish","format-standard","hentry","category-media","category-politique","category-tunisie","tag-attesia","tag-ennahdha","tag-haica","tag-noureddine-bhiri-2"],"yoast_head":"<!-- This site is optimized with the Yoast SEO plugin v26.6 - https:\/\/yoast.com\/wordpress\/plugins\/seo\/ -->\n<title>Bhiri nie avoir accus\u00e9 le PDL du vol de son t\u00e9l\u00e9phone et menace de porter plainte contre Attessia - Kapitalis<\/title>\n<meta name=\"robots\" content=\"index, follow, max-snippet:-1, max-image-preview:large, max-video-preview:-1\" \/>\n<link rel=\"canonical\" href=\"https:\/\/kapitalis.com\/tunisie\/2020\/11\/04\/bhiri-nie-avoir-accuse-le-pdl-du-vol-de-son-telephone-et-menace-de-porter-plainte-contre-attesia\/\" \/>\n<meta property=\"og:locale\" content=\"fr_FR\" \/>\n<meta property=\"og:type\" content=\"article\" \/>\n<meta property=\"og:title\" content=\"Bhiri nie avoir accus\u00e9 le PDL du vol de son t\u00e9l\u00e9phone et menace de porter plainte contre Attessia - Kapitalis\" \/>\n<meta property=\"og:description\" content=\"Apr\u00e8s avoir r\u00e9cup\u00e9r\u00e9 son t\u00e9l\u00e9phone portable, suite \u00e0 l&rsquo;arrestation de l&rsquo;individu qui le lui a vol\u00e9, le chef du bloc parlementaire d&rsquo;Ennahdha, Noureddine Bhiri, est revenu sur le statut facebook, publi\u00e9 par un compte portant son nom, \u00e0 travers lequel il aurait accus\u00e9 le Parti destourien libre (PDL) d&rsquo;\u00eatre derri\u00e8re ce vol.\" \/>\n<meta property=\"og:url\" content=\"https:\/\/kapitalis.com\/tunisie\/2020\/11\/04\/bhiri-nie-avoir-accuse-le-pdl-du-vol-de-son-telephone-et-menace-de-porter-plainte-contre-attesia\/\" \/>\n<meta property=\"og:site_name\" content=\"Kapitalis\" \/>\n<meta property=\"article:publisher\" content=\"https:\/\/www.facebook.com\/KapitalisInfo\/\" \/>\n<meta property=\"article:published_time\" content=\"2020-11-04T15:45:26+00:00\" \/>\n<meta property=\"article:modified_time\" content=\"2020-11-04T16:38:23+00:00\" \/>\n<meta property=\"og:image\" content=\"http:\/\/kapitalis.com\/tunisie\/wp-content\/uploads\/2019\/01\/Noureddine-Bhiri.jpg\" \/>\n<meta name=\"author\" content=\"Cherif Benyounes\" \/>\n<meta name=\"twitter:card\" content=\"summary_large_image\" \/>\n<meta name=\"twitter:creator\" content=\"@KapitalisInfo\" \/>\n<meta name=\"twitter:site\" content=\"@KapitalisInfo\" \/>\n<meta name=\"twitter:label1\" content=\"\u00c9crit par\" \/>\n\t<meta name=\"twitter:data1\" content=\"Cherif Benyounes\" \/>\n\t<meta name=\"twitter:label2\" content=\"Dur\u00e9e de lecture estim\u00e9e\" \/>\n\t<meta name=\"twitter:data2\" content=\"2 minutes\" \/>\n<script type=\"application\/ld+json\" class=\"yoast-schema-graph\">{\"@context\":\"https:\/\/schema.org\",\"@graph\":[{\"@type\":\"Article\",\"@id\":\"https:\/\/kapitalis.com\/tunisie\/2020\/11\/04\/bhiri-nie-avoir-accuse-le-pdl-du-vol-de-son-telephone-et-menace-de-porter-plainte-contre-attesia\/#article\",\"isPartOf\":{\"@id\":\"https:\/\/kapitalis.com\/tunisie\/2020\/11\/04\/bhiri-nie-avoir-accuse-le-pdl-du-vol-de-son-telephone-et-menace-de-porter-plainte-contre-attesia\/\"},\"author\":{\"name\":\"Cherif Benyounes\",\"@id\":\"https:\/\/kapitalis.com\/tunisie\/#\/schema\/person\/b35b8d631961131107263178aeb8019e\"},\"headline\":\"Bhiri nie avoir accus\u00e9 le PDL du vol de son t\u00e9l\u00e9phone et menace de porter plainte contre Attessia\",\"datePublished\":\"2020-11-04T15:45:26+00:00\",\"dateModified\":\"2020-11-04T16:38:23+00:00\",\"mainEntityOfPage\":{\"@id\":\"https:\/\/kapitalis.com\/tunisie\/2020\/11\/04\/bhiri-nie-avoir-accuse-le-pdl-du-vol-de-son-telephone-et-menace-de-porter-plainte-contre-attesia\/\"},\"wordCount\":410,\"commentCount\":4,\"publisher\":{\"@id\":\"https:\/\/kapitalis.com\/tunisie\/#organization\"},\"image\":{\"@id\":\"https:\/\/kapitalis.com\/tunisie\/2020\/11\/04\/bhiri-nie-avoir-accuse-le-pdl-du-vol-de-son-telephone-et-menace-de-porter-plainte-contre-attesia\/#primaryimage\"},\"thumbnailUrl\":\"http:\/\/kapitalis.com\/tunisie\/wp-content\/uploads\/2019\/01\/Noureddine-Bhiri.jpg\",\"keywords\":[\"attesia\",\"Ennahdha\",\"Haica\",\"Noureddine Bhiri\"],\"articleSection\":[\"MEDIA\",\"POLITIQUE\",\"Tunisie\"],\"inLanguage\":\"fr-FR\",\"potentialAction\":[{\"@type\":\"CommentAction\",\"name\":\"Comment\",\"target\":[\"https:\/\/kapitalis.com\/tunisie\/2020\/11\/04\/bhiri-nie-avoir-accuse-le-pdl-du-vol-de-son-telephone-et-menace-de-porter-plainte-contre-attesia\/#respond\"]}]},{\"@type\":\"WebPage\",\"@id\":\"https:\/\/kapitalis.com\/tunisie\/2020\/11\/04\/bhiri-nie-avoir-accuse-le-pdl-du-vol-de-son-telephone-et-menace-de-porter-plainte-contre-attesia\/\",\"url\":\"https:\/\/kapitalis.com\/tunisie\/2020\/11\/04\/bhiri-nie-avoir-accuse-le-pdl-du-vol-de-son-telephone-et-menace-de-porter-plainte-contre-attesia\/\",\"name\":\"Bhiri nie avoir accus\u00e9 le PDL du vol de son t\u00e9l\u00e9phone et menace de porter plainte contre Attessia - Kapitalis\",\"isPartOf\":{\"@id\":\"https:\/\/kapitalis.com\/tunisie\/#website\"},\"primaryImageOfPage\":{\"@id\":\"https:\/\/kapitalis.com\/tunisie\/2020\/11\/04\/bhiri-nie-avoir-accuse-le-pdl-du-vol-de-son-telephone-et-menace-de-porter-plainte-contre-attesia\/#primaryimage\"},\"image\":{\"@id\":\"https:\/\/kapitalis.com\/tunisie\/2020\/11\/04\/bhiri-nie-avoir-accuse-le-pdl-du-vol-de-son-telephone-et-menace-de-porter-plainte-contre-attesia\/#primaryimage\"},\"thumbnailUrl\":\"http:\/\/kapitalis.com\/tunisie\/wp-content\/uploads\/2019\/01\/Noureddine-Bhiri.jpg\",\"datePublished\":\"2020-11-04T15:45:26+00:00\",\"dateModified\":\"2020-11-04T16:38:23+00:00\",\"breadcrumb\":{\"@id\":\"https:\/\/kapitalis.com\/tunisie\/2020\/11\/04\/bhiri-nie-avoir-accuse-le-pdl-du-vol-de-son-telephone-et-menace-de-porter-plainte-contre-attesia\/#breadcrumb\"},\"inLanguage\":\"fr-FR\",\"potentialAction\":[{\"@type\":\"ReadAction\",\"target\":[\"https:\/\/kapitalis.com\/tunisie\/2020\/11\/04\/bhiri-nie-avoir-accuse-le-pdl-du-vol-de-son-telephone-et-menace-de-porter-plainte-contre-attesia\/\"]}]},{\"@type\":\"ImageObject\",\"inLanguage\":\"fr-FR\",\"@id\":\"https:\/\/kapitalis.com\/tunisie\/2020\/11\/04\/bhiri-nie-avoir-accuse-le-pdl-du-vol-de-son-telephone-et-menace-de-porter-plainte-contre-attesia\/#primaryimage\",\"url\":\"http:\/\/kapitalis.com\/tunisie\/wp-content\/uploads\/2019\/01\/Noureddine-Bhiri.jpg\",\"contentUrl\":\"http:\/\/kapitalis.com\/tunisie\/wp-content\/uploads\/2019\/01\/Noureddine-Bhiri.jpg\"},{\"@type\":\"BreadcrumbList\",\"@id\":\"https:\/\/kapitalis.com\/tunisie\/2020\/11\/04\/bhiri-nie-avoir-accuse-le-pdl-du-vol-de-son-telephone-et-menace-de-porter-plainte-contre-attesia\/#breadcrumb\",\"itemListElement\":[{\"@type\":\"ListItem\",\"position\":1,\"name\":\"Accueil\",\"item\":\"https:\/\/kapitalis.com\/tunisie\/\"},{\"@type\":\"ListItem\",\"position\":2,\"name\":\"Bhiri nie avoir accus\u00e9 le PDL du vol de son t\u00e9l\u00e9phone et menace de porter plainte contre Attessia\"}]},{\"@type\":\"WebSite\",\"@id\":\"https:\/\/kapitalis.com\/tunisie\/#website\",\"url\":\"https:\/\/kapitalis.com\/tunisie\/\",\"name\":\"Kapitalis\",\"description\":\"L&#039;actualit\u00e9 en Tunisie et dans le monde\",\"publisher\":{\"@id\":\"https:\/\/kapitalis.com\/tunisie\/#organization\"},\"potentialAction\":[{\"@type\":\"SearchAction\",\"target\":{\"@type\":\"EntryPoint\",\"urlTemplate\":\"https:\/\/kapitalis.com\/tunisie\/?s={search_term_string}\"},\"query-input\":{\"@type\":\"PropertyValueSpecification\",\"valueRequired\":true,\"valueName\":\"search_term_string\"}}],\"inLanguage\":\"fr-FR\"},{\"@type\":\"Organization\",\"@id\":\"https:\/\/kapitalis.com\/tunisie\/#organization\",\"name\":\"Kapitalis\",\"url\":\"https:\/\/kapitalis.com\/tunisie\/\",\"logo\":{\"@type\":\"ImageObject\",\"inLanguage\":\"fr-FR\",\"@id\":\"https:\/\/kapitalis.com\/tunisie\/#\/schema\/logo\/image\/\",\"url\":\"https:\/\/kapitalis.com\/tunisie\/wp-content\/uploads\/2022\/05\/Kapitalis-big-size.png\",\"contentUrl\":\"https:\/\/kapitalis.com\/tunisie\/wp-content\/uploads\/2022\/05\/Kapitalis-big-size.png\",\"width\":5000,\"height\":1500,\"caption\":\"Kapitalis\"},\"image\":{\"@id\":\"https:\/\/kapitalis.com\/tunisie\/#\/schema\/logo\/image\/\"},\"sameAs\":[\"https:\/\/www.facebook.com\/KapitalisInfo\/\",\"https:\/\/x.com\/KapitalisInfo\",\"https:\/\/www.youtube.com\/channel\/UC-yDYrHyfFBWWZaOw3FPg9Q\"]},{\"@type\":\"Person\",\"@id\":\"https:\/\/kapitalis.com\/tunisie\/#\/schema\/person\/b35b8d631961131107263178aeb8019e\",\"name\":\"Cherif Benyounes\",\"url\":\"https:\/\/kapitalis.com\/tunisie\/author\/cherif\/\"}]}<\/script>\n<!-- \/ Yoast SEO plugin. -->","yoast_head_json":{"title":"Bhiri nie avoir accus\u00e9 le PDL du vol de son t\u00e9l\u00e9phone et menace de porter plainte contre Attessia - Kapitalis","robots":{"index":"index","follow":"follow","max-snippet":"max-snippet:-1","max-image-preview":"max-image-preview:large","max-video-preview":"max-video-preview:-1"},"canonical":"https:\/\/kapitalis.com\/tunisie\/2020\/11\/04\/bhiri-nie-avoir-accuse-le-pdl-du-vol-de-son-telephone-et-menace-de-porter-plainte-contre-attesia\/","og_locale":"fr_FR","og_type":"article","og_title":"Bhiri nie avoir accus\u00e9 le PDL du vol de son t\u00e9l\u00e9phone et menace de porter plainte contre Attessia - Kapitalis","og_description":"Apr\u00e8s avoir r\u00e9cup\u00e9r\u00e9 son t\u00e9l\u00e9phone portable, suite \u00e0 l&rsquo;arrestation de l&rsquo;individu qui le lui a vol\u00e9, le chef du bloc parlementaire d&rsquo;Ennahdha, Noureddine Bhiri, est revenu sur le statut facebook, publi\u00e9 par un compte portant son nom, \u00e0 travers lequel il aurait accus\u00e9 le Parti destourien libre (PDL) d&rsquo;\u00eatre derri\u00e8re ce vol.","og_url":"https:\/\/kapitalis.com\/tunisie\/2020\/11\/04\/bhiri-nie-avoir-accuse-le-pdl-du-vol-de-son-telephone-et-menace-de-porter-plainte-contre-attesia\/","og_site_name":"Kapitalis","article_publisher":"https:\/\/www.facebook.com\/KapitalisInfo\/","article_published_time":"2020-11-04T15:45:26+00:00","article_modified_time":"2020-11-04T16:38:23+00:00","og_image":[{"url":"http:\/\/kapitalis.com\/tunisie\/wp-content\/uploads\/2019\/01\/Noureddine-Bhiri.jpg","type":"","width":"","height":""}],"author":"Cherif Benyounes","twitter_card":"summary_large_image","twitter_creator":"@KapitalisInfo","twitter_site":"@KapitalisInfo","twitter_misc":{"\u00c9crit par":"Cherif Benyounes","Dur\u00e9e de lecture estim\u00e9e":"2 minutes"},"schema":{"@context":"https:\/\/schema.org","@graph":[{"@type":"Article","@id":"https:\/\/kapitalis.com\/tunisie\/2020\/11\/04\/bhiri-nie-avoir-accuse-le-pdl-du-vol-de-son-telephone-et-menace-de-porter-plainte-contre-attesia\/#article","isPartOf":{"@id":"https:\/\/kapitalis.com\/tunisie\/2020\/11\/04\/bhiri-nie-avoir-accuse-le-pdl-du-vol-de-son-telephone-et-menace-de-porter-plainte-contre-attesia\/"},"author":{"name":"Cherif Benyounes","@id":"https:\/\/kapitalis.com\/tunisie\/#\/schema\/person\/b35b8d631961131107263178aeb8019e"},"headline":"Bhiri nie avoir accus\u00e9 le PDL du vol de son t\u00e9l\u00e9phone et menace de porter plainte contre Attessia","datePublished":"2020-11-04T15:45:26+00:00","dateModified":"2020-11-04T16:38:23+00:00","mainEntityOfPage":{"@id":"https:\/\/kapitalis.com\/tunisie\/2020\/11\/04\/bhiri-nie-avoir-accuse-le-pdl-du-vol-de-son-telephone-et-menace-de-porter-plainte-contre-attesia\/"},"wordCount":410,"commentCount":4,"publisher":{"@id":"https:\/\/kapitalis.com\/tunisie\/#organization"},"image":{"@id":"https:\/\/kapitalis.com\/tunisie\/2020\/11\/04\/bhiri-nie-avoir-accuse-le-pdl-du-vol-de-son-telephone-et-menace-de-porter-plainte-contre-attesia\/#primaryimage"},"thumbnailUrl":"http:\/\/kapitalis.com\/tunisie\/wp-content\/uploads\/2019\/01\/Noureddine-Bhiri.jpg","keywords":["attesia","Ennahdha","Haica","Noureddine Bhiri"],"articleSection":["MEDIA","POLITIQUE","Tunisie"],"inLanguage":"fr-FR","potentialAction":[{"@type":"CommentAction","name":"Comment","target":["https:\/\/kapitalis.com\/tunisie\/2020\/11\/04\/bhiri-nie-avoir-accuse-le-pdl-du-vol-de-son-telephone-et-menace-de-porter-plainte-contre-attesia\/#respond"]}]},{"@type":"WebPage","@id":"https:\/\/kapitalis.com\/tunisie\/2020\/11\/04\/bhiri-nie-avoir-accuse-le-pdl-du-vol-de-son-telephone-et-menace-de-porter-plainte-contre-attesia\/","url":"https:\/\/kapitalis.com\/tunisie\/2020\/11\/04\/bhiri-nie-avoir-accuse-le-pdl-du-vol-de-son-telephone-et-menace-de-porter-plainte-contre-attesia\/","name":"Bhiri nie avoir accus\u00e9 le PDL du vol de son t\u00e9l\u00e9phone et menace de porter plainte contre Attessia - Kapitalis","isPartOf":{"@id":"https:\/\/kapitalis.com\/tunisie\/#website"},"primaryImageOfPage":{"@id":"https:\/\/kapitalis.com\/tunisie\/2020\/11\/04\/bhiri-nie-avoir-accuse-le-pdl-du-vol-de-son-telephone-et-menace-de-porter-plainte-contre-attesia\/#primaryimage"},"image":{"@id":"https:\/\/kapitalis.com\/tunisie\/2020\/11\/04\/bhiri-nie-avoir-accuse-le-pdl-du-vol-de-son-telephone-et-menace-de-porter-plainte-contre-attesia\/#primaryimage"},"thumbnailUrl":"http:\/\/kapitalis.com\/tunisie\/wp-content\/uploads\/2019\/01\/Noureddine-Bhiri.jpg","datePublished":"2020-11-04T15:45:26+00:00","dateModified":"2020-11-04T16:38:23+00:00","breadcrumb":{"@id":"https:\/\/kapitalis.com\/tunisie\/2020\/11\/04\/bhiri-nie-avoir-accuse-le-pdl-du-vol-de-son-telephone-et-menace-de-porter-plainte-contre-attesia\/#breadcrumb"},"inLanguage":"fr-FR","potentialAction":[{"@type":"ReadAction","target":["https:\/\/kapitalis.com\/tunisie\/2020\/11\/04\/bhiri-nie-avoir-accuse-le-pdl-du-vol-de-son-telephone-et-menace-de-porter-plainte-contre-attesia\/"]}]},{"@type":"ImageObject","inLanguage":"fr-FR","@id":"https:\/\/kapitalis.com\/tunisie\/2020\/11\/04\/bhiri-nie-avoir-accuse-le-pdl-du-vol-de-son-telephone-et-menace-de-porter-plainte-contre-attesia\/#primaryimage","url":"http:\/\/kapitalis.com\/tunisie\/wp-content\/uploads\/2019\/01\/Noureddine-Bhiri.jpg","contentUrl":"http:\/\/kapitalis.com\/tunisie\/wp-content\/uploads\/2019\/01\/Noureddine-Bhiri.jpg"},{"@type":"BreadcrumbList","@id":"https:\/\/kapitalis.com\/tunisie\/2020\/11\/04\/bhiri-nie-avoir-accuse-le-pdl-du-vol-de-son-telephone-et-menace-de-porter-plainte-contre-attesia\/#breadcrumb","itemListElement":[{"@type":"ListItem","position":1,"name":"Accueil","item":"https:\/\/kapitalis.com\/tunisie\/"},{"@type":"ListItem","position":2,"name":"Bhiri nie avoir accus\u00e9 le PDL du vol de son t\u00e9l\u00e9phone et menace de porter plainte contre Attessia"}]},{"@type":"WebSite","@id":"https:\/\/kapitalis.com\/tunisie\/#website","url":"https:\/\/kapitalis.com\/tunisie\/","name":"Kapitalis","description":"L&#039;actualit\u00e9 en Tunisie et dans le monde","publisher":{"@id":"https:\/\/kapitalis.com\/tunisie\/#organization"},"potentialAction":[{"@type":"SearchAction","target":{"@type":"EntryPoint","urlTemplate":"https:\/\/kapitalis.com\/tunisie\/?s={search_term_string}"},"query-input":{"@type":"PropertyValueSpecification","valueRequired":true,"valueName":"search_term_string"}}],"inLanguage":"fr-FR"},{"@type":"Organization","@id":"https:\/\/kapitalis.com\/tunisie\/#organization","name":"Kapitalis","url":"https:\/\/kapitalis.com\/tunisie\/","logo":{"@type":"ImageObject","inLanguage":"fr-FR","@id":"https:\/\/kapitalis.com\/tunisie\/#\/schema\/logo\/image\/","url":"https:\/\/kapitalis.com\/tunisie\/wp-content\/uploads\/2022\/05\/Kapitalis-big-size.png","contentUrl":"https:\/\/kapitalis.com\/tunisie\/wp-content\/uploads\/2022\/05\/Kapitalis-big-size.png","width":5000,"height":1500,"caption":"Kapitalis"},"image":{"@id":"https:\/\/kapitalis.com\/tunisie\/#\/schema\/logo\/image\/"},"sameAs":["https:\/\/www.facebook.com\/KapitalisInfo\/","https:\/\/x.com\/KapitalisInfo","https:\/\/www.youtube.com\/channel\/UC-yDYrHyfFBWWZaOw3FPg9Q"]},{"@type":"Person","@id":"https:\/\/kapitalis.com\/tunisie\/#\/schema\/person\/b35b8d631961131107263178aeb8019e","name":"Cherif Benyounes","url":"https:\/\/kapitalis.com\/tunisie\/author\/cherif\/"}]}},"_links":{"self":[{"href":"https:\/\/kapitalis.com\/tunisie\/wp-json\/wp\/v2\/posts\/323326","targetHints":{"allow":["GET"]}}],"collection":[{"href":"https:\/\/kapitalis.com\/tunisie\/wp-json\/wp\/v2\/posts"}],"about":[{"href":"https:\/\/kapitalis.com\/tunisie\/wp-json\/wp\/v2\/types\/post"}],"author":[{"embeddable":true,"href":"https:\/\/kapitalis.com\/tunisie\/wp-json\/wp\/v2\/users\/24"}],"replies":[{"embeddable":true,"href":"https:\/\/kapitalis.com\/tunisie\/wp-json\/wp\/v2\/comments?post=323326"}],"version-history":[{"count":0,"href":"https:\/\/kapitalis.com\/tunisie\/wp-json\/wp\/v2\/posts\/323326\/revisions"}],"wp:attachment":[{"href":"https:\/\/kapitalis.com\/tunisie\/wp-json\/wp\/v2\/media?parent=323326"}],"wp:term":[{"taxonomy":"category","embeddable":true,"href":"https:\/\/kapitalis.com\/tunisie\/wp-json\/wp\/v2\/categories?post=323326"},{"taxonomy":"post_tag","embeddable":true,"href":"https:\/\/kapitalis.com\/tunisie\/wp-json\/wp\/v2\/tags?post=323326"}],"curies":[{"name":"wp","href":"https:\/\/api.w.org\/{rel}","templated":true}]}}