{"id":323590,"date":"2020-11-06T10:42:00","date_gmt":"2020-11-06T09:42:00","guid":{"rendered":"http:\/\/kapitalis.com\/tunisie\/?p=323590"},"modified":"2020-11-06T18:57:10","modified_gmt":"2020-11-06T17:57:10","slug":"nabil-karoui-risque-5-ans-de-prison-pour-financement-etranger-de-sa-campagne-electorale","status":"publish","type":"post","link":"https:\/\/kapitalis.com\/tunisie\/2020\/11\/06\/nabil-karoui-risque-5-ans-de-prison-pour-financement-etranger-de-sa-campagne-electorale\/","title":{"rendered":"Nabil Karoui risque 5 ans de prison pour financement \u00e9tranger de sa campagne \u00e9lectorale"},"content":{"rendered":"\n<figure class=\"wp-block-image size-large\"><img decoding=\"async\" src=\"http:\/\/kapitalis.com\/tunisie\/wp-content\/uploads\/2019\/10\/Ari-Ben-Menashe-Nabil-karoui.jpg\" alt=\"\" class=\"wp-image-245409\"\/><figcaption><em>Nabil Karoui et son lobbyiste isra\u00e9lien<\/em> <em>Ari Ben-Menashe<\/em>.<\/figcaption><\/figure>\n\n\n\n<p><strong><em>Les frais du cabinet de lobbying Dickens and Madson d\u2019Ari Ben-Menashe, l\u2019ancien agent du Mossad, le service de renseignement isra\u00e9lien, charg\u00e9 par Nabil Karoui de faire la communication de sa derni\u00e8re campagne \u00e9lectorale pour la pr\u00e9sidentielle \u00e0 partir de l\u2019ext\u00e9rieur, ont \u00e9t\u00e9 pay\u00e9s par des comptes bas\u00e9s \u00e0 l\u2019\u00e9tranger.<\/em><\/strong><\/p>\n\n\n\n<!--more-->\n\n\n\n<p>Le rapport de la Cour des comptes sur le financement des \u00e9lections de 2019, remis hier, jeudi 5 octobre 2020, au pr\u00e9sident de la r\u00e9publique, Ka\u00efs Sa\u00efed, au pr\u00e9sident de l\u2019Assembl\u00e9e des repr\u00e9sentants du peuple (ARP), Rached Ghannouchi, et au chef du gouvernement Hichem Mechichi, revient sur les d\u00e9tails de cette op\u00e9ration qui avait fait couler beaucoup d\u2019encore la veille de derni\u00e8res \u00e9lections. On apprend dans ce rapport ce que l\u2019on sait d\u00e9j\u00e0, \u00e0 savoir que le contrat avec Ben-Menashe a \u00e9t\u00e9 conclu avec des personnes proches de Nabil Karoui et que le lobbyiste a \u00e9t\u00e9 pay\u00e9, notamment, par un ch\u00e8que \u00e9mis des Emirats arabes unis \u00e0 partir d\u2019un compte appartenant \u00e0 Salwa Smaoui, l\u2019\u00e9pouse de M. Karoui. Or, une pareille op\u00e9ration rentre dans le cadre du financement \u00e9tranger de la campagne \u00e9lectorale du patron de Nessma TV et tombe sous le coup de la loi.<\/p>\n\n\n\n<p>Selon l\u2019article 163 de la loi \u00e9lectorale tunisienne, et en tenant compte de l\u2019article 80, une liste ou un candidat qui finance sa campagne \u00e9lectorale par des fonds \u00e9trangers est sanctionn\u00e9 par une amende dont le montant \u00e9quivaut entre 10 et 50 fois la valeur du financement \u00e9tranger prouv\u00e9. Pire encore, en cas d\u2019\u00e9lection, les membres de la liste ayant b\u00e9n\u00e9fici\u00e9 de ce financement perdent automatiquement leur si\u00e8ge au parlement.<\/p>\n\n\n\n<p>Est-ce \u00e0 dire que Qalb Tounes risque de perdre tous ses si\u00e8ges \u00e0 l\u2019Assembl\u00e9e?<\/p>\n\n\n\n<p>S\u2019agissant d\u2019un candidat \u00e0 la pr\u00e9sidentielle, le b\u00e9n\u00e9ficiaire d\u2019un financement \u00e9tranger, et c\u2019est le cas de Nabil Karoui, risque jusqu\u2019\u00e0 5 ans de prison. Encore faut-il que le rapport de la Cour des Comptes ait une quelconque valeur aux yeux des trois t\u00eates de l\u2019Etat et qu\u2019il soit suivi d\u2019effet sur le plan judiciaire.<\/p>\n\n\n\n<p>En attendant d\u2019y voir plus clair dans cette sombre affaire, dans cette r\u00e9publique banani\u00e8re de Tunisie, une v\u00e9ritable d\u00e9mocratie d\u2019op\u00e9rette, M. Karoui continue de faire le tour des m\u00e9dias audio-visuels et de hanter les couloirs du palais de la Kasbah, marquant \u00e0 la culotte le chef du gouvernement, pour emprunter le jargon des footballeurs, et lui dictant m\u00eame certaines de ses d\u00e9cisions.<\/p>\n\n\n\n<p class=\"has-text-align-right\"><strong>Imed Bahri<\/strong><\/p>\n\n\n\n<figure class=\"wp-block-embed-wordpress wp-block-embed is-type-wp-embed is-provider-kapitalis\"><div class=\"wp-block-embed__wrapper\">\n<blockquote class=\"wp-embedded-content\" data-secret=\"tcWBigvDox\"><a href=\"https:\/\/kapitalis.com\/tunisie\/2019\/10\/10\/ari-ben-menashe-karoui-favorable-a-une-alliance-avec-ennahdha-pour-acceder-au-pouvoir\/\">Ari Ben Menashe : Karoui favorable \u00e0 une alliance avec Ennahdha pour acc\u00e9der au pouvoir<\/a><\/blockquote><iframe loading=\"lazy\" class=\"wp-embedded-content\" sandbox=\"allow-scripts\" security=\"restricted\" style=\"position: absolute; clip: rect(1px, 1px, 1px, 1px);\" title=\"\u00ab\u00a0Ari Ben Menashe : Karoui favorable \u00e0 une alliance avec Ennahdha pour acc\u00e9der au pouvoir\u00a0\u00bb &#8212; Kapitalis\" src=\"https:\/\/kapitalis.com\/tunisie\/2019\/10\/10\/ari-ben-menashe-karoui-favorable-a-une-alliance-avec-ennahdha-pour-acceder-au-pouvoir\/embed\/#?secret=m7ygQJsmFZ#?secret=tcWBigvDox\" data-secret=\"tcWBigvDox\" width=\"600\" height=\"338\" frameborder=\"0\" marginwidth=\"0\" marginheight=\"0\" scrolling=\"no\"><\/iframe>\n<\/div><\/figure>\n\n\n\n<figure class=\"wp-block-embed-wordpress wp-block-embed is-type-wp-embed is-provider-kapitalis\"><div class=\"wp-block-embed__wrapper\">\n<blockquote class=\"wp-embedded-content\" data-secret=\"sOgF0g1iOo\"><a href=\"https:\/\/kapitalis.com\/tunisie\/2019\/10\/10\/zouhair-taba-a-finalement-diffuse-lentretien-avec-le-lobbyiste-ari-ben-menashe-sur-youtube\/\">Zouhair Taba a finalement diffus\u00e9 l&rsquo;entretien avec le lobbyiste Ari Ben-Menashe sur Youtube<\/a><\/blockquote><iframe loading=\"lazy\" class=\"wp-embedded-content\" sandbox=\"allow-scripts\" security=\"restricted\" style=\"position: absolute; clip: rect(1px, 1px, 1px, 1px);\" title=\"\u00ab\u00a0Zouhair Taba a finalement diffus\u00e9 l&rsquo;entretien avec le lobbyiste Ari Ben-Menashe sur Youtube\u00a0\u00bb &#8212; Kapitalis\" src=\"https:\/\/kapitalis.com\/tunisie\/2019\/10\/10\/zouhair-taba-a-finalement-diffuse-lentretien-avec-le-lobbyiste-ari-ben-menashe-sur-youtube\/embed\/#?secret=pyKONPQ5wg#?secret=sOgF0g1iOo\" data-secret=\"sOgF0g1iOo\" width=\"600\" height=\"338\" frameborder=\"0\" marginwidth=\"0\" marginheight=\"0\" scrolling=\"no\"><\/iframe>\n<\/div><\/figure>\n\n\n\n<figure class=\"wp-block-embed-wordpress wp-block-embed is-type-wp-embed is-provider-kapitalis\"><div class=\"wp-block-embed__wrapper\">\n<blockquote class=\"wp-embedded-content\" data-secret=\"pmuER6SdYK\"><a href=\"https:\/\/kapitalis.com\/tunisie\/2019\/10\/09\/de-recentes-declarations-dari-ben-menashe-contribuent-a-impliquer-nabil-karoui-encore-plus-dans-laffaire-du-lobbying\/\">De r\u00e9centes d\u00e9clarations d&rsquo;Ari Ben-Menashe contribuent \u00e0 impliquer Nabil Karoui, encore plus, dans l&rsquo;affaire du lobbying<\/a><\/blockquote><iframe loading=\"lazy\" class=\"wp-embedded-content\" sandbox=\"allow-scripts\" security=\"restricted\" style=\"position: absolute; clip: rect(1px, 1px, 1px, 1px);\" title=\"\u00ab\u00a0De r\u00e9centes d\u00e9clarations d&rsquo;Ari Ben-Menashe contribuent \u00e0 impliquer Nabil Karoui, encore plus, dans l&rsquo;affaire du lobbying\u00a0\u00bb &#8212; Kapitalis\" src=\"https:\/\/kapitalis.com\/tunisie\/2019\/10\/09\/de-recentes-declarations-dari-ben-menashe-contribuent-a-impliquer-nabil-karoui-encore-plus-dans-laffaire-du-lobbying\/embed\/#?secret=G5uNmD2dWm#?secret=pmuER6SdYK\" data-secret=\"pmuER6SdYK\" width=\"600\" height=\"338\" frameborder=\"0\" marginwidth=\"0\" marginheight=\"0\" scrolling=\"no\"><\/iframe>\n<\/div><\/figure>\n","protected":false},"excerpt":{"rendered":"<p>Les frais du cabinet de lobbying Dickens and Madson d\u2019Ari Ben-Menashe, l\u2019ancien agent du Mossad, le service de renseignement isra\u00e9lien, charg\u00e9 par Nabil Karoui de faire la communication de sa derni\u00e8re campagne \u00e9lectorale pour la pr\u00e9sidentielle \u00e0 partir de l\u2019ext\u00e9rieur, ont \u00e9t\u00e9 pay\u00e9s par des comptes bas\u00e9s \u00e0 l\u2019\u00e9tranger.<\/p>\n","protected":false},"author":8,"featured_media":0,"comment_status":"open","ping_status":"open","sticky":false,"template":"","format":"standard","meta":{"footnotes":""},"categories":[997,2433],"tags":[84547,65770,2330,65769,74899,76012,651,61989,758],"class_list":["post-323590","post","type-post","status-publish","format-standard","hentry","category-politique","category-tunisie","tag-amel-smaoui","tag-ari-ben-menashe","tag-cour-des-comptes","tag-dickens-and-madson","tag-hichem-mechichi","tag-kais-saied-2","tag-nabil-karoui","tag-qalb-tounes","tag-rached-ghannouchi"],"yoast_head":"<!-- This site is optimized with the Yoast SEO plugin v26.6 - https:\/\/yoast.com\/wordpress\/plugins\/seo\/ -->\n<title>Nabil Karoui risque 5 ans de prison pour financement \u00e9tranger de sa campagne \u00e9lectorale - Kapitalis<\/title>\n<meta name=\"robots\" content=\"index, follow, max-snippet:-1, max-image-preview:large, max-video-preview:-1\" \/>\n<link rel=\"canonical\" href=\"https:\/\/kapitalis.com\/tunisie\/2020\/11\/06\/nabil-karoui-risque-5-ans-de-prison-pour-financement-etranger-de-sa-campagne-electorale\/\" \/>\n<meta property=\"og:locale\" content=\"fr_FR\" \/>\n<meta property=\"og:type\" content=\"article\" \/>\n<meta property=\"og:title\" content=\"Nabil Karoui risque 5 ans de prison pour financement \u00e9tranger de sa campagne \u00e9lectorale - Kapitalis\" \/>\n<meta property=\"og:description\" content=\"Les frais du cabinet de lobbying Dickens and Madson d\u2019Ari Ben-Menashe, l\u2019ancien agent du Mossad, le service de renseignement isra\u00e9lien, charg\u00e9 par Nabil Karoui de faire la communication de sa derni\u00e8re campagne \u00e9lectorale pour la pr\u00e9sidentielle \u00e0 partir de l\u2019ext\u00e9rieur, ont \u00e9t\u00e9 pay\u00e9s par des comptes bas\u00e9s \u00e0 l\u2019\u00e9tranger.\" \/>\n<meta property=\"og:url\" content=\"https:\/\/kapitalis.com\/tunisie\/2020\/11\/06\/nabil-karoui-risque-5-ans-de-prison-pour-financement-etranger-de-sa-campagne-electorale\/\" \/>\n<meta property=\"og:site_name\" content=\"Kapitalis\" \/>\n<meta property=\"article:publisher\" content=\"https:\/\/www.facebook.com\/KapitalisInfo\/\" \/>\n<meta property=\"article:published_time\" content=\"2020-11-06T09:42:00+00:00\" \/>\n<meta property=\"article:modified_time\" content=\"2020-11-06T17:57:10+00:00\" \/>\n<meta property=\"og:image\" content=\"http:\/\/kapitalis.com\/tunisie\/wp-content\/uploads\/2019\/10\/Ari-Ben-Menashe-Nabil-karoui.jpg\" \/>\n<meta name=\"author\" content=\"webmaster kapitalis\" \/>\n<meta name=\"twitter:card\" content=\"summary_large_image\" \/>\n<meta name=\"twitter:creator\" content=\"@KapitalisInfo\" \/>\n<meta name=\"twitter:site\" content=\"@KapitalisInfo\" \/>\n<meta name=\"twitter:label1\" content=\"\u00c9crit par\" \/>\n\t<meta name=\"twitter:data1\" content=\"webmaster kapitalis\" \/>\n\t<meta name=\"twitter:label2\" content=\"Dur\u00e9e de lecture estim\u00e9e\" \/>\n\t<meta name=\"twitter:data2\" content=\"2 minutes\" \/>\n<script type=\"application\/ld+json\" class=\"yoast-schema-graph\">{\"@context\":\"https:\/\/schema.org\",\"@graph\":[{\"@type\":\"Article\",\"@id\":\"https:\/\/kapitalis.com\/tunisie\/2020\/11\/06\/nabil-karoui-risque-5-ans-de-prison-pour-financement-etranger-de-sa-campagne-electorale\/#article\",\"isPartOf\":{\"@id\":\"https:\/\/kapitalis.com\/tunisie\/2020\/11\/06\/nabil-karoui-risque-5-ans-de-prison-pour-financement-etranger-de-sa-campagne-electorale\/\"},\"author\":{\"name\":\"webmaster kapitalis\",\"@id\":\"https:\/\/kapitalis.com\/tunisie\/#\/schema\/person\/d71f33a9ca44f7bad4698210b480c8e9\"},\"headline\":\"Nabil Karoui risque 5 ans de prison pour financement \u00e9tranger de sa campagne \u00e9lectorale\",\"datePublished\":\"2020-11-06T09:42:00+00:00\",\"dateModified\":\"2020-11-06T17:57:10+00:00\",\"mainEntityOfPage\":{\"@id\":\"https:\/\/kapitalis.com\/tunisie\/2020\/11\/06\/nabil-karoui-risque-5-ans-de-prison-pour-financement-etranger-de-sa-campagne-electorale\/\"},\"wordCount\":475,\"commentCount\":10,\"publisher\":{\"@id\":\"https:\/\/kapitalis.com\/tunisie\/#organization\"},\"image\":{\"@id\":\"https:\/\/kapitalis.com\/tunisie\/2020\/11\/06\/nabil-karoui-risque-5-ans-de-prison-pour-financement-etranger-de-sa-campagne-electorale\/#primaryimage\"},\"thumbnailUrl\":\"http:\/\/kapitalis.com\/tunisie\/wp-content\/uploads\/2019\/10\/Ari-Ben-Menashe-Nabil-karoui.jpg\",\"keywords\":[\"Amel Smaoui\",\"Ari Ben-Menashe\",\"Cour des comptes\",\"Dickens and Madson\",\"Hichem Mechichi\",\"Ka\u00efs Sa\u00efed\",\"Nabil Karoui\",\"Qalb Tounes\",\"Rached Ghannouchi\"],\"articleSection\":[\"POLITIQUE\",\"Tunisie\"],\"inLanguage\":\"fr-FR\",\"potentialAction\":[{\"@type\":\"CommentAction\",\"name\":\"Comment\",\"target\":[\"https:\/\/kapitalis.com\/tunisie\/2020\/11\/06\/nabil-karoui-risque-5-ans-de-prison-pour-financement-etranger-de-sa-campagne-electorale\/#respond\"]}]},{\"@type\":\"WebPage\",\"@id\":\"https:\/\/kapitalis.com\/tunisie\/2020\/11\/06\/nabil-karoui-risque-5-ans-de-prison-pour-financement-etranger-de-sa-campagne-electorale\/\",\"url\":\"https:\/\/kapitalis.com\/tunisie\/2020\/11\/06\/nabil-karoui-risque-5-ans-de-prison-pour-financement-etranger-de-sa-campagne-electorale\/\",\"name\":\"Nabil Karoui risque 5 ans de prison pour financement \u00e9tranger de sa campagne \u00e9lectorale - Kapitalis\",\"isPartOf\":{\"@id\":\"https:\/\/kapitalis.com\/tunisie\/#website\"},\"primaryImageOfPage\":{\"@id\":\"https:\/\/kapitalis.com\/tunisie\/2020\/11\/06\/nabil-karoui-risque-5-ans-de-prison-pour-financement-etranger-de-sa-campagne-electorale\/#primaryimage\"},\"image\":{\"@id\":\"https:\/\/kapitalis.com\/tunisie\/2020\/11\/06\/nabil-karoui-risque-5-ans-de-prison-pour-financement-etranger-de-sa-campagne-electorale\/#primaryimage\"},\"thumbnailUrl\":\"http:\/\/kapitalis.com\/tunisie\/wp-content\/uploads\/2019\/10\/Ari-Ben-Menashe-Nabil-karoui.jpg\",\"datePublished\":\"2020-11-06T09:42:00+00:00\",\"dateModified\":\"2020-11-06T17:57:10+00:00\",\"breadcrumb\":{\"@id\":\"https:\/\/kapitalis.com\/tunisie\/2020\/11\/06\/nabil-karoui-risque-5-ans-de-prison-pour-financement-etranger-de-sa-campagne-electorale\/#breadcrumb\"},\"inLanguage\":\"fr-FR\",\"potentialAction\":[{\"@type\":\"ReadAction\",\"target\":[\"https:\/\/kapitalis.com\/tunisie\/2020\/11\/06\/nabil-karoui-risque-5-ans-de-prison-pour-financement-etranger-de-sa-campagne-electorale\/\"]}]},{\"@type\":\"ImageObject\",\"inLanguage\":\"fr-FR\",\"@id\":\"https:\/\/kapitalis.com\/tunisie\/2020\/11\/06\/nabil-karoui-risque-5-ans-de-prison-pour-financement-etranger-de-sa-campagne-electorale\/#primaryimage\",\"url\":\"\",\"contentUrl\":\"\"},{\"@type\":\"BreadcrumbList\",\"@id\":\"https:\/\/kapitalis.com\/tunisie\/2020\/11\/06\/nabil-karoui-risque-5-ans-de-prison-pour-financement-etranger-de-sa-campagne-electorale\/#breadcrumb\",\"itemListElement\":[{\"@type\":\"ListItem\",\"position\":1,\"name\":\"Accueil\",\"item\":\"https:\/\/kapitalis.com\/tunisie\/\"},{\"@type\":\"ListItem\",\"position\":2,\"name\":\"Nabil Karoui risque 5 ans de prison pour financement \u00e9tranger de sa campagne \u00e9lectorale\"}]},{\"@type\":\"WebSite\",\"@id\":\"https:\/\/kapitalis.com\/tunisie\/#website\",\"url\":\"https:\/\/kapitalis.com\/tunisie\/\",\"name\":\"Kapitalis\",\"description\":\"L&#039;actualit\u00e9 en Tunisie et dans le monde\",\"publisher\":{\"@id\":\"https:\/\/kapitalis.com\/tunisie\/#organization\"},\"potentialAction\":[{\"@type\":\"SearchAction\",\"target\":{\"@type\":\"EntryPoint\",\"urlTemplate\":\"https:\/\/kapitalis.com\/tunisie\/?s={search_term_string}\"},\"query-input\":{\"@type\":\"PropertyValueSpecification\",\"valueRequired\":true,\"valueName\":\"search_term_string\"}}],\"inLanguage\":\"fr-FR\"},{\"@type\":\"Organization\",\"@id\":\"https:\/\/kapitalis.com\/tunisie\/#organization\",\"name\":\"Kapitalis\",\"url\":\"https:\/\/kapitalis.com\/tunisie\/\",\"logo\":{\"@type\":\"ImageObject\",\"inLanguage\":\"fr-FR\",\"@id\":\"https:\/\/kapitalis.com\/tunisie\/#\/schema\/logo\/image\/\",\"url\":\"https:\/\/kapitalis.com\/tunisie\/wp-content\/uploads\/2022\/05\/Kapitalis-big-size.png\",\"contentUrl\":\"https:\/\/kapitalis.com\/tunisie\/wp-content\/uploads\/2022\/05\/Kapitalis-big-size.png\",\"width\":5000,\"height\":1500,\"caption\":\"Kapitalis\"},\"image\":{\"@id\":\"https:\/\/kapitalis.com\/tunisie\/#\/schema\/logo\/image\/\"},\"sameAs\":[\"https:\/\/www.facebook.com\/KapitalisInfo\/\",\"https:\/\/x.com\/KapitalisInfo\",\"https:\/\/www.youtube.com\/channel\/UC-yDYrHyfFBWWZaOw3FPg9Q\"]},{\"@type\":\"Person\",\"@id\":\"https:\/\/kapitalis.com\/tunisie\/#\/schema\/person\/d71f33a9ca44f7bad4698210b480c8e9\",\"name\":\"webmaster kapitalis\",\"url\":\"https:\/\/kapitalis.com\/tunisie\/author\/webmaster-kapitalis\/\"}]}<\/script>\n<!-- \/ Yoast SEO plugin. -->","yoast_head_json":{"title":"Nabil Karoui risque 5 ans de prison pour financement \u00e9tranger de sa campagne \u00e9lectorale - Kapitalis","robots":{"index":"index","follow":"follow","max-snippet":"max-snippet:-1","max-image-preview":"max-image-preview:large","max-video-preview":"max-video-preview:-1"},"canonical":"https:\/\/kapitalis.com\/tunisie\/2020\/11\/06\/nabil-karoui-risque-5-ans-de-prison-pour-financement-etranger-de-sa-campagne-electorale\/","og_locale":"fr_FR","og_type":"article","og_title":"Nabil Karoui risque 5 ans de prison pour financement \u00e9tranger de sa campagne \u00e9lectorale - Kapitalis","og_description":"Les frais du cabinet de lobbying Dickens and Madson d\u2019Ari Ben-Menashe, l\u2019ancien agent du Mossad, le service de renseignement isra\u00e9lien, charg\u00e9 par Nabil Karoui de faire la communication de sa derni\u00e8re campagne \u00e9lectorale pour la pr\u00e9sidentielle \u00e0 partir de l\u2019ext\u00e9rieur, ont \u00e9t\u00e9 pay\u00e9s par des comptes bas\u00e9s \u00e0 l\u2019\u00e9tranger.","og_url":"https:\/\/kapitalis.com\/tunisie\/2020\/11\/06\/nabil-karoui-risque-5-ans-de-prison-pour-financement-etranger-de-sa-campagne-electorale\/","og_site_name":"Kapitalis","article_publisher":"https:\/\/www.facebook.com\/KapitalisInfo\/","article_published_time":"2020-11-06T09:42:00+00:00","article_modified_time":"2020-11-06T17:57:10+00:00","og_image":[{"url":"http:\/\/kapitalis.com\/tunisie\/wp-content\/uploads\/2019\/10\/Ari-Ben-Menashe-Nabil-karoui.jpg","type":"","width":"","height":""}],"author":"webmaster kapitalis","twitter_card":"summary_large_image","twitter_creator":"@KapitalisInfo","twitter_site":"@KapitalisInfo","twitter_misc":{"\u00c9crit par":"webmaster kapitalis","Dur\u00e9e de lecture estim\u00e9e":"2 minutes"},"schema":{"@context":"https:\/\/schema.org","@graph":[{"@type":"Article","@id":"https:\/\/kapitalis.com\/tunisie\/2020\/11\/06\/nabil-karoui-risque-5-ans-de-prison-pour-financement-etranger-de-sa-campagne-electorale\/#article","isPartOf":{"@id":"https:\/\/kapitalis.com\/tunisie\/2020\/11\/06\/nabil-karoui-risque-5-ans-de-prison-pour-financement-etranger-de-sa-campagne-electorale\/"},"author":{"name":"webmaster kapitalis","@id":"https:\/\/kapitalis.com\/tunisie\/#\/schema\/person\/d71f33a9ca44f7bad4698210b480c8e9"},"headline":"Nabil Karoui risque 5 ans de prison pour financement \u00e9tranger de sa campagne \u00e9lectorale","datePublished":"2020-11-06T09:42:00+00:00","dateModified":"2020-11-06T17:57:10+00:00","mainEntityOfPage":{"@id":"https:\/\/kapitalis.com\/tunisie\/2020\/11\/06\/nabil-karoui-risque-5-ans-de-prison-pour-financement-etranger-de-sa-campagne-electorale\/"},"wordCount":475,"commentCount":10,"publisher":{"@id":"https:\/\/kapitalis.com\/tunisie\/#organization"},"image":{"@id":"https:\/\/kapitalis.com\/tunisie\/2020\/11\/06\/nabil-karoui-risque-5-ans-de-prison-pour-financement-etranger-de-sa-campagne-electorale\/#primaryimage"},"thumbnailUrl":"http:\/\/kapitalis.com\/tunisie\/wp-content\/uploads\/2019\/10\/Ari-Ben-Menashe-Nabil-karoui.jpg","keywords":["Amel Smaoui","Ari Ben-Menashe","Cour des comptes","Dickens and Madson","Hichem Mechichi","Ka\u00efs Sa\u00efed","Nabil Karoui","Qalb Tounes","Rached Ghannouchi"],"articleSection":["POLITIQUE","Tunisie"],"inLanguage":"fr-FR","potentialAction":[{"@type":"CommentAction","name":"Comment","target":["https:\/\/kapitalis.com\/tunisie\/2020\/11\/06\/nabil-karoui-risque-5-ans-de-prison-pour-financement-etranger-de-sa-campagne-electorale\/#respond"]}]},{"@type":"WebPage","@id":"https:\/\/kapitalis.com\/tunisie\/2020\/11\/06\/nabil-karoui-risque-5-ans-de-prison-pour-financement-etranger-de-sa-campagne-electorale\/","url":"https:\/\/kapitalis.com\/tunisie\/2020\/11\/06\/nabil-karoui-risque-5-ans-de-prison-pour-financement-etranger-de-sa-campagne-electorale\/","name":"Nabil Karoui risque 5 ans de prison pour financement \u00e9tranger de sa campagne \u00e9lectorale - Kapitalis","isPartOf":{"@id":"https:\/\/kapitalis.com\/tunisie\/#website"},"primaryImageOfPage":{"@id":"https:\/\/kapitalis.com\/tunisie\/2020\/11\/06\/nabil-karoui-risque-5-ans-de-prison-pour-financement-etranger-de-sa-campagne-electorale\/#primaryimage"},"image":{"@id":"https:\/\/kapitalis.com\/tunisie\/2020\/11\/06\/nabil-karoui-risque-5-ans-de-prison-pour-financement-etranger-de-sa-campagne-electorale\/#primaryimage"},"thumbnailUrl":"http:\/\/kapitalis.com\/tunisie\/wp-content\/uploads\/2019\/10\/Ari-Ben-Menashe-Nabil-karoui.jpg","datePublished":"2020-11-06T09:42:00+00:00","dateModified":"2020-11-06T17:57:10+00:00","breadcrumb":{"@id":"https:\/\/kapitalis.com\/tunisie\/2020\/11\/06\/nabil-karoui-risque-5-ans-de-prison-pour-financement-etranger-de-sa-campagne-electorale\/#breadcrumb"},"inLanguage":"fr-FR","potentialAction":[{"@type":"ReadAction","target":["https:\/\/kapitalis.com\/tunisie\/2020\/11\/06\/nabil-karoui-risque-5-ans-de-prison-pour-financement-etranger-de-sa-campagne-electorale\/"]}]},{"@type":"ImageObject","inLanguage":"fr-FR","@id":"https:\/\/kapitalis.com\/tunisie\/2020\/11\/06\/nabil-karoui-risque-5-ans-de-prison-pour-financement-etranger-de-sa-campagne-electorale\/#primaryimage","url":"","contentUrl":""},{"@type":"BreadcrumbList","@id":"https:\/\/kapitalis.com\/tunisie\/2020\/11\/06\/nabil-karoui-risque-5-ans-de-prison-pour-financement-etranger-de-sa-campagne-electorale\/#breadcrumb","itemListElement":[{"@type":"ListItem","position":1,"name":"Accueil","item":"https:\/\/kapitalis.com\/tunisie\/"},{"@type":"ListItem","position":2,"name":"Nabil Karoui risque 5 ans de prison pour financement \u00e9tranger de sa campagne \u00e9lectorale"}]},{"@type":"WebSite","@id":"https:\/\/kapitalis.com\/tunisie\/#website","url":"https:\/\/kapitalis.com\/tunisie\/","name":"Kapitalis","description":"L&#039;actualit\u00e9 en Tunisie et dans le monde","publisher":{"@id":"https:\/\/kapitalis.com\/tunisie\/#organization"},"potentialAction":[{"@type":"SearchAction","target":{"@type":"EntryPoint","urlTemplate":"https:\/\/kapitalis.com\/tunisie\/?s={search_term_string}"},"query-input":{"@type":"PropertyValueSpecification","valueRequired":true,"valueName":"search_term_string"}}],"inLanguage":"fr-FR"},{"@type":"Organization","@id":"https:\/\/kapitalis.com\/tunisie\/#organization","name":"Kapitalis","url":"https:\/\/kapitalis.com\/tunisie\/","logo":{"@type":"ImageObject","inLanguage":"fr-FR","@id":"https:\/\/kapitalis.com\/tunisie\/#\/schema\/logo\/image\/","url":"https:\/\/kapitalis.com\/tunisie\/wp-content\/uploads\/2022\/05\/Kapitalis-big-size.png","contentUrl":"https:\/\/kapitalis.com\/tunisie\/wp-content\/uploads\/2022\/05\/Kapitalis-big-size.png","width":5000,"height":1500,"caption":"Kapitalis"},"image":{"@id":"https:\/\/kapitalis.com\/tunisie\/#\/schema\/logo\/image\/"},"sameAs":["https:\/\/www.facebook.com\/KapitalisInfo\/","https:\/\/x.com\/KapitalisInfo","https:\/\/www.youtube.com\/channel\/UC-yDYrHyfFBWWZaOw3FPg9Q"]},{"@type":"Person","@id":"https:\/\/kapitalis.com\/tunisie\/#\/schema\/person\/d71f33a9ca44f7bad4698210b480c8e9","name":"webmaster kapitalis","url":"https:\/\/kapitalis.com\/tunisie\/author\/webmaster-kapitalis\/"}]}},"_links":{"self":[{"href":"https:\/\/kapitalis.com\/tunisie\/wp-json\/wp\/v2\/posts\/323590","targetHints":{"allow":["GET"]}}],"collection":[{"href":"https:\/\/kapitalis.com\/tunisie\/wp-json\/wp\/v2\/posts"}],"about":[{"href":"https:\/\/kapitalis.com\/tunisie\/wp-json\/wp\/v2\/types\/post"}],"author":[{"embeddable":true,"href":"https:\/\/kapitalis.com\/tunisie\/wp-json\/wp\/v2\/users\/8"}],"replies":[{"embeddable":true,"href":"https:\/\/kapitalis.com\/tunisie\/wp-json\/wp\/v2\/comments?post=323590"}],"version-history":[{"count":0,"href":"https:\/\/kapitalis.com\/tunisie\/wp-json\/wp\/v2\/posts\/323590\/revisions"}],"wp:attachment":[{"href":"https:\/\/kapitalis.com\/tunisie\/wp-json\/wp\/v2\/media?parent=323590"}],"wp:term":[{"taxonomy":"category","embeddable":true,"href":"https:\/\/kapitalis.com\/tunisie\/wp-json\/wp\/v2\/categories?post=323590"},{"taxonomy":"post_tag","embeddable":true,"href":"https:\/\/kapitalis.com\/tunisie\/wp-json\/wp\/v2\/tags?post=323590"}],"curies":[{"name":"wp","href":"https:\/\/api.w.org\/{rel}","templated":true}]}}