{"id":323704,"date":"2020-11-07T09:31:22","date_gmt":"2020-11-07T08:31:22","guid":{"rendered":"http:\/\/kapitalis.com\/tunisie\/?p=323704"},"modified":"2020-11-07T12:23:14","modified_gmt":"2020-11-07T11:23:14","slug":"recemment-nomme-a-la-tete-de-tunisair-wassef-ayadi-rend-le-tablier","status":"publish","type":"post","link":"https:\/\/kapitalis.com\/tunisie\/2020\/11\/07\/recemment-nomme-a-la-tete-de-tunisair-wassef-ayadi-rend-le-tablier\/","title":{"rendered":"R\u00e9cemment nomm\u00e9 \u00e0 la t\u00eate de Tunisair, Wassef Ayadi rend le tablier"},"content":{"rendered":"\n<figure class=\"wp-block-image size-large\"><img decoding=\"async\" src=\"http:\/\/kapitalis.com\/tunisie\/wp-content\/uploads\/2020\/11\/Wassef-Ayadi.jpg\" alt=\"\" class=\"wp-image-323705\"\/><\/figure>\n\n\n\n<p><strong><em>Nomm\u00e9 le 23 octobre dernier \u00e0 la t\u00eate de la compagnie nationale Tunisair, Wassef Ayadi, ing\u00e9nieur sp\u00e9cialis\u00e9 dans l\u2019aviation, titulaire d\u2019un dipl\u00f4me de l\u2019Universit\u00e9 de Stuttgart et d\u2019un MBA de l\u2019universit\u00e9 de Durham, a finalement d\u00e9clin\u00e9 l\u2019offre.<\/em><\/strong> <strong><em>C&rsquo;est ce que rapporte Mosa\u00efque FM en citant des sources inform\u00e9es.<\/em><\/strong><\/p>\n\n\n\n<!--more-->\n\n\n\n<p>Les raisons de ce changement d\u2019avis ne sont pas connues, l\u2019int\u00e9ress\u00e9 n\u2019ayant pas communiqu\u00e9 sur la question pas plus que le minist\u00e8re du Transport. Certains parlent d\u2019un d\u00e9saccord sur les clauses financi\u00e8res du contrat. D\u2019autres avancent que la situation financi\u00e8re catastrophique de l\u2019entreprise et les difficult\u00e9s de toutes sortes auxquelles les r\u00e9formes structurelles envisag\u00e9es devraient faire face ont refroidi l\u2019enthousiasme de Wassef Ayadi.<\/p>\n\n\n\n<p>Des sources inform\u00e9es ont pr\u00e9cis\u00e9 \u00e0 Kapitalis que l&rsquo;accord a but\u00e9 sur deux points.\u00a0<\/p>\n\n\n\n<p>D&rsquo;abord le salaire propos\u00e9, 1000\u20ac, alors que M. Ayadi touche 20000\u20ac en Allemagne. Il n&rsquo;y a donc pas photo. On peut \u00eatre patriote, mais tout de m\u00eame&#8230; <\/p>\n\n\n\n<p>Ensuite, la compagnie, qui vit sous perfusion gr\u00e2ce au financement de l&rsquo;Etat, n&rsquo;a pas d\u2019argent pour acheter les pi\u00e8ces d\u00e9tach\u00e9es pour ses avions, alors qu&rsquo;elle n\u2019a plus que 5 appareils en fonction, le reste \u00e9tant en panne. <\/p>\n\n\n\n<p>M. Ayadi ne manque pas de r\u00e9f\u00e9rences. Il a entam\u00e9 sa carri\u00e8re chez Airbus, puis chez Lufthansa, o\u00f9 il a notamment occup\u00e9 le poste de chef de projet, puis directeur avant d\u2019\u00eatre nomm\u00e9 Head of Business Development.<\/p>\n\n\n\n<p>Au rythme o\u00f9 la descente aux enfers des entreprises publiques se poursuit, on ne trouvera plus bient\u00f4t que des ronds de cuir sans envergure ou des carri\u00e9ristes incomp\u00e9tents pour en assurer la direction.<\/p>\n\n\n\n<p>La mauvaise monnaie, on le sait, chasse souvent la bonne, et les v\u00e9ritables comp\u00e9tences pr\u00e9f\u00e8rent monnayer leur talent \u00e0 l\u2019\u00e9tranger o\u00f9 ils sont assur\u00e9s de trouver de meilleures conditions de travail, des salaires plus consistants et, surtout, le respect de leur dignit\u00e9, monnaie devenue rare dans un pays o\u00f9 ce sont les plus m\u00e9diocres et les plus vulgaires qui \u00e9l\u00e8vent le plus la voix. <\/p>\n\n\n\n<p class=\"has-text-align-right\"><strong>I. B.<\/strong><\/p>\n","protected":false},"excerpt":{"rendered":"<p>Nomm\u00e9 le 23 octobre dernier \u00e0 la t\u00eate de la compagnie nationale Tunisair, Wassef Ayadi, ing\u00e9nieur sp\u00e9cialis\u00e9 dans l\u2019aviation, titulaire d\u2019un dipl\u00f4me de l\u2019Universit\u00e9 de Stuttgart et d\u2019un MBA de l\u2019universit\u00e9 de Durham, a finalement d\u00e9clin\u00e9 l\u2019offre. C&rsquo;est ce que rapporte Mosa\u00efque FM en citant des sources inform\u00e9es.<\/p>\n","protected":false},"author":8,"featured_media":323705,"comment_status":"open","ping_status":"open","sticky":false,"template":"","format":"standard","meta":{"footnotes":""},"categories":[995,2433],"tags":[1501,62643,84578],"class_list":["post-323704","post","type-post","status-publish","format-standard","has-post-thumbnail","hentry","category-economie","category-tunisie","tag-tunisair","tag-tunisie","tag-wassef-ayadi"],"yoast_head":"<!-- This site is optimized with the Yoast SEO plugin v26.6 - https:\/\/yoast.com\/wordpress\/plugins\/seo\/ -->\n<title>R\u00e9cemment nomm\u00e9 \u00e0 la t\u00eate de Tunisair, Wassef Ayadi rend le tablier - Kapitalis<\/title>\n<meta name=\"robots\" content=\"index, follow, max-snippet:-1, max-image-preview:large, max-video-preview:-1\" \/>\n<link rel=\"canonical\" href=\"https:\/\/kapitalis.com\/tunisie\/2020\/11\/07\/recemment-nomme-a-la-tete-de-tunisair-wassef-ayadi-rend-le-tablier\/\" \/>\n<meta property=\"og:locale\" content=\"fr_FR\" \/>\n<meta property=\"og:type\" content=\"article\" \/>\n<meta property=\"og:title\" content=\"R\u00e9cemment nomm\u00e9 \u00e0 la t\u00eate de Tunisair, Wassef Ayadi rend le tablier - Kapitalis\" \/>\n<meta property=\"og:description\" content=\"Nomm\u00e9 le 23 octobre dernier \u00e0 la t\u00eate de la compagnie nationale Tunisair, Wassef Ayadi, ing\u00e9nieur sp\u00e9cialis\u00e9 dans l\u2019aviation, titulaire d\u2019un dipl\u00f4me de l\u2019Universit\u00e9 de Stuttgart et d\u2019un MBA de l\u2019universit\u00e9 de Durham, a finalement d\u00e9clin\u00e9 l\u2019offre. C&rsquo;est ce que rapporte Mosa\u00efque FM en citant des sources inform\u00e9es.\" \/>\n<meta property=\"og:url\" content=\"https:\/\/kapitalis.com\/tunisie\/2020\/11\/07\/recemment-nomme-a-la-tete-de-tunisair-wassef-ayadi-rend-le-tablier\/\" \/>\n<meta property=\"og:site_name\" content=\"Kapitalis\" \/>\n<meta property=\"article:publisher\" content=\"https:\/\/www.facebook.com\/KapitalisInfo\/\" \/>\n<meta property=\"article:published_time\" content=\"2020-11-07T08:31:22+00:00\" \/>\n<meta property=\"article:modified_time\" content=\"2020-11-07T11:23:14+00:00\" \/>\n<meta property=\"og:image\" content=\"https:\/\/kapitalis.com\/tunisie\/wp-content\/uploads\/2022\/05\/kapitalis-logo-fb.png\" \/>\n\t<meta property=\"og:image:width\" content=\"1200\" \/>\n\t<meta property=\"og:image:height\" content=\"630\" \/>\n\t<meta property=\"og:image:type\" content=\"image\/png\" \/>\n<meta name=\"author\" content=\"webmaster kapitalis\" \/>\n<meta name=\"twitter:card\" content=\"summary_large_image\" \/>\n<meta name=\"twitter:creator\" content=\"@KapitalisInfo\" \/>\n<meta name=\"twitter:site\" content=\"@KapitalisInfo\" \/>\n<meta name=\"twitter:label1\" content=\"\u00c9crit par\" \/>\n\t<meta name=\"twitter:data1\" content=\"webmaster kapitalis\" \/>\n\t<meta name=\"twitter:label2\" content=\"Dur\u00e9e de lecture estim\u00e9e\" \/>\n\t<meta name=\"twitter:data2\" content=\"2 minutes\" \/>\n<script type=\"application\/ld+json\" class=\"yoast-schema-graph\">{\"@context\":\"https:\/\/schema.org\",\"@graph\":[{\"@type\":\"Article\",\"@id\":\"https:\/\/kapitalis.com\/tunisie\/2020\/11\/07\/recemment-nomme-a-la-tete-de-tunisair-wassef-ayadi-rend-le-tablier\/#article\",\"isPartOf\":{\"@id\":\"https:\/\/kapitalis.com\/tunisie\/2020\/11\/07\/recemment-nomme-a-la-tete-de-tunisair-wassef-ayadi-rend-le-tablier\/\"},\"author\":{\"name\":\"webmaster kapitalis\",\"@id\":\"https:\/\/kapitalis.com\/tunisie\/#\/schema\/person\/d71f33a9ca44f7bad4698210b480c8e9\"},\"headline\":\"R\u00e9cemment nomm\u00e9 \u00e0 la t\u00eate de Tunisair, Wassef Ayadi rend le tablier\",\"datePublished\":\"2020-11-07T08:31:22+00:00\",\"dateModified\":\"2020-11-07T11:23:14+00:00\",\"mainEntityOfPage\":{\"@id\":\"https:\/\/kapitalis.com\/tunisie\/2020\/11\/07\/recemment-nomme-a-la-tete-de-tunisair-wassef-ayadi-rend-le-tablier\/\"},\"wordCount\":383,\"commentCount\":15,\"publisher\":{\"@id\":\"https:\/\/kapitalis.com\/tunisie\/#organization\"},\"image\":{\"@id\":\"https:\/\/kapitalis.com\/tunisie\/2020\/11\/07\/recemment-nomme-a-la-tete-de-tunisair-wassef-ayadi-rend-le-tablier\/#primaryimage\"},\"thumbnailUrl\":\"\",\"keywords\":[\"Tunisair\",\"Tunisie\",\"Wassef Ayadi\"],\"articleSection\":[\"ECONOMIE\",\"Tunisie\"],\"inLanguage\":\"fr-FR\",\"potentialAction\":[{\"@type\":\"CommentAction\",\"name\":\"Comment\",\"target\":[\"https:\/\/kapitalis.com\/tunisie\/2020\/11\/07\/recemment-nomme-a-la-tete-de-tunisair-wassef-ayadi-rend-le-tablier\/#respond\"]}]},{\"@type\":\"WebPage\",\"@id\":\"https:\/\/kapitalis.com\/tunisie\/2020\/11\/07\/recemment-nomme-a-la-tete-de-tunisair-wassef-ayadi-rend-le-tablier\/\",\"url\":\"https:\/\/kapitalis.com\/tunisie\/2020\/11\/07\/recemment-nomme-a-la-tete-de-tunisair-wassef-ayadi-rend-le-tablier\/\",\"name\":\"R\u00e9cemment nomm\u00e9 \u00e0 la t\u00eate de Tunisair, Wassef Ayadi rend le tablier - Kapitalis\",\"isPartOf\":{\"@id\":\"https:\/\/kapitalis.com\/tunisie\/#website\"},\"primaryImageOfPage\":{\"@id\":\"https:\/\/kapitalis.com\/tunisie\/2020\/11\/07\/recemment-nomme-a-la-tete-de-tunisair-wassef-ayadi-rend-le-tablier\/#primaryimage\"},\"image\":{\"@id\":\"https:\/\/kapitalis.com\/tunisie\/2020\/11\/07\/recemment-nomme-a-la-tete-de-tunisair-wassef-ayadi-rend-le-tablier\/#primaryimage\"},\"thumbnailUrl\":\"\",\"datePublished\":\"2020-11-07T08:31:22+00:00\",\"dateModified\":\"2020-11-07T11:23:14+00:00\",\"breadcrumb\":{\"@id\":\"https:\/\/kapitalis.com\/tunisie\/2020\/11\/07\/recemment-nomme-a-la-tete-de-tunisair-wassef-ayadi-rend-le-tablier\/#breadcrumb\"},\"inLanguage\":\"fr-FR\",\"potentialAction\":[{\"@type\":\"ReadAction\",\"target\":[\"https:\/\/kapitalis.com\/tunisie\/2020\/11\/07\/recemment-nomme-a-la-tete-de-tunisair-wassef-ayadi-rend-le-tablier\/\"]}]},{\"@type\":\"ImageObject\",\"inLanguage\":\"fr-FR\",\"@id\":\"https:\/\/kapitalis.com\/tunisie\/2020\/11\/07\/recemment-nomme-a-la-tete-de-tunisair-wassef-ayadi-rend-le-tablier\/#primaryimage\",\"url\":\"\",\"contentUrl\":\"\"},{\"@type\":\"BreadcrumbList\",\"@id\":\"https:\/\/kapitalis.com\/tunisie\/2020\/11\/07\/recemment-nomme-a-la-tete-de-tunisair-wassef-ayadi-rend-le-tablier\/#breadcrumb\",\"itemListElement\":[{\"@type\":\"ListItem\",\"position\":1,\"name\":\"Accueil\",\"item\":\"https:\/\/kapitalis.com\/tunisie\/\"},{\"@type\":\"ListItem\",\"position\":2,\"name\":\"R\u00e9cemment nomm\u00e9 \u00e0 la t\u00eate de Tunisair, Wassef Ayadi rend le tablier\"}]},{\"@type\":\"WebSite\",\"@id\":\"https:\/\/kapitalis.com\/tunisie\/#website\",\"url\":\"https:\/\/kapitalis.com\/tunisie\/\",\"name\":\"Kapitalis\",\"description\":\"L&#039;actualit\u00e9 en Tunisie et dans le monde\",\"publisher\":{\"@id\":\"https:\/\/kapitalis.com\/tunisie\/#organization\"},\"potentialAction\":[{\"@type\":\"SearchAction\",\"target\":{\"@type\":\"EntryPoint\",\"urlTemplate\":\"https:\/\/kapitalis.com\/tunisie\/?s={search_term_string}\"},\"query-input\":{\"@type\":\"PropertyValueSpecification\",\"valueRequired\":true,\"valueName\":\"search_term_string\"}}],\"inLanguage\":\"fr-FR\"},{\"@type\":\"Organization\",\"@id\":\"https:\/\/kapitalis.com\/tunisie\/#organization\",\"name\":\"Kapitalis\",\"url\":\"https:\/\/kapitalis.com\/tunisie\/\",\"logo\":{\"@type\":\"ImageObject\",\"inLanguage\":\"fr-FR\",\"@id\":\"https:\/\/kapitalis.com\/tunisie\/#\/schema\/logo\/image\/\",\"url\":\"https:\/\/kapitalis.com\/tunisie\/wp-content\/uploads\/2022\/05\/Kapitalis-big-size.png\",\"contentUrl\":\"https:\/\/kapitalis.com\/tunisie\/wp-content\/uploads\/2022\/05\/Kapitalis-big-size.png\",\"width\":5000,\"height\":1500,\"caption\":\"Kapitalis\"},\"image\":{\"@id\":\"https:\/\/kapitalis.com\/tunisie\/#\/schema\/logo\/image\/\"},\"sameAs\":[\"https:\/\/www.facebook.com\/KapitalisInfo\/\",\"https:\/\/x.com\/KapitalisInfo\",\"https:\/\/www.youtube.com\/channel\/UC-yDYrHyfFBWWZaOw3FPg9Q\"]},{\"@type\":\"Person\",\"@id\":\"https:\/\/kapitalis.com\/tunisie\/#\/schema\/person\/d71f33a9ca44f7bad4698210b480c8e9\",\"name\":\"webmaster kapitalis\",\"url\":\"https:\/\/kapitalis.com\/tunisie\/author\/webmaster-kapitalis\/\"}]}<\/script>\n<!-- \/ Yoast SEO plugin. -->","yoast_head_json":{"title":"R\u00e9cemment nomm\u00e9 \u00e0 la t\u00eate de Tunisair, Wassef Ayadi rend le tablier - Kapitalis","robots":{"index":"index","follow":"follow","max-snippet":"max-snippet:-1","max-image-preview":"max-image-preview:large","max-video-preview":"max-video-preview:-1"},"canonical":"https:\/\/kapitalis.com\/tunisie\/2020\/11\/07\/recemment-nomme-a-la-tete-de-tunisair-wassef-ayadi-rend-le-tablier\/","og_locale":"fr_FR","og_type":"article","og_title":"R\u00e9cemment nomm\u00e9 \u00e0 la t\u00eate de Tunisair, Wassef Ayadi rend le tablier - Kapitalis","og_description":"Nomm\u00e9 le 23 octobre dernier \u00e0 la t\u00eate de la compagnie nationale Tunisair, Wassef Ayadi, ing\u00e9nieur sp\u00e9cialis\u00e9 dans l\u2019aviation, titulaire d\u2019un dipl\u00f4me de l\u2019Universit\u00e9 de Stuttgart et d\u2019un MBA de l\u2019universit\u00e9 de Durham, a finalement d\u00e9clin\u00e9 l\u2019offre. C&rsquo;est ce que rapporte Mosa\u00efque FM en citant des sources inform\u00e9es.","og_url":"https:\/\/kapitalis.com\/tunisie\/2020\/11\/07\/recemment-nomme-a-la-tete-de-tunisair-wassef-ayadi-rend-le-tablier\/","og_site_name":"Kapitalis","article_publisher":"https:\/\/www.facebook.com\/KapitalisInfo\/","article_published_time":"2020-11-07T08:31:22+00:00","article_modified_time":"2020-11-07T11:23:14+00:00","og_image":[{"width":1200,"height":630,"url":"https:\/\/kapitalis.com\/tunisie\/wp-content\/uploads\/2022\/05\/kapitalis-logo-fb.png","type":"image\/png"}],"author":"webmaster kapitalis","twitter_card":"summary_large_image","twitter_creator":"@KapitalisInfo","twitter_site":"@KapitalisInfo","twitter_misc":{"\u00c9crit par":"webmaster kapitalis","Dur\u00e9e de lecture estim\u00e9e":"2 minutes"},"schema":{"@context":"https:\/\/schema.org","@graph":[{"@type":"Article","@id":"https:\/\/kapitalis.com\/tunisie\/2020\/11\/07\/recemment-nomme-a-la-tete-de-tunisair-wassef-ayadi-rend-le-tablier\/#article","isPartOf":{"@id":"https:\/\/kapitalis.com\/tunisie\/2020\/11\/07\/recemment-nomme-a-la-tete-de-tunisair-wassef-ayadi-rend-le-tablier\/"},"author":{"name":"webmaster kapitalis","@id":"https:\/\/kapitalis.com\/tunisie\/#\/schema\/person\/d71f33a9ca44f7bad4698210b480c8e9"},"headline":"R\u00e9cemment nomm\u00e9 \u00e0 la t\u00eate de Tunisair, Wassef Ayadi rend le tablier","datePublished":"2020-11-07T08:31:22+00:00","dateModified":"2020-11-07T11:23:14+00:00","mainEntityOfPage":{"@id":"https:\/\/kapitalis.com\/tunisie\/2020\/11\/07\/recemment-nomme-a-la-tete-de-tunisair-wassef-ayadi-rend-le-tablier\/"},"wordCount":383,"commentCount":15,"publisher":{"@id":"https:\/\/kapitalis.com\/tunisie\/#organization"},"image":{"@id":"https:\/\/kapitalis.com\/tunisie\/2020\/11\/07\/recemment-nomme-a-la-tete-de-tunisair-wassef-ayadi-rend-le-tablier\/#primaryimage"},"thumbnailUrl":"","keywords":["Tunisair","Tunisie","Wassef Ayadi"],"articleSection":["ECONOMIE","Tunisie"],"inLanguage":"fr-FR","potentialAction":[{"@type":"CommentAction","name":"Comment","target":["https:\/\/kapitalis.com\/tunisie\/2020\/11\/07\/recemment-nomme-a-la-tete-de-tunisair-wassef-ayadi-rend-le-tablier\/#respond"]}]},{"@type":"WebPage","@id":"https:\/\/kapitalis.com\/tunisie\/2020\/11\/07\/recemment-nomme-a-la-tete-de-tunisair-wassef-ayadi-rend-le-tablier\/","url":"https:\/\/kapitalis.com\/tunisie\/2020\/11\/07\/recemment-nomme-a-la-tete-de-tunisair-wassef-ayadi-rend-le-tablier\/","name":"R\u00e9cemment nomm\u00e9 \u00e0 la t\u00eate de Tunisair, Wassef Ayadi rend le tablier - Kapitalis","isPartOf":{"@id":"https:\/\/kapitalis.com\/tunisie\/#website"},"primaryImageOfPage":{"@id":"https:\/\/kapitalis.com\/tunisie\/2020\/11\/07\/recemment-nomme-a-la-tete-de-tunisair-wassef-ayadi-rend-le-tablier\/#primaryimage"},"image":{"@id":"https:\/\/kapitalis.com\/tunisie\/2020\/11\/07\/recemment-nomme-a-la-tete-de-tunisair-wassef-ayadi-rend-le-tablier\/#primaryimage"},"thumbnailUrl":"","datePublished":"2020-11-07T08:31:22+00:00","dateModified":"2020-11-07T11:23:14+00:00","breadcrumb":{"@id":"https:\/\/kapitalis.com\/tunisie\/2020\/11\/07\/recemment-nomme-a-la-tete-de-tunisair-wassef-ayadi-rend-le-tablier\/#breadcrumb"},"inLanguage":"fr-FR","potentialAction":[{"@type":"ReadAction","target":["https:\/\/kapitalis.com\/tunisie\/2020\/11\/07\/recemment-nomme-a-la-tete-de-tunisair-wassef-ayadi-rend-le-tablier\/"]}]},{"@type":"ImageObject","inLanguage":"fr-FR","@id":"https:\/\/kapitalis.com\/tunisie\/2020\/11\/07\/recemment-nomme-a-la-tete-de-tunisair-wassef-ayadi-rend-le-tablier\/#primaryimage","url":"","contentUrl":""},{"@type":"BreadcrumbList","@id":"https:\/\/kapitalis.com\/tunisie\/2020\/11\/07\/recemment-nomme-a-la-tete-de-tunisair-wassef-ayadi-rend-le-tablier\/#breadcrumb","itemListElement":[{"@type":"ListItem","position":1,"name":"Accueil","item":"https:\/\/kapitalis.com\/tunisie\/"},{"@type":"ListItem","position":2,"name":"R\u00e9cemment nomm\u00e9 \u00e0 la t\u00eate de Tunisair, Wassef Ayadi rend le tablier"}]},{"@type":"WebSite","@id":"https:\/\/kapitalis.com\/tunisie\/#website","url":"https:\/\/kapitalis.com\/tunisie\/","name":"Kapitalis","description":"L&#039;actualit\u00e9 en Tunisie et dans le monde","publisher":{"@id":"https:\/\/kapitalis.com\/tunisie\/#organization"},"potentialAction":[{"@type":"SearchAction","target":{"@type":"EntryPoint","urlTemplate":"https:\/\/kapitalis.com\/tunisie\/?s={search_term_string}"},"query-input":{"@type":"PropertyValueSpecification","valueRequired":true,"valueName":"search_term_string"}}],"inLanguage":"fr-FR"},{"@type":"Organization","@id":"https:\/\/kapitalis.com\/tunisie\/#organization","name":"Kapitalis","url":"https:\/\/kapitalis.com\/tunisie\/","logo":{"@type":"ImageObject","inLanguage":"fr-FR","@id":"https:\/\/kapitalis.com\/tunisie\/#\/schema\/logo\/image\/","url":"https:\/\/kapitalis.com\/tunisie\/wp-content\/uploads\/2022\/05\/Kapitalis-big-size.png","contentUrl":"https:\/\/kapitalis.com\/tunisie\/wp-content\/uploads\/2022\/05\/Kapitalis-big-size.png","width":5000,"height":1500,"caption":"Kapitalis"},"image":{"@id":"https:\/\/kapitalis.com\/tunisie\/#\/schema\/logo\/image\/"},"sameAs":["https:\/\/www.facebook.com\/KapitalisInfo\/","https:\/\/x.com\/KapitalisInfo","https:\/\/www.youtube.com\/channel\/UC-yDYrHyfFBWWZaOw3FPg9Q"]},{"@type":"Person","@id":"https:\/\/kapitalis.com\/tunisie\/#\/schema\/person\/d71f33a9ca44f7bad4698210b480c8e9","name":"webmaster kapitalis","url":"https:\/\/kapitalis.com\/tunisie\/author\/webmaster-kapitalis\/"}]}},"_links":{"self":[{"href":"https:\/\/kapitalis.com\/tunisie\/wp-json\/wp\/v2\/posts\/323704","targetHints":{"allow":["GET"]}}],"collection":[{"href":"https:\/\/kapitalis.com\/tunisie\/wp-json\/wp\/v2\/posts"}],"about":[{"href":"https:\/\/kapitalis.com\/tunisie\/wp-json\/wp\/v2\/types\/post"}],"author":[{"embeddable":true,"href":"https:\/\/kapitalis.com\/tunisie\/wp-json\/wp\/v2\/users\/8"}],"replies":[{"embeddable":true,"href":"https:\/\/kapitalis.com\/tunisie\/wp-json\/wp\/v2\/comments?post=323704"}],"version-history":[{"count":0,"href":"https:\/\/kapitalis.com\/tunisie\/wp-json\/wp\/v2\/posts\/323704\/revisions"}],"wp:featuredmedia":[{"embeddable":true,"href":"https:\/\/kapitalis.com\/tunisie\/wp-json\/wp\/v2\/media\/323705"}],"wp:attachment":[{"href":"https:\/\/kapitalis.com\/tunisie\/wp-json\/wp\/v2\/media?parent=323704"}],"wp:term":[{"taxonomy":"category","embeddable":true,"href":"https:\/\/kapitalis.com\/tunisie\/wp-json\/wp\/v2\/categories?post=323704"},{"taxonomy":"post_tag","embeddable":true,"href":"https:\/\/kapitalis.com\/tunisie\/wp-json\/wp\/v2\/tags?post=323704"}],"curies":[{"name":"wp","href":"https:\/\/api.w.org\/{rel}","templated":true}]}}