{"id":323712,"date":"2020-11-07T12:03:43","date_gmt":"2020-11-07T11:03:43","guid":{"rendered":"http:\/\/kapitalis.com\/tunisie\/?p=323712"},"modified":"2020-11-07T18:17:52","modified_gmt":"2020-11-07T17:17:52","slug":"donald-trump-ou-les-raisons-dune-defaite-annoncee","status":"publish","type":"post","link":"https:\/\/kapitalis.com\/tunisie\/2020\/11\/07\/donald-trump-ou-les-raisons-dune-defaite-annoncee\/","title":{"rendered":"Donald Trump ou les raisons d\u2019une d\u00e9faite annonc\u00e9e"},"content":{"rendered":"\n<figure class=\"wp-block-image size-large\"><img decoding=\"async\" src=\"http:\/\/kapitalis.com\/tunisie\/wp-content\/uploads\/2020\/11\/Donald-Trump.jpg\" alt=\"\" class=\"wp-image-323713\"\/><\/figure>\n\n\n\n<p><strong><em>Donald Trump va s\u00fbrement perdre l\u2019\u00e9lection pr\u00e9sidentielle aux Etats-Unis au profit de Joe Biden, pour le bien de tous ses adversaires et celui de la paix mondiale. Mais \u00e0 vrai dire, l\u2019adversaire de Trump n\u2019est pas Biden, ni les D\u00e9mocrates, mais d\u2019abord lui-m\u00eame, son arrogance et son exc\u00e8s, et ensuite la crise sanitaire de la Covid-19 qui a an\u00e9anti les r\u00e9alisations des trois premi\u00e8res ann\u00e9es de son mandat, notamment la relance \u00e9conomique et la baisse du ch\u00f4mage. Reste que le Trumpisme risque de perdurer encore des ann\u00e9es, et pas seulement aux Etats-Unis<\/em><\/strong><\/p>\n\n\n\n<p>Par <strong>Dr Abderrahmane Cherfouh<\/strong> *<\/p>\n\n\n\n<!--more-->\n\n\n\n<p>Tous les regards sont aujourd\u2019hui tourn\u00e9s vers les \u00c9tats-Unis qui ont organis\u00e9 le 3 novembre 2020 leur \u00e9lection pr\u00e9sidentielle qui a co\u00efncid\u00e9 cette ann\u00e9e avec la crise mondiale de la Covid-19 ayant fait des ravages particuli\u00e8rement dans ce pays o\u00f9 les contaminations d\u00e9passent les 100.000 cas quotidiennement.<\/p>\n\n\n\n<p>Les Etats-Unis ont toujours fascin\u00e9 le monde de par la place qu\u2019ils occupent dans le monde, leur influence, leur prestige, leur savoir scientifique, leur apport \u00e0 l\u2019humanit\u00e9 et le message humaniste qu\u2019ils ont toujours v\u00e9hicul\u00e9 \u00e0 travers les si\u00e8cles. Depuis la fin de la seconde guerre mondiale, ils ont toujours occup\u00e9 les devants de la sc\u00e8ne dans tous les domaines. Ils sont \u00e0 l\u2019origine de beaucoup de d\u00e9couvertes et d\u2019inventions et, \u00e0 l\u2019instar d\u2019autres pays, ont fait progresser l\u2019humanit\u00e9 et lui ont permis de faire des avanc\u00e9es scientifiques consid\u00e9rables dont nous profitons tous des bienfaits et des avantages.<\/p>\n\n\n\n<h3 class=\"wp-block-heading\">Les Etats-Unis entre ombres et lumi\u00e8res<\/h3>\n\n\n\n<p>De tout temps, le pays de Lincoln, de Mohamed Ali, de Marilyn Monroe, de Martin Luther King, du Coca Cola et de Google a exerc\u00e9 une attraction consid\u00e9rable sur les immigrants qui caressaient le fol espoir de s\u2019y installer et d\u2019y trouver une soci\u00e9t\u00e9 stable, riche, et sans probl\u00e8me, qui va leur permettre de construire leur avenir et celui de leurs enfants \u00e0 la hauteur de leurs r\u00eaves et de leurs aspirations. Or, une fois confront\u00e9s \u00e0 la r\u00e9alit\u00e9 du terrain, ceux parmi ces derniers qui ne s\u2019y sont pas bien pr\u00e9par\u00e9s, d\u00e9chantent et d\u00e9couvrent l\u2019autre facette de cette Am\u00e9rique et les c\u00f4t\u00e9s impitoyables du lib\u00e9ralisme \u00e9conomique, mais \u00e7a c\u2019est l\u00e0 une histoire.<\/p>\n\n\n\n<p>Il faut dire que les Etats-Unis, qui ont tant donn\u00e9 \u00e0 l\u2019humanit\u00e9 dans le domaine scientifique, tra\u00eenent une histoire parfois peu reluisante et un pass\u00e9 peu glorieux, surtout avec ses intervenions militaires au Vietnam, en Afghanistan ou en Irak, celui d\u2019un pays qui a toujours cherch\u00e9 \u00e0 exercer son h\u00e9g\u00e9monie sur le reste du monde. On comprend que, lorsque ce pays organise son \u00e9lection pr\u00e9sidentielle tous les quatre ans, le monde entier s\u2019y sent concern\u00e9 de pr\u00e8s ou de loin, er ce pour plusieurs raisons. Entre autres parce que les \u00c9tats-Unis sont la premi\u00e8re puissance \u00e9conomique et militaire du monde et ont une grande responsabilit\u00e9 \u00e0 assumer vis-\u00e0-vis de leurs alli\u00e9s et de leurs partenaires \u00e0 travers le monde qui attendent avec impatience le nom du vainqueur et tous esp\u00e8rent l\u2019\u00e9lection du bon pr\u00e9sident susceptible de nouer des relations privil\u00e9gi\u00e9es avec leur pays.<\/p>\n\n\n\n<p>Par ailleurs, et compte tenu de l\u2019ampleur de l\u2019influence qu\u2019exercent les Etats-Unis sur le reste du monde et afin de saisir toute l\u2019importance, la port\u00e9e et les cons\u00e9quences potentielles, esp\u00e9r\u00e9es ou redout\u00e9es, de cette \u00e9lection pas comme les autres, tous les dirigeants du monde, amis comme ennemis, suivent avec attention son d\u00e9roulement et appr\u00e9hendent son r\u00e9sultat.<\/p>\n\n\n\n<p>En tout \u00e9tat de cause, le monde est impatient de conna\u00eetre le d\u00e9nouement de l\u2019actuel scrutin et le nom du futur vainqueur, Am\u00e9ricains et autres, qui tous retiennent leur souffle et esp\u00e8rent se trouver demain dans camp du futur vainqueur. Et comme toujours, il est de tradition que cette \u00e9lection divisent les Am\u00e9ricains en deux camps, aujourd\u2019hui incarn\u00e9s par Joe Biden pour les D\u00e9mocrates et Donald Trump pour les R\u00e9publicains. Pour une fois, les deux candidats sont tous les deux avanc\u00e9s dans l\u2019\u00e2ge : ils ont plus de 70 ans.<\/p>\n\n\n\n<h3 class=\"wp-block-heading\">Il faut toujours se m\u00e9fier de la b\u00eate bless\u00e9e<\/h3>\n\n\n\n<p>Pour avoir \u00e9t\u00e9 le pr\u00e9sident des Etats-Unis pendant 4 ans, Trump est mieux connu sur la sc\u00e8ne internationale que Biden. Tout le monde conna\u00eet la personnalit\u00e9 controvers\u00e9e du pr\u00e9sident sortant, ses r\u00e9actions impulsives, ses d\u00e9clarations tonitruantes, ses sautes d\u2019humeur et ses exc\u00e8s parfois \u00e9quitants de la part du pr\u00e9sident de la premi\u00e8re puissance mondiale. L\u2019homme, qui a plusieurs facettes, n\u2019a pas la langue dans la poche et ne recule devant aucune \u00e9normit\u00e9.<\/p>\n\n\n\n<p>Moins connu, m\u00eame s\u2019il a \u00e9t\u00e9 deux fois vice-pr\u00e9sident sous le mandat de Barack Obama, Biden est \u00e2g\u00e9 de 77 ans et dot\u00e9 d\u2019une m\u00e9moire qui lui joue souvent de mauvais tours. Il fut aussi accus\u00e9 de plagiat \u00e0 deux reprises. Une premi\u00e8re fois pour avoir copi\u00e9 mot \u00e0 mot des passages d\u2019un discours de l\u2019ancien chef du parti travailliste britannique Neil Kinnock et une deuxi\u00e8me lorsqu\u2019il s\u2019est inspir\u00e9 d\u2019un texte qu\u2019avait \u00e9crit l\u2019ancien chef du NPD canadien Jack Layton, quelques jours avant son d\u00e9c\u00e8s, en 2011, impardonnable de la part du dirigeant politique d\u2019un pays o\u00f9 les droits d\u2019auteur sont sacro-saints. Moins glorieux encore : Biden fut aussi accus\u00e9 par certaines femmes de harc\u00e8lement sexuel, ce qu\u2019il a \u00e9videmment d\u00e9menti.<\/p>\n\n\n\n<p>Pour la pr\u00e9paration de cette \u00e9lection tr\u00e8s importante, chacun avait aff\u00fbt\u00e9 ses armes, ne m\u00e9nageant aucun effort et ne l\u00e9sinant pas sur les moyens, qui furent colossaux dans les deux camps. Et avant le jour J, tout le monde pensait que l\u2019\u00e9lection \u00e9tait d\u00e9j\u00e0 pli\u00e9e et qu\u2019elle ne serait qu\u2019une formalit\u00e9 pour Biden, d\u2019autant plus que tous les pronostics donnaient le D\u00e9mocrate comme vainqueur et pr\u00e9disaient une vague bleue (couleur des D\u00e9mocrates). Ce qui n\u2019eut pas lieu, Trump ayant caus\u00e9 encore une fois la surprise et d\u00e9menti tous les pronostics.<\/p>\n\n\n\n<p>Comme dit l\u2019adage, il faut toujours se m\u00e9fier de la b\u00eate bless\u00e9e. D\u00e9test\u00e9 \u00e0 l\u2019extr\u00eame par la plupart des m\u00e9dias mondiaux surtout occidentaux qui voient en lui un danger potentiel pour la paix mondiale, Trump a subi un lynchage m\u00e9diatique savamment orchestr\u00e9, \u00e0 tort ou \u00e0 raison. Ha\u00ef et vomi par beaucoup, pour qui il incarne le mal, la mauvaise foi, le mensonge, la malhonn\u00eatet\u00e9, on lui reproche son manque d\u2019humilit\u00e9, de retenue et de compassion. Amoral, inculte, impoli, ne cultivant aucune valeur humaine, il fait la honte \u00e0 beaucoup d\u2019Am\u00e9ricains et symbolise, \u00e0 leurs yeux, la d\u00e9cadence des \u00c9tats-Unis et la d\u00e9gradation de son image dans le monde. Cependant, tous ces mauvais qualificatifs et ces d\u00e9nigrements n\u2019ont pas eu d\u2019emprise sur son public qui l\u2019a toujours soutenu et continue de voir en lui le sauveur de l\u2019Am\u00e9rique et le chef providentiel capable de r\u00e9aliser les aspirations des Am\u00e9ricains.<\/p>\n\n\n\n<p>Tout \u00e7a, c\u2019est presque d\u00e9j\u00e0 de l\u2019histoire, car Trump va s\u00fbrement perdre cette \u00e9lection pour le bien de tous ses adversaires, pour la paix mondiale et pour d&rsquo;autres raisons encore.<\/p>\n\n\n\n<h3 class=\"wp-block-heading\">Trump est peut-\u00eatre fini mais le trumpisme a de beaux jours devant lui<\/h3>\n\n\n\n<p>\u00c0 vrai dire, l\u2019adversaire de Trump n\u2019est pas Biden, ni les D\u00e9mocrates, mais d\u2019abord lui-m\u00eame, son arrogance et son exc\u00e8s, et ensuite la crise sanitaire de la Covid-19 qui a an\u00e9anti les r\u00e9alisations des trois premi\u00e8res ann\u00e9es de son mandat, notamment la relance \u00e9conomique et la baisse du ch\u00f4mage. Malgr\u00e9 tout ce que le monde pensait de lui, et malgr\u00e9 son impopularit\u00e9 dans le monde et sa mauvaise r\u00e9putation dans les m\u00e9dias, Trump a failli gagner. En prenant \u00e0 la l\u00e9g\u00e8re cette pand\u00e9mie, il a pr\u00e9cipit\u00e9 sa chute. Il ne voyait pas venir les cons\u00e9quences de ce redoutable fl\u00e9au qui allait \u00e9craser tout sur son passage.<\/p>\n\n\n\n<p>Il faut avouer, en toute honn\u00eatet\u00e9, qu\u2019il n\u2019avait pas la capacit\u00e9 de g\u00e9rer cette pand\u00e9mie et rien ne le pr\u00e9disposait \u00e0 y faire face. Ce fut le grain de sable qui d\u00e9glingua la machine jusque-l\u00e0 bien huil\u00e9e.<\/p>\n\n\n\n<p>Pour certains analystes, malgr\u00e9 tout ce que le monde pense de lui, le Trumpisme est un mouvement en marche et les R\u00e9publicains, malgr\u00e9 leur d\u00e9faite, vont sortir renforc\u00e9s. Comment expliquer ce ph\u00e9nom\u00e8ne ? Quel est le secret de cet homme au style si particulier, affreux, m\u00e9chant et \u00e9minemment controvers\u00e9, qui ne laisse personne indiff\u00e9rent, attirant par dizaines de millions sympathisants et adversaires ? Pour r\u00e9pondre \u00e0 cette question, il faut \u00e9viter de s\u2019enfermer dans des ghettos id\u00e9ologiques et, au-del\u00e0 de Trump lui-m\u00eame, interroger l\u2019\u00e9volution des Etats-Unis et de la d\u00e9mocratie dans le monde qui n\u2019a pas fini d\u2019enfanter des monstres.<\/p>\n\n\n\n<p><em>* M\u00e9decin alg\u00e9rien \u00e9tabli \u00e0 Montr\u00e9al.<\/em><\/p>\n\n\n\n<figure class=\"wp-block-embed-wordpress wp-block-embed is-type-wp-embed is-provider-kapitalis\"><div class=\"wp-block-embed__wrapper\">\n<blockquote class=\"wp-embedded-content\" data-secret=\"HtDR1bjcNV\"><a href=\"https:\/\/kapitalis.com\/tunisie\/2020\/10\/16\/les-theoriciens-du-complot-face-au-coronavirus\/\">Les th\u00e9oriciens du complot face au coronavirus<\/a><\/blockquote><iframe loading=\"lazy\" class=\"wp-embedded-content\" sandbox=\"allow-scripts\" security=\"restricted\" style=\"position: absolute; clip: rect(1px, 1px, 1px, 1px);\" title=\"\u00ab\u00a0Les th\u00e9oriciens du complot face au coronavirus\u00a0\u00bb &#8212; Kapitalis\" src=\"https:\/\/kapitalis.com\/tunisie\/2020\/10\/16\/les-theoriciens-du-complot-face-au-coronavirus\/embed\/#?secret=3dqddEKLR4#?secret=HtDR1bjcNV\" data-secret=\"HtDR1bjcNV\" width=\"600\" height=\"338\" frameborder=\"0\" marginwidth=\"0\" marginheight=\"0\" scrolling=\"no\"><\/iframe>\n<\/div><\/figure>\n","protected":false},"excerpt":{"rendered":"<p>Donald Trump va s\u00fbrement perdre l\u2019\u00e9lection pr\u00e9sidentielle aux Etats-Unis au profit de Joe Biden, pour le bien de tous ses adversaires et celui de la paix mondiale. Mais \u00e0 vrai dire, l\u2019adversaire de Trump n\u2019est pas Biden, ni les D\u00e9mocrates, mais d\u2019abord lui-m\u00eame, son arrogance et son exc\u00e8s, et ensuite la crise sanitaire de la&#8230;<\/p>\n","protected":false},"author":8,"featured_media":323713,"comment_status":"open","ping_status":"open","sticky":false,"template":"","format":"standard","meta":{"footnotes":""},"categories":[992,997,1000,2433],"tags":[77758,9054,75918,72144,84219,77757,84588],"class_list":["post-323712","post","type-post","status-publish","format-standard","has-post-thumbnail","hentry","category-a-la-une","category-politique","category-tribune","category-tunisie","tag-democrates","tag-donald-trump","tag-etats-unis-2","tag-joe-biden","tag-presidentielles-americaines","tag-republicains","tag-trumpisme"],"yoast_head":"<!-- This site is optimized with the Yoast SEO plugin v26.6 - https:\/\/yoast.com\/wordpress\/plugins\/seo\/ -->\n<title>Donald Trump ou les raisons d\u2019une d\u00e9faite annonc\u00e9e - Kapitalis<\/title>\n<meta name=\"robots\" content=\"index, follow, max-snippet:-1, max-image-preview:large, max-video-preview:-1\" \/>\n<link rel=\"canonical\" href=\"https:\/\/kapitalis.com\/tunisie\/2020\/11\/07\/donald-trump-ou-les-raisons-dune-defaite-annoncee\/\" \/>\n<meta property=\"og:locale\" content=\"fr_FR\" \/>\n<meta property=\"og:type\" content=\"article\" \/>\n<meta property=\"og:title\" content=\"Donald Trump ou les raisons d\u2019une d\u00e9faite annonc\u00e9e - Kapitalis\" \/>\n<meta property=\"og:description\" content=\"Donald Trump va s\u00fbrement perdre l\u2019\u00e9lection pr\u00e9sidentielle aux Etats-Unis au profit de Joe Biden, pour le bien de tous ses adversaires et celui de la paix mondiale. Mais \u00e0 vrai dire, l\u2019adversaire de Trump n\u2019est pas Biden, ni les D\u00e9mocrates, mais d\u2019abord lui-m\u00eame, son arrogance et son exc\u00e8s, et ensuite la crise sanitaire de la...\" \/>\n<meta property=\"og:url\" content=\"https:\/\/kapitalis.com\/tunisie\/2020\/11\/07\/donald-trump-ou-les-raisons-dune-defaite-annoncee\/\" \/>\n<meta property=\"og:site_name\" content=\"Kapitalis\" \/>\n<meta property=\"article:publisher\" content=\"https:\/\/www.facebook.com\/KapitalisInfo\/\" \/>\n<meta property=\"article:published_time\" content=\"2020-11-07T11:03:43+00:00\" \/>\n<meta property=\"article:modified_time\" content=\"2020-11-07T17:17:52+00:00\" \/>\n<meta property=\"og:image\" content=\"https:\/\/kapitalis.com\/tunisie\/wp-content\/uploads\/2022\/05\/kapitalis-logo-fb.png\" \/>\n\t<meta property=\"og:image:width\" content=\"1200\" \/>\n\t<meta property=\"og:image:height\" content=\"630\" \/>\n\t<meta property=\"og:image:type\" content=\"image\/png\" \/>\n<meta name=\"author\" content=\"webmaster kapitalis\" \/>\n<meta name=\"twitter:card\" content=\"summary_large_image\" \/>\n<meta name=\"twitter:creator\" content=\"@KapitalisInfo\" \/>\n<meta name=\"twitter:site\" content=\"@KapitalisInfo\" \/>\n<meta name=\"twitter:label1\" content=\"\u00c9crit par\" \/>\n\t<meta name=\"twitter:data1\" content=\"webmaster kapitalis\" \/>\n\t<meta name=\"twitter:label2\" content=\"Dur\u00e9e de lecture estim\u00e9e\" \/>\n\t<meta name=\"twitter:data2\" content=\"8 minutes\" \/>\n<script type=\"application\/ld+json\" class=\"yoast-schema-graph\">{\"@context\":\"https:\/\/schema.org\",\"@graph\":[{\"@type\":\"Article\",\"@id\":\"https:\/\/kapitalis.com\/tunisie\/2020\/11\/07\/donald-trump-ou-les-raisons-dune-defaite-annoncee\/#article\",\"isPartOf\":{\"@id\":\"https:\/\/kapitalis.com\/tunisie\/2020\/11\/07\/donald-trump-ou-les-raisons-dune-defaite-annoncee\/\"},\"author\":{\"name\":\"webmaster kapitalis\",\"@id\":\"https:\/\/kapitalis.com\/tunisie\/#\/schema\/person\/d71f33a9ca44f7bad4698210b480c8e9\"},\"headline\":\"Donald Trump ou les raisons d\u2019une d\u00e9faite annonc\u00e9e\",\"datePublished\":\"2020-11-07T11:03:43+00:00\",\"dateModified\":\"2020-11-07T17:17:52+00:00\",\"mainEntityOfPage\":{\"@id\":\"https:\/\/kapitalis.com\/tunisie\/2020\/11\/07\/donald-trump-ou-les-raisons-dune-defaite-annoncee\/\"},\"wordCount\":1585,\"commentCount\":5,\"publisher\":{\"@id\":\"https:\/\/kapitalis.com\/tunisie\/#organization\"},\"image\":{\"@id\":\"https:\/\/kapitalis.com\/tunisie\/2020\/11\/07\/donald-trump-ou-les-raisons-dune-defaite-annoncee\/#primaryimage\"},\"thumbnailUrl\":\"\",\"keywords\":[\"D\u00e9mocrates\",\"Donald Trump\",\"Etats-Unis\",\"Joe Biden\",\"pr\u00e9sidentielles am\u00e9ricaines\",\"R\u00e9publicains\",\"trumpisme\"],\"articleSection\":[\"A LA UNE\",\"POLITIQUE\",\"TRIBUNE\",\"Tunisie\"],\"inLanguage\":\"fr-FR\",\"potentialAction\":[{\"@type\":\"CommentAction\",\"name\":\"Comment\",\"target\":[\"https:\/\/kapitalis.com\/tunisie\/2020\/11\/07\/donald-trump-ou-les-raisons-dune-defaite-annoncee\/#respond\"]}]},{\"@type\":\"WebPage\",\"@id\":\"https:\/\/kapitalis.com\/tunisie\/2020\/11\/07\/donald-trump-ou-les-raisons-dune-defaite-annoncee\/\",\"url\":\"https:\/\/kapitalis.com\/tunisie\/2020\/11\/07\/donald-trump-ou-les-raisons-dune-defaite-annoncee\/\",\"name\":\"Donald Trump ou les raisons d\u2019une d\u00e9faite annonc\u00e9e - Kapitalis\",\"isPartOf\":{\"@id\":\"https:\/\/kapitalis.com\/tunisie\/#website\"},\"primaryImageOfPage\":{\"@id\":\"https:\/\/kapitalis.com\/tunisie\/2020\/11\/07\/donald-trump-ou-les-raisons-dune-defaite-annoncee\/#primaryimage\"},\"image\":{\"@id\":\"https:\/\/kapitalis.com\/tunisie\/2020\/11\/07\/donald-trump-ou-les-raisons-dune-defaite-annoncee\/#primaryimage\"},\"thumbnailUrl\":\"\",\"datePublished\":\"2020-11-07T11:03:43+00:00\",\"dateModified\":\"2020-11-07T17:17:52+00:00\",\"breadcrumb\":{\"@id\":\"https:\/\/kapitalis.com\/tunisie\/2020\/11\/07\/donald-trump-ou-les-raisons-dune-defaite-annoncee\/#breadcrumb\"},\"inLanguage\":\"fr-FR\",\"potentialAction\":[{\"@type\":\"ReadAction\",\"target\":[\"https:\/\/kapitalis.com\/tunisie\/2020\/11\/07\/donald-trump-ou-les-raisons-dune-defaite-annoncee\/\"]}]},{\"@type\":\"ImageObject\",\"inLanguage\":\"fr-FR\",\"@id\":\"https:\/\/kapitalis.com\/tunisie\/2020\/11\/07\/donald-trump-ou-les-raisons-dune-defaite-annoncee\/#primaryimage\",\"url\":\"\",\"contentUrl\":\"\"},{\"@type\":\"BreadcrumbList\",\"@id\":\"https:\/\/kapitalis.com\/tunisie\/2020\/11\/07\/donald-trump-ou-les-raisons-dune-defaite-annoncee\/#breadcrumb\",\"itemListElement\":[{\"@type\":\"ListItem\",\"position\":1,\"name\":\"Accueil\",\"item\":\"https:\/\/kapitalis.com\/tunisie\/\"},{\"@type\":\"ListItem\",\"position\":2,\"name\":\"Donald Trump ou les raisons d\u2019une d\u00e9faite annonc\u00e9e\"}]},{\"@type\":\"WebSite\",\"@id\":\"https:\/\/kapitalis.com\/tunisie\/#website\",\"url\":\"https:\/\/kapitalis.com\/tunisie\/\",\"name\":\"Kapitalis\",\"description\":\"L&#039;actualit\u00e9 en Tunisie et dans le monde\",\"publisher\":{\"@id\":\"https:\/\/kapitalis.com\/tunisie\/#organization\"},\"potentialAction\":[{\"@type\":\"SearchAction\",\"target\":{\"@type\":\"EntryPoint\",\"urlTemplate\":\"https:\/\/kapitalis.com\/tunisie\/?s={search_term_string}\"},\"query-input\":{\"@type\":\"PropertyValueSpecification\",\"valueRequired\":true,\"valueName\":\"search_term_string\"}}],\"inLanguage\":\"fr-FR\"},{\"@type\":\"Organization\",\"@id\":\"https:\/\/kapitalis.com\/tunisie\/#organization\",\"name\":\"Kapitalis\",\"url\":\"https:\/\/kapitalis.com\/tunisie\/\",\"logo\":{\"@type\":\"ImageObject\",\"inLanguage\":\"fr-FR\",\"@id\":\"https:\/\/kapitalis.com\/tunisie\/#\/schema\/logo\/image\/\",\"url\":\"https:\/\/kapitalis.com\/tunisie\/wp-content\/uploads\/2022\/05\/Kapitalis-big-size.png\",\"contentUrl\":\"https:\/\/kapitalis.com\/tunisie\/wp-content\/uploads\/2022\/05\/Kapitalis-big-size.png\",\"width\":5000,\"height\":1500,\"caption\":\"Kapitalis\"},\"image\":{\"@id\":\"https:\/\/kapitalis.com\/tunisie\/#\/schema\/logo\/image\/\"},\"sameAs\":[\"https:\/\/www.facebook.com\/KapitalisInfo\/\",\"https:\/\/x.com\/KapitalisInfo\",\"https:\/\/www.youtube.com\/channel\/UC-yDYrHyfFBWWZaOw3FPg9Q\"]},{\"@type\":\"Person\",\"@id\":\"https:\/\/kapitalis.com\/tunisie\/#\/schema\/person\/d71f33a9ca44f7bad4698210b480c8e9\",\"name\":\"webmaster kapitalis\",\"url\":\"https:\/\/kapitalis.com\/tunisie\/author\/webmaster-kapitalis\/\"}]}<\/script>\n<!-- \/ Yoast SEO plugin. -->","yoast_head_json":{"title":"Donald Trump ou les raisons d\u2019une d\u00e9faite annonc\u00e9e - Kapitalis","robots":{"index":"index","follow":"follow","max-snippet":"max-snippet:-1","max-image-preview":"max-image-preview:large","max-video-preview":"max-video-preview:-1"},"canonical":"https:\/\/kapitalis.com\/tunisie\/2020\/11\/07\/donald-trump-ou-les-raisons-dune-defaite-annoncee\/","og_locale":"fr_FR","og_type":"article","og_title":"Donald Trump ou les raisons d\u2019une d\u00e9faite annonc\u00e9e - Kapitalis","og_description":"Donald Trump va s\u00fbrement perdre l\u2019\u00e9lection pr\u00e9sidentielle aux Etats-Unis au profit de Joe Biden, pour le bien de tous ses adversaires et celui de la paix mondiale. Mais \u00e0 vrai dire, l\u2019adversaire de Trump n\u2019est pas Biden, ni les D\u00e9mocrates, mais d\u2019abord lui-m\u00eame, son arrogance et son exc\u00e8s, et ensuite la crise sanitaire de la...","og_url":"https:\/\/kapitalis.com\/tunisie\/2020\/11\/07\/donald-trump-ou-les-raisons-dune-defaite-annoncee\/","og_site_name":"Kapitalis","article_publisher":"https:\/\/www.facebook.com\/KapitalisInfo\/","article_published_time":"2020-11-07T11:03:43+00:00","article_modified_time":"2020-11-07T17:17:52+00:00","og_image":[{"width":1200,"height":630,"url":"https:\/\/kapitalis.com\/tunisie\/wp-content\/uploads\/2022\/05\/kapitalis-logo-fb.png","type":"image\/png"}],"author":"webmaster kapitalis","twitter_card":"summary_large_image","twitter_creator":"@KapitalisInfo","twitter_site":"@KapitalisInfo","twitter_misc":{"\u00c9crit par":"webmaster kapitalis","Dur\u00e9e de lecture estim\u00e9e":"8 minutes"},"schema":{"@context":"https:\/\/schema.org","@graph":[{"@type":"Article","@id":"https:\/\/kapitalis.com\/tunisie\/2020\/11\/07\/donald-trump-ou-les-raisons-dune-defaite-annoncee\/#article","isPartOf":{"@id":"https:\/\/kapitalis.com\/tunisie\/2020\/11\/07\/donald-trump-ou-les-raisons-dune-defaite-annoncee\/"},"author":{"name":"webmaster kapitalis","@id":"https:\/\/kapitalis.com\/tunisie\/#\/schema\/person\/d71f33a9ca44f7bad4698210b480c8e9"},"headline":"Donald Trump ou les raisons d\u2019une d\u00e9faite annonc\u00e9e","datePublished":"2020-11-07T11:03:43+00:00","dateModified":"2020-11-07T17:17:52+00:00","mainEntityOfPage":{"@id":"https:\/\/kapitalis.com\/tunisie\/2020\/11\/07\/donald-trump-ou-les-raisons-dune-defaite-annoncee\/"},"wordCount":1585,"commentCount":5,"publisher":{"@id":"https:\/\/kapitalis.com\/tunisie\/#organization"},"image":{"@id":"https:\/\/kapitalis.com\/tunisie\/2020\/11\/07\/donald-trump-ou-les-raisons-dune-defaite-annoncee\/#primaryimage"},"thumbnailUrl":"","keywords":["D\u00e9mocrates","Donald Trump","Etats-Unis","Joe Biden","pr\u00e9sidentielles am\u00e9ricaines","R\u00e9publicains","trumpisme"],"articleSection":["A LA UNE","POLITIQUE","TRIBUNE","Tunisie"],"inLanguage":"fr-FR","potentialAction":[{"@type":"CommentAction","name":"Comment","target":["https:\/\/kapitalis.com\/tunisie\/2020\/11\/07\/donald-trump-ou-les-raisons-dune-defaite-annoncee\/#respond"]}]},{"@type":"WebPage","@id":"https:\/\/kapitalis.com\/tunisie\/2020\/11\/07\/donald-trump-ou-les-raisons-dune-defaite-annoncee\/","url":"https:\/\/kapitalis.com\/tunisie\/2020\/11\/07\/donald-trump-ou-les-raisons-dune-defaite-annoncee\/","name":"Donald Trump ou les raisons d\u2019une d\u00e9faite annonc\u00e9e - Kapitalis","isPartOf":{"@id":"https:\/\/kapitalis.com\/tunisie\/#website"},"primaryImageOfPage":{"@id":"https:\/\/kapitalis.com\/tunisie\/2020\/11\/07\/donald-trump-ou-les-raisons-dune-defaite-annoncee\/#primaryimage"},"image":{"@id":"https:\/\/kapitalis.com\/tunisie\/2020\/11\/07\/donald-trump-ou-les-raisons-dune-defaite-annoncee\/#primaryimage"},"thumbnailUrl":"","datePublished":"2020-11-07T11:03:43+00:00","dateModified":"2020-11-07T17:17:52+00:00","breadcrumb":{"@id":"https:\/\/kapitalis.com\/tunisie\/2020\/11\/07\/donald-trump-ou-les-raisons-dune-defaite-annoncee\/#breadcrumb"},"inLanguage":"fr-FR","potentialAction":[{"@type":"ReadAction","target":["https:\/\/kapitalis.com\/tunisie\/2020\/11\/07\/donald-trump-ou-les-raisons-dune-defaite-annoncee\/"]}]},{"@type":"ImageObject","inLanguage":"fr-FR","@id":"https:\/\/kapitalis.com\/tunisie\/2020\/11\/07\/donald-trump-ou-les-raisons-dune-defaite-annoncee\/#primaryimage","url":"","contentUrl":""},{"@type":"BreadcrumbList","@id":"https:\/\/kapitalis.com\/tunisie\/2020\/11\/07\/donald-trump-ou-les-raisons-dune-defaite-annoncee\/#breadcrumb","itemListElement":[{"@type":"ListItem","position":1,"name":"Accueil","item":"https:\/\/kapitalis.com\/tunisie\/"},{"@type":"ListItem","position":2,"name":"Donald Trump ou les raisons d\u2019une d\u00e9faite annonc\u00e9e"}]},{"@type":"WebSite","@id":"https:\/\/kapitalis.com\/tunisie\/#website","url":"https:\/\/kapitalis.com\/tunisie\/","name":"Kapitalis","description":"L&#039;actualit\u00e9 en Tunisie et dans le monde","publisher":{"@id":"https:\/\/kapitalis.com\/tunisie\/#organization"},"potentialAction":[{"@type":"SearchAction","target":{"@type":"EntryPoint","urlTemplate":"https:\/\/kapitalis.com\/tunisie\/?s={search_term_string}"},"query-input":{"@type":"PropertyValueSpecification","valueRequired":true,"valueName":"search_term_string"}}],"inLanguage":"fr-FR"},{"@type":"Organization","@id":"https:\/\/kapitalis.com\/tunisie\/#organization","name":"Kapitalis","url":"https:\/\/kapitalis.com\/tunisie\/","logo":{"@type":"ImageObject","inLanguage":"fr-FR","@id":"https:\/\/kapitalis.com\/tunisie\/#\/schema\/logo\/image\/","url":"https:\/\/kapitalis.com\/tunisie\/wp-content\/uploads\/2022\/05\/Kapitalis-big-size.png","contentUrl":"https:\/\/kapitalis.com\/tunisie\/wp-content\/uploads\/2022\/05\/Kapitalis-big-size.png","width":5000,"height":1500,"caption":"Kapitalis"},"image":{"@id":"https:\/\/kapitalis.com\/tunisie\/#\/schema\/logo\/image\/"},"sameAs":["https:\/\/www.facebook.com\/KapitalisInfo\/","https:\/\/x.com\/KapitalisInfo","https:\/\/www.youtube.com\/channel\/UC-yDYrHyfFBWWZaOw3FPg9Q"]},{"@type":"Person","@id":"https:\/\/kapitalis.com\/tunisie\/#\/schema\/person\/d71f33a9ca44f7bad4698210b480c8e9","name":"webmaster kapitalis","url":"https:\/\/kapitalis.com\/tunisie\/author\/webmaster-kapitalis\/"}]}},"_links":{"self":[{"href":"https:\/\/kapitalis.com\/tunisie\/wp-json\/wp\/v2\/posts\/323712","targetHints":{"allow":["GET"]}}],"collection":[{"href":"https:\/\/kapitalis.com\/tunisie\/wp-json\/wp\/v2\/posts"}],"about":[{"href":"https:\/\/kapitalis.com\/tunisie\/wp-json\/wp\/v2\/types\/post"}],"author":[{"embeddable":true,"href":"https:\/\/kapitalis.com\/tunisie\/wp-json\/wp\/v2\/users\/8"}],"replies":[{"embeddable":true,"href":"https:\/\/kapitalis.com\/tunisie\/wp-json\/wp\/v2\/comments?post=323712"}],"version-history":[{"count":0,"href":"https:\/\/kapitalis.com\/tunisie\/wp-json\/wp\/v2\/posts\/323712\/revisions"}],"wp:featuredmedia":[{"embeddable":true,"href":"https:\/\/kapitalis.com\/tunisie\/wp-json\/wp\/v2\/media\/323713"}],"wp:attachment":[{"href":"https:\/\/kapitalis.com\/tunisie\/wp-json\/wp\/v2\/media?parent=323712"}],"wp:term":[{"taxonomy":"category","embeddable":true,"href":"https:\/\/kapitalis.com\/tunisie\/wp-json\/wp\/v2\/categories?post=323712"},{"taxonomy":"post_tag","embeddable":true,"href":"https:\/\/kapitalis.com\/tunisie\/wp-json\/wp\/v2\/tags?post=323712"}],"curies":[{"name":"wp","href":"https:\/\/api.w.org\/{rel}","templated":true}]}}