{"id":323784,"date":"2020-11-08T10:07:49","date_gmt":"2020-11-08T09:07:49","guid":{"rendered":"http:\/\/kapitalis.com\/tunisie\/?p=323784"},"modified":"2020-11-08T10:37:00","modified_gmt":"2020-11-08T09:37:00","slug":"hichem-mechichi-est-il-tombe-sur-un-tresor","status":"publish","type":"post","link":"https:\/\/kapitalis.com\/tunisie\/2020\/11\/08\/hichem-mechichi-est-il-tombe-sur-un-tresor\/","title":{"rendered":"Hichem Mechichi est-il tomb\u00e9 sur un tr\u00e9sor ?"},"content":{"rendered":"\n<figure class=\"wp-block-image size-large\"><img decoding=\"async\" src=\"http:\/\/kapitalis.com\/tunisie\/wp-content\/uploads\/2020\/11\/Tresor-de-Hichem-Mechichi.jpg\" alt=\"\" class=\"wp-image-323785\"\/><\/figure>\n\n\n\n<p><strong><em>Apr\u00e8s avoir grassement r\u00e9compens\u00e9 les sit-inneurs d\u2019El-Kamour, qui bloquaient la production et la distribution du p\u00e9trole et du gaz \u00e0 Tataouine depuis le 16 juillet dernier (soit pendant pr\u00e8s de 4 mois), le chef du gouvernement Hichem Mechichi va faire profiter de ses g\u00e9n\u00e9rosit\u00e9s les habitants de toutes les autres r\u00e9gions de la Tunisie. D\u00e9trompez-vous, il ne s\u2019agit pas l\u00e0 d\u2019un conte des Mille et une nuits mais cela lui ressemble beaucoup.<\/em><\/strong><\/p>\n\n\n\n<p>Par <strong>Imed Bahri<\/strong><\/p>\n\n\n\n<!--more-->\n\n\n\n<p>En v\u00e9ritable p\u00e8re No\u00ebl, dont ne sait pas d\u2019o\u00f9 proviennent les cadeaux qu\u2019il distribue \u00e0 bout de bras, M. Mechichi trouve encore l\u2019argent n\u00e9cessaire pour financer ses largesses, dont on imagine qu\u2019elles visent surtout \u00e0 asseoir sa popularit\u00e9, alors que le pays est au bord de la banqueroute et que le gouvernement n\u2019est pas assur\u00e9 de trouver les fonds n\u00e9cessaires dans les caisses ass\u00e9ch\u00e9es de l\u2019Etat pour payer les salaires de ses fonctionnaires pour les deux derniers mois de l\u2019ann\u00e9e en cours.<\/p>\n\n\n\n<p>Quant \u00e0 trouver les dizaines de milliards de dinars pour financer le budget de l\u2019Etat pour l\u2019ann\u00e9e 2021, dont le projet est actuellement examin\u00e9 \u00e0 l\u2019Assembl\u00e9e des repr\u00e9sentants du peuple (ARP), ce sera une autre paire de manche et M. Mechichi sait pertinemment que, dans un pays en quasi-faillite, la planche \u00e0 billets ne pourra faire des miracles, \u00e0 moins qu&rsquo;il ait le projet de d\u00e9valiser la Banque centrale de Tunisie. <\/p>\n\n\n\n<p>Les bailleurs de fonds habituels, pour leur part, se sont d\u00e9j\u00e0 lass\u00e9s d\u2019un pays qui d\u00e9pense plus qu\u2019il ne produit et qui \u00e9labore des r\u00e9formes sur le papier sans jamais trouver l\u2019audace ni la volont\u00e9 politique les mettre en \u0153uvre, tout en continuent de tendre son escarcelle :<em> \u00abYa krim mtaa Allah !\u00bb<\/em><\/p>\n\n\n\n<p>Nous \u00e9crivons cela en pensant \u00e0 la d\u00e9claration faite hier, samedi 7 novembre 2020, \u00e0 Shems FM, par Slim Tissaoui, conseiller du chef du gouvernement charg\u00e9 des affaires sociales, o\u00f9 il affirme que l\u2019accord conclu cette semaine avec les sit-inneur d\u2019El-Kamour <em>\u00abenvoie un message positif aux habitants de toutes les r\u00e9gions du pays\u00bb <\/em>et que <em>\u00able gouvernement est d\u00e9cid\u00e9 \u00e0 suivre la politique du dialogue pour r\u00e9gler les crises et les dossiers en suspens dans toutes les autres r\u00e9gions, notamment \u00e0 K\u00e9bili, \u00e0 Gafsa, \u00e0 M\u00e9denine et dans les gouvernorats du centre et du nord\u00bb.<\/em><\/p>\n\n\n\n<p>Si on a bien compris, le p\u00e8re No\u00ebl, qui habite d\u00e9sormais au Palais de la Kasbah, est tomb\u00e9 sur un tr\u00e9sor, dont nous ignorions tous jusque-l\u00e0 l\u2019existence, \u00e0 commencer bien s\u00fbr par le ministre des Finances et le gouverneur de la Banque centrale, et il va le distribuer au peuple.<\/p>\n\n\n\n<p>Oy\u00e9 Oy\u00e9 ! Peuple des faubourgs, des villages et des douars ! Peuple des ch\u00f4meurs, des pauvres et des d\u00e9munis ! Le calife Mechichi pense \u00e0 vous et il a des liasses de billets \u00e0 vous distribuer. Vous n&rsquo;\u00eates m\u00eame pas oblig\u00e9s de travailler et de vous fatiguer ! C&rsquo;est gratis et \u00e0 l\u2019\u0153il ! Par la gr\u00e2ce de Dieu ! <\/p>\n\n\n\n<p>Et vous savez ce qui vous reste \u00e0 faire pour vous signaler aux services de sa majest\u00e9? Et bien, coupez les routes ! stoppez les trains ! arr\u00eatez les machines dans les usines ! bref, ruinez le pays et prenez l\u2019Etat en otage !<\/p>\n\n\n\n<figure class=\"wp-block-embed-wordpress wp-block-embed is-type-wp-embed is-provider-kapitalis\"><div class=\"wp-block-embed__wrapper\">\n<blockquote class=\"wp-embedded-content\" data-secret=\"BPb3p2jkl4\"><a href=\"https:\/\/kapitalis.com\/tunisie\/2020\/10\/28\/et-pendant-ce-temps-la-m-mechichi-joue-au-pere-noel\/\">Et pendant ce temps-l\u00e0, M. Mechichi joue au p\u00e8re No\u00ebl<\/a><\/blockquote><iframe loading=\"lazy\" class=\"wp-embedded-content\" sandbox=\"allow-scripts\" security=\"restricted\" style=\"position: absolute; clip: rect(1px, 1px, 1px, 1px);\" title=\"\u00ab\u00a0Et pendant ce temps-l\u00e0, M. Mechichi joue au p\u00e8re No\u00ebl\u00a0\u00bb &#8212; Kapitalis\" src=\"https:\/\/kapitalis.com\/tunisie\/2020\/10\/28\/et-pendant-ce-temps-la-m-mechichi-joue-au-pere-noel\/embed\/#?secret=P9eigVMZZb#?secret=BPb3p2jkl4\" data-secret=\"BPb3p2jkl4\" width=\"600\" height=\"338\" frameborder=\"0\" marginwidth=\"0\" marginheight=\"0\" scrolling=\"no\"><\/iframe>\n<\/div><\/figure>\n","protected":false},"excerpt":{"rendered":"<p>Apr\u00e8s avoir grassement r\u00e9compens\u00e9 les sit-inneurs d\u2019El-Kamour, qui bloquaient la production et la distribution du p\u00e9trole et du gaz \u00e0 Tataouine depuis le 16 juillet dernier (soit pendant pr\u00e8s de 4 mois), le chef du gouvernement Hichem Mechichi va faire profiter de ses g\u00e9n\u00e9rosit\u00e9s les habitants de toutes les autres r\u00e9gions de la Tunisie. D\u00e9trompez-vous,&#8230;<\/p>\n","protected":false},"author":8,"featured_media":323785,"comment_status":"open","ping_status":"open","sticky":false,"template":"","format":"standard","meta":{"footnotes":""},"categories":[992,997,2433],"tags":[30512,407,74899,526,1126],"class_list":["post-323784","post","type-post","status-publish","format-standard","has-post-thumbnail","hentry","category-a-la-une","category-politique","category-tunisie","tag-el-kamour","tag-gafsa","tag-hichem-mechichi","tag-kebili","tag-tataouine"],"yoast_head":"<!-- This site is optimized with the Yoast SEO plugin v26.6 - https:\/\/yoast.com\/wordpress\/plugins\/seo\/ -->\n<title>Hichem Mechichi est-il tomb\u00e9 sur un tr\u00e9sor ? - Kapitalis<\/title>\n<meta name=\"robots\" content=\"index, follow, max-snippet:-1, max-image-preview:large, max-video-preview:-1\" \/>\n<link rel=\"canonical\" href=\"https:\/\/kapitalis.com\/tunisie\/2020\/11\/08\/hichem-mechichi-est-il-tombe-sur-un-tresor\/\" \/>\n<meta property=\"og:locale\" content=\"fr_FR\" \/>\n<meta property=\"og:type\" content=\"article\" \/>\n<meta property=\"og:title\" content=\"Hichem Mechichi est-il tomb\u00e9 sur un tr\u00e9sor ? - Kapitalis\" \/>\n<meta property=\"og:description\" content=\"Apr\u00e8s avoir grassement r\u00e9compens\u00e9 les sit-inneurs d\u2019El-Kamour, qui bloquaient la production et la distribution du p\u00e9trole et du gaz \u00e0 Tataouine depuis le 16 juillet dernier (soit pendant pr\u00e8s de 4 mois), le chef du gouvernement Hichem Mechichi va faire profiter de ses g\u00e9n\u00e9rosit\u00e9s les habitants de toutes les autres r\u00e9gions de la Tunisie. D\u00e9trompez-vous,...\" \/>\n<meta property=\"og:url\" content=\"https:\/\/kapitalis.com\/tunisie\/2020\/11\/08\/hichem-mechichi-est-il-tombe-sur-un-tresor\/\" \/>\n<meta property=\"og:site_name\" content=\"Kapitalis\" \/>\n<meta property=\"article:publisher\" content=\"https:\/\/www.facebook.com\/KapitalisInfo\/\" \/>\n<meta property=\"article:published_time\" content=\"2020-11-08T09:07:49+00:00\" \/>\n<meta property=\"article:modified_time\" content=\"2020-11-08T09:37:00+00:00\" \/>\n<meta property=\"og:image\" content=\"https:\/\/kapitalis.com\/tunisie\/wp-content\/uploads\/2022\/05\/kapitalis-logo-fb.png\" \/>\n\t<meta property=\"og:image:width\" content=\"1200\" \/>\n\t<meta property=\"og:image:height\" content=\"630\" \/>\n\t<meta property=\"og:image:type\" content=\"image\/png\" \/>\n<meta name=\"author\" content=\"webmaster kapitalis\" \/>\n<meta name=\"twitter:card\" content=\"summary_large_image\" \/>\n<meta name=\"twitter:creator\" content=\"@KapitalisInfo\" \/>\n<meta name=\"twitter:site\" content=\"@KapitalisInfo\" \/>\n<meta name=\"twitter:label1\" content=\"\u00c9crit par\" \/>\n\t<meta name=\"twitter:data1\" content=\"webmaster kapitalis\" \/>\n\t<meta name=\"twitter:label2\" content=\"Dur\u00e9e de lecture estim\u00e9e\" \/>\n\t<meta name=\"twitter:data2\" content=\"3 minutes\" \/>\n<script type=\"application\/ld+json\" class=\"yoast-schema-graph\">{\"@context\":\"https:\/\/schema.org\",\"@graph\":[{\"@type\":\"Article\",\"@id\":\"https:\/\/kapitalis.com\/tunisie\/2020\/11\/08\/hichem-mechichi-est-il-tombe-sur-un-tresor\/#article\",\"isPartOf\":{\"@id\":\"https:\/\/kapitalis.com\/tunisie\/2020\/11\/08\/hichem-mechichi-est-il-tombe-sur-un-tresor\/\"},\"author\":{\"name\":\"webmaster kapitalis\",\"@id\":\"https:\/\/kapitalis.com\/tunisie\/#\/schema\/person\/d71f33a9ca44f7bad4698210b480c8e9\"},\"headline\":\"Hichem Mechichi est-il tomb\u00e9 sur un tr\u00e9sor ?\",\"datePublished\":\"2020-11-08T09:07:49+00:00\",\"dateModified\":\"2020-11-08T09:37:00+00:00\",\"mainEntityOfPage\":{\"@id\":\"https:\/\/kapitalis.com\/tunisie\/2020\/11\/08\/hichem-mechichi-est-il-tombe-sur-un-tresor\/\"},\"wordCount\":574,\"commentCount\":4,\"publisher\":{\"@id\":\"https:\/\/kapitalis.com\/tunisie\/#organization\"},\"image\":{\"@id\":\"https:\/\/kapitalis.com\/tunisie\/2020\/11\/08\/hichem-mechichi-est-il-tombe-sur-un-tresor\/#primaryimage\"},\"thumbnailUrl\":\"\",\"keywords\":[\"El-Kamour\",\"Gafsa\",\"Hichem Mechichi\",\"K\u00e9bili\",\"Tataouine\"],\"articleSection\":[\"A LA UNE\",\"POLITIQUE\",\"Tunisie\"],\"inLanguage\":\"fr-FR\",\"potentialAction\":[{\"@type\":\"CommentAction\",\"name\":\"Comment\",\"target\":[\"https:\/\/kapitalis.com\/tunisie\/2020\/11\/08\/hichem-mechichi-est-il-tombe-sur-un-tresor\/#respond\"]}]},{\"@type\":\"WebPage\",\"@id\":\"https:\/\/kapitalis.com\/tunisie\/2020\/11\/08\/hichem-mechichi-est-il-tombe-sur-un-tresor\/\",\"url\":\"https:\/\/kapitalis.com\/tunisie\/2020\/11\/08\/hichem-mechichi-est-il-tombe-sur-un-tresor\/\",\"name\":\"Hichem Mechichi est-il tomb\u00e9 sur un tr\u00e9sor ? - Kapitalis\",\"isPartOf\":{\"@id\":\"https:\/\/kapitalis.com\/tunisie\/#website\"},\"primaryImageOfPage\":{\"@id\":\"https:\/\/kapitalis.com\/tunisie\/2020\/11\/08\/hichem-mechichi-est-il-tombe-sur-un-tresor\/#primaryimage\"},\"image\":{\"@id\":\"https:\/\/kapitalis.com\/tunisie\/2020\/11\/08\/hichem-mechichi-est-il-tombe-sur-un-tresor\/#primaryimage\"},\"thumbnailUrl\":\"\",\"datePublished\":\"2020-11-08T09:07:49+00:00\",\"dateModified\":\"2020-11-08T09:37:00+00:00\",\"breadcrumb\":{\"@id\":\"https:\/\/kapitalis.com\/tunisie\/2020\/11\/08\/hichem-mechichi-est-il-tombe-sur-un-tresor\/#breadcrumb\"},\"inLanguage\":\"fr-FR\",\"potentialAction\":[{\"@type\":\"ReadAction\",\"target\":[\"https:\/\/kapitalis.com\/tunisie\/2020\/11\/08\/hichem-mechichi-est-il-tombe-sur-un-tresor\/\"]}]},{\"@type\":\"ImageObject\",\"inLanguage\":\"fr-FR\",\"@id\":\"https:\/\/kapitalis.com\/tunisie\/2020\/11\/08\/hichem-mechichi-est-il-tombe-sur-un-tresor\/#primaryimage\",\"url\":\"\",\"contentUrl\":\"\"},{\"@type\":\"BreadcrumbList\",\"@id\":\"https:\/\/kapitalis.com\/tunisie\/2020\/11\/08\/hichem-mechichi-est-il-tombe-sur-un-tresor\/#breadcrumb\",\"itemListElement\":[{\"@type\":\"ListItem\",\"position\":1,\"name\":\"Accueil\",\"item\":\"https:\/\/kapitalis.com\/tunisie\/\"},{\"@type\":\"ListItem\",\"position\":2,\"name\":\"Hichem Mechichi est-il tomb\u00e9 sur un tr\u00e9sor ?\"}]},{\"@type\":\"WebSite\",\"@id\":\"https:\/\/kapitalis.com\/tunisie\/#website\",\"url\":\"https:\/\/kapitalis.com\/tunisie\/\",\"name\":\"Kapitalis\",\"description\":\"L&#039;actualit\u00e9 en Tunisie et dans le monde\",\"publisher\":{\"@id\":\"https:\/\/kapitalis.com\/tunisie\/#organization\"},\"potentialAction\":[{\"@type\":\"SearchAction\",\"target\":{\"@type\":\"EntryPoint\",\"urlTemplate\":\"https:\/\/kapitalis.com\/tunisie\/?s={search_term_string}\"},\"query-input\":{\"@type\":\"PropertyValueSpecification\",\"valueRequired\":true,\"valueName\":\"search_term_string\"}}],\"inLanguage\":\"fr-FR\"},{\"@type\":\"Organization\",\"@id\":\"https:\/\/kapitalis.com\/tunisie\/#organization\",\"name\":\"Kapitalis\",\"url\":\"https:\/\/kapitalis.com\/tunisie\/\",\"logo\":{\"@type\":\"ImageObject\",\"inLanguage\":\"fr-FR\",\"@id\":\"https:\/\/kapitalis.com\/tunisie\/#\/schema\/logo\/image\/\",\"url\":\"https:\/\/kapitalis.com\/tunisie\/wp-content\/uploads\/2022\/05\/Kapitalis-big-size.png\",\"contentUrl\":\"https:\/\/kapitalis.com\/tunisie\/wp-content\/uploads\/2022\/05\/Kapitalis-big-size.png\",\"width\":5000,\"height\":1500,\"caption\":\"Kapitalis\"},\"image\":{\"@id\":\"https:\/\/kapitalis.com\/tunisie\/#\/schema\/logo\/image\/\"},\"sameAs\":[\"https:\/\/www.facebook.com\/KapitalisInfo\/\",\"https:\/\/x.com\/KapitalisInfo\",\"https:\/\/www.youtube.com\/channel\/UC-yDYrHyfFBWWZaOw3FPg9Q\"]},{\"@type\":\"Person\",\"@id\":\"https:\/\/kapitalis.com\/tunisie\/#\/schema\/person\/d71f33a9ca44f7bad4698210b480c8e9\",\"name\":\"webmaster kapitalis\",\"url\":\"https:\/\/kapitalis.com\/tunisie\/author\/webmaster-kapitalis\/\"}]}<\/script>\n<!-- \/ Yoast SEO plugin. -->","yoast_head_json":{"title":"Hichem Mechichi est-il tomb\u00e9 sur un tr\u00e9sor ? - Kapitalis","robots":{"index":"index","follow":"follow","max-snippet":"max-snippet:-1","max-image-preview":"max-image-preview:large","max-video-preview":"max-video-preview:-1"},"canonical":"https:\/\/kapitalis.com\/tunisie\/2020\/11\/08\/hichem-mechichi-est-il-tombe-sur-un-tresor\/","og_locale":"fr_FR","og_type":"article","og_title":"Hichem Mechichi est-il tomb\u00e9 sur un tr\u00e9sor ? - Kapitalis","og_description":"Apr\u00e8s avoir grassement r\u00e9compens\u00e9 les sit-inneurs d\u2019El-Kamour, qui bloquaient la production et la distribution du p\u00e9trole et du gaz \u00e0 Tataouine depuis le 16 juillet dernier (soit pendant pr\u00e8s de 4 mois), le chef du gouvernement Hichem Mechichi va faire profiter de ses g\u00e9n\u00e9rosit\u00e9s les habitants de toutes les autres r\u00e9gions de la Tunisie. D\u00e9trompez-vous,...","og_url":"https:\/\/kapitalis.com\/tunisie\/2020\/11\/08\/hichem-mechichi-est-il-tombe-sur-un-tresor\/","og_site_name":"Kapitalis","article_publisher":"https:\/\/www.facebook.com\/KapitalisInfo\/","article_published_time":"2020-11-08T09:07:49+00:00","article_modified_time":"2020-11-08T09:37:00+00:00","og_image":[{"width":1200,"height":630,"url":"https:\/\/kapitalis.com\/tunisie\/wp-content\/uploads\/2022\/05\/kapitalis-logo-fb.png","type":"image\/png"}],"author":"webmaster kapitalis","twitter_card":"summary_large_image","twitter_creator":"@KapitalisInfo","twitter_site":"@KapitalisInfo","twitter_misc":{"\u00c9crit par":"webmaster kapitalis","Dur\u00e9e de lecture estim\u00e9e":"3 minutes"},"schema":{"@context":"https:\/\/schema.org","@graph":[{"@type":"Article","@id":"https:\/\/kapitalis.com\/tunisie\/2020\/11\/08\/hichem-mechichi-est-il-tombe-sur-un-tresor\/#article","isPartOf":{"@id":"https:\/\/kapitalis.com\/tunisie\/2020\/11\/08\/hichem-mechichi-est-il-tombe-sur-un-tresor\/"},"author":{"name":"webmaster kapitalis","@id":"https:\/\/kapitalis.com\/tunisie\/#\/schema\/person\/d71f33a9ca44f7bad4698210b480c8e9"},"headline":"Hichem Mechichi est-il tomb\u00e9 sur un tr\u00e9sor ?","datePublished":"2020-11-08T09:07:49+00:00","dateModified":"2020-11-08T09:37:00+00:00","mainEntityOfPage":{"@id":"https:\/\/kapitalis.com\/tunisie\/2020\/11\/08\/hichem-mechichi-est-il-tombe-sur-un-tresor\/"},"wordCount":574,"commentCount":4,"publisher":{"@id":"https:\/\/kapitalis.com\/tunisie\/#organization"},"image":{"@id":"https:\/\/kapitalis.com\/tunisie\/2020\/11\/08\/hichem-mechichi-est-il-tombe-sur-un-tresor\/#primaryimage"},"thumbnailUrl":"","keywords":["El-Kamour","Gafsa","Hichem Mechichi","K\u00e9bili","Tataouine"],"articleSection":["A LA UNE","POLITIQUE","Tunisie"],"inLanguage":"fr-FR","potentialAction":[{"@type":"CommentAction","name":"Comment","target":["https:\/\/kapitalis.com\/tunisie\/2020\/11\/08\/hichem-mechichi-est-il-tombe-sur-un-tresor\/#respond"]}]},{"@type":"WebPage","@id":"https:\/\/kapitalis.com\/tunisie\/2020\/11\/08\/hichem-mechichi-est-il-tombe-sur-un-tresor\/","url":"https:\/\/kapitalis.com\/tunisie\/2020\/11\/08\/hichem-mechichi-est-il-tombe-sur-un-tresor\/","name":"Hichem Mechichi est-il tomb\u00e9 sur un tr\u00e9sor ? - Kapitalis","isPartOf":{"@id":"https:\/\/kapitalis.com\/tunisie\/#website"},"primaryImageOfPage":{"@id":"https:\/\/kapitalis.com\/tunisie\/2020\/11\/08\/hichem-mechichi-est-il-tombe-sur-un-tresor\/#primaryimage"},"image":{"@id":"https:\/\/kapitalis.com\/tunisie\/2020\/11\/08\/hichem-mechichi-est-il-tombe-sur-un-tresor\/#primaryimage"},"thumbnailUrl":"","datePublished":"2020-11-08T09:07:49+00:00","dateModified":"2020-11-08T09:37:00+00:00","breadcrumb":{"@id":"https:\/\/kapitalis.com\/tunisie\/2020\/11\/08\/hichem-mechichi-est-il-tombe-sur-un-tresor\/#breadcrumb"},"inLanguage":"fr-FR","potentialAction":[{"@type":"ReadAction","target":["https:\/\/kapitalis.com\/tunisie\/2020\/11\/08\/hichem-mechichi-est-il-tombe-sur-un-tresor\/"]}]},{"@type":"ImageObject","inLanguage":"fr-FR","@id":"https:\/\/kapitalis.com\/tunisie\/2020\/11\/08\/hichem-mechichi-est-il-tombe-sur-un-tresor\/#primaryimage","url":"","contentUrl":""},{"@type":"BreadcrumbList","@id":"https:\/\/kapitalis.com\/tunisie\/2020\/11\/08\/hichem-mechichi-est-il-tombe-sur-un-tresor\/#breadcrumb","itemListElement":[{"@type":"ListItem","position":1,"name":"Accueil","item":"https:\/\/kapitalis.com\/tunisie\/"},{"@type":"ListItem","position":2,"name":"Hichem Mechichi est-il tomb\u00e9 sur un tr\u00e9sor ?"}]},{"@type":"WebSite","@id":"https:\/\/kapitalis.com\/tunisie\/#website","url":"https:\/\/kapitalis.com\/tunisie\/","name":"Kapitalis","description":"L&#039;actualit\u00e9 en Tunisie et dans le monde","publisher":{"@id":"https:\/\/kapitalis.com\/tunisie\/#organization"},"potentialAction":[{"@type":"SearchAction","target":{"@type":"EntryPoint","urlTemplate":"https:\/\/kapitalis.com\/tunisie\/?s={search_term_string}"},"query-input":{"@type":"PropertyValueSpecification","valueRequired":true,"valueName":"search_term_string"}}],"inLanguage":"fr-FR"},{"@type":"Organization","@id":"https:\/\/kapitalis.com\/tunisie\/#organization","name":"Kapitalis","url":"https:\/\/kapitalis.com\/tunisie\/","logo":{"@type":"ImageObject","inLanguage":"fr-FR","@id":"https:\/\/kapitalis.com\/tunisie\/#\/schema\/logo\/image\/","url":"https:\/\/kapitalis.com\/tunisie\/wp-content\/uploads\/2022\/05\/Kapitalis-big-size.png","contentUrl":"https:\/\/kapitalis.com\/tunisie\/wp-content\/uploads\/2022\/05\/Kapitalis-big-size.png","width":5000,"height":1500,"caption":"Kapitalis"},"image":{"@id":"https:\/\/kapitalis.com\/tunisie\/#\/schema\/logo\/image\/"},"sameAs":["https:\/\/www.facebook.com\/KapitalisInfo\/","https:\/\/x.com\/KapitalisInfo","https:\/\/www.youtube.com\/channel\/UC-yDYrHyfFBWWZaOw3FPg9Q"]},{"@type":"Person","@id":"https:\/\/kapitalis.com\/tunisie\/#\/schema\/person\/d71f33a9ca44f7bad4698210b480c8e9","name":"webmaster kapitalis","url":"https:\/\/kapitalis.com\/tunisie\/author\/webmaster-kapitalis\/"}]}},"_links":{"self":[{"href":"https:\/\/kapitalis.com\/tunisie\/wp-json\/wp\/v2\/posts\/323784","targetHints":{"allow":["GET"]}}],"collection":[{"href":"https:\/\/kapitalis.com\/tunisie\/wp-json\/wp\/v2\/posts"}],"about":[{"href":"https:\/\/kapitalis.com\/tunisie\/wp-json\/wp\/v2\/types\/post"}],"author":[{"embeddable":true,"href":"https:\/\/kapitalis.com\/tunisie\/wp-json\/wp\/v2\/users\/8"}],"replies":[{"embeddable":true,"href":"https:\/\/kapitalis.com\/tunisie\/wp-json\/wp\/v2\/comments?post=323784"}],"version-history":[{"count":0,"href":"https:\/\/kapitalis.com\/tunisie\/wp-json\/wp\/v2\/posts\/323784\/revisions"}],"wp:featuredmedia":[{"embeddable":true,"href":"https:\/\/kapitalis.com\/tunisie\/wp-json\/wp\/v2\/media\/323785"}],"wp:attachment":[{"href":"https:\/\/kapitalis.com\/tunisie\/wp-json\/wp\/v2\/media?parent=323784"}],"wp:term":[{"taxonomy":"category","embeddable":true,"href":"https:\/\/kapitalis.com\/tunisie\/wp-json\/wp\/v2\/categories?post=323784"},{"taxonomy":"post_tag","embeddable":true,"href":"https:\/\/kapitalis.com\/tunisie\/wp-json\/wp\/v2\/tags?post=323784"}],"curies":[{"name":"wp","href":"https:\/\/api.w.org\/{rel}","templated":true}]}}