{"id":323790,"date":"2020-11-08T13:02:02","date_gmt":"2020-11-08T12:02:02","guid":{"rendered":"http:\/\/kapitalis.com\/tunisie\/?p=323790"},"modified":"2020-11-08T13:02:34","modified_gmt":"2020-11-08T12:02:34","slug":"fete-de-larbre-une-occasion-pour-apprendre-le-civisme-la-preservation-de-la-nature-et-respect-de-lautre","status":"publish","type":"post","link":"https:\/\/kapitalis.com\/tunisie\/2020\/11\/08\/fete-de-larbre-une-occasion-pour-apprendre-le-civisme-la-preservation-de-la-nature-et-respect-de-lautre\/","title":{"rendered":"F\u00eate de l\u2019arbre : une occasion pour apprendre le civisme, la pr\u00e9servation de la nature et respect de l\u2019autre"},"content":{"rendered":"\n<figure class=\"wp-block-image size-large\"><img decoding=\"async\" src=\"http:\/\/kapitalis.com\/tunisie\/wp-content\/uploads\/2020\/11\/Kais-Saied-Fete-arbre.jpg\" alt=\"\" class=\"wp-image-323791\"\/><figcaption><em>La c\u00e9r\u00e9monie termin\u00e9e, et dans la plupart des cas, personne ne s\u2019occupe de ces jeunes plants qui restent \u00e0 l\u2019abandon.<\/em><\/figcaption><\/figure>\n\n\n\n<p><strong><em>Depuis plusieurs ann\u00e9es, la Tunisie c\u00e9l\u00e8bre, le deuxi\u00e8me dimanche du mois de novembre, la f\u00eate de l\u2019arbre. L\u2019objectif est de sensibiliser les citoyens et particuli\u00e8rement les jeunes \u00e0 l\u2019importance de l\u2019arbre et son utilit\u00e9 pour notre environnement.<\/em><\/strong><\/p>\n\n\n\n<p>Par<strong> Ridha Bergaoui<\/strong> *<\/p>\n\n\n\n<!--more-->\n\n\n\n<div class=\"wp-block-image\"><figure class=\"alignleft size-large\"><img decoding=\"async\" src=\"http:\/\/kapitalis.com\/tunisie\/wp-content\/uploads\/2020\/05\/Ridha-Bargaoui.jpg\" alt=\"\" class=\"wp-image-298598\"\/><\/figure><\/div>\n\n\n\n<p>L\u2019environnement et la pollution, l\u2019\u00e9puisement des ressources, le r\u00e9chauffement climatique\u2026 doivent faire partie int\u00e9grante de l\u2019\u00e9ducation de nos jeunes. Ceux-ci doivent apprendre \u00e0 respecter et pr\u00e9server l\u2019environnement pour devenir demain des citoyens actifs et responsables. La prise de contact avec les plantes et les animaux est la meilleure fa\u00e7on pour le jeune de prendre possession de son environnement naturel, le respecter et le pr\u00e9server.<\/p>\n\n\n\n<h3 class=\"wp-block-heading\">L\u2019arbre, un \u00eatre bienveillant et sensible<\/h3>\n\n\n\n<p>L\u2019arbre est avant tout une usine qui nous d\u00e9barrasse du gaz carbonique et produit de l\u2019oxyg\u00e8ne n\u00e9cessaire pour notre survie et celle de tous les organismes vivants. Le CO\u00b2 \u00e9tant un important gaz \u00e0 effet de serre, les plantes en g\u00e9n\u00e9ral et les arbres en particulier, permettent de lutter contre le r\u00e9chauffement climatique. Ils permettent \u00e9galement de fixer le sol et de lutter contre l\u2019\u00e9rosion hydrique et \u00e9olienne. Ils sont utilis\u00e9s comme brises vent pour prot\u00e9ger les cultures et fournissent de l\u2019ombre. Ils constituent un \u00e9cosyst\u00e8me qui h\u00e9berge et abrite de nombreux organismes vivants et favorise la biodiversit\u00e9.<\/p>\n\n\n\n<p>Les arbres nous donnent des fruits d\u00e9licieux, repr\u00e9sentent des aliments pour certains animaux et fournissent du bois d\u2019\u0153uvre et de chauffage. En ville, l\u2019arbre est un \u00e9l\u00e9ment esth\u00e9tique et d\u00e9coratif. Il poss\u00e8de une valeur de d\u00e9tente et de loisir tr\u00e8s importante. Certaines parties des arbres poss\u00e8dent de nombreuses vertus m\u00e9dicinales et sont utilis\u00e9es pour en extraire des m\u00e9dicaments. La for\u00eat c\u2019est aussi la chasse et un lieu pour pratiquer son sport favoris comme les randonn\u00e9es. C\u2019est \u00e9galement le tourisme \u00e9cologique, l\u2019\u00e9vasion, le calme et le repos.<\/p>\n\n\n\n<p>Enfin, la for\u00eat abrite toute une population qui vit des ressources foresti\u00e8res et poss\u00e8de une culture et un ensemble de traditions ancestrales.<\/p>\n\n\n\n<p>L\u2019arbre est un organisme vivant qui n\u2019est pas d\u00e9muni de sensibilit\u00e9. En 2017, Peter Wohlleben, un forestier allemand, a d\u00e9voil\u00e9 dans un livre intitul\u00e9<em> \u00abLa vie cach\u00e9e des arbres\u00bb<\/em>, que les arbres poss\u00e8dent une certaine forme d\u2019intelligence. Ils sont capables de sentir leur environnement, de percevoir d\u2019o\u00f9 vient la lumi\u00e8re et o\u00f9 se trouvent l\u2019eau et les nutriments. Les arbres savent diriger leurs feuilles vers la lumi\u00e8re et les racines vers l\u2019eau et les nutriments. Ils communiquent entre eux, gr\u00e2ce \u00e0 des mol\u00e9cules chimiques qu\u2019ils s\u00e9cr\u00e8tent. Ils s\u2019\u00e9changent des informations via l\u2019air, les feuilles et les racines. Ils peuvent se pr\u00e9venir d\u2019agressions diverses, de s\u2019entraider et de se d\u00e9fendre contre des ennemis et des pr\u00e9dateurs.<\/p>\n\n\n\n<h3 class=\"wp-block-heading\">La c\u00e9r\u00e9monie termin\u00e9e, les arbres sont abandonn\u00e9s \u00e0 leur sort<\/h3>\n\n\n\n<p>Depuis des ann\u00e9es, la f\u00eate de l\u2019arbre se d\u00e9roule toujours de la m\u00eame fa\u00e7on. Le dimanche, jour de la f\u00eate, le pr\u00e9sident de la r\u00e9publique se d\u00e9place dans les environs de Tunis pour planter un arbre, g\u00e9n\u00e9ralement un olivier. Les ministres et de hauts responsables font de leur c\u00f4t\u00e9 des d\u00e9placements dans les r\u00e9gions pour rehausser la f\u00eate par leur pr\u00e9sence \u00e0 c\u00f4t\u00e9 des responsables r\u00e9gionaux. D\u2019autres manifestations sont \u00e9galement organis\u00e9es \u00e0 titre individuel ou associatif dans le cadre de la f\u00eate. La c\u00e9r\u00e9monie se limite \u00e0 placer quelques arbustes dans des trous creus\u00e9s au pr\u00e9alable, \u00e0 mettre la terre tout autour et \u00e0 arroser le jeune plant. Une fois la c\u00e9r\u00e9monie termin\u00e9e, les gens rentrent chez eux tout heureux pour le devoir accompli en attendant l\u2019ann\u00e9e prochaine.<\/p>\n\n\n\n<p>La c\u00e9r\u00e9monie termin\u00e9e, et dans la plupart des cas, personne ne s\u2019occupe de ces jeunes plants qui restent \u00e0 l\u2019abandon, \u00e0 la merci des animaux errants, des gamins mal \u00e9lev\u00e9s \u2026 et finissent par se dess\u00e9cher et p\u00e9rir.<\/p>\n\n\n\n<p>D\u2019une campagne de sensibilisation \u00e0 l\u2019importance de l\u2019arbre et comment l\u2019entretenir, la f\u00eate est devenue une occasion d\u2019apparition m\u00e9diatique des politiciens et des hauts responsables. Ces plants laiss\u00e9s \u00e0 l\u2019abandon et d\u00e9truits donnent le contre-exemple aux jeunes et aux g\u00e9n\u00e9rations suivantes. Le r\u00e9sultat c\u2019est que le Tunisien n\u2019a aucun respect pour l\u2019arbre qui subit tout genre de massacres.<\/p>\n\n\n\n<h3 class=\"wp-block-heading\"><em>L\u2019arbre et l\u2019environnement mal trait\u00e9s et massacr\u00e9s<\/em><\/h3>\n\n\n\n<p>Chaque ann\u00e9e, des milliers d\u2019hectares de nos for\u00eats sont ravag\u00e9s par des incendies. Ces incendies sont soit criminels soit provoqu\u00e9s par un comportement irresponsable de certains utilisateurs de la for\u00eat surtout en \u00e9t\u00e9 en pr\u00e9sence des fortes chaleurs.<\/p>\n\n\n\n<p>Durant le confinement dernier, 400 ch\u00eanes zen pluri-centenaires, ont \u00e9t\u00e9 sauvagement<strong> <a aria-label=\"undefined (s\u2019ouvre dans un nouvel onglet)\" href=\"http:\/\/kapitalis.com\/tunisie\/2020\/04\/13\/abattage-de-400-chenes-zeens-centenaires-a-beni-mtir-les-auteurs-places-en-detention\/\" target=\"_blank\" rel=\"noreferrer noopener\">coup\u00e9s \u00e0 la tron\u00e7onneuse, dans la r\u00e9gion d\u2019A\u00efn Draham (Jendouba)<\/a><\/strong> ou encore<strong> <a href=\"http:\/\/kapitalis.com\/tunisie\/2020\/04\/22\/arbres-forestiers-abattus-a-jebel-mansour-a-zaghouan-des-suspects-en-detention-photos\/\" target=\"_blank\" aria-label=\"undefined (s\u2019ouvre dans un nouvel onglet)\" rel=\"noreferrer noopener\">\u00e0 Zaghouan<\/a><\/strong> pour en faire du charbon. Au lendemain de la r\u00e9volution en 2011 et en 2013, des b\u00fbcherons ont abattu ill\u00e9galement des milliers d\u2019arbre de tout genre, un vrai massacre. Partout et chaque jour des arbres sont abattus clandestinement sans aucun \u00e9tat d\u2019\u00e2me et dans l\u2019impunit\u00e9 absolue.<\/p>\n\n\n\n<p>Abattre des arbres pour construire des routes, des pistes, des b\u00e2timents et des logements se fait syst\u00e9matiquement sans tenir compte de la pr\u00e9sence d\u2019arbres parfois centenaires.<\/p>\n\n\n\n<p>En ville, les espaces verts, les parcs et jardins sont rares (\u00e0 part les quelques espaces tr\u00e8s anciens comme \u00e0 Tunis, le parc du Belv\u00e9d\u00e8re ou le jardin Thameur). Ils sont presque inexistants dans les nouvelles cit\u00e9s ou en \u00e9tat de terrains vagues abandonn\u00e9s utilis\u00e9s comme d\u00e9p\u00f4ts d\u2019ordures et d\u00e9tritus ou par les d\u00e9linquants et soulards.<\/p>\n\n\n\n<p>Pour le commun du citoyen tunisien, l\u2019arbre, surtout dans les espaces publics, n\u2019a aucune valeur et m\u00eame dans les espaces priv\u00e9s les arbres sont g\u00e9n\u00e9ralement mal entretenus.<\/p>\n\n\n\n<p>En dehors de son logement, le Tunisien est peu sensibilis\u00e9 \u00e0 l\u2019importance de l\u2019environnement et s\u2019en fout de la qualit\u00e9 de vie. Jeter ses ordures n\u2019importe comment et n\u2019importe o\u00f9 ne lui pose aucun probl\u00e8me. Le pays est devenu une gigantesque poubelle o\u00f9 certaines personnes peu scrupuleuses se permettent m\u00eame d\u2019importer des centaines de containers d\u2019ordures m\u00e9nag\u00e8res des pays voisins (<strong><a href=\"http:\/\/kapitalis.com\/tunisie\/2020\/11\/04\/sandale-des-dechets-importes-ditalie-letat-tunisien-epingle-par-le-ftdes\/\" target=\"_blank\" aria-label=\"undefined (s\u2019ouvre dans un nouvel onglet)\" rel=\"noreferrer noopener\">scandale des ordures import\u00e9es d\u2019Italie ces derniers jours<\/a><\/strong>). Les pr\u00e9occupations de nos citoyens sont essentiellement d\u2019ordre mat\u00e9riel : pouvoir d\u2019achat, probl\u00e8mes de transport, de soins\u2026 Ils ont vraiment besoin d\u2019une s\u00e9rieuse \u00e9ducation sur l\u2019environnement et la pr\u00e9servation de la qualit\u00e9 de vie.<\/p>\n\n\n\n<h3 class=\"wp-block-heading\">Revoir l\u2019organisation de la f\u00eate de l\u2019arbre<\/h3>\n\n\n\n<p>La journ\u00e9e nationale de l\u2019arbre, c\u00e9l\u00e9br\u00e9e dans de nombreux pays, est \u00e0 l\u2019origine con\u00e7ue pour sensibiliser les populations \u00e0 l\u2019importance et l\u2019entretien des arbres et limiter les effets de la d\u00e9sertification. En Tunisie, c\u2019est devenue une tradition vide de tout sens, couteuse et inutile.<\/p>\n\n\n\n<p>Il faut repenser intelligemment et autrement la f\u00eate de l\u2019arbre. Que les politiques en profitent pour se montrer et montrer qu\u2019ils se pr\u00e9occupent de notre bien-\u00eatre et notre environnement n\u2019est g\u00eanant. Toutefois il ne faut pas perdre de vue l\u2019objet essentiel de sensibilisation et d\u2019\u00e9ducation du citoyen et surtout des jeunes qui vont devenir les agents actifs de demain. Les festivit\u00e9s doivent \u00eatre recentr\u00e9es sur cet objectif fondamental.<\/p>\n\n\n\n<p>Moyennant un peu d\u2019imagination et en collaboration avec les diff\u00e9rentes autorit\u00e9s nationales et r\u00e9gionales, il est possible d\u2019organiser des manifestations scientifiques, commerciales et m\u00eame culturelles. Le contenu de cette journ\u00e9e peut \u00eatre finalis\u00e9 par un comit\u00e9 compos\u00e9 de repr\u00e9sentants des minist\u00e8res concern\u00e9s : agriculture, \u00e9ducation nationale, enfance et famille, enseignement sup\u00e9rieur, int\u00e9rieur, environnement\u2026 Sans \u00eatre exhaustif, nous proposons ci-dessous quelques propositions.<\/p>\n\n\n\n<p>Dans les jardins d\u2019enfants, les \u00e9coles, les coll\u00e8ges et les associations c\u2019est une occasion pour expliquer aux jeunes la place de l\u2019arbre et sensibiliser \u00e0 ses bienfaits pour notre cadre de vie. On peut leur expliquer l\u2019int\u00e9r\u00eat de l\u2019arbre pour lutter contre la d\u00e9gradation de l\u2019environnement, l\u2019\u00e9rosion et les diff\u00e9rentes productions indispensables pour notre survie et celles de nos animaux\u2026 On doit \u00e9galement leur expliquer que l\u2019arbre est un organisme vivant qui a besoin de soins et d\u2019entretien. Cette sensibilisation doit compl\u00e9ter d\u2019autres enseignements pr\u00e9vus dans le cadre de leur formation.<\/p>\n\n\n\n<p>On pourrait exploiter cette occasion pour organiser des march\u00e9s et foires centr\u00e9s autour de la campagne, de la for\u00eat et des produits du terroir\u2026 et exposer le savoir-faire, les produits traditionnels et les plats typiques des r\u00e9gions foresti\u00e8res. On peut \u00e9galement organiser des expositions pour montrer les diff\u00e9rentes esp\u00e8ces d\u2019arbres et arbustes forestiers, montrer le r\u00f4le des arbres dans la lutte contre l\u2019\u00e9rosion et la pollution\u2026<\/p>\n\n\n\n<p>Pourquoi ne pas profiter de cette f\u00eate pour organiser des colloques, des rencontres, s\u00e9minaires et autres \u00e9v\u00e9nements scientifiques au niveau r\u00e9gional et national, pour parler environnement, for\u00eats, changement climatique, agriculture\u2026<\/p>\n\n\n\n<p>L\u2019arbre symbolise l\u2019environnement. Prot\u00e9ger l\u2019arbre et l\u2019environnement est un acte de savoir-vivre et de civisme au sens large du terme qui signifie le respect de l\u2019autre, de la collectivit\u00e9, de l\u2019espace et du bien publics. De nos jours, nous vivons une crise aigu\u00eb de civisme. Nous avons besoin de faire preuve d\u2019empathie et de respect de l\u2019autre, de plus d\u2019attachement \u00e0 la collectivit\u00e9 et \u00e0 la patrie. La f\u00eate de l\u2019arbre pourrait bien \u00eatre une occasion pour apprendre \u00e0 respecter l\u2019autre et par la m\u00eame occasion d\u2019acqu\u00e9rir un peu d\u2019estime et de respect de soi. Planter un arbre est une belle le\u00e7on de civisme, respecter et prot\u00e9ger l\u2019environnement est une belle d\u00e9monstration de savoir-vivre.<\/p>\n\n\n\n<p>* <em>Professeur universitaire<\/em>.<\/p>\n\n\n\n<h4 class=\"wp-block-heading\"><em>Articles du m\u00eame auteur dans Kapitalis :<\/em><\/h4>\n\n\n\n<figure class=\"wp-block-embed-wordpress wp-block-embed is-type-wp-embed is-provider-kapitalis\"><div class=\"wp-block-embed__wrapper\">\n<blockquote class=\"wp-embedded-content\" data-secret=\"CQuVA6iPXF\"><a href=\"https:\/\/kapitalis.com\/tunisie\/2020\/06\/30\/tunisie-pour-une-orientation-universitaire-active-apres-le-baccalaureat\/\">Tunisie : Pour une orientation universitaire active apr\u00e8s le baccalaur\u00e9at<\/a><\/blockquote><iframe loading=\"lazy\" class=\"wp-embedded-content\" sandbox=\"allow-scripts\" security=\"restricted\" style=\"position: absolute; clip: rect(1px, 1px, 1px, 1px);\" title=\"\u00ab\u00a0Tunisie : Pour une orientation universitaire active apr\u00e8s le baccalaur\u00e9at\u00a0\u00bb &#8212; Kapitalis\" src=\"https:\/\/kapitalis.com\/tunisie\/2020\/06\/30\/tunisie-pour-une-orientation-universitaire-active-apres-le-baccalaureat\/embed\/#?secret=MNbpX3vISl#?secret=CQuVA6iPXF\" data-secret=\"CQuVA6iPXF\" width=\"600\" height=\"338\" frameborder=\"0\" marginwidth=\"0\" marginheight=\"0\" scrolling=\"no\"><\/iframe>\n<\/div><\/figure>\n\n\n\n<figure class=\"wp-block-embed-wordpress wp-block-embed is-type-wp-embed is-provider-kapitalis\"><div class=\"wp-block-embed__wrapper\">\n<blockquote class=\"wp-embedded-content\" data-secret=\"CJGi6iCobS\"><a href=\"https:\/\/kapitalis.com\/tunisie\/2020\/06\/09\/et-si-on-parlait-de-la-souffrance-de-la-volaille-dans-les-elevages-industriels\/\">Et si on parlait de la souffrance de la volaille dans les \u00e9levages industriels?<\/a><\/blockquote><iframe loading=\"lazy\" class=\"wp-embedded-content\" sandbox=\"allow-scripts\" security=\"restricted\" style=\"position: absolute; clip: rect(1px, 1px, 1px, 1px);\" title=\"\u00ab\u00a0Et si on parlait de la souffrance de la volaille dans les \u00e9levages industriels?\u00a0\u00bb &#8212; Kapitalis\" src=\"https:\/\/kapitalis.com\/tunisie\/2020\/06\/09\/et-si-on-parlait-de-la-souffrance-de-la-volaille-dans-les-elevages-industriels\/embed\/#?secret=6pF7YB44gS#?secret=CJGi6iCobS\" data-secret=\"CJGi6iCobS\" width=\"600\" height=\"338\" frameborder=\"0\" marginwidth=\"0\" marginheight=\"0\" scrolling=\"no\"><\/iframe>\n<\/div><\/figure>\n\n\n\n<figure class=\"wp-block-embed-wordpress wp-block-embed is-type-wp-embed is-provider-kapitalis\"><div class=\"wp-block-embed__wrapper\">\n<blockquote class=\"wp-embedded-content\" data-secret=\"FoWSolBlda\"><a href=\"https:\/\/kapitalis.com\/tunisie\/2020\/05\/29\/quelle-agriculture-post-covid-19\/\">Quelle agriculture post-Covid-19 ?<\/a><\/blockquote><iframe loading=\"lazy\" class=\"wp-embedded-content\" sandbox=\"allow-scripts\" security=\"restricted\" style=\"position: absolute; clip: rect(1px, 1px, 1px, 1px);\" title=\"\u00ab\u00a0Quelle agriculture post-Covid-19 ?\u00a0\u00bb &#8212; Kapitalis\" src=\"https:\/\/kapitalis.com\/tunisie\/2020\/05\/29\/quelle-agriculture-post-covid-19\/embed\/#?secret=0LgdrPU0h5#?secret=FoWSolBlda\" data-secret=\"FoWSolBlda\" width=\"600\" height=\"338\" frameborder=\"0\" marginwidth=\"0\" marginheight=\"0\" scrolling=\"no\"><\/iframe>\n<\/div><\/figure>\n","protected":false},"excerpt":{"rendered":"<p>Depuis plusieurs ann\u00e9es, la Tunisie c\u00e9l\u00e8bre, le deuxi\u00e8me dimanche du mois de novembre, la f\u00eate de l\u2019arbre. L\u2019objectif est de sensibiliser les citoyens et particuli\u00e8rement les jeunes \u00e0 l\u2019importance de l\u2019arbre et son utilit\u00e9 pour notre environnement. Par Ridha Bergaoui *<\/p>\n","protected":false},"author":8,"featured_media":323791,"comment_status":"open","ping_status":"open","sticky":false,"template":"","format":"standard","meta":{"footnotes":""},"categories":[992,995,998,1000,2433],"tags":[2940,84405,515,84606],"class_list":["post-323790","post","type-post","status-publish","format-standard","has-post-thumbnail","hentry","category-a-la-une","category-economie","category-societe","category-tribune","category-tunisie","tag-ain-draham","tag-fete-de-larbre","tag-jendouba","tag-peter-wohlleben"],"yoast_head":"<!-- This site is optimized with the Yoast SEO plugin v26.6 - https:\/\/yoast.com\/wordpress\/plugins\/seo\/ -->\n<title>F\u00eate de l\u2019arbre : une occasion pour apprendre le civisme, la pr\u00e9servation de la nature et respect de l\u2019autre - Kapitalis<\/title>\n<meta name=\"robots\" content=\"index, follow, max-snippet:-1, max-image-preview:large, max-video-preview:-1\" \/>\n<link rel=\"canonical\" href=\"https:\/\/kapitalis.com\/tunisie\/2020\/11\/08\/fete-de-larbre-une-occasion-pour-apprendre-le-civisme-la-preservation-de-la-nature-et-respect-de-lautre\/\" \/>\n<meta property=\"og:locale\" content=\"fr_FR\" \/>\n<meta property=\"og:type\" content=\"article\" \/>\n<meta property=\"og:title\" content=\"F\u00eate de l\u2019arbre : une occasion pour apprendre le civisme, la pr\u00e9servation de la nature et respect de l\u2019autre - Kapitalis\" \/>\n<meta property=\"og:description\" content=\"Depuis plusieurs ann\u00e9es, la Tunisie c\u00e9l\u00e8bre, le deuxi\u00e8me dimanche du mois de novembre, la f\u00eate de l\u2019arbre. L\u2019objectif est de sensibiliser les citoyens et particuli\u00e8rement les jeunes \u00e0 l\u2019importance de l\u2019arbre et son utilit\u00e9 pour notre environnement. Par Ridha Bergaoui *\" \/>\n<meta property=\"og:url\" content=\"https:\/\/kapitalis.com\/tunisie\/2020\/11\/08\/fete-de-larbre-une-occasion-pour-apprendre-le-civisme-la-preservation-de-la-nature-et-respect-de-lautre\/\" \/>\n<meta property=\"og:site_name\" content=\"Kapitalis\" \/>\n<meta property=\"article:publisher\" content=\"https:\/\/www.facebook.com\/KapitalisInfo\/\" \/>\n<meta property=\"article:published_time\" content=\"2020-11-08T12:02:02+00:00\" \/>\n<meta property=\"article:modified_time\" content=\"2020-11-08T12:02:34+00:00\" \/>\n<meta property=\"og:image\" content=\"https:\/\/kapitalis.com\/tunisie\/wp-content\/uploads\/2022\/05\/kapitalis-logo-fb.png\" \/>\n\t<meta property=\"og:image:width\" content=\"1200\" \/>\n\t<meta property=\"og:image:height\" content=\"630\" \/>\n\t<meta property=\"og:image:type\" content=\"image\/png\" \/>\n<meta name=\"author\" content=\"webmaster kapitalis\" \/>\n<meta name=\"twitter:card\" content=\"summary_large_image\" \/>\n<meta name=\"twitter:creator\" content=\"@KapitalisInfo\" \/>\n<meta name=\"twitter:site\" content=\"@KapitalisInfo\" \/>\n<meta name=\"twitter:label1\" content=\"\u00c9crit par\" \/>\n\t<meta name=\"twitter:data1\" content=\"webmaster kapitalis\" \/>\n\t<meta name=\"twitter:label2\" content=\"Dur\u00e9e de lecture estim\u00e9e\" \/>\n\t<meta name=\"twitter:data2\" content=\"9 minutes\" \/>\n<script type=\"application\/ld+json\" class=\"yoast-schema-graph\">{\"@context\":\"https:\/\/schema.org\",\"@graph\":[{\"@type\":\"Article\",\"@id\":\"https:\/\/kapitalis.com\/tunisie\/2020\/11\/08\/fete-de-larbre-une-occasion-pour-apprendre-le-civisme-la-preservation-de-la-nature-et-respect-de-lautre\/#article\",\"isPartOf\":{\"@id\":\"https:\/\/kapitalis.com\/tunisie\/2020\/11\/08\/fete-de-larbre-une-occasion-pour-apprendre-le-civisme-la-preservation-de-la-nature-et-respect-de-lautre\/\"},\"author\":{\"name\":\"webmaster kapitalis\",\"@id\":\"https:\/\/kapitalis.com\/tunisie\/#\/schema\/person\/d71f33a9ca44f7bad4698210b480c8e9\"},\"headline\":\"F\u00eate de l\u2019arbre : une occasion pour apprendre le civisme, la pr\u00e9servation de la nature et respect de l\u2019autre\",\"datePublished\":\"2020-11-08T12:02:02+00:00\",\"dateModified\":\"2020-11-08T12:02:34+00:00\",\"mainEntityOfPage\":{\"@id\":\"https:\/\/kapitalis.com\/tunisie\/2020\/11\/08\/fete-de-larbre-une-occasion-pour-apprendre-le-civisme-la-preservation-de-la-nature-et-respect-de-lautre\/\"},\"wordCount\":1806,\"commentCount\":6,\"publisher\":{\"@id\":\"https:\/\/kapitalis.com\/tunisie\/#organization\"},\"image\":{\"@id\":\"https:\/\/kapitalis.com\/tunisie\/2020\/11\/08\/fete-de-larbre-une-occasion-pour-apprendre-le-civisme-la-preservation-de-la-nature-et-respect-de-lautre\/#primaryimage\"},\"thumbnailUrl\":\"\",\"keywords\":[\"A\u00efn Draham\",\"f\u00eate de l'arbre\",\"Jendouba\",\"Peter Wohlleben\"],\"articleSection\":[\"A LA UNE\",\"ECONOMIE\",\"SOCIETE\",\"TRIBUNE\",\"Tunisie\"],\"inLanguage\":\"fr-FR\",\"potentialAction\":[{\"@type\":\"CommentAction\",\"name\":\"Comment\",\"target\":[\"https:\/\/kapitalis.com\/tunisie\/2020\/11\/08\/fete-de-larbre-une-occasion-pour-apprendre-le-civisme-la-preservation-de-la-nature-et-respect-de-lautre\/#respond\"]}]},{\"@type\":\"WebPage\",\"@id\":\"https:\/\/kapitalis.com\/tunisie\/2020\/11\/08\/fete-de-larbre-une-occasion-pour-apprendre-le-civisme-la-preservation-de-la-nature-et-respect-de-lautre\/\",\"url\":\"https:\/\/kapitalis.com\/tunisie\/2020\/11\/08\/fete-de-larbre-une-occasion-pour-apprendre-le-civisme-la-preservation-de-la-nature-et-respect-de-lautre\/\",\"name\":\"F\u00eate de l\u2019arbre : une occasion pour apprendre le civisme, la pr\u00e9servation de la nature et respect de l\u2019autre - Kapitalis\",\"isPartOf\":{\"@id\":\"https:\/\/kapitalis.com\/tunisie\/#website\"},\"primaryImageOfPage\":{\"@id\":\"https:\/\/kapitalis.com\/tunisie\/2020\/11\/08\/fete-de-larbre-une-occasion-pour-apprendre-le-civisme-la-preservation-de-la-nature-et-respect-de-lautre\/#primaryimage\"},\"image\":{\"@id\":\"https:\/\/kapitalis.com\/tunisie\/2020\/11\/08\/fete-de-larbre-une-occasion-pour-apprendre-le-civisme-la-preservation-de-la-nature-et-respect-de-lautre\/#primaryimage\"},\"thumbnailUrl\":\"\",\"datePublished\":\"2020-11-08T12:02:02+00:00\",\"dateModified\":\"2020-11-08T12:02:34+00:00\",\"breadcrumb\":{\"@id\":\"https:\/\/kapitalis.com\/tunisie\/2020\/11\/08\/fete-de-larbre-une-occasion-pour-apprendre-le-civisme-la-preservation-de-la-nature-et-respect-de-lautre\/#breadcrumb\"},\"inLanguage\":\"fr-FR\",\"potentialAction\":[{\"@type\":\"ReadAction\",\"target\":[\"https:\/\/kapitalis.com\/tunisie\/2020\/11\/08\/fete-de-larbre-une-occasion-pour-apprendre-le-civisme-la-preservation-de-la-nature-et-respect-de-lautre\/\"]}]},{\"@type\":\"ImageObject\",\"inLanguage\":\"fr-FR\",\"@id\":\"https:\/\/kapitalis.com\/tunisie\/2020\/11\/08\/fete-de-larbre-une-occasion-pour-apprendre-le-civisme-la-preservation-de-la-nature-et-respect-de-lautre\/#primaryimage\",\"url\":\"\",\"contentUrl\":\"\"},{\"@type\":\"BreadcrumbList\",\"@id\":\"https:\/\/kapitalis.com\/tunisie\/2020\/11\/08\/fete-de-larbre-une-occasion-pour-apprendre-le-civisme-la-preservation-de-la-nature-et-respect-de-lautre\/#breadcrumb\",\"itemListElement\":[{\"@type\":\"ListItem\",\"position\":1,\"name\":\"Accueil\",\"item\":\"https:\/\/kapitalis.com\/tunisie\/\"},{\"@type\":\"ListItem\",\"position\":2,\"name\":\"F\u00eate de l\u2019arbre : une occasion pour apprendre le civisme, la pr\u00e9servation de la nature et respect de l\u2019autre\"}]},{\"@type\":\"WebSite\",\"@id\":\"https:\/\/kapitalis.com\/tunisie\/#website\",\"url\":\"https:\/\/kapitalis.com\/tunisie\/\",\"name\":\"Kapitalis\",\"description\":\"L&#039;actualit\u00e9 en Tunisie et dans le monde\",\"publisher\":{\"@id\":\"https:\/\/kapitalis.com\/tunisie\/#organization\"},\"potentialAction\":[{\"@type\":\"SearchAction\",\"target\":{\"@type\":\"EntryPoint\",\"urlTemplate\":\"https:\/\/kapitalis.com\/tunisie\/?s={search_term_string}\"},\"query-input\":{\"@type\":\"PropertyValueSpecification\",\"valueRequired\":true,\"valueName\":\"search_term_string\"}}],\"inLanguage\":\"fr-FR\"},{\"@type\":\"Organization\",\"@id\":\"https:\/\/kapitalis.com\/tunisie\/#organization\",\"name\":\"Kapitalis\",\"url\":\"https:\/\/kapitalis.com\/tunisie\/\",\"logo\":{\"@type\":\"ImageObject\",\"inLanguage\":\"fr-FR\",\"@id\":\"https:\/\/kapitalis.com\/tunisie\/#\/schema\/logo\/image\/\",\"url\":\"https:\/\/kapitalis.com\/tunisie\/wp-content\/uploads\/2022\/05\/Kapitalis-big-size.png\",\"contentUrl\":\"https:\/\/kapitalis.com\/tunisie\/wp-content\/uploads\/2022\/05\/Kapitalis-big-size.png\",\"width\":5000,\"height\":1500,\"caption\":\"Kapitalis\"},\"image\":{\"@id\":\"https:\/\/kapitalis.com\/tunisie\/#\/schema\/logo\/image\/\"},\"sameAs\":[\"https:\/\/www.facebook.com\/KapitalisInfo\/\",\"https:\/\/x.com\/KapitalisInfo\",\"https:\/\/www.youtube.com\/channel\/UC-yDYrHyfFBWWZaOw3FPg9Q\"]},{\"@type\":\"Person\",\"@id\":\"https:\/\/kapitalis.com\/tunisie\/#\/schema\/person\/d71f33a9ca44f7bad4698210b480c8e9\",\"name\":\"webmaster kapitalis\",\"url\":\"https:\/\/kapitalis.com\/tunisie\/author\/webmaster-kapitalis\/\"}]}<\/script>\n<!-- \/ Yoast SEO plugin. -->","yoast_head_json":{"title":"F\u00eate de l\u2019arbre : une occasion pour apprendre le civisme, la pr\u00e9servation de la nature et respect de l\u2019autre - Kapitalis","robots":{"index":"index","follow":"follow","max-snippet":"max-snippet:-1","max-image-preview":"max-image-preview:large","max-video-preview":"max-video-preview:-1"},"canonical":"https:\/\/kapitalis.com\/tunisie\/2020\/11\/08\/fete-de-larbre-une-occasion-pour-apprendre-le-civisme-la-preservation-de-la-nature-et-respect-de-lautre\/","og_locale":"fr_FR","og_type":"article","og_title":"F\u00eate de l\u2019arbre : une occasion pour apprendre le civisme, la pr\u00e9servation de la nature et respect de l\u2019autre - Kapitalis","og_description":"Depuis plusieurs ann\u00e9es, la Tunisie c\u00e9l\u00e8bre, le deuxi\u00e8me dimanche du mois de novembre, la f\u00eate de l\u2019arbre. L\u2019objectif est de sensibiliser les citoyens et particuli\u00e8rement les jeunes \u00e0 l\u2019importance de l\u2019arbre et son utilit\u00e9 pour notre environnement. Par Ridha Bergaoui *","og_url":"https:\/\/kapitalis.com\/tunisie\/2020\/11\/08\/fete-de-larbre-une-occasion-pour-apprendre-le-civisme-la-preservation-de-la-nature-et-respect-de-lautre\/","og_site_name":"Kapitalis","article_publisher":"https:\/\/www.facebook.com\/KapitalisInfo\/","article_published_time":"2020-11-08T12:02:02+00:00","article_modified_time":"2020-11-08T12:02:34+00:00","og_image":[{"width":1200,"height":630,"url":"https:\/\/kapitalis.com\/tunisie\/wp-content\/uploads\/2022\/05\/kapitalis-logo-fb.png","type":"image\/png"}],"author":"webmaster kapitalis","twitter_card":"summary_large_image","twitter_creator":"@KapitalisInfo","twitter_site":"@KapitalisInfo","twitter_misc":{"\u00c9crit par":"webmaster kapitalis","Dur\u00e9e de lecture estim\u00e9e":"9 minutes"},"schema":{"@context":"https:\/\/schema.org","@graph":[{"@type":"Article","@id":"https:\/\/kapitalis.com\/tunisie\/2020\/11\/08\/fete-de-larbre-une-occasion-pour-apprendre-le-civisme-la-preservation-de-la-nature-et-respect-de-lautre\/#article","isPartOf":{"@id":"https:\/\/kapitalis.com\/tunisie\/2020\/11\/08\/fete-de-larbre-une-occasion-pour-apprendre-le-civisme-la-preservation-de-la-nature-et-respect-de-lautre\/"},"author":{"name":"webmaster kapitalis","@id":"https:\/\/kapitalis.com\/tunisie\/#\/schema\/person\/d71f33a9ca44f7bad4698210b480c8e9"},"headline":"F\u00eate de l\u2019arbre : une occasion pour apprendre le civisme, la pr\u00e9servation de la nature et respect de l\u2019autre","datePublished":"2020-11-08T12:02:02+00:00","dateModified":"2020-11-08T12:02:34+00:00","mainEntityOfPage":{"@id":"https:\/\/kapitalis.com\/tunisie\/2020\/11\/08\/fete-de-larbre-une-occasion-pour-apprendre-le-civisme-la-preservation-de-la-nature-et-respect-de-lautre\/"},"wordCount":1806,"commentCount":6,"publisher":{"@id":"https:\/\/kapitalis.com\/tunisie\/#organization"},"image":{"@id":"https:\/\/kapitalis.com\/tunisie\/2020\/11\/08\/fete-de-larbre-une-occasion-pour-apprendre-le-civisme-la-preservation-de-la-nature-et-respect-de-lautre\/#primaryimage"},"thumbnailUrl":"","keywords":["A\u00efn Draham","f\u00eate de l'arbre","Jendouba","Peter Wohlleben"],"articleSection":["A LA UNE","ECONOMIE","SOCIETE","TRIBUNE","Tunisie"],"inLanguage":"fr-FR","potentialAction":[{"@type":"CommentAction","name":"Comment","target":["https:\/\/kapitalis.com\/tunisie\/2020\/11\/08\/fete-de-larbre-une-occasion-pour-apprendre-le-civisme-la-preservation-de-la-nature-et-respect-de-lautre\/#respond"]}]},{"@type":"WebPage","@id":"https:\/\/kapitalis.com\/tunisie\/2020\/11\/08\/fete-de-larbre-une-occasion-pour-apprendre-le-civisme-la-preservation-de-la-nature-et-respect-de-lautre\/","url":"https:\/\/kapitalis.com\/tunisie\/2020\/11\/08\/fete-de-larbre-une-occasion-pour-apprendre-le-civisme-la-preservation-de-la-nature-et-respect-de-lautre\/","name":"F\u00eate de l\u2019arbre : une occasion pour apprendre le civisme, la pr\u00e9servation de la nature et respect de l\u2019autre - Kapitalis","isPartOf":{"@id":"https:\/\/kapitalis.com\/tunisie\/#website"},"primaryImageOfPage":{"@id":"https:\/\/kapitalis.com\/tunisie\/2020\/11\/08\/fete-de-larbre-une-occasion-pour-apprendre-le-civisme-la-preservation-de-la-nature-et-respect-de-lautre\/#primaryimage"},"image":{"@id":"https:\/\/kapitalis.com\/tunisie\/2020\/11\/08\/fete-de-larbre-une-occasion-pour-apprendre-le-civisme-la-preservation-de-la-nature-et-respect-de-lautre\/#primaryimage"},"thumbnailUrl":"","datePublished":"2020-11-08T12:02:02+00:00","dateModified":"2020-11-08T12:02:34+00:00","breadcrumb":{"@id":"https:\/\/kapitalis.com\/tunisie\/2020\/11\/08\/fete-de-larbre-une-occasion-pour-apprendre-le-civisme-la-preservation-de-la-nature-et-respect-de-lautre\/#breadcrumb"},"inLanguage":"fr-FR","potentialAction":[{"@type":"ReadAction","target":["https:\/\/kapitalis.com\/tunisie\/2020\/11\/08\/fete-de-larbre-une-occasion-pour-apprendre-le-civisme-la-preservation-de-la-nature-et-respect-de-lautre\/"]}]},{"@type":"ImageObject","inLanguage":"fr-FR","@id":"https:\/\/kapitalis.com\/tunisie\/2020\/11\/08\/fete-de-larbre-une-occasion-pour-apprendre-le-civisme-la-preservation-de-la-nature-et-respect-de-lautre\/#primaryimage","url":"","contentUrl":""},{"@type":"BreadcrumbList","@id":"https:\/\/kapitalis.com\/tunisie\/2020\/11\/08\/fete-de-larbre-une-occasion-pour-apprendre-le-civisme-la-preservation-de-la-nature-et-respect-de-lautre\/#breadcrumb","itemListElement":[{"@type":"ListItem","position":1,"name":"Accueil","item":"https:\/\/kapitalis.com\/tunisie\/"},{"@type":"ListItem","position":2,"name":"F\u00eate de l\u2019arbre : une occasion pour apprendre le civisme, la pr\u00e9servation de la nature et respect de l\u2019autre"}]},{"@type":"WebSite","@id":"https:\/\/kapitalis.com\/tunisie\/#website","url":"https:\/\/kapitalis.com\/tunisie\/","name":"Kapitalis","description":"L&#039;actualit\u00e9 en Tunisie et dans le monde","publisher":{"@id":"https:\/\/kapitalis.com\/tunisie\/#organization"},"potentialAction":[{"@type":"SearchAction","target":{"@type":"EntryPoint","urlTemplate":"https:\/\/kapitalis.com\/tunisie\/?s={search_term_string}"},"query-input":{"@type":"PropertyValueSpecification","valueRequired":true,"valueName":"search_term_string"}}],"inLanguage":"fr-FR"},{"@type":"Organization","@id":"https:\/\/kapitalis.com\/tunisie\/#organization","name":"Kapitalis","url":"https:\/\/kapitalis.com\/tunisie\/","logo":{"@type":"ImageObject","inLanguage":"fr-FR","@id":"https:\/\/kapitalis.com\/tunisie\/#\/schema\/logo\/image\/","url":"https:\/\/kapitalis.com\/tunisie\/wp-content\/uploads\/2022\/05\/Kapitalis-big-size.png","contentUrl":"https:\/\/kapitalis.com\/tunisie\/wp-content\/uploads\/2022\/05\/Kapitalis-big-size.png","width":5000,"height":1500,"caption":"Kapitalis"},"image":{"@id":"https:\/\/kapitalis.com\/tunisie\/#\/schema\/logo\/image\/"},"sameAs":["https:\/\/www.facebook.com\/KapitalisInfo\/","https:\/\/x.com\/KapitalisInfo","https:\/\/www.youtube.com\/channel\/UC-yDYrHyfFBWWZaOw3FPg9Q"]},{"@type":"Person","@id":"https:\/\/kapitalis.com\/tunisie\/#\/schema\/person\/d71f33a9ca44f7bad4698210b480c8e9","name":"webmaster kapitalis","url":"https:\/\/kapitalis.com\/tunisie\/author\/webmaster-kapitalis\/"}]}},"_links":{"self":[{"href":"https:\/\/kapitalis.com\/tunisie\/wp-json\/wp\/v2\/posts\/323790","targetHints":{"allow":["GET"]}}],"collection":[{"href":"https:\/\/kapitalis.com\/tunisie\/wp-json\/wp\/v2\/posts"}],"about":[{"href":"https:\/\/kapitalis.com\/tunisie\/wp-json\/wp\/v2\/types\/post"}],"author":[{"embeddable":true,"href":"https:\/\/kapitalis.com\/tunisie\/wp-json\/wp\/v2\/users\/8"}],"replies":[{"embeddable":true,"href":"https:\/\/kapitalis.com\/tunisie\/wp-json\/wp\/v2\/comments?post=323790"}],"version-history":[{"count":0,"href":"https:\/\/kapitalis.com\/tunisie\/wp-json\/wp\/v2\/posts\/323790\/revisions"}],"wp:featuredmedia":[{"embeddable":true,"href":"https:\/\/kapitalis.com\/tunisie\/wp-json\/wp\/v2\/media\/323791"}],"wp:attachment":[{"href":"https:\/\/kapitalis.com\/tunisie\/wp-json\/wp\/v2\/media?parent=323790"}],"wp:term":[{"taxonomy":"category","embeddable":true,"href":"https:\/\/kapitalis.com\/tunisie\/wp-json\/wp\/v2\/categories?post=323790"},{"taxonomy":"post_tag","embeddable":true,"href":"https:\/\/kapitalis.com\/tunisie\/wp-json\/wp\/v2\/tags?post=323790"}],"curies":[{"name":"wp","href":"https:\/\/api.w.org\/{rel}","templated":true}]}}