{"id":323809,"date":"2020-11-09T08:22:50","date_gmt":"2020-11-09T07:22:50","guid":{"rendered":"http:\/\/kapitalis.com\/tunisie\/?p=323809"},"modified":"2020-11-09T08:22:52","modified_gmt":"2020-11-09T07:22:52","slug":"terrorisme-en-france-existe-t-il-reellement-un-probleme-tunisien","status":"publish","type":"post","link":"https:\/\/kapitalis.com\/tunisie\/2020\/11\/09\/terrorisme-en-france-existe-t-il-reellement-un-probleme-tunisien\/","title":{"rendered":"Terrorisme en France : existe-t-il r\u00e9ellement un probl\u00e8me tunisien ?"},"content":{"rendered":"\n<figure class=\"wp-block-image size-large\"><img decoding=\"async\" src=\"http:\/\/kapitalis.com\/tunisie\/wp-content\/uploads\/2020\/11\/Issaui-nice.jpg\" alt=\"\" class=\"wp-image-323757\"\/><figcaption><em>Brahim Aouissaoui, auteur de l&rsquo;attentat de Nice. <\/em><\/figcaption><\/figure>\n\n\n\n<p><strong><em>Les derniers \u00e9v\u00e9nements tragiques et \u00e9thiquement scandaleux survenus en France ont fait resurgir le spectre d\u2019un terrorisme de matrice islamiste. Quelque temps apr\u00e8s l\u2019horrible d\u00e9capitation de l\u2019enseignant en histoire-g\u00e9ographie Samuel Paty, la Tunisie s\u2019est retrouv\u00e9e bien malgr\u00e9 elle invit\u00e9e \u00e0 un d\u00e9bat o\u00f9 elle se retrouve bien malmen\u00e9e dans l\u2019opinion publique fran\u00e7aise. Et par extension europ\u00e9enne.<\/em><\/strong><\/p>\n\n\n\n<p>Par<strong> Jean-Guillaume Lozato<\/strong> *<\/p>\n\n\n\n<!--more-->\n\n\n\n<div class=\"wp-block-image\"><figure class=\"alignleft size-large\"><img decoding=\"async\" src=\"http:\/\/kapitalis.com\/tunisie\/wp-content\/uploads\/2019\/09\/Jean-Guillaume-Lozato-1.jpg\" alt=\"\" class=\"wp-image-241349\"\/><\/figure><\/div>\n\n\n\n<p>Nice. Matin\u00e9e du jour du mouled, anniversaire de la naissance du proph\u00e8te Mohamed c\u00e9l\u00e9br\u00e9 par les musulmans. Les corps, les \u00e2mes de paroissiens ainsi que le lieu de culte fr\u00e9quent\u00e9 en la circonstance ont \u00e9t\u00e9 souill\u00e9s par une haine \u00e0 connotation pseudo-religieuse. L\u2019auteur de cet attentat est un jeune tunisien de 21 ans. L\u2019occasion d\u2019une introspection forc\u00e9e, g\u00ean\u00e9e pour la Tunisie se retrouvant confront\u00e9e \u00e0 une r\u00e9cup\u00e9ration politicarde.<\/p>\n\n\n\n<p>Le terrorisme est un fl\u00e9au mondial certes, mais existe-t-il, \u00e0 cet \u00e9gard, un vrai probl\u00e8me tunisien ?<\/p>\n\n\n\n<p>Les perceptions ressenties depuis chacun des deux rivages de la M\u00e9diterran\u00e9e sont \u00e0 confronter d\u2019urgence pour r\u00e9soudre un probl\u00e8me de fond.<\/p>\n\n\n\n<p>La Tunisie s\u2019est r\u00e9veill\u00e9e comme berc\u00e9e par la m\u00e9lodie d\u2019une complainte interpr\u00e9t\u00e9e par le regrett\u00e9 chanteur Lotfi Jormana \u00e0 propos de la <em>\u00abGhorba\u00bb<\/em> des candidats \u00e0 l\u2019exode. \u00c0 ces sonorit\u00e9s ont r\u00e9pondu celles des sir\u00e8nes d\u2019une police municipale ni\u00e7oise efficace, venue cueillir Brahim Aouissaoui. Originaire de la r\u00e9gion de Sfax, il \u00e9tait justement pass\u00e9 par l\u2019\u00eele de Lampedusa si souvent \u00e9voqu\u00e9e par les interpr\u00e8tes de mezoued, le chant des faubourgs de Tunis.<\/p>\n\n\n\n<p>Le terroriste incrimin\u00e9 ne repr\u00e9sente heureusement pas tous les Tunisiens. Fardeau irr\u00e9aliste, disproportionn\u00e9 de par l\u2019appartenance \u00e0 une cat\u00e9gorie d\u2019\u00e2ge tr\u00e8s pr\u00e9cise (les moins de 25 ans). Or une suspicion para\u00eet infuser l\u2019opinion publique du pays dirig\u00e9e par Emmanuel Macron, les m\u00e9dias, la classe politique vis-\u00e0-vis de la patrie de Habib Bourguiba.<\/p>\n\n\n\n<h3 class=\"wp-block-heading\">Cartographie de la pr\u00e9sence tunisienne<\/h3>\n\n\n\n<p>Au-del\u00e0 des trois malheureuses victimes innocentes et catholiques du jeudi 29 octobre 2020, apparaissent des victimes collat\u00e9rales : les membres de la communaut\u00e9 tunisienne install\u00e9e en France. Ph\u00e9nom\u00e8ne allant en s\u2019amplifiant depuis les d\u00e9clarations iniques d\u2019un d\u00e9put\u00e9 tunisien que l\u2019on peut taxer d\u2019extr\u00e9miste, Rached Khiari pour ne pas le nommer. Ce qui a eu pour effet des remarques ou altercations envers des immigr\u00e9s tunisiens ou leurs descendants \u00e0 Toulon et \u00e0 Nice. Cette derni\u00e8re localit\u00e9 regroupant de tr\u00e8s nombreux repr\u00e9sentants de cette diaspora. Cet aspect, si l\u2019on r\u00e9tr\u00e9cit le champ d\u2019analyse g\u00e9ographique, les m\u00e9dias fran\u00e7ais auraient pu l\u2019exploiter davantage en pr\u00e9cisant que le p\u00e9rim\u00e8tre fatal correspond \u00e0 un quartier multiconfessionnel. Quelques p\u00e2t\u00e9s de maisons autour de la rue d\u2019Angleterre, avec des boutiques \u00e0 caract\u00e8re ethnique, maghr\u00e9bines ou non, du kebab \u00e0 la librairie fondamentaliste, de la boucherie marocaine \u00e0 la p\u00e2tisserie tunisienne. \u00c0 proximit\u00e9, toutefois, d\u2019un fast-food Mac Donald\u2019s embl\u00e8me de la mondialisation quasiment poste fronti\u00e8re avec la grande art\u00e8re trac\u00e9e par l\u2019Avenue Jean M\u00e9decin. Cartographie utile pour comprendre la pr\u00e9sence tunisienne dans le chef-lieu des Alpes Maritimes.<\/p>\n\n\n\n<p>La gare centrale agit comme une boussole avec en son sud le quartier endeuill\u00e9 par le triple assassinat. Tout de suite l\u00e9g\u00e8rement plus au nord s\u2019\u00e9tend un quartier entier o\u00f9 la pr\u00e9sence maghr\u00e9bine majoritaire est cette fois sous quasi-monopole tunisien, anim\u00e9 par les habitants originaires principalement de M\u2019saken ou alors de Sfax s\u2019interpellant en dialecte tunisien, l\u2019effervescence lors du derby tunisois ou les soirs consacr\u00e9s aux Aigles de Carthage, certains commerces au nom caract\u00e9ristique (le caf\u00e9 salon de th\u00e9 Salakta par exemple). Or une premi\u00e8re constatation s\u2019impose : le drame ne s\u2019est pas produit sur ces lieux ou \u00e0 partir de ces lieux mais dans un emplacement o\u00f9 Marocains, Alg\u00e9riens, Tunisiens, Pakistanais, Tch\u00e9tch\u00e8nes, Turcs, Capverdiens et Comoriens se croisent.<\/p>\n\n\n\n<h3 class=\"wp-block-heading\">La Tunisie ne se limite pas \u00e0 Hammamet, Sousse et Djerba<\/h3>\n\n\n\n<p>Oui. La Tunisie a connu des soucis en relation avec la mont\u00e9e de l\u2019int\u00e9grisme, du salafisme et de leur corollaire, le terrorisme.<\/p>\n\n\n\n<p>Ensuite la Tunisie est un Etat que l\u2019on peut d\u00e9finir comme arabe, arabophone, moyen-oriental, nord-africain. Un axe de r\u00e9flexion serait \u00e0 poursuivre en parall\u00e8le sur l\u2019adoption du qualificatif arabo-berb\u00e8re. L\u00e0, Tunisiens et Europ\u00e9ens peuvent p\u00e9cher par inexactitude. Ou par omission. Certes les Tunisiens peuvent constituer un mod\u00e8le d\u2019arabisation dans le Grand Maghreb.<\/p>\n\n\n\n<p>N\u00e9anmoins prenons l\u2019exemple des Fran\u00e7ais. On s\u2019aper\u00e7oit qu\u2019ils connaissent souvent mieux le Maroc et l\u2019Alg\u00e9rie au niveau de leur \u00e9tat d\u2019esprit, justement deux puissances de la Berb\u00e9rophonie en comparaison avec le territoire ethno-linguistique tunisien o\u00f9 ne subsistent que quelques poches discr\u00e8tes.<\/p>\n\n\n\n<p>Conna\u00eetre la Tunisie ne se limite pas au programme des avionneurs et voyagistes centr\u00e9 sur Hammamet, Sousse, Djerba la Douce, Djerba la Fid\u00e8le\u2026 Beaucoup de touristes hexagonaux ont d\u00e9j\u00e0 visit\u00e9 la petite nation arabe, peu sont capables de dresser un \u00e9tat des lieux exacts de la mentalit\u00e9.<\/p>\n\n\n\n<p>Oui, par deux fois la ville de Nice a \u00e9t\u00e9 frapp\u00e9e par l\u2019interm\u00e9diaire d\u2019un terroriste tunisien : le 14 juillet 2016 et le 29 octobre 2020. S\u2019attarder sur les deux profils nous fait constater que le premier, Mohamed Lahouaiej-Bouhlel, r\u00e9sidant en France, \u00e9tait en proie \u00e0 la marginalit\u00e9. Le second \u00e9tait connu d\u00e9favorablement des services de police de son pays.<\/p>\n\n\n\n<p>La la\u00efcit\u00e9 est contest\u00e9e de mani\u00e8re violente en Europe, particuli\u00e8rement en France? Idem en Tunisie, avec les jongleries id\u00e9ologiques se d\u00e9pla\u00e7ant d\u2019Ennahdha \u00e0 Al-Karama. Les Fran\u00e7ais ne sont pas les seules victimes de l\u2019extr\u00e9misme. Les Tunisiens sont victimes de leurs ressortissants, autant des malversations internes que des convoitises externes. Et du manque de clairvoyance des journalistes et politiciens \u00e9trangers. Parmi ces derniers les Fran\u00e7ais se pr\u00e9sentent comme amn\u00e9siques par rapport au temps o\u00f9 Ben Ali \u00e9tait consid\u00e9r\u00e9 comme le paravent providentiel face \u00e0 l\u2019int\u00e9grisme religieux. La visite du ministre de l\u2019Int\u00e9rieur Gerald Darmanin au Palais de Carthage, vendredi dernier, a r\u00e9sonn\u00e9 comme une compensation maladroite. Au final entre des dirigeants se pr\u00eatant une assistance mutuelle l\u2019un au chevet de l\u2019autre.<\/p>\n\n\n\n<p>La France doit r\u00e9aliser. Faire prendre conscience \u00e0 ses partenaires continentaux que la Tunisie b\u00e9n\u00e9ficie du positionnement avantageux de promontoire. Situation de sentinelle utile pour l\u2019UE, id\u00e9alement plac\u00e9e au milieu de l\u2019Afrique du Nord, sans aucune interf\u00e9rence subsaharienne \u00e0 ses fronti\u00e8res. La nation gouvern\u00e9e \u2013 ou plut\u00f4t contentons-nous de dire pr\u00e9sid\u00e9e \u2013 par Kais Saied a pour cela besoin de traitement \u00e9quitable, elle qui avait d\u00e9clench\u00e9 le Printemps Arabe.<\/p>\n\n\n\n<h3 class=\"wp-block-heading\">Tunisie &#8211; France ou l\u2019incompr\u00e9hension r\u00e9ciproque<\/h3>\n\n\n\n<p>Les rapports entre la France et la Tunisie postcoloniale n\u2019ont jamais \u00e9t\u00e9 hautement conflictuels, repr\u00e9sentant une relation \u00e9videmment privil\u00e9gi\u00e9e mais sans \u00eatre exclusive \u00e0 100 %.<\/p>\n\n\n\n<p>Les diff\u00e9rents acteurs de la soci\u00e9t\u00e9 fran\u00e7ais doivent revoir leur mani\u00e8re d\u2019appr\u00e9hender le pays du jasmin en d\u00e9pit de l\u2019attentat en territoire ni\u00e7ois. Se contenter de placer la nation tunisienne dans le vaste ensemble du Grand Maghreb sans prendre le temps d\u2019en observer les sp\u00e9cificit\u00e9s constitue une pure perte de temps.<\/p>\n\n\n\n<p>La France compte parmi ses personnalit\u00e9s en vue des membres ou descendants de la communaut\u00e9 maghr\u00e9bine. Un groupe ethnique pr\u00e9sent depuis tr\u00e8s longtemps. Cons\u00e9quemment une analyse biais\u00e9e a domin\u00e9 au moyen d\u2019observations sur des hommes politiques d\u2019origines marocaine, alg\u00e9rienne ou tunisienne, ou alors des humoristes, des acteurs, des chanteurs, des sportifs de haut niveau. Les Alg\u00e9riens et les Marocains d\u2019origine pr\u00e9dominent, voire des gens issus des deux communaut\u00e9s (Malek Boutih, Azouz Begag, Najat Vallaud-Belkacem, Rachida Dati, Mounir Mahjoubi, Jamel Debbouze, Djamel Samy Nac\u00e9ri, Alexandre Benalla, Ramzy Bedia, Nadiya\u2026).<\/p>\n\n\n\n<p>La Franco-tunisienne Sonia Krimi, elle, se d\u00e9marque de par son affiliation au parti LREM vitrine du pouvoir en place. Elle a cru bon brandir comme un gage de cr\u00e9dibilit\u00e9 en affirmant haut et fort ses penchants pour la viande porcine et l\u2019alcool sur Sud Radio en f\u00e9vrier dernier, ce qui rend encore plus difficilement d\u00e9finissables les repr\u00e9sentants d\u2019origine tunisienne.<\/p>\n\n\n\n<p>Apr\u00e8s l\u2019opportuniste politicienne macroniste, une autre personnalit\u00e9 d\u00e9routante a les faveurs des tribunes fran\u00e7aises. Il s\u2019agit de l\u2019\u00e9nigmatique Moez Kouider qui a pouss\u00e9 la coquetterie jusqu\u2019\u00e0 se faire appeler Mathieu Guid\u00e8re. Cet universitaire est un brillant strat\u00e8ge linguistique. Auteur d\u2019un remarquable ouvrage destin\u00e9 \u00e0 la pr\u00e9paration des concours pour l\u2019enseignement des langues vivantes, il est h\u00e9las tr\u00e8s difficile \u00e0 cerner. Certains bruits lui conf\u00e8rent une image gratifiante d\u2019islamologue \u00e9clair\u00e9. Tandis que d\u2019autres le suspectent d\u2019\u00eatre un cheval de Troie du Qatar. La France stationne dans un sas de d\u00e9compression g\u00e9r\u00e9 par l\u2019incertitude vis-\u00e0-vis de son ancien protectorat. Passant de la constatation positive (les avanc\u00e9es de l\u2019alphab\u00e9tisation sous Bourguiba; l\u2019am\u00e9lioration de la condition f\u00e9minine en pays arabe et l\u2019\u00e9mergence actuelle de Abir Moussi; la r\u00e9volution num\u00e9rique\u2026) \u00e0 l\u2019\u00e9tat dubitatif. Jusqu\u2019\u00e0 la m\u00e9fiance comme lors de la rencontre de football France-Tunisie o\u00f9 l\u2019hymne fran\u00e7ais avait \u00e9t\u00e9 siffl\u00e9 par les supporteurs tunisiens. Pourtant les deux hymnes nationaux avaient \u00e9t\u00e9 interpr\u00e9t\u00e9s par deux chanteuses d\u2019origine tunisienne Amina Annabi et La\u00e2m. Cette incapacit\u00e9 \u00e0 faire la part des choses a emp\u00each\u00e9 les Hexagonaux de se souvenir que non seulement supporteurs alg\u00e9riens, marocains et italiens avaient eux aussi siffl\u00e9 l\u2019hymne tricolore, mais que de surcro\u00eet les sympathisants des \u00abBleus\u00bb avaient eu le loisir de siffler copieusement les hymnes portugais et surtout italiens. Cette chose pr\u00e9cise s\u2019apparente donc plus au sport qu\u2019\u00e0 la g\u00e9opolitique et n\u2019est pas le seul apanage des Tunisiens.<\/p>\n\n\n\n<p>Pour ne pas confondre croyants musulmans et terroristes, la\u00efcs arabes et impies, Tunisiens et Saoudiens, peut-\u00eatre y aurait-il un mode d\u2019emploi avec le livre \u00abComprendre le Monde arabe\u00bb, \u00e9crit par l\u2019\u00e9trangement secret B\u00e9ligh Nabli, un Tunisien install\u00e9 en \u00cele-de-France.<\/p>\n\n\n\n<p>A moins de qu\u00eater quelque \u00e9claircissement aupr\u00e8s de l\u2019imam Hassen Chelgoumi, responsable religieux tunisien qui a toujours fait preuve de mod\u00e9ration sur le sol bleu-blanc-rouge r\u00e9publicain. Ce qui lui a valu des menaces et pas toujours une reconnaissance de la part de ses homologues.<\/p>\n\n\n\n<h3 class=\"wp-block-heading\">La corruption des mentalit\u00e9s et des \u00e2mes<\/h3>\n\n\n\n<p>Un attentat terroriste par d\u00e9finition est toujours \u00e0 condamner. Personne n\u2019en disconviendra. Que ce soit la France ou la Tunisie. Ce type d\u2019\u00e9v\u00e9nement s\u2019est r\u00e9p\u00e9t\u00e9 \u00e0 bien des moments, de l\u2019extr\u00eame gauche \u00e0 l\u2019extr\u00eame droite en passant par d\u2019autres mouvances (religieuses, s\u00e9paratistes\u2026).<\/p>\n\n\n\n<p>\u00c0 pr\u00e9sent, une expression arm\u00e9e s\u2019est empar\u00e9e d\u2019une frange de l\u2019id\u00e9ologie islamiste. Mais n\u2019oublions pas que des gens hors contexte arabe ou tunisien ont d\u00e9j\u00e0 agi de la sorte (l\u2019attentat manqu\u00e9 de Maxime Brunerie contre l\u2019ancien pr\u00e9sident Jacques Chirac en France; la tuerie de masse orchestr\u00e9e par le Norv\u00e9gien Anders Behring Brevik). Au total sont concern\u00e9s des gens de tous horizons.<\/p>\n\n\n\n<p>Oui l\u2019attentat de Berlin avait \u00e9t\u00e9 l\u2019\u0153uvre d\u2019un Tunisien, l\u00e0 aussi. Ces derni\u00e8res ann\u00e9es ses compatriotes ont fourni la main-d\u2019\u0153uvre d\u2019un important contingent de djihadistes d\u2019apr\u00e8s les observateurs. La porosit\u00e9 in\u00e9dite des fronti\u00e8res engendr\u00e9e par la r\u00e9volution avait ouvert des br\u00e8ches, facilitant ainsi le d\u00e9part de combattants plus facilement qu\u2019ailleurs dans le Monde Arabe. Ph\u00e9nom\u00e8ne plurifactoriel si l\u2019on tient compte que les habitants des zones les plus d\u00e9favoris\u00e9es du pays ont \u00e9t\u00e9 attir\u00e9s par les largesses financi\u00e8res de le l\u2019Etat islamique (EI) plus que par sa philosophie de vie.<\/p>\n\n\n\n<p>Toutefois, cette corruption des mentalit\u00e9s et des \u00e2mes n\u2019a jamais eu pour cons\u00e9quence la pratique de la d\u00e9capitation des touristes occidentaux comme cela s\u2019est produit en Alg\u00e9rie et au Maroc. Les auteurs d\u2019actions djihadistes peuvent venir de n\u2019importe quelle nation maghr\u00e9bine que du Pakistan, d\u2019Afghanistan, de la P\u00e9ninsule Arabique, du Kirghizistan. Ou d\u2019Occident avec des variantes: des europ\u00e9ens convertis, des maghr\u00e9bins n\u00e9s en France (les fr\u00e8res Kouachi), des jeunes d\u2019origine subsaharienne (Coulibaly \u00e0 l\u2019Hyper Cacher de Paris).<\/p>\n\n\n\n<p>La France actuellement Macron-d\u00e9pendante devrait tenir compte de tous ces \u00e9l\u00e9ments avant de se lancer dans ses anticipations m\u00e9diatiques au lieu de chercher \u00e0 reporter la faute sur les autorit\u00e9s tunisiennes ou italiennes quant au voyage d\u2019un Aouissaoui fra\u00eechement atteint par la majorit\u00e9 p\u00e9nale.<\/p>\n\n\n\n<p>Jadis tr\u00e8s prestigieuse puissance internationale, la France se mue en un Etat dont l\u2019agonie diplomatique est imminente \u00e0 cause d\u2019all\u00e9gations pr\u00e9sidentielles malheureuses envers la Turquie. Ce qui renforce l\u2019impression d\u2019incomp\u00e9tence manifeste du Pr\u00e9sident Macron et de son gouvernement au niveau des relations internationales.<\/p>\n\n\n\n<p>Attention \u00e0 ne pas r\u00e9p\u00e9ter des erreurs de jugement identiques avec Tunis. Une correction attentive s\u2019impose. Pour r\u00e9pondre \u00e0 la menace d\u2019un terrorisme endog\u00e8ne, une des premi\u00e8res \u00e9tapes consiste \u00e0 g\u00e9rer correctement les rapports entre l\u2019Elys\u00e9e et le Palais de Carthage en condamnant le coupable sans porter pr\u00e9judice \u00e0 l\u2019image d\u2019un peuple. Dans cette voie, la patrie du G\u00e9n\u00e9ral de Gaulle devrait m\u00e9diter sur deux choses : sa non-convocation \u00e0 Yalta qui prouve que rien n\u2019est jamais acquis au niveau mondial ; puis sur un point plus pr\u00e9cis : la fa\u00e7on de livrer des interpr\u00e9tations. En effet la nation de Rousseau et de Voltaire a \u00e9t\u00e9 marqu\u00e9e durablement par le jacobinisme.<\/p>\n\n\n\n<p>Symboliquement Nice est une station baln\u00e9aire cependant tournant le dos \u00e0 la mer en certaines occasions. De temps \u00e0 autre pour adopter une attitude plus<em> \u00abmontagnarde\u00bb<\/em> avec la proximit\u00e9 de l\u2019arri\u00e8re-pays rugueux. Plus fr\u00e9quemment pour scruter la capitale sous l\u2019effet d\u2019un Etat centralis\u00e9. E. Macron et ses proches collaborateurs devrait pour l\u2019occasion contempler le tableau que le peintre Henri Matisse a ex\u00e9cut\u00e9 en 1919. Une \u0153uvre intitul\u00e9e <em>\u00abLa Fen\u00eatre de Nice\u00bb <\/em>et qui invite observatrices et observateurs \u00e0 perdre leur regard sur la M\u00e9diterran\u00e9e jusqu\u2019\u00e0 l\u2019horizon. M\u00e9diter sur la vraie nature de ce qui vit, agit ou souffre de l\u2019autre c\u00f4t\u00e9 leur ferait le plus grand bien.<\/p>\n\n\n\n<p> <em>*Enseignant en langue et civilisation italiennes. <\/em><\/p>\n","protected":false},"excerpt":{"rendered":"<p>Les derniers \u00e9v\u00e9nements tragiques et \u00e9thiquement scandaleux survenus en France ont fait resurgir le spectre d\u2019un terrorisme de matrice islamiste. Quelque temps apr\u00e8s l\u2019horrible d\u00e9capitation de l\u2019enseignant en histoire-g\u00e9ographie Samuel Paty, la Tunisie s\u2019est retrouv\u00e9e bien malgr\u00e9 elle invit\u00e9e \u00e0 un d\u00e9bat o\u00f9 elle se retrouve bien malmen\u00e9e dans l\u2019opinion publique fran\u00e7aise. Et par extension&#8230;<\/p>\n","protected":false},"author":8,"featured_media":0,"comment_status":"open","ping_status":"open","sticky":false,"template":"","format":"standard","meta":{"footnotes":""},"categories":[992,1000,2433],"tags":[84367,15920,84609,10387,62643],"class_list":["post-323809","post","type-post","status-publish","format-standard","hentry","category-a-la-une","category-tribune","category-tunisie","tag-brahim-aouissaoui","tag-nice","tag-terrorisme-en-france","tag-terrorisme-islamiste","tag-tunisie"],"yoast_head":"<!-- This site is optimized with the Yoast SEO plugin v26.6 - https:\/\/yoast.com\/wordpress\/plugins\/seo\/ -->\n<title>Terrorisme en France : existe-t-il r\u00e9ellement un probl\u00e8me tunisien ? - Kapitalis<\/title>\n<meta name=\"robots\" content=\"index, follow, max-snippet:-1, max-image-preview:large, max-video-preview:-1\" \/>\n<link rel=\"canonical\" href=\"https:\/\/kapitalis.com\/tunisie\/2020\/11\/09\/terrorisme-en-france-existe-t-il-reellement-un-probleme-tunisien\/\" \/>\n<meta property=\"og:locale\" content=\"fr_FR\" \/>\n<meta property=\"og:type\" content=\"article\" \/>\n<meta property=\"og:title\" content=\"Terrorisme en France : existe-t-il r\u00e9ellement un probl\u00e8me tunisien ? - Kapitalis\" \/>\n<meta property=\"og:description\" content=\"Les derniers \u00e9v\u00e9nements tragiques et \u00e9thiquement scandaleux survenus en France ont fait resurgir le spectre d\u2019un terrorisme de matrice islamiste. Quelque temps apr\u00e8s l\u2019horrible d\u00e9capitation de l\u2019enseignant en histoire-g\u00e9ographie Samuel Paty, la Tunisie s\u2019est retrouv\u00e9e bien malgr\u00e9 elle invit\u00e9e \u00e0 un d\u00e9bat o\u00f9 elle se retrouve bien malmen\u00e9e dans l\u2019opinion publique fran\u00e7aise. Et par extension...\" \/>\n<meta property=\"og:url\" content=\"https:\/\/kapitalis.com\/tunisie\/2020\/11\/09\/terrorisme-en-france-existe-t-il-reellement-un-probleme-tunisien\/\" \/>\n<meta property=\"og:site_name\" content=\"Kapitalis\" \/>\n<meta property=\"article:publisher\" content=\"https:\/\/www.facebook.com\/KapitalisInfo\/\" \/>\n<meta property=\"article:published_time\" content=\"2020-11-09T07:22:50+00:00\" \/>\n<meta property=\"article:modified_time\" content=\"2020-11-09T07:22:52+00:00\" \/>\n<meta property=\"og:image\" content=\"http:\/\/kapitalis.com\/tunisie\/wp-content\/uploads\/2020\/11\/Issaui-nice.jpg\" \/>\n<meta name=\"author\" content=\"webmaster kapitalis\" \/>\n<meta name=\"twitter:card\" content=\"summary_large_image\" \/>\n<meta name=\"twitter:creator\" content=\"@KapitalisInfo\" \/>\n<meta name=\"twitter:site\" content=\"@KapitalisInfo\" \/>\n<meta name=\"twitter:label1\" content=\"\u00c9crit par\" \/>\n\t<meta name=\"twitter:data1\" content=\"webmaster kapitalis\" \/>\n\t<meta name=\"twitter:label2\" content=\"Dur\u00e9e de lecture estim\u00e9e\" \/>\n\t<meta name=\"twitter:data2\" content=\"13 minutes\" \/>\n<script type=\"application\/ld+json\" class=\"yoast-schema-graph\">{\"@context\":\"https:\/\/schema.org\",\"@graph\":[{\"@type\":\"Article\",\"@id\":\"https:\/\/kapitalis.com\/tunisie\/2020\/11\/09\/terrorisme-en-france-existe-t-il-reellement-un-probleme-tunisien\/#article\",\"isPartOf\":{\"@id\":\"https:\/\/kapitalis.com\/tunisie\/2020\/11\/09\/terrorisme-en-france-existe-t-il-reellement-un-probleme-tunisien\/\"},\"author\":{\"name\":\"webmaster kapitalis\",\"@id\":\"https:\/\/kapitalis.com\/tunisie\/#\/schema\/person\/d71f33a9ca44f7bad4698210b480c8e9\"},\"headline\":\"Terrorisme en France : existe-t-il r\u00e9ellement un probl\u00e8me tunisien ?\",\"datePublished\":\"2020-11-09T07:22:50+00:00\",\"dateModified\":\"2020-11-09T07:22:52+00:00\",\"mainEntityOfPage\":{\"@id\":\"https:\/\/kapitalis.com\/tunisie\/2020\/11\/09\/terrorisme-en-france-existe-t-il-reellement-un-probleme-tunisien\/\"},\"wordCount\":2517,\"commentCount\":1,\"publisher\":{\"@id\":\"https:\/\/kapitalis.com\/tunisie\/#organization\"},\"image\":{\"@id\":\"https:\/\/kapitalis.com\/tunisie\/2020\/11\/09\/terrorisme-en-france-existe-t-il-reellement-un-probleme-tunisien\/#primaryimage\"},\"thumbnailUrl\":\"http:\/\/kapitalis.com\/tunisie\/wp-content\/uploads\/2020\/11\/Issaui-nice.jpg\",\"keywords\":[\"Brahim Aouissaoui\",\"Nice\",\"Terrorisme en France\",\"terrorisme islamiste\",\"Tunisie\"],\"articleSection\":[\"A LA UNE\",\"TRIBUNE\",\"Tunisie\"],\"inLanguage\":\"fr-FR\",\"potentialAction\":[{\"@type\":\"CommentAction\",\"name\":\"Comment\",\"target\":[\"https:\/\/kapitalis.com\/tunisie\/2020\/11\/09\/terrorisme-en-france-existe-t-il-reellement-un-probleme-tunisien\/#respond\"]}]},{\"@type\":\"WebPage\",\"@id\":\"https:\/\/kapitalis.com\/tunisie\/2020\/11\/09\/terrorisme-en-france-existe-t-il-reellement-un-probleme-tunisien\/\",\"url\":\"https:\/\/kapitalis.com\/tunisie\/2020\/11\/09\/terrorisme-en-france-existe-t-il-reellement-un-probleme-tunisien\/\",\"name\":\"Terrorisme en France : existe-t-il r\u00e9ellement un probl\u00e8me tunisien ? - Kapitalis\",\"isPartOf\":{\"@id\":\"https:\/\/kapitalis.com\/tunisie\/#website\"},\"primaryImageOfPage\":{\"@id\":\"https:\/\/kapitalis.com\/tunisie\/2020\/11\/09\/terrorisme-en-france-existe-t-il-reellement-un-probleme-tunisien\/#primaryimage\"},\"image\":{\"@id\":\"https:\/\/kapitalis.com\/tunisie\/2020\/11\/09\/terrorisme-en-france-existe-t-il-reellement-un-probleme-tunisien\/#primaryimage\"},\"thumbnailUrl\":\"http:\/\/kapitalis.com\/tunisie\/wp-content\/uploads\/2020\/11\/Issaui-nice.jpg\",\"datePublished\":\"2020-11-09T07:22:50+00:00\",\"dateModified\":\"2020-11-09T07:22:52+00:00\",\"breadcrumb\":{\"@id\":\"https:\/\/kapitalis.com\/tunisie\/2020\/11\/09\/terrorisme-en-france-existe-t-il-reellement-un-probleme-tunisien\/#breadcrumb\"},\"inLanguage\":\"fr-FR\",\"potentialAction\":[{\"@type\":\"ReadAction\",\"target\":[\"https:\/\/kapitalis.com\/tunisie\/2020\/11\/09\/terrorisme-en-france-existe-t-il-reellement-un-probleme-tunisien\/\"]}]},{\"@type\":\"ImageObject\",\"inLanguage\":\"fr-FR\",\"@id\":\"https:\/\/kapitalis.com\/tunisie\/2020\/11\/09\/terrorisme-en-france-existe-t-il-reellement-un-probleme-tunisien\/#primaryimage\",\"url\":\"\",\"contentUrl\":\"\"},{\"@type\":\"BreadcrumbList\",\"@id\":\"https:\/\/kapitalis.com\/tunisie\/2020\/11\/09\/terrorisme-en-france-existe-t-il-reellement-un-probleme-tunisien\/#breadcrumb\",\"itemListElement\":[{\"@type\":\"ListItem\",\"position\":1,\"name\":\"Accueil\",\"item\":\"https:\/\/kapitalis.com\/tunisie\/\"},{\"@type\":\"ListItem\",\"position\":2,\"name\":\"Terrorisme en France : existe-t-il r\u00e9ellement un probl\u00e8me tunisien ?\"}]},{\"@type\":\"WebSite\",\"@id\":\"https:\/\/kapitalis.com\/tunisie\/#website\",\"url\":\"https:\/\/kapitalis.com\/tunisie\/\",\"name\":\"Kapitalis\",\"description\":\"L&#039;actualit\u00e9 en Tunisie et dans le monde\",\"publisher\":{\"@id\":\"https:\/\/kapitalis.com\/tunisie\/#organization\"},\"potentialAction\":[{\"@type\":\"SearchAction\",\"target\":{\"@type\":\"EntryPoint\",\"urlTemplate\":\"https:\/\/kapitalis.com\/tunisie\/?s={search_term_string}\"},\"query-input\":{\"@type\":\"PropertyValueSpecification\",\"valueRequired\":true,\"valueName\":\"search_term_string\"}}],\"inLanguage\":\"fr-FR\"},{\"@type\":\"Organization\",\"@id\":\"https:\/\/kapitalis.com\/tunisie\/#organization\",\"name\":\"Kapitalis\",\"url\":\"https:\/\/kapitalis.com\/tunisie\/\",\"logo\":{\"@type\":\"ImageObject\",\"inLanguage\":\"fr-FR\",\"@id\":\"https:\/\/kapitalis.com\/tunisie\/#\/schema\/logo\/image\/\",\"url\":\"https:\/\/kapitalis.com\/tunisie\/wp-content\/uploads\/2022\/05\/Kapitalis-big-size.png\",\"contentUrl\":\"https:\/\/kapitalis.com\/tunisie\/wp-content\/uploads\/2022\/05\/Kapitalis-big-size.png\",\"width\":5000,\"height\":1500,\"caption\":\"Kapitalis\"},\"image\":{\"@id\":\"https:\/\/kapitalis.com\/tunisie\/#\/schema\/logo\/image\/\"},\"sameAs\":[\"https:\/\/www.facebook.com\/KapitalisInfo\/\",\"https:\/\/x.com\/KapitalisInfo\",\"https:\/\/www.youtube.com\/channel\/UC-yDYrHyfFBWWZaOw3FPg9Q\"]},{\"@type\":\"Person\",\"@id\":\"https:\/\/kapitalis.com\/tunisie\/#\/schema\/person\/d71f33a9ca44f7bad4698210b480c8e9\",\"name\":\"webmaster kapitalis\",\"url\":\"https:\/\/kapitalis.com\/tunisie\/author\/webmaster-kapitalis\/\"}]}<\/script>\n<!-- \/ Yoast SEO plugin. -->","yoast_head_json":{"title":"Terrorisme en France : existe-t-il r\u00e9ellement un probl\u00e8me tunisien ? - Kapitalis","robots":{"index":"index","follow":"follow","max-snippet":"max-snippet:-1","max-image-preview":"max-image-preview:large","max-video-preview":"max-video-preview:-1"},"canonical":"https:\/\/kapitalis.com\/tunisie\/2020\/11\/09\/terrorisme-en-france-existe-t-il-reellement-un-probleme-tunisien\/","og_locale":"fr_FR","og_type":"article","og_title":"Terrorisme en France : existe-t-il r\u00e9ellement un probl\u00e8me tunisien ? - Kapitalis","og_description":"Les derniers \u00e9v\u00e9nements tragiques et \u00e9thiquement scandaleux survenus en France ont fait resurgir le spectre d\u2019un terrorisme de matrice islamiste. Quelque temps apr\u00e8s l\u2019horrible d\u00e9capitation de l\u2019enseignant en histoire-g\u00e9ographie Samuel Paty, la Tunisie s\u2019est retrouv\u00e9e bien malgr\u00e9 elle invit\u00e9e \u00e0 un d\u00e9bat o\u00f9 elle se retrouve bien malmen\u00e9e dans l\u2019opinion publique fran\u00e7aise. Et par extension...","og_url":"https:\/\/kapitalis.com\/tunisie\/2020\/11\/09\/terrorisme-en-france-existe-t-il-reellement-un-probleme-tunisien\/","og_site_name":"Kapitalis","article_publisher":"https:\/\/www.facebook.com\/KapitalisInfo\/","article_published_time":"2020-11-09T07:22:50+00:00","article_modified_time":"2020-11-09T07:22:52+00:00","og_image":[{"url":"http:\/\/kapitalis.com\/tunisie\/wp-content\/uploads\/2020\/11\/Issaui-nice.jpg","type":"","width":"","height":""}],"author":"webmaster kapitalis","twitter_card":"summary_large_image","twitter_creator":"@KapitalisInfo","twitter_site":"@KapitalisInfo","twitter_misc":{"\u00c9crit par":"webmaster kapitalis","Dur\u00e9e de lecture estim\u00e9e":"13 minutes"},"schema":{"@context":"https:\/\/schema.org","@graph":[{"@type":"Article","@id":"https:\/\/kapitalis.com\/tunisie\/2020\/11\/09\/terrorisme-en-france-existe-t-il-reellement-un-probleme-tunisien\/#article","isPartOf":{"@id":"https:\/\/kapitalis.com\/tunisie\/2020\/11\/09\/terrorisme-en-france-existe-t-il-reellement-un-probleme-tunisien\/"},"author":{"name":"webmaster kapitalis","@id":"https:\/\/kapitalis.com\/tunisie\/#\/schema\/person\/d71f33a9ca44f7bad4698210b480c8e9"},"headline":"Terrorisme en France : existe-t-il r\u00e9ellement un probl\u00e8me tunisien ?","datePublished":"2020-11-09T07:22:50+00:00","dateModified":"2020-11-09T07:22:52+00:00","mainEntityOfPage":{"@id":"https:\/\/kapitalis.com\/tunisie\/2020\/11\/09\/terrorisme-en-france-existe-t-il-reellement-un-probleme-tunisien\/"},"wordCount":2517,"commentCount":1,"publisher":{"@id":"https:\/\/kapitalis.com\/tunisie\/#organization"},"image":{"@id":"https:\/\/kapitalis.com\/tunisie\/2020\/11\/09\/terrorisme-en-france-existe-t-il-reellement-un-probleme-tunisien\/#primaryimage"},"thumbnailUrl":"http:\/\/kapitalis.com\/tunisie\/wp-content\/uploads\/2020\/11\/Issaui-nice.jpg","keywords":["Brahim Aouissaoui","Nice","Terrorisme en France","terrorisme islamiste","Tunisie"],"articleSection":["A LA UNE","TRIBUNE","Tunisie"],"inLanguage":"fr-FR","potentialAction":[{"@type":"CommentAction","name":"Comment","target":["https:\/\/kapitalis.com\/tunisie\/2020\/11\/09\/terrorisme-en-france-existe-t-il-reellement-un-probleme-tunisien\/#respond"]}]},{"@type":"WebPage","@id":"https:\/\/kapitalis.com\/tunisie\/2020\/11\/09\/terrorisme-en-france-existe-t-il-reellement-un-probleme-tunisien\/","url":"https:\/\/kapitalis.com\/tunisie\/2020\/11\/09\/terrorisme-en-france-existe-t-il-reellement-un-probleme-tunisien\/","name":"Terrorisme en France : existe-t-il r\u00e9ellement un probl\u00e8me tunisien ? - Kapitalis","isPartOf":{"@id":"https:\/\/kapitalis.com\/tunisie\/#website"},"primaryImageOfPage":{"@id":"https:\/\/kapitalis.com\/tunisie\/2020\/11\/09\/terrorisme-en-france-existe-t-il-reellement-un-probleme-tunisien\/#primaryimage"},"image":{"@id":"https:\/\/kapitalis.com\/tunisie\/2020\/11\/09\/terrorisme-en-france-existe-t-il-reellement-un-probleme-tunisien\/#primaryimage"},"thumbnailUrl":"http:\/\/kapitalis.com\/tunisie\/wp-content\/uploads\/2020\/11\/Issaui-nice.jpg","datePublished":"2020-11-09T07:22:50+00:00","dateModified":"2020-11-09T07:22:52+00:00","breadcrumb":{"@id":"https:\/\/kapitalis.com\/tunisie\/2020\/11\/09\/terrorisme-en-france-existe-t-il-reellement-un-probleme-tunisien\/#breadcrumb"},"inLanguage":"fr-FR","potentialAction":[{"@type":"ReadAction","target":["https:\/\/kapitalis.com\/tunisie\/2020\/11\/09\/terrorisme-en-france-existe-t-il-reellement-un-probleme-tunisien\/"]}]},{"@type":"ImageObject","inLanguage":"fr-FR","@id":"https:\/\/kapitalis.com\/tunisie\/2020\/11\/09\/terrorisme-en-france-existe-t-il-reellement-un-probleme-tunisien\/#primaryimage","url":"","contentUrl":""},{"@type":"BreadcrumbList","@id":"https:\/\/kapitalis.com\/tunisie\/2020\/11\/09\/terrorisme-en-france-existe-t-il-reellement-un-probleme-tunisien\/#breadcrumb","itemListElement":[{"@type":"ListItem","position":1,"name":"Accueil","item":"https:\/\/kapitalis.com\/tunisie\/"},{"@type":"ListItem","position":2,"name":"Terrorisme en France : existe-t-il r\u00e9ellement un probl\u00e8me tunisien ?"}]},{"@type":"WebSite","@id":"https:\/\/kapitalis.com\/tunisie\/#website","url":"https:\/\/kapitalis.com\/tunisie\/","name":"Kapitalis","description":"L&#039;actualit\u00e9 en Tunisie et dans le monde","publisher":{"@id":"https:\/\/kapitalis.com\/tunisie\/#organization"},"potentialAction":[{"@type":"SearchAction","target":{"@type":"EntryPoint","urlTemplate":"https:\/\/kapitalis.com\/tunisie\/?s={search_term_string}"},"query-input":{"@type":"PropertyValueSpecification","valueRequired":true,"valueName":"search_term_string"}}],"inLanguage":"fr-FR"},{"@type":"Organization","@id":"https:\/\/kapitalis.com\/tunisie\/#organization","name":"Kapitalis","url":"https:\/\/kapitalis.com\/tunisie\/","logo":{"@type":"ImageObject","inLanguage":"fr-FR","@id":"https:\/\/kapitalis.com\/tunisie\/#\/schema\/logo\/image\/","url":"https:\/\/kapitalis.com\/tunisie\/wp-content\/uploads\/2022\/05\/Kapitalis-big-size.png","contentUrl":"https:\/\/kapitalis.com\/tunisie\/wp-content\/uploads\/2022\/05\/Kapitalis-big-size.png","width":5000,"height":1500,"caption":"Kapitalis"},"image":{"@id":"https:\/\/kapitalis.com\/tunisie\/#\/schema\/logo\/image\/"},"sameAs":["https:\/\/www.facebook.com\/KapitalisInfo\/","https:\/\/x.com\/KapitalisInfo","https:\/\/www.youtube.com\/channel\/UC-yDYrHyfFBWWZaOw3FPg9Q"]},{"@type":"Person","@id":"https:\/\/kapitalis.com\/tunisie\/#\/schema\/person\/d71f33a9ca44f7bad4698210b480c8e9","name":"webmaster kapitalis","url":"https:\/\/kapitalis.com\/tunisie\/author\/webmaster-kapitalis\/"}]}},"_links":{"self":[{"href":"https:\/\/kapitalis.com\/tunisie\/wp-json\/wp\/v2\/posts\/323809","targetHints":{"allow":["GET"]}}],"collection":[{"href":"https:\/\/kapitalis.com\/tunisie\/wp-json\/wp\/v2\/posts"}],"about":[{"href":"https:\/\/kapitalis.com\/tunisie\/wp-json\/wp\/v2\/types\/post"}],"author":[{"embeddable":true,"href":"https:\/\/kapitalis.com\/tunisie\/wp-json\/wp\/v2\/users\/8"}],"replies":[{"embeddable":true,"href":"https:\/\/kapitalis.com\/tunisie\/wp-json\/wp\/v2\/comments?post=323809"}],"version-history":[{"count":0,"href":"https:\/\/kapitalis.com\/tunisie\/wp-json\/wp\/v2\/posts\/323809\/revisions"}],"wp:attachment":[{"href":"https:\/\/kapitalis.com\/tunisie\/wp-json\/wp\/v2\/media?parent=323809"}],"wp:term":[{"taxonomy":"category","embeddable":true,"href":"https:\/\/kapitalis.com\/tunisie\/wp-json\/wp\/v2\/categories?post=323809"},{"taxonomy":"post_tag","embeddable":true,"href":"https:\/\/kapitalis.com\/tunisie\/wp-json\/wp\/v2\/tags?post=323809"}],"curies":[{"name":"wp","href":"https:\/\/api.w.org\/{rel}","templated":true}]}}