{"id":323840,"date":"2020-11-09T13:01:01","date_gmt":"2020-11-09T12:01:01","guid":{"rendered":"http:\/\/kapitalis.com\/tunisie\/?p=323840"},"modified":"2020-11-10T07:27:51","modified_gmt":"2020-11-10T06:27:51","slug":"amnesty-international-la-liberte-dexpression-est-menacee-en-tunisie","status":"publish","type":"post","link":"https:\/\/kapitalis.com\/tunisie\/2020\/11\/09\/amnesty-international-la-liberte-dexpression-est-menacee-en-tunisie\/","title":{"rendered":"Amnesty international : La libert\u00e9 d&rsquo;expression est menac\u00e9e en Tunisie"},"content":{"rendered":"\n<figure class=\"wp-block-image size-large\"><img decoding=\"async\" src=\"http:\/\/kapitalis.com\/tunisie\/wp-content\/uploads\/2016\/08\/Amnesty-International.jpg\" alt=\"\" class=\"wp-image-61249\"\/><\/figure>\n\n\n\n<p><em><strong>Selon l&rsquo;organisation non gouvernementale (ONG), Amnesty international, la libert\u00e9 d&rsquo;expression est menac\u00e9e en Tunisie, en raison de l&rsquo;augmentation des poursuites judiciaires pour les opinions qu&rsquo;expriment les citoyens.<\/strong><\/em><\/p>\n\n\n\n<!--more-->\n\n\n\n<p>L&rsquo;ONG a appel\u00e9 les autorit\u00e9s tunisiennes \u00e0 \u00ab<em>cesser imm\u00e9diatement d&rsquo;exploiter les lois largement d\u00e9pass\u00e9es, trop g\u00e9n\u00e9rales et r\u00e9pressives<\/em>\u00bb, rapportant qu\u2019au moins 40 blogueurs avaient \u00e9t\u00e9 poursuivis en justice entre 2018 et 2020 pour avoir critiqu\u00e9 les autorit\u00e9s locales, la police ou des responsables de l\u2019\u00c9tat.<\/p>\n\n\n\n<p>Amna Guellali, directrice r\u00e9gionale adjointe pour le Moyen-Orient et l\u2019Afrique du Nord \u00e0 Amnesty International, a, dans le m\u00eame contexte, estim\u00e9 qu&rsquo;il \u00e9tait \u00ab<em>extr\u00eamement pr\u00e9occupant de voir que, dix ans apr\u00e8s la r\u00e9volution, des blogueurs et des activistes sont vis\u00e9s par des poursuites p\u00e9nales en vertu de lois qui datent de l\u2019\u00e9poque de la r\u00e9pression, uniquement pour avoir publi\u00e9 leurs opinions sur Facebook<\/em>\u00bb. <\/p>\n\n\n\n<div class=\"wp-block-image\"><figure class=\"aligncenter size-large is-resized\"><img decoding=\"async\" src=\"http:\/\/kapitalis.com\/tunisie\/wp-content\/uploads\/2016\/02\/Amna-Guellali-.jpg\" alt=\"\" class=\"wp-image-37972\" width=\"500\"\/><figcaption><em>Amna Guellali<\/em><\/figcaption><\/figure><\/div>\n\n\n\n<p>Amnesty international a, par ailleurs, appel\u00e9 les d\u00e9put\u00e9s \u00e0 intervenir et \u00e0 r\u00e9former, en priorit\u00e9, certains textes l\u00e9gislatifs, qui criminalisent l&rsquo;expression l\u00e9gitime ou la restreignent, comme le Code des t\u00e9l\u00e9communications et le Code p\u00e9nal, et de consid\u00e9rer la diffamation comme une affaire de droit civil uniquement.<\/p>\n\n\n\n<p class=\"has-text-align-right\"><strong>C. B. Y.<\/strong><\/p>\n","protected":false},"excerpt":{"rendered":"<p>Selon l&rsquo;organisation non gouvernementale (ONG), Amnesty international, la libert\u00e9 d&rsquo;expression est menac\u00e9e en Tunisie, en raison de l&rsquo;augmentation des poursuites judiciaires pour les opinions qu&rsquo;expriment les citoyens.<\/p>\n","protected":false},"author":24,"featured_media":0,"comment_status":"open","ping_status":"open","sticky":false,"template":"","format":"standard","meta":{"footnotes":""},"categories":[998,2433],"tags":[84618,5324],"class_list":["post-323840","post","type-post","status-publish","format-standard","hentry","category-societe","category-tunisie","tag-amna-guellali","tag-amnesty-international"],"yoast_head":"<!-- This site is optimized with the Yoast SEO plugin v26.6 - https:\/\/yoast.com\/wordpress\/plugins\/seo\/ -->\n<title>Amnesty international : La libert\u00e9 d&#039;expression est menac\u00e9e en Tunisie - Kapitalis<\/title>\n<meta name=\"robots\" content=\"index, follow, max-snippet:-1, max-image-preview:large, max-video-preview:-1\" \/>\n<link rel=\"canonical\" href=\"https:\/\/kapitalis.com\/tunisie\/2020\/11\/09\/amnesty-international-la-liberte-dexpression-est-menacee-en-tunisie\/\" \/>\n<meta property=\"og:locale\" content=\"fr_FR\" \/>\n<meta property=\"og:type\" content=\"article\" \/>\n<meta property=\"og:title\" content=\"Amnesty international : La libert\u00e9 d&#039;expression est menac\u00e9e en Tunisie - Kapitalis\" \/>\n<meta property=\"og:description\" content=\"Selon l&rsquo;organisation non gouvernementale (ONG), Amnesty international, la libert\u00e9 d&rsquo;expression est menac\u00e9e en Tunisie, en raison de l&rsquo;augmentation des poursuites judiciaires pour les opinions qu&rsquo;expriment les citoyens.\" \/>\n<meta property=\"og:url\" content=\"https:\/\/kapitalis.com\/tunisie\/2020\/11\/09\/amnesty-international-la-liberte-dexpression-est-menacee-en-tunisie\/\" \/>\n<meta property=\"og:site_name\" content=\"Kapitalis\" \/>\n<meta property=\"article:publisher\" content=\"https:\/\/www.facebook.com\/KapitalisInfo\/\" \/>\n<meta property=\"article:published_time\" content=\"2020-11-09T12:01:01+00:00\" \/>\n<meta property=\"article:modified_time\" content=\"2020-11-10T06:27:51+00:00\" \/>\n<meta property=\"og:image\" content=\"http:\/\/kapitalis.com\/tunisie\/wp-content\/uploads\/2016\/08\/Amnesty-International.jpg\" \/>\n<meta name=\"author\" content=\"Cherif Benyounes\" \/>\n<meta name=\"twitter:card\" content=\"summary_large_image\" \/>\n<meta name=\"twitter:creator\" content=\"@KapitalisInfo\" \/>\n<meta name=\"twitter:site\" content=\"@KapitalisInfo\" \/>\n<meta name=\"twitter:label1\" content=\"\u00c9crit par\" \/>\n\t<meta name=\"twitter:data1\" content=\"Cherif Benyounes\" \/>\n\t<meta name=\"twitter:label2\" content=\"Dur\u00e9e de lecture estim\u00e9e\" \/>\n\t<meta name=\"twitter:data2\" content=\"1 minute\" \/>\n<script type=\"application\/ld+json\" class=\"yoast-schema-graph\">{\"@context\":\"https:\/\/schema.org\",\"@graph\":[{\"@type\":\"Article\",\"@id\":\"https:\/\/kapitalis.com\/tunisie\/2020\/11\/09\/amnesty-international-la-liberte-dexpression-est-menacee-en-tunisie\/#article\",\"isPartOf\":{\"@id\":\"https:\/\/kapitalis.com\/tunisie\/2020\/11\/09\/amnesty-international-la-liberte-dexpression-est-menacee-en-tunisie\/\"},\"author\":{\"name\":\"Cherif Benyounes\",\"@id\":\"https:\/\/kapitalis.com\/tunisie\/#\/schema\/person\/b35b8d631961131107263178aeb8019e\"},\"headline\":\"Amnesty international : La libert\u00e9 d&rsquo;expression est menac\u00e9e en Tunisie\",\"datePublished\":\"2020-11-09T12:01:01+00:00\",\"dateModified\":\"2020-11-10T06:27:51+00:00\",\"mainEntityOfPage\":{\"@id\":\"https:\/\/kapitalis.com\/tunisie\/2020\/11\/09\/amnesty-international-la-liberte-dexpression-est-menacee-en-tunisie\/\"},\"wordCount\":220,\"commentCount\":0,\"publisher\":{\"@id\":\"https:\/\/kapitalis.com\/tunisie\/#organization\"},\"image\":{\"@id\":\"https:\/\/kapitalis.com\/tunisie\/2020\/11\/09\/amnesty-international-la-liberte-dexpression-est-menacee-en-tunisie\/#primaryimage\"},\"thumbnailUrl\":\"http:\/\/kapitalis.com\/tunisie\/wp-content\/uploads\/2016\/08\/Amnesty-International.jpg\",\"keywords\":[\"Amna guellali\",\"Amnesty international\"],\"articleSection\":[\"SOCIETE\",\"Tunisie\"],\"inLanguage\":\"fr-FR\",\"potentialAction\":[{\"@type\":\"CommentAction\",\"name\":\"Comment\",\"target\":[\"https:\/\/kapitalis.com\/tunisie\/2020\/11\/09\/amnesty-international-la-liberte-dexpression-est-menacee-en-tunisie\/#respond\"]}]},{\"@type\":\"WebPage\",\"@id\":\"https:\/\/kapitalis.com\/tunisie\/2020\/11\/09\/amnesty-international-la-liberte-dexpression-est-menacee-en-tunisie\/\",\"url\":\"https:\/\/kapitalis.com\/tunisie\/2020\/11\/09\/amnesty-international-la-liberte-dexpression-est-menacee-en-tunisie\/\",\"name\":\"Amnesty international : La libert\u00e9 d'expression est menac\u00e9e en Tunisie - Kapitalis\",\"isPartOf\":{\"@id\":\"https:\/\/kapitalis.com\/tunisie\/#website\"},\"primaryImageOfPage\":{\"@id\":\"https:\/\/kapitalis.com\/tunisie\/2020\/11\/09\/amnesty-international-la-liberte-dexpression-est-menacee-en-tunisie\/#primaryimage\"},\"image\":{\"@id\":\"https:\/\/kapitalis.com\/tunisie\/2020\/11\/09\/amnesty-international-la-liberte-dexpression-est-menacee-en-tunisie\/#primaryimage\"},\"thumbnailUrl\":\"http:\/\/kapitalis.com\/tunisie\/wp-content\/uploads\/2016\/08\/Amnesty-International.jpg\",\"datePublished\":\"2020-11-09T12:01:01+00:00\",\"dateModified\":\"2020-11-10T06:27:51+00:00\",\"breadcrumb\":{\"@id\":\"https:\/\/kapitalis.com\/tunisie\/2020\/11\/09\/amnesty-international-la-liberte-dexpression-est-menacee-en-tunisie\/#breadcrumb\"},\"inLanguage\":\"fr-FR\",\"potentialAction\":[{\"@type\":\"ReadAction\",\"target\":[\"https:\/\/kapitalis.com\/tunisie\/2020\/11\/09\/amnesty-international-la-liberte-dexpression-est-menacee-en-tunisie\/\"]}]},{\"@type\":\"ImageObject\",\"inLanguage\":\"fr-FR\",\"@id\":\"https:\/\/kapitalis.com\/tunisie\/2020\/11\/09\/amnesty-international-la-liberte-dexpression-est-menacee-en-tunisie\/#primaryimage\",\"url\":\"\",\"contentUrl\":\"\"},{\"@type\":\"BreadcrumbList\",\"@id\":\"https:\/\/kapitalis.com\/tunisie\/2020\/11\/09\/amnesty-international-la-liberte-dexpression-est-menacee-en-tunisie\/#breadcrumb\",\"itemListElement\":[{\"@type\":\"ListItem\",\"position\":1,\"name\":\"Accueil\",\"item\":\"https:\/\/kapitalis.com\/tunisie\/\"},{\"@type\":\"ListItem\",\"position\":2,\"name\":\"Amnesty international : La libert\u00e9 d&rsquo;expression est menac\u00e9e en Tunisie\"}]},{\"@type\":\"WebSite\",\"@id\":\"https:\/\/kapitalis.com\/tunisie\/#website\",\"url\":\"https:\/\/kapitalis.com\/tunisie\/\",\"name\":\"Kapitalis\",\"description\":\"L&#039;actualit\u00e9 en Tunisie et dans le monde\",\"publisher\":{\"@id\":\"https:\/\/kapitalis.com\/tunisie\/#organization\"},\"potentialAction\":[{\"@type\":\"SearchAction\",\"target\":{\"@type\":\"EntryPoint\",\"urlTemplate\":\"https:\/\/kapitalis.com\/tunisie\/?s={search_term_string}\"},\"query-input\":{\"@type\":\"PropertyValueSpecification\",\"valueRequired\":true,\"valueName\":\"search_term_string\"}}],\"inLanguage\":\"fr-FR\"},{\"@type\":\"Organization\",\"@id\":\"https:\/\/kapitalis.com\/tunisie\/#organization\",\"name\":\"Kapitalis\",\"url\":\"https:\/\/kapitalis.com\/tunisie\/\",\"logo\":{\"@type\":\"ImageObject\",\"inLanguage\":\"fr-FR\",\"@id\":\"https:\/\/kapitalis.com\/tunisie\/#\/schema\/logo\/image\/\",\"url\":\"https:\/\/kapitalis.com\/tunisie\/wp-content\/uploads\/2022\/05\/Kapitalis-big-size.png\",\"contentUrl\":\"https:\/\/kapitalis.com\/tunisie\/wp-content\/uploads\/2022\/05\/Kapitalis-big-size.png\",\"width\":5000,\"height\":1500,\"caption\":\"Kapitalis\"},\"image\":{\"@id\":\"https:\/\/kapitalis.com\/tunisie\/#\/schema\/logo\/image\/\"},\"sameAs\":[\"https:\/\/www.facebook.com\/KapitalisInfo\/\",\"https:\/\/x.com\/KapitalisInfo\",\"https:\/\/www.youtube.com\/channel\/UC-yDYrHyfFBWWZaOw3FPg9Q\"]},{\"@type\":\"Person\",\"@id\":\"https:\/\/kapitalis.com\/tunisie\/#\/schema\/person\/b35b8d631961131107263178aeb8019e\",\"name\":\"Cherif Benyounes\",\"url\":\"https:\/\/kapitalis.com\/tunisie\/author\/cherif\/\"}]}<\/script>\n<!-- \/ Yoast SEO plugin. -->","yoast_head_json":{"title":"Amnesty international : La libert\u00e9 d'expression est menac\u00e9e en Tunisie - Kapitalis","robots":{"index":"index","follow":"follow","max-snippet":"max-snippet:-1","max-image-preview":"max-image-preview:large","max-video-preview":"max-video-preview:-1"},"canonical":"https:\/\/kapitalis.com\/tunisie\/2020\/11\/09\/amnesty-international-la-liberte-dexpression-est-menacee-en-tunisie\/","og_locale":"fr_FR","og_type":"article","og_title":"Amnesty international : La libert\u00e9 d'expression est menac\u00e9e en Tunisie - Kapitalis","og_description":"Selon l&rsquo;organisation non gouvernementale (ONG), Amnesty international, la libert\u00e9 d&rsquo;expression est menac\u00e9e en Tunisie, en raison de l&rsquo;augmentation des poursuites judiciaires pour les opinions qu&rsquo;expriment les citoyens.","og_url":"https:\/\/kapitalis.com\/tunisie\/2020\/11\/09\/amnesty-international-la-liberte-dexpression-est-menacee-en-tunisie\/","og_site_name":"Kapitalis","article_publisher":"https:\/\/www.facebook.com\/KapitalisInfo\/","article_published_time":"2020-11-09T12:01:01+00:00","article_modified_time":"2020-11-10T06:27:51+00:00","og_image":[{"url":"http:\/\/kapitalis.com\/tunisie\/wp-content\/uploads\/2016\/08\/Amnesty-International.jpg","type":"","width":"","height":""}],"author":"Cherif Benyounes","twitter_card":"summary_large_image","twitter_creator":"@KapitalisInfo","twitter_site":"@KapitalisInfo","twitter_misc":{"\u00c9crit par":"Cherif Benyounes","Dur\u00e9e de lecture estim\u00e9e":"1 minute"},"schema":{"@context":"https:\/\/schema.org","@graph":[{"@type":"Article","@id":"https:\/\/kapitalis.com\/tunisie\/2020\/11\/09\/amnesty-international-la-liberte-dexpression-est-menacee-en-tunisie\/#article","isPartOf":{"@id":"https:\/\/kapitalis.com\/tunisie\/2020\/11\/09\/amnesty-international-la-liberte-dexpression-est-menacee-en-tunisie\/"},"author":{"name":"Cherif Benyounes","@id":"https:\/\/kapitalis.com\/tunisie\/#\/schema\/person\/b35b8d631961131107263178aeb8019e"},"headline":"Amnesty international : La libert\u00e9 d&rsquo;expression est menac\u00e9e en Tunisie","datePublished":"2020-11-09T12:01:01+00:00","dateModified":"2020-11-10T06:27:51+00:00","mainEntityOfPage":{"@id":"https:\/\/kapitalis.com\/tunisie\/2020\/11\/09\/amnesty-international-la-liberte-dexpression-est-menacee-en-tunisie\/"},"wordCount":220,"commentCount":0,"publisher":{"@id":"https:\/\/kapitalis.com\/tunisie\/#organization"},"image":{"@id":"https:\/\/kapitalis.com\/tunisie\/2020\/11\/09\/amnesty-international-la-liberte-dexpression-est-menacee-en-tunisie\/#primaryimage"},"thumbnailUrl":"http:\/\/kapitalis.com\/tunisie\/wp-content\/uploads\/2016\/08\/Amnesty-International.jpg","keywords":["Amna guellali","Amnesty international"],"articleSection":["SOCIETE","Tunisie"],"inLanguage":"fr-FR","potentialAction":[{"@type":"CommentAction","name":"Comment","target":["https:\/\/kapitalis.com\/tunisie\/2020\/11\/09\/amnesty-international-la-liberte-dexpression-est-menacee-en-tunisie\/#respond"]}]},{"@type":"WebPage","@id":"https:\/\/kapitalis.com\/tunisie\/2020\/11\/09\/amnesty-international-la-liberte-dexpression-est-menacee-en-tunisie\/","url":"https:\/\/kapitalis.com\/tunisie\/2020\/11\/09\/amnesty-international-la-liberte-dexpression-est-menacee-en-tunisie\/","name":"Amnesty international : La libert\u00e9 d'expression est menac\u00e9e en Tunisie - Kapitalis","isPartOf":{"@id":"https:\/\/kapitalis.com\/tunisie\/#website"},"primaryImageOfPage":{"@id":"https:\/\/kapitalis.com\/tunisie\/2020\/11\/09\/amnesty-international-la-liberte-dexpression-est-menacee-en-tunisie\/#primaryimage"},"image":{"@id":"https:\/\/kapitalis.com\/tunisie\/2020\/11\/09\/amnesty-international-la-liberte-dexpression-est-menacee-en-tunisie\/#primaryimage"},"thumbnailUrl":"http:\/\/kapitalis.com\/tunisie\/wp-content\/uploads\/2016\/08\/Amnesty-International.jpg","datePublished":"2020-11-09T12:01:01+00:00","dateModified":"2020-11-10T06:27:51+00:00","breadcrumb":{"@id":"https:\/\/kapitalis.com\/tunisie\/2020\/11\/09\/amnesty-international-la-liberte-dexpression-est-menacee-en-tunisie\/#breadcrumb"},"inLanguage":"fr-FR","potentialAction":[{"@type":"ReadAction","target":["https:\/\/kapitalis.com\/tunisie\/2020\/11\/09\/amnesty-international-la-liberte-dexpression-est-menacee-en-tunisie\/"]}]},{"@type":"ImageObject","inLanguage":"fr-FR","@id":"https:\/\/kapitalis.com\/tunisie\/2020\/11\/09\/amnesty-international-la-liberte-dexpression-est-menacee-en-tunisie\/#primaryimage","url":"","contentUrl":""},{"@type":"BreadcrumbList","@id":"https:\/\/kapitalis.com\/tunisie\/2020\/11\/09\/amnesty-international-la-liberte-dexpression-est-menacee-en-tunisie\/#breadcrumb","itemListElement":[{"@type":"ListItem","position":1,"name":"Accueil","item":"https:\/\/kapitalis.com\/tunisie\/"},{"@type":"ListItem","position":2,"name":"Amnesty international : La libert\u00e9 d&rsquo;expression est menac\u00e9e en Tunisie"}]},{"@type":"WebSite","@id":"https:\/\/kapitalis.com\/tunisie\/#website","url":"https:\/\/kapitalis.com\/tunisie\/","name":"Kapitalis","description":"L&#039;actualit\u00e9 en Tunisie et dans le monde","publisher":{"@id":"https:\/\/kapitalis.com\/tunisie\/#organization"},"potentialAction":[{"@type":"SearchAction","target":{"@type":"EntryPoint","urlTemplate":"https:\/\/kapitalis.com\/tunisie\/?s={search_term_string}"},"query-input":{"@type":"PropertyValueSpecification","valueRequired":true,"valueName":"search_term_string"}}],"inLanguage":"fr-FR"},{"@type":"Organization","@id":"https:\/\/kapitalis.com\/tunisie\/#organization","name":"Kapitalis","url":"https:\/\/kapitalis.com\/tunisie\/","logo":{"@type":"ImageObject","inLanguage":"fr-FR","@id":"https:\/\/kapitalis.com\/tunisie\/#\/schema\/logo\/image\/","url":"https:\/\/kapitalis.com\/tunisie\/wp-content\/uploads\/2022\/05\/Kapitalis-big-size.png","contentUrl":"https:\/\/kapitalis.com\/tunisie\/wp-content\/uploads\/2022\/05\/Kapitalis-big-size.png","width":5000,"height":1500,"caption":"Kapitalis"},"image":{"@id":"https:\/\/kapitalis.com\/tunisie\/#\/schema\/logo\/image\/"},"sameAs":["https:\/\/www.facebook.com\/KapitalisInfo\/","https:\/\/x.com\/KapitalisInfo","https:\/\/www.youtube.com\/channel\/UC-yDYrHyfFBWWZaOw3FPg9Q"]},{"@type":"Person","@id":"https:\/\/kapitalis.com\/tunisie\/#\/schema\/person\/b35b8d631961131107263178aeb8019e","name":"Cherif Benyounes","url":"https:\/\/kapitalis.com\/tunisie\/author\/cherif\/"}]}},"_links":{"self":[{"href":"https:\/\/kapitalis.com\/tunisie\/wp-json\/wp\/v2\/posts\/323840","targetHints":{"allow":["GET"]}}],"collection":[{"href":"https:\/\/kapitalis.com\/tunisie\/wp-json\/wp\/v2\/posts"}],"about":[{"href":"https:\/\/kapitalis.com\/tunisie\/wp-json\/wp\/v2\/types\/post"}],"author":[{"embeddable":true,"href":"https:\/\/kapitalis.com\/tunisie\/wp-json\/wp\/v2\/users\/24"}],"replies":[{"embeddable":true,"href":"https:\/\/kapitalis.com\/tunisie\/wp-json\/wp\/v2\/comments?post=323840"}],"version-history":[{"count":0,"href":"https:\/\/kapitalis.com\/tunisie\/wp-json\/wp\/v2\/posts\/323840\/revisions"}],"wp:attachment":[{"href":"https:\/\/kapitalis.com\/tunisie\/wp-json\/wp\/v2\/media?parent=323840"}],"wp:term":[{"taxonomy":"category","embeddable":true,"href":"https:\/\/kapitalis.com\/tunisie\/wp-json\/wp\/v2\/categories?post=323840"},{"taxonomy":"post_tag","embeddable":true,"href":"https:\/\/kapitalis.com\/tunisie\/wp-json\/wp\/v2\/tags?post=323840"}],"curies":[{"name":"wp","href":"https:\/\/api.w.org\/{rel}","templated":true}]}}