{"id":323938,"date":"2020-11-10T08:53:38","date_gmt":"2020-11-10T07:53:38","guid":{"rendered":"http:\/\/kapitalis.com\/tunisie\/?p=323938"},"modified":"2020-11-10T09:42:37","modified_gmt":"2020-11-10T08:42:37","slug":"la-covid-19-aggrave-les-inegalites-sociales-en-tunisie","status":"publish","type":"post","link":"https:\/\/kapitalis.com\/tunisie\/2020\/11\/10\/la-covid-19-aggrave-les-inegalites-sociales-en-tunisie\/","title":{"rendered":"La Covid-19 aggrave les in\u00e9galit\u00e9s sociales en Tunisie"},"content":{"rendered":"\n<figure class=\"wp-block-image size-large\"><img decoding=\"async\" src=\"http:\/\/kapitalis.com\/tunisie\/wp-content\/uploads\/2019\/05\/Pauvrete.jpg\" alt=\"\" class=\"wp-image-215523\"\/><\/figure>\n\n\n\n<p><strong><em>La crise de la Covid-19 a mis en \u00e9vidence des in\u00e9galit\u00e9s profond\u00e9ment ancr\u00e9es dans les soci\u00e9t\u00e9s humaines. En effet, et alors que certains travailleurs ont acc\u00e8s aux cong\u00e9s de maladie ainsi qu\u2019aux services de sant\u00e9 et continuent de toucher leur salaire, pour beaucoup de ceux qui se situent au bas de l\u2019\u00e9chelle des revenus, les cons\u00e9quences de la Covid-19 sont d\u00e9j\u00e0 catastrophiques et vont l&rsquo;\u00eatre encore davantage.<\/em><\/strong><\/p>\n\n\n\n<p>Par <strong>Amine Ben Gamra<\/strong> *<\/p>\n\n\n\n<!--more-->\n\n\n\n<div class=\"wp-block-image\"><figure class=\"alignleft size-large\"><img decoding=\"async\" src=\"http:\/\/kapitalis.com\/tunisie\/wp-content\/uploads\/2019\/10\/Amine-Ben-Gamra.jpg\" alt=\"\" class=\"wp-image-248975\"\/><\/figure><\/div>\n\n\n\n<p>Par ailleurs, les plus ais\u00e9s ont pu \u00e9pargner, en mettant fin aux d\u00e9penses superflues. Les moins riches, dont la consommation est concentr\u00e9e sur les d\u00e9penses essentielles, non seulement, ils n\u2019ont pas pu \u00e9pargner, mais au contraire, ils ont d\u00fb puiser dans leurs \u00e9conomies, voire s\u2019endetter pour traverser la crise.<\/p>\n\n\n\n<p>En Tunisie, malheureusement, il n\u2019existe pas une photographie pr\u00e9cise de l\u2019attitude des m\u00e9nages en mati\u00e8re de consommation et d\u2019\u00e9pargne entre le mois de mars dernier, date de l\u2019apparition de l\u2019\u00e9pid\u00e9mie, jusqu\u2019\u00e0 aujourd\u2019hui. Mais une chose est s\u00fbre, cependant, face aux incertitudes, les plus riches ont pu \u00e9pargner. \u00c0 l&rsquo;inverse, les m\u00e9nages les plus pauvres ont \u00e9t\u00e9 oblig\u00e9s de puiser dans leurs r\u00e9serves ou \u00e0 s&rsquo;endetter davantage.<\/p>\n\n\n\n<p>Le gouvernement doit faire attention aux niveaux \u00e9lev\u00e9s de pauvret\u00e9 et d\u2019in\u00e9galit\u00e9 caus\u00e9s par la crise du Covid-19. Pour \u00e9viter que les in\u00e9galit\u00e9s se creusent encore plus, il est n\u00e9cessaire de mettre en \u0153uvre des dispositifs pour les m\u00e9nages les plus modestes. Malheureusement, le projet de loi de finances (PLF) pour l\u2019exercice 2021 pr\u00e9sent\u00e9 par le gouvernement \u00e0 l\u2019examen de l\u2019Assembl\u00e9e risque d\u2019aggraver cette situation, avec les encouragements \u00e0 l\u2019\u00e9pargne \u00e0 moyen et long termes, par le biais des comptes d\u2019\u00e9pargne en actions (CEA) et les contrats d\u2019assurance-vie.<\/p>\n\n\n\n<p>En effet, le PLF 2021 propose le rel\u00e8vement du plafond de d\u00e9duction de l\u2019imp\u00f4t sur le revenu, au titre des CEA qui donnent le droit de b\u00e9n\u00e9ficier d\u2019avantages fiscaux, de 50.000 \u00e0 100.000 dinars, par an.<\/p>\n\n\n\n<p>Concernant les contrats d\u2019assurance vie et la constitution de capital, y compris l\u2019assurance islamique ou takaful, le projet comporte le rel\u00e8vement des montants pay\u00e9s au titre des contrats d\u2019assurance-vie et des contrats de constitution de capital, qui donnent le droit de b\u00e9n\u00e9ficier d\u2019avantages fiscaux, de 10.000 \u00e0 100.000 dinars par an.<\/p>\n\n\n\n<p>Ce ne sont pas l\u00e0, \u00e0 proprement parler, des mesures qui vont b\u00e9n\u00e9ficier aux couches les moins nanties de la population, lesquelles vont continuer \u00e0 tirer le diable par la queue pour survivre \u00e0 une pand\u00e9mie dont personne, m\u00eame dans le camp des scientifiques, ne se hasarde \u00e0 pr\u00e9voir la dur\u00e9e. Des mesures \u00e0 caract\u00e8re social et orient\u00e9es vers ces populations, qui supportent et vont encore supporter le plus gros poids de la crise, sont donc toujours les bienvenues pour r\u00e9\u00e9quilibrer le PLF 2021.<\/p>\n\n\n\n<p><em>* Expert-comptable, commissaire aux comptes, membre de l\u2019Ordre des experts comptable de Tunisie.<\/em><\/p>\n","protected":false},"excerpt":{"rendered":"<p>La crise de la Covid-19 a mis en \u00e9vidence des in\u00e9galit\u00e9s profond\u00e9ment ancr\u00e9es dans les soci\u00e9t\u00e9s humaines. En effet, et alors que certains travailleurs ont acc\u00e8s aux cong\u00e9s de maladie ainsi qu\u2019aux services de sant\u00e9 et continuent de toucher leur salaire, pour beaucoup de ceux qui se situent au bas de l\u2019\u00e9chelle des revenus, les&#8230;<\/p>\n","protected":false},"author":8,"featured_media":0,"comment_status":"open","ping_status":"open","sticky":false,"template":"","format":"standard","meta":{"footnotes":""},"categories":[992,995,1000,2433],"tags":[3856,84639,75291,10755,84640,84636,84638,84637],"class_list":["post-323938","post","type-post","status-publish","format-standard","hentry","category-a-la-une","category-economie","category-tribune","category-tunisie","tag-assurance-vie","tag-comptes-depargne-en-actions","tag-covid-19","tag-epargne","tag-impot-sur-le-revenu","tag-inegalites-sociales","tag-plf-2021","tag-projet-de-loi-de-finances"],"yoast_head":"<!-- This site is optimized with the Yoast SEO plugin v26.6 - https:\/\/yoast.com\/wordpress\/plugins\/seo\/ -->\n<title>La Covid-19 aggrave les in\u00e9galit\u00e9s sociales en Tunisie - Kapitalis<\/title>\n<meta name=\"robots\" content=\"index, follow, max-snippet:-1, max-image-preview:large, max-video-preview:-1\" \/>\n<link rel=\"canonical\" href=\"https:\/\/kapitalis.com\/tunisie\/2020\/11\/10\/la-covid-19-aggrave-les-inegalites-sociales-en-tunisie\/\" \/>\n<meta property=\"og:locale\" content=\"fr_FR\" \/>\n<meta property=\"og:type\" content=\"article\" \/>\n<meta property=\"og:title\" content=\"La Covid-19 aggrave les in\u00e9galit\u00e9s sociales en Tunisie - Kapitalis\" \/>\n<meta property=\"og:description\" content=\"La crise de la Covid-19 a mis en \u00e9vidence des in\u00e9galit\u00e9s profond\u00e9ment ancr\u00e9es dans les soci\u00e9t\u00e9s humaines. En effet, et alors que certains travailleurs ont acc\u00e8s aux cong\u00e9s de maladie ainsi qu\u2019aux services de sant\u00e9 et continuent de toucher leur salaire, pour beaucoup de ceux qui se situent au bas de l\u2019\u00e9chelle des revenus, les...\" \/>\n<meta property=\"og:url\" content=\"https:\/\/kapitalis.com\/tunisie\/2020\/11\/10\/la-covid-19-aggrave-les-inegalites-sociales-en-tunisie\/\" \/>\n<meta property=\"og:site_name\" content=\"Kapitalis\" \/>\n<meta property=\"article:publisher\" content=\"https:\/\/www.facebook.com\/KapitalisInfo\/\" \/>\n<meta property=\"article:published_time\" content=\"2020-11-10T07:53:38+00:00\" \/>\n<meta property=\"article:modified_time\" content=\"2020-11-10T08:42:37+00:00\" \/>\n<meta property=\"og:image\" content=\"http:\/\/kapitalis.com\/tunisie\/wp-content\/uploads\/2019\/05\/Pauvrete.jpg\" \/>\n<meta name=\"author\" content=\"webmaster kapitalis\" \/>\n<meta name=\"twitter:card\" content=\"summary_large_image\" \/>\n<meta name=\"twitter:creator\" content=\"@KapitalisInfo\" \/>\n<meta name=\"twitter:site\" content=\"@KapitalisInfo\" \/>\n<meta name=\"twitter:label1\" content=\"\u00c9crit par\" \/>\n\t<meta name=\"twitter:data1\" content=\"webmaster kapitalis\" \/>\n\t<meta name=\"twitter:label2\" content=\"Dur\u00e9e de lecture estim\u00e9e\" \/>\n\t<meta name=\"twitter:data2\" content=\"3 minutes\" \/>\n<script type=\"application\/ld+json\" class=\"yoast-schema-graph\">{\"@context\":\"https:\/\/schema.org\",\"@graph\":[{\"@type\":\"Article\",\"@id\":\"https:\/\/kapitalis.com\/tunisie\/2020\/11\/10\/la-covid-19-aggrave-les-inegalites-sociales-en-tunisie\/#article\",\"isPartOf\":{\"@id\":\"https:\/\/kapitalis.com\/tunisie\/2020\/11\/10\/la-covid-19-aggrave-les-inegalites-sociales-en-tunisie\/\"},\"author\":{\"name\":\"webmaster kapitalis\",\"@id\":\"https:\/\/kapitalis.com\/tunisie\/#\/schema\/person\/d71f33a9ca44f7bad4698210b480c8e9\"},\"headline\":\"La Covid-19 aggrave les in\u00e9galit\u00e9s sociales en Tunisie\",\"datePublished\":\"2020-11-10T07:53:38+00:00\",\"dateModified\":\"2020-11-10T08:42:37+00:00\",\"mainEntityOfPage\":{\"@id\":\"https:\/\/kapitalis.com\/tunisie\/2020\/11\/10\/la-covid-19-aggrave-les-inegalites-sociales-en-tunisie\/\"},\"wordCount\":523,\"commentCount\":4,\"publisher\":{\"@id\":\"https:\/\/kapitalis.com\/tunisie\/#organization\"},\"image\":{\"@id\":\"https:\/\/kapitalis.com\/tunisie\/2020\/11\/10\/la-covid-19-aggrave-les-inegalites-sociales-en-tunisie\/#primaryimage\"},\"thumbnailUrl\":\"http:\/\/kapitalis.com\/tunisie\/wp-content\/uploads\/2019\/05\/Pauvrete.jpg\",\"keywords\":[\"assurance-vie\",\"comptes d\u2019\u00e9pargne en actions\",\"Covid-19\",\"\u00e9pargne\",\"imp\u00f4t sur le revenu\",\"in\u00e9galit\u00e9s sociales\",\"PLF 2021\",\"projet de loi de finances\"],\"articleSection\":[\"A LA UNE\",\"ECONOMIE\",\"TRIBUNE\",\"Tunisie\"],\"inLanguage\":\"fr-FR\",\"potentialAction\":[{\"@type\":\"CommentAction\",\"name\":\"Comment\",\"target\":[\"https:\/\/kapitalis.com\/tunisie\/2020\/11\/10\/la-covid-19-aggrave-les-inegalites-sociales-en-tunisie\/#respond\"]}]},{\"@type\":\"WebPage\",\"@id\":\"https:\/\/kapitalis.com\/tunisie\/2020\/11\/10\/la-covid-19-aggrave-les-inegalites-sociales-en-tunisie\/\",\"url\":\"https:\/\/kapitalis.com\/tunisie\/2020\/11\/10\/la-covid-19-aggrave-les-inegalites-sociales-en-tunisie\/\",\"name\":\"La Covid-19 aggrave les in\u00e9galit\u00e9s sociales en Tunisie - Kapitalis\",\"isPartOf\":{\"@id\":\"https:\/\/kapitalis.com\/tunisie\/#website\"},\"primaryImageOfPage\":{\"@id\":\"https:\/\/kapitalis.com\/tunisie\/2020\/11\/10\/la-covid-19-aggrave-les-inegalites-sociales-en-tunisie\/#primaryimage\"},\"image\":{\"@id\":\"https:\/\/kapitalis.com\/tunisie\/2020\/11\/10\/la-covid-19-aggrave-les-inegalites-sociales-en-tunisie\/#primaryimage\"},\"thumbnailUrl\":\"http:\/\/kapitalis.com\/tunisie\/wp-content\/uploads\/2019\/05\/Pauvrete.jpg\",\"datePublished\":\"2020-11-10T07:53:38+00:00\",\"dateModified\":\"2020-11-10T08:42:37+00:00\",\"breadcrumb\":{\"@id\":\"https:\/\/kapitalis.com\/tunisie\/2020\/11\/10\/la-covid-19-aggrave-les-inegalites-sociales-en-tunisie\/#breadcrumb\"},\"inLanguage\":\"fr-FR\",\"potentialAction\":[{\"@type\":\"ReadAction\",\"target\":[\"https:\/\/kapitalis.com\/tunisie\/2020\/11\/10\/la-covid-19-aggrave-les-inegalites-sociales-en-tunisie\/\"]}]},{\"@type\":\"ImageObject\",\"inLanguage\":\"fr-FR\",\"@id\":\"https:\/\/kapitalis.com\/tunisie\/2020\/11\/10\/la-covid-19-aggrave-les-inegalites-sociales-en-tunisie\/#primaryimage\",\"url\":\"http:\/\/kapitalis.com\/tunisie\/wp-content\/uploads\/2019\/05\/Pauvrete.jpg\",\"contentUrl\":\"http:\/\/kapitalis.com\/tunisie\/wp-content\/uploads\/2019\/05\/Pauvrete.jpg\"},{\"@type\":\"BreadcrumbList\",\"@id\":\"https:\/\/kapitalis.com\/tunisie\/2020\/11\/10\/la-covid-19-aggrave-les-inegalites-sociales-en-tunisie\/#breadcrumb\",\"itemListElement\":[{\"@type\":\"ListItem\",\"position\":1,\"name\":\"Accueil\",\"item\":\"https:\/\/kapitalis.com\/tunisie\/\"},{\"@type\":\"ListItem\",\"position\":2,\"name\":\"La Covid-19 aggrave les in\u00e9galit\u00e9s sociales en Tunisie\"}]},{\"@type\":\"WebSite\",\"@id\":\"https:\/\/kapitalis.com\/tunisie\/#website\",\"url\":\"https:\/\/kapitalis.com\/tunisie\/\",\"name\":\"Kapitalis\",\"description\":\"L&#039;actualit\u00e9 en Tunisie et dans le monde\",\"publisher\":{\"@id\":\"https:\/\/kapitalis.com\/tunisie\/#organization\"},\"potentialAction\":[{\"@type\":\"SearchAction\",\"target\":{\"@type\":\"EntryPoint\",\"urlTemplate\":\"https:\/\/kapitalis.com\/tunisie\/?s={search_term_string}\"},\"query-input\":{\"@type\":\"PropertyValueSpecification\",\"valueRequired\":true,\"valueName\":\"search_term_string\"}}],\"inLanguage\":\"fr-FR\"},{\"@type\":\"Organization\",\"@id\":\"https:\/\/kapitalis.com\/tunisie\/#organization\",\"name\":\"Kapitalis\",\"url\":\"https:\/\/kapitalis.com\/tunisie\/\",\"logo\":{\"@type\":\"ImageObject\",\"inLanguage\":\"fr-FR\",\"@id\":\"https:\/\/kapitalis.com\/tunisie\/#\/schema\/logo\/image\/\",\"url\":\"https:\/\/kapitalis.com\/tunisie\/wp-content\/uploads\/2022\/05\/Kapitalis-big-size.png\",\"contentUrl\":\"https:\/\/kapitalis.com\/tunisie\/wp-content\/uploads\/2022\/05\/Kapitalis-big-size.png\",\"width\":5000,\"height\":1500,\"caption\":\"Kapitalis\"},\"image\":{\"@id\":\"https:\/\/kapitalis.com\/tunisie\/#\/schema\/logo\/image\/\"},\"sameAs\":[\"https:\/\/www.facebook.com\/KapitalisInfo\/\",\"https:\/\/x.com\/KapitalisInfo\",\"https:\/\/www.youtube.com\/channel\/UC-yDYrHyfFBWWZaOw3FPg9Q\"]},{\"@type\":\"Person\",\"@id\":\"https:\/\/kapitalis.com\/tunisie\/#\/schema\/person\/d71f33a9ca44f7bad4698210b480c8e9\",\"name\":\"webmaster kapitalis\",\"url\":\"https:\/\/kapitalis.com\/tunisie\/author\/webmaster-kapitalis\/\"}]}<\/script>\n<!-- \/ Yoast SEO plugin. -->","yoast_head_json":{"title":"La Covid-19 aggrave les in\u00e9galit\u00e9s sociales en Tunisie - Kapitalis","robots":{"index":"index","follow":"follow","max-snippet":"max-snippet:-1","max-image-preview":"max-image-preview:large","max-video-preview":"max-video-preview:-1"},"canonical":"https:\/\/kapitalis.com\/tunisie\/2020\/11\/10\/la-covid-19-aggrave-les-inegalites-sociales-en-tunisie\/","og_locale":"fr_FR","og_type":"article","og_title":"La Covid-19 aggrave les in\u00e9galit\u00e9s sociales en Tunisie - Kapitalis","og_description":"La crise de la Covid-19 a mis en \u00e9vidence des in\u00e9galit\u00e9s profond\u00e9ment ancr\u00e9es dans les soci\u00e9t\u00e9s humaines. En effet, et alors que certains travailleurs ont acc\u00e8s aux cong\u00e9s de maladie ainsi qu\u2019aux services de sant\u00e9 et continuent de toucher leur salaire, pour beaucoup de ceux qui se situent au bas de l\u2019\u00e9chelle des revenus, les...","og_url":"https:\/\/kapitalis.com\/tunisie\/2020\/11\/10\/la-covid-19-aggrave-les-inegalites-sociales-en-tunisie\/","og_site_name":"Kapitalis","article_publisher":"https:\/\/www.facebook.com\/KapitalisInfo\/","article_published_time":"2020-11-10T07:53:38+00:00","article_modified_time":"2020-11-10T08:42:37+00:00","og_image":[{"url":"http:\/\/kapitalis.com\/tunisie\/wp-content\/uploads\/2019\/05\/Pauvrete.jpg","type":"","width":"","height":""}],"author":"webmaster kapitalis","twitter_card":"summary_large_image","twitter_creator":"@KapitalisInfo","twitter_site":"@KapitalisInfo","twitter_misc":{"\u00c9crit par":"webmaster kapitalis","Dur\u00e9e de lecture estim\u00e9e":"3 minutes"},"schema":{"@context":"https:\/\/schema.org","@graph":[{"@type":"Article","@id":"https:\/\/kapitalis.com\/tunisie\/2020\/11\/10\/la-covid-19-aggrave-les-inegalites-sociales-en-tunisie\/#article","isPartOf":{"@id":"https:\/\/kapitalis.com\/tunisie\/2020\/11\/10\/la-covid-19-aggrave-les-inegalites-sociales-en-tunisie\/"},"author":{"name":"webmaster kapitalis","@id":"https:\/\/kapitalis.com\/tunisie\/#\/schema\/person\/d71f33a9ca44f7bad4698210b480c8e9"},"headline":"La Covid-19 aggrave les in\u00e9galit\u00e9s sociales en Tunisie","datePublished":"2020-11-10T07:53:38+00:00","dateModified":"2020-11-10T08:42:37+00:00","mainEntityOfPage":{"@id":"https:\/\/kapitalis.com\/tunisie\/2020\/11\/10\/la-covid-19-aggrave-les-inegalites-sociales-en-tunisie\/"},"wordCount":523,"commentCount":4,"publisher":{"@id":"https:\/\/kapitalis.com\/tunisie\/#organization"},"image":{"@id":"https:\/\/kapitalis.com\/tunisie\/2020\/11\/10\/la-covid-19-aggrave-les-inegalites-sociales-en-tunisie\/#primaryimage"},"thumbnailUrl":"http:\/\/kapitalis.com\/tunisie\/wp-content\/uploads\/2019\/05\/Pauvrete.jpg","keywords":["assurance-vie","comptes d\u2019\u00e9pargne en actions","Covid-19","\u00e9pargne","imp\u00f4t sur le revenu","in\u00e9galit\u00e9s sociales","PLF 2021","projet de loi de finances"],"articleSection":["A LA UNE","ECONOMIE","TRIBUNE","Tunisie"],"inLanguage":"fr-FR","potentialAction":[{"@type":"CommentAction","name":"Comment","target":["https:\/\/kapitalis.com\/tunisie\/2020\/11\/10\/la-covid-19-aggrave-les-inegalites-sociales-en-tunisie\/#respond"]}]},{"@type":"WebPage","@id":"https:\/\/kapitalis.com\/tunisie\/2020\/11\/10\/la-covid-19-aggrave-les-inegalites-sociales-en-tunisie\/","url":"https:\/\/kapitalis.com\/tunisie\/2020\/11\/10\/la-covid-19-aggrave-les-inegalites-sociales-en-tunisie\/","name":"La Covid-19 aggrave les in\u00e9galit\u00e9s sociales en Tunisie - Kapitalis","isPartOf":{"@id":"https:\/\/kapitalis.com\/tunisie\/#website"},"primaryImageOfPage":{"@id":"https:\/\/kapitalis.com\/tunisie\/2020\/11\/10\/la-covid-19-aggrave-les-inegalites-sociales-en-tunisie\/#primaryimage"},"image":{"@id":"https:\/\/kapitalis.com\/tunisie\/2020\/11\/10\/la-covid-19-aggrave-les-inegalites-sociales-en-tunisie\/#primaryimage"},"thumbnailUrl":"http:\/\/kapitalis.com\/tunisie\/wp-content\/uploads\/2019\/05\/Pauvrete.jpg","datePublished":"2020-11-10T07:53:38+00:00","dateModified":"2020-11-10T08:42:37+00:00","breadcrumb":{"@id":"https:\/\/kapitalis.com\/tunisie\/2020\/11\/10\/la-covid-19-aggrave-les-inegalites-sociales-en-tunisie\/#breadcrumb"},"inLanguage":"fr-FR","potentialAction":[{"@type":"ReadAction","target":["https:\/\/kapitalis.com\/tunisie\/2020\/11\/10\/la-covid-19-aggrave-les-inegalites-sociales-en-tunisie\/"]}]},{"@type":"ImageObject","inLanguage":"fr-FR","@id":"https:\/\/kapitalis.com\/tunisie\/2020\/11\/10\/la-covid-19-aggrave-les-inegalites-sociales-en-tunisie\/#primaryimage","url":"http:\/\/kapitalis.com\/tunisie\/wp-content\/uploads\/2019\/05\/Pauvrete.jpg","contentUrl":"http:\/\/kapitalis.com\/tunisie\/wp-content\/uploads\/2019\/05\/Pauvrete.jpg"},{"@type":"BreadcrumbList","@id":"https:\/\/kapitalis.com\/tunisie\/2020\/11\/10\/la-covid-19-aggrave-les-inegalites-sociales-en-tunisie\/#breadcrumb","itemListElement":[{"@type":"ListItem","position":1,"name":"Accueil","item":"https:\/\/kapitalis.com\/tunisie\/"},{"@type":"ListItem","position":2,"name":"La Covid-19 aggrave les in\u00e9galit\u00e9s sociales en Tunisie"}]},{"@type":"WebSite","@id":"https:\/\/kapitalis.com\/tunisie\/#website","url":"https:\/\/kapitalis.com\/tunisie\/","name":"Kapitalis","description":"L&#039;actualit\u00e9 en Tunisie et dans le monde","publisher":{"@id":"https:\/\/kapitalis.com\/tunisie\/#organization"},"potentialAction":[{"@type":"SearchAction","target":{"@type":"EntryPoint","urlTemplate":"https:\/\/kapitalis.com\/tunisie\/?s={search_term_string}"},"query-input":{"@type":"PropertyValueSpecification","valueRequired":true,"valueName":"search_term_string"}}],"inLanguage":"fr-FR"},{"@type":"Organization","@id":"https:\/\/kapitalis.com\/tunisie\/#organization","name":"Kapitalis","url":"https:\/\/kapitalis.com\/tunisie\/","logo":{"@type":"ImageObject","inLanguage":"fr-FR","@id":"https:\/\/kapitalis.com\/tunisie\/#\/schema\/logo\/image\/","url":"https:\/\/kapitalis.com\/tunisie\/wp-content\/uploads\/2022\/05\/Kapitalis-big-size.png","contentUrl":"https:\/\/kapitalis.com\/tunisie\/wp-content\/uploads\/2022\/05\/Kapitalis-big-size.png","width":5000,"height":1500,"caption":"Kapitalis"},"image":{"@id":"https:\/\/kapitalis.com\/tunisie\/#\/schema\/logo\/image\/"},"sameAs":["https:\/\/www.facebook.com\/KapitalisInfo\/","https:\/\/x.com\/KapitalisInfo","https:\/\/www.youtube.com\/channel\/UC-yDYrHyfFBWWZaOw3FPg9Q"]},{"@type":"Person","@id":"https:\/\/kapitalis.com\/tunisie\/#\/schema\/person\/d71f33a9ca44f7bad4698210b480c8e9","name":"webmaster kapitalis","url":"https:\/\/kapitalis.com\/tunisie\/author\/webmaster-kapitalis\/"}]}},"_links":{"self":[{"href":"https:\/\/kapitalis.com\/tunisie\/wp-json\/wp\/v2\/posts\/323938","targetHints":{"allow":["GET"]}}],"collection":[{"href":"https:\/\/kapitalis.com\/tunisie\/wp-json\/wp\/v2\/posts"}],"about":[{"href":"https:\/\/kapitalis.com\/tunisie\/wp-json\/wp\/v2\/types\/post"}],"author":[{"embeddable":true,"href":"https:\/\/kapitalis.com\/tunisie\/wp-json\/wp\/v2\/users\/8"}],"replies":[{"embeddable":true,"href":"https:\/\/kapitalis.com\/tunisie\/wp-json\/wp\/v2\/comments?post=323938"}],"version-history":[{"count":0,"href":"https:\/\/kapitalis.com\/tunisie\/wp-json\/wp\/v2\/posts\/323938\/revisions"}],"wp:attachment":[{"href":"https:\/\/kapitalis.com\/tunisie\/wp-json\/wp\/v2\/media?parent=323938"}],"wp:term":[{"taxonomy":"category","embeddable":true,"href":"https:\/\/kapitalis.com\/tunisie\/wp-json\/wp\/v2\/categories?post=323938"},{"taxonomy":"post_tag","embeddable":true,"href":"https:\/\/kapitalis.com\/tunisie\/wp-json\/wp\/v2\/tags?post=323938"}],"curies":[{"name":"wp","href":"https:\/\/api.w.org\/{rel}","templated":true}]}}