{"id":323995,"date":"2020-11-10T13:53:13","date_gmt":"2020-11-10T12:53:13","guid":{"rendered":"http:\/\/kapitalis.com\/tunisie\/?p=323995"},"modified":"2020-11-10T15:39:25","modified_gmt":"2020-11-10T14:39:25","slug":"debat-a-latuge-la-rse-renforce-la-resilience-des-entreprises","status":"publish","type":"post","link":"https:\/\/kapitalis.com\/tunisie\/2020\/11\/10\/debat-a-latuge-la-rse-renforce-la-resilience-des-entreprises\/","title":{"rendered":"D\u00e9bat \u00e0 l\u2019Atuge : La RSE renforce la r\u00e9silience des entreprises"},"content":{"rendered":"\n<figure class=\"wp-block-image size-large\"><img decoding=\"async\" src=\"http:\/\/kapitalis.com\/tunisie\/wp-content\/uploads\/2020\/11\/ATUGE-RSE.jpg\" alt=\"\" class=\"wp-image-323996\"\/><\/figure>\n\n\n\n<p><strong><em>Le club Ecolo de l\u2019Association des Tunisiens des grandes \u00e9coles (Atuge) a organis\u00e9, le 5 novembre 2020, en collaboration avec le cabinet Key Consulting, un webinaire sur le th\u00e8me des bonnes pratiques de la responsabilit\u00e9 soci\u00e9tale des entreprises (RSE). En plus de d\u00e9mystifier cette RCE, il \u00e9tait important de d\u00e9battre de cette th\u00e9matique en cette p\u00e9riode de crise pour voir dans quelle mesure celle-ci impactait la r\u00e9silience des entreprises.<\/em><\/strong><\/p>\n\n\n\n<!--more-->\n\n\n\n<p>Hanen Ben Ayed, consultante RSE du cabinet Key Consulting, a d\u00e9fini la RSE comme \u00e9tant <em>\u00abl\u2019int\u00e9gration des pr\u00e9occupations soci\u00e9tales et environnementales au niveau de l\u2019activit\u00e9 de l\u2019entreprise, ainsi qu\u2019au niveau de ses relations avec ses parties prenantes, internes et externes\u00bb<\/em>. Il s\u2019agit d\u2019une d\u00e9marche volontaire cr\u00e9atrice de valeur partag\u00e9e.<\/p>\n\n\n\n<p>L\u2019\u00e9tat des lieux en Tunisie r\u00e9v\u00e8le un d\u00e9veloppement, certes encore timide, mais certain qui ne cesse de prendre de l\u2019ampleur. Les d\u00e9marches RSE restent n\u00e9anmoins peu structur\u00e9es et ce probablement au regard de l\u2019absence d\u2019un v\u00e9ritable cadre institutionnel.<\/p>\n\n\n\n<p>Le t\u00e9moignage des pan\u00e9listes a montr\u00e9 l\u2019importance de placer l\u2019humain au centre de cette d\u00e9marche. Ghazi El Biche, CEO de Van Laack, l\u2019a m\u00eame transform\u00e9 en vertu morale \u00e0 travers la responsabilit\u00e9 sinc\u00e8re de l\u2019entreprise; ceci a permis d\u2019am\u00e9liorer la relation avec ses collaborateurs, avec un impact significatif sur les performances de l\u2019entreprise (r\u00e9duction de l\u2019absent\u00e9isme, mont\u00e9e de la productivit\u00e9 de 30%\u2026), lesquelles performances r\u00e9sistent bien en cette p\u00e9riode de crise (+40% du CA par rapport \u00e0 l\u2019ann\u00e9e derni\u00e8re). Pour Van Laack, la RSE permet aussi de rajeunir en continue l\u2019entreprise assurant ainsi sa p\u00e9rennit\u00e9.<\/p>\n\n\n\n<p>Une autre id\u00e9e cl\u00e9 de ce webinaire est que la RSE n\u2019est pas seulement une question de moyens et peut \u00eatre accessible \u00e0 toute PME tunisienne; c\u2019est avant tout un \u00e9tat d\u2019esprit qui doit \u00e9maner d\u2019une r\u00e9flexion strat\u00e9gique de l\u2019entreprise. Gr\u00e2ce \u00e0 une strat\u00e9gie RSE coproduite avec ses collaborateurs, Slim Ben Ammar, DG de la Sodexo, a r\u00e9ussi \u00e0 renforcer leur engagement impactant significativement la performance de l\u2019entreprise. Cet engagement a \u00e9t\u00e9 par ailleurs un gage de stabilit\u00e9 durant la crise.<\/p>\n\n\n\n<p>Enfin, selon Mehdi Zribi, responsable RSE de la Sotuver, il est important d\u2019\u00e9valuer l\u2019impact des actions RSE sur la collectivit\u00e9 et mesurer leur b\u00e9n\u00e9fice (ou ROI). Chez Sotuver, un reporting RSE est \u00e9dit\u00e9 en interne et sera publi\u00e9 prochainement sur la plateforme de l\u2019entreprise.<\/p>\n\n\n\n<p>Pour conclure, tout le monde \u00e9tait d\u2019accord sur l\u2019importance de communiquer sur la RSE et son impact sur la performance globale afin d\u2019inciter d\u2019autres entreprises tunisiennes \u00e0 s\u2019engager dans cette voie.<\/p>\n\n\n\n<p>L\u2019Atuge a r\u00e9it\u00e9r\u00e9 son int\u00e9r\u00eat pour participer \u00e0 cet effort de valorisation. Un prix pour r\u00e9compenser les efforts des entreprises en mati\u00e8re de RSE sera lanc\u00e9 par l\u2019Atuge dans sa premi\u00e8re \u00e9dition en 2021, et ce en partenariat avec le CJD.<\/p>\n\n\n\n<p><strong><em>Source <\/em><\/strong>: communiqu\u00e9.<\/p>\n","protected":false},"excerpt":{"rendered":"<p>Le club Ecolo de l\u2019Association des Tunisiens des grandes \u00e9coles (Atuge) a organis\u00e9, le 5 novembre 2020, en collaboration avec le cabinet Key Consulting, un webinaire sur le th\u00e8me des bonnes pratiques de la responsabilit\u00e9 soci\u00e9tale des entreprises (RSE). En plus de d\u00e9mystifier cette RCE, il \u00e9tait important de d\u00e9battre de cette th\u00e9matique en cette&#8230;<\/p>\n","protected":false},"author":8,"featured_media":323996,"comment_status":"open","ping_status":"open","sticky":false,"template":"","format":"standard","meta":{"footnotes":""},"categories":[995,2433],"tags":[2454,75385,84670,84669,84665,84666,84667,2913,84668],"class_list":["post-323995","post","type-post","status-publish","format-standard","has-post-thumbnail","hentry","category-economie","category-tunisie","tag-atuge","tag-ghazi-el-biche","tag-hanen-ben-ayed","tag-key-consulting","tag-mehdi-zribi","tag-slim-ben-ammar","tag-sodexo","tag-sotuver","tag-van-laack"],"yoast_head":"<!-- This site is optimized with the Yoast SEO plugin v26.6 - https:\/\/yoast.com\/wordpress\/plugins\/seo\/ -->\n<title>D\u00e9bat \u00e0 l\u2019Atuge : La RSE renforce la r\u00e9silience des entreprises - Kapitalis<\/title>\n<meta name=\"robots\" content=\"index, follow, max-snippet:-1, max-image-preview:large, max-video-preview:-1\" \/>\n<link rel=\"canonical\" href=\"https:\/\/kapitalis.com\/tunisie\/2020\/11\/10\/debat-a-latuge-la-rse-renforce-la-resilience-des-entreprises\/\" \/>\n<meta property=\"og:locale\" content=\"fr_FR\" \/>\n<meta property=\"og:type\" content=\"article\" \/>\n<meta property=\"og:title\" content=\"D\u00e9bat \u00e0 l\u2019Atuge : La RSE renforce la r\u00e9silience des entreprises - Kapitalis\" \/>\n<meta property=\"og:description\" content=\"Le club Ecolo de l\u2019Association des Tunisiens des grandes \u00e9coles (Atuge) a organis\u00e9, le 5 novembre 2020, en collaboration avec le cabinet Key Consulting, un webinaire sur le th\u00e8me des bonnes pratiques de la responsabilit\u00e9 soci\u00e9tale des entreprises (RSE). En plus de d\u00e9mystifier cette RCE, il \u00e9tait important de d\u00e9battre de cette th\u00e9matique en cette...\" \/>\n<meta property=\"og:url\" content=\"https:\/\/kapitalis.com\/tunisie\/2020\/11\/10\/debat-a-latuge-la-rse-renforce-la-resilience-des-entreprises\/\" \/>\n<meta property=\"og:site_name\" content=\"Kapitalis\" \/>\n<meta property=\"article:publisher\" content=\"https:\/\/www.facebook.com\/KapitalisInfo\/\" \/>\n<meta property=\"article:published_time\" content=\"2020-11-10T12:53:13+00:00\" \/>\n<meta property=\"article:modified_time\" content=\"2020-11-10T14:39:25+00:00\" \/>\n<meta property=\"og:image\" content=\"https:\/\/kapitalis.com\/tunisie\/wp-content\/uploads\/2022\/05\/kapitalis-logo-fb.png\" \/>\n\t<meta property=\"og:image:width\" content=\"1200\" \/>\n\t<meta property=\"og:image:height\" content=\"630\" \/>\n\t<meta property=\"og:image:type\" content=\"image\/png\" \/>\n<meta name=\"author\" content=\"webmaster kapitalis\" \/>\n<meta name=\"twitter:card\" content=\"summary_large_image\" \/>\n<meta name=\"twitter:creator\" content=\"@KapitalisInfo\" \/>\n<meta name=\"twitter:site\" content=\"@KapitalisInfo\" \/>\n<meta name=\"twitter:label1\" content=\"\u00c9crit par\" \/>\n\t<meta name=\"twitter:data1\" content=\"webmaster kapitalis\" \/>\n\t<meta name=\"twitter:label2\" content=\"Dur\u00e9e de lecture estim\u00e9e\" \/>\n\t<meta name=\"twitter:data2\" content=\"3 minutes\" \/>\n<script type=\"application\/ld+json\" class=\"yoast-schema-graph\">{\"@context\":\"https:\/\/schema.org\",\"@graph\":[{\"@type\":\"Article\",\"@id\":\"https:\/\/kapitalis.com\/tunisie\/2020\/11\/10\/debat-a-latuge-la-rse-renforce-la-resilience-des-entreprises\/#article\",\"isPartOf\":{\"@id\":\"https:\/\/kapitalis.com\/tunisie\/2020\/11\/10\/debat-a-latuge-la-rse-renforce-la-resilience-des-entreprises\/\"},\"author\":{\"name\":\"webmaster kapitalis\",\"@id\":\"https:\/\/kapitalis.com\/tunisie\/#\/schema\/person\/d71f33a9ca44f7bad4698210b480c8e9\"},\"headline\":\"D\u00e9bat \u00e0 l\u2019Atuge : La RSE renforce la r\u00e9silience des entreprises\",\"datePublished\":\"2020-11-10T12:53:13+00:00\",\"dateModified\":\"2020-11-10T14:39:25+00:00\",\"mainEntityOfPage\":{\"@id\":\"https:\/\/kapitalis.com\/tunisie\/2020\/11\/10\/debat-a-latuge-la-rse-renforce-la-resilience-des-entreprises\/\"},\"wordCount\":536,\"commentCount\":0,\"publisher\":{\"@id\":\"https:\/\/kapitalis.com\/tunisie\/#organization\"},\"image\":{\"@id\":\"https:\/\/kapitalis.com\/tunisie\/2020\/11\/10\/debat-a-latuge-la-rse-renforce-la-resilience-des-entreprises\/#primaryimage\"},\"thumbnailUrl\":\"\",\"keywords\":[\"Atuge\",\"Ghazi El Biche\",\"Hanen Ben Ayed\",\"Key Consulting\",\"Mehdi Zribi\",\"Slim Ben Ammar\",\"Sodexo\",\"Sotuver\",\"Van Laack\"],\"articleSection\":[\"ECONOMIE\",\"Tunisie\"],\"inLanguage\":\"fr-FR\",\"potentialAction\":[{\"@type\":\"CommentAction\",\"name\":\"Comment\",\"target\":[\"https:\/\/kapitalis.com\/tunisie\/2020\/11\/10\/debat-a-latuge-la-rse-renforce-la-resilience-des-entreprises\/#respond\"]}]},{\"@type\":\"WebPage\",\"@id\":\"https:\/\/kapitalis.com\/tunisie\/2020\/11\/10\/debat-a-latuge-la-rse-renforce-la-resilience-des-entreprises\/\",\"url\":\"https:\/\/kapitalis.com\/tunisie\/2020\/11\/10\/debat-a-latuge-la-rse-renforce-la-resilience-des-entreprises\/\",\"name\":\"D\u00e9bat \u00e0 l\u2019Atuge : La RSE renforce la r\u00e9silience des entreprises - Kapitalis\",\"isPartOf\":{\"@id\":\"https:\/\/kapitalis.com\/tunisie\/#website\"},\"primaryImageOfPage\":{\"@id\":\"https:\/\/kapitalis.com\/tunisie\/2020\/11\/10\/debat-a-latuge-la-rse-renforce-la-resilience-des-entreprises\/#primaryimage\"},\"image\":{\"@id\":\"https:\/\/kapitalis.com\/tunisie\/2020\/11\/10\/debat-a-latuge-la-rse-renforce-la-resilience-des-entreprises\/#primaryimage\"},\"thumbnailUrl\":\"\",\"datePublished\":\"2020-11-10T12:53:13+00:00\",\"dateModified\":\"2020-11-10T14:39:25+00:00\",\"breadcrumb\":{\"@id\":\"https:\/\/kapitalis.com\/tunisie\/2020\/11\/10\/debat-a-latuge-la-rse-renforce-la-resilience-des-entreprises\/#breadcrumb\"},\"inLanguage\":\"fr-FR\",\"potentialAction\":[{\"@type\":\"ReadAction\",\"target\":[\"https:\/\/kapitalis.com\/tunisie\/2020\/11\/10\/debat-a-latuge-la-rse-renforce-la-resilience-des-entreprises\/\"]}]},{\"@type\":\"ImageObject\",\"inLanguage\":\"fr-FR\",\"@id\":\"https:\/\/kapitalis.com\/tunisie\/2020\/11\/10\/debat-a-latuge-la-rse-renforce-la-resilience-des-entreprises\/#primaryimage\",\"url\":\"\",\"contentUrl\":\"\"},{\"@type\":\"BreadcrumbList\",\"@id\":\"https:\/\/kapitalis.com\/tunisie\/2020\/11\/10\/debat-a-latuge-la-rse-renforce-la-resilience-des-entreprises\/#breadcrumb\",\"itemListElement\":[{\"@type\":\"ListItem\",\"position\":1,\"name\":\"Accueil\",\"item\":\"https:\/\/kapitalis.com\/tunisie\/\"},{\"@type\":\"ListItem\",\"position\":2,\"name\":\"D\u00e9bat \u00e0 l\u2019Atuge : La RSE renforce la r\u00e9silience des entreprises\"}]},{\"@type\":\"WebSite\",\"@id\":\"https:\/\/kapitalis.com\/tunisie\/#website\",\"url\":\"https:\/\/kapitalis.com\/tunisie\/\",\"name\":\"Kapitalis\",\"description\":\"L&#039;actualit\u00e9 en Tunisie et dans le monde\",\"publisher\":{\"@id\":\"https:\/\/kapitalis.com\/tunisie\/#organization\"},\"potentialAction\":[{\"@type\":\"SearchAction\",\"target\":{\"@type\":\"EntryPoint\",\"urlTemplate\":\"https:\/\/kapitalis.com\/tunisie\/?s={search_term_string}\"},\"query-input\":{\"@type\":\"PropertyValueSpecification\",\"valueRequired\":true,\"valueName\":\"search_term_string\"}}],\"inLanguage\":\"fr-FR\"},{\"@type\":\"Organization\",\"@id\":\"https:\/\/kapitalis.com\/tunisie\/#organization\",\"name\":\"Kapitalis\",\"url\":\"https:\/\/kapitalis.com\/tunisie\/\",\"logo\":{\"@type\":\"ImageObject\",\"inLanguage\":\"fr-FR\",\"@id\":\"https:\/\/kapitalis.com\/tunisie\/#\/schema\/logo\/image\/\",\"url\":\"https:\/\/kapitalis.com\/tunisie\/wp-content\/uploads\/2022\/05\/Kapitalis-big-size.png\",\"contentUrl\":\"https:\/\/kapitalis.com\/tunisie\/wp-content\/uploads\/2022\/05\/Kapitalis-big-size.png\",\"width\":5000,\"height\":1500,\"caption\":\"Kapitalis\"},\"image\":{\"@id\":\"https:\/\/kapitalis.com\/tunisie\/#\/schema\/logo\/image\/\"},\"sameAs\":[\"https:\/\/www.facebook.com\/KapitalisInfo\/\",\"https:\/\/x.com\/KapitalisInfo\",\"https:\/\/www.youtube.com\/channel\/UC-yDYrHyfFBWWZaOw3FPg9Q\"]},{\"@type\":\"Person\",\"@id\":\"https:\/\/kapitalis.com\/tunisie\/#\/schema\/person\/d71f33a9ca44f7bad4698210b480c8e9\",\"name\":\"webmaster kapitalis\",\"url\":\"https:\/\/kapitalis.com\/tunisie\/author\/webmaster-kapitalis\/\"}]}<\/script>\n<!-- \/ Yoast SEO plugin. -->","yoast_head_json":{"title":"D\u00e9bat \u00e0 l\u2019Atuge : La RSE renforce la r\u00e9silience des entreprises - Kapitalis","robots":{"index":"index","follow":"follow","max-snippet":"max-snippet:-1","max-image-preview":"max-image-preview:large","max-video-preview":"max-video-preview:-1"},"canonical":"https:\/\/kapitalis.com\/tunisie\/2020\/11\/10\/debat-a-latuge-la-rse-renforce-la-resilience-des-entreprises\/","og_locale":"fr_FR","og_type":"article","og_title":"D\u00e9bat \u00e0 l\u2019Atuge : La RSE renforce la r\u00e9silience des entreprises - Kapitalis","og_description":"Le club Ecolo de l\u2019Association des Tunisiens des grandes \u00e9coles (Atuge) a organis\u00e9, le 5 novembre 2020, en collaboration avec le cabinet Key Consulting, un webinaire sur le th\u00e8me des bonnes pratiques de la responsabilit\u00e9 soci\u00e9tale des entreprises (RSE). En plus de d\u00e9mystifier cette RCE, il \u00e9tait important de d\u00e9battre de cette th\u00e9matique en cette...","og_url":"https:\/\/kapitalis.com\/tunisie\/2020\/11\/10\/debat-a-latuge-la-rse-renforce-la-resilience-des-entreprises\/","og_site_name":"Kapitalis","article_publisher":"https:\/\/www.facebook.com\/KapitalisInfo\/","article_published_time":"2020-11-10T12:53:13+00:00","article_modified_time":"2020-11-10T14:39:25+00:00","og_image":[{"width":1200,"height":630,"url":"https:\/\/kapitalis.com\/tunisie\/wp-content\/uploads\/2022\/05\/kapitalis-logo-fb.png","type":"image\/png"}],"author":"webmaster kapitalis","twitter_card":"summary_large_image","twitter_creator":"@KapitalisInfo","twitter_site":"@KapitalisInfo","twitter_misc":{"\u00c9crit par":"webmaster kapitalis","Dur\u00e9e de lecture estim\u00e9e":"3 minutes"},"schema":{"@context":"https:\/\/schema.org","@graph":[{"@type":"Article","@id":"https:\/\/kapitalis.com\/tunisie\/2020\/11\/10\/debat-a-latuge-la-rse-renforce-la-resilience-des-entreprises\/#article","isPartOf":{"@id":"https:\/\/kapitalis.com\/tunisie\/2020\/11\/10\/debat-a-latuge-la-rse-renforce-la-resilience-des-entreprises\/"},"author":{"name":"webmaster kapitalis","@id":"https:\/\/kapitalis.com\/tunisie\/#\/schema\/person\/d71f33a9ca44f7bad4698210b480c8e9"},"headline":"D\u00e9bat \u00e0 l\u2019Atuge : La RSE renforce la r\u00e9silience des entreprises","datePublished":"2020-11-10T12:53:13+00:00","dateModified":"2020-11-10T14:39:25+00:00","mainEntityOfPage":{"@id":"https:\/\/kapitalis.com\/tunisie\/2020\/11\/10\/debat-a-latuge-la-rse-renforce-la-resilience-des-entreprises\/"},"wordCount":536,"commentCount":0,"publisher":{"@id":"https:\/\/kapitalis.com\/tunisie\/#organization"},"image":{"@id":"https:\/\/kapitalis.com\/tunisie\/2020\/11\/10\/debat-a-latuge-la-rse-renforce-la-resilience-des-entreprises\/#primaryimage"},"thumbnailUrl":"","keywords":["Atuge","Ghazi El Biche","Hanen Ben Ayed","Key Consulting","Mehdi Zribi","Slim Ben Ammar","Sodexo","Sotuver","Van Laack"],"articleSection":["ECONOMIE","Tunisie"],"inLanguage":"fr-FR","potentialAction":[{"@type":"CommentAction","name":"Comment","target":["https:\/\/kapitalis.com\/tunisie\/2020\/11\/10\/debat-a-latuge-la-rse-renforce-la-resilience-des-entreprises\/#respond"]}]},{"@type":"WebPage","@id":"https:\/\/kapitalis.com\/tunisie\/2020\/11\/10\/debat-a-latuge-la-rse-renforce-la-resilience-des-entreprises\/","url":"https:\/\/kapitalis.com\/tunisie\/2020\/11\/10\/debat-a-latuge-la-rse-renforce-la-resilience-des-entreprises\/","name":"D\u00e9bat \u00e0 l\u2019Atuge : La RSE renforce la r\u00e9silience des entreprises - Kapitalis","isPartOf":{"@id":"https:\/\/kapitalis.com\/tunisie\/#website"},"primaryImageOfPage":{"@id":"https:\/\/kapitalis.com\/tunisie\/2020\/11\/10\/debat-a-latuge-la-rse-renforce-la-resilience-des-entreprises\/#primaryimage"},"image":{"@id":"https:\/\/kapitalis.com\/tunisie\/2020\/11\/10\/debat-a-latuge-la-rse-renforce-la-resilience-des-entreprises\/#primaryimage"},"thumbnailUrl":"","datePublished":"2020-11-10T12:53:13+00:00","dateModified":"2020-11-10T14:39:25+00:00","breadcrumb":{"@id":"https:\/\/kapitalis.com\/tunisie\/2020\/11\/10\/debat-a-latuge-la-rse-renforce-la-resilience-des-entreprises\/#breadcrumb"},"inLanguage":"fr-FR","potentialAction":[{"@type":"ReadAction","target":["https:\/\/kapitalis.com\/tunisie\/2020\/11\/10\/debat-a-latuge-la-rse-renforce-la-resilience-des-entreprises\/"]}]},{"@type":"ImageObject","inLanguage":"fr-FR","@id":"https:\/\/kapitalis.com\/tunisie\/2020\/11\/10\/debat-a-latuge-la-rse-renforce-la-resilience-des-entreprises\/#primaryimage","url":"","contentUrl":""},{"@type":"BreadcrumbList","@id":"https:\/\/kapitalis.com\/tunisie\/2020\/11\/10\/debat-a-latuge-la-rse-renforce-la-resilience-des-entreprises\/#breadcrumb","itemListElement":[{"@type":"ListItem","position":1,"name":"Accueil","item":"https:\/\/kapitalis.com\/tunisie\/"},{"@type":"ListItem","position":2,"name":"D\u00e9bat \u00e0 l\u2019Atuge : La RSE renforce la r\u00e9silience des entreprises"}]},{"@type":"WebSite","@id":"https:\/\/kapitalis.com\/tunisie\/#website","url":"https:\/\/kapitalis.com\/tunisie\/","name":"Kapitalis","description":"L&#039;actualit\u00e9 en Tunisie et dans le monde","publisher":{"@id":"https:\/\/kapitalis.com\/tunisie\/#organization"},"potentialAction":[{"@type":"SearchAction","target":{"@type":"EntryPoint","urlTemplate":"https:\/\/kapitalis.com\/tunisie\/?s={search_term_string}"},"query-input":{"@type":"PropertyValueSpecification","valueRequired":true,"valueName":"search_term_string"}}],"inLanguage":"fr-FR"},{"@type":"Organization","@id":"https:\/\/kapitalis.com\/tunisie\/#organization","name":"Kapitalis","url":"https:\/\/kapitalis.com\/tunisie\/","logo":{"@type":"ImageObject","inLanguage":"fr-FR","@id":"https:\/\/kapitalis.com\/tunisie\/#\/schema\/logo\/image\/","url":"https:\/\/kapitalis.com\/tunisie\/wp-content\/uploads\/2022\/05\/Kapitalis-big-size.png","contentUrl":"https:\/\/kapitalis.com\/tunisie\/wp-content\/uploads\/2022\/05\/Kapitalis-big-size.png","width":5000,"height":1500,"caption":"Kapitalis"},"image":{"@id":"https:\/\/kapitalis.com\/tunisie\/#\/schema\/logo\/image\/"},"sameAs":["https:\/\/www.facebook.com\/KapitalisInfo\/","https:\/\/x.com\/KapitalisInfo","https:\/\/www.youtube.com\/channel\/UC-yDYrHyfFBWWZaOw3FPg9Q"]},{"@type":"Person","@id":"https:\/\/kapitalis.com\/tunisie\/#\/schema\/person\/d71f33a9ca44f7bad4698210b480c8e9","name":"webmaster kapitalis","url":"https:\/\/kapitalis.com\/tunisie\/author\/webmaster-kapitalis\/"}]}},"_links":{"self":[{"href":"https:\/\/kapitalis.com\/tunisie\/wp-json\/wp\/v2\/posts\/323995","targetHints":{"allow":["GET"]}}],"collection":[{"href":"https:\/\/kapitalis.com\/tunisie\/wp-json\/wp\/v2\/posts"}],"about":[{"href":"https:\/\/kapitalis.com\/tunisie\/wp-json\/wp\/v2\/types\/post"}],"author":[{"embeddable":true,"href":"https:\/\/kapitalis.com\/tunisie\/wp-json\/wp\/v2\/users\/8"}],"replies":[{"embeddable":true,"href":"https:\/\/kapitalis.com\/tunisie\/wp-json\/wp\/v2\/comments?post=323995"}],"version-history":[{"count":0,"href":"https:\/\/kapitalis.com\/tunisie\/wp-json\/wp\/v2\/posts\/323995\/revisions"}],"wp:featuredmedia":[{"embeddable":true,"href":"https:\/\/kapitalis.com\/tunisie\/wp-json\/wp\/v2\/media\/323996"}],"wp:attachment":[{"href":"https:\/\/kapitalis.com\/tunisie\/wp-json\/wp\/v2\/media?parent=323995"}],"wp:term":[{"taxonomy":"category","embeddable":true,"href":"https:\/\/kapitalis.com\/tunisie\/wp-json\/wp\/v2\/categories?post=323995"},{"taxonomy":"post_tag","embeddable":true,"href":"https:\/\/kapitalis.com\/tunisie\/wp-json\/wp\/v2\/tags?post=323995"}],"curies":[{"name":"wp","href":"https:\/\/api.w.org\/{rel}","templated":true}]}}