{"id":3240884,"date":"2022-08-19T11:21:50","date_gmt":"2022-08-19T10:21:50","guid":{"rendered":"https:\/\/kapitalis.com\/tunisie\/?p=3240884"},"modified":"2022-08-19T11:21:51","modified_gmt":"2022-08-19T10:21:51","slug":"mauvaise-gouvernance-et-impuissance-publique-lexemple-de-la-tunisie","status":"publish","type":"post","link":"https:\/\/kapitalis.com\/tunisie\/2022\/08\/19\/mauvaise-gouvernance-et-impuissance-publique-lexemple-de-la-tunisie\/","title":{"rendered":"Mauvaise gouvernance et impuissance publique\u00a0: l\u2019exemple de la Tunisie"},"content":{"rendered":"\n<p>&nbsp;<strong><em>Le probl\u00e8me de la Tunisie r\u00e9side dans le fait que tout le monde (ministres, hauts responsables publics, experts ind\u00e9pendants, etc.) fait un bon diagnostic de la situation et sait ce qu\u2019il faut faire pour r\u00e9gler tel ou tel probl\u00e8me, mais pourquoi, bon sang, personne n\u2019a le mode d\u2019emploi des rem\u00e8des qu\u2019il pr\u00e9conise&nbsp;? Quand va-t-on faire face aux probl\u00e8mes au lieu de les \u00e9num\u00e9rer et de tirer des plans savants sur la com\u00e8te&nbsp;?<\/em><\/strong> <em>(Illustration : Leila Chikhaoui Mahdaoui).<\/em>  <\/p>\n\n\n\n<p>Par <strong>Imed Bahri<\/strong><\/p>\n\n\n\n<!--more-->\n\n\n\n<p>Dans un communiqu\u00e9 publi\u00e9 hier, jeudi 18 ao\u00fbt 2022, sur la protection des zones foresti\u00e8res contre les incendies et la r\u00e9duction des pertes \u00e9conomiques, environnementales et sociales qu\u2019ils causent, le minist\u00e8re de l\u2019Environnement appelle \u00e0 l\u2019\u00e9laboration et \u00e0 la mise en \u0153uvre des mesures de protection n\u00e9cessaires pour prot\u00e9ger la richesse foresti\u00e8re, notamment en soutenant la protection des gardes forestiers contre toutes les attaques auxquelles ils sont expos\u00e9s dans l\u2019exercice de leurs fonctions.<\/p>\n\n\n\n<h2 class=\"wp-block-heading\">Tout cela est bien charmant<\/h2>\n\n\n\n<p>Le minist\u00e8re appelle aussi \u00e0 une interdiction absolue de changer la vocation des terres foresti\u00e8res touch\u00e9es par les incendies en zones agricoles, r\u00e9sidentielles et autres, quels que soient les raisons et les motifs.<\/p>\n\n\n\n<p>Il souligne \u00e9galement la n\u00e9cessit\u00e9 de renforcer la protection des zones foresti\u00e8res touch\u00e9es par les incendies pour faciliter et acc\u00e9l\u00e9rer le processus de leur remise en \u00e9tat et la croissance naturelle des plantes, des arbustes et du couvert v\u00e9g\u00e9tal qui s&rsquo;y trouvent.<\/p>\n\n\n\n<p>Le minist\u00e8re de l&rsquo;Environnement insiste, par ailleurs, sur la n\u00e9cessit\u00e9 de renforcer la surveillance continue des zones foresti\u00e8res et des syst\u00e8mes naturels en coordination avec toutes les parties concern\u00e9es en utilisant des moyens avanc\u00e9s et modernes, en particulier des drones et des images satellites, en coordination avec le Centre national de cartographie et de t\u00e9l\u00e9d\u00e9tection (CNCT).<\/p>\n\n\n\n<figure class=\"wp-block-embed is-type-wp-embed is-provider-kapitalis wp-block-embed-kapitalis\"><div class=\"wp-block-embed__wrapper\">\n<blockquote class=\"wp-embedded-content\" data-secret=\"umHLQAEnfc\"><a href=\"https:\/\/kapitalis.com\/tunisie\/2022\/08\/19\/tunisie-3-000-ha-de-foret-incendies-du-1er-juin-au-26-juillet\/\">Tunisie\u00a0: 3.000 ha de for\u00eat incendi\u00e9s du 1er juin au 26 juillet\u00a0<\/a><\/blockquote><iframe loading=\"lazy\" class=\"wp-embedded-content\" sandbox=\"allow-scripts\" security=\"restricted\" style=\"position: absolute; clip: rect(1px, 1px, 1px, 1px);\" title=\"\u00ab\u00a0Tunisie\u00a0: 3.000 ha de for\u00eat incendi\u00e9s du 1er juin au 26 juillet\u00a0\u00a0\u00bb &#8212; Kapitalis\" src=\"https:\/\/kapitalis.com\/tunisie\/2022\/08\/19\/tunisie-3-000-ha-de-foret-incendies-du-1er-juin-au-26-juillet\/embed\/#?secret=ZtM6BIF1ZU#?secret=umHLQAEnfc\" data-secret=\"umHLQAEnfc\" width=\"600\" height=\"338\" frameborder=\"0\" marginwidth=\"0\" marginheight=\"0\" scrolling=\"no\"><\/iframe>\n<\/div><\/figure>\n\n\n\n<p>Dans ce contexte, il pr\u00e9conise l\u2019installation de cam\u00e9ras de surveillance aux entr\u00e9es des zones foresti\u00e8res et de les relier aux unit\u00e9s de surveillance et aux salles d\u2019op\u00e9ration pour soutenir les m\u00e9canismes d\u2019alerte pr\u00e9coce pour toutes les parties concern\u00e9es.<\/p>\n\n\n\n<p>Il appelle enfin \u00e0 criminaliser l\u2019utilisation des produits combustibles dans les zones foresti\u00e8res sans contr\u00f4le et approbation pr\u00e9alables des autorit\u00e9s de s\u00e9curit\u00e9.<\/p>\n\n\n\n<h2 class=\"wp-block-heading\">\u00abY a qu\u2019\u00e0\u2026&nbsp;y a qu\u2019\u00e0\u2026\u00bb<\/h2>\n\n\n\n<p>Tout cela est bien charmant, et Mme la ministre de l\u2019Environnement, Leila Chikhaoui Mahdaoui, pourra dormir ce soir sur ses deux oreilles avec le sentiment du devoir accompli. Mais il y a quand m\u00eame un probl\u00e8me&nbsp;: le ton implorant du communiqu\u00e9 publi\u00e9 par son d\u00e9partement traduit l\u2019impuissance de l\u2019administration publique face aux probl\u00e8mes quotidiens des Tunisiens. Son d\u00e9partement se contente, en effet, d\u2019<em>\u00abappeler \u00e0\u2026\u00bb<\/em>, alors qu\u2019on attend du pouvoir ex\u00e9cutif qu\u2019il agisse dans le sens du respect de la loi et de l\u2019int\u00e9r\u00eat public.<\/p>\n\n\n\n<p>Pourquoi le minist\u00e8re de l\u2019Environnement, dont la mission consiste \u00e0 prot\u00e9ger les ressources naturelles du pays et le cadre de vie des citoyens, ne prend-il pas lui-m\u00eame les devants, \u00e0 son niveau, et coordonne des actions concr\u00e8tes avec les autres d\u00e9partements minist\u00e9riels concern\u00e9s (Agriculture, Int\u00e9rieur, D\u00e9fense\u2026) pour faire face efficacement aux atteintes \u00e0 l\u2019environnement, puisqu\u2019il semble conna\u00eetre ce qu\u2019il faut faire \u00e0 cet \u00e9gard\u00a0?<\/p>\n\n\n\n<figure class=\"wp-block-embed is-type-wp-embed is-provider-kapitalis wp-block-embed-kapitalis\"><div class=\"wp-block-embed__wrapper\">\n<blockquote class=\"wp-embedded-content\" data-secret=\"EqrtFkv5Lr\"><a href=\"https:\/\/kapitalis.com\/tunisie\/2022\/07\/31\/tunisie-stress-energetique-deficit-financier-et-mauvaise-gouvernance\/\">Tunisie\u00a0: stress \u00e9nerg\u00e9tique, d\u00e9ficit financier et mauvaise gouvernance<\/a><\/blockquote><iframe loading=\"lazy\" class=\"wp-embedded-content\" sandbox=\"allow-scripts\" security=\"restricted\" style=\"position: absolute; clip: rect(1px, 1px, 1px, 1px);\" title=\"\u00ab\u00a0Tunisie\u00a0: stress \u00e9nerg\u00e9tique, d\u00e9ficit financier et mauvaise gouvernance\u00a0\u00bb &#8212; Kapitalis\" src=\"https:\/\/kapitalis.com\/tunisie\/2022\/07\/31\/tunisie-stress-energetique-deficit-financier-et-mauvaise-gouvernance\/embed\/#?secret=9kFVBk9R66#?secret=EqrtFkv5Lr\" data-secret=\"EqrtFkv5Lr\" width=\"600\" height=\"338\" frameborder=\"0\" marginwidth=\"0\" marginheight=\"0\" scrolling=\"no\"><\/iframe>\n<\/div><\/figure>\n\n\n\n<p>Jusqu\u2019\u00e0 quand nos responsables gouvernementaux vont-ils continuer \u00e0 brasser du vent en tirant des plans sur la com\u00e8te, sans mettre la main dans le cambouis\u00a0? La Tunisie a besoin de vrais d\u00e9cideurs, et non de technocrates gris qui ne quittent leurs bureaux que pour aller p\u00e9rorer sur quelque tribune dans un h\u00f4tel chic de la banlieue nord de Tunis et r\u00e9p\u00e9ter <em>\u00aby a qu\u2019\u00e0\u2026\u00a0y a qu\u2019\u00e0\u2026\u00bb<\/em><\/p>\n\n\n\n<p>Tout le monde dans ce pays sait ce qu\u2019il faut faire pour r\u00e9gler tel ou tel probl\u00e8me, mais pourquoi, bon sang, personne n\u2019a le mode d\u2019emploi des rem\u00e8des qu\u2019il pr\u00e9conise&nbsp;?<\/p>\n\n\n\n<p>Le pays roule sur la jante, en continuant \u00e0 payer de gros salaires \u00e0 des hauts responsables incomp\u00e9tents et, surtout, incapables d\u2019agir sur le r\u00e9el\u2026 &nbsp;<\/p>\n\n\n\n<p>Quand cette parodie de pouvoir va-t-elle enfin cesser&nbsp;?<\/p>\n","protected":false},"excerpt":{"rendered":"<p>Tout le monde en Tunisie sait ce qu\u2019il faut faire pour r\u00e9gler tel ou tel probl\u00e8me, mais pourquoi, bon sang, personne n\u2019a le mode d\u2019emploi des rem\u00e8des qu\u2019il pr\u00e9conise\u00a0?<\/p>\n","protected":false},"author":8,"featured_media":3240949,"comment_status":"open","ping_status":"open","sticky":false,"template":"","format":"standard","meta":{"footnotes":""},"categories":[992,997,2433],"tags":[335,81432,98223,62643],"class_list":["post-3240884","post","type-post","status-publish","format-standard","has-post-thumbnail","hentry","category-a-la-une","category-politique","category-tunisie","tag-environnement","tag-incendies-de-forets","tag-leila-chikhaoui-mahdaoui-2","tag-tunisie"],"yoast_head":"<!-- This site is optimized with the Yoast SEO plugin v26.6 - https:\/\/yoast.com\/wordpress\/plugins\/seo\/ -->\n<title>Mauvaise gouvernance et impuissance publique\u00a0: l\u2019exemple de la Tunisie - Kapitalis<\/title>\n<meta name=\"robots\" content=\"index, follow, max-snippet:-1, max-image-preview:large, max-video-preview:-1\" \/>\n<link rel=\"canonical\" href=\"https:\/\/kapitalis.com\/tunisie\/2022\/08\/19\/mauvaise-gouvernance-et-impuissance-publique-lexemple-de-la-tunisie\/\" \/>\n<meta property=\"og:locale\" content=\"fr_FR\" \/>\n<meta property=\"og:type\" content=\"article\" \/>\n<meta property=\"og:title\" content=\"Mauvaise gouvernance et impuissance publique\u00a0: l\u2019exemple de la Tunisie - Kapitalis\" \/>\n<meta property=\"og:description\" content=\"Tout le monde en Tunisie sait ce qu\u2019il faut faire pour r\u00e9gler tel ou tel probl\u00e8me, mais pourquoi, bon sang, personne n\u2019a le mode d\u2019emploi des rem\u00e8des qu\u2019il pr\u00e9conise\u00a0?\" \/>\n<meta property=\"og:url\" content=\"https:\/\/kapitalis.com\/tunisie\/2022\/08\/19\/mauvaise-gouvernance-et-impuissance-publique-lexemple-de-la-tunisie\/\" \/>\n<meta property=\"og:site_name\" content=\"Kapitalis\" \/>\n<meta property=\"article:publisher\" content=\"https:\/\/www.facebook.com\/KapitalisInfo\/\" \/>\n<meta property=\"article:published_time\" content=\"2022-08-19T10:21:50+00:00\" \/>\n<meta property=\"article:modified_time\" content=\"2022-08-19T10:21:51+00:00\" \/>\n<meta property=\"og:image\" content=\"https:\/\/kapitalis.com\/tunisie\/wp-content\/uploads\/2022\/08\/Leila-Chikhaoui-Mahdaoui2.jpg\" \/>\n\t<meta property=\"og:image:width\" content=\"1200\" \/>\n\t<meta property=\"og:image:height\" content=\"630\" \/>\n\t<meta property=\"og:image:type\" content=\"image\/jpeg\" \/>\n<meta name=\"author\" content=\"webmaster kapitalis\" \/>\n<meta name=\"twitter:card\" content=\"summary_large_image\" \/>\n<meta name=\"twitter:creator\" content=\"@KapitalisInfo\" \/>\n<meta name=\"twitter:site\" content=\"@KapitalisInfo\" \/>\n<meta name=\"twitter:label1\" content=\"\u00c9crit par\" \/>\n\t<meta name=\"twitter:data1\" content=\"webmaster kapitalis\" \/>\n\t<meta name=\"twitter:label2\" content=\"Dur\u00e9e de lecture estim\u00e9e\" \/>\n\t<meta name=\"twitter:data2\" content=\"4 minutes\" \/>\n<script type=\"application\/ld+json\" class=\"yoast-schema-graph\">{\"@context\":\"https:\/\/schema.org\",\"@graph\":[{\"@type\":\"Article\",\"@id\":\"https:\/\/kapitalis.com\/tunisie\/2022\/08\/19\/mauvaise-gouvernance-et-impuissance-publique-lexemple-de-la-tunisie\/#article\",\"isPartOf\":{\"@id\":\"https:\/\/kapitalis.com\/tunisie\/2022\/08\/19\/mauvaise-gouvernance-et-impuissance-publique-lexemple-de-la-tunisie\/\"},\"author\":{\"name\":\"webmaster kapitalis\",\"@id\":\"https:\/\/kapitalis.com\/tunisie\/#\/schema\/person\/d71f33a9ca44f7bad4698210b480c8e9\"},\"headline\":\"Mauvaise gouvernance et impuissance publique\u00a0: l\u2019exemple de la Tunisie\",\"datePublished\":\"2022-08-19T10:21:50+00:00\",\"dateModified\":\"2022-08-19T10:21:51+00:00\",\"mainEntityOfPage\":{\"@id\":\"https:\/\/kapitalis.com\/tunisie\/2022\/08\/19\/mauvaise-gouvernance-et-impuissance-publique-lexemple-de-la-tunisie\/\"},\"wordCount\":760,\"commentCount\":15,\"publisher\":{\"@id\":\"https:\/\/kapitalis.com\/tunisie\/#organization\"},\"image\":{\"@id\":\"https:\/\/kapitalis.com\/tunisie\/2022\/08\/19\/mauvaise-gouvernance-et-impuissance-publique-lexemple-de-la-tunisie\/#primaryimage\"},\"thumbnailUrl\":\"https:\/\/kapitalis.com\/tunisie\/wp-content\/uploads\/2022\/08\/Leila-Chikhaoui-Mahdaoui2.jpg\",\"keywords\":[\"environnement\",\"incendies de for\u00eats\",\"Leila Chikhaoui Mahdaoui\",\"Tunisie\"],\"articleSection\":[\"A LA UNE\",\"POLITIQUE\",\"Tunisie\"],\"inLanguage\":\"fr-FR\",\"potentialAction\":[{\"@type\":\"CommentAction\",\"name\":\"Comment\",\"target\":[\"https:\/\/kapitalis.com\/tunisie\/2022\/08\/19\/mauvaise-gouvernance-et-impuissance-publique-lexemple-de-la-tunisie\/#respond\"]}]},{\"@type\":\"WebPage\",\"@id\":\"https:\/\/kapitalis.com\/tunisie\/2022\/08\/19\/mauvaise-gouvernance-et-impuissance-publique-lexemple-de-la-tunisie\/\",\"url\":\"https:\/\/kapitalis.com\/tunisie\/2022\/08\/19\/mauvaise-gouvernance-et-impuissance-publique-lexemple-de-la-tunisie\/\",\"name\":\"Mauvaise gouvernance et impuissance publique\u00a0: l\u2019exemple de la Tunisie - Kapitalis\",\"isPartOf\":{\"@id\":\"https:\/\/kapitalis.com\/tunisie\/#website\"},\"primaryImageOfPage\":{\"@id\":\"https:\/\/kapitalis.com\/tunisie\/2022\/08\/19\/mauvaise-gouvernance-et-impuissance-publique-lexemple-de-la-tunisie\/#primaryimage\"},\"image\":{\"@id\":\"https:\/\/kapitalis.com\/tunisie\/2022\/08\/19\/mauvaise-gouvernance-et-impuissance-publique-lexemple-de-la-tunisie\/#primaryimage\"},\"thumbnailUrl\":\"https:\/\/kapitalis.com\/tunisie\/wp-content\/uploads\/2022\/08\/Leila-Chikhaoui-Mahdaoui2.jpg\",\"datePublished\":\"2022-08-19T10:21:50+00:00\",\"dateModified\":\"2022-08-19T10:21:51+00:00\",\"breadcrumb\":{\"@id\":\"https:\/\/kapitalis.com\/tunisie\/2022\/08\/19\/mauvaise-gouvernance-et-impuissance-publique-lexemple-de-la-tunisie\/#breadcrumb\"},\"inLanguage\":\"fr-FR\",\"potentialAction\":[{\"@type\":\"ReadAction\",\"target\":[\"https:\/\/kapitalis.com\/tunisie\/2022\/08\/19\/mauvaise-gouvernance-et-impuissance-publique-lexemple-de-la-tunisie\/\"]}]},{\"@type\":\"ImageObject\",\"inLanguage\":\"fr-FR\",\"@id\":\"https:\/\/kapitalis.com\/tunisie\/2022\/08\/19\/mauvaise-gouvernance-et-impuissance-publique-lexemple-de-la-tunisie\/#primaryimage\",\"url\":\"https:\/\/kapitalis.com\/tunisie\/wp-content\/uploads\/2022\/08\/Leila-Chikhaoui-Mahdaoui2.jpg\",\"contentUrl\":\"https:\/\/kapitalis.com\/tunisie\/wp-content\/uploads\/2022\/08\/Leila-Chikhaoui-Mahdaoui2.jpg\",\"width\":1200,\"height\":630},{\"@type\":\"BreadcrumbList\",\"@id\":\"https:\/\/kapitalis.com\/tunisie\/2022\/08\/19\/mauvaise-gouvernance-et-impuissance-publique-lexemple-de-la-tunisie\/#breadcrumb\",\"itemListElement\":[{\"@type\":\"ListItem\",\"position\":1,\"name\":\"Accueil\",\"item\":\"https:\/\/kapitalis.com\/tunisie\/\"},{\"@type\":\"ListItem\",\"position\":2,\"name\":\"Mauvaise gouvernance et impuissance publique\u00a0: l\u2019exemple de la Tunisie\"}]},{\"@type\":\"WebSite\",\"@id\":\"https:\/\/kapitalis.com\/tunisie\/#website\",\"url\":\"https:\/\/kapitalis.com\/tunisie\/\",\"name\":\"Kapitalis\",\"description\":\"L&#039;actualit\u00e9 en Tunisie et dans le monde\",\"publisher\":{\"@id\":\"https:\/\/kapitalis.com\/tunisie\/#organization\"},\"potentialAction\":[{\"@type\":\"SearchAction\",\"target\":{\"@type\":\"EntryPoint\",\"urlTemplate\":\"https:\/\/kapitalis.com\/tunisie\/?s={search_term_string}\"},\"query-input\":{\"@type\":\"PropertyValueSpecification\",\"valueRequired\":true,\"valueName\":\"search_term_string\"}}],\"inLanguage\":\"fr-FR\"},{\"@type\":\"Organization\",\"@id\":\"https:\/\/kapitalis.com\/tunisie\/#organization\",\"name\":\"Kapitalis\",\"url\":\"https:\/\/kapitalis.com\/tunisie\/\",\"logo\":{\"@type\":\"ImageObject\",\"inLanguage\":\"fr-FR\",\"@id\":\"https:\/\/kapitalis.com\/tunisie\/#\/schema\/logo\/image\/\",\"url\":\"https:\/\/kapitalis.com\/tunisie\/wp-content\/uploads\/2022\/05\/Kapitalis-big-size.png\",\"contentUrl\":\"https:\/\/kapitalis.com\/tunisie\/wp-content\/uploads\/2022\/05\/Kapitalis-big-size.png\",\"width\":5000,\"height\":1500,\"caption\":\"Kapitalis\"},\"image\":{\"@id\":\"https:\/\/kapitalis.com\/tunisie\/#\/schema\/logo\/image\/\"},\"sameAs\":[\"https:\/\/www.facebook.com\/KapitalisInfo\/\",\"https:\/\/x.com\/KapitalisInfo\",\"https:\/\/www.youtube.com\/channel\/UC-yDYrHyfFBWWZaOw3FPg9Q\"]},{\"@type\":\"Person\",\"@id\":\"https:\/\/kapitalis.com\/tunisie\/#\/schema\/person\/d71f33a9ca44f7bad4698210b480c8e9\",\"name\":\"webmaster kapitalis\",\"url\":\"https:\/\/kapitalis.com\/tunisie\/author\/webmaster-kapitalis\/\"}]}<\/script>\n<!-- \/ Yoast SEO plugin. -->","yoast_head_json":{"title":"Mauvaise gouvernance et impuissance publique\u00a0: l\u2019exemple de la Tunisie - Kapitalis","robots":{"index":"index","follow":"follow","max-snippet":"max-snippet:-1","max-image-preview":"max-image-preview:large","max-video-preview":"max-video-preview:-1"},"canonical":"https:\/\/kapitalis.com\/tunisie\/2022\/08\/19\/mauvaise-gouvernance-et-impuissance-publique-lexemple-de-la-tunisie\/","og_locale":"fr_FR","og_type":"article","og_title":"Mauvaise gouvernance et impuissance publique\u00a0: l\u2019exemple de la Tunisie - Kapitalis","og_description":"Tout le monde en Tunisie sait ce qu\u2019il faut faire pour r\u00e9gler tel ou tel probl\u00e8me, mais pourquoi, bon sang, personne n\u2019a le mode d\u2019emploi des rem\u00e8des qu\u2019il pr\u00e9conise\u00a0?","og_url":"https:\/\/kapitalis.com\/tunisie\/2022\/08\/19\/mauvaise-gouvernance-et-impuissance-publique-lexemple-de-la-tunisie\/","og_site_name":"Kapitalis","article_publisher":"https:\/\/www.facebook.com\/KapitalisInfo\/","article_published_time":"2022-08-19T10:21:50+00:00","article_modified_time":"2022-08-19T10:21:51+00:00","og_image":[{"width":1200,"height":630,"url":"https:\/\/kapitalis.com\/tunisie\/wp-content\/uploads\/2022\/08\/Leila-Chikhaoui-Mahdaoui2.jpg","type":"image\/jpeg"}],"author":"webmaster kapitalis","twitter_card":"summary_large_image","twitter_creator":"@KapitalisInfo","twitter_site":"@KapitalisInfo","twitter_misc":{"\u00c9crit par":"webmaster kapitalis","Dur\u00e9e de lecture estim\u00e9e":"4 minutes"},"schema":{"@context":"https:\/\/schema.org","@graph":[{"@type":"Article","@id":"https:\/\/kapitalis.com\/tunisie\/2022\/08\/19\/mauvaise-gouvernance-et-impuissance-publique-lexemple-de-la-tunisie\/#article","isPartOf":{"@id":"https:\/\/kapitalis.com\/tunisie\/2022\/08\/19\/mauvaise-gouvernance-et-impuissance-publique-lexemple-de-la-tunisie\/"},"author":{"name":"webmaster kapitalis","@id":"https:\/\/kapitalis.com\/tunisie\/#\/schema\/person\/d71f33a9ca44f7bad4698210b480c8e9"},"headline":"Mauvaise gouvernance et impuissance publique\u00a0: l\u2019exemple de la Tunisie","datePublished":"2022-08-19T10:21:50+00:00","dateModified":"2022-08-19T10:21:51+00:00","mainEntityOfPage":{"@id":"https:\/\/kapitalis.com\/tunisie\/2022\/08\/19\/mauvaise-gouvernance-et-impuissance-publique-lexemple-de-la-tunisie\/"},"wordCount":760,"commentCount":15,"publisher":{"@id":"https:\/\/kapitalis.com\/tunisie\/#organization"},"image":{"@id":"https:\/\/kapitalis.com\/tunisie\/2022\/08\/19\/mauvaise-gouvernance-et-impuissance-publique-lexemple-de-la-tunisie\/#primaryimage"},"thumbnailUrl":"https:\/\/kapitalis.com\/tunisie\/wp-content\/uploads\/2022\/08\/Leila-Chikhaoui-Mahdaoui2.jpg","keywords":["environnement","incendies de for\u00eats","Leila Chikhaoui Mahdaoui","Tunisie"],"articleSection":["A LA UNE","POLITIQUE","Tunisie"],"inLanguage":"fr-FR","potentialAction":[{"@type":"CommentAction","name":"Comment","target":["https:\/\/kapitalis.com\/tunisie\/2022\/08\/19\/mauvaise-gouvernance-et-impuissance-publique-lexemple-de-la-tunisie\/#respond"]}]},{"@type":"WebPage","@id":"https:\/\/kapitalis.com\/tunisie\/2022\/08\/19\/mauvaise-gouvernance-et-impuissance-publique-lexemple-de-la-tunisie\/","url":"https:\/\/kapitalis.com\/tunisie\/2022\/08\/19\/mauvaise-gouvernance-et-impuissance-publique-lexemple-de-la-tunisie\/","name":"Mauvaise gouvernance et impuissance publique\u00a0: l\u2019exemple de la Tunisie - Kapitalis","isPartOf":{"@id":"https:\/\/kapitalis.com\/tunisie\/#website"},"primaryImageOfPage":{"@id":"https:\/\/kapitalis.com\/tunisie\/2022\/08\/19\/mauvaise-gouvernance-et-impuissance-publique-lexemple-de-la-tunisie\/#primaryimage"},"image":{"@id":"https:\/\/kapitalis.com\/tunisie\/2022\/08\/19\/mauvaise-gouvernance-et-impuissance-publique-lexemple-de-la-tunisie\/#primaryimage"},"thumbnailUrl":"https:\/\/kapitalis.com\/tunisie\/wp-content\/uploads\/2022\/08\/Leila-Chikhaoui-Mahdaoui2.jpg","datePublished":"2022-08-19T10:21:50+00:00","dateModified":"2022-08-19T10:21:51+00:00","breadcrumb":{"@id":"https:\/\/kapitalis.com\/tunisie\/2022\/08\/19\/mauvaise-gouvernance-et-impuissance-publique-lexemple-de-la-tunisie\/#breadcrumb"},"inLanguage":"fr-FR","potentialAction":[{"@type":"ReadAction","target":["https:\/\/kapitalis.com\/tunisie\/2022\/08\/19\/mauvaise-gouvernance-et-impuissance-publique-lexemple-de-la-tunisie\/"]}]},{"@type":"ImageObject","inLanguage":"fr-FR","@id":"https:\/\/kapitalis.com\/tunisie\/2022\/08\/19\/mauvaise-gouvernance-et-impuissance-publique-lexemple-de-la-tunisie\/#primaryimage","url":"https:\/\/kapitalis.com\/tunisie\/wp-content\/uploads\/2022\/08\/Leila-Chikhaoui-Mahdaoui2.jpg","contentUrl":"https:\/\/kapitalis.com\/tunisie\/wp-content\/uploads\/2022\/08\/Leila-Chikhaoui-Mahdaoui2.jpg","width":1200,"height":630},{"@type":"BreadcrumbList","@id":"https:\/\/kapitalis.com\/tunisie\/2022\/08\/19\/mauvaise-gouvernance-et-impuissance-publique-lexemple-de-la-tunisie\/#breadcrumb","itemListElement":[{"@type":"ListItem","position":1,"name":"Accueil","item":"https:\/\/kapitalis.com\/tunisie\/"},{"@type":"ListItem","position":2,"name":"Mauvaise gouvernance et impuissance publique\u00a0: l\u2019exemple de la Tunisie"}]},{"@type":"WebSite","@id":"https:\/\/kapitalis.com\/tunisie\/#website","url":"https:\/\/kapitalis.com\/tunisie\/","name":"Kapitalis","description":"L&#039;actualit\u00e9 en Tunisie et dans le monde","publisher":{"@id":"https:\/\/kapitalis.com\/tunisie\/#organization"},"potentialAction":[{"@type":"SearchAction","target":{"@type":"EntryPoint","urlTemplate":"https:\/\/kapitalis.com\/tunisie\/?s={search_term_string}"},"query-input":{"@type":"PropertyValueSpecification","valueRequired":true,"valueName":"search_term_string"}}],"inLanguage":"fr-FR"},{"@type":"Organization","@id":"https:\/\/kapitalis.com\/tunisie\/#organization","name":"Kapitalis","url":"https:\/\/kapitalis.com\/tunisie\/","logo":{"@type":"ImageObject","inLanguage":"fr-FR","@id":"https:\/\/kapitalis.com\/tunisie\/#\/schema\/logo\/image\/","url":"https:\/\/kapitalis.com\/tunisie\/wp-content\/uploads\/2022\/05\/Kapitalis-big-size.png","contentUrl":"https:\/\/kapitalis.com\/tunisie\/wp-content\/uploads\/2022\/05\/Kapitalis-big-size.png","width":5000,"height":1500,"caption":"Kapitalis"},"image":{"@id":"https:\/\/kapitalis.com\/tunisie\/#\/schema\/logo\/image\/"},"sameAs":["https:\/\/www.facebook.com\/KapitalisInfo\/","https:\/\/x.com\/KapitalisInfo","https:\/\/www.youtube.com\/channel\/UC-yDYrHyfFBWWZaOw3FPg9Q"]},{"@type":"Person","@id":"https:\/\/kapitalis.com\/tunisie\/#\/schema\/person\/d71f33a9ca44f7bad4698210b480c8e9","name":"webmaster kapitalis","url":"https:\/\/kapitalis.com\/tunisie\/author\/webmaster-kapitalis\/"}]}},"_links":{"self":[{"href":"https:\/\/kapitalis.com\/tunisie\/wp-json\/wp\/v2\/posts\/3240884","targetHints":{"allow":["GET"]}}],"collection":[{"href":"https:\/\/kapitalis.com\/tunisie\/wp-json\/wp\/v2\/posts"}],"about":[{"href":"https:\/\/kapitalis.com\/tunisie\/wp-json\/wp\/v2\/types\/post"}],"author":[{"embeddable":true,"href":"https:\/\/kapitalis.com\/tunisie\/wp-json\/wp\/v2\/users\/8"}],"replies":[{"embeddable":true,"href":"https:\/\/kapitalis.com\/tunisie\/wp-json\/wp\/v2\/comments?post=3240884"}],"version-history":[{"count":0,"href":"https:\/\/kapitalis.com\/tunisie\/wp-json\/wp\/v2\/posts\/3240884\/revisions"}],"wp:featuredmedia":[{"embeddable":true,"href":"https:\/\/kapitalis.com\/tunisie\/wp-json\/wp\/v2\/media\/3240949"}],"wp:attachment":[{"href":"https:\/\/kapitalis.com\/tunisie\/wp-json\/wp\/v2\/media?parent=3240884"}],"wp:term":[{"taxonomy":"category","embeddable":true,"href":"https:\/\/kapitalis.com\/tunisie\/wp-json\/wp\/v2\/categories?post=3240884"},{"taxonomy":"post_tag","embeddable":true,"href":"https:\/\/kapitalis.com\/tunisie\/wp-json\/wp\/v2\/tags?post=3240884"}],"curies":[{"name":"wp","href":"https:\/\/api.w.org\/{rel}","templated":true}]}}