{"id":324315,"date":"2020-11-12T16:50:03","date_gmt":"2020-11-12T15:50:03","guid":{"rendered":"http:\/\/kapitalis.com\/tunisie\/?p=324315"},"modified":"2020-11-13T07:45:07","modified_gmt":"2020-11-13T06:45:07","slug":"lamt-appelle-a-louverture-dune-enquete-concernant-les-depassements-electoraux-reveles-par-la-cour-des-comptes","status":"publish","type":"post","link":"https:\/\/kapitalis.com\/tunisie\/2020\/11\/12\/lamt-appelle-a-louverture-dune-enquete-concernant-les-depassements-electoraux-reveles-par-la-cour-des-comptes\/","title":{"rendered":"L&rsquo;AMT appelle \u00e0 l&rsquo;ouverture d&rsquo;une enqu\u00eate concernant les d\u00e9passements \u00e9lectoraux r\u00e9v\u00e9l\u00e9s par la Cour des comptes"},"content":{"rendered":"\n<figure class=\"wp-block-image size-large\"><img decoding=\"async\" src=\"http:\/\/kapitalis.com\/tunisie\/wp-content\/uploads\/2019\/09\/AMT.jpg\" alt=\"\" class=\"wp-image-243686\"\/><\/figure>\n\n\n\n<p><strong><em>L\u2019Association des magistrats tunisiens (AMT) a appel\u00e9, ce jeudi 12 novembre 2020, le minist\u00e8re public et le p\u00f4le judiciaire \u00e9conomique et financier \u00e0 ouvrir une enqu\u00eate concernant les d\u00e9passements \u00e9lectoraux r\u00e9v\u00e9l\u00e9s par le rapport de la Cour des comptes, relatifs aux financements douteux des campagnes pour les \u00e9lections l\u00e9gislatives et pr\u00e9sidentielle de 2019.<\/em><\/strong><\/p>\n\n\n\n<!--more-->\n\n\n\n<p>Elle a estim\u00e9 que ces d\u00e9passements portaient atteinte \u00e0 la transparence du processus \u00e9lectoral, regrettant l\u2019exploitation des ressources publiques dans les campagnes \u00e9lectorales. <\/p>\n\n\n\n<p>L&rsquo;AMT a, par ailleurs, invit\u00e9 la Cour des comptes \u00e0 publier les statistiques sur l\u2019issue des proc\u00e9dures qu\u2019elle a intent\u00e9es contre la violation des dispositions de la loi \u00e9lectorale, notamment en ce qui concerne la violation de l\u2019obligation de d\u00e9clarer les d\u00e9penses et les infractions commises pendant la campagne \u00e9lectorale.<\/p>\n\n\n\n<p>L\u2019association a, d&rsquo;autre part, appel\u00e9 les intervenants dans le contr\u00f4le des \u00e9lections et leur financement, et plus particuli\u00e8rement l\u2019Instance sup\u00e9rieure ind\u00e9pendante pour les \u00e9lections (ISIE), la Banque centrale, la Direction g\u00e9n\u00e9rale de la douane et la Haute autorit\u00e9 ind\u00e9pendante de la communication audiovisuelle (Haica), \u00e0 assurer une meilleure coordination pour garantir un contr\u00f4le plus efficace sur les financements \u00e9trangers suspects et \u00e0 mettre en place un syst\u00e8me d\u2019information recommand\u00e9, depuis 2011, par la Cour des comptes afin d\u2019assurer le suivi de ces fonds et d\u2019emp\u00eacher leur utilisation dans les campagnes \u00e9lectorales.<\/p>\n\n\n\n<p>Notons que, selon le porte-parole du tribunal de premi\u00e8re instance de Tunis, Mohsen Dali, le minist\u00e8re public n\u2019a, jusque-l\u00e0, re\u00e7u aucune correspondance de la Cour des Comptes au sujet des d\u00e9passements mentionn\u00e9s dans ledit rapport.<\/p>\n\n\n\n<p>Relay\u00e9 par la Tap, Dali a assur\u00e9 que la loi r\u00e9gissant les travaux de la Cour des comptes pr\u00e9voit la soumission de tout ce qui est p\u00e9nal au minist\u00e8re public. <\/p>\n\n\n\n<p>Finalement, qui croire quand les diff\u00e9rentes instances judiciaires ne font pas leur travail et se font rejeter la balle ? Va-t-on parler d&rsquo;incomp\u00e9tence, de laxisme ou m\u00eame de complicit\u00e9 active avec les forces politiques f\u00e2ch\u00e9es avec la loi ?  Car, \u00e0 quoi cela sert-il d&rsquo;avoir des rapports sur des crimes \u00e9lectoraux quand la justice ne bouge pas le petit doigt pour r\u00e9tablir la loi ? Il y a quelque chose de troublant dans cette affaire, d&rsquo;autant que les auteurs des d\u00e9passements conduisent aujourd&rsquo;hui les affaires du pays. Et on vient nous parler de d\u00e9mocratie tunisienne ? <\/p>\n\n\n\n<p class=\"has-text-align-right\"><strong>C. B. Y.<\/strong><\/p>\n","protected":false},"excerpt":{"rendered":"<p>L\u2019Association des magistrats tunisiens (AMT) a appel\u00e9, ce jeudi 12 novembre 2020, le minist\u00e8re public et le p\u00f4le judiciaire \u00e9conomique et financier \u00e0 ouvrir une enqu\u00eate concernant les d\u00e9passements \u00e9lectoraux r\u00e9v\u00e9l\u00e9s par le rapport de la Cour des comptes, relatifs aux financements douteux des campagnes pour les \u00e9lections l\u00e9gislatives et pr\u00e9sidentielle de 2019.<\/p>\n","protected":false},"author":24,"featured_media":0,"comment_status":"open","ping_status":"open","sticky":false,"template":"","format":"standard","meta":{"footnotes":""},"categories":[997,2433],"tags":[71,2330],"class_list":["post-324315","post","type-post","status-publish","format-standard","hentry","category-politique","category-tunisie","tag-amt","tag-cour-des-comptes"],"yoast_head":"<!-- This site is optimized with the Yoast SEO plugin v26.6 - https:\/\/yoast.com\/wordpress\/plugins\/seo\/ -->\n<title>L&#039;AMT appelle \u00e0 l&#039;ouverture d&#039;une enqu\u00eate concernant les d\u00e9passements \u00e9lectoraux r\u00e9v\u00e9l\u00e9s par la Cour des comptes - Kapitalis<\/title>\n<meta name=\"robots\" content=\"index, follow, max-snippet:-1, max-image-preview:large, max-video-preview:-1\" \/>\n<link rel=\"canonical\" href=\"https:\/\/kapitalis.com\/tunisie\/2020\/11\/12\/lamt-appelle-a-louverture-dune-enquete-concernant-les-depassements-electoraux-reveles-par-la-cour-des-comptes\/\" \/>\n<meta property=\"og:locale\" content=\"fr_FR\" \/>\n<meta property=\"og:type\" content=\"article\" \/>\n<meta property=\"og:title\" content=\"L&#039;AMT appelle \u00e0 l&#039;ouverture d&#039;une enqu\u00eate concernant les d\u00e9passements \u00e9lectoraux r\u00e9v\u00e9l\u00e9s par la Cour des comptes - Kapitalis\" \/>\n<meta property=\"og:description\" content=\"L\u2019Association des magistrats tunisiens (AMT) a appel\u00e9, ce jeudi 12 novembre 2020, le minist\u00e8re public et le p\u00f4le judiciaire \u00e9conomique et financier \u00e0 ouvrir une enqu\u00eate concernant les d\u00e9passements \u00e9lectoraux r\u00e9v\u00e9l\u00e9s par le rapport de la Cour des comptes, relatifs aux financements douteux des campagnes pour les \u00e9lections l\u00e9gislatives et pr\u00e9sidentielle de 2019.\" \/>\n<meta property=\"og:url\" content=\"https:\/\/kapitalis.com\/tunisie\/2020\/11\/12\/lamt-appelle-a-louverture-dune-enquete-concernant-les-depassements-electoraux-reveles-par-la-cour-des-comptes\/\" \/>\n<meta property=\"og:site_name\" content=\"Kapitalis\" \/>\n<meta property=\"article:publisher\" content=\"https:\/\/www.facebook.com\/KapitalisInfo\/\" \/>\n<meta property=\"article:published_time\" content=\"2020-11-12T15:50:03+00:00\" \/>\n<meta property=\"article:modified_time\" content=\"2020-11-13T06:45:07+00:00\" \/>\n<meta property=\"og:image\" content=\"http:\/\/kapitalis.com\/tunisie\/wp-content\/uploads\/2019\/09\/AMT.jpg\" \/>\n<meta name=\"author\" content=\"Cherif Benyounes\" \/>\n<meta name=\"twitter:card\" content=\"summary_large_image\" \/>\n<meta name=\"twitter:creator\" content=\"@KapitalisInfo\" \/>\n<meta name=\"twitter:site\" content=\"@KapitalisInfo\" \/>\n<meta name=\"twitter:label1\" content=\"\u00c9crit par\" \/>\n\t<meta name=\"twitter:data1\" content=\"Cherif Benyounes\" \/>\n\t<meta name=\"twitter:label2\" content=\"Dur\u00e9e de lecture estim\u00e9e\" \/>\n\t<meta name=\"twitter:data2\" content=\"2 minutes\" \/>\n<script type=\"application\/ld+json\" class=\"yoast-schema-graph\">{\"@context\":\"https:\/\/schema.org\",\"@graph\":[{\"@type\":\"Article\",\"@id\":\"https:\/\/kapitalis.com\/tunisie\/2020\/11\/12\/lamt-appelle-a-louverture-dune-enquete-concernant-les-depassements-electoraux-reveles-par-la-cour-des-comptes\/#article\",\"isPartOf\":{\"@id\":\"https:\/\/kapitalis.com\/tunisie\/2020\/11\/12\/lamt-appelle-a-louverture-dune-enquete-concernant-les-depassements-electoraux-reveles-par-la-cour-des-comptes\/\"},\"author\":{\"name\":\"Cherif Benyounes\",\"@id\":\"https:\/\/kapitalis.com\/tunisie\/#\/schema\/person\/b35b8d631961131107263178aeb8019e\"},\"headline\":\"L&rsquo;AMT appelle \u00e0 l&rsquo;ouverture d&rsquo;une enqu\u00eate concernant les d\u00e9passements \u00e9lectoraux r\u00e9v\u00e9l\u00e9s par la Cour des comptes\",\"datePublished\":\"2020-11-12T15:50:03+00:00\",\"dateModified\":\"2020-11-13T06:45:07+00:00\",\"mainEntityOfPage\":{\"@id\":\"https:\/\/kapitalis.com\/tunisie\/2020\/11\/12\/lamt-appelle-a-louverture-dune-enquete-concernant-les-depassements-electoraux-reveles-par-la-cour-des-comptes\/\"},\"wordCount\":439,\"commentCount\":2,\"publisher\":{\"@id\":\"https:\/\/kapitalis.com\/tunisie\/#organization\"},\"image\":{\"@id\":\"https:\/\/kapitalis.com\/tunisie\/2020\/11\/12\/lamt-appelle-a-louverture-dune-enquete-concernant-les-depassements-electoraux-reveles-par-la-cour-des-comptes\/#primaryimage\"},\"thumbnailUrl\":\"http:\/\/kapitalis.com\/tunisie\/wp-content\/uploads\/2019\/09\/AMT.jpg\",\"keywords\":[\"AMT\",\"Cour des comptes\"],\"articleSection\":[\"POLITIQUE\",\"Tunisie\"],\"inLanguage\":\"fr-FR\",\"potentialAction\":[{\"@type\":\"CommentAction\",\"name\":\"Comment\",\"target\":[\"https:\/\/kapitalis.com\/tunisie\/2020\/11\/12\/lamt-appelle-a-louverture-dune-enquete-concernant-les-depassements-electoraux-reveles-par-la-cour-des-comptes\/#respond\"]}]},{\"@type\":\"WebPage\",\"@id\":\"https:\/\/kapitalis.com\/tunisie\/2020\/11\/12\/lamt-appelle-a-louverture-dune-enquete-concernant-les-depassements-electoraux-reveles-par-la-cour-des-comptes\/\",\"url\":\"https:\/\/kapitalis.com\/tunisie\/2020\/11\/12\/lamt-appelle-a-louverture-dune-enquete-concernant-les-depassements-electoraux-reveles-par-la-cour-des-comptes\/\",\"name\":\"L'AMT appelle \u00e0 l'ouverture d'une enqu\u00eate concernant les d\u00e9passements \u00e9lectoraux r\u00e9v\u00e9l\u00e9s par la Cour des comptes - Kapitalis\",\"isPartOf\":{\"@id\":\"https:\/\/kapitalis.com\/tunisie\/#website\"},\"primaryImageOfPage\":{\"@id\":\"https:\/\/kapitalis.com\/tunisie\/2020\/11\/12\/lamt-appelle-a-louverture-dune-enquete-concernant-les-depassements-electoraux-reveles-par-la-cour-des-comptes\/#primaryimage\"},\"image\":{\"@id\":\"https:\/\/kapitalis.com\/tunisie\/2020\/11\/12\/lamt-appelle-a-louverture-dune-enquete-concernant-les-depassements-electoraux-reveles-par-la-cour-des-comptes\/#primaryimage\"},\"thumbnailUrl\":\"http:\/\/kapitalis.com\/tunisie\/wp-content\/uploads\/2019\/09\/AMT.jpg\",\"datePublished\":\"2020-11-12T15:50:03+00:00\",\"dateModified\":\"2020-11-13T06:45:07+00:00\",\"breadcrumb\":{\"@id\":\"https:\/\/kapitalis.com\/tunisie\/2020\/11\/12\/lamt-appelle-a-louverture-dune-enquete-concernant-les-depassements-electoraux-reveles-par-la-cour-des-comptes\/#breadcrumb\"},\"inLanguage\":\"fr-FR\",\"potentialAction\":[{\"@type\":\"ReadAction\",\"target\":[\"https:\/\/kapitalis.com\/tunisie\/2020\/11\/12\/lamt-appelle-a-louverture-dune-enquete-concernant-les-depassements-electoraux-reveles-par-la-cour-des-comptes\/\"]}]},{\"@type\":\"ImageObject\",\"inLanguage\":\"fr-FR\",\"@id\":\"https:\/\/kapitalis.com\/tunisie\/2020\/11\/12\/lamt-appelle-a-louverture-dune-enquete-concernant-les-depassements-electoraux-reveles-par-la-cour-des-comptes\/#primaryimage\",\"url\":\"\",\"contentUrl\":\"\"},{\"@type\":\"BreadcrumbList\",\"@id\":\"https:\/\/kapitalis.com\/tunisie\/2020\/11\/12\/lamt-appelle-a-louverture-dune-enquete-concernant-les-depassements-electoraux-reveles-par-la-cour-des-comptes\/#breadcrumb\",\"itemListElement\":[{\"@type\":\"ListItem\",\"position\":1,\"name\":\"Accueil\",\"item\":\"https:\/\/kapitalis.com\/tunisie\/\"},{\"@type\":\"ListItem\",\"position\":2,\"name\":\"L&rsquo;AMT appelle \u00e0 l&rsquo;ouverture d&rsquo;une enqu\u00eate concernant les d\u00e9passements \u00e9lectoraux r\u00e9v\u00e9l\u00e9s par la Cour des comptes\"}]},{\"@type\":\"WebSite\",\"@id\":\"https:\/\/kapitalis.com\/tunisie\/#website\",\"url\":\"https:\/\/kapitalis.com\/tunisie\/\",\"name\":\"Kapitalis\",\"description\":\"L&#039;actualit\u00e9 en Tunisie et dans le monde\",\"publisher\":{\"@id\":\"https:\/\/kapitalis.com\/tunisie\/#organization\"},\"potentialAction\":[{\"@type\":\"SearchAction\",\"target\":{\"@type\":\"EntryPoint\",\"urlTemplate\":\"https:\/\/kapitalis.com\/tunisie\/?s={search_term_string}\"},\"query-input\":{\"@type\":\"PropertyValueSpecification\",\"valueRequired\":true,\"valueName\":\"search_term_string\"}}],\"inLanguage\":\"fr-FR\"},{\"@type\":\"Organization\",\"@id\":\"https:\/\/kapitalis.com\/tunisie\/#organization\",\"name\":\"Kapitalis\",\"url\":\"https:\/\/kapitalis.com\/tunisie\/\",\"logo\":{\"@type\":\"ImageObject\",\"inLanguage\":\"fr-FR\",\"@id\":\"https:\/\/kapitalis.com\/tunisie\/#\/schema\/logo\/image\/\",\"url\":\"https:\/\/kapitalis.com\/tunisie\/wp-content\/uploads\/2022\/05\/Kapitalis-big-size.png\",\"contentUrl\":\"https:\/\/kapitalis.com\/tunisie\/wp-content\/uploads\/2022\/05\/Kapitalis-big-size.png\",\"width\":5000,\"height\":1500,\"caption\":\"Kapitalis\"},\"image\":{\"@id\":\"https:\/\/kapitalis.com\/tunisie\/#\/schema\/logo\/image\/\"},\"sameAs\":[\"https:\/\/www.facebook.com\/KapitalisInfo\/\",\"https:\/\/x.com\/KapitalisInfo\",\"https:\/\/www.youtube.com\/channel\/UC-yDYrHyfFBWWZaOw3FPg9Q\"]},{\"@type\":\"Person\",\"@id\":\"https:\/\/kapitalis.com\/tunisie\/#\/schema\/person\/b35b8d631961131107263178aeb8019e\",\"name\":\"Cherif Benyounes\",\"url\":\"https:\/\/kapitalis.com\/tunisie\/author\/cherif\/\"}]}<\/script>\n<!-- \/ Yoast SEO plugin. -->","yoast_head_json":{"title":"L'AMT appelle \u00e0 l'ouverture d'une enqu\u00eate concernant les d\u00e9passements \u00e9lectoraux r\u00e9v\u00e9l\u00e9s par la Cour des comptes - Kapitalis","robots":{"index":"index","follow":"follow","max-snippet":"max-snippet:-1","max-image-preview":"max-image-preview:large","max-video-preview":"max-video-preview:-1"},"canonical":"https:\/\/kapitalis.com\/tunisie\/2020\/11\/12\/lamt-appelle-a-louverture-dune-enquete-concernant-les-depassements-electoraux-reveles-par-la-cour-des-comptes\/","og_locale":"fr_FR","og_type":"article","og_title":"L'AMT appelle \u00e0 l'ouverture d'une enqu\u00eate concernant les d\u00e9passements \u00e9lectoraux r\u00e9v\u00e9l\u00e9s par la Cour des comptes - Kapitalis","og_description":"L\u2019Association des magistrats tunisiens (AMT) a appel\u00e9, ce jeudi 12 novembre 2020, le minist\u00e8re public et le p\u00f4le judiciaire \u00e9conomique et financier \u00e0 ouvrir une enqu\u00eate concernant les d\u00e9passements \u00e9lectoraux r\u00e9v\u00e9l\u00e9s par le rapport de la Cour des comptes, relatifs aux financements douteux des campagnes pour les \u00e9lections l\u00e9gislatives et pr\u00e9sidentielle de 2019.","og_url":"https:\/\/kapitalis.com\/tunisie\/2020\/11\/12\/lamt-appelle-a-louverture-dune-enquete-concernant-les-depassements-electoraux-reveles-par-la-cour-des-comptes\/","og_site_name":"Kapitalis","article_publisher":"https:\/\/www.facebook.com\/KapitalisInfo\/","article_published_time":"2020-11-12T15:50:03+00:00","article_modified_time":"2020-11-13T06:45:07+00:00","og_image":[{"url":"http:\/\/kapitalis.com\/tunisie\/wp-content\/uploads\/2019\/09\/AMT.jpg","type":"","width":"","height":""}],"author":"Cherif Benyounes","twitter_card":"summary_large_image","twitter_creator":"@KapitalisInfo","twitter_site":"@KapitalisInfo","twitter_misc":{"\u00c9crit par":"Cherif Benyounes","Dur\u00e9e de lecture estim\u00e9e":"2 minutes"},"schema":{"@context":"https:\/\/schema.org","@graph":[{"@type":"Article","@id":"https:\/\/kapitalis.com\/tunisie\/2020\/11\/12\/lamt-appelle-a-louverture-dune-enquete-concernant-les-depassements-electoraux-reveles-par-la-cour-des-comptes\/#article","isPartOf":{"@id":"https:\/\/kapitalis.com\/tunisie\/2020\/11\/12\/lamt-appelle-a-louverture-dune-enquete-concernant-les-depassements-electoraux-reveles-par-la-cour-des-comptes\/"},"author":{"name":"Cherif Benyounes","@id":"https:\/\/kapitalis.com\/tunisie\/#\/schema\/person\/b35b8d631961131107263178aeb8019e"},"headline":"L&rsquo;AMT appelle \u00e0 l&rsquo;ouverture d&rsquo;une enqu\u00eate concernant les d\u00e9passements \u00e9lectoraux r\u00e9v\u00e9l\u00e9s par la Cour des comptes","datePublished":"2020-11-12T15:50:03+00:00","dateModified":"2020-11-13T06:45:07+00:00","mainEntityOfPage":{"@id":"https:\/\/kapitalis.com\/tunisie\/2020\/11\/12\/lamt-appelle-a-louverture-dune-enquete-concernant-les-depassements-electoraux-reveles-par-la-cour-des-comptes\/"},"wordCount":439,"commentCount":2,"publisher":{"@id":"https:\/\/kapitalis.com\/tunisie\/#organization"},"image":{"@id":"https:\/\/kapitalis.com\/tunisie\/2020\/11\/12\/lamt-appelle-a-louverture-dune-enquete-concernant-les-depassements-electoraux-reveles-par-la-cour-des-comptes\/#primaryimage"},"thumbnailUrl":"http:\/\/kapitalis.com\/tunisie\/wp-content\/uploads\/2019\/09\/AMT.jpg","keywords":["AMT","Cour des comptes"],"articleSection":["POLITIQUE","Tunisie"],"inLanguage":"fr-FR","potentialAction":[{"@type":"CommentAction","name":"Comment","target":["https:\/\/kapitalis.com\/tunisie\/2020\/11\/12\/lamt-appelle-a-louverture-dune-enquete-concernant-les-depassements-electoraux-reveles-par-la-cour-des-comptes\/#respond"]}]},{"@type":"WebPage","@id":"https:\/\/kapitalis.com\/tunisie\/2020\/11\/12\/lamt-appelle-a-louverture-dune-enquete-concernant-les-depassements-electoraux-reveles-par-la-cour-des-comptes\/","url":"https:\/\/kapitalis.com\/tunisie\/2020\/11\/12\/lamt-appelle-a-louverture-dune-enquete-concernant-les-depassements-electoraux-reveles-par-la-cour-des-comptes\/","name":"L'AMT appelle \u00e0 l'ouverture d'une enqu\u00eate concernant les d\u00e9passements \u00e9lectoraux r\u00e9v\u00e9l\u00e9s par la Cour des comptes - Kapitalis","isPartOf":{"@id":"https:\/\/kapitalis.com\/tunisie\/#website"},"primaryImageOfPage":{"@id":"https:\/\/kapitalis.com\/tunisie\/2020\/11\/12\/lamt-appelle-a-louverture-dune-enquete-concernant-les-depassements-electoraux-reveles-par-la-cour-des-comptes\/#primaryimage"},"image":{"@id":"https:\/\/kapitalis.com\/tunisie\/2020\/11\/12\/lamt-appelle-a-louverture-dune-enquete-concernant-les-depassements-electoraux-reveles-par-la-cour-des-comptes\/#primaryimage"},"thumbnailUrl":"http:\/\/kapitalis.com\/tunisie\/wp-content\/uploads\/2019\/09\/AMT.jpg","datePublished":"2020-11-12T15:50:03+00:00","dateModified":"2020-11-13T06:45:07+00:00","breadcrumb":{"@id":"https:\/\/kapitalis.com\/tunisie\/2020\/11\/12\/lamt-appelle-a-louverture-dune-enquete-concernant-les-depassements-electoraux-reveles-par-la-cour-des-comptes\/#breadcrumb"},"inLanguage":"fr-FR","potentialAction":[{"@type":"ReadAction","target":["https:\/\/kapitalis.com\/tunisie\/2020\/11\/12\/lamt-appelle-a-louverture-dune-enquete-concernant-les-depassements-electoraux-reveles-par-la-cour-des-comptes\/"]}]},{"@type":"ImageObject","inLanguage":"fr-FR","@id":"https:\/\/kapitalis.com\/tunisie\/2020\/11\/12\/lamt-appelle-a-louverture-dune-enquete-concernant-les-depassements-electoraux-reveles-par-la-cour-des-comptes\/#primaryimage","url":"","contentUrl":""},{"@type":"BreadcrumbList","@id":"https:\/\/kapitalis.com\/tunisie\/2020\/11\/12\/lamt-appelle-a-louverture-dune-enquete-concernant-les-depassements-electoraux-reveles-par-la-cour-des-comptes\/#breadcrumb","itemListElement":[{"@type":"ListItem","position":1,"name":"Accueil","item":"https:\/\/kapitalis.com\/tunisie\/"},{"@type":"ListItem","position":2,"name":"L&rsquo;AMT appelle \u00e0 l&rsquo;ouverture d&rsquo;une enqu\u00eate concernant les d\u00e9passements \u00e9lectoraux r\u00e9v\u00e9l\u00e9s par la Cour des comptes"}]},{"@type":"WebSite","@id":"https:\/\/kapitalis.com\/tunisie\/#website","url":"https:\/\/kapitalis.com\/tunisie\/","name":"Kapitalis","description":"L&#039;actualit\u00e9 en Tunisie et dans le monde","publisher":{"@id":"https:\/\/kapitalis.com\/tunisie\/#organization"},"potentialAction":[{"@type":"SearchAction","target":{"@type":"EntryPoint","urlTemplate":"https:\/\/kapitalis.com\/tunisie\/?s={search_term_string}"},"query-input":{"@type":"PropertyValueSpecification","valueRequired":true,"valueName":"search_term_string"}}],"inLanguage":"fr-FR"},{"@type":"Organization","@id":"https:\/\/kapitalis.com\/tunisie\/#organization","name":"Kapitalis","url":"https:\/\/kapitalis.com\/tunisie\/","logo":{"@type":"ImageObject","inLanguage":"fr-FR","@id":"https:\/\/kapitalis.com\/tunisie\/#\/schema\/logo\/image\/","url":"https:\/\/kapitalis.com\/tunisie\/wp-content\/uploads\/2022\/05\/Kapitalis-big-size.png","contentUrl":"https:\/\/kapitalis.com\/tunisie\/wp-content\/uploads\/2022\/05\/Kapitalis-big-size.png","width":5000,"height":1500,"caption":"Kapitalis"},"image":{"@id":"https:\/\/kapitalis.com\/tunisie\/#\/schema\/logo\/image\/"},"sameAs":["https:\/\/www.facebook.com\/KapitalisInfo\/","https:\/\/x.com\/KapitalisInfo","https:\/\/www.youtube.com\/channel\/UC-yDYrHyfFBWWZaOw3FPg9Q"]},{"@type":"Person","@id":"https:\/\/kapitalis.com\/tunisie\/#\/schema\/person\/b35b8d631961131107263178aeb8019e","name":"Cherif Benyounes","url":"https:\/\/kapitalis.com\/tunisie\/author\/cherif\/"}]}},"_links":{"self":[{"href":"https:\/\/kapitalis.com\/tunisie\/wp-json\/wp\/v2\/posts\/324315","targetHints":{"allow":["GET"]}}],"collection":[{"href":"https:\/\/kapitalis.com\/tunisie\/wp-json\/wp\/v2\/posts"}],"about":[{"href":"https:\/\/kapitalis.com\/tunisie\/wp-json\/wp\/v2\/types\/post"}],"author":[{"embeddable":true,"href":"https:\/\/kapitalis.com\/tunisie\/wp-json\/wp\/v2\/users\/24"}],"replies":[{"embeddable":true,"href":"https:\/\/kapitalis.com\/tunisie\/wp-json\/wp\/v2\/comments?post=324315"}],"version-history":[{"count":0,"href":"https:\/\/kapitalis.com\/tunisie\/wp-json\/wp\/v2\/posts\/324315\/revisions"}],"wp:attachment":[{"href":"https:\/\/kapitalis.com\/tunisie\/wp-json\/wp\/v2\/media?parent=324315"}],"wp:term":[{"taxonomy":"category","embeddable":true,"href":"https:\/\/kapitalis.com\/tunisie\/wp-json\/wp\/v2\/categories?post=324315"},{"taxonomy":"post_tag","embeddable":true,"href":"https:\/\/kapitalis.com\/tunisie\/wp-json\/wp\/v2\/tags?post=324315"}],"curies":[{"name":"wp","href":"https:\/\/api.w.org\/{rel}","templated":true}]}}