{"id":324342,"date":"2020-11-13T00:05:33","date_gmt":"2020-11-12T23:05:33","guid":{"rendered":"http:\/\/kapitalis.com\/tunisie\/?p=324342"},"modified":"2020-11-13T08:11:02","modified_gmt":"2020-11-13T07:11:02","slug":"financements-des-elections-2019-le-parquet-ouvrira-une-enquete-des-reception-dune-notification-par-la-cour-des-comptes","status":"publish","type":"post","link":"https:\/\/kapitalis.com\/tunisie\/2020\/11\/13\/financements-des-elections-2019-le-parquet-ouvrira-une-enquete-des-reception-dune-notification-par-la-cour-des-comptes\/","title":{"rendered":"Financements des \u00e9lections 2019 : Le parquet ouvrira une enqu\u00eate d\u00e8s r\u00e9ception d&rsquo;une notification par la Cour des comptes"},"content":{"rendered":"\n<figure class=\"wp-block-image size-large\"><img decoding=\"async\" src=\"http:\/\/kapitalis.com\/tunisie\/wp-content\/uploads\/2019\/10\/elections-vote.jpg\" alt=\"\" class=\"wp-image-244186\"\/><\/figure>\n\n\n\n<p><em><strong>Mohsen Dali, porte-parole du Tribunal de premi\u00e8re instance de Tunis a affirm\u00e9, ce jeudi 12 novembre 2020, que les mesures n\u00e9cessaires seront prises concernant les d\u00e9passements relatifs aux financements \u00e9trangers des \u00e9lections l\u00e9gislatives et pr\u00e9sidentielle de 2019, d\u00e8s r\u00e9ception d&rsquo;une notification par la Cour des comptes.<\/strong><\/em><\/p>\n\n\n\n<!--more-->\n\n\n\n<p>Dans une d\u00e9claration \u00e0 l\u2019agence TAP, Mohsen Dali a pr\u00e9cis\u00e9 que la Cour des comptes doit adresser une notification au minist\u00e8re public de l\u2019ordre judiciaire, et ce en vertu des articles 15 et 24 de la loi portant cr\u00e9ation de la Cour des comptes : \u00ab<em>Or \u00e0 ce jour, le parquet n&rsquo;a rien re\u00e7u<\/em>\u00bb, a-t-il soutenu<\/p>\n\n\n\n<p>La m\u00eame source a \u00e9galement rappel\u00e9 que le minist\u00e8re public aupr\u00e8s du P\u00f4le judiciaire \u00e9conomique et financier s\u2019est saisi, depuis le 4 octobre 2019, de l\u2019affaire des contrats conclus par certains partis politiques et associations avec des agences d\u2019influence et de lobbying, tout en affirmant que des enqu\u00eates ont \u00e9t\u00e9 men\u00e9es avec des unit\u00e9s de recherches comp\u00e9tentes et que des correspondances ont notamment \u00e9t\u00e9 adress\u00e9es, \u00e0 ce propos, \u00e0 la Banque centrale de Tunisie (BCT) et \u00e0 la Douane tunisienne.<\/p>\n\n\n\n<p>\u00ab<em>Les rapports ont \u00e9t\u00e9 remis, le 28 octobre, au minist\u00e8re public aupr\u00e8s le P\u00f4le judiciaire \u00e9conomique et financier pour prendre les mesures n\u00e9cessaires<\/em>\u00bb, a-t-il encore affirm\u00e9.<\/p>\n\n\n\n<p>Rappelons que l\u2019Association des magistrats tunisiens (AMT), qui estime que ces d\u00e9passements portent atteinte \u00e0 la transparence du processus \u00e9lectoral, a appel\u00e9, ce jeudi, le minist\u00e8re et le p\u00f4le judiciaire \u00e9conomique et financier \u00e0 ouvrir une enqu\u00eate suite aux r\u00e9v\u00e9lations de la Cour des comptes.<\/p>\n\n\n\n<p class=\"has-text-align-right\"><strong>Y. N.<\/strong><\/p>\n\n\n\n<figure class=\"wp-block-embed-wordpress wp-block-embed is-type-wp-embed is-provider-kapitalis\"><div class=\"wp-block-embed__wrapper\">\n<blockquote class=\"wp-embedded-content\" data-secret=\"uVCMIGISgd\"><a href=\"https:\/\/kapitalis.com\/tunisie\/2020\/11\/11\/rapport-de-la-cour-des-comptes-le-silence-coupable-de-nabil-karoui\/\">Rapport de la Cour des comptes: Le silence coupable de Nabil Karoui<\/a><\/blockquote><iframe loading=\"lazy\" class=\"wp-embedded-content\" sandbox=\"allow-scripts\" security=\"restricted\" style=\"position: absolute; clip: rect(1px, 1px, 1px, 1px);\" title=\"\u00ab\u00a0Rapport de la Cour des comptes: Le silence coupable de Nabil Karoui\u00a0\u00bb &#8212; Kapitalis\" src=\"https:\/\/kapitalis.com\/tunisie\/2020\/11\/11\/rapport-de-la-cour-des-comptes-le-silence-coupable-de-nabil-karoui\/embed\/#?secret=sVqBduFkQt#?secret=uVCMIGISgd\" data-secret=\"uVCMIGISgd\" width=\"600\" height=\"338\" frameborder=\"0\" marginwidth=\"0\" marginheight=\"0\" scrolling=\"no\"><\/iframe>\n<\/div><\/figure>\n\n\n\n<figure class=\"wp-block-embed-wordpress wp-block-embed is-type-wp-embed is-provider-kapitalis\"><div class=\"wp-block-embed__wrapper\">\n<blockquote class=\"wp-embedded-content\" data-secret=\"kLgZveHDvn\"><a href=\"https:\/\/kapitalis.com\/tunisie\/2020\/11\/06\/nabil-karoui-risque-5-ans-de-prison-pour-financement-etranger-de-sa-campagne-electorale\/\">Nabil Karoui risque 5 ans de prison pour financement \u00e9tranger de sa campagne \u00e9lectorale<\/a><\/blockquote><iframe loading=\"lazy\" class=\"wp-embedded-content\" sandbox=\"allow-scripts\" security=\"restricted\" style=\"position: absolute; clip: rect(1px, 1px, 1px, 1px);\" title=\"\u00ab\u00a0Nabil Karoui risque 5 ans de prison pour financement \u00e9tranger de sa campagne \u00e9lectorale\u00a0\u00bb &#8212; Kapitalis\" src=\"https:\/\/kapitalis.com\/tunisie\/2020\/11\/06\/nabil-karoui-risque-5-ans-de-prison-pour-financement-etranger-de-sa-campagne-electorale\/embed\/#?secret=yJpa7sn2fi#?secret=kLgZveHDvn\" data-secret=\"kLgZveHDvn\" width=\"600\" height=\"338\" frameborder=\"0\" marginwidth=\"0\" marginheight=\"0\" scrolling=\"no\"><\/iframe>\n<\/div><\/figure>\n\n\n\n<figure class=\"wp-block-embed-wordpress wp-block-embed is-type-wp-embed is-provider-kapitalis\"><div class=\"wp-block-embed__wrapper\">\n<blockquote class=\"wp-embedded-content\" data-secret=\"OCU7uRuU0R\"><a href=\"https:\/\/kapitalis.com\/tunisie\/2019\/10\/10\/ari-ben-menashe-karoui-favorable-a-une-alliance-avec-ennahdha-pour-acceder-au-pouvoir\/\">Ari Ben Menashe : Karoui favorable \u00e0 une alliance avec Ennahdha pour acc\u00e9der au pouvoir<\/a><\/blockquote><iframe loading=\"lazy\" class=\"wp-embedded-content\" sandbox=\"allow-scripts\" security=\"restricted\" style=\"position: absolute; clip: rect(1px, 1px, 1px, 1px);\" title=\"\u00ab\u00a0Ari Ben Menashe : Karoui favorable \u00e0 une alliance avec Ennahdha pour acc\u00e9der au pouvoir\u00a0\u00bb &#8212; Kapitalis\" src=\"https:\/\/kapitalis.com\/tunisie\/2019\/10\/10\/ari-ben-menashe-karoui-favorable-a-une-alliance-avec-ennahdha-pour-acceder-au-pouvoir\/embed\/#?secret=HYE27RpWdf#?secret=OCU7uRuU0R\" data-secret=\"OCU7uRuU0R\" width=\"600\" height=\"338\" frameborder=\"0\" marginwidth=\"0\" marginheight=\"0\" scrolling=\"no\"><\/iframe>\n<\/div><\/figure>\n","protected":false},"excerpt":{"rendered":"<p>Mohsen Dali, porte-parole du Tribunal de premi\u00e8re instance de Tunis a affirm\u00e9, ce jeudi 12 novembre 2020, que les mesures n\u00e9cessaires seront prises concernant les d\u00e9passements relatifs aux financements \u00e9trangers des \u00e9lections l\u00e9gislatives et pr\u00e9sidentielle de 2019, d\u00e8s r\u00e9ception d&rsquo;une notification par la Cour des comptes.<\/p>\n","protected":false},"author":6,"featured_media":0,"comment_status":"open","ping_status":"open","sticky":false,"template":"","format":"standard","meta":{"footnotes":""},"categories":[997,2433],"tags":[2330,46542,325,84745,83841,9053],"class_list":["post-324342","post","type-post","status-publish","format-standard","hentry","category-politique","category-tunisie","tag-cour-des-comptes","tag-elections-2019","tag-enquete","tag-financements-etrangers","tag-lobbies","tag-parquet"],"yoast_head":"<!-- This site is optimized with the Yoast SEO plugin v26.6 - https:\/\/yoast.com\/wordpress\/plugins\/seo\/ -->\n<title>Financements des \u00e9lections 2019 : Le parquet ouvrira une enqu\u00eate d\u00e8s r\u00e9ception d&#039;une notification par la Cour des comptes - Kapitalis<\/title>\n<meta name=\"robots\" content=\"index, follow, max-snippet:-1, max-image-preview:large, max-video-preview:-1\" \/>\n<link rel=\"canonical\" href=\"https:\/\/kapitalis.com\/tunisie\/2020\/11\/13\/financements-des-elections-2019-le-parquet-ouvrira-une-enquete-des-reception-dune-notification-par-la-cour-des-comptes\/\" \/>\n<meta property=\"og:locale\" content=\"fr_FR\" \/>\n<meta property=\"og:type\" content=\"article\" \/>\n<meta property=\"og:title\" content=\"Financements des \u00e9lections 2019 : Le parquet ouvrira une enqu\u00eate d\u00e8s r\u00e9ception d&#039;une notification par la Cour des comptes - Kapitalis\" \/>\n<meta property=\"og:description\" content=\"Mohsen Dali, porte-parole du Tribunal de premi\u00e8re instance de Tunis a affirm\u00e9, ce jeudi 12 novembre 2020, que les mesures n\u00e9cessaires seront prises concernant les d\u00e9passements relatifs aux financements \u00e9trangers des \u00e9lections l\u00e9gislatives et pr\u00e9sidentielle de 2019, d\u00e8s r\u00e9ception d&rsquo;une notification par la Cour des comptes.\" \/>\n<meta property=\"og:url\" content=\"https:\/\/kapitalis.com\/tunisie\/2020\/11\/13\/financements-des-elections-2019-le-parquet-ouvrira-une-enquete-des-reception-dune-notification-par-la-cour-des-comptes\/\" \/>\n<meta property=\"og:site_name\" content=\"Kapitalis\" \/>\n<meta property=\"article:publisher\" content=\"https:\/\/www.facebook.com\/KapitalisInfo\/\" \/>\n<meta property=\"article:published_time\" content=\"2020-11-12T23:05:33+00:00\" \/>\n<meta property=\"article:modified_time\" content=\"2020-11-13T07:11:02+00:00\" \/>\n<meta property=\"og:image\" content=\"http:\/\/kapitalis.com\/tunisie\/wp-content\/uploads\/2019\/10\/elections-vote.jpg\" \/>\n<meta name=\"author\" content=\"Yusra NY\" \/>\n<meta name=\"twitter:card\" content=\"summary_large_image\" \/>\n<meta name=\"twitter:creator\" content=\"@KapitalisInfo\" \/>\n<meta name=\"twitter:site\" content=\"@KapitalisInfo\" \/>\n<meta name=\"twitter:label1\" content=\"\u00c9crit par\" \/>\n\t<meta name=\"twitter:data1\" content=\"Yusra NY\" \/>\n\t<meta name=\"twitter:label2\" content=\"Dur\u00e9e de lecture estim\u00e9e\" \/>\n\t<meta name=\"twitter:data2\" content=\"1 minute\" \/>\n<script type=\"application\/ld+json\" class=\"yoast-schema-graph\">{\"@context\":\"https:\/\/schema.org\",\"@graph\":[{\"@type\":\"Article\",\"@id\":\"https:\/\/kapitalis.com\/tunisie\/2020\/11\/13\/financements-des-elections-2019-le-parquet-ouvrira-une-enquete-des-reception-dune-notification-par-la-cour-des-comptes\/#article\",\"isPartOf\":{\"@id\":\"https:\/\/kapitalis.com\/tunisie\/2020\/11\/13\/financements-des-elections-2019-le-parquet-ouvrira-une-enquete-des-reception-dune-notification-par-la-cour-des-comptes\/\"},\"author\":{\"name\":\"Yusra NY\",\"@id\":\"https:\/\/kapitalis.com\/tunisie\/#\/schema\/person\/74bbde0154d49d790a92aaeac5bc01d5\"},\"headline\":\"Financements des \u00e9lections 2019 : Le parquet ouvrira une enqu\u00eate d\u00e8s r\u00e9ception d&rsquo;une notification par la Cour des comptes\",\"datePublished\":\"2020-11-12T23:05:33+00:00\",\"dateModified\":\"2020-11-13T07:11:02+00:00\",\"mainEntityOfPage\":{\"@id\":\"https:\/\/kapitalis.com\/tunisie\/2020\/11\/13\/financements-des-elections-2019-le-parquet-ouvrira-une-enquete-des-reception-dune-notification-par-la-cour-des-comptes\/\"},\"wordCount\":312,\"commentCount\":0,\"publisher\":{\"@id\":\"https:\/\/kapitalis.com\/tunisie\/#organization\"},\"image\":{\"@id\":\"https:\/\/kapitalis.com\/tunisie\/2020\/11\/13\/financements-des-elections-2019-le-parquet-ouvrira-une-enquete-des-reception-dune-notification-par-la-cour-des-comptes\/#primaryimage\"},\"thumbnailUrl\":\"http:\/\/kapitalis.com\/tunisie\/wp-content\/uploads\/2019\/10\/elections-vote.jpg\",\"keywords\":[\"Cour des comptes\",\"\u00e9lections 2019\",\"enqu\u00eate\",\"Financements \u00e9trangers\",\"lobbies\",\"parquet\"],\"articleSection\":[\"POLITIQUE\",\"Tunisie\"],\"inLanguage\":\"fr-FR\",\"potentialAction\":[{\"@type\":\"CommentAction\",\"name\":\"Comment\",\"target\":[\"https:\/\/kapitalis.com\/tunisie\/2020\/11\/13\/financements-des-elections-2019-le-parquet-ouvrira-une-enquete-des-reception-dune-notification-par-la-cour-des-comptes\/#respond\"]}]},{\"@type\":\"WebPage\",\"@id\":\"https:\/\/kapitalis.com\/tunisie\/2020\/11\/13\/financements-des-elections-2019-le-parquet-ouvrira-une-enquete-des-reception-dune-notification-par-la-cour-des-comptes\/\",\"url\":\"https:\/\/kapitalis.com\/tunisie\/2020\/11\/13\/financements-des-elections-2019-le-parquet-ouvrira-une-enquete-des-reception-dune-notification-par-la-cour-des-comptes\/\",\"name\":\"Financements des \u00e9lections 2019 : Le parquet ouvrira une enqu\u00eate d\u00e8s r\u00e9ception d'une notification par la Cour des comptes - Kapitalis\",\"isPartOf\":{\"@id\":\"https:\/\/kapitalis.com\/tunisie\/#website\"},\"primaryImageOfPage\":{\"@id\":\"https:\/\/kapitalis.com\/tunisie\/2020\/11\/13\/financements-des-elections-2019-le-parquet-ouvrira-une-enquete-des-reception-dune-notification-par-la-cour-des-comptes\/#primaryimage\"},\"image\":{\"@id\":\"https:\/\/kapitalis.com\/tunisie\/2020\/11\/13\/financements-des-elections-2019-le-parquet-ouvrira-une-enquete-des-reception-dune-notification-par-la-cour-des-comptes\/#primaryimage\"},\"thumbnailUrl\":\"http:\/\/kapitalis.com\/tunisie\/wp-content\/uploads\/2019\/10\/elections-vote.jpg\",\"datePublished\":\"2020-11-12T23:05:33+00:00\",\"dateModified\":\"2020-11-13T07:11:02+00:00\",\"breadcrumb\":{\"@id\":\"https:\/\/kapitalis.com\/tunisie\/2020\/11\/13\/financements-des-elections-2019-le-parquet-ouvrira-une-enquete-des-reception-dune-notification-par-la-cour-des-comptes\/#breadcrumb\"},\"inLanguage\":\"fr-FR\",\"potentialAction\":[{\"@type\":\"ReadAction\",\"target\":[\"https:\/\/kapitalis.com\/tunisie\/2020\/11\/13\/financements-des-elections-2019-le-parquet-ouvrira-une-enquete-des-reception-dune-notification-par-la-cour-des-comptes\/\"]}]},{\"@type\":\"ImageObject\",\"inLanguage\":\"fr-FR\",\"@id\":\"https:\/\/kapitalis.com\/tunisie\/2020\/11\/13\/financements-des-elections-2019-le-parquet-ouvrira-une-enquete-des-reception-dune-notification-par-la-cour-des-comptes\/#primaryimage\",\"url\":\"\",\"contentUrl\":\"\"},{\"@type\":\"BreadcrumbList\",\"@id\":\"https:\/\/kapitalis.com\/tunisie\/2020\/11\/13\/financements-des-elections-2019-le-parquet-ouvrira-une-enquete-des-reception-dune-notification-par-la-cour-des-comptes\/#breadcrumb\",\"itemListElement\":[{\"@type\":\"ListItem\",\"position\":1,\"name\":\"Accueil\",\"item\":\"https:\/\/kapitalis.com\/tunisie\/\"},{\"@type\":\"ListItem\",\"position\":2,\"name\":\"Financements des \u00e9lections 2019 : Le parquet ouvrira une enqu\u00eate d\u00e8s r\u00e9ception d&rsquo;une notification par la Cour des comptes\"}]},{\"@type\":\"WebSite\",\"@id\":\"https:\/\/kapitalis.com\/tunisie\/#website\",\"url\":\"https:\/\/kapitalis.com\/tunisie\/\",\"name\":\"Kapitalis\",\"description\":\"L&#039;actualit\u00e9 en Tunisie et dans le monde\",\"publisher\":{\"@id\":\"https:\/\/kapitalis.com\/tunisie\/#organization\"},\"potentialAction\":[{\"@type\":\"SearchAction\",\"target\":{\"@type\":\"EntryPoint\",\"urlTemplate\":\"https:\/\/kapitalis.com\/tunisie\/?s={search_term_string}\"},\"query-input\":{\"@type\":\"PropertyValueSpecification\",\"valueRequired\":true,\"valueName\":\"search_term_string\"}}],\"inLanguage\":\"fr-FR\"},{\"@type\":\"Organization\",\"@id\":\"https:\/\/kapitalis.com\/tunisie\/#organization\",\"name\":\"Kapitalis\",\"url\":\"https:\/\/kapitalis.com\/tunisie\/\",\"logo\":{\"@type\":\"ImageObject\",\"inLanguage\":\"fr-FR\",\"@id\":\"https:\/\/kapitalis.com\/tunisie\/#\/schema\/logo\/image\/\",\"url\":\"https:\/\/kapitalis.com\/tunisie\/wp-content\/uploads\/2022\/05\/Kapitalis-big-size.png\",\"contentUrl\":\"https:\/\/kapitalis.com\/tunisie\/wp-content\/uploads\/2022\/05\/Kapitalis-big-size.png\",\"width\":5000,\"height\":1500,\"caption\":\"Kapitalis\"},\"image\":{\"@id\":\"https:\/\/kapitalis.com\/tunisie\/#\/schema\/logo\/image\/\"},\"sameAs\":[\"https:\/\/www.facebook.com\/KapitalisInfo\/\",\"https:\/\/x.com\/KapitalisInfo\",\"https:\/\/www.youtube.com\/channel\/UC-yDYrHyfFBWWZaOw3FPg9Q\"]},{\"@type\":\"Person\",\"@id\":\"https:\/\/kapitalis.com\/tunisie\/#\/schema\/person\/74bbde0154d49d790a92aaeac5bc01d5\",\"name\":\"Yusra NY\",\"url\":\"https:\/\/kapitalis.com\/tunisie\/author\/yuza_adam\/\"}]}<\/script>\n<!-- \/ Yoast SEO plugin. -->","yoast_head_json":{"title":"Financements des \u00e9lections 2019 : Le parquet ouvrira une enqu\u00eate d\u00e8s r\u00e9ception d'une notification par la Cour des comptes - Kapitalis","robots":{"index":"index","follow":"follow","max-snippet":"max-snippet:-1","max-image-preview":"max-image-preview:large","max-video-preview":"max-video-preview:-1"},"canonical":"https:\/\/kapitalis.com\/tunisie\/2020\/11\/13\/financements-des-elections-2019-le-parquet-ouvrira-une-enquete-des-reception-dune-notification-par-la-cour-des-comptes\/","og_locale":"fr_FR","og_type":"article","og_title":"Financements des \u00e9lections 2019 : Le parquet ouvrira une enqu\u00eate d\u00e8s r\u00e9ception d'une notification par la Cour des comptes - Kapitalis","og_description":"Mohsen Dali, porte-parole du Tribunal de premi\u00e8re instance de Tunis a affirm\u00e9, ce jeudi 12 novembre 2020, que les mesures n\u00e9cessaires seront prises concernant les d\u00e9passements relatifs aux financements \u00e9trangers des \u00e9lections l\u00e9gislatives et pr\u00e9sidentielle de 2019, d\u00e8s r\u00e9ception d&rsquo;une notification par la Cour des comptes.","og_url":"https:\/\/kapitalis.com\/tunisie\/2020\/11\/13\/financements-des-elections-2019-le-parquet-ouvrira-une-enquete-des-reception-dune-notification-par-la-cour-des-comptes\/","og_site_name":"Kapitalis","article_publisher":"https:\/\/www.facebook.com\/KapitalisInfo\/","article_published_time":"2020-11-12T23:05:33+00:00","article_modified_time":"2020-11-13T07:11:02+00:00","og_image":[{"url":"http:\/\/kapitalis.com\/tunisie\/wp-content\/uploads\/2019\/10\/elections-vote.jpg","type":"","width":"","height":""}],"author":"Yusra NY","twitter_card":"summary_large_image","twitter_creator":"@KapitalisInfo","twitter_site":"@KapitalisInfo","twitter_misc":{"\u00c9crit par":"Yusra NY","Dur\u00e9e de lecture estim\u00e9e":"1 minute"},"schema":{"@context":"https:\/\/schema.org","@graph":[{"@type":"Article","@id":"https:\/\/kapitalis.com\/tunisie\/2020\/11\/13\/financements-des-elections-2019-le-parquet-ouvrira-une-enquete-des-reception-dune-notification-par-la-cour-des-comptes\/#article","isPartOf":{"@id":"https:\/\/kapitalis.com\/tunisie\/2020\/11\/13\/financements-des-elections-2019-le-parquet-ouvrira-une-enquete-des-reception-dune-notification-par-la-cour-des-comptes\/"},"author":{"name":"Yusra NY","@id":"https:\/\/kapitalis.com\/tunisie\/#\/schema\/person\/74bbde0154d49d790a92aaeac5bc01d5"},"headline":"Financements des \u00e9lections 2019 : Le parquet ouvrira une enqu\u00eate d\u00e8s r\u00e9ception d&rsquo;une notification par la Cour des comptes","datePublished":"2020-11-12T23:05:33+00:00","dateModified":"2020-11-13T07:11:02+00:00","mainEntityOfPage":{"@id":"https:\/\/kapitalis.com\/tunisie\/2020\/11\/13\/financements-des-elections-2019-le-parquet-ouvrira-une-enquete-des-reception-dune-notification-par-la-cour-des-comptes\/"},"wordCount":312,"commentCount":0,"publisher":{"@id":"https:\/\/kapitalis.com\/tunisie\/#organization"},"image":{"@id":"https:\/\/kapitalis.com\/tunisie\/2020\/11\/13\/financements-des-elections-2019-le-parquet-ouvrira-une-enquete-des-reception-dune-notification-par-la-cour-des-comptes\/#primaryimage"},"thumbnailUrl":"http:\/\/kapitalis.com\/tunisie\/wp-content\/uploads\/2019\/10\/elections-vote.jpg","keywords":["Cour des comptes","\u00e9lections 2019","enqu\u00eate","Financements \u00e9trangers","lobbies","parquet"],"articleSection":["POLITIQUE","Tunisie"],"inLanguage":"fr-FR","potentialAction":[{"@type":"CommentAction","name":"Comment","target":["https:\/\/kapitalis.com\/tunisie\/2020\/11\/13\/financements-des-elections-2019-le-parquet-ouvrira-une-enquete-des-reception-dune-notification-par-la-cour-des-comptes\/#respond"]}]},{"@type":"WebPage","@id":"https:\/\/kapitalis.com\/tunisie\/2020\/11\/13\/financements-des-elections-2019-le-parquet-ouvrira-une-enquete-des-reception-dune-notification-par-la-cour-des-comptes\/","url":"https:\/\/kapitalis.com\/tunisie\/2020\/11\/13\/financements-des-elections-2019-le-parquet-ouvrira-une-enquete-des-reception-dune-notification-par-la-cour-des-comptes\/","name":"Financements des \u00e9lections 2019 : Le parquet ouvrira une enqu\u00eate d\u00e8s r\u00e9ception d'une notification par la Cour des comptes - Kapitalis","isPartOf":{"@id":"https:\/\/kapitalis.com\/tunisie\/#website"},"primaryImageOfPage":{"@id":"https:\/\/kapitalis.com\/tunisie\/2020\/11\/13\/financements-des-elections-2019-le-parquet-ouvrira-une-enquete-des-reception-dune-notification-par-la-cour-des-comptes\/#primaryimage"},"image":{"@id":"https:\/\/kapitalis.com\/tunisie\/2020\/11\/13\/financements-des-elections-2019-le-parquet-ouvrira-une-enquete-des-reception-dune-notification-par-la-cour-des-comptes\/#primaryimage"},"thumbnailUrl":"http:\/\/kapitalis.com\/tunisie\/wp-content\/uploads\/2019\/10\/elections-vote.jpg","datePublished":"2020-11-12T23:05:33+00:00","dateModified":"2020-11-13T07:11:02+00:00","breadcrumb":{"@id":"https:\/\/kapitalis.com\/tunisie\/2020\/11\/13\/financements-des-elections-2019-le-parquet-ouvrira-une-enquete-des-reception-dune-notification-par-la-cour-des-comptes\/#breadcrumb"},"inLanguage":"fr-FR","potentialAction":[{"@type":"ReadAction","target":["https:\/\/kapitalis.com\/tunisie\/2020\/11\/13\/financements-des-elections-2019-le-parquet-ouvrira-une-enquete-des-reception-dune-notification-par-la-cour-des-comptes\/"]}]},{"@type":"ImageObject","inLanguage":"fr-FR","@id":"https:\/\/kapitalis.com\/tunisie\/2020\/11\/13\/financements-des-elections-2019-le-parquet-ouvrira-une-enquete-des-reception-dune-notification-par-la-cour-des-comptes\/#primaryimage","url":"","contentUrl":""},{"@type":"BreadcrumbList","@id":"https:\/\/kapitalis.com\/tunisie\/2020\/11\/13\/financements-des-elections-2019-le-parquet-ouvrira-une-enquete-des-reception-dune-notification-par-la-cour-des-comptes\/#breadcrumb","itemListElement":[{"@type":"ListItem","position":1,"name":"Accueil","item":"https:\/\/kapitalis.com\/tunisie\/"},{"@type":"ListItem","position":2,"name":"Financements des \u00e9lections 2019 : Le parquet ouvrira une enqu\u00eate d\u00e8s r\u00e9ception d&rsquo;une notification par la Cour des comptes"}]},{"@type":"WebSite","@id":"https:\/\/kapitalis.com\/tunisie\/#website","url":"https:\/\/kapitalis.com\/tunisie\/","name":"Kapitalis","description":"L&#039;actualit\u00e9 en Tunisie et dans le monde","publisher":{"@id":"https:\/\/kapitalis.com\/tunisie\/#organization"},"potentialAction":[{"@type":"SearchAction","target":{"@type":"EntryPoint","urlTemplate":"https:\/\/kapitalis.com\/tunisie\/?s={search_term_string}"},"query-input":{"@type":"PropertyValueSpecification","valueRequired":true,"valueName":"search_term_string"}}],"inLanguage":"fr-FR"},{"@type":"Organization","@id":"https:\/\/kapitalis.com\/tunisie\/#organization","name":"Kapitalis","url":"https:\/\/kapitalis.com\/tunisie\/","logo":{"@type":"ImageObject","inLanguage":"fr-FR","@id":"https:\/\/kapitalis.com\/tunisie\/#\/schema\/logo\/image\/","url":"https:\/\/kapitalis.com\/tunisie\/wp-content\/uploads\/2022\/05\/Kapitalis-big-size.png","contentUrl":"https:\/\/kapitalis.com\/tunisie\/wp-content\/uploads\/2022\/05\/Kapitalis-big-size.png","width":5000,"height":1500,"caption":"Kapitalis"},"image":{"@id":"https:\/\/kapitalis.com\/tunisie\/#\/schema\/logo\/image\/"},"sameAs":["https:\/\/www.facebook.com\/KapitalisInfo\/","https:\/\/x.com\/KapitalisInfo","https:\/\/www.youtube.com\/channel\/UC-yDYrHyfFBWWZaOw3FPg9Q"]},{"@type":"Person","@id":"https:\/\/kapitalis.com\/tunisie\/#\/schema\/person\/74bbde0154d49d790a92aaeac5bc01d5","name":"Yusra NY","url":"https:\/\/kapitalis.com\/tunisie\/author\/yuza_adam\/"}]}},"_links":{"self":[{"href":"https:\/\/kapitalis.com\/tunisie\/wp-json\/wp\/v2\/posts\/324342","targetHints":{"allow":["GET"]}}],"collection":[{"href":"https:\/\/kapitalis.com\/tunisie\/wp-json\/wp\/v2\/posts"}],"about":[{"href":"https:\/\/kapitalis.com\/tunisie\/wp-json\/wp\/v2\/types\/post"}],"author":[{"embeddable":true,"href":"https:\/\/kapitalis.com\/tunisie\/wp-json\/wp\/v2\/users\/6"}],"replies":[{"embeddable":true,"href":"https:\/\/kapitalis.com\/tunisie\/wp-json\/wp\/v2\/comments?post=324342"}],"version-history":[{"count":0,"href":"https:\/\/kapitalis.com\/tunisie\/wp-json\/wp\/v2\/posts\/324342\/revisions"}],"wp:attachment":[{"href":"https:\/\/kapitalis.com\/tunisie\/wp-json\/wp\/v2\/media?parent=324342"}],"wp:term":[{"taxonomy":"category","embeddable":true,"href":"https:\/\/kapitalis.com\/tunisie\/wp-json\/wp\/v2\/categories?post=324342"},{"taxonomy":"post_tag","embeddable":true,"href":"https:\/\/kapitalis.com\/tunisie\/wp-json\/wp\/v2\/tags?post=324342"}],"curies":[{"name":"wp","href":"https:\/\/api.w.org\/{rel}","templated":true}]}}