{"id":324390,"date":"2020-11-13T11:27:36","date_gmt":"2020-11-13T10:27:36","guid":{"rendered":"http:\/\/kapitalis.com\/tunisie\/?p=324390"},"modified":"2020-11-13T11:27:40","modified_gmt":"2020-11-13T10:27:40","slug":"la-bm-prete-a-financer-linterconnexion-electrique-entre-la-tunisie-et-litalie","status":"publish","type":"post","link":"https:\/\/kapitalis.com\/tunisie\/2020\/11\/13\/la-bm-prete-a-financer-linterconnexion-electrique-entre-la-tunisie-et-litalie\/","title":{"rendered":"La BM pr\u00eate \u00e0 financer l\u2019interconnexion \u00e9lectrique entre la Tunisie et l\u2019Italie"},"content":{"rendered":"\n<figure class=\"wp-block-image size-large\"><img decoding=\"async\" src=\"http:\/\/kapitalis.com\/tunisie\/wp-content\/uploads\/2019\/05\/Conexion-electrique-Tunisie-Italie.jpg\" alt=\"\" class=\"wp-image-210996\"\/><\/figure>\n\n\n\n<p><strong><em>Apr\u00e8s avoir allou\u00e9, en 2018, une enveloppe de 12,5 millions de dollars US (pr\u00e8s de 35 millions de dinars tunisiens, MDT) sous forme de don aux \u00e9tudes de faisabilit\u00e9 du projet d\u2019interconnexion \u00e9lectrique entre la Tunisie et l\u2019Italie, la Banque mondiale (BM) s\u2019est dit dispos\u00e9e \u00e0 en financer \u00e9galement les travaux qui dureront 4 ans et dont le co\u00fbt est estim\u00e9 \u00e0 environ 600 millions de dollars US (1 650 MDT).<\/em><\/strong><\/p>\n\n\n\n<!--more-->\n\n\n\n<p>Gr\u00e2ce \u00e0 cette interconnexion, la Tunisie entend \u00e9changer 600 MW d\u2019\u00e9nergie avec l\u2019Italie d\u2019ici \u00e0 2025.<\/p>\n\n\n\n<p>Outre la BM, la Tunisie m\u00e8ne aussi des d\u00e9marches pour obtenir l\u2019appui financier de l\u2019Union europ\u00e9enne sur ce projet, qui devrait renforcer l\u2019interconnexion \u00e9lectrique entre l\u2019Afrique du Nord et l\u2019Europe du Sud.<\/p>\n\n\n\n<p class=\"has-text-align-right\"><strong>I. B.<\/strong><\/p>\n","protected":false},"excerpt":{"rendered":"<p>Apr\u00e8s avoir allou\u00e9, en 2018, une enveloppe de 12,5 millions de dollars US (pr\u00e8s de 35 millions de dinars tunisiens, MDT) sous forme de don aux \u00e9tudes de faisabilit\u00e9 du projet d\u2019interconnexion \u00e9lectrique entre la Tunisie et l\u2019Italie, la Banque mondiale (BM) s\u2019est dit dispos\u00e9e \u00e0 en financer \u00e9galement les travaux qui dureront 4 ans&#8230;<\/p>\n","protected":false},"author":8,"featured_media":0,"comment_status":"open","ping_status":"open","sticky":false,"template":"","format":"standard","meta":{"footnotes":""},"categories":[995,2433],"tags":[130,84754,505,62643],"class_list":["post-324390","post","type-post","status-publish","format-standard","hentry","category-economie","category-tunisie","tag-banque-mondiale","tag-interconnexion-electrique","tag-italie","tag-tunisie"],"yoast_head":"<!-- This site is optimized with the Yoast SEO plugin v26.6 - https:\/\/yoast.com\/wordpress\/plugins\/seo\/ -->\n<title>La BM pr\u00eate \u00e0 financer l\u2019interconnexion \u00e9lectrique entre la Tunisie et l\u2019Italie - Kapitalis<\/title>\n<meta name=\"robots\" content=\"index, follow, max-snippet:-1, max-image-preview:large, max-video-preview:-1\" \/>\n<link rel=\"canonical\" href=\"https:\/\/kapitalis.com\/tunisie\/2020\/11\/13\/la-bm-prete-a-financer-linterconnexion-electrique-entre-la-tunisie-et-litalie\/\" \/>\n<meta property=\"og:locale\" content=\"fr_FR\" \/>\n<meta property=\"og:type\" content=\"article\" \/>\n<meta property=\"og:title\" content=\"La BM pr\u00eate \u00e0 financer l\u2019interconnexion \u00e9lectrique entre la Tunisie et l\u2019Italie - Kapitalis\" \/>\n<meta property=\"og:description\" content=\"Apr\u00e8s avoir allou\u00e9, en 2018, une enveloppe de 12,5 millions de dollars US (pr\u00e8s de 35 millions de dinars tunisiens, MDT) sous forme de don aux \u00e9tudes de faisabilit\u00e9 du projet d\u2019interconnexion \u00e9lectrique entre la Tunisie et l\u2019Italie, la Banque mondiale (BM) s\u2019est dit dispos\u00e9e \u00e0 en financer \u00e9galement les travaux qui dureront 4 ans...\" \/>\n<meta property=\"og:url\" content=\"https:\/\/kapitalis.com\/tunisie\/2020\/11\/13\/la-bm-prete-a-financer-linterconnexion-electrique-entre-la-tunisie-et-litalie\/\" \/>\n<meta property=\"og:site_name\" content=\"Kapitalis\" \/>\n<meta property=\"article:publisher\" content=\"https:\/\/www.facebook.com\/KapitalisInfo\/\" \/>\n<meta property=\"article:published_time\" content=\"2020-11-13T10:27:36+00:00\" \/>\n<meta property=\"article:modified_time\" content=\"2020-11-13T10:27:40+00:00\" \/>\n<meta property=\"og:image\" content=\"http:\/\/kapitalis.com\/tunisie\/wp-content\/uploads\/2019\/05\/Conexion-electrique-Tunisie-Italie.jpg\" \/>\n<meta name=\"author\" content=\"webmaster kapitalis\" \/>\n<meta name=\"twitter:card\" content=\"summary_large_image\" \/>\n<meta name=\"twitter:creator\" content=\"@KapitalisInfo\" \/>\n<meta name=\"twitter:site\" content=\"@KapitalisInfo\" \/>\n<meta name=\"twitter:label1\" content=\"\u00c9crit par\" \/>\n\t<meta name=\"twitter:data1\" content=\"webmaster kapitalis\" \/>\n\t<meta name=\"twitter:label2\" content=\"Dur\u00e9e de lecture estim\u00e9e\" \/>\n\t<meta name=\"twitter:data2\" content=\"1 minute\" \/>\n<script type=\"application\/ld+json\" class=\"yoast-schema-graph\">{\"@context\":\"https:\/\/schema.org\",\"@graph\":[{\"@type\":\"Article\",\"@id\":\"https:\/\/kapitalis.com\/tunisie\/2020\/11\/13\/la-bm-prete-a-financer-linterconnexion-electrique-entre-la-tunisie-et-litalie\/#article\",\"isPartOf\":{\"@id\":\"https:\/\/kapitalis.com\/tunisie\/2020\/11\/13\/la-bm-prete-a-financer-linterconnexion-electrique-entre-la-tunisie-et-litalie\/\"},\"author\":{\"name\":\"webmaster kapitalis\",\"@id\":\"https:\/\/kapitalis.com\/tunisie\/#\/schema\/person\/d71f33a9ca44f7bad4698210b480c8e9\"},\"headline\":\"La BM pr\u00eate \u00e0 financer l\u2019interconnexion \u00e9lectrique entre la Tunisie et l\u2019Italie\",\"datePublished\":\"2020-11-13T10:27:36+00:00\",\"dateModified\":\"2020-11-13T10:27:40+00:00\",\"mainEntityOfPage\":{\"@id\":\"https:\/\/kapitalis.com\/tunisie\/2020\/11\/13\/la-bm-prete-a-financer-linterconnexion-electrique-entre-la-tunisie-et-litalie\/\"},\"wordCount\":141,\"commentCount\":2,\"publisher\":{\"@id\":\"https:\/\/kapitalis.com\/tunisie\/#organization\"},\"image\":{\"@id\":\"https:\/\/kapitalis.com\/tunisie\/2020\/11\/13\/la-bm-prete-a-financer-linterconnexion-electrique-entre-la-tunisie-et-litalie\/#primaryimage\"},\"thumbnailUrl\":\"http:\/\/kapitalis.com\/tunisie\/wp-content\/uploads\/2019\/05\/Conexion-electrique-Tunisie-Italie.jpg\",\"keywords\":[\"Banque Mondiale\",\"interconnexion \u00e9lectrique\",\"Italie\",\"Tunisie\"],\"articleSection\":[\"ECONOMIE\",\"Tunisie\"],\"inLanguage\":\"fr-FR\",\"potentialAction\":[{\"@type\":\"CommentAction\",\"name\":\"Comment\",\"target\":[\"https:\/\/kapitalis.com\/tunisie\/2020\/11\/13\/la-bm-prete-a-financer-linterconnexion-electrique-entre-la-tunisie-et-litalie\/#respond\"]}]},{\"@type\":\"WebPage\",\"@id\":\"https:\/\/kapitalis.com\/tunisie\/2020\/11\/13\/la-bm-prete-a-financer-linterconnexion-electrique-entre-la-tunisie-et-litalie\/\",\"url\":\"https:\/\/kapitalis.com\/tunisie\/2020\/11\/13\/la-bm-prete-a-financer-linterconnexion-electrique-entre-la-tunisie-et-litalie\/\",\"name\":\"La BM pr\u00eate \u00e0 financer l\u2019interconnexion \u00e9lectrique entre la Tunisie et l\u2019Italie - Kapitalis\",\"isPartOf\":{\"@id\":\"https:\/\/kapitalis.com\/tunisie\/#website\"},\"primaryImageOfPage\":{\"@id\":\"https:\/\/kapitalis.com\/tunisie\/2020\/11\/13\/la-bm-prete-a-financer-linterconnexion-electrique-entre-la-tunisie-et-litalie\/#primaryimage\"},\"image\":{\"@id\":\"https:\/\/kapitalis.com\/tunisie\/2020\/11\/13\/la-bm-prete-a-financer-linterconnexion-electrique-entre-la-tunisie-et-litalie\/#primaryimage\"},\"thumbnailUrl\":\"http:\/\/kapitalis.com\/tunisie\/wp-content\/uploads\/2019\/05\/Conexion-electrique-Tunisie-Italie.jpg\",\"datePublished\":\"2020-11-13T10:27:36+00:00\",\"dateModified\":\"2020-11-13T10:27:40+00:00\",\"breadcrumb\":{\"@id\":\"https:\/\/kapitalis.com\/tunisie\/2020\/11\/13\/la-bm-prete-a-financer-linterconnexion-electrique-entre-la-tunisie-et-litalie\/#breadcrumb\"},\"inLanguage\":\"fr-FR\",\"potentialAction\":[{\"@type\":\"ReadAction\",\"target\":[\"https:\/\/kapitalis.com\/tunisie\/2020\/11\/13\/la-bm-prete-a-financer-linterconnexion-electrique-entre-la-tunisie-et-litalie\/\"]}]},{\"@type\":\"ImageObject\",\"inLanguage\":\"fr-FR\",\"@id\":\"https:\/\/kapitalis.com\/tunisie\/2020\/11\/13\/la-bm-prete-a-financer-linterconnexion-electrique-entre-la-tunisie-et-litalie\/#primaryimage\",\"url\":\"http:\/\/kapitalis.com\/tunisie\/wp-content\/uploads\/2019\/05\/Conexion-electrique-Tunisie-Italie.jpg\",\"contentUrl\":\"http:\/\/kapitalis.com\/tunisie\/wp-content\/uploads\/2019\/05\/Conexion-electrique-Tunisie-Italie.jpg\"},{\"@type\":\"BreadcrumbList\",\"@id\":\"https:\/\/kapitalis.com\/tunisie\/2020\/11\/13\/la-bm-prete-a-financer-linterconnexion-electrique-entre-la-tunisie-et-litalie\/#breadcrumb\",\"itemListElement\":[{\"@type\":\"ListItem\",\"position\":1,\"name\":\"Accueil\",\"item\":\"https:\/\/kapitalis.com\/tunisie\/\"},{\"@type\":\"ListItem\",\"position\":2,\"name\":\"La BM pr\u00eate \u00e0 financer l\u2019interconnexion \u00e9lectrique entre la Tunisie et l\u2019Italie\"}]},{\"@type\":\"WebSite\",\"@id\":\"https:\/\/kapitalis.com\/tunisie\/#website\",\"url\":\"https:\/\/kapitalis.com\/tunisie\/\",\"name\":\"Kapitalis\",\"description\":\"L&#039;actualit\u00e9 en Tunisie et dans le monde\",\"publisher\":{\"@id\":\"https:\/\/kapitalis.com\/tunisie\/#organization\"},\"potentialAction\":[{\"@type\":\"SearchAction\",\"target\":{\"@type\":\"EntryPoint\",\"urlTemplate\":\"https:\/\/kapitalis.com\/tunisie\/?s={search_term_string}\"},\"query-input\":{\"@type\":\"PropertyValueSpecification\",\"valueRequired\":true,\"valueName\":\"search_term_string\"}}],\"inLanguage\":\"fr-FR\"},{\"@type\":\"Organization\",\"@id\":\"https:\/\/kapitalis.com\/tunisie\/#organization\",\"name\":\"Kapitalis\",\"url\":\"https:\/\/kapitalis.com\/tunisie\/\",\"logo\":{\"@type\":\"ImageObject\",\"inLanguage\":\"fr-FR\",\"@id\":\"https:\/\/kapitalis.com\/tunisie\/#\/schema\/logo\/image\/\",\"url\":\"https:\/\/kapitalis.com\/tunisie\/wp-content\/uploads\/2022\/05\/Kapitalis-big-size.png\",\"contentUrl\":\"https:\/\/kapitalis.com\/tunisie\/wp-content\/uploads\/2022\/05\/Kapitalis-big-size.png\",\"width\":5000,\"height\":1500,\"caption\":\"Kapitalis\"},\"image\":{\"@id\":\"https:\/\/kapitalis.com\/tunisie\/#\/schema\/logo\/image\/\"},\"sameAs\":[\"https:\/\/www.facebook.com\/KapitalisInfo\/\",\"https:\/\/x.com\/KapitalisInfo\",\"https:\/\/www.youtube.com\/channel\/UC-yDYrHyfFBWWZaOw3FPg9Q\"]},{\"@type\":\"Person\",\"@id\":\"https:\/\/kapitalis.com\/tunisie\/#\/schema\/person\/d71f33a9ca44f7bad4698210b480c8e9\",\"name\":\"webmaster kapitalis\",\"url\":\"https:\/\/kapitalis.com\/tunisie\/author\/webmaster-kapitalis\/\"}]}<\/script>\n<!-- \/ Yoast SEO plugin. -->","yoast_head_json":{"title":"La BM pr\u00eate \u00e0 financer l\u2019interconnexion \u00e9lectrique entre la Tunisie et l\u2019Italie - Kapitalis","robots":{"index":"index","follow":"follow","max-snippet":"max-snippet:-1","max-image-preview":"max-image-preview:large","max-video-preview":"max-video-preview:-1"},"canonical":"https:\/\/kapitalis.com\/tunisie\/2020\/11\/13\/la-bm-prete-a-financer-linterconnexion-electrique-entre-la-tunisie-et-litalie\/","og_locale":"fr_FR","og_type":"article","og_title":"La BM pr\u00eate \u00e0 financer l\u2019interconnexion \u00e9lectrique entre la Tunisie et l\u2019Italie - Kapitalis","og_description":"Apr\u00e8s avoir allou\u00e9, en 2018, une enveloppe de 12,5 millions de dollars US (pr\u00e8s de 35 millions de dinars tunisiens, MDT) sous forme de don aux \u00e9tudes de faisabilit\u00e9 du projet d\u2019interconnexion \u00e9lectrique entre la Tunisie et l\u2019Italie, la Banque mondiale (BM) s\u2019est dit dispos\u00e9e \u00e0 en financer \u00e9galement les travaux qui dureront 4 ans...","og_url":"https:\/\/kapitalis.com\/tunisie\/2020\/11\/13\/la-bm-prete-a-financer-linterconnexion-electrique-entre-la-tunisie-et-litalie\/","og_site_name":"Kapitalis","article_publisher":"https:\/\/www.facebook.com\/KapitalisInfo\/","article_published_time":"2020-11-13T10:27:36+00:00","article_modified_time":"2020-11-13T10:27:40+00:00","og_image":[{"url":"http:\/\/kapitalis.com\/tunisie\/wp-content\/uploads\/2019\/05\/Conexion-electrique-Tunisie-Italie.jpg","type":"","width":"","height":""}],"author":"webmaster kapitalis","twitter_card":"summary_large_image","twitter_creator":"@KapitalisInfo","twitter_site":"@KapitalisInfo","twitter_misc":{"\u00c9crit par":"webmaster kapitalis","Dur\u00e9e de lecture estim\u00e9e":"1 minute"},"schema":{"@context":"https:\/\/schema.org","@graph":[{"@type":"Article","@id":"https:\/\/kapitalis.com\/tunisie\/2020\/11\/13\/la-bm-prete-a-financer-linterconnexion-electrique-entre-la-tunisie-et-litalie\/#article","isPartOf":{"@id":"https:\/\/kapitalis.com\/tunisie\/2020\/11\/13\/la-bm-prete-a-financer-linterconnexion-electrique-entre-la-tunisie-et-litalie\/"},"author":{"name":"webmaster kapitalis","@id":"https:\/\/kapitalis.com\/tunisie\/#\/schema\/person\/d71f33a9ca44f7bad4698210b480c8e9"},"headline":"La BM pr\u00eate \u00e0 financer l\u2019interconnexion \u00e9lectrique entre la Tunisie et l\u2019Italie","datePublished":"2020-11-13T10:27:36+00:00","dateModified":"2020-11-13T10:27:40+00:00","mainEntityOfPage":{"@id":"https:\/\/kapitalis.com\/tunisie\/2020\/11\/13\/la-bm-prete-a-financer-linterconnexion-electrique-entre-la-tunisie-et-litalie\/"},"wordCount":141,"commentCount":2,"publisher":{"@id":"https:\/\/kapitalis.com\/tunisie\/#organization"},"image":{"@id":"https:\/\/kapitalis.com\/tunisie\/2020\/11\/13\/la-bm-prete-a-financer-linterconnexion-electrique-entre-la-tunisie-et-litalie\/#primaryimage"},"thumbnailUrl":"http:\/\/kapitalis.com\/tunisie\/wp-content\/uploads\/2019\/05\/Conexion-electrique-Tunisie-Italie.jpg","keywords":["Banque Mondiale","interconnexion \u00e9lectrique","Italie","Tunisie"],"articleSection":["ECONOMIE","Tunisie"],"inLanguage":"fr-FR","potentialAction":[{"@type":"CommentAction","name":"Comment","target":["https:\/\/kapitalis.com\/tunisie\/2020\/11\/13\/la-bm-prete-a-financer-linterconnexion-electrique-entre-la-tunisie-et-litalie\/#respond"]}]},{"@type":"WebPage","@id":"https:\/\/kapitalis.com\/tunisie\/2020\/11\/13\/la-bm-prete-a-financer-linterconnexion-electrique-entre-la-tunisie-et-litalie\/","url":"https:\/\/kapitalis.com\/tunisie\/2020\/11\/13\/la-bm-prete-a-financer-linterconnexion-electrique-entre-la-tunisie-et-litalie\/","name":"La BM pr\u00eate \u00e0 financer l\u2019interconnexion \u00e9lectrique entre la Tunisie et l\u2019Italie - Kapitalis","isPartOf":{"@id":"https:\/\/kapitalis.com\/tunisie\/#website"},"primaryImageOfPage":{"@id":"https:\/\/kapitalis.com\/tunisie\/2020\/11\/13\/la-bm-prete-a-financer-linterconnexion-electrique-entre-la-tunisie-et-litalie\/#primaryimage"},"image":{"@id":"https:\/\/kapitalis.com\/tunisie\/2020\/11\/13\/la-bm-prete-a-financer-linterconnexion-electrique-entre-la-tunisie-et-litalie\/#primaryimage"},"thumbnailUrl":"http:\/\/kapitalis.com\/tunisie\/wp-content\/uploads\/2019\/05\/Conexion-electrique-Tunisie-Italie.jpg","datePublished":"2020-11-13T10:27:36+00:00","dateModified":"2020-11-13T10:27:40+00:00","breadcrumb":{"@id":"https:\/\/kapitalis.com\/tunisie\/2020\/11\/13\/la-bm-prete-a-financer-linterconnexion-electrique-entre-la-tunisie-et-litalie\/#breadcrumb"},"inLanguage":"fr-FR","potentialAction":[{"@type":"ReadAction","target":["https:\/\/kapitalis.com\/tunisie\/2020\/11\/13\/la-bm-prete-a-financer-linterconnexion-electrique-entre-la-tunisie-et-litalie\/"]}]},{"@type":"ImageObject","inLanguage":"fr-FR","@id":"https:\/\/kapitalis.com\/tunisie\/2020\/11\/13\/la-bm-prete-a-financer-linterconnexion-electrique-entre-la-tunisie-et-litalie\/#primaryimage","url":"http:\/\/kapitalis.com\/tunisie\/wp-content\/uploads\/2019\/05\/Conexion-electrique-Tunisie-Italie.jpg","contentUrl":"http:\/\/kapitalis.com\/tunisie\/wp-content\/uploads\/2019\/05\/Conexion-electrique-Tunisie-Italie.jpg"},{"@type":"BreadcrumbList","@id":"https:\/\/kapitalis.com\/tunisie\/2020\/11\/13\/la-bm-prete-a-financer-linterconnexion-electrique-entre-la-tunisie-et-litalie\/#breadcrumb","itemListElement":[{"@type":"ListItem","position":1,"name":"Accueil","item":"https:\/\/kapitalis.com\/tunisie\/"},{"@type":"ListItem","position":2,"name":"La BM pr\u00eate \u00e0 financer l\u2019interconnexion \u00e9lectrique entre la Tunisie et l\u2019Italie"}]},{"@type":"WebSite","@id":"https:\/\/kapitalis.com\/tunisie\/#website","url":"https:\/\/kapitalis.com\/tunisie\/","name":"Kapitalis","description":"L&#039;actualit\u00e9 en Tunisie et dans le monde","publisher":{"@id":"https:\/\/kapitalis.com\/tunisie\/#organization"},"potentialAction":[{"@type":"SearchAction","target":{"@type":"EntryPoint","urlTemplate":"https:\/\/kapitalis.com\/tunisie\/?s={search_term_string}"},"query-input":{"@type":"PropertyValueSpecification","valueRequired":true,"valueName":"search_term_string"}}],"inLanguage":"fr-FR"},{"@type":"Organization","@id":"https:\/\/kapitalis.com\/tunisie\/#organization","name":"Kapitalis","url":"https:\/\/kapitalis.com\/tunisie\/","logo":{"@type":"ImageObject","inLanguage":"fr-FR","@id":"https:\/\/kapitalis.com\/tunisie\/#\/schema\/logo\/image\/","url":"https:\/\/kapitalis.com\/tunisie\/wp-content\/uploads\/2022\/05\/Kapitalis-big-size.png","contentUrl":"https:\/\/kapitalis.com\/tunisie\/wp-content\/uploads\/2022\/05\/Kapitalis-big-size.png","width":5000,"height":1500,"caption":"Kapitalis"},"image":{"@id":"https:\/\/kapitalis.com\/tunisie\/#\/schema\/logo\/image\/"},"sameAs":["https:\/\/www.facebook.com\/KapitalisInfo\/","https:\/\/x.com\/KapitalisInfo","https:\/\/www.youtube.com\/channel\/UC-yDYrHyfFBWWZaOw3FPg9Q"]},{"@type":"Person","@id":"https:\/\/kapitalis.com\/tunisie\/#\/schema\/person\/d71f33a9ca44f7bad4698210b480c8e9","name":"webmaster kapitalis","url":"https:\/\/kapitalis.com\/tunisie\/author\/webmaster-kapitalis\/"}]}},"_links":{"self":[{"href":"https:\/\/kapitalis.com\/tunisie\/wp-json\/wp\/v2\/posts\/324390","targetHints":{"allow":["GET"]}}],"collection":[{"href":"https:\/\/kapitalis.com\/tunisie\/wp-json\/wp\/v2\/posts"}],"about":[{"href":"https:\/\/kapitalis.com\/tunisie\/wp-json\/wp\/v2\/types\/post"}],"author":[{"embeddable":true,"href":"https:\/\/kapitalis.com\/tunisie\/wp-json\/wp\/v2\/users\/8"}],"replies":[{"embeddable":true,"href":"https:\/\/kapitalis.com\/tunisie\/wp-json\/wp\/v2\/comments?post=324390"}],"version-history":[{"count":0,"href":"https:\/\/kapitalis.com\/tunisie\/wp-json\/wp\/v2\/posts\/324390\/revisions"}],"wp:attachment":[{"href":"https:\/\/kapitalis.com\/tunisie\/wp-json\/wp\/v2\/media?parent=324390"}],"wp:term":[{"taxonomy":"category","embeddable":true,"href":"https:\/\/kapitalis.com\/tunisie\/wp-json\/wp\/v2\/categories?post=324390"},{"taxonomy":"post_tag","embeddable":true,"href":"https:\/\/kapitalis.com\/tunisie\/wp-json\/wp\/v2\/tags?post=324390"}],"curies":[{"name":"wp","href":"https:\/\/api.w.org\/{rel}","templated":true}]}}