{"id":324495,"date":"2020-11-14T08:49:34","date_gmt":"2020-11-14T07:49:34","guid":{"rendered":"http:\/\/kapitalis.com\/tunisie\/?p=324495"},"modified":"2020-11-14T08:57:21","modified_gmt":"2020-11-14T07:57:21","slug":"posant-devant-un-barrage-faycal-tebbini-declare-nous-nous-possedons-la-vanne-de-leau-video","status":"publish","type":"post","link":"https:\/\/kapitalis.com\/tunisie\/2020\/11\/14\/posant-devant-un-barrage-faycal-tebbini-declare-nous-nous-possedons-la-vanne-de-leau-video\/","title":{"rendered":"Posant devant un barrage, Fay\u00e7al Tebini d\u00e9clare: \u00abNous, nous poss\u00e9dons la vanne de l&rsquo;eau\u00bb (Vid\u00e9o)"},"content":{"rendered":"\n<figure class=\"wp-block-image size-large\"><img decoding=\"async\" src=\"http:\/\/kapitalis.com\/tunisie\/wp-content\/uploads\/2020\/11\/Faycel-Tebini-Beni-Mtir.jpg\" alt=\"\" class=\"wp-image-324496\"\/><\/figure>\n\n\n\n<p><strong><em>\u00abPour qu\u2019on soit clair, nous saluons les accords d\u2019El-Kamour. Mais nous, nous poss\u00e9dons la vanne de l\u2019eau. Dites que je suis r\u00e9gionaliste! Dans l\u2019avenir, nous r\u00e9clamerons des revenus de l\u2019eau du barrage de B\u00e9ni M\u2019tir\u00bb.<\/em><\/strong> <em><a href=\"https:\/\/www.facebook.com\/1060470197296424\/posts\/4957711430905595\/\" target=\"_blank\" aria-label=\"undefined (s\u2019ouvre dans un nouvel onglet)\" rel=\"noreferrer noopener\"><strong>Vid\u00e9o<\/strong>.<\/a><\/em><\/p>\n\n\n\n<!--more-->\n\n\n\n<p>C\u2019est ne ces termes que s\u2019exprimait Fay\u00e7al Tebini, d\u00e9put\u00e9 Voix des Agriculteurs de Jendouba, dans une vid\u00e9o diffus\u00e9e hier, vendredi 13 novembre 2020, en posant devant le barrage de B\u00e9ni M\u2019tir, le plus important de la r\u00e9gion du nord-ouest qui irrigue plusieurs r\u00e9gions du nord et du centre de la Tunisie.<\/p>\n\n\n\n<p>Le d\u00e9put\u00e9 envoie ainsi un message cod\u00e9 au chef du gouvernement, Hichem Mechichi, qui pourrait \u00eatre r\u00e9sum\u00e9 comme suit : <em>\u00abSi les habitants de Tataouine ont ferm\u00e9 la vanne de la distribution du p\u00e9trole et du gaz pendant plus de trois mois et ont r\u00e9ussi \u00e0 faire plier le gouvernement qui a r\u00e9pondu \u00e0 toutes leurs revendications, nous autres habitants de Jendouba avons une autre ressource encore plus pr\u00e9cieuse, l\u2019eau, et nous allons l\u2019utiliser comme une monnaie de change et un moyen pour imposer la satisfaction de nos revendications socio-\u00e9conomiques au gouvernement\u00bb.<\/em><\/p>\n\n\n\n<p>Mal inspir\u00e9 et aveugl\u00e9 par ses ambitions politiques, M. Mechichi a cru bien faire en c\u00e9dant aux pressions et aux marchandages d\u2019un groupe d\u2019activistes islamo-fascistes au service des contrebandiers de Tataouine et de leurs alli\u00e9s turcs, les manipulant depuis la Libye voisine. Et voil\u00e0 qu\u2019il a ouvert la bo\u00eete de Pandore des revendications sociales dans toutes les r\u00e9gions d\u00e9favoris\u00e9es du pays, de Gab\u00e8s \u00e0 Jendouba, de K\u00e9bili au Kef et de Kairouan \u00e0 Kerkennah. Alors que les caisses de l&rsquo;Etat sont vides&#8230; <\/p>\n\n\n\n<p class=\"has-text-align-left\">Attachez bien vos ceintures, la temp\u00eate ne fait que commencer, dans un pays au bord de la faillite, d\u00e9truit par ses dirigeants politiques et qui ne sait pas de quoi demain sera fait.<\/p>\n\n\n\n<p class=\"has-text-align-right\"><strong>Imed Bahri<\/strong><\/p>\n\n\n\n<p><strong><em><a href=\"https:\/\/www.facebook.com\/TbiniFaicel\/videos\/373502807227948\/\" target=\"_blank\" aria-label=\"undefined (s\u2019ouvre dans un nouvel onglet)\" rel=\"noreferrer noopener\">Vid\u00e9o.<\/a><\/em><\/strong><\/p>\n","protected":false},"excerpt":{"rendered":"<p>\u00abPour qu\u2019on soit clair, nous saluons les accords d\u2019El-Kamour. Mais nous, nous poss\u00e9dons la vanne de l\u2019eau. Dites que je suis r\u00e9gionaliste! Dans l\u2019avenir, nous r\u00e9clamerons des revenus de l\u2019eau du barrage de B\u00e9ni M\u2019tir\u00bb. Vid\u00e9o.<\/p>\n","protected":false},"author":8,"featured_media":324496,"comment_status":"open","ping_status":"open","sticky":false,"template":"","format":"standard","meta":{"footnotes":""},"categories":[997,2433,4806],"tags":[30512,20484,74899,515,1126],"class_list":["post-324495","post","type-post","status-publish","format-standard","has-post-thumbnail","hentry","category-politique","category-tunisie","category-videos","tag-el-kamour","tag-faycal-tebini","tag-hichem-mechichi","tag-jendouba","tag-tataouine"],"yoast_head":"<!-- This site is optimized with the Yoast SEO plugin v26.6 - https:\/\/yoast.com\/wordpress\/plugins\/seo\/ -->\n<title>Posant devant un barrage, Fay\u00e7al Tebini d\u00e9clare: \u00abNous, nous poss\u00e9dons la vanne de l&#039;eau\u00bb (Vid\u00e9o) - Kapitalis<\/title>\n<meta name=\"robots\" content=\"index, follow, max-snippet:-1, max-image-preview:large, max-video-preview:-1\" \/>\n<link rel=\"canonical\" href=\"https:\/\/kapitalis.com\/tunisie\/2020\/11\/14\/posant-devant-un-barrage-faycal-tebbini-declare-nous-nous-possedons-la-vanne-de-leau-video\/\" \/>\n<meta property=\"og:locale\" content=\"fr_FR\" \/>\n<meta property=\"og:type\" content=\"article\" \/>\n<meta property=\"og:title\" content=\"Posant devant un barrage, Fay\u00e7al Tebini d\u00e9clare: \u00abNous, nous poss\u00e9dons la vanne de l&#039;eau\u00bb (Vid\u00e9o) - Kapitalis\" \/>\n<meta property=\"og:description\" content=\"\u00abPour qu\u2019on soit clair, nous saluons les accords d\u2019El-Kamour. Mais nous, nous poss\u00e9dons la vanne de l\u2019eau. Dites que je suis r\u00e9gionaliste! Dans l\u2019avenir, nous r\u00e9clamerons des revenus de l\u2019eau du barrage de B\u00e9ni M\u2019tir\u00bb. Vid\u00e9o.\" \/>\n<meta property=\"og:url\" content=\"https:\/\/kapitalis.com\/tunisie\/2020\/11\/14\/posant-devant-un-barrage-faycal-tebbini-declare-nous-nous-possedons-la-vanne-de-leau-video\/\" \/>\n<meta property=\"og:site_name\" content=\"Kapitalis\" \/>\n<meta property=\"article:publisher\" content=\"https:\/\/www.facebook.com\/KapitalisInfo\/\" \/>\n<meta property=\"article:published_time\" content=\"2020-11-14T07:49:34+00:00\" \/>\n<meta property=\"article:modified_time\" content=\"2020-11-14T07:57:21+00:00\" \/>\n<meta property=\"og:image\" content=\"https:\/\/kapitalis.com\/tunisie\/wp-content\/uploads\/2022\/05\/kapitalis-logo-fb.png\" \/>\n\t<meta property=\"og:image:width\" content=\"1200\" \/>\n\t<meta property=\"og:image:height\" content=\"630\" \/>\n\t<meta property=\"og:image:type\" content=\"image\/png\" \/>\n<meta name=\"author\" content=\"webmaster kapitalis\" \/>\n<meta name=\"twitter:card\" content=\"summary_large_image\" \/>\n<meta name=\"twitter:creator\" content=\"@KapitalisInfo\" \/>\n<meta name=\"twitter:site\" content=\"@KapitalisInfo\" \/>\n<meta name=\"twitter:label1\" content=\"\u00c9crit par\" \/>\n\t<meta name=\"twitter:data1\" content=\"webmaster kapitalis\" \/>\n\t<meta name=\"twitter:label2\" content=\"Dur\u00e9e de lecture estim\u00e9e\" \/>\n\t<meta name=\"twitter:data2\" content=\"2 minutes\" \/>\n<script type=\"application\/ld+json\" class=\"yoast-schema-graph\">{\"@context\":\"https:\/\/schema.org\",\"@graph\":[{\"@type\":\"Article\",\"@id\":\"https:\/\/kapitalis.com\/tunisie\/2020\/11\/14\/posant-devant-un-barrage-faycal-tebbini-declare-nous-nous-possedons-la-vanne-de-leau-video\/#article\",\"isPartOf\":{\"@id\":\"https:\/\/kapitalis.com\/tunisie\/2020\/11\/14\/posant-devant-un-barrage-faycal-tebbini-declare-nous-nous-possedons-la-vanne-de-leau-video\/\"},\"author\":{\"name\":\"webmaster kapitalis\",\"@id\":\"https:\/\/kapitalis.com\/tunisie\/#\/schema\/person\/d71f33a9ca44f7bad4698210b480c8e9\"},\"headline\":\"Posant devant un barrage, Fay\u00e7al Tebini d\u00e9clare: \u00abNous, nous poss\u00e9dons la vanne de l&rsquo;eau\u00bb (Vid\u00e9o)\",\"datePublished\":\"2020-11-14T07:49:34+00:00\",\"dateModified\":\"2020-11-14T07:57:21+00:00\",\"mainEntityOfPage\":{\"@id\":\"https:\/\/kapitalis.com\/tunisie\/2020\/11\/14\/posant-devant-un-barrage-faycal-tebbini-declare-nous-nous-possedons-la-vanne-de-leau-video\/\"},\"wordCount\":353,\"commentCount\":15,\"publisher\":{\"@id\":\"https:\/\/kapitalis.com\/tunisie\/#organization\"},\"image\":{\"@id\":\"https:\/\/kapitalis.com\/tunisie\/2020\/11\/14\/posant-devant-un-barrage-faycal-tebbini-declare-nous-nous-possedons-la-vanne-de-leau-video\/#primaryimage\"},\"thumbnailUrl\":\"\",\"keywords\":[\"El-Kamour\",\"Fay\u00e7al Tebini\",\"Hichem Mechichi\",\"Jendouba\",\"Tataouine\"],\"articleSection\":[\"POLITIQUE\",\"Tunisie\",\"VIDEOS\"],\"inLanguage\":\"fr-FR\",\"potentialAction\":[{\"@type\":\"CommentAction\",\"name\":\"Comment\",\"target\":[\"https:\/\/kapitalis.com\/tunisie\/2020\/11\/14\/posant-devant-un-barrage-faycal-tebbini-declare-nous-nous-possedons-la-vanne-de-leau-video\/#respond\"]}]},{\"@type\":\"WebPage\",\"@id\":\"https:\/\/kapitalis.com\/tunisie\/2020\/11\/14\/posant-devant-un-barrage-faycal-tebbini-declare-nous-nous-possedons-la-vanne-de-leau-video\/\",\"url\":\"https:\/\/kapitalis.com\/tunisie\/2020\/11\/14\/posant-devant-un-barrage-faycal-tebbini-declare-nous-nous-possedons-la-vanne-de-leau-video\/\",\"name\":\"Posant devant un barrage, Fay\u00e7al Tebini d\u00e9clare: \u00abNous, nous poss\u00e9dons la vanne de l'eau\u00bb (Vid\u00e9o) - Kapitalis\",\"isPartOf\":{\"@id\":\"https:\/\/kapitalis.com\/tunisie\/#website\"},\"primaryImageOfPage\":{\"@id\":\"https:\/\/kapitalis.com\/tunisie\/2020\/11\/14\/posant-devant-un-barrage-faycal-tebbini-declare-nous-nous-possedons-la-vanne-de-leau-video\/#primaryimage\"},\"image\":{\"@id\":\"https:\/\/kapitalis.com\/tunisie\/2020\/11\/14\/posant-devant-un-barrage-faycal-tebbini-declare-nous-nous-possedons-la-vanne-de-leau-video\/#primaryimage\"},\"thumbnailUrl\":\"\",\"datePublished\":\"2020-11-14T07:49:34+00:00\",\"dateModified\":\"2020-11-14T07:57:21+00:00\",\"breadcrumb\":{\"@id\":\"https:\/\/kapitalis.com\/tunisie\/2020\/11\/14\/posant-devant-un-barrage-faycal-tebbini-declare-nous-nous-possedons-la-vanne-de-leau-video\/#breadcrumb\"},\"inLanguage\":\"fr-FR\",\"potentialAction\":[{\"@type\":\"ReadAction\",\"target\":[\"https:\/\/kapitalis.com\/tunisie\/2020\/11\/14\/posant-devant-un-barrage-faycal-tebbini-declare-nous-nous-possedons-la-vanne-de-leau-video\/\"]}]},{\"@type\":\"ImageObject\",\"inLanguage\":\"fr-FR\",\"@id\":\"https:\/\/kapitalis.com\/tunisie\/2020\/11\/14\/posant-devant-un-barrage-faycal-tebbini-declare-nous-nous-possedons-la-vanne-de-leau-video\/#primaryimage\",\"url\":\"\",\"contentUrl\":\"\"},{\"@type\":\"BreadcrumbList\",\"@id\":\"https:\/\/kapitalis.com\/tunisie\/2020\/11\/14\/posant-devant-un-barrage-faycal-tebbini-declare-nous-nous-possedons-la-vanne-de-leau-video\/#breadcrumb\",\"itemListElement\":[{\"@type\":\"ListItem\",\"position\":1,\"name\":\"Accueil\",\"item\":\"https:\/\/kapitalis.com\/tunisie\/\"},{\"@type\":\"ListItem\",\"position\":2,\"name\":\"Posant devant un barrage, Fay\u00e7al Tebini d\u00e9clare: \u00abNous, nous poss\u00e9dons la vanne de l&rsquo;eau\u00bb (Vid\u00e9o)\"}]},{\"@type\":\"WebSite\",\"@id\":\"https:\/\/kapitalis.com\/tunisie\/#website\",\"url\":\"https:\/\/kapitalis.com\/tunisie\/\",\"name\":\"Kapitalis\",\"description\":\"L&#039;actualit\u00e9 en Tunisie et dans le monde\",\"publisher\":{\"@id\":\"https:\/\/kapitalis.com\/tunisie\/#organization\"},\"potentialAction\":[{\"@type\":\"SearchAction\",\"target\":{\"@type\":\"EntryPoint\",\"urlTemplate\":\"https:\/\/kapitalis.com\/tunisie\/?s={search_term_string}\"},\"query-input\":{\"@type\":\"PropertyValueSpecification\",\"valueRequired\":true,\"valueName\":\"search_term_string\"}}],\"inLanguage\":\"fr-FR\"},{\"@type\":\"Organization\",\"@id\":\"https:\/\/kapitalis.com\/tunisie\/#organization\",\"name\":\"Kapitalis\",\"url\":\"https:\/\/kapitalis.com\/tunisie\/\",\"logo\":{\"@type\":\"ImageObject\",\"inLanguage\":\"fr-FR\",\"@id\":\"https:\/\/kapitalis.com\/tunisie\/#\/schema\/logo\/image\/\",\"url\":\"https:\/\/kapitalis.com\/tunisie\/wp-content\/uploads\/2022\/05\/Kapitalis-big-size.png\",\"contentUrl\":\"https:\/\/kapitalis.com\/tunisie\/wp-content\/uploads\/2022\/05\/Kapitalis-big-size.png\",\"width\":5000,\"height\":1500,\"caption\":\"Kapitalis\"},\"image\":{\"@id\":\"https:\/\/kapitalis.com\/tunisie\/#\/schema\/logo\/image\/\"},\"sameAs\":[\"https:\/\/www.facebook.com\/KapitalisInfo\/\",\"https:\/\/x.com\/KapitalisInfo\",\"https:\/\/www.youtube.com\/channel\/UC-yDYrHyfFBWWZaOw3FPg9Q\"]},{\"@type\":\"Person\",\"@id\":\"https:\/\/kapitalis.com\/tunisie\/#\/schema\/person\/d71f33a9ca44f7bad4698210b480c8e9\",\"name\":\"webmaster kapitalis\",\"url\":\"https:\/\/kapitalis.com\/tunisie\/author\/webmaster-kapitalis\/\"}]}<\/script>\n<!-- \/ Yoast SEO plugin. -->","yoast_head_json":{"title":"Posant devant un barrage, Fay\u00e7al Tebini d\u00e9clare: \u00abNous, nous poss\u00e9dons la vanne de l'eau\u00bb (Vid\u00e9o) - Kapitalis","robots":{"index":"index","follow":"follow","max-snippet":"max-snippet:-1","max-image-preview":"max-image-preview:large","max-video-preview":"max-video-preview:-1"},"canonical":"https:\/\/kapitalis.com\/tunisie\/2020\/11\/14\/posant-devant-un-barrage-faycal-tebbini-declare-nous-nous-possedons-la-vanne-de-leau-video\/","og_locale":"fr_FR","og_type":"article","og_title":"Posant devant un barrage, Fay\u00e7al Tebini d\u00e9clare: \u00abNous, nous poss\u00e9dons la vanne de l'eau\u00bb (Vid\u00e9o) - Kapitalis","og_description":"\u00abPour qu\u2019on soit clair, nous saluons les accords d\u2019El-Kamour. Mais nous, nous poss\u00e9dons la vanne de l\u2019eau. Dites que je suis r\u00e9gionaliste! Dans l\u2019avenir, nous r\u00e9clamerons des revenus de l\u2019eau du barrage de B\u00e9ni M\u2019tir\u00bb. Vid\u00e9o.","og_url":"https:\/\/kapitalis.com\/tunisie\/2020\/11\/14\/posant-devant-un-barrage-faycal-tebbini-declare-nous-nous-possedons-la-vanne-de-leau-video\/","og_site_name":"Kapitalis","article_publisher":"https:\/\/www.facebook.com\/KapitalisInfo\/","article_published_time":"2020-11-14T07:49:34+00:00","article_modified_time":"2020-11-14T07:57:21+00:00","og_image":[{"width":1200,"height":630,"url":"https:\/\/kapitalis.com\/tunisie\/wp-content\/uploads\/2022\/05\/kapitalis-logo-fb.png","type":"image\/png"}],"author":"webmaster kapitalis","twitter_card":"summary_large_image","twitter_creator":"@KapitalisInfo","twitter_site":"@KapitalisInfo","twitter_misc":{"\u00c9crit par":"webmaster kapitalis","Dur\u00e9e de lecture estim\u00e9e":"2 minutes"},"schema":{"@context":"https:\/\/schema.org","@graph":[{"@type":"Article","@id":"https:\/\/kapitalis.com\/tunisie\/2020\/11\/14\/posant-devant-un-barrage-faycal-tebbini-declare-nous-nous-possedons-la-vanne-de-leau-video\/#article","isPartOf":{"@id":"https:\/\/kapitalis.com\/tunisie\/2020\/11\/14\/posant-devant-un-barrage-faycal-tebbini-declare-nous-nous-possedons-la-vanne-de-leau-video\/"},"author":{"name":"webmaster kapitalis","@id":"https:\/\/kapitalis.com\/tunisie\/#\/schema\/person\/d71f33a9ca44f7bad4698210b480c8e9"},"headline":"Posant devant un barrage, Fay\u00e7al Tebini d\u00e9clare: \u00abNous, nous poss\u00e9dons la vanne de l&rsquo;eau\u00bb (Vid\u00e9o)","datePublished":"2020-11-14T07:49:34+00:00","dateModified":"2020-11-14T07:57:21+00:00","mainEntityOfPage":{"@id":"https:\/\/kapitalis.com\/tunisie\/2020\/11\/14\/posant-devant-un-barrage-faycal-tebbini-declare-nous-nous-possedons-la-vanne-de-leau-video\/"},"wordCount":353,"commentCount":15,"publisher":{"@id":"https:\/\/kapitalis.com\/tunisie\/#organization"},"image":{"@id":"https:\/\/kapitalis.com\/tunisie\/2020\/11\/14\/posant-devant-un-barrage-faycal-tebbini-declare-nous-nous-possedons-la-vanne-de-leau-video\/#primaryimage"},"thumbnailUrl":"","keywords":["El-Kamour","Fay\u00e7al Tebini","Hichem Mechichi","Jendouba","Tataouine"],"articleSection":["POLITIQUE","Tunisie","VIDEOS"],"inLanguage":"fr-FR","potentialAction":[{"@type":"CommentAction","name":"Comment","target":["https:\/\/kapitalis.com\/tunisie\/2020\/11\/14\/posant-devant-un-barrage-faycal-tebbini-declare-nous-nous-possedons-la-vanne-de-leau-video\/#respond"]}]},{"@type":"WebPage","@id":"https:\/\/kapitalis.com\/tunisie\/2020\/11\/14\/posant-devant-un-barrage-faycal-tebbini-declare-nous-nous-possedons-la-vanne-de-leau-video\/","url":"https:\/\/kapitalis.com\/tunisie\/2020\/11\/14\/posant-devant-un-barrage-faycal-tebbini-declare-nous-nous-possedons-la-vanne-de-leau-video\/","name":"Posant devant un barrage, Fay\u00e7al Tebini d\u00e9clare: \u00abNous, nous poss\u00e9dons la vanne de l'eau\u00bb (Vid\u00e9o) - Kapitalis","isPartOf":{"@id":"https:\/\/kapitalis.com\/tunisie\/#website"},"primaryImageOfPage":{"@id":"https:\/\/kapitalis.com\/tunisie\/2020\/11\/14\/posant-devant-un-barrage-faycal-tebbini-declare-nous-nous-possedons-la-vanne-de-leau-video\/#primaryimage"},"image":{"@id":"https:\/\/kapitalis.com\/tunisie\/2020\/11\/14\/posant-devant-un-barrage-faycal-tebbini-declare-nous-nous-possedons-la-vanne-de-leau-video\/#primaryimage"},"thumbnailUrl":"","datePublished":"2020-11-14T07:49:34+00:00","dateModified":"2020-11-14T07:57:21+00:00","breadcrumb":{"@id":"https:\/\/kapitalis.com\/tunisie\/2020\/11\/14\/posant-devant-un-barrage-faycal-tebbini-declare-nous-nous-possedons-la-vanne-de-leau-video\/#breadcrumb"},"inLanguage":"fr-FR","potentialAction":[{"@type":"ReadAction","target":["https:\/\/kapitalis.com\/tunisie\/2020\/11\/14\/posant-devant-un-barrage-faycal-tebbini-declare-nous-nous-possedons-la-vanne-de-leau-video\/"]}]},{"@type":"ImageObject","inLanguage":"fr-FR","@id":"https:\/\/kapitalis.com\/tunisie\/2020\/11\/14\/posant-devant-un-barrage-faycal-tebbini-declare-nous-nous-possedons-la-vanne-de-leau-video\/#primaryimage","url":"","contentUrl":""},{"@type":"BreadcrumbList","@id":"https:\/\/kapitalis.com\/tunisie\/2020\/11\/14\/posant-devant-un-barrage-faycal-tebbini-declare-nous-nous-possedons-la-vanne-de-leau-video\/#breadcrumb","itemListElement":[{"@type":"ListItem","position":1,"name":"Accueil","item":"https:\/\/kapitalis.com\/tunisie\/"},{"@type":"ListItem","position":2,"name":"Posant devant un barrage, Fay\u00e7al Tebini d\u00e9clare: \u00abNous, nous poss\u00e9dons la vanne de l&rsquo;eau\u00bb (Vid\u00e9o)"}]},{"@type":"WebSite","@id":"https:\/\/kapitalis.com\/tunisie\/#website","url":"https:\/\/kapitalis.com\/tunisie\/","name":"Kapitalis","description":"L&#039;actualit\u00e9 en Tunisie et dans le monde","publisher":{"@id":"https:\/\/kapitalis.com\/tunisie\/#organization"},"potentialAction":[{"@type":"SearchAction","target":{"@type":"EntryPoint","urlTemplate":"https:\/\/kapitalis.com\/tunisie\/?s={search_term_string}"},"query-input":{"@type":"PropertyValueSpecification","valueRequired":true,"valueName":"search_term_string"}}],"inLanguage":"fr-FR"},{"@type":"Organization","@id":"https:\/\/kapitalis.com\/tunisie\/#organization","name":"Kapitalis","url":"https:\/\/kapitalis.com\/tunisie\/","logo":{"@type":"ImageObject","inLanguage":"fr-FR","@id":"https:\/\/kapitalis.com\/tunisie\/#\/schema\/logo\/image\/","url":"https:\/\/kapitalis.com\/tunisie\/wp-content\/uploads\/2022\/05\/Kapitalis-big-size.png","contentUrl":"https:\/\/kapitalis.com\/tunisie\/wp-content\/uploads\/2022\/05\/Kapitalis-big-size.png","width":5000,"height":1500,"caption":"Kapitalis"},"image":{"@id":"https:\/\/kapitalis.com\/tunisie\/#\/schema\/logo\/image\/"},"sameAs":["https:\/\/www.facebook.com\/KapitalisInfo\/","https:\/\/x.com\/KapitalisInfo","https:\/\/www.youtube.com\/channel\/UC-yDYrHyfFBWWZaOw3FPg9Q"]},{"@type":"Person","@id":"https:\/\/kapitalis.com\/tunisie\/#\/schema\/person\/d71f33a9ca44f7bad4698210b480c8e9","name":"webmaster kapitalis","url":"https:\/\/kapitalis.com\/tunisie\/author\/webmaster-kapitalis\/"}]}},"_links":{"self":[{"href":"https:\/\/kapitalis.com\/tunisie\/wp-json\/wp\/v2\/posts\/324495","targetHints":{"allow":["GET"]}}],"collection":[{"href":"https:\/\/kapitalis.com\/tunisie\/wp-json\/wp\/v2\/posts"}],"about":[{"href":"https:\/\/kapitalis.com\/tunisie\/wp-json\/wp\/v2\/types\/post"}],"author":[{"embeddable":true,"href":"https:\/\/kapitalis.com\/tunisie\/wp-json\/wp\/v2\/users\/8"}],"replies":[{"embeddable":true,"href":"https:\/\/kapitalis.com\/tunisie\/wp-json\/wp\/v2\/comments?post=324495"}],"version-history":[{"count":0,"href":"https:\/\/kapitalis.com\/tunisie\/wp-json\/wp\/v2\/posts\/324495\/revisions"}],"wp:featuredmedia":[{"embeddable":true,"href":"https:\/\/kapitalis.com\/tunisie\/wp-json\/wp\/v2\/media\/324496"}],"wp:attachment":[{"href":"https:\/\/kapitalis.com\/tunisie\/wp-json\/wp\/v2\/media?parent=324495"}],"wp:term":[{"taxonomy":"category","embeddable":true,"href":"https:\/\/kapitalis.com\/tunisie\/wp-json\/wp\/v2\/categories?post=324495"},{"taxonomy":"post_tag","embeddable":true,"href":"https:\/\/kapitalis.com\/tunisie\/wp-json\/wp\/v2\/tags?post=324495"}],"curies":[{"name":"wp","href":"https:\/\/api.w.org\/{rel}","templated":true}]}}