{"id":324548,"date":"2020-11-14T15:16:53","date_gmt":"2020-11-14T14:16:53","guid":{"rendered":"http:\/\/kapitalis.com\/tunisie\/?p=324548"},"modified":"2020-11-14T15:23:01","modified_gmt":"2020-11-14T14:23:01","slug":"kais-saied-a-doha-pour-une-visite-de-deux-jours-au-qatar","status":"publish","type":"post","link":"https:\/\/kapitalis.com\/tunisie\/2020\/11\/14\/kais-saied-a-doha-pour-une-visite-de-deux-jours-au-qatar\/","title":{"rendered":"Ka\u00efs Sa\u00efed \u00e0 Doha pour une visite de deux jours au Qatar"},"content":{"rendered":"\n<figure class=\"wp-block-image size-large\"><img decoding=\"async\" src=\"http:\/\/kapitalis.com\/tunisie\/wp-content\/uploads\/2020\/11\/Kais-Saied-Emir-Al-Thani.jpg\" alt=\"\" class=\"wp-image-324549\"\/><\/figure>\n\n\n\n<p><strong><em>Le pr\u00e9sident de la R\u00e9publique, Kais Saied a quitt\u00e9 Tunis aujourd\u2019hui, samedi 14 novembre 2020, en direction de Doha, pour une visite d\u2019Etat de deux jours \u00e0 l&rsquo;invitation de l&rsquo;Emir du Qatar, Tamim Ben Hamad Al-Thani.<\/em><\/strong> <strong><em>Les grandes attentes tunisiennes et les petites dispositions Qataries<\/em><\/strong>.<\/p>\n\n\n\n<!--more-->\n\n\n\n<p>Kais Said est accompagn\u00e9 par, notamment, le ministre des Affaires \u00e9trang\u00e8res, de la Migration et des Tunisiens \u00e0 l&rsquo;\u00e9tranger Othman Jerandi, le ministre du Commerce et du D\u00e9veloppement des exportations Mohamed Bou Said, le ministre de la Jeunesse, du Sport et de l\u2019Int\u00e9gration professionnelle Kamel Deguiche et le ministre aupr\u00e8s du chef du gouvernement charg\u00e9 de la Relation avec le parlement Ali Hafsi, connu pour son amiti\u00e9 avec l\u2019\u00e9mir du Qatar.<\/p>\n\n\n\n<p>\u00c0 son arriv\u00e9e \u00e0 l\u2019a\u00e9roport Tunis-Carthage, le chef de l&rsquo;Etat a salu\u00e9 le drapeau au son de l\u2019hymne national et pass\u00e9 en revue un d\u00e9tachement des trois arm\u00e9es qui lui a rendu les honneurs. Il a \u00e9t\u00e9 salu\u00e9 par le chef du gouvernement Hichem Mechichi, le gouverneur de Tunis Chedli Bouall\u00e8gue et le maire de Tunis Souad Abderrahim.<\/p>\n\n\n\n<p>Cette visite intervient alors que la Tunisie traverse une phase de crise socio-\u00e9conomique aggrav\u00e9e par les r\u00e9percussions de la pand\u00e9mie sanitaire de la Covid-19. <\/p>\n\n\n\n<p>Les attentes tunisiennes sont d&rsquo;abord, on l&rsquo;imagine, d&rsquo;ordre financier, m\u00eame si, l\u00e0 aussi, les espoirs doivent \u00eatre minimes, les Qataris n&rsquo;\u00e9tant pas connus pour leurs largesses. Et puis, ils soutiennent, en Tunisie, le parti islamiste Ennahdha, principal adversaire du pr\u00e9sident Sa\u00efed, et s&rsquo;ils ont des cadeaux \u00e0 faire \u00e0 notre pays, ils ne le feraient pas pour ce dernier. <\/p>\n\n\n\n<p class=\"has-text-align-right\"><strong>I. B. <\/strong><\/p>\n","protected":false},"excerpt":{"rendered":"<p>Le pr\u00e9sident de la R\u00e9publique, Kais Saied a quitt\u00e9 Tunis aujourd\u2019hui, samedi 14 novembre 2020, en direction de Doha, pour une visite d\u2019Etat de deux jours \u00e0 l&rsquo;invitation de l&rsquo;Emir du Qatar, Tamim Ben Hamad Al-Thani. Les grandes attentes tunisiennes et les petites dispositions Qataries.<\/p>\n","protected":false},"author":8,"featured_media":324549,"comment_status":"open","ping_status":"open","sticky":false,"template":"","format":"standard","meta":{"footnotes":""},"categories":[997,2433],"tags":[77027,70520,82132,84803,81850,756,84216],"class_list":["post-324548","post","type-post","status-publish","format-standard","has-post-thumbnail","hentry","category-politique","category-tunisie","tag-ali-hafsi","tag-kais-saied-3","tag-kamel-deguiche","tag-mohamed-bou-said","tag-othman-jerandi","tag-qatar","tag-tamim-ben-hamad-al-thani-2"],"yoast_head":"<!-- This site is optimized with the Yoast SEO plugin v26.6 - https:\/\/yoast.com\/wordpress\/plugins\/seo\/ -->\n<title>Ka\u00efs Sa\u00efed \u00e0 Doha pour une visite de deux jours au Qatar - Kapitalis<\/title>\n<meta name=\"robots\" content=\"index, follow, max-snippet:-1, max-image-preview:large, max-video-preview:-1\" \/>\n<link rel=\"canonical\" href=\"https:\/\/kapitalis.com\/tunisie\/2020\/11\/14\/kais-saied-a-doha-pour-une-visite-de-deux-jours-au-qatar\/\" \/>\n<meta property=\"og:locale\" content=\"fr_FR\" \/>\n<meta property=\"og:type\" content=\"article\" \/>\n<meta property=\"og:title\" content=\"Ka\u00efs Sa\u00efed \u00e0 Doha pour une visite de deux jours au Qatar - Kapitalis\" \/>\n<meta property=\"og:description\" content=\"Le pr\u00e9sident de la R\u00e9publique, Kais Saied a quitt\u00e9 Tunis aujourd\u2019hui, samedi 14 novembre 2020, en direction de Doha, pour une visite d\u2019Etat de deux jours \u00e0 l&rsquo;invitation de l&rsquo;Emir du Qatar, Tamim Ben Hamad Al-Thani. Les grandes attentes tunisiennes et les petites dispositions Qataries.\" \/>\n<meta property=\"og:url\" content=\"https:\/\/kapitalis.com\/tunisie\/2020\/11\/14\/kais-saied-a-doha-pour-une-visite-de-deux-jours-au-qatar\/\" \/>\n<meta property=\"og:site_name\" content=\"Kapitalis\" \/>\n<meta property=\"article:publisher\" content=\"https:\/\/www.facebook.com\/KapitalisInfo\/\" \/>\n<meta property=\"article:published_time\" content=\"2020-11-14T14:16:53+00:00\" \/>\n<meta property=\"article:modified_time\" content=\"2020-11-14T14:23:01+00:00\" \/>\n<meta property=\"og:image\" content=\"https:\/\/kapitalis.com\/tunisie\/wp-content\/uploads\/2022\/05\/kapitalis-logo-fb.png\" \/>\n\t<meta property=\"og:image:width\" content=\"1200\" \/>\n\t<meta property=\"og:image:height\" content=\"630\" \/>\n\t<meta property=\"og:image:type\" content=\"image\/png\" \/>\n<meta name=\"author\" content=\"webmaster kapitalis\" \/>\n<meta name=\"twitter:card\" content=\"summary_large_image\" \/>\n<meta name=\"twitter:creator\" content=\"@KapitalisInfo\" \/>\n<meta name=\"twitter:site\" content=\"@KapitalisInfo\" \/>\n<meta name=\"twitter:label1\" content=\"\u00c9crit par\" \/>\n\t<meta name=\"twitter:data1\" content=\"webmaster kapitalis\" \/>\n\t<meta name=\"twitter:label2\" content=\"Dur\u00e9e de lecture estim\u00e9e\" \/>\n\t<meta name=\"twitter:data2\" content=\"1 minute\" \/>\n<script type=\"application\/ld+json\" class=\"yoast-schema-graph\">{\"@context\":\"https:\/\/schema.org\",\"@graph\":[{\"@type\":\"Article\",\"@id\":\"https:\/\/kapitalis.com\/tunisie\/2020\/11\/14\/kais-saied-a-doha-pour-une-visite-de-deux-jours-au-qatar\/#article\",\"isPartOf\":{\"@id\":\"https:\/\/kapitalis.com\/tunisie\/2020\/11\/14\/kais-saied-a-doha-pour-une-visite-de-deux-jours-au-qatar\/\"},\"author\":{\"name\":\"webmaster kapitalis\",\"@id\":\"https:\/\/kapitalis.com\/tunisie\/#\/schema\/person\/d71f33a9ca44f7bad4698210b480c8e9\"},\"headline\":\"Ka\u00efs Sa\u00efed \u00e0 Doha pour une visite de deux jours au Qatar\",\"datePublished\":\"2020-11-14T14:16:53+00:00\",\"dateModified\":\"2020-11-14T14:23:01+00:00\",\"mainEntityOfPage\":{\"@id\":\"https:\/\/kapitalis.com\/tunisie\/2020\/11\/14\/kais-saied-a-doha-pour-une-visite-de-deux-jours-au-qatar\/\"},\"wordCount\":290,\"commentCount\":14,\"publisher\":{\"@id\":\"https:\/\/kapitalis.com\/tunisie\/#organization\"},\"image\":{\"@id\":\"https:\/\/kapitalis.com\/tunisie\/2020\/11\/14\/kais-saied-a-doha-pour-une-visite-de-deux-jours-au-qatar\/#primaryimage\"},\"thumbnailUrl\":\"\",\"keywords\":[\"ali hafsi\",\"Kais Saied\",\"Kamel Deguiche\",\"Mohamed Bou Said\",\"Othman Jerandi\",\"Qatar\",\"Tamim ben Hamad Al-Thani\"],\"articleSection\":[\"POLITIQUE\",\"Tunisie\"],\"inLanguage\":\"fr-FR\",\"potentialAction\":[{\"@type\":\"CommentAction\",\"name\":\"Comment\",\"target\":[\"https:\/\/kapitalis.com\/tunisie\/2020\/11\/14\/kais-saied-a-doha-pour-une-visite-de-deux-jours-au-qatar\/#respond\"]}]},{\"@type\":\"WebPage\",\"@id\":\"https:\/\/kapitalis.com\/tunisie\/2020\/11\/14\/kais-saied-a-doha-pour-une-visite-de-deux-jours-au-qatar\/\",\"url\":\"https:\/\/kapitalis.com\/tunisie\/2020\/11\/14\/kais-saied-a-doha-pour-une-visite-de-deux-jours-au-qatar\/\",\"name\":\"Ka\u00efs Sa\u00efed \u00e0 Doha pour une visite de deux jours au Qatar - Kapitalis\",\"isPartOf\":{\"@id\":\"https:\/\/kapitalis.com\/tunisie\/#website\"},\"primaryImageOfPage\":{\"@id\":\"https:\/\/kapitalis.com\/tunisie\/2020\/11\/14\/kais-saied-a-doha-pour-une-visite-de-deux-jours-au-qatar\/#primaryimage\"},\"image\":{\"@id\":\"https:\/\/kapitalis.com\/tunisie\/2020\/11\/14\/kais-saied-a-doha-pour-une-visite-de-deux-jours-au-qatar\/#primaryimage\"},\"thumbnailUrl\":\"\",\"datePublished\":\"2020-11-14T14:16:53+00:00\",\"dateModified\":\"2020-11-14T14:23:01+00:00\",\"breadcrumb\":{\"@id\":\"https:\/\/kapitalis.com\/tunisie\/2020\/11\/14\/kais-saied-a-doha-pour-une-visite-de-deux-jours-au-qatar\/#breadcrumb\"},\"inLanguage\":\"fr-FR\",\"potentialAction\":[{\"@type\":\"ReadAction\",\"target\":[\"https:\/\/kapitalis.com\/tunisie\/2020\/11\/14\/kais-saied-a-doha-pour-une-visite-de-deux-jours-au-qatar\/\"]}]},{\"@type\":\"ImageObject\",\"inLanguage\":\"fr-FR\",\"@id\":\"https:\/\/kapitalis.com\/tunisie\/2020\/11\/14\/kais-saied-a-doha-pour-une-visite-de-deux-jours-au-qatar\/#primaryimage\",\"url\":\"\",\"contentUrl\":\"\"},{\"@type\":\"BreadcrumbList\",\"@id\":\"https:\/\/kapitalis.com\/tunisie\/2020\/11\/14\/kais-saied-a-doha-pour-une-visite-de-deux-jours-au-qatar\/#breadcrumb\",\"itemListElement\":[{\"@type\":\"ListItem\",\"position\":1,\"name\":\"Accueil\",\"item\":\"https:\/\/kapitalis.com\/tunisie\/\"},{\"@type\":\"ListItem\",\"position\":2,\"name\":\"Ka\u00efs Sa\u00efed \u00e0 Doha pour une visite de deux jours au Qatar\"}]},{\"@type\":\"WebSite\",\"@id\":\"https:\/\/kapitalis.com\/tunisie\/#website\",\"url\":\"https:\/\/kapitalis.com\/tunisie\/\",\"name\":\"Kapitalis\",\"description\":\"L&#039;actualit\u00e9 en Tunisie et dans le monde\",\"publisher\":{\"@id\":\"https:\/\/kapitalis.com\/tunisie\/#organization\"},\"potentialAction\":[{\"@type\":\"SearchAction\",\"target\":{\"@type\":\"EntryPoint\",\"urlTemplate\":\"https:\/\/kapitalis.com\/tunisie\/?s={search_term_string}\"},\"query-input\":{\"@type\":\"PropertyValueSpecification\",\"valueRequired\":true,\"valueName\":\"search_term_string\"}}],\"inLanguage\":\"fr-FR\"},{\"@type\":\"Organization\",\"@id\":\"https:\/\/kapitalis.com\/tunisie\/#organization\",\"name\":\"Kapitalis\",\"url\":\"https:\/\/kapitalis.com\/tunisie\/\",\"logo\":{\"@type\":\"ImageObject\",\"inLanguage\":\"fr-FR\",\"@id\":\"https:\/\/kapitalis.com\/tunisie\/#\/schema\/logo\/image\/\",\"url\":\"https:\/\/kapitalis.com\/tunisie\/wp-content\/uploads\/2022\/05\/Kapitalis-big-size.png\",\"contentUrl\":\"https:\/\/kapitalis.com\/tunisie\/wp-content\/uploads\/2022\/05\/Kapitalis-big-size.png\",\"width\":5000,\"height\":1500,\"caption\":\"Kapitalis\"},\"image\":{\"@id\":\"https:\/\/kapitalis.com\/tunisie\/#\/schema\/logo\/image\/\"},\"sameAs\":[\"https:\/\/www.facebook.com\/KapitalisInfo\/\",\"https:\/\/x.com\/KapitalisInfo\",\"https:\/\/www.youtube.com\/channel\/UC-yDYrHyfFBWWZaOw3FPg9Q\"]},{\"@type\":\"Person\",\"@id\":\"https:\/\/kapitalis.com\/tunisie\/#\/schema\/person\/d71f33a9ca44f7bad4698210b480c8e9\",\"name\":\"webmaster kapitalis\",\"url\":\"https:\/\/kapitalis.com\/tunisie\/author\/webmaster-kapitalis\/\"}]}<\/script>\n<!-- \/ Yoast SEO plugin. -->","yoast_head_json":{"title":"Ka\u00efs Sa\u00efed \u00e0 Doha pour une visite de deux jours au Qatar - Kapitalis","robots":{"index":"index","follow":"follow","max-snippet":"max-snippet:-1","max-image-preview":"max-image-preview:large","max-video-preview":"max-video-preview:-1"},"canonical":"https:\/\/kapitalis.com\/tunisie\/2020\/11\/14\/kais-saied-a-doha-pour-une-visite-de-deux-jours-au-qatar\/","og_locale":"fr_FR","og_type":"article","og_title":"Ka\u00efs Sa\u00efed \u00e0 Doha pour une visite de deux jours au Qatar - Kapitalis","og_description":"Le pr\u00e9sident de la R\u00e9publique, Kais Saied a quitt\u00e9 Tunis aujourd\u2019hui, samedi 14 novembre 2020, en direction de Doha, pour une visite d\u2019Etat de deux jours \u00e0 l&rsquo;invitation de l&rsquo;Emir du Qatar, Tamim Ben Hamad Al-Thani. Les grandes attentes tunisiennes et les petites dispositions Qataries.","og_url":"https:\/\/kapitalis.com\/tunisie\/2020\/11\/14\/kais-saied-a-doha-pour-une-visite-de-deux-jours-au-qatar\/","og_site_name":"Kapitalis","article_publisher":"https:\/\/www.facebook.com\/KapitalisInfo\/","article_published_time":"2020-11-14T14:16:53+00:00","article_modified_time":"2020-11-14T14:23:01+00:00","og_image":[{"width":1200,"height":630,"url":"https:\/\/kapitalis.com\/tunisie\/wp-content\/uploads\/2022\/05\/kapitalis-logo-fb.png","type":"image\/png"}],"author":"webmaster kapitalis","twitter_card":"summary_large_image","twitter_creator":"@KapitalisInfo","twitter_site":"@KapitalisInfo","twitter_misc":{"\u00c9crit par":"webmaster kapitalis","Dur\u00e9e de lecture estim\u00e9e":"1 minute"},"schema":{"@context":"https:\/\/schema.org","@graph":[{"@type":"Article","@id":"https:\/\/kapitalis.com\/tunisie\/2020\/11\/14\/kais-saied-a-doha-pour-une-visite-de-deux-jours-au-qatar\/#article","isPartOf":{"@id":"https:\/\/kapitalis.com\/tunisie\/2020\/11\/14\/kais-saied-a-doha-pour-une-visite-de-deux-jours-au-qatar\/"},"author":{"name":"webmaster kapitalis","@id":"https:\/\/kapitalis.com\/tunisie\/#\/schema\/person\/d71f33a9ca44f7bad4698210b480c8e9"},"headline":"Ka\u00efs Sa\u00efed \u00e0 Doha pour une visite de deux jours au Qatar","datePublished":"2020-11-14T14:16:53+00:00","dateModified":"2020-11-14T14:23:01+00:00","mainEntityOfPage":{"@id":"https:\/\/kapitalis.com\/tunisie\/2020\/11\/14\/kais-saied-a-doha-pour-une-visite-de-deux-jours-au-qatar\/"},"wordCount":290,"commentCount":14,"publisher":{"@id":"https:\/\/kapitalis.com\/tunisie\/#organization"},"image":{"@id":"https:\/\/kapitalis.com\/tunisie\/2020\/11\/14\/kais-saied-a-doha-pour-une-visite-de-deux-jours-au-qatar\/#primaryimage"},"thumbnailUrl":"","keywords":["ali hafsi","Kais Saied","Kamel Deguiche","Mohamed Bou Said","Othman Jerandi","Qatar","Tamim ben Hamad Al-Thani"],"articleSection":["POLITIQUE","Tunisie"],"inLanguage":"fr-FR","potentialAction":[{"@type":"CommentAction","name":"Comment","target":["https:\/\/kapitalis.com\/tunisie\/2020\/11\/14\/kais-saied-a-doha-pour-une-visite-de-deux-jours-au-qatar\/#respond"]}]},{"@type":"WebPage","@id":"https:\/\/kapitalis.com\/tunisie\/2020\/11\/14\/kais-saied-a-doha-pour-une-visite-de-deux-jours-au-qatar\/","url":"https:\/\/kapitalis.com\/tunisie\/2020\/11\/14\/kais-saied-a-doha-pour-une-visite-de-deux-jours-au-qatar\/","name":"Ka\u00efs Sa\u00efed \u00e0 Doha pour une visite de deux jours au Qatar - Kapitalis","isPartOf":{"@id":"https:\/\/kapitalis.com\/tunisie\/#website"},"primaryImageOfPage":{"@id":"https:\/\/kapitalis.com\/tunisie\/2020\/11\/14\/kais-saied-a-doha-pour-une-visite-de-deux-jours-au-qatar\/#primaryimage"},"image":{"@id":"https:\/\/kapitalis.com\/tunisie\/2020\/11\/14\/kais-saied-a-doha-pour-une-visite-de-deux-jours-au-qatar\/#primaryimage"},"thumbnailUrl":"","datePublished":"2020-11-14T14:16:53+00:00","dateModified":"2020-11-14T14:23:01+00:00","breadcrumb":{"@id":"https:\/\/kapitalis.com\/tunisie\/2020\/11\/14\/kais-saied-a-doha-pour-une-visite-de-deux-jours-au-qatar\/#breadcrumb"},"inLanguage":"fr-FR","potentialAction":[{"@type":"ReadAction","target":["https:\/\/kapitalis.com\/tunisie\/2020\/11\/14\/kais-saied-a-doha-pour-une-visite-de-deux-jours-au-qatar\/"]}]},{"@type":"ImageObject","inLanguage":"fr-FR","@id":"https:\/\/kapitalis.com\/tunisie\/2020\/11\/14\/kais-saied-a-doha-pour-une-visite-de-deux-jours-au-qatar\/#primaryimage","url":"","contentUrl":""},{"@type":"BreadcrumbList","@id":"https:\/\/kapitalis.com\/tunisie\/2020\/11\/14\/kais-saied-a-doha-pour-une-visite-de-deux-jours-au-qatar\/#breadcrumb","itemListElement":[{"@type":"ListItem","position":1,"name":"Accueil","item":"https:\/\/kapitalis.com\/tunisie\/"},{"@type":"ListItem","position":2,"name":"Ka\u00efs Sa\u00efed \u00e0 Doha pour une visite de deux jours au Qatar"}]},{"@type":"WebSite","@id":"https:\/\/kapitalis.com\/tunisie\/#website","url":"https:\/\/kapitalis.com\/tunisie\/","name":"Kapitalis","description":"L&#039;actualit\u00e9 en Tunisie et dans le monde","publisher":{"@id":"https:\/\/kapitalis.com\/tunisie\/#organization"},"potentialAction":[{"@type":"SearchAction","target":{"@type":"EntryPoint","urlTemplate":"https:\/\/kapitalis.com\/tunisie\/?s={search_term_string}"},"query-input":{"@type":"PropertyValueSpecification","valueRequired":true,"valueName":"search_term_string"}}],"inLanguage":"fr-FR"},{"@type":"Organization","@id":"https:\/\/kapitalis.com\/tunisie\/#organization","name":"Kapitalis","url":"https:\/\/kapitalis.com\/tunisie\/","logo":{"@type":"ImageObject","inLanguage":"fr-FR","@id":"https:\/\/kapitalis.com\/tunisie\/#\/schema\/logo\/image\/","url":"https:\/\/kapitalis.com\/tunisie\/wp-content\/uploads\/2022\/05\/Kapitalis-big-size.png","contentUrl":"https:\/\/kapitalis.com\/tunisie\/wp-content\/uploads\/2022\/05\/Kapitalis-big-size.png","width":5000,"height":1500,"caption":"Kapitalis"},"image":{"@id":"https:\/\/kapitalis.com\/tunisie\/#\/schema\/logo\/image\/"},"sameAs":["https:\/\/www.facebook.com\/KapitalisInfo\/","https:\/\/x.com\/KapitalisInfo","https:\/\/www.youtube.com\/channel\/UC-yDYrHyfFBWWZaOw3FPg9Q"]},{"@type":"Person","@id":"https:\/\/kapitalis.com\/tunisie\/#\/schema\/person\/d71f33a9ca44f7bad4698210b480c8e9","name":"webmaster kapitalis","url":"https:\/\/kapitalis.com\/tunisie\/author\/webmaster-kapitalis\/"}]}},"_links":{"self":[{"href":"https:\/\/kapitalis.com\/tunisie\/wp-json\/wp\/v2\/posts\/324548","targetHints":{"allow":["GET"]}}],"collection":[{"href":"https:\/\/kapitalis.com\/tunisie\/wp-json\/wp\/v2\/posts"}],"about":[{"href":"https:\/\/kapitalis.com\/tunisie\/wp-json\/wp\/v2\/types\/post"}],"author":[{"embeddable":true,"href":"https:\/\/kapitalis.com\/tunisie\/wp-json\/wp\/v2\/users\/8"}],"replies":[{"embeddable":true,"href":"https:\/\/kapitalis.com\/tunisie\/wp-json\/wp\/v2\/comments?post=324548"}],"version-history":[{"count":0,"href":"https:\/\/kapitalis.com\/tunisie\/wp-json\/wp\/v2\/posts\/324548\/revisions"}],"wp:featuredmedia":[{"embeddable":true,"href":"https:\/\/kapitalis.com\/tunisie\/wp-json\/wp\/v2\/media\/324549"}],"wp:attachment":[{"href":"https:\/\/kapitalis.com\/tunisie\/wp-json\/wp\/v2\/media?parent=324548"}],"wp:term":[{"taxonomy":"category","embeddable":true,"href":"https:\/\/kapitalis.com\/tunisie\/wp-json\/wp\/v2\/categories?post=324548"},{"taxonomy":"post_tag","embeddable":true,"href":"https:\/\/kapitalis.com\/tunisie\/wp-json\/wp\/v2\/tags?post=324548"}],"curies":[{"name":"wp","href":"https:\/\/api.w.org\/{rel}","templated":true}]}}